{"id":209928,"date":"2025-01-09T02:05:00","date_gmt":"2025-01-09T05:05:00","guid":{"rendered":"https:\/\/www.gaveanews.com\/?p=209928"},"modified":"2025-01-09T00:15:50","modified_gmt":"2025-01-09T03:15:50","slug":"ex-jogador-do-corinthians-e-anunciado-por-novo-clube","status":"publish","type":"post","link":"https:\/\/www.gaveanews.com\/index.php\/2025\/01\/09\/ex-jogador-do-corinthians-e-anunciado-por-novo-clube\/","title":{"rendered":"Ex-jogador do Corinthians \u00e9 anunciado por novo clube"},"content":{"rendered":"\n<p>O ex-defensor do Corinthians, Caetano, tra\u00e7ou sua trajet\u00f3ria ap\u00f3s deixar a equipe de S\u00e3o Paulo. Na ter\u00e7a-feira (07), o Vissel Kobe, do Jap\u00e3o, confirmou a contrata\u00e7\u00e3o do atleta como seu mais recente refor\u00e7o. A transa\u00e7\u00e3o n\u00e3o teve custos, j\u00e1 que o jogador encerrou seu v\u00ednculo com o Tim\u00e3o no final de 2024, estando, portanto, livre para procurar emprego.<\/p>\n\n\n\n<ul class=\"wp-block-list\">\n<li><a href=\"https:\/\/www.gaveanews.com\/index.php\/2025\/01\/08\/corinthians-desiste-de-contratar-reforco-por-motivo-incomum\/\">Corinthians desiste de contratar refor\u00e7o por motivo incomum<\/a><\/li>\n\n\n\n<li><a href=\"https:\/\/www.gaveanews.com\/index.php\/2025\/01\/08\/primeiro-reforco-corinthians-estuda-contratacao-de-meia-argentino\/\">Primeiro refor\u00e7o? Corinthians estuda contrata\u00e7\u00e3o de meia argentino<\/a><\/li>\n<\/ul>\n\n\n\n<p>Nesta janela de transfer\u00eancias, o Santos manifestou interesse no defensor, que optou por jogar no futebol japon\u00eas. Na sua primeira manifesta\u00e7\u00e3o como atleta do Vissel Kobe, Caetano expressou felicidade pela mudan\u00e7a e expressou gratid\u00e3o pelo apoio recebido do clube.<\/p>\n\n\n\n<p>\u201cEstou muito feliz por poder vestir o uniforme do Vissel Kobe. E estou grato por voc\u00ea ter confiado em mim. Faremos o nosso melhor em campo, por isso pedimos o apoio de nossos torcedores\u201d, afirmou, em comunicado divulgado pelo Vissel Kobe.<\/p>\n\n\n\n<figure class=\"wp-block-embed is-type-rich is-provider-twitter wp-block-embed-twitter\"><div class=\"wp-block-embed__wrapper\">\n<blockquote class=\"twitter-tweet\" data-width=\"550\" data-dnt=\"true\"><p lang=\"ja\" dir=\"ltr\">\u3010\u5b8c\u5168\u79fb\u7c4d\u52a0\u5165\u306e\u304a\u77e5\u3089\u305b\u3011<br>DF\u30ab\u30a8\u30bf\u30fc\u30ce\u9078\u624b\u304cSC\u30b3\u30ea\u30f3\u30c1\u30e3\u30f3\u30b9\u30fb\u30d1\u30a6\u30ea\u30b9\u30bf\u3088\u308a\u5b8c\u5168\u79fb\u7c4d\u3067\u52a0\u5165\u3059\u308b\u3053\u3068\u304c\u6c7a\u307e\u308a\u307e\u3057\u305f\u3002<br><br>\ud83d\udde3\u30ab\u30a8\u30bf\u30fc\u30ce\u9078\u624b\u30b3\u30e1\u30f3\u30c8\uff1a<br>\u300c\u30d4\u30c3\u30c1\u3067\u6700\u5584\u3092\u5c3d\u304f\u3057\u307e\u3059\u306e\u3067\u3001\u30d5\u30a1\u30f3\u3001\u30b5\u30dd\u30fc\u30bf\u30fc\u306e\u7686\u3055\u3093\u3001\u3088\u308d\u3057\u304f\u304a\u9858\u3044\u3057\u307e\u3059\u3002\u300d<br><br>\u8a73\u7d30\u306f\u3053\u3061\u3089\u25bc<a href=\"https:\/\/t.co\/G5eUicUhjq\">https:\/\/t.co\/G5eUicUhjq<\/a>\u2026 <a href=\"https:\/\/t.co\/a40s0CCQ8c\">pic.twitter.com\/a40s0CCQ8c<\/a><\/p>&mdash; \u30f4\u30a3\u30c3\u30bb\u30eb\u795e\u6238 (@visselkobe) <a href=\"https:\/\/twitter.com\/visselkobe\/status\/1876509329131733372?ref_src=twsrc%5Etfw\">January 7, 2025<\/a><\/blockquote><script async src=\"https:\/\/platform.twitter.com\/widgets.js\" charset=\"utf-8\"><\/script>\n<\/div><\/figure>\n\n\n\n<p>Caetano come\u00e7ou o ano de 2024 como o jogador mais importante do time do Parque S\u00e3o Jorge, juntamente com F\u00e9lix Torres. No entanto, foi substitu\u00eddo pela entrada de novos jogadores para a posi\u00e7\u00e3o, como Gustavo Henrique, Cac\u00e1 e Andr\u00e9 Ramalho.<\/p>\n\n\n\n<p>A equipe t\u00e9cnica de Ram\u00f3n D\u00edaz optou por n\u00e3o utilizar o defensor devido \u00e0 sua condi\u00e7\u00e3o contratual. No \u00faltimo ano, ele disputou apenas 15 jogos pelo Corinthians.<\/p>\n\n\n\n<p>Na \u00faltima segunda-feira, o atleta anunciou sua despedida do Corinthians em suas redes sociais e agradeceu a todos do clube. Assim, ele se junta a Fagner, Ruan Oliveira, Matheus Ara\u00fajo e Pedro Henrique na lista de baixas confirmadas da equipe do clube paulista que est\u00e3o saindo nessa janela do come\u00e7o do ano.<\/p>\n\n\n\n<p>Caetano ingressou no Corinthians no ano de 2019, para fazer parte do time sub-20. Ele fez empr\u00e9stimos para Goi\u00e1s, CRB, S\u00e3o Caetano e Oeste antes de se juntar ao time do Botafogo. No total, o clube disputou 38 partidas.<\/p>\n","protected":false},"excerpt":{"rendered":"<p>O ex-defensor do Corinthians, Caetano, tra\u00e7ou sua trajet\u00f3ria ap\u00f3s deixar a equipe de S\u00e3o Paulo. Na ter\u00e7a-feira (07), o Vissel Kobe, do Jap\u00e3o, confirmou a contrata\u00e7\u00e3o do atleta como seu mais recente refor\u00e7o. A transa\u00e7\u00e3o n\u00e3o teve custos, j\u00e1 que o jogador encerrou seu v\u00ednculo com o Tim\u00e3o no final de 2024, estando, portanto, livre [&hellip;]<\/p>\n","protected":false},"author":16,"featured_media":154473,"comment_status":"open","ping_status":"closed","sticky":false,"template":"","format":"standard","meta":{"footnotes":""},"categories":[141],"tags":[],"class_list":["post-209928","post","type-post","status-publish","format-standard","has-post-thumbnail","hentry","category-corinthians"],"yoast_head":"<!-- This site is optimized with the Yoast SEO Premium plugin v24.2 (Yoast SEO v26.9) - https:\/\/yoast.com\/product\/yoast-seo-premium-wordpress\/ -->\n<title>Ex-jogador do Corinthians \u00e9 anunciado por novo clube<\/title>\n<meta name=\"robots\" content=\"index, follow, max-snippet:-1, max-image-preview:large, max-video-preview:-1\" \/>\n<link rel=\"canonical\" href=\"https:\/\/www.gaveanews.com\/index.php\/2025\/01\/09\/ex-jogador-do-corinthians-e-anunciado-por-novo-clube\/\" \/>\n<meta property=\"og:locale\" content=\"pt_BR\" \/>\n<meta property=\"og:type\" content=\"article\" \/>\n<meta property=\"og:title\" content=\"Ex-jogador do Corinthians \u00e9 anunciado por novo clube\" \/>\n<meta property=\"og:description\" content=\"O ex-defensor do Corinthians, Caetano, tra\u00e7ou sua trajet\u00f3ria ap\u00f3s deixar a equipe de S\u00e3o Paulo. Na ter\u00e7a-feira (07), o Vissel Kobe, do Jap\u00e3o, confirmou a contrata\u00e7\u00e3o do atleta como seu mais recente refor\u00e7o. A transa\u00e7\u00e3o n\u00e3o teve custos, j\u00e1 que o jogador encerrou seu v\u00ednculo com o Tim\u00e3o no final de 2024, estando, portanto, livre [&hellip;]\" \/>\n<meta property=\"og:url\" content=\"https:\/\/www.gaveanews.com\/index.php\/2025\/01\/09\/ex-jogador-do-corinthians-e-anunciado-por-novo-clube\/\" \/>\n<meta property=\"og:site_name\" content=\"G\u00e1vea News\" \/>\n<meta property=\"article:publisher\" content=\"https:\/\/facebook.com\/gaveaNews\/\" \/>\n<meta property=\"article:published_time\" content=\"2025-01-09T05:05:00+00:00\" \/>\n<meta property=\"og:image\" content=\"https:\/\/www.gaveanews.com\/wp-content\/uploads\/Escudo-do-Corinthians-na-Neo-Quimica-Arena.webp\" \/>\n\t<meta property=\"og:image:width\" content=\"1440\" \/>\n\t<meta property=\"og:image:height\" content=\"959\" \/>\n\t<meta property=\"og:image:type\" content=\"image\/jpeg\" \/>\n<meta name=\"author\" content=\"D\u00e9bora Figueiredo\" \/>\n<meta name=\"twitter:card\" content=\"summary_large_image\" \/>\n<meta name=\"twitter:label1\" content=\"Escrito por\" \/>\n\t<meta name=\"twitter:data1\" content=\"D\u00e9bora Figueiredo\" \/>\n\t<meta name=\"twitter:label2\" content=\"Est. tempo de leitura\" \/>\n\t<meta name=\"twitter:data2\" content=\"2 minutos\" \/>\n<script type=\"application\/ld+json\" class=\"yoast-schema-graph\">{\"@context\":\"https:\/\/schema.org\",\"@graph\":[{\"@type\":\"NewsArticle\",\"@id\":\"https:\/\/www.gaveanews.com\/index.php\/2025\/01\/09\/ex-jogador-do-corinthians-e-anunciado-por-novo-clube\/#article\",\"isPartOf\":{\"@id\":\"https:\/\/www.gaveanews.com\/index.php\/2025\/01\/09\/ex-jogador-do-corinthians-e-anunciado-por-novo-clube\/\"},\"author\":{\"name\":\"D\u00e9bora Figueiredo\",\"@id\":\"https:\/\/www.gaveanews.com\/#\/schema\/person\/37122681a8575a5c8db05a56f099a5e4\"},\"headline\":\"Ex-jogador do Corinthians \u00e9 anunciado por novo clube\",\"datePublished\":\"2025-01-09T05:05:00+00:00\",\"mainEntityOfPage\":{\"@id\":\"https:\/\/www.gaveanews.com\/index.php\/2025\/01\/09\/ex-jogador-do-corinthians-e-anunciado-por-novo-clube\/\"},\"wordCount\":387,\"commentCount\":0,\"image\":{\"@id\":\"https:\/\/www.gaveanews.com\/index.php\/2025\/01\/09\/ex-jogador-do-corinthians-e-anunciado-por-novo-clube\/#primaryimage\"},\"thumbnailUrl\":\"https:\/\/www.gaveanews.com\/wp-content\/uploads\/Escudo-do-Corinthians-na-Neo-Quimica-Arena.webp\",\"articleSection\":[\"Corinthians\"],\"inLanguage\":\"pt-BR\",\"potentialAction\":[{\"@type\":\"CommentAction\",\"name\":\"Comment\",\"target\":[\"https:\/\/www.gaveanews.com\/index.php\/2025\/01\/09\/ex-jogador-do-corinthians-e-anunciado-por-novo-clube\/#respond\"]}],\"copyrightYear\":\"2025\",\"copyrightHolder\":{\"@id\":\"https:\/\/www.gaveanews.com\/#organization\"}},{\"@type\":\"WebPage\",\"@id\":\"https:\/\/www.gaveanews.com\/index.php\/2025\/01\/09\/ex-jogador-do-corinthians-e-anunciado-por-novo-clube\/\",\"url\":\"https:\/\/www.gaveanews.com\/index.php\/2025\/01\/09\/ex-jogador-do-corinthians-e-anunciado-por-novo-clube\/\",\"name\":\"Ex-jogador do Corinthians \u00e9 anunciado por novo clube\",\"isPartOf\":{\"@id\":\"https:\/\/www.gaveanews.com\/#website\"},\"primaryImageOfPage\":{\"@id\":\"https:\/\/www.gaveanews.com\/index.php\/2025\/01\/09\/ex-jogador-do-corinthians-e-anunciado-por-novo-clube\/#primaryimage\"},\"image\":{\"@id\":\"https:\/\/www.gaveanews.com\/index.php\/2025\/01\/09\/ex-jogador-do-corinthians-e-anunciado-por-novo-clube\/#primaryimage\"},\"thumbnailUrl\":\"https:\/\/www.gaveanews.com\/wp-content\/uploads\/Escudo-do-Corinthians-na-Neo-Quimica-Arena.webp\",\"datePublished\":\"2025-01-09T05:05:00+00:00\",\"author\":{\"@id\":\"https:\/\/www.gaveanews.com\/#\/schema\/person\/37122681a8575a5c8db05a56f099a5e4\"},\"breadcrumb\":{\"@id\":\"https:\/\/www.gaveanews.com\/index.php\/2025\/01\/09\/ex-jogador-do-corinthians-e-anunciado-por-novo-clube\/#breadcrumb\"},\"inLanguage\":\"pt-BR\",\"potentialAction\":[{\"@type\":\"ReadAction\",\"target\":[\"https:\/\/www.gaveanews.com\/index.php\/2025\/01\/09\/ex-jogador-do-corinthians-e-anunciado-por-novo-clube\/\"]}]},{\"@type\":\"ImageObject\",\"inLanguage\":\"pt-BR\",\"@id\":\"https:\/\/www.gaveanews.com\/index.php\/2025\/01\/09\/ex-jogador-do-corinthians-e-anunciado-por-novo-clube\/#primaryimage\",\"url\":\"https:\/\/www.gaveanews.com\/wp-content\/uploads\/Escudo-do-Corinthians-na-Neo-Quimica-Arena.webp\",\"contentUrl\":\"https:\/\/www.gaveanews.com\/wp-content\/uploads\/Escudo-do-Corinthians-na-Neo-Quimica-Arena.webp\",\"width\":1440,\"height\":959,\"caption\":\"Escudo do Corinthians na N\u00e9o Qu\u00edmica Arena (Foto Reprodu\u00e7\u00e3o\/Instagram)\"},{\"@type\":\"BreadcrumbList\",\"@id\":\"https:\/\/www.gaveanews.com\/index.php\/2025\/01\/09\/ex-jogador-do-corinthians-e-anunciado-por-novo-clube\/#breadcrumb\",\"itemListElement\":[{\"@type\":\"ListItem\",\"position\":1,\"name\":\"Home\",\"item\":\"https:\/\/www.gaveanews.com\/\"},{\"@type\":\"ListItem\",\"position\":2,\"name\":\"Ex-jogador do Corinthians \u00e9 anunciado por novo clube\"}]},{\"@type\":\"WebSite\",\"@id\":\"https:\/\/www.gaveanews.com\/#website\",\"url\":\"https:\/\/www.gaveanews.com\/\",\"name\":\"G\u00e1vea News\",\"description\":\"Veja todas as not\u00edcias sobre o Flamengo: Contrata\u00e7\u00f5es, categorias de base, resultados das partidas, tabela de classifica\u00e7\u00e3o, pr\u00f3ximos jogos!\",\"potentialAction\":[{\"@type\":\"SearchAction\",\"target\":{\"@type\":\"EntryPoint\",\"urlTemplate\":\"https:\/\/www.gaveanews.com\/?s={search_term_string}\"},\"query-input\":{\"@type\":\"PropertyValueSpecification\",\"valueRequired\":true,\"valueName\":\"search_term_string\"}}],\"inLanguage\":\"pt-BR\"},{\"@type\":\"Person\",\"@id\":\"https:\/\/www.gaveanews.com\/#\/schema\/person\/37122681a8575a5c8db05a56f099a5e4\",\"name\":\"D\u00e9bora Figueiredo\",\"image\":{\"@type\":\"ImageObject\",\"inLanguage\":\"pt-BR\",\"@id\":\"https:\/\/www.gaveanews.com\/#\/schema\/person\/image\/\",\"url\":\"https:\/\/secure.gravatar.com\/avatar\/1f44802859351588499d26f52aed1d15796ce17e67602895b72837c08018868d?s=96&d=mm&r=g\",\"contentUrl\":\"https:\/\/secure.gravatar.com\/avatar\/1f44802859351588499d26f52aed1d15796ce17e67602895b72837c08018868d?s=96&d=mm&r=g\",\"caption\":\"D\u00e9bora Figueiredo\"}}]}<\/script>\n<!-- \/ Yoast SEO Premium plugin. -->","yoast_head_json":{"title":"Ex-jogador do Corinthians \u00e9 anunciado por novo clube","robots":{"index":"index","follow":"follow","max-snippet":"max-snippet:-1","max-image-preview":"max-image-preview:large","max-video-preview":"max-video-preview:-1"},"canonical":"https:\/\/www.gaveanews.com\/index.php\/2025\/01\/09\/ex-jogador-do-corinthians-e-anunciado-por-novo-clube\/","og_locale":"pt_BR","og_type":"article","og_title":"Ex-jogador do Corinthians \u00e9 anunciado por novo clube","og_description":"O ex-defensor do Corinthians, Caetano, tra\u00e7ou sua trajet\u00f3ria ap\u00f3s deixar a equipe de S\u00e3o Paulo. Na ter\u00e7a-feira (07), o Vissel Kobe, do Jap\u00e3o, confirmou a contrata\u00e7\u00e3o do atleta como seu mais recente refor\u00e7o. A transa\u00e7\u00e3o n\u00e3o teve custos, j\u00e1 que o jogador encerrou seu v\u00ednculo com o Tim\u00e3o no final de 2024, estando, portanto, livre [&hellip;]","og_url":"https:\/\/www.gaveanews.com\/index.php\/2025\/01\/09\/ex-jogador-do-corinthians-e-anunciado-por-novo-clube\/","og_site_name":"G\u00e1vea News","article_publisher":"https:\/\/facebook.com\/gaveaNews\/","article_published_time":"2025-01-09T05:05:00+00:00","og_image":[{"width":1440,"height":959,"url":"https:\/\/www.gaveanews.com\/wp-content\/uploads\/Escudo-do-Corinthians-na-Neo-Quimica-Arena.webp","type":"image\/jpeg"}],"author":"D\u00e9bora Figueiredo","twitter_card":"summary_large_image","twitter_misc":{"Escrito por":"D\u00e9bora Figueiredo","Est. tempo de leitura":"2 minutos"},"schema":{"@context":"https:\/\/schema.org","@graph":[{"@type":"NewsArticle","@id":"https:\/\/www.gaveanews.com\/index.php\/2025\/01\/09\/ex-jogador-do-corinthians-e-anunciado-por-novo-clube\/#article","isPartOf":{"@id":"https:\/\/www.gaveanews.com\/index.php\/2025\/01\/09\/ex-jogador-do-corinthians-e-anunciado-por-novo-clube\/"},"author":{"name":"D\u00e9bora Figueiredo","@id":"https:\/\/www.gaveanews.com\/#\/schema\/person\/37122681a8575a5c8db05a56f099a5e4"},"headline":"Ex-jogador do Corinthians \u00e9 anunciado por novo clube","datePublished":"2025-01-09T05:05:00+00:00","mainEntityOfPage":{"@id":"https:\/\/www.gaveanews.com\/index.php\/2025\/01\/09\/ex-jogador-do-corinthians-e-anunciado-por-novo-clube\/"},"wordCount":387,"commentCount":0,"image":{"@id":"https:\/\/www.gaveanews.com\/index.php\/2025\/01\/09\/ex-jogador-do-corinthians-e-anunciado-por-novo-clube\/#primaryimage"},"thumbnailUrl":"https:\/\/www.gaveanews.com\/wp-content\/uploads\/Escudo-do-Corinthians-na-Neo-Quimica-Arena.webp","articleSection":["Corinthians"],"inLanguage":"pt-BR","potentialAction":[{"@type":"CommentAction","name":"Comment","target":["https:\/\/www.gaveanews.com\/index.php\/2025\/01\/09\/ex-jogador-do-corinthians-e-anunciado-por-novo-clube\/#respond"]}],"copyrightYear":"2025","copyrightHolder":{"@id":"https:\/\/www.gaveanews.com\/#organization"}},{"@type":"WebPage","@id":"https:\/\/www.gaveanews.com\/index.php\/2025\/01\/09\/ex-jogador-do-corinthians-e-anunciado-por-novo-clube\/","url":"https:\/\/www.gaveanews.com\/index.php\/2025\/01\/09\/ex-jogador-do-corinthians-e-anunciado-por-novo-clube\/","name":"Ex-jogador do Corinthians \u00e9 anunciado por novo clube","isPartOf":{"@id":"https:\/\/www.gaveanews.com\/#website"},"primaryImageOfPage":{"@id":"https:\/\/www.gaveanews.com\/index.php\/2025\/01\/09\/ex-jogador-do-corinthians-e-anunciado-por-novo-clube\/#primaryimage"},"image":{"@id":"https:\/\/www.gaveanews.com\/index.php\/2025\/01\/09\/ex-jogador-do-corinthians-e-anunciado-por-novo-clube\/#primaryimage"},"thumbnailUrl":"https:\/\/www.gaveanews.com\/wp-content\/uploads\/Escudo-do-Corinthians-na-Neo-Quimica-Arena.webp","datePublished":"2025-01-09T05:05:00+00:00","author":{"@id":"https:\/\/www.gaveanews.com\/#\/schema\/person\/37122681a8575a5c8db05a56f099a5e4"},"breadcrumb":{"@id":"https:\/\/www.gaveanews.com\/index.php\/2025\/01\/09\/ex-jogador-do-corinthians-e-anunciado-por-novo-clube\/#breadcrumb"},"inLanguage":"pt-BR","potentialAction":[{"@type":"ReadAction","target":["https:\/\/www.gaveanews.com\/index.php\/2025\/01\/09\/ex-jogador-do-corinthians-e-anunciado-por-novo-clube\/"]}]},{"@type":"ImageObject","inLanguage":"pt-BR","@id":"https:\/\/www.gaveanews.com\/index.php\/2025\/01\/09\/ex-jogador-do-corinthians-e-anunciado-por-novo-clube\/#primaryimage","url":"https:\/\/www.gaveanews.com\/wp-content\/uploads\/Escudo-do-Corinthians-na-Neo-Quimica-Arena.webp","contentUrl":"https:\/\/www.gaveanews.com\/wp-content\/uploads\/Escudo-do-Corinthians-na-Neo-Quimica-Arena.webp","width":1440,"height":959,"caption":"Escudo do Corinthians na N\u00e9o Qu\u00edmica Arena (Foto Reprodu\u00e7\u00e3o\/Instagram)"},{"@type":"BreadcrumbList","@id":"https:\/\/www.gaveanews.com\/index.php\/2025\/01\/09\/ex-jogador-do-corinthians-e-anunciado-por-novo-clube\/#breadcrumb","itemListElement":[{"@type":"ListItem","position":1,"name":"Home","item":"https:\/\/www.gaveanews.com\/"},{"@type":"ListItem","position":2,"name":"Ex-jogador do Corinthians \u00e9 anunciado por novo clube"}]},{"@type":"WebSite","@id":"https:\/\/www.gaveanews.com\/#website","url":"https:\/\/www.gaveanews.com\/","name":"G\u00e1vea News","description":"Veja todas as not\u00edcias sobre o Flamengo: Contrata\u00e7\u00f5es, categorias de base, resultados das partidas, tabela de classifica\u00e7\u00e3o, pr\u00f3ximos jogos!","potentialAction":[{"@type":"SearchAction","target":{"@type":"EntryPoint","urlTemplate":"https:\/\/www.gaveanews.com\/?s={search_term_string}"},"query-input":{"@type":"PropertyValueSpecification","valueRequired":true,"valueName":"search_term_string"}}],"inLanguage":"pt-BR"},{"@type":"Person","@id":"https:\/\/www.gaveanews.com\/#\/schema\/person\/37122681a8575a5c8db05a56f099a5e4","name":"D\u00e9bora Figueiredo","image":{"@type":"ImageObject","inLanguage":"pt-BR","@id":"https:\/\/www.gaveanews.com\/#\/schema\/person\/image\/","url":"https:\/\/secure.gravatar.com\/avatar\/1f44802859351588499d26f52aed1d15796ce17e67602895b72837c08018868d?s=96&d=mm&r=g","contentUrl":"https:\/\/secure.gravatar.com\/avatar\/1f44802859351588499d26f52aed1d15796ce17e67602895b72837c08018868d?s=96&d=mm&r=g","caption":"D\u00e9bora Figueiredo"}}]}},"_links":{"self":[{"href":"https:\/\/www.gaveanews.com\/index.php\/wp-json\/wp\/v2\/posts\/209928","targetHints":{"allow":["GET"]}}],"collection":[{"href":"https:\/\/www.gaveanews.com\/index.php\/wp-json\/wp\/v2\/posts"}],"about":[{"href":"https:\/\/www.gaveanews.com\/index.php\/wp-json\/wp\/v2\/types\/post"}],"author":[{"embeddable":true,"href":"https:\/\/www.gaveanews.com\/index.php\/wp-json\/wp\/v2\/users\/16"}],"replies":[{"embeddable":true,"href":"https:\/\/www.gaveanews.com\/index.php\/wp-json\/wp\/v2\/comments?post=209928"}],"version-history":[{"count":2,"href":"https:\/\/www.gaveanews.com\/index.php\/wp-json\/wp\/v2\/posts\/209928\/revisions"}],"predecessor-version":[{"id":210027,"href":"https:\/\/www.gaveanews.com\/index.php\/wp-json\/wp\/v2\/posts\/209928\/revisions\/210027"}],"wp:featuredmedia":[{"embeddable":true,"href":"https:\/\/www.gaveanews.com\/index.php\/wp-json\/wp\/v2\/media\/154473"}],"wp:attachment":[{"href":"https:\/\/www.gaveanews.com\/index.php\/wp-json\/wp\/v2\/media?parent=209928"}],"wp:term":[{"taxonomy":"category","embeddable":true,"href":"https:\/\/www.gaveanews.com\/index.php\/wp-json\/wp\/v2\/categories?post=209928"},{"taxonomy":"post_tag","embeddable":true,"href":"https:\/\/www.gaveanews.com\/index.php\/wp-json\/wp\/v2\/tags?post=209928"}],"curies":[{"name":"wp","href":"https:\/\/api.w.org\/{rel}","templated":true}]}}