{"id":209929,"date":"2025-01-09T05:55:00","date_gmt":"2025-01-09T08:55:00","guid":{"rendered":"https:\/\/www.gaveanews.com\/?p=209929"},"modified":"2025-01-08T23:12:25","modified_gmt":"2025-01-09T02:12:25","slug":"mira-em-estrangeiro-declaracao-de-quinteros-e-favorito-no-gauchao-as-ultimas-noticias-do-gremio","status":"publish","type":"post","link":"https:\/\/www.gaveanews.com\/index.php\/2025\/01\/09\/mira-em-estrangeiro-declaracao-de-quinteros-e-favorito-no-gauchao-as-ultimas-noticias-do-gremio\/","title":{"rendered":"Mira em estrangeiro, declara\u00e7\u00e3o de Quinteros e favorito no Gauch\u00e3o: as \u00faltimas not\u00edcias do Gr\u00eamio"},"content":{"rendered":"\n<p>Nas \u00faltimas horas, o foco das not\u00edcias sobre Gr\u00eamio se concentram nos bastidores do<br>clube, com destaques do dia a dia do time.<\/p>\n\n\n\n<p>Por conta deste contexto, leia abaixo um resumo preparado pela equipe do portal G\u00e1vea News para lhe manter muito bem informado!<\/p>\n\n\n\n<h2 class=\"wp-block-heading\" id=\"h-favorito-no-gauchao\">Favorito no Gauch\u00e3o<\/h2>\n\n\n\n<p>A edi\u00e7\u00e3o de 2025 do Campeonato Ga\u00facho come\u00e7a com Gr\u00eamio e Internacional como principais favoritos ao t\u00edtulo. O Internacional busca encerrar um jejum de conquistas estaduais que dura desde 2016, apostando em refor\u00e7os pontuais, como Nathan Silva e Luiz\u00e3o, para consolidar um elenco equilibrado. Sob o comando de Roger Machado, o Colorado vem de uma sequ\u00eancia invicta no Brasileir\u00e3o e est\u00e1 focado em retomar a hegemonia regional <strong><a href=\"https:\/\/www.gaveanews.com\/index.php\/2025\/01\/08\/emissora-crava-time-favorito-para-vencer-o-campeonato-gaucho\/\">(leia a mat\u00e9ria completa).<\/a><\/strong><\/p>\n\n\n\n<figure class=\"wp-block-image size-large\"><img loading=\"lazy\" decoding=\"async\" width=\"1024\" height=\"682\" src=\"https:\/\/www.gaveanews.com\/wp-content\/uploads\/Escudo-do-Gremio-1024x682.webp\" alt=\"\" class=\"wp-image-154785\" srcset=\"https:\/\/www.gaveanews.com\/wp-content\/uploads\/Escudo-do-Gremio-1024x682.webp 1024w, https:\/\/www.gaveanews.com\/wp-content\/uploads\/Escudo-do-Gremio-300x200.webp 300w, https:\/\/www.gaveanews.com\/wp-content\/uploads\/Escudo-do-Gremio-768x512.webp 768w, https:\/\/www.gaveanews.com\/wp-content\/uploads\/Escudo-do-Gremio-630x420.webp 630w, https:\/\/www.gaveanews.com\/wp-content\/uploads\/Escudo-do-Gremio-640x426.webp 640w, https:\/\/www.gaveanews.com\/wp-content\/uploads\/Escudo-do-Gremio-681x454.webp 681w, https:\/\/www.gaveanews.com\/wp-content\/uploads\/Escudo-do-Gremio-100x67.webp 100w, https:\/\/www.gaveanews.com\/wp-content\/uploads\/Escudo-do-Gremio.webp 1163w\" sizes=\"auto, (max-width: 1024px) 100vw, 1024px\" \/><figcaption class=\"wp-element-caption\">Escudo do Gr\u00eamio (Foto: Reprodu\u00e7\u00e3o\/Gr\u00eamio)<\/figcaption><\/figure>\n\n\n\n<p>Por outro lado, o Gr\u00eamio, atual heptacampe\u00e3o estadual, entra na competi\u00e7\u00e3o buscando seu oitavo t\u00edtulo consecutivo. <\/p>\n\n\n\n<p>Sob o comando de Gustavo Quinteros, o time mant\u00e9m uma base s\u00f3lida e aposta em jogadores como Martin Braithwaite e Walter Kannemann. Com um estilo pragm\u00e1tico e uma defesa consistente, o Tricolor \u00e9 apontado como um dos principais candidatos ao t\u00edtulo.<\/p>\n\n\n\n<p>Al\u00e9m da dupla Gre-Nal, Juventude e Caxias tamb\u00e9m surgem como for\u00e7as importantes no campeonato. O Juventude, mesmo com dificuldades financeiras, mira uma campanha s\u00f3lida, enquanto o Caxias busca surpreender nas fases decisivas. Outros clubes tradicionais, como Brasil de Pelotas e S\u00e3o Jos\u00e9, tamb\u00e9m prometem esquentar a disputa.<\/p>\n\n\n\n<h2 class=\"wp-block-heading\" id=\"h-declaracao-de-quinteros\">Declara\u00e7\u00e3o de Quinteros<\/h2>\n\n\n\n<p>O t\u00e9cnico Gustavo Quinteros, rec\u00e9m-apresentado pelo Gr\u00eamio, destacou a import\u00e2ncia de Villasanti para o time e expressou o desejo de manter o meio-campista no elenco, mesmo com o interesse do Palmeiras. O jogador paraguaio \u00e9 considerado pe\u00e7a-chave, e sua sa\u00edda seria um desafio para a equipe. Apesar de contatos iniciais, o empres\u00e1rio de Villasanti afirmou que o neg\u00f3cio com o Palmeiras seria dif\u00edcil, pois o atleta n\u00e3o tem planos de se transferir no momento <strong><a href=\"https:\/\/www.gaveanews.com\/index.php\/2025\/01\/08\/a-declaracao-de-quinteros-direcionada-a-villasanti\/\">(leia a mat\u00e9ria completa).<\/a><\/strong><\/p>\n\n\n\n<figure class=\"wp-block-image size-full\"><img loading=\"lazy\" decoding=\"async\" width=\"984\" height=\"656\" src=\"https:\/\/www.gaveanews.com\/wp-content\/uploads\/villasanti-gremio.webp\" alt=\"\" class=\"wp-image-109516\" srcset=\"https:\/\/www.gaveanews.com\/wp-content\/uploads\/villasanti-gremio.webp 984w, https:\/\/www.gaveanews.com\/wp-content\/uploads\/villasanti-gremio-300x200.webp 300w, https:\/\/www.gaveanews.com\/wp-content\/uploads\/villasanti-gremio-768x512.webp 768w, https:\/\/www.gaveanews.com\/wp-content\/uploads\/villasanti-gremio-630x420.webp 630w, https:\/\/www.gaveanews.com\/wp-content\/uploads\/villasanti-gremio-640x427.webp 640w, https:\/\/www.gaveanews.com\/wp-content\/uploads\/villasanti-gremio-681x454.webp 681w, https:\/\/www.gaveanews.com\/wp-content\/uploads\/villasanti-gremio-100x67.webp 100w\" sizes=\"auto, (max-width: 984px) 100vw, 984px\" \/><figcaption class=\"wp-element-caption\">Villasanti em a\u00e7\u00e3o pelo Gr\u00eamio (Foto: Lucas Uebel\/Gr\u00eamio FBPA)<\/figcaption><\/figure>\n\n\n\n<p>Quinteros tamb\u00e9m ressaltou a relev\u00e2ncia de Cristaldo, que est\u00e1 em negocia\u00e7\u00e3o para renovar contrato. Ele enfatizou que ambos os jogadores s\u00e3o fundamentais para o esquema do Gr\u00eamio e indispens\u00e1veis para os objetivos do clube na temporada. Segundo o treinador, seria ideal que Villasanti e Cristaldo permanecessem at\u00e9 alcan\u00e7arem a oportunidade de jogar na Europa diretamente.<\/p>\n\n\n\n<p>A perman\u00eancia de Villasanti \u00e9 vista como uma prioridade no planejamento do Gr\u00eamio, que busca consolidar seu elenco para enfrentar os desafios das competi\u00e7\u00f5es em 2025.<\/p>\n\n\n\n<h2 class=\"wp-block-heading\" id=\"h-mira-em-estrangeiro\">Mira em estrangeiro <\/h2>\n\n\n\n<p>O Gr\u00eamio apresentou proposta oficial para contratar Sebasti\u00e1n Villa, atacante colombiano de 28 anos que j\u00e1 teve destaque no Boca Juniors. Atualmente no Independiente Rivadavia, Villa registrou quatro gols e seis assist\u00eancias em 22 partidas pela equipe argentina. Sua passagem pelo Boca Juniors, entre 2018 e 2023, rendeu 171 jogos, 29 gols, 30 assist\u00eancias e v\u00e1rios t\u00edtulos, incluindo dois Campeonatos Argentinos e duas Copas da Liga Argentina <strong><a href=\"https:\/\/www.gaveanews.com\/index.php\/2025\/01\/08\/ex-boca-juniors-entra-na-mira-do-gremio-para-reforcar-o-ataque\/\">(leia a mat\u00e9ria completa).<\/a><\/strong><\/p>\n\n\n\n<figure class=\"wp-block-image size-large\"><img loading=\"lazy\" decoding=\"async\" width=\"1024\" height=\"682\" src=\"https:\/\/www.gaveanews.com\/wp-content\/uploads\/Bandeira-do-Gremio-1024x682.webp\" alt=\"\" class=\"wp-image-165925\" srcset=\"https:\/\/www.gaveanews.com\/wp-content\/uploads\/Bandeira-do-Gremio-1024x682.webp 1024w, https:\/\/www.gaveanews.com\/wp-content\/uploads\/Bandeira-do-Gremio-300x200.webp 300w, https:\/\/www.gaveanews.com\/wp-content\/uploads\/Bandeira-do-Gremio-768x512.webp 768w, https:\/\/www.gaveanews.com\/wp-content\/uploads\/Bandeira-do-Gremio-630x420.webp 630w, https:\/\/www.gaveanews.com\/wp-content\/uploads\/Bandeira-do-Gremio-640x426.webp 640w, https:\/\/www.gaveanews.com\/wp-content\/uploads\/Bandeira-do-Gremio-681x454.webp 681w, https:\/\/www.gaveanews.com\/wp-content\/uploads\/Bandeira-do-Gremio-100x67.webp 100w, https:\/\/www.gaveanews.com\/wp-content\/uploads\/Bandeira-do-Gremio.webp 1043w\" sizes=\"auto, (max-width: 1024px) 100vw, 1024px\" \/><figcaption class=\"wp-element-caption\">Bandeira do Gr\u00eamio (Foto: Reprodu\u00e7\u00e3o\/Gr\u00eamio)<\/figcaption><\/figure>\n\n\n\n<p>Ap\u00f3s deixar o Boca, Villa jogou brevemente no Beroe, da Bulg\u00e1ria, com cinco gols e duas assist\u00eancias em 11 jogos. Com sua experi\u00eancia e velocidade, o jogador \u00e9 visto como uma alternativa para refor\u00e7ar o ataque do Gr\u00eamio, possivelmente substituindo Soteldo. A resposta \u00e0 proposta gremista \u00e9 aguardada nos pr\u00f3ximos dias.<\/p>\n\n\n\n<p>A busca por Sebasti\u00e1n Villa faz parte da estrat\u00e9gia do Gr\u00eamio de fortalecer o elenco para as competi\u00e7\u00f5es de 2025, apostando em jogadores com capacidade t\u00e9cnica e hist\u00f3rico de conquistas no futebol sul-americano.<\/p>\n","protected":false},"excerpt":{"rendered":"<p>Nas \u00faltimas horas, o foco das not\u00edcias sobre Gr\u00eamio se concentram nos bastidores doclube, com destaques do dia a dia do time. Por conta deste contexto, leia abaixo um resumo preparado pela equipe do portal G\u00e1vea News para lhe manter muito bem informado! Favorito no Gauch\u00e3o A edi\u00e7\u00e3o de 2025 do Campeonato Ga\u00facho come\u00e7a com [&hellip;]<\/p>\n","protected":false},"author":27,"featured_media":154838,"comment_status":"open","ping_status":"closed","sticky":false,"template":"","format":"standard","meta":{"footnotes":""},"categories":[147],"tags":[],"class_list":["post-209929","post","type-post","status-publish","format-standard","has-post-thumbnail","hentry","category-gremio"],"yoast_head":"<!-- This site is optimized with the Yoast SEO Premium plugin v24.2 (Yoast SEO v26.9) - https:\/\/yoast.com\/product\/yoast-seo-premium-wordpress\/ -->\n<title>Mira em estrangeiro, declara\u00e7\u00e3o de Quinteros e favorito no Gauch\u00e3o: as \u00faltimas not\u00edcias do Gr\u00eamio<\/title>\n<meta name=\"robots\" content=\"index, follow, max-snippet:-1, max-image-preview:large, max-video-preview:-1\" \/>\n<link rel=\"canonical\" href=\"https:\/\/www.gaveanews.com\/index.php\/2025\/01\/09\/mira-em-estrangeiro-declaracao-de-quinteros-e-favorito-no-gauchao-as-ultimas-noticias-do-gremio\/\" \/>\n<meta property=\"og:locale\" content=\"pt_BR\" \/>\n<meta property=\"og:type\" content=\"article\" \/>\n<meta property=\"og:title\" content=\"Mira em estrangeiro, declara\u00e7\u00e3o de Quinteros e favorito no Gauch\u00e3o: as \u00faltimas not\u00edcias do Gr\u00eamio\" \/>\n<meta property=\"og:description\" content=\"Nas \u00faltimas horas, o foco das not\u00edcias sobre Gr\u00eamio se concentram nos bastidores doclube, com destaques do dia a dia do time. Por conta deste contexto, leia abaixo um resumo preparado pela equipe do portal G\u00e1vea News para lhe manter muito bem informado! Favorito no Gauch\u00e3o A edi\u00e7\u00e3o de 2025 do Campeonato Ga\u00facho come\u00e7a com [&hellip;]\" \/>\n<meta property=\"og:url\" content=\"https:\/\/www.gaveanews.com\/index.php\/2025\/01\/09\/mira-em-estrangeiro-declaracao-de-quinteros-e-favorito-no-gauchao-as-ultimas-noticias-do-gremio\/\" \/>\n<meta property=\"og:site_name\" content=\"G\u00e1vea News\" \/>\n<meta property=\"article:publisher\" content=\"https:\/\/facebook.com\/gaveaNews\/\" \/>\n<meta property=\"article:published_time\" content=\"2025-01-09T08:55:00+00:00\" \/>\n<meta property=\"og:image\" content=\"https:\/\/www.gaveanews.com\/wp-content\/uploads\/Jogadores-do-Gremio-durante-partida-do-Brasileirao-em-2024.webp\" \/>\n\t<meta property=\"og:image:width\" content=\"1440\" \/>\n\t<meta property=\"og:image:height\" content=\"962\" \/>\n\t<meta property=\"og:image:type\" content=\"image\/jpeg\" \/>\n<meta name=\"author\" content=\"Matheus Felipe\" \/>\n<meta name=\"twitter:card\" content=\"summary_large_image\" \/>\n<meta name=\"twitter:label1\" content=\"Escrito por\" \/>\n\t<meta name=\"twitter:data1\" content=\"Matheus Felipe\" \/>\n\t<meta name=\"twitter:label2\" content=\"Est. tempo de leitura\" \/>\n\t<meta name=\"twitter:data2\" content=\"4 minutos\" \/>\n<script type=\"application\/ld+json\" class=\"yoast-schema-graph\">{\"@context\":\"https:\/\/schema.org\",\"@graph\":[{\"@type\":\"NewsArticle\",\"@id\":\"https:\/\/www.gaveanews.com\/index.php\/2025\/01\/09\/mira-em-estrangeiro-declaracao-de-quinteros-e-favorito-no-gauchao-as-ultimas-noticias-do-gremio\/#article\",\"isPartOf\":{\"@id\":\"https:\/\/www.gaveanews.com\/index.php\/2025\/01\/09\/mira-em-estrangeiro-declaracao-de-quinteros-e-favorito-no-gauchao-as-ultimas-noticias-do-gremio\/\"},\"author\":{\"name\":\"Matheus Felipe\",\"@id\":\"https:\/\/www.gaveanews.com\/#\/schema\/person\/8207cd4627f56151707418bfc835b2fb\"},\"headline\":\"Mira em estrangeiro, declara\u00e7\u00e3o de Quinteros e favorito no Gauch\u00e3o: as \u00faltimas not\u00edcias do Gr\u00eamio\",\"datePublished\":\"2025-01-09T08:55:00+00:00\",\"mainEntityOfPage\":{\"@id\":\"https:\/\/www.gaveanews.com\/index.php\/2025\/01\/09\/mira-em-estrangeiro-declaracao-de-quinteros-e-favorito-no-gauchao-as-ultimas-noticias-do-gremio\/\"},\"wordCount\":643,\"commentCount\":0,\"image\":{\"@id\":\"https:\/\/www.gaveanews.com\/index.php\/2025\/01\/09\/mira-em-estrangeiro-declaracao-de-quinteros-e-favorito-no-gauchao-as-ultimas-noticias-do-gremio\/#primaryimage\"},\"thumbnailUrl\":\"https:\/\/www.gaveanews.com\/wp-content\/uploads\/Jogadores-do-Gremio-durante-partida-do-Brasileirao-em-2024.webp\",\"articleSection\":[\"Gr\u00eamio\"],\"inLanguage\":\"pt-BR\",\"potentialAction\":[{\"@type\":\"CommentAction\",\"name\":\"Comment\",\"target\":[\"https:\/\/www.gaveanews.com\/index.php\/2025\/01\/09\/mira-em-estrangeiro-declaracao-de-quinteros-e-favorito-no-gauchao-as-ultimas-noticias-do-gremio\/#respond\"]}],\"copyrightYear\":\"2025\",\"copyrightHolder\":{\"@id\":\"https:\/\/www.gaveanews.com\/#organization\"}},{\"@type\":\"WebPage\",\"@id\":\"https:\/\/www.gaveanews.com\/index.php\/2025\/01\/09\/mira-em-estrangeiro-declaracao-de-quinteros-e-favorito-no-gauchao-as-ultimas-noticias-do-gremio\/\",\"url\":\"https:\/\/www.gaveanews.com\/index.php\/2025\/01\/09\/mira-em-estrangeiro-declaracao-de-quinteros-e-favorito-no-gauchao-as-ultimas-noticias-do-gremio\/\",\"name\":\"Mira em estrangeiro, declara\u00e7\u00e3o de Quinteros e favorito no Gauch\u00e3o: as \u00faltimas not\u00edcias do Gr\u00eamio\",\"isPartOf\":{\"@id\":\"https:\/\/www.gaveanews.com\/#website\"},\"primaryImageOfPage\":{\"@id\":\"https:\/\/www.gaveanews.com\/index.php\/2025\/01\/09\/mira-em-estrangeiro-declaracao-de-quinteros-e-favorito-no-gauchao-as-ultimas-noticias-do-gremio\/#primaryimage\"},\"image\":{\"@id\":\"https:\/\/www.gaveanews.com\/index.php\/2025\/01\/09\/mira-em-estrangeiro-declaracao-de-quinteros-e-favorito-no-gauchao-as-ultimas-noticias-do-gremio\/#primaryimage\"},\"thumbnailUrl\":\"https:\/\/www.gaveanews.com\/wp-content\/uploads\/Jogadores-do-Gremio-durante-partida-do-Brasileirao-em-2024.webp\",\"datePublished\":\"2025-01-09T08:55:00+00:00\",\"author\":{\"@id\":\"https:\/\/www.gaveanews.com\/#\/schema\/person\/8207cd4627f56151707418bfc835b2fb\"},\"breadcrumb\":{\"@id\":\"https:\/\/www.gaveanews.com\/index.php\/2025\/01\/09\/mira-em-estrangeiro-declaracao-de-quinteros-e-favorito-no-gauchao-as-ultimas-noticias-do-gremio\/#breadcrumb\"},\"inLanguage\":\"pt-BR\",\"potentialAction\":[{\"@type\":\"ReadAction\",\"target\":[\"https:\/\/www.gaveanews.com\/index.php\/2025\/01\/09\/mira-em-estrangeiro-declaracao-de-quinteros-e-favorito-no-gauchao-as-ultimas-noticias-do-gremio\/\"]}]},{\"@type\":\"ImageObject\",\"inLanguage\":\"pt-BR\",\"@id\":\"https:\/\/www.gaveanews.com\/index.php\/2025\/01\/09\/mira-em-estrangeiro-declaracao-de-quinteros-e-favorito-no-gauchao-as-ultimas-noticias-do-gremio\/#primaryimage\",\"url\":\"https:\/\/www.gaveanews.com\/wp-content\/uploads\/Jogadores-do-Gremio-durante-partida-do-Brasileirao-em-2024.webp\",\"contentUrl\":\"https:\/\/www.gaveanews.com\/wp-content\/uploads\/Jogadores-do-Gremio-durante-partida-do-Brasileirao-em-2024.webp\",\"width\":1440,\"height\":962,\"caption\":\"Jogadores do Gr\u00eamio durante partida do Brasileir\u00e3o em 2024 (Foto: Reprodu\u00e7\u00e3o\/Gr\u00eamio)\"},{\"@type\":\"BreadcrumbList\",\"@id\":\"https:\/\/www.gaveanews.com\/index.php\/2025\/01\/09\/mira-em-estrangeiro-declaracao-de-quinteros-e-favorito-no-gauchao-as-ultimas-noticias-do-gremio\/#breadcrumb\",\"itemListElement\":[{\"@type\":\"ListItem\",\"position\":1,\"name\":\"Home\",\"item\":\"https:\/\/www.gaveanews.com\/\"},{\"@type\":\"ListItem\",\"position\":2,\"name\":\"Mira em estrangeiro, declara\u00e7\u00e3o de Quinteros e favorito no Gauch\u00e3o: as \u00faltimas not\u00edcias do Gr\u00eamio\"}]},{\"@type\":\"WebSite\",\"@id\":\"https:\/\/www.gaveanews.com\/#website\",\"url\":\"https:\/\/www.gaveanews.com\/\",\"name\":\"G\u00e1vea News\",\"description\":\"Veja todas as not\u00edcias sobre o Flamengo: Contrata\u00e7\u00f5es, categorias de base, resultados das partidas, tabela de classifica\u00e7\u00e3o, pr\u00f3ximos jogos!\",\"potentialAction\":[{\"@type\":\"SearchAction\",\"target\":{\"@type\":\"EntryPoint\",\"urlTemplate\":\"https:\/\/www.gaveanews.com\/?s={search_term_string}\"},\"query-input\":{\"@type\":\"PropertyValueSpecification\",\"valueRequired\":true,\"valueName\":\"search_term_string\"}}],\"inLanguage\":\"pt-BR\"},{\"@type\":\"Person\",\"@id\":\"https:\/\/www.gaveanews.com\/#\/schema\/person\/8207cd4627f56151707418bfc835b2fb\",\"name\":\"Matheus Felipe\",\"image\":{\"@type\":\"ImageObject\",\"inLanguage\":\"pt-BR\",\"@id\":\"https:\/\/www.gaveanews.com\/#\/schema\/person\/image\/\",\"url\":\"https:\/\/secure.gravatar.com\/avatar\/a452ffbed9130f726358b298bb3a99ce4bd3c5338411f8440e87e14d74c7c087?s=96&d=mm&r=g\",\"contentUrl\":\"https:\/\/secure.gravatar.com\/avatar\/a452ffbed9130f726358b298bb3a99ce4bd3c5338411f8440e87e14d74c7c087?s=96&d=mm&r=g\",\"caption\":\"Matheus Felipe\"}}]}<\/script>\n<!-- \/ Yoast SEO Premium plugin. -->","yoast_head_json":{"title":"Mira em estrangeiro, declara\u00e7\u00e3o de Quinteros e favorito no Gauch\u00e3o: as \u00faltimas not\u00edcias do Gr\u00eamio","robots":{"index":"index","follow":"follow","max-snippet":"max-snippet:-1","max-image-preview":"max-image-preview:large","max-video-preview":"max-video-preview:-1"},"canonical":"https:\/\/www.gaveanews.com\/index.php\/2025\/01\/09\/mira-em-estrangeiro-declaracao-de-quinteros-e-favorito-no-gauchao-as-ultimas-noticias-do-gremio\/","og_locale":"pt_BR","og_type":"article","og_title":"Mira em estrangeiro, declara\u00e7\u00e3o de Quinteros e favorito no Gauch\u00e3o: as \u00faltimas not\u00edcias do Gr\u00eamio","og_description":"Nas \u00faltimas horas, o foco das not\u00edcias sobre Gr\u00eamio se concentram nos bastidores doclube, com destaques do dia a dia do time. Por conta deste contexto, leia abaixo um resumo preparado pela equipe do portal G\u00e1vea News para lhe manter muito bem informado! Favorito no Gauch\u00e3o A edi\u00e7\u00e3o de 2025 do Campeonato Ga\u00facho come\u00e7a com [&hellip;]","og_url":"https:\/\/www.gaveanews.com\/index.php\/2025\/01\/09\/mira-em-estrangeiro-declaracao-de-quinteros-e-favorito-no-gauchao-as-ultimas-noticias-do-gremio\/","og_site_name":"G\u00e1vea News","article_publisher":"https:\/\/facebook.com\/gaveaNews\/","article_published_time":"2025-01-09T08:55:00+00:00","og_image":[{"width":1440,"height":962,"url":"https:\/\/www.gaveanews.com\/wp-content\/uploads\/Jogadores-do-Gremio-durante-partida-do-Brasileirao-em-2024.webp","type":"image\/jpeg"}],"author":"Matheus Felipe","twitter_card":"summary_large_image","twitter_misc":{"Escrito por":"Matheus Felipe","Est. tempo de leitura":"4 minutos"},"schema":{"@context":"https:\/\/schema.org","@graph":[{"@type":"NewsArticle","@id":"https:\/\/www.gaveanews.com\/index.php\/2025\/01\/09\/mira-em-estrangeiro-declaracao-de-quinteros-e-favorito-no-gauchao-as-ultimas-noticias-do-gremio\/#article","isPartOf":{"@id":"https:\/\/www.gaveanews.com\/index.php\/2025\/01\/09\/mira-em-estrangeiro-declaracao-de-quinteros-e-favorito-no-gauchao-as-ultimas-noticias-do-gremio\/"},"author":{"name":"Matheus Felipe","@id":"https:\/\/www.gaveanews.com\/#\/schema\/person\/8207cd4627f56151707418bfc835b2fb"},"headline":"Mira em estrangeiro, declara\u00e7\u00e3o de Quinteros e favorito no Gauch\u00e3o: as \u00faltimas not\u00edcias do Gr\u00eamio","datePublished":"2025-01-09T08:55:00+00:00","mainEntityOfPage":{"@id":"https:\/\/www.gaveanews.com\/index.php\/2025\/01\/09\/mira-em-estrangeiro-declaracao-de-quinteros-e-favorito-no-gauchao-as-ultimas-noticias-do-gremio\/"},"wordCount":643,"commentCount":0,"image":{"@id":"https:\/\/www.gaveanews.com\/index.php\/2025\/01\/09\/mira-em-estrangeiro-declaracao-de-quinteros-e-favorito-no-gauchao-as-ultimas-noticias-do-gremio\/#primaryimage"},"thumbnailUrl":"https:\/\/www.gaveanews.com\/wp-content\/uploads\/Jogadores-do-Gremio-durante-partida-do-Brasileirao-em-2024.webp","articleSection":["Gr\u00eamio"],"inLanguage":"pt-BR","potentialAction":[{"@type":"CommentAction","name":"Comment","target":["https:\/\/www.gaveanews.com\/index.php\/2025\/01\/09\/mira-em-estrangeiro-declaracao-de-quinteros-e-favorito-no-gauchao-as-ultimas-noticias-do-gremio\/#respond"]}],"copyrightYear":"2025","copyrightHolder":{"@id":"https:\/\/www.gaveanews.com\/#organization"}},{"@type":"WebPage","@id":"https:\/\/www.gaveanews.com\/index.php\/2025\/01\/09\/mira-em-estrangeiro-declaracao-de-quinteros-e-favorito-no-gauchao-as-ultimas-noticias-do-gremio\/","url":"https:\/\/www.gaveanews.com\/index.php\/2025\/01\/09\/mira-em-estrangeiro-declaracao-de-quinteros-e-favorito-no-gauchao-as-ultimas-noticias-do-gremio\/","name":"Mira em estrangeiro, declara\u00e7\u00e3o de Quinteros e favorito no Gauch\u00e3o: as \u00faltimas not\u00edcias do Gr\u00eamio","isPartOf":{"@id":"https:\/\/www.gaveanews.com\/#website"},"primaryImageOfPage":{"@id":"https:\/\/www.gaveanews.com\/index.php\/2025\/01\/09\/mira-em-estrangeiro-declaracao-de-quinteros-e-favorito-no-gauchao-as-ultimas-noticias-do-gremio\/#primaryimage"},"image":{"@id":"https:\/\/www.gaveanews.com\/index.php\/2025\/01\/09\/mira-em-estrangeiro-declaracao-de-quinteros-e-favorito-no-gauchao-as-ultimas-noticias-do-gremio\/#primaryimage"},"thumbnailUrl":"https:\/\/www.gaveanews.com\/wp-content\/uploads\/Jogadores-do-Gremio-durante-partida-do-Brasileirao-em-2024.webp","datePublished":"2025-01-09T08:55:00+00:00","author":{"@id":"https:\/\/www.gaveanews.com\/#\/schema\/person\/8207cd4627f56151707418bfc835b2fb"},"breadcrumb":{"@id":"https:\/\/www.gaveanews.com\/index.php\/2025\/01\/09\/mira-em-estrangeiro-declaracao-de-quinteros-e-favorito-no-gauchao-as-ultimas-noticias-do-gremio\/#breadcrumb"},"inLanguage":"pt-BR","potentialAction":[{"@type":"ReadAction","target":["https:\/\/www.gaveanews.com\/index.php\/2025\/01\/09\/mira-em-estrangeiro-declaracao-de-quinteros-e-favorito-no-gauchao-as-ultimas-noticias-do-gremio\/"]}]},{"@type":"ImageObject","inLanguage":"pt-BR","@id":"https:\/\/www.gaveanews.com\/index.php\/2025\/01\/09\/mira-em-estrangeiro-declaracao-de-quinteros-e-favorito-no-gauchao-as-ultimas-noticias-do-gremio\/#primaryimage","url":"https:\/\/www.gaveanews.com\/wp-content\/uploads\/Jogadores-do-Gremio-durante-partida-do-Brasileirao-em-2024.webp","contentUrl":"https:\/\/www.gaveanews.com\/wp-content\/uploads\/Jogadores-do-Gremio-durante-partida-do-Brasileirao-em-2024.webp","width":1440,"height":962,"caption":"Jogadores do Gr\u00eamio durante partida do Brasileir\u00e3o em 2024 (Foto: Reprodu\u00e7\u00e3o\/Gr\u00eamio)"},{"@type":"BreadcrumbList","@id":"https:\/\/www.gaveanews.com\/index.php\/2025\/01\/09\/mira-em-estrangeiro-declaracao-de-quinteros-e-favorito-no-gauchao-as-ultimas-noticias-do-gremio\/#breadcrumb","itemListElement":[{"@type":"ListItem","position":1,"name":"Home","item":"https:\/\/www.gaveanews.com\/"},{"@type":"ListItem","position":2,"name":"Mira em estrangeiro, declara\u00e7\u00e3o de Quinteros e favorito no Gauch\u00e3o: as \u00faltimas not\u00edcias do Gr\u00eamio"}]},{"@type":"WebSite","@id":"https:\/\/www.gaveanews.com\/#website","url":"https:\/\/www.gaveanews.com\/","name":"G\u00e1vea News","description":"Veja todas as not\u00edcias sobre o Flamengo: Contrata\u00e7\u00f5es, categorias de base, resultados das partidas, tabela de classifica\u00e7\u00e3o, pr\u00f3ximos jogos!","potentialAction":[{"@type":"SearchAction","target":{"@type":"EntryPoint","urlTemplate":"https:\/\/www.gaveanews.com\/?s={search_term_string}"},"query-input":{"@type":"PropertyValueSpecification","valueRequired":true,"valueName":"search_term_string"}}],"inLanguage":"pt-BR"},{"@type":"Person","@id":"https:\/\/www.gaveanews.com\/#\/schema\/person\/8207cd4627f56151707418bfc835b2fb","name":"Matheus Felipe","image":{"@type":"ImageObject","inLanguage":"pt-BR","@id":"https:\/\/www.gaveanews.com\/#\/schema\/person\/image\/","url":"https:\/\/secure.gravatar.com\/avatar\/a452ffbed9130f726358b298bb3a99ce4bd3c5338411f8440e87e14d74c7c087?s=96&d=mm&r=g","contentUrl":"https:\/\/secure.gravatar.com\/avatar\/a452ffbed9130f726358b298bb3a99ce4bd3c5338411f8440e87e14d74c7c087?s=96&d=mm&r=g","caption":"Matheus Felipe"}}]}},"_links":{"self":[{"href":"https:\/\/www.gaveanews.com\/index.php\/wp-json\/wp\/v2\/posts\/209929","targetHints":{"allow":["GET"]}}],"collection":[{"href":"https:\/\/www.gaveanews.com\/index.php\/wp-json\/wp\/v2\/posts"}],"about":[{"href":"https:\/\/www.gaveanews.com\/index.php\/wp-json\/wp\/v2\/types\/post"}],"author":[{"embeddable":true,"href":"https:\/\/www.gaveanews.com\/index.php\/wp-json\/wp\/v2\/users\/27"}],"replies":[{"embeddable":true,"href":"https:\/\/www.gaveanews.com\/index.php\/wp-json\/wp\/v2\/comments?post=209929"}],"version-history":[{"count":1,"href":"https:\/\/www.gaveanews.com\/index.php\/wp-json\/wp\/v2\/posts\/209929\/revisions"}],"predecessor-version":[{"id":209951,"href":"https:\/\/www.gaveanews.com\/index.php\/wp-json\/wp\/v2\/posts\/209929\/revisions\/209951"}],"wp:featuredmedia":[{"embeddable":true,"href":"https:\/\/www.gaveanews.com\/index.php\/wp-json\/wp\/v2\/media\/154838"}],"wp:attachment":[{"href":"https:\/\/www.gaveanews.com\/index.php\/wp-json\/wp\/v2\/media?parent=209929"}],"wp:term":[{"taxonomy":"category","embeddable":true,"href":"https:\/\/www.gaveanews.com\/index.php\/wp-json\/wp\/v2\/categories?post=209929"},{"taxonomy":"post_tag","embeddable":true,"href":"https:\/\/www.gaveanews.com\/index.php\/wp-json\/wp\/v2\/tags?post=209929"}],"curies":[{"name":"wp","href":"https:\/\/api.w.org\/{rel}","templated":true}]}}