{"id":209969,"date":"2025-01-09T06:25:00","date_gmt":"2025-01-09T09:25:00","guid":{"rendered":"https:\/\/www.gaveanews.com\/?p=209969"},"modified":"2025-01-08T23:39:22","modified_gmt":"2025-01-09T02:39:22","slug":"contratacao-de-rony-oferta-de-rival-e-declaracao-de-muller-as-ultimas-noticias-do-palmeiras","status":"publish","type":"post","link":"https:\/\/www.gaveanews.com\/index.php\/2025\/01\/09\/contratacao-de-rony-oferta-de-rival-e-declaracao-de-muller-as-ultimas-noticias-do-palmeiras\/","title":{"rendered":"Contrata\u00e7\u00e3o de Rony, oferta de rival e declara\u00e7\u00e3o de Muller: as \u00faltimas not\u00edcias do Palmeiras"},"content":{"rendered":"\n<p>Nas \u00faltimas horas, o foco das not\u00edcias sobre o Palmeiras se concentram nos bastidores do clube, com destaques do dia a dia do time.<\/p>\n\n\n\n<p>Por conta deste contexto, leia abaixo um resumo preparado pela equipe do portal G\u00e1vea News para lhe manter muito bem informado!<\/p>\n\n\n\n<h2 class=\"wp-block-heading\" id=\"h-declaracao-de-muller\">Declara\u00e7\u00e3o de Muller<\/h2>\n\n\n\n<p>O futuro de Rony no Palmeiras segue indefinido e tem gerado especula\u00e7\u00f5es no mercado da bola em 2025. Apesar de o atacante ser considerado um dos jogadores mais esfor\u00e7ados e admirados pelo t\u00e9cnico Abel Ferreira, seu status como titular absoluto diminuiu, abrindo espa\u00e7o para debates sobre uma poss\u00edvel transfer\u00eancia. O ex-jogador Muller, em participa\u00e7\u00e3o no programa &#8220;Gazeta Esportiva&#8221;, acredita que Rony permanecer\u00e1 no clube, mas com um papel menos destacado, participando de forma espor\u00e1dica e contribuindo com gols quando acionado<strong><a href=\"https:\/\/www.gaveanews.com\/index.php\/2025\/01\/07\/a-declaracao-de-muller-sobre-o-futuro-de-rony-do-palmeiras\/\"> (leia a mat\u00e9ria completa).<\/a><\/strong><\/p>\n\n\n\n<figure class=\"wp-block-image size-full\"><img loading=\"lazy\" decoding=\"async\" width=\"750\" height=\"472\" src=\"https:\/\/www.gaveanews.com\/wp-content\/uploads\/muller-idolo-do-sao-paulo.webp\" alt=\"\" class=\"wp-image-205863\" srcset=\"https:\/\/www.gaveanews.com\/wp-content\/uploads\/muller-idolo-do-sao-paulo.webp 750w, https:\/\/www.gaveanews.com\/wp-content\/uploads\/muller-idolo-do-sao-paulo-300x189.webp 300w, https:\/\/www.gaveanews.com\/wp-content\/uploads\/muller-idolo-do-sao-paulo-667x420.webp 667w, https:\/\/www.gaveanews.com\/wp-content\/uploads\/muller-idolo-do-sao-paulo-640x403.webp 640w, https:\/\/www.gaveanews.com\/wp-content\/uploads\/muller-idolo-do-sao-paulo-681x429.webp 681w, https:\/\/www.gaveanews.com\/wp-content\/uploads\/muller-idolo-do-sao-paulo-100x63.webp 100w\" sizes=\"auto, (max-width: 750px) 100vw, 750px\" \/><figcaption class=\"wp-element-caption\">Muller \u00eddolo do s\u00e3o Paulo (Foto: Reprodu\u00e7\u00e3o\/Instagram)<\/figcaption><\/figure>\n\n\n\n<p>Nos bastidores, por\u00e9m, h\u00e1 um entendimento de que o ciclo de Rony no Palmeiras est\u00e1 pr\u00f3ximo do fim. Tanto o jogador quanto o clube estariam abertos a uma negocia\u00e7\u00e3o, mas o Verd\u00e3o n\u00e3o pretende liber\u00e1-lo por qualquer valor. <\/p>\n\n\n\n<p>O alto sal\u00e1rio de Rony, em torno de R$ 1 milh\u00e3o por m\u00eas, tem sido um desafio para clubes brasileiros interessados, o que torna mais prov\u00e1vel uma proposta vinda do exterior, especialmente de times do mundo \u00e1rabe, que j\u00e1 demonstram interesse e podem formalizar uma oferta em breve.<\/p>\n\n\n\n<p>Aos 30 anos, Rony consolidou uma carreira vitoriosa no Palmeiras, com conquistas importantes, incluindo duas Libertadores e um Campeonato Brasileiro. No entanto, a forte concorr\u00eancia no elenco e a ascens\u00e3o de novos talentos diminu\u00edram seu protagonismo. Seja permanecendo no Palmeiras ou buscando novos desafios, a decis\u00e3o sobre seu futuro promete ser um dos assuntos mais acompanhados no mercado de transfer\u00eancias desta temporada.<\/p>\n\n\n\n<h2 class=\"wp-block-heading\" id=\"h-oferta-de-rival\">Oferta de rival<\/h2>\n\n\n\n<p>Rony, atacante do Palmeiras, recusou uma proposta do Fluminense, aumentando as incertezas sobre seu futuro. Apesar de ser um dos principais nomes do time alviverde, a transfer\u00eancia para o clube carioca n\u00e3o avan\u00e7ou, e outros interessados no mercado brasileiro, como Atl\u00e9tico-MG e Santos, tamb\u00e9m enfrentaram dificuldades financeiras para concretizar o neg\u00f3cio. Diante disso, o mercado interno parece cada vez menos prov\u00e1vel como destino do jogador <strong><a href=\"https:\/\/www.gaveanews.com\/index.php\/2025\/01\/07\/rony-responde-a-oferta-do-fluminense\/\">(leia a mat\u00e9ria completa).<\/a><\/strong><\/p>\n\n\n\n<figure class=\"wp-block-image size-large\"><img loading=\"lazy\" decoding=\"async\" width=\"1024\" height=\"768\" src=\"https:\/\/www.gaveanews.com\/wp-content\/uploads\/Bandeira-do-Fluminense-1024x768.webp\" alt=\"\" class=\"wp-image-152558\" srcset=\"https:\/\/www.gaveanews.com\/wp-content\/uploads\/Bandeira-do-Fluminense-1024x768.webp 1024w, https:\/\/www.gaveanews.com\/wp-content\/uploads\/Bandeira-do-Fluminense-300x225.webp 300w, https:\/\/www.gaveanews.com\/wp-content\/uploads\/Bandeira-do-Fluminense-768x576.webp 768w, https:\/\/www.gaveanews.com\/wp-content\/uploads\/Bandeira-do-Fluminense-560x420.webp 560w, https:\/\/www.gaveanews.com\/wp-content\/uploads\/Bandeira-do-Fluminense-1120x840.webp 1120w, https:\/\/www.gaveanews.com\/wp-content\/uploads\/Bandeira-do-Fluminense-80x60.webp 80w, https:\/\/www.gaveanews.com\/wp-content\/uploads\/Bandeira-do-Fluminense-160x120.webp 160w, https:\/\/www.gaveanews.com\/wp-content\/uploads\/Bandeira-do-Fluminense-100x75.webp 100w, https:\/\/www.gaveanews.com\/wp-content\/uploads\/Bandeira-do-Fluminense-200x150.webp 200w, https:\/\/www.gaveanews.com\/wp-content\/uploads\/Bandeira-do-Fluminense-180x135.webp 180w, https:\/\/www.gaveanews.com\/wp-content\/uploads\/Bandeira-do-Fluminense-360x270.webp 360w, https:\/\/www.gaveanews.com\/wp-content\/uploads\/Bandeira-do-Fluminense-238x178.webp 238w, https:\/\/www.gaveanews.com\/wp-content\/uploads\/Bandeira-do-Fluminense-476x356.webp 476w, https:\/\/www.gaveanews.com\/wp-content\/uploads\/Bandeira-do-Fluminense-640x480.webp 640w, https:\/\/www.gaveanews.com\/wp-content\/uploads\/Bandeira-do-Fluminense-1280x960.webp 1280w, https:\/\/www.gaveanews.com\/wp-content\/uploads\/Bandeira-do-Fluminense-681x511.webp 681w, https:\/\/www.gaveanews.com\/wp-content\/uploads\/Bandeira-do-Fluminense-1362x1022.webp 1362w, https:\/\/www.gaveanews.com\/wp-content\/uploads\/Bandeira-do-Fluminense.webp 1440w\" sizes=\"auto, (max-width: 1024px) 100vw, 1024px\" \/><figcaption class=\"wp-element-caption\">Bandeira do Fluminense (Foto: Reprodu\u00e7\u00e3o\/Fluminense)<\/figcaption><\/figure>\n\n\n\n<p>O cen\u00e1rio mais prov\u00e1vel \u00e9 que Rony siga para o mercado internacional, onde tem sido apontado como alvo de clubes da Ar\u00e1bia Saudita, Emirados \u00c1rabes, M\u00e9xico e Estados Unidos. O interesse do exterior deve crescer com o in\u00edcio da temporada, e o pr\u00f3prio jogador demonstra inclina\u00e7\u00e3o para avaliar essas op\u00e7\u00f5es. O Palmeiras, por sua vez, est\u00e1 disposto a negoci\u00e1-lo, mas apenas por uma venda definitiva, descartando empr\u00e9stimos ou trocas, j\u00e1 que busca recuperar o investimento de 6 milh\u00f5es de euros feito em 2020 por 50% dos direitos econ\u00f4micos do atacante.<\/p>\n\n\n\n<p>Com a temporada em andamento, o desfecho da situa\u00e7\u00e3o de Rony deve ocorrer nos pr\u00f3ximos dias, e o Palmeiras mant\u00e9m a expectativa de fechar um neg\u00f3cio vantajoso. A transfer\u00eancia para fora do Brasil \u00e9 vista como o caminho mais vi\u00e1vel, e a defini\u00e7\u00e3o de seu futuro promete movimentar o mercado nas pr\u00f3ximas semanas.<\/p>\n\n\n\n<h2 class=\"wp-block-heading\" id=\"h-contratacao-de-rony\">Contrata\u00e7\u00e3o de Rony<\/h2>\n\n\n\n<p>O Atl\u00e9tico-MG tem interesse em contratar Rony, do Palmeiras, como parte da reformula\u00e7\u00e3o do elenco para 2025. A diretoria mineira busca refor\u00e7ar o setor ofensivo ap\u00f3s a sa\u00edda de jogadores como Paulinho, Eduardo Vargas e Alan Kardec. No entanto, a negocia\u00e7\u00e3o \u00e9 considerada complexa, com o alto sal\u00e1rio do atacante sendo o principal obst\u00e1culo. A diretoria do Palmeiras estaria disposta a liber\u00e1-lo, mas exige uma compensa\u00e7\u00e3o financeira e a venda de 100% dos direitos econ\u00f4micos do atleta<strong><a href=\"https:\/\/www.gaveanews.com\/index.php\/2025\/01\/07\/atletico-mg-contratacao-de-rony-tem-apenas-um-obstaculo\/\"> (leia a mat\u00e9ria completa).<\/a><\/strong><\/p>\n\n\n\n<figure class=\"wp-block-image size-full\"><img loading=\"lazy\" decoding=\"async\" width=\"720\" height=\"480\" src=\"https:\/\/www.gaveanews.com\/wp-content\/uploads\/rony7oficial_1706308549610-edited.webp\" alt=\"\" class=\"wp-image-123955\" srcset=\"https:\/\/www.gaveanews.com\/wp-content\/uploads\/rony7oficial_1706308549610-edited.webp 720w, https:\/\/www.gaveanews.com\/wp-content\/uploads\/rony7oficial_1706308549610-edited-300x200.webp 300w, https:\/\/www.gaveanews.com\/wp-content\/uploads\/rony7oficial_1706308549610-edited-630x420.webp 630w, https:\/\/www.gaveanews.com\/wp-content\/uploads\/rony7oficial_1706308549610-edited-640x427.webp 640w, https:\/\/www.gaveanews.com\/wp-content\/uploads\/rony7oficial_1706308549610-edited-681x454.webp 681w, https:\/\/www.gaveanews.com\/wp-content\/uploads\/rony7oficial_1706308549610-edited-100x67.webp 100w\" sizes=\"auto, (max-width: 720px) 100vw, 720px\" \/><figcaption class=\"wp-element-caption\">Rony em a\u00e7\u00e3o pelo Palmeiras (Foto: Reprodu\u00e7\u00e3o\/Instagram)<\/figcaption><\/figure>\n\n\n\n<p>Rony, que chegou ao Palmeiras em 2020 por 6 milh\u00f5es de euros (cerca de R$ 28 milh\u00f5es \u00e0 \u00e9poca), tem contrato at\u00e9 o fim de 2026 e pode perder ainda mais espa\u00e7o no time com as recentes contrata\u00e7\u00f5es do ex-atleticano Paulinho e Facundo Torres. A sa\u00edda do jogador j\u00e1 vinha sendo especulada desde o fim do Campeonato Brasileiro de 2024, com sondagens de clubes como Santos, Fluminense e algumas equipes do exterior, incluindo do futebol mexicano.<\/p>\n\n\n\n<p>A busca por refor\u00e7os ofensivos \u00e9 prioridade para o Galo, que pretende anunciar novos nomes antes da reapresenta\u00e7\u00e3o do elenco em 9 de janeiro. A negocia\u00e7\u00e3o com Rony, no entanto, depende de ajustes financeiros, enquanto a diretoria atleticana continua avaliando outras possibilidades no mercado para suprir as lacunas deixadas pelas recentes sa\u00eddas no elenco.<\/p>\n","protected":false},"excerpt":{"rendered":"<p>Nas \u00faltimas horas, o foco das not\u00edcias sobre o Palmeiras se concentram nos bastidores do clube, com destaques do dia a dia do time. Por conta deste contexto, leia abaixo um resumo preparado pela equipe do portal G\u00e1vea News para lhe manter muito bem informado! Declara\u00e7\u00e3o de Muller O futuro de Rony no Palmeiras segue [&hellip;]<\/p>\n","protected":false},"author":27,"featured_media":155182,"comment_status":"open","ping_status":"closed","sticky":false,"template":"","format":"standard","meta":{"footnotes":""},"categories":[150],"tags":[],"class_list":["post-209969","post","type-post","status-publish","format-standard","has-post-thumbnail","hentry","category-palmeiras"],"yoast_head":"<!-- This site is optimized with the Yoast SEO Premium plugin v24.2 (Yoast SEO v26.9) - https:\/\/yoast.com\/product\/yoast-seo-premium-wordpress\/ -->\n<title>Contrata\u00e7\u00e3o de Rony, oferta de rival e declara\u00e7\u00e3o de Muller: as \u00faltimas not\u00edcias do Palmeiras<\/title>\n<meta name=\"robots\" content=\"index, follow, max-snippet:-1, max-image-preview:large, max-video-preview:-1\" \/>\n<link rel=\"canonical\" href=\"https:\/\/www.gaveanews.com\/index.php\/2025\/01\/09\/contratacao-de-rony-oferta-de-rival-e-declaracao-de-muller-as-ultimas-noticias-do-palmeiras\/\" \/>\n<meta property=\"og:locale\" content=\"pt_BR\" \/>\n<meta property=\"og:type\" content=\"article\" \/>\n<meta property=\"og:title\" content=\"Contrata\u00e7\u00e3o de Rony, oferta de rival e declara\u00e7\u00e3o de Muller: as \u00faltimas not\u00edcias do Palmeiras\" \/>\n<meta property=\"og:description\" content=\"Nas \u00faltimas horas, o foco das not\u00edcias sobre o Palmeiras se concentram nos bastidores do clube, com destaques do dia a dia do time. Por conta deste contexto, leia abaixo um resumo preparado pela equipe do portal G\u00e1vea News para lhe manter muito bem informado! Declara\u00e7\u00e3o de Muller O futuro de Rony no Palmeiras segue [&hellip;]\" \/>\n<meta property=\"og:url\" content=\"https:\/\/www.gaveanews.com\/index.php\/2025\/01\/09\/contratacao-de-rony-oferta-de-rival-e-declaracao-de-muller-as-ultimas-noticias-do-palmeiras\/\" \/>\n<meta property=\"og:site_name\" content=\"G\u00e1vea News\" \/>\n<meta property=\"article:publisher\" content=\"https:\/\/facebook.com\/gaveaNews\/\" \/>\n<meta property=\"article:published_time\" content=\"2025-01-09T09:25:00+00:00\" \/>\n<meta property=\"og:image\" content=\"https:\/\/www.gaveanews.com\/wp-content\/uploads\/Allianz-Parque-estadio-do-Palmeiras.webp\" \/>\n\t<meta property=\"og:image:width\" content=\"1023\" \/>\n\t<meta property=\"og:image:height\" content=\"767\" \/>\n\t<meta property=\"og:image:type\" content=\"image\/webp\" \/>\n<meta name=\"author\" content=\"Matheus Felipe\" \/>\n<meta name=\"twitter:card\" content=\"summary_large_image\" \/>\n<meta name=\"twitter:label1\" content=\"Escrito por\" \/>\n\t<meta name=\"twitter:data1\" content=\"Matheus Felipe\" \/>\n\t<meta name=\"twitter:label2\" content=\"Est. tempo de leitura\" \/>\n\t<meta name=\"twitter:data2\" content=\"5 minutos\" \/>\n<script type=\"application\/ld+json\" class=\"yoast-schema-graph\">{\"@context\":\"https:\/\/schema.org\",\"@graph\":[{\"@type\":\"NewsArticle\",\"@id\":\"https:\/\/www.gaveanews.com\/index.php\/2025\/01\/09\/contratacao-de-rony-oferta-de-rival-e-declaracao-de-muller-as-ultimas-noticias-do-palmeiras\/#article\",\"isPartOf\":{\"@id\":\"https:\/\/www.gaveanews.com\/index.php\/2025\/01\/09\/contratacao-de-rony-oferta-de-rival-e-declaracao-de-muller-as-ultimas-noticias-do-palmeiras\/\"},\"author\":{\"name\":\"Matheus Felipe\",\"@id\":\"https:\/\/www.gaveanews.com\/#\/schema\/person\/8207cd4627f56151707418bfc835b2fb\"},\"headline\":\"Contrata\u00e7\u00e3o de Rony, oferta de rival e declara\u00e7\u00e3o de Muller: as \u00faltimas not\u00edcias do Palmeiras\",\"datePublished\":\"2025-01-09T09:25:00+00:00\",\"mainEntityOfPage\":{\"@id\":\"https:\/\/www.gaveanews.com\/index.php\/2025\/01\/09\/contratacao-de-rony-oferta-de-rival-e-declaracao-de-muller-as-ultimas-noticias-do-palmeiras\/\"},\"wordCount\":812,\"commentCount\":0,\"image\":{\"@id\":\"https:\/\/www.gaveanews.com\/index.php\/2025\/01\/09\/contratacao-de-rony-oferta-de-rival-e-declaracao-de-muller-as-ultimas-noticias-do-palmeiras\/#primaryimage\"},\"thumbnailUrl\":\"https:\/\/www.gaveanews.com\/wp-content\/uploads\/Allianz-Parque-estadio-do-Palmeiras.webp\",\"articleSection\":[\"Palmeiras\"],\"inLanguage\":\"pt-BR\",\"potentialAction\":[{\"@type\":\"CommentAction\",\"name\":\"Comment\",\"target\":[\"https:\/\/www.gaveanews.com\/index.php\/2025\/01\/09\/contratacao-de-rony-oferta-de-rival-e-declaracao-de-muller-as-ultimas-noticias-do-palmeiras\/#respond\"]}],\"copyrightYear\":\"2025\",\"copyrightHolder\":{\"@id\":\"https:\/\/www.gaveanews.com\/#organization\"}},{\"@type\":\"WebPage\",\"@id\":\"https:\/\/www.gaveanews.com\/index.php\/2025\/01\/09\/contratacao-de-rony-oferta-de-rival-e-declaracao-de-muller-as-ultimas-noticias-do-palmeiras\/\",\"url\":\"https:\/\/www.gaveanews.com\/index.php\/2025\/01\/09\/contratacao-de-rony-oferta-de-rival-e-declaracao-de-muller-as-ultimas-noticias-do-palmeiras\/\",\"name\":\"Contrata\u00e7\u00e3o de Rony, oferta de rival e declara\u00e7\u00e3o de Muller: as \u00faltimas not\u00edcias do Palmeiras\",\"isPartOf\":{\"@id\":\"https:\/\/www.gaveanews.com\/#website\"},\"primaryImageOfPage\":{\"@id\":\"https:\/\/www.gaveanews.com\/index.php\/2025\/01\/09\/contratacao-de-rony-oferta-de-rival-e-declaracao-de-muller-as-ultimas-noticias-do-palmeiras\/#primaryimage\"},\"image\":{\"@id\":\"https:\/\/www.gaveanews.com\/index.php\/2025\/01\/09\/contratacao-de-rony-oferta-de-rival-e-declaracao-de-muller-as-ultimas-noticias-do-palmeiras\/#primaryimage\"},\"thumbnailUrl\":\"https:\/\/www.gaveanews.com\/wp-content\/uploads\/Allianz-Parque-estadio-do-Palmeiras.webp\",\"datePublished\":\"2025-01-09T09:25:00+00:00\",\"author\":{\"@id\":\"https:\/\/www.gaveanews.com\/#\/schema\/person\/8207cd4627f56151707418bfc835b2fb\"},\"breadcrumb\":{\"@id\":\"https:\/\/www.gaveanews.com\/index.php\/2025\/01\/09\/contratacao-de-rony-oferta-de-rival-e-declaracao-de-muller-as-ultimas-noticias-do-palmeiras\/#breadcrumb\"},\"inLanguage\":\"pt-BR\",\"potentialAction\":[{\"@type\":\"ReadAction\",\"target\":[\"https:\/\/www.gaveanews.com\/index.php\/2025\/01\/09\/contratacao-de-rony-oferta-de-rival-e-declaracao-de-muller-as-ultimas-noticias-do-palmeiras\/\"]}]},{\"@type\":\"ImageObject\",\"inLanguage\":\"pt-BR\",\"@id\":\"https:\/\/www.gaveanews.com\/index.php\/2025\/01\/09\/contratacao-de-rony-oferta-de-rival-e-declaracao-de-muller-as-ultimas-noticias-do-palmeiras\/#primaryimage\",\"url\":\"https:\/\/www.gaveanews.com\/wp-content\/uploads\/Allianz-Parque-estadio-do-Palmeiras.webp\",\"contentUrl\":\"https:\/\/www.gaveanews.com\/wp-content\/uploads\/Allianz-Parque-estadio-do-Palmeiras.webp\",\"width\":1023,\"height\":767,\"caption\":\"Allianz Parque, est\u00e1dio do Palmeiras (Foto: Reprodu\u00e7\u00e3o\/Palmeiras)\"},{\"@type\":\"BreadcrumbList\",\"@id\":\"https:\/\/www.gaveanews.com\/index.php\/2025\/01\/09\/contratacao-de-rony-oferta-de-rival-e-declaracao-de-muller-as-ultimas-noticias-do-palmeiras\/#breadcrumb\",\"itemListElement\":[{\"@type\":\"ListItem\",\"position\":1,\"name\":\"Home\",\"item\":\"https:\/\/www.gaveanews.com\/\"},{\"@type\":\"ListItem\",\"position\":2,\"name\":\"Contrata\u00e7\u00e3o de Rony, oferta de rival e declara\u00e7\u00e3o de Muller: as \u00faltimas not\u00edcias do Palmeiras\"}]},{\"@type\":\"WebSite\",\"@id\":\"https:\/\/www.gaveanews.com\/#website\",\"url\":\"https:\/\/www.gaveanews.com\/\",\"name\":\"G\u00e1vea News\",\"description\":\"Veja todas as not\u00edcias sobre o Flamengo: Contrata\u00e7\u00f5es, categorias de base, resultados das partidas, tabela de classifica\u00e7\u00e3o, pr\u00f3ximos jogos!\",\"potentialAction\":[{\"@type\":\"SearchAction\",\"target\":{\"@type\":\"EntryPoint\",\"urlTemplate\":\"https:\/\/www.gaveanews.com\/?s={search_term_string}\"},\"query-input\":{\"@type\":\"PropertyValueSpecification\",\"valueRequired\":true,\"valueName\":\"search_term_string\"}}],\"inLanguage\":\"pt-BR\"},{\"@type\":\"Person\",\"@id\":\"https:\/\/www.gaveanews.com\/#\/schema\/person\/8207cd4627f56151707418bfc835b2fb\",\"name\":\"Matheus Felipe\",\"image\":{\"@type\":\"ImageObject\",\"inLanguage\":\"pt-BR\",\"@id\":\"https:\/\/www.gaveanews.com\/#\/schema\/person\/image\/\",\"url\":\"https:\/\/secure.gravatar.com\/avatar\/a452ffbed9130f726358b298bb3a99ce4bd3c5338411f8440e87e14d74c7c087?s=96&d=mm&r=g\",\"contentUrl\":\"https:\/\/secure.gravatar.com\/avatar\/a452ffbed9130f726358b298bb3a99ce4bd3c5338411f8440e87e14d74c7c087?s=96&d=mm&r=g\",\"caption\":\"Matheus Felipe\"}}]}<\/script>\n<!-- \/ Yoast SEO Premium plugin. -->","yoast_head_json":{"title":"Contrata\u00e7\u00e3o de Rony, oferta de rival e declara\u00e7\u00e3o de Muller: as \u00faltimas not\u00edcias do Palmeiras","robots":{"index":"index","follow":"follow","max-snippet":"max-snippet:-1","max-image-preview":"max-image-preview:large","max-video-preview":"max-video-preview:-1"},"canonical":"https:\/\/www.gaveanews.com\/index.php\/2025\/01\/09\/contratacao-de-rony-oferta-de-rival-e-declaracao-de-muller-as-ultimas-noticias-do-palmeiras\/","og_locale":"pt_BR","og_type":"article","og_title":"Contrata\u00e7\u00e3o de Rony, oferta de rival e declara\u00e7\u00e3o de Muller: as \u00faltimas not\u00edcias do Palmeiras","og_description":"Nas \u00faltimas horas, o foco das not\u00edcias sobre o Palmeiras se concentram nos bastidores do clube, com destaques do dia a dia do time. Por conta deste contexto, leia abaixo um resumo preparado pela equipe do portal G\u00e1vea News para lhe manter muito bem informado! Declara\u00e7\u00e3o de Muller O futuro de Rony no Palmeiras segue [&hellip;]","og_url":"https:\/\/www.gaveanews.com\/index.php\/2025\/01\/09\/contratacao-de-rony-oferta-de-rival-e-declaracao-de-muller-as-ultimas-noticias-do-palmeiras\/","og_site_name":"G\u00e1vea News","article_publisher":"https:\/\/facebook.com\/gaveaNews\/","article_published_time":"2025-01-09T09:25:00+00:00","og_image":[{"width":1023,"height":767,"url":"https:\/\/www.gaveanews.com\/wp-content\/uploads\/Allianz-Parque-estadio-do-Palmeiras.webp","type":"image\/webp"}],"author":"Matheus Felipe","twitter_card":"summary_large_image","twitter_misc":{"Escrito por":"Matheus Felipe","Est. tempo de leitura":"5 minutos"},"schema":{"@context":"https:\/\/schema.org","@graph":[{"@type":"NewsArticle","@id":"https:\/\/www.gaveanews.com\/index.php\/2025\/01\/09\/contratacao-de-rony-oferta-de-rival-e-declaracao-de-muller-as-ultimas-noticias-do-palmeiras\/#article","isPartOf":{"@id":"https:\/\/www.gaveanews.com\/index.php\/2025\/01\/09\/contratacao-de-rony-oferta-de-rival-e-declaracao-de-muller-as-ultimas-noticias-do-palmeiras\/"},"author":{"name":"Matheus Felipe","@id":"https:\/\/www.gaveanews.com\/#\/schema\/person\/8207cd4627f56151707418bfc835b2fb"},"headline":"Contrata\u00e7\u00e3o de Rony, oferta de rival e declara\u00e7\u00e3o de Muller: as \u00faltimas not\u00edcias do Palmeiras","datePublished":"2025-01-09T09:25:00+00:00","mainEntityOfPage":{"@id":"https:\/\/www.gaveanews.com\/index.php\/2025\/01\/09\/contratacao-de-rony-oferta-de-rival-e-declaracao-de-muller-as-ultimas-noticias-do-palmeiras\/"},"wordCount":812,"commentCount":0,"image":{"@id":"https:\/\/www.gaveanews.com\/index.php\/2025\/01\/09\/contratacao-de-rony-oferta-de-rival-e-declaracao-de-muller-as-ultimas-noticias-do-palmeiras\/#primaryimage"},"thumbnailUrl":"https:\/\/www.gaveanews.com\/wp-content\/uploads\/Allianz-Parque-estadio-do-Palmeiras.webp","articleSection":["Palmeiras"],"inLanguage":"pt-BR","potentialAction":[{"@type":"CommentAction","name":"Comment","target":["https:\/\/www.gaveanews.com\/index.php\/2025\/01\/09\/contratacao-de-rony-oferta-de-rival-e-declaracao-de-muller-as-ultimas-noticias-do-palmeiras\/#respond"]}],"copyrightYear":"2025","copyrightHolder":{"@id":"https:\/\/www.gaveanews.com\/#organization"}},{"@type":"WebPage","@id":"https:\/\/www.gaveanews.com\/index.php\/2025\/01\/09\/contratacao-de-rony-oferta-de-rival-e-declaracao-de-muller-as-ultimas-noticias-do-palmeiras\/","url":"https:\/\/www.gaveanews.com\/index.php\/2025\/01\/09\/contratacao-de-rony-oferta-de-rival-e-declaracao-de-muller-as-ultimas-noticias-do-palmeiras\/","name":"Contrata\u00e7\u00e3o de Rony, oferta de rival e declara\u00e7\u00e3o de Muller: as \u00faltimas not\u00edcias do Palmeiras","isPartOf":{"@id":"https:\/\/www.gaveanews.com\/#website"},"primaryImageOfPage":{"@id":"https:\/\/www.gaveanews.com\/index.php\/2025\/01\/09\/contratacao-de-rony-oferta-de-rival-e-declaracao-de-muller-as-ultimas-noticias-do-palmeiras\/#primaryimage"},"image":{"@id":"https:\/\/www.gaveanews.com\/index.php\/2025\/01\/09\/contratacao-de-rony-oferta-de-rival-e-declaracao-de-muller-as-ultimas-noticias-do-palmeiras\/#primaryimage"},"thumbnailUrl":"https:\/\/www.gaveanews.com\/wp-content\/uploads\/Allianz-Parque-estadio-do-Palmeiras.webp","datePublished":"2025-01-09T09:25:00+00:00","author":{"@id":"https:\/\/www.gaveanews.com\/#\/schema\/person\/8207cd4627f56151707418bfc835b2fb"},"breadcrumb":{"@id":"https:\/\/www.gaveanews.com\/index.php\/2025\/01\/09\/contratacao-de-rony-oferta-de-rival-e-declaracao-de-muller-as-ultimas-noticias-do-palmeiras\/#breadcrumb"},"inLanguage":"pt-BR","potentialAction":[{"@type":"ReadAction","target":["https:\/\/www.gaveanews.com\/index.php\/2025\/01\/09\/contratacao-de-rony-oferta-de-rival-e-declaracao-de-muller-as-ultimas-noticias-do-palmeiras\/"]}]},{"@type":"ImageObject","inLanguage":"pt-BR","@id":"https:\/\/www.gaveanews.com\/index.php\/2025\/01\/09\/contratacao-de-rony-oferta-de-rival-e-declaracao-de-muller-as-ultimas-noticias-do-palmeiras\/#primaryimage","url":"https:\/\/www.gaveanews.com\/wp-content\/uploads\/Allianz-Parque-estadio-do-Palmeiras.webp","contentUrl":"https:\/\/www.gaveanews.com\/wp-content\/uploads\/Allianz-Parque-estadio-do-Palmeiras.webp","width":1023,"height":767,"caption":"Allianz Parque, est\u00e1dio do Palmeiras (Foto: Reprodu\u00e7\u00e3o\/Palmeiras)"},{"@type":"BreadcrumbList","@id":"https:\/\/www.gaveanews.com\/index.php\/2025\/01\/09\/contratacao-de-rony-oferta-de-rival-e-declaracao-de-muller-as-ultimas-noticias-do-palmeiras\/#breadcrumb","itemListElement":[{"@type":"ListItem","position":1,"name":"Home","item":"https:\/\/www.gaveanews.com\/"},{"@type":"ListItem","position":2,"name":"Contrata\u00e7\u00e3o de Rony, oferta de rival e declara\u00e7\u00e3o de Muller: as \u00faltimas not\u00edcias do Palmeiras"}]},{"@type":"WebSite","@id":"https:\/\/www.gaveanews.com\/#website","url":"https:\/\/www.gaveanews.com\/","name":"G\u00e1vea News","description":"Veja todas as not\u00edcias sobre o Flamengo: Contrata\u00e7\u00f5es, categorias de base, resultados das partidas, tabela de classifica\u00e7\u00e3o, pr\u00f3ximos jogos!","potentialAction":[{"@type":"SearchAction","target":{"@type":"EntryPoint","urlTemplate":"https:\/\/www.gaveanews.com\/?s={search_term_string}"},"query-input":{"@type":"PropertyValueSpecification","valueRequired":true,"valueName":"search_term_string"}}],"inLanguage":"pt-BR"},{"@type":"Person","@id":"https:\/\/www.gaveanews.com\/#\/schema\/person\/8207cd4627f56151707418bfc835b2fb","name":"Matheus Felipe","image":{"@type":"ImageObject","inLanguage":"pt-BR","@id":"https:\/\/www.gaveanews.com\/#\/schema\/person\/image\/","url":"https:\/\/secure.gravatar.com\/avatar\/a452ffbed9130f726358b298bb3a99ce4bd3c5338411f8440e87e14d74c7c087?s=96&d=mm&r=g","contentUrl":"https:\/\/secure.gravatar.com\/avatar\/a452ffbed9130f726358b298bb3a99ce4bd3c5338411f8440e87e14d74c7c087?s=96&d=mm&r=g","caption":"Matheus Felipe"}}]}},"_links":{"self":[{"href":"https:\/\/www.gaveanews.com\/index.php\/wp-json\/wp\/v2\/posts\/209969","targetHints":{"allow":["GET"]}}],"collection":[{"href":"https:\/\/www.gaveanews.com\/index.php\/wp-json\/wp\/v2\/posts"}],"about":[{"href":"https:\/\/www.gaveanews.com\/index.php\/wp-json\/wp\/v2\/types\/post"}],"author":[{"embeddable":true,"href":"https:\/\/www.gaveanews.com\/index.php\/wp-json\/wp\/v2\/users\/27"}],"replies":[{"embeddable":true,"href":"https:\/\/www.gaveanews.com\/index.php\/wp-json\/wp\/v2\/comments?post=209969"}],"version-history":[{"count":1,"href":"https:\/\/www.gaveanews.com\/index.php\/wp-json\/wp\/v2\/posts\/209969\/revisions"}],"predecessor-version":[{"id":209992,"href":"https:\/\/www.gaveanews.com\/index.php\/wp-json\/wp\/v2\/posts\/209969\/revisions\/209992"}],"wp:featuredmedia":[{"embeddable":true,"href":"https:\/\/www.gaveanews.com\/index.php\/wp-json\/wp\/v2\/media\/155182"}],"wp:attachment":[{"href":"https:\/\/www.gaveanews.com\/index.php\/wp-json\/wp\/v2\/media?parent=209969"}],"wp:term":[{"taxonomy":"category","embeddable":true,"href":"https:\/\/www.gaveanews.com\/index.php\/wp-json\/wp\/v2\/categories?post=209969"},{"taxonomy":"post_tag","embeddable":true,"href":"https:\/\/www.gaveanews.com\/index.php\/wp-json\/wp\/v2\/tags?post=209969"}],"curies":[{"name":"wp","href":"https:\/\/api.w.org\/{rel}","templated":true}]}}