{"id":209981,"date":"2025-01-09T08:25:00","date_gmt":"2025-01-09T11:25:00","guid":{"rendered":"https:\/\/www.gaveanews.com\/?p=209981"},"modified":"2025-01-09T02:53:25","modified_gmt":"2025-01-09T05:53:25","slug":"bahia-foi-com-tudo-para-contratar-titular-do-vasco","status":"publish","type":"post","link":"https:\/\/www.gaveanews.com\/index.php\/2025\/01\/09\/bahia-foi-com-tudo-para-contratar-titular-do-vasco\/","title":{"rendered":"Bahia foi com tudo para contratar titular do Vasco"},"content":{"rendered":"\n<p>O Bahia segue ativo no mercado de transfer\u00eancias e busca refor\u00e7ar seu elenco para a temporada, especialmente visando a disputa da Libertadores. A equipe comandada por Rog\u00e9rio Ceni tem como prioridade a contrata\u00e7\u00e3o de um goleiro e j\u00e1 sondou alguns nomes no mercado. Entre as op\u00e7\u00f5es avaliadas, um nome se destacou e passou a ser o principal alvo do clube baiano.<\/p>\n\n\n\n<ul class=\"wp-block-list\">\n<li><a href=\"https:\/\/www.gaveanews.com\/index.php\/2025\/01\/07\/vasco-define-futuro-de-capasso\/\">Vasco define futuro de Capasso<\/a><\/li>\n\n\n\n<li><a href=\"https:\/\/www.gaveanews.com\/index.php\/2025\/01\/07\/atacante-do-vasco-recusa-proposta-da-europa\/\">Atacante do Vasco recusa proposta da Europa<\/a><\/li>\n<\/ul>\n\n\n\n<h2 class=\"wp-block-heading\" id=\"h-leo-jardim-na-mira-do-bahia\">L\u00e9o Jardim na mira do Bahia<\/h2>\n\n\n\n<p>O goleiro L\u00e9o Jardim, atualmente titular do Vasco, recebeu contato da diretoria do Bahia nos \u00faltimos dias. O jogador \u00e9 considerado pe\u00e7a fundamental no elenco vasca\u00edno, mas sua situa\u00e7\u00e3o contratual chamou a aten\u00e7\u00e3o do Tricolor. O interesse na contrata\u00e7\u00e3o do atleta partiu de um pedido de Rog\u00e9rio Ceni, que v\u00ea o arqueiro como a op\u00e7\u00e3o ideal para assumir a meta do clube na temporada.<\/p>\n\n\n\n<p>Atualmente, L\u00e9o Jardim tem contrato com o Vasco at\u00e9 dezembro de 2025. Isso significa que, a partir de junho deste ano, ele poder\u00e1 assinar um pr\u00e9-contrato com qualquer equipe sem custos de transfer\u00eancia. Essa condi\u00e7\u00e3o faz com que o clube carioca precise decidir se renova o v\u00ednculo do jogador ou se negocia sua sa\u00edda ainda nesta janela para evitar uma perda sem compensa\u00e7\u00e3o financeira no futuro.<\/p>\n\n\n\n<h2 class=\"wp-block-heading\" id=\"h-valores-e-concorrencia\">Valores e concorr\u00eancia<\/h2>\n\n\n\n<figure class=\"wp-block-image size-large\"><img loading=\"lazy\" decoding=\"async\" width=\"1024\" height=\"640\" src=\"https:\/\/www.gaveanews.com\/wp-content\/uploads\/Leo-Jardim-em-acao-pelo-Vasco-1024x640.webp\" alt=\"\" class=\"wp-image-169868\" srcset=\"https:\/\/www.gaveanews.com\/wp-content\/uploads\/Leo-Jardim-em-acao-pelo-Vasco-1024x640.webp 1024w, https:\/\/www.gaveanews.com\/wp-content\/uploads\/Leo-Jardim-em-acao-pelo-Vasco-300x188.webp 300w, https:\/\/www.gaveanews.com\/wp-content\/uploads\/Leo-Jardim-em-acao-pelo-Vasco-768x480.webp 768w, https:\/\/www.gaveanews.com\/wp-content\/uploads\/Leo-Jardim-em-acao-pelo-Vasco-1536x960.webp 1536w, https:\/\/www.gaveanews.com\/wp-content\/uploads\/Leo-Jardim-em-acao-pelo-Vasco-672x420.webp 672w, https:\/\/www.gaveanews.com\/wp-content\/uploads\/Leo-Jardim-em-acao-pelo-Vasco-1344x840.webp 1344w, https:\/\/www.gaveanews.com\/wp-content\/uploads\/Leo-Jardim-em-acao-pelo-Vasco-640x400.webp 640w, https:\/\/www.gaveanews.com\/wp-content\/uploads\/Leo-Jardim-em-acao-pelo-Vasco-1280x800.webp 1280w, https:\/\/www.gaveanews.com\/wp-content\/uploads\/Leo-Jardim-em-acao-pelo-Vasco-681x426.webp 681w, https:\/\/www.gaveanews.com\/wp-content\/uploads\/Leo-Jardim-em-acao-pelo-Vasco-1362x851.webp 1362w, https:\/\/www.gaveanews.com\/wp-content\/uploads\/Leo-Jardim-em-acao-pelo-Vasco-100x63.webp 100w, https:\/\/www.gaveanews.com\/wp-content\/uploads\/Leo-Jardim-em-acao-pelo-Vasco.webp 1600w\" sizes=\"auto, (max-width: 1024px) 100vw, 1024px\" \/><figcaption class=\"wp-element-caption\">L\u00e9o Jardim em a\u00e7\u00e3o pelo Vasco (Foto: Leandro Amorim\/Vasco)<\/figcaption><\/figure>\n\n\n\n<p>Para contar com L\u00e9o Jardim, o Bahia teria que desembolsar um valor entre 5 e 7 milh\u00f5es de euros (R$ 31 e R$ 44 milh\u00f5es respectivamente). O Vasco, por sua vez, n\u00e3o demonstra interesse em facilitar a negocia\u00e7\u00e3o, pois considera o jogador pe\u00e7a-chave no elenco. Al\u00e9m de L\u00e9o Jardim, o Bahia tamb\u00e9m avaliou outras op\u00e7\u00f5es para o gol, como Rafael Cabral, ex-Napoli e Sampdoria, e Rafael, do S\u00e3o Paulo. No entanto, o clube paulista j\u00e1 sinalizou que n\u00e3o pretende negociar seu goleiro.<\/p>\n\n\n\n<p>Outro fator que pode influenciar o futuro do jogador \u00e9 sua rela\u00e7\u00e3o com a Talents Sports, empresa de Paulo Pitombeira, respons\u00e1vel por diversas negocia\u00e7\u00f5es no Bahia. Al\u00e9m disso, L\u00e9o Jardim assinou contrato de patroc\u00ednio com a PUMA, fornecedora de material esportivo que passar\u00e1 a vestir o clube baiano.<\/p>\n\n\n\n<p>A diretoria do Bahia trabalha com urg\u00eancia para definir a contrata\u00e7\u00e3o de um novo goleiro antes da fase inicial da Libertadores. Enquanto isso, o Vasco analisa as possibilidades para resolver a situa\u00e7\u00e3o contratual de L\u00e9o Jardim e evitar a sa\u00edda do jogador sem compensa\u00e7\u00e3o financeira.<\/p>\n","protected":false},"excerpt":{"rendered":"<p>O Bahia segue ativo no mercado de transfer\u00eancias e busca refor\u00e7ar seu elenco para a temporada, especialmente visando a disputa da Libertadores. A equipe comandada por Rog\u00e9rio Ceni tem como prioridade a contrata\u00e7\u00e3o de um goleiro e j\u00e1 sondou alguns nomes no mercado. Entre as op\u00e7\u00f5es avaliadas, um nome se destacou e passou a ser [&hellip;]<\/p>\n","protected":false},"author":15,"featured_media":154442,"comment_status":"open","ping_status":"closed","sticky":false,"template":"","format":"standard","meta":{"footnotes":""},"categories":[137,152],"tags":[],"class_list":["post-209981","post","type-post","status-publish","format-standard","has-post-thumbnail","hentry","category-bahia","category-vasco"],"yoast_head":"<!-- This site is optimized with the Yoast SEO Premium plugin v24.2 (Yoast SEO v26.9) - https:\/\/yoast.com\/product\/yoast-seo-premium-wordpress\/ -->\n<title>Bahia foi com tudo para contratar titular do Vasco<\/title>\n<meta name=\"robots\" content=\"index, follow, max-snippet:-1, max-image-preview:large, max-video-preview:-1\" \/>\n<link rel=\"canonical\" href=\"https:\/\/www.gaveanews.com\/index.php\/2025\/01\/09\/bahia-foi-com-tudo-para-contratar-titular-do-vasco\/\" \/>\n<meta property=\"og:locale\" content=\"pt_BR\" \/>\n<meta property=\"og:type\" content=\"article\" \/>\n<meta property=\"og:title\" content=\"Bahia foi com tudo para contratar titular do Vasco\" \/>\n<meta property=\"og:description\" content=\"O Bahia segue ativo no mercado de transfer\u00eancias e busca refor\u00e7ar seu elenco para a temporada, especialmente visando a disputa da Libertadores. A equipe comandada por Rog\u00e9rio Ceni tem como prioridade a contrata\u00e7\u00e3o de um goleiro e j\u00e1 sondou alguns nomes no mercado. Entre as op\u00e7\u00f5es avaliadas, um nome se destacou e passou a ser [&hellip;]\" \/>\n<meta property=\"og:url\" content=\"https:\/\/www.gaveanews.com\/index.php\/2025\/01\/09\/bahia-foi-com-tudo-para-contratar-titular-do-vasco\/\" \/>\n<meta property=\"og:site_name\" content=\"G\u00e1vea News\" \/>\n<meta property=\"article:publisher\" content=\"https:\/\/facebook.com\/gaveaNews\/\" \/>\n<meta property=\"article:published_time\" content=\"2025-01-09T11:25:00+00:00\" \/>\n<meta property=\"og:image\" content=\"https:\/\/www.gaveanews.com\/wp-content\/uploads\/Time-do-Bahia-durante-partida-contra-o-Cuiaba-pelo-Brasileirao-2024.webp\" \/>\n\t<meta property=\"og:image:width\" content=\"799\" \/>\n\t<meta property=\"og:image:height\" content=\"533\" \/>\n\t<meta property=\"og:image:type\" content=\"image\/jpeg\" \/>\n<meta name=\"author\" content=\"Henrique Machado\" \/>\n<meta name=\"twitter:card\" content=\"summary_large_image\" \/>\n<meta name=\"twitter:label1\" content=\"Escrito por\" \/>\n\t<meta name=\"twitter:data1\" content=\"Henrique Machado\" \/>\n\t<meta name=\"twitter:label2\" content=\"Est. tempo de leitura\" \/>\n\t<meta name=\"twitter:data2\" content=\"3 minutos\" \/>\n<script type=\"application\/ld+json\" class=\"yoast-schema-graph\">{\"@context\":\"https:\/\/schema.org\",\"@graph\":[{\"@type\":\"NewsArticle\",\"@id\":\"https:\/\/www.gaveanews.com\/index.php\/2025\/01\/09\/bahia-foi-com-tudo-para-contratar-titular-do-vasco\/#article\",\"isPartOf\":{\"@id\":\"https:\/\/www.gaveanews.com\/index.php\/2025\/01\/09\/bahia-foi-com-tudo-para-contratar-titular-do-vasco\/\"},\"author\":{\"name\":\"Henrique Machado\",\"@id\":\"https:\/\/www.gaveanews.com\/#\/schema\/person\/fd07635ec039ec3ba74ad18ec8a6dbd6\"},\"headline\":\"Bahia foi com tudo para contratar titular do Vasco\",\"datePublished\":\"2025-01-09T11:25:00+00:00\",\"mainEntityOfPage\":{\"@id\":\"https:\/\/www.gaveanews.com\/index.php\/2025\/01\/09\/bahia-foi-com-tudo-para-contratar-titular-do-vasco\/\"},\"wordCount\":447,\"commentCount\":0,\"image\":{\"@id\":\"https:\/\/www.gaveanews.com\/index.php\/2025\/01\/09\/bahia-foi-com-tudo-para-contratar-titular-do-vasco\/#primaryimage\"},\"thumbnailUrl\":\"https:\/\/www.gaveanews.com\/wp-content\/uploads\/Time-do-Bahia-durante-partida-contra-o-Cuiaba-pelo-Brasileirao-2024.webp\",\"articleSection\":[\"Bahia\",\"Vasco\"],\"inLanguage\":\"pt-BR\",\"potentialAction\":[{\"@type\":\"CommentAction\",\"name\":\"Comment\",\"target\":[\"https:\/\/www.gaveanews.com\/index.php\/2025\/01\/09\/bahia-foi-com-tudo-para-contratar-titular-do-vasco\/#respond\"]}],\"copyrightYear\":\"2025\",\"copyrightHolder\":{\"@id\":\"https:\/\/www.gaveanews.com\/#organization\"}},{\"@type\":\"WebPage\",\"@id\":\"https:\/\/www.gaveanews.com\/index.php\/2025\/01\/09\/bahia-foi-com-tudo-para-contratar-titular-do-vasco\/\",\"url\":\"https:\/\/www.gaveanews.com\/index.php\/2025\/01\/09\/bahia-foi-com-tudo-para-contratar-titular-do-vasco\/\",\"name\":\"Bahia foi com tudo para contratar titular do Vasco\",\"isPartOf\":{\"@id\":\"https:\/\/www.gaveanews.com\/#website\"},\"primaryImageOfPage\":{\"@id\":\"https:\/\/www.gaveanews.com\/index.php\/2025\/01\/09\/bahia-foi-com-tudo-para-contratar-titular-do-vasco\/#primaryimage\"},\"image\":{\"@id\":\"https:\/\/www.gaveanews.com\/index.php\/2025\/01\/09\/bahia-foi-com-tudo-para-contratar-titular-do-vasco\/#primaryimage\"},\"thumbnailUrl\":\"https:\/\/www.gaveanews.com\/wp-content\/uploads\/Time-do-Bahia-durante-partida-contra-o-Cuiaba-pelo-Brasileirao-2024.webp\",\"datePublished\":\"2025-01-09T11:25:00+00:00\",\"author\":{\"@id\":\"https:\/\/www.gaveanews.com\/#\/schema\/person\/fd07635ec039ec3ba74ad18ec8a6dbd6\"},\"breadcrumb\":{\"@id\":\"https:\/\/www.gaveanews.com\/index.php\/2025\/01\/09\/bahia-foi-com-tudo-para-contratar-titular-do-vasco\/#breadcrumb\"},\"inLanguage\":\"pt-BR\",\"potentialAction\":[{\"@type\":\"ReadAction\",\"target\":[\"https:\/\/www.gaveanews.com\/index.php\/2025\/01\/09\/bahia-foi-com-tudo-para-contratar-titular-do-vasco\/\"]}]},{\"@type\":\"ImageObject\",\"inLanguage\":\"pt-BR\",\"@id\":\"https:\/\/www.gaveanews.com\/index.php\/2025\/01\/09\/bahia-foi-com-tudo-para-contratar-titular-do-vasco\/#primaryimage\",\"url\":\"https:\/\/www.gaveanews.com\/wp-content\/uploads\/Time-do-Bahia-durante-partida-contra-o-Cuiaba-pelo-Brasileirao-2024.webp\",\"contentUrl\":\"https:\/\/www.gaveanews.com\/wp-content\/uploads\/Time-do-Bahia-durante-partida-contra-o-Cuiaba-pelo-Brasileirao-2024.webp\",\"width\":799,\"height\":533,\"caption\":\"Time do Bahia durante partida contra o Cuiab\u00e1 pelo Brasileir\u00e3o 2024 (Foto:Rafael Rodrigues\/Bahia)\"},{\"@type\":\"BreadcrumbList\",\"@id\":\"https:\/\/www.gaveanews.com\/index.php\/2025\/01\/09\/bahia-foi-com-tudo-para-contratar-titular-do-vasco\/#breadcrumb\",\"itemListElement\":[{\"@type\":\"ListItem\",\"position\":1,\"name\":\"Home\",\"item\":\"https:\/\/www.gaveanews.com\/\"},{\"@type\":\"ListItem\",\"position\":2,\"name\":\"Bahia foi com tudo para contratar titular do Vasco\"}]},{\"@type\":\"WebSite\",\"@id\":\"https:\/\/www.gaveanews.com\/#website\",\"url\":\"https:\/\/www.gaveanews.com\/\",\"name\":\"G\u00e1vea News\",\"description\":\"Veja todas as not\u00edcias sobre o Flamengo: Contrata\u00e7\u00f5es, categorias de base, resultados das partidas, tabela de classifica\u00e7\u00e3o, pr\u00f3ximos jogos!\",\"potentialAction\":[{\"@type\":\"SearchAction\",\"target\":{\"@type\":\"EntryPoint\",\"urlTemplate\":\"https:\/\/www.gaveanews.com\/?s={search_term_string}\"},\"query-input\":{\"@type\":\"PropertyValueSpecification\",\"valueRequired\":true,\"valueName\":\"search_term_string\"}}],\"inLanguage\":\"pt-BR\"},{\"@type\":\"Person\",\"@id\":\"https:\/\/www.gaveanews.com\/#\/schema\/person\/fd07635ec039ec3ba74ad18ec8a6dbd6\",\"name\":\"Henrique Machado\",\"image\":{\"@type\":\"ImageObject\",\"inLanguage\":\"pt-BR\",\"@id\":\"https:\/\/www.gaveanews.com\/#\/schema\/person\/image\/\",\"url\":\"https:\/\/secure.gravatar.com\/avatar\/b95e35997e01d9800c1b6184bd79d4d898d370a3fce2584f5c77b907d5c7d9e9?s=96&d=mm&r=g\",\"contentUrl\":\"https:\/\/secure.gravatar.com\/avatar\/b95e35997e01d9800c1b6184bd79d4d898d370a3fce2584f5c77b907d5c7d9e9?s=96&d=mm&r=g\",\"caption\":\"Henrique Machado\"}}]}<\/script>\n<!-- \/ Yoast SEO Premium plugin. -->","yoast_head_json":{"title":"Bahia foi com tudo para contratar titular do Vasco","robots":{"index":"index","follow":"follow","max-snippet":"max-snippet:-1","max-image-preview":"max-image-preview:large","max-video-preview":"max-video-preview:-1"},"canonical":"https:\/\/www.gaveanews.com\/index.php\/2025\/01\/09\/bahia-foi-com-tudo-para-contratar-titular-do-vasco\/","og_locale":"pt_BR","og_type":"article","og_title":"Bahia foi com tudo para contratar titular do Vasco","og_description":"O Bahia segue ativo no mercado de transfer\u00eancias e busca refor\u00e7ar seu elenco para a temporada, especialmente visando a disputa da Libertadores. A equipe comandada por Rog\u00e9rio Ceni tem como prioridade a contrata\u00e7\u00e3o de um goleiro e j\u00e1 sondou alguns nomes no mercado. Entre as op\u00e7\u00f5es avaliadas, um nome se destacou e passou a ser [&hellip;]","og_url":"https:\/\/www.gaveanews.com\/index.php\/2025\/01\/09\/bahia-foi-com-tudo-para-contratar-titular-do-vasco\/","og_site_name":"G\u00e1vea News","article_publisher":"https:\/\/facebook.com\/gaveaNews\/","article_published_time":"2025-01-09T11:25:00+00:00","og_image":[{"width":799,"height":533,"url":"https:\/\/www.gaveanews.com\/wp-content\/uploads\/Time-do-Bahia-durante-partida-contra-o-Cuiaba-pelo-Brasileirao-2024.webp","type":"image\/jpeg"}],"author":"Henrique Machado","twitter_card":"summary_large_image","twitter_misc":{"Escrito por":"Henrique Machado","Est. tempo de leitura":"3 minutos"},"schema":{"@context":"https:\/\/schema.org","@graph":[{"@type":"NewsArticle","@id":"https:\/\/www.gaveanews.com\/index.php\/2025\/01\/09\/bahia-foi-com-tudo-para-contratar-titular-do-vasco\/#article","isPartOf":{"@id":"https:\/\/www.gaveanews.com\/index.php\/2025\/01\/09\/bahia-foi-com-tudo-para-contratar-titular-do-vasco\/"},"author":{"name":"Henrique Machado","@id":"https:\/\/www.gaveanews.com\/#\/schema\/person\/fd07635ec039ec3ba74ad18ec8a6dbd6"},"headline":"Bahia foi com tudo para contratar titular do Vasco","datePublished":"2025-01-09T11:25:00+00:00","mainEntityOfPage":{"@id":"https:\/\/www.gaveanews.com\/index.php\/2025\/01\/09\/bahia-foi-com-tudo-para-contratar-titular-do-vasco\/"},"wordCount":447,"commentCount":0,"image":{"@id":"https:\/\/www.gaveanews.com\/index.php\/2025\/01\/09\/bahia-foi-com-tudo-para-contratar-titular-do-vasco\/#primaryimage"},"thumbnailUrl":"https:\/\/www.gaveanews.com\/wp-content\/uploads\/Time-do-Bahia-durante-partida-contra-o-Cuiaba-pelo-Brasileirao-2024.webp","articleSection":["Bahia","Vasco"],"inLanguage":"pt-BR","potentialAction":[{"@type":"CommentAction","name":"Comment","target":["https:\/\/www.gaveanews.com\/index.php\/2025\/01\/09\/bahia-foi-com-tudo-para-contratar-titular-do-vasco\/#respond"]}],"copyrightYear":"2025","copyrightHolder":{"@id":"https:\/\/www.gaveanews.com\/#organization"}},{"@type":"WebPage","@id":"https:\/\/www.gaveanews.com\/index.php\/2025\/01\/09\/bahia-foi-com-tudo-para-contratar-titular-do-vasco\/","url":"https:\/\/www.gaveanews.com\/index.php\/2025\/01\/09\/bahia-foi-com-tudo-para-contratar-titular-do-vasco\/","name":"Bahia foi com tudo para contratar titular do Vasco","isPartOf":{"@id":"https:\/\/www.gaveanews.com\/#website"},"primaryImageOfPage":{"@id":"https:\/\/www.gaveanews.com\/index.php\/2025\/01\/09\/bahia-foi-com-tudo-para-contratar-titular-do-vasco\/#primaryimage"},"image":{"@id":"https:\/\/www.gaveanews.com\/index.php\/2025\/01\/09\/bahia-foi-com-tudo-para-contratar-titular-do-vasco\/#primaryimage"},"thumbnailUrl":"https:\/\/www.gaveanews.com\/wp-content\/uploads\/Time-do-Bahia-durante-partida-contra-o-Cuiaba-pelo-Brasileirao-2024.webp","datePublished":"2025-01-09T11:25:00+00:00","author":{"@id":"https:\/\/www.gaveanews.com\/#\/schema\/person\/fd07635ec039ec3ba74ad18ec8a6dbd6"},"breadcrumb":{"@id":"https:\/\/www.gaveanews.com\/index.php\/2025\/01\/09\/bahia-foi-com-tudo-para-contratar-titular-do-vasco\/#breadcrumb"},"inLanguage":"pt-BR","potentialAction":[{"@type":"ReadAction","target":["https:\/\/www.gaveanews.com\/index.php\/2025\/01\/09\/bahia-foi-com-tudo-para-contratar-titular-do-vasco\/"]}]},{"@type":"ImageObject","inLanguage":"pt-BR","@id":"https:\/\/www.gaveanews.com\/index.php\/2025\/01\/09\/bahia-foi-com-tudo-para-contratar-titular-do-vasco\/#primaryimage","url":"https:\/\/www.gaveanews.com\/wp-content\/uploads\/Time-do-Bahia-durante-partida-contra-o-Cuiaba-pelo-Brasileirao-2024.webp","contentUrl":"https:\/\/www.gaveanews.com\/wp-content\/uploads\/Time-do-Bahia-durante-partida-contra-o-Cuiaba-pelo-Brasileirao-2024.webp","width":799,"height":533,"caption":"Time do Bahia durante partida contra o Cuiab\u00e1 pelo Brasileir\u00e3o 2024 (Foto:Rafael Rodrigues\/Bahia)"},{"@type":"BreadcrumbList","@id":"https:\/\/www.gaveanews.com\/index.php\/2025\/01\/09\/bahia-foi-com-tudo-para-contratar-titular-do-vasco\/#breadcrumb","itemListElement":[{"@type":"ListItem","position":1,"name":"Home","item":"https:\/\/www.gaveanews.com\/"},{"@type":"ListItem","position":2,"name":"Bahia foi com tudo para contratar titular do Vasco"}]},{"@type":"WebSite","@id":"https:\/\/www.gaveanews.com\/#website","url":"https:\/\/www.gaveanews.com\/","name":"G\u00e1vea News","description":"Veja todas as not\u00edcias sobre o Flamengo: Contrata\u00e7\u00f5es, categorias de base, resultados das partidas, tabela de classifica\u00e7\u00e3o, pr\u00f3ximos jogos!","potentialAction":[{"@type":"SearchAction","target":{"@type":"EntryPoint","urlTemplate":"https:\/\/www.gaveanews.com\/?s={search_term_string}"},"query-input":{"@type":"PropertyValueSpecification","valueRequired":true,"valueName":"search_term_string"}}],"inLanguage":"pt-BR"},{"@type":"Person","@id":"https:\/\/www.gaveanews.com\/#\/schema\/person\/fd07635ec039ec3ba74ad18ec8a6dbd6","name":"Henrique Machado","image":{"@type":"ImageObject","inLanguage":"pt-BR","@id":"https:\/\/www.gaveanews.com\/#\/schema\/person\/image\/","url":"https:\/\/secure.gravatar.com\/avatar\/b95e35997e01d9800c1b6184bd79d4d898d370a3fce2584f5c77b907d5c7d9e9?s=96&d=mm&r=g","contentUrl":"https:\/\/secure.gravatar.com\/avatar\/b95e35997e01d9800c1b6184bd79d4d898d370a3fce2584f5c77b907d5c7d9e9?s=96&d=mm&r=g","caption":"Henrique Machado"}}]}},"_links":{"self":[{"href":"https:\/\/www.gaveanews.com\/index.php\/wp-json\/wp\/v2\/posts\/209981","targetHints":{"allow":["GET"]}}],"collection":[{"href":"https:\/\/www.gaveanews.com\/index.php\/wp-json\/wp\/v2\/posts"}],"about":[{"href":"https:\/\/www.gaveanews.com\/index.php\/wp-json\/wp\/v2\/types\/post"}],"author":[{"embeddable":true,"href":"https:\/\/www.gaveanews.com\/index.php\/wp-json\/wp\/v2\/users\/15"}],"replies":[{"embeddable":true,"href":"https:\/\/www.gaveanews.com\/index.php\/wp-json\/wp\/v2\/comments?post=209981"}],"version-history":[{"count":3,"href":"https:\/\/www.gaveanews.com\/index.php\/wp-json\/wp\/v2\/posts\/209981\/revisions"}],"predecessor-version":[{"id":210000,"href":"https:\/\/www.gaveanews.com\/index.php\/wp-json\/wp\/v2\/posts\/209981\/revisions\/210000"}],"wp:featuredmedia":[{"embeddable":true,"href":"https:\/\/www.gaveanews.com\/index.php\/wp-json\/wp\/v2\/media\/154442"}],"wp:attachment":[{"href":"https:\/\/www.gaveanews.com\/index.php\/wp-json\/wp\/v2\/media?parent=209981"}],"wp:term":[{"taxonomy":"category","embeddable":true,"href":"https:\/\/www.gaveanews.com\/index.php\/wp-json\/wp\/v2\/categories?post=209981"},{"taxonomy":"post_tag","embeddable":true,"href":"https:\/\/www.gaveanews.com\/index.php\/wp-json\/wp\/v2\/tags?post=209981"}],"curies":[{"name":"wp","href":"https:\/\/api.w.org\/{rel}","templated":true}]}}