{"id":210024,"date":"2025-01-09T00:06:25","date_gmt":"2025-01-09T03:06:25","guid":{"rendered":"https:\/\/www.gaveanews.com\/?p=210024"},"modified":"2025-01-09T00:06:29","modified_gmt":"2025-01-09T03:06:29","slug":"atletico-mg-reage-apos-possivel-saida-de-battaglia-e-zaracho","status":"publish","type":"post","link":"https:\/\/www.gaveanews.com\/index.php\/2025\/01\/09\/atletico-mg-reage-apos-possivel-saida-de-battaglia-e-zaracho\/","title":{"rendered":"Atl\u00e9tico-MG reage ap\u00f3s poss\u00edvel sa\u00edda de Battaglia e Zaracho"},"content":{"rendered":"\n<p>As not\u00edcias no mercado da bola come\u00e7aram a esquentar no Atl\u00e9tico-MG, principalmente na segunda-feira (7). Battaglia e Zaracho apareceram bem na internet no in\u00edcio desta semana, em especial na Argentina. V\u00e1rios sites esportivos vem trazendo a informa\u00e7\u00e3o que os dois atletas interessam ao Boca Juniors e ao Racing, e os rumores n\u00e3o s\u00e3o de agora.<\/p>\n\n\n\n<ul class=\"wp-block-list\">\n<li><a href=\"https:\/\/www.gaveanews.com\/index.php\/2024\/12\/30\/a-declaracao-de-rubens-menin-sobre-as-contratacoes-do-atletico-mg-para-2025\/\">A declara\u00e7\u00e3o de Rubens Menin sobre as contrata\u00e7\u00f5es do Atl\u00e9tico-MG para 2025<\/a><\/li>\n\n\n\n<li><a href=\"https:\/\/www.gaveanews.com\/index.php\/2024\/12\/27\/chegada-de-matheus-pereira-futuro-de-rony-e-gabriel-menino-em-bh-as-ultimas-noticias-do-palmeiras\/\">Chegada de Matheus Pereira, futuro de Rony e Gabriel Menino em BH: as \u00faltimas not\u00edcias do Palmeiras<\/a><\/li>\n<\/ul>\n\n\n\n<p>\u201cBoca j\u00e1 est\u00e1 negociando, cara a cara, com o Atl\u00e9tico para comprar os 100% dos direitos de Rodrigo Battaglia. J\u00e1 h\u00e1 conversas para comprar Rodrigo Battaglia\u201d, afirmou o jornalista Tati Civiello, na segunda-feira (6), durante a programa\u00e7\u00e3o do TyC Sports. A rede de r\u00e1dio, Itatiaia procurou o Atl\u00e9tico-MG, que n\u00e3o se manifestou sobre o caso.<\/p>\n\n\n\n<p>Depois de abrir negocia\u00e7\u00f5es para renovar o contrato de Zaracho na \u00faltima semana de 2024, o Atl\u00e9tico pode se despedir do meio-campista. Isso porque o Racing, ex-clube do argentino, tem interesse em contrata-lo novamente e deu in\u00edcio \u00e0s negocia\u00e7\u00f5es com o Galo pelo jogador, segundo fontes do ESPN.<\/p>\n\n\n\n<h2 class=\"wp-block-heading\" id=\"h-qual-sera-o-futuro-dos-atletas\">Qual ser\u00e1 o futuro dos atletas?<\/h2>\n\n\n\n<p>Rodrigo Battaglia no Boca e Mat\u00edas Zaracho no Racing, ambas negocia\u00e7\u00f5es podem sim acontecer. Os dois jogadores que atuam no Galo tem contrato at\u00e9 o fim de 2025 com o clube mineiro, quest\u00f5es de renova\u00e7\u00e3o est\u00e3o em andamento, por\u00e9m a tentativa de acordo esfriaram, devido ao interesse dos times argentinos.<\/p>\n\n\n\n<p>Grandes portais da Argentina est\u00e3o falando sobre a poss\u00edvel ida dos dois jogadores, mas destacam principalmente o caso de Battaglia, acreditando que sua negocia\u00e7\u00e3o est\u00e1 mais avan\u00e7ada do que a de Zaracho. A expectativa \u00e9 que a transfer\u00eancia de Battaglia aconte\u00e7a antes do que a de seu companheiro de equipe.<\/p>\n\n\n\n<h2 class=\"wp-block-heading\" id=\"h-opiniao-de-atletico-mg\">Opini\u00e3o de Atl\u00e9tico-MG<\/h2>\n\n\n\n<p>De acordo com o canal \u201cEu Acredito\u201d, que apurou junto a uma fonte do Galo, a resposta foi clara: &#8220;N\u00e3o chegou nenhuma oferta para o Battaglia x Zaracho.&#8221; Isso levanta algumas suspeitas, pois diversos portais argentinos afirmam que o Boca Juniors j\u00e1 teria enviado uma proposta para o Atl\u00e9tico-MG.<\/p>\n","protected":false},"excerpt":{"rendered":"<p>As not\u00edcias no mercado da bola come\u00e7aram a esquentar no Atl\u00e9tico-MG, principalmente na segunda-feira (7). Battaglia e Zaracho apareceram bem na internet no in\u00edcio desta semana, em especial na Argentina. V\u00e1rios sites esportivos vem trazendo a informa\u00e7\u00e3o que os dois atletas interessam ao Boca Juniors e ao Racing, e os rumores n\u00e3o s\u00e3o de agora. [&hellip;]<\/p>\n","protected":false},"author":31,"featured_media":109263,"comment_status":"open","ping_status":"closed","sticky":false,"template":"","format":"standard","meta":{"footnotes":""},"categories":[136],"tags":[],"class_list":["post-210024","post","type-post","status-publish","format-standard","has-post-thumbnail","hentry","category-atletico-mg"],"yoast_head":"<!-- This site is optimized with the Yoast SEO Premium plugin v24.2 (Yoast SEO v26.9) - https:\/\/yoast.com\/product\/yoast-seo-premium-wordpress\/ -->\n<title>Atl\u00e9tico-MG reage ap\u00f3s poss\u00edvel sa\u00edda de Battaglia e Zaracho<\/title>\n<meta name=\"robots\" content=\"index, follow, max-snippet:-1, max-image-preview:large, max-video-preview:-1\" \/>\n<link rel=\"canonical\" href=\"https:\/\/www.gaveanews.com\/index.php\/2025\/01\/09\/atletico-mg-reage-apos-possivel-saida-de-battaglia-e-zaracho\/\" \/>\n<meta property=\"og:locale\" content=\"pt_BR\" \/>\n<meta property=\"og:type\" content=\"article\" \/>\n<meta property=\"og:title\" content=\"Atl\u00e9tico-MG reage ap\u00f3s poss\u00edvel sa\u00edda de Battaglia e Zaracho\" \/>\n<meta property=\"og:description\" content=\"As not\u00edcias no mercado da bola come\u00e7aram a esquentar no Atl\u00e9tico-MG, principalmente na segunda-feira (7). Battaglia e Zaracho apareceram bem na internet no in\u00edcio desta semana, em especial na Argentina. V\u00e1rios sites esportivos vem trazendo a informa\u00e7\u00e3o que os dois atletas interessam ao Boca Juniors e ao Racing, e os rumores n\u00e3o s\u00e3o de agora. [&hellip;]\" \/>\n<meta property=\"og:url\" content=\"https:\/\/www.gaveanews.com\/index.php\/2025\/01\/09\/atletico-mg-reage-apos-possivel-saida-de-battaglia-e-zaracho\/\" \/>\n<meta property=\"og:site_name\" content=\"G\u00e1vea News\" \/>\n<meta property=\"article:publisher\" content=\"https:\/\/facebook.com\/gaveaNews\/\" \/>\n<meta property=\"article:published_time\" content=\"2025-01-09T03:06:25+00:00\" \/>\n<meta property=\"article:modified_time\" content=\"2025-01-09T03:06:29+00:00\" \/>\n<meta property=\"og:image\" content=\"https:\/\/www.gaveanews.com\/wp-content\/uploads\/arena-mrv-atletico-mg.webp\" \/>\n\t<meta property=\"og:image:width\" content=\"732\" \/>\n\t<meta property=\"og:image:height\" content=\"412\" \/>\n\t<meta property=\"og:image:type\" content=\"image\/webp\" \/>\n<meta name=\"author\" content=\"Michel Camargo\" \/>\n<meta name=\"twitter:card\" content=\"summary_large_image\" \/>\n<meta name=\"twitter:label1\" content=\"Escrito por\" \/>\n\t<meta name=\"twitter:data1\" content=\"Michel Camargo\" \/>\n\t<meta name=\"twitter:label2\" content=\"Est. tempo de leitura\" \/>\n\t<meta name=\"twitter:data2\" content=\"3 minutos\" \/>\n<script type=\"application\/ld+json\" class=\"yoast-schema-graph\">{\"@context\":\"https:\/\/schema.org\",\"@graph\":[{\"@type\":\"NewsArticle\",\"@id\":\"https:\/\/www.gaveanews.com\/index.php\/2025\/01\/09\/atletico-mg-reage-apos-possivel-saida-de-battaglia-e-zaracho\/#article\",\"isPartOf\":{\"@id\":\"https:\/\/www.gaveanews.com\/index.php\/2025\/01\/09\/atletico-mg-reage-apos-possivel-saida-de-battaglia-e-zaracho\/\"},\"author\":{\"name\":\"Michel Camargo\",\"@id\":\"https:\/\/www.gaveanews.com\/#\/schema\/person\/6f5583f09aa4bcc9866a7360b5604486\"},\"headline\":\"Atl\u00e9tico-MG reage ap\u00f3s poss\u00edvel sa\u00edda de Battaglia e Zaracho\",\"datePublished\":\"2025-01-09T03:06:25+00:00\",\"dateModified\":\"2025-01-09T03:06:29+00:00\",\"mainEntityOfPage\":{\"@id\":\"https:\/\/www.gaveanews.com\/index.php\/2025\/01\/09\/atletico-mg-reage-apos-possivel-saida-de-battaglia-e-zaracho\/\"},\"wordCount\":388,\"commentCount\":0,\"image\":{\"@id\":\"https:\/\/www.gaveanews.com\/index.php\/2025\/01\/09\/atletico-mg-reage-apos-possivel-saida-de-battaglia-e-zaracho\/#primaryimage\"},\"thumbnailUrl\":\"https:\/\/www.gaveanews.com\/wp-content\/uploads\/arena-mrv-atletico-mg.webp\",\"articleSection\":[\"Atl\u00e9tico-MG\"],\"inLanguage\":\"pt-BR\",\"potentialAction\":[{\"@type\":\"CommentAction\",\"name\":\"Comment\",\"target\":[\"https:\/\/www.gaveanews.com\/index.php\/2025\/01\/09\/atletico-mg-reage-apos-possivel-saida-de-battaglia-e-zaracho\/#respond\"]}],\"copyrightYear\":\"2025\",\"copyrightHolder\":{\"@id\":\"https:\/\/www.gaveanews.com\/#organization\"}},{\"@type\":\"WebPage\",\"@id\":\"https:\/\/www.gaveanews.com\/index.php\/2025\/01\/09\/atletico-mg-reage-apos-possivel-saida-de-battaglia-e-zaracho\/\",\"url\":\"https:\/\/www.gaveanews.com\/index.php\/2025\/01\/09\/atletico-mg-reage-apos-possivel-saida-de-battaglia-e-zaracho\/\",\"name\":\"Atl\u00e9tico-MG reage ap\u00f3s poss\u00edvel sa\u00edda de Battaglia e Zaracho\",\"isPartOf\":{\"@id\":\"https:\/\/www.gaveanews.com\/#website\"},\"primaryImageOfPage\":{\"@id\":\"https:\/\/www.gaveanews.com\/index.php\/2025\/01\/09\/atletico-mg-reage-apos-possivel-saida-de-battaglia-e-zaracho\/#primaryimage\"},\"image\":{\"@id\":\"https:\/\/www.gaveanews.com\/index.php\/2025\/01\/09\/atletico-mg-reage-apos-possivel-saida-de-battaglia-e-zaracho\/#primaryimage\"},\"thumbnailUrl\":\"https:\/\/www.gaveanews.com\/wp-content\/uploads\/arena-mrv-atletico-mg.webp\",\"datePublished\":\"2025-01-09T03:06:25+00:00\",\"dateModified\":\"2025-01-09T03:06:29+00:00\",\"author\":{\"@id\":\"https:\/\/www.gaveanews.com\/#\/schema\/person\/6f5583f09aa4bcc9866a7360b5604486\"},\"breadcrumb\":{\"@id\":\"https:\/\/www.gaveanews.com\/index.php\/2025\/01\/09\/atletico-mg-reage-apos-possivel-saida-de-battaglia-e-zaracho\/#breadcrumb\"},\"inLanguage\":\"pt-BR\",\"potentialAction\":[{\"@type\":\"ReadAction\",\"target\":[\"https:\/\/www.gaveanews.com\/index.php\/2025\/01\/09\/atletico-mg-reage-apos-possivel-saida-de-battaglia-e-zaracho\/\"]}]},{\"@type\":\"ImageObject\",\"inLanguage\":\"pt-BR\",\"@id\":\"https:\/\/www.gaveanews.com\/index.php\/2025\/01\/09\/atletico-mg-reage-apos-possivel-saida-de-battaglia-e-zaracho\/#primaryimage\",\"url\":\"https:\/\/www.gaveanews.com\/wp-content\/uploads\/arena-mrv-atletico-mg.webp\",\"contentUrl\":\"https:\/\/www.gaveanews.com\/wp-content\/uploads\/arena-mrv-atletico-mg.webp\",\"width\":732,\"height\":412,\"caption\":\"Arena MRV, est\u00e1dio do Atl\u00e9tico-MG (Foto: Pedro Souza\/Atl\u00e9tico-MG)\"},{\"@type\":\"BreadcrumbList\",\"@id\":\"https:\/\/www.gaveanews.com\/index.php\/2025\/01\/09\/atletico-mg-reage-apos-possivel-saida-de-battaglia-e-zaracho\/#breadcrumb\",\"itemListElement\":[{\"@type\":\"ListItem\",\"position\":1,\"name\":\"Home\",\"item\":\"https:\/\/www.gaveanews.com\/\"},{\"@type\":\"ListItem\",\"position\":2,\"name\":\"Atl\u00e9tico-MG reage ap\u00f3s poss\u00edvel sa\u00edda de Battaglia e Zaracho\"}]},{\"@type\":\"WebSite\",\"@id\":\"https:\/\/www.gaveanews.com\/#website\",\"url\":\"https:\/\/www.gaveanews.com\/\",\"name\":\"G\u00e1vea News\",\"description\":\"Veja todas as not\u00edcias sobre o Flamengo: Contrata\u00e7\u00f5es, categorias de base, resultados das partidas, tabela de classifica\u00e7\u00e3o, pr\u00f3ximos jogos!\",\"potentialAction\":[{\"@type\":\"SearchAction\",\"target\":{\"@type\":\"EntryPoint\",\"urlTemplate\":\"https:\/\/www.gaveanews.com\/?s={search_term_string}\"},\"query-input\":{\"@type\":\"PropertyValueSpecification\",\"valueRequired\":true,\"valueName\":\"search_term_string\"}}],\"inLanguage\":\"pt-BR\"},{\"@type\":\"Person\",\"@id\":\"https:\/\/www.gaveanews.com\/#\/schema\/person\/6f5583f09aa4bcc9866a7360b5604486\",\"name\":\"Michel Camargo\",\"image\":{\"@type\":\"ImageObject\",\"inLanguage\":\"pt-BR\",\"@id\":\"https:\/\/www.gaveanews.com\/#\/schema\/person\/image\/\",\"url\":\"https:\/\/secure.gravatar.com\/avatar\/59285e68c26a1d55b30461b1bb1cc6534e5c51ef836b39890a73916a1db2d486?s=96&d=mm&r=g\",\"contentUrl\":\"https:\/\/secure.gravatar.com\/avatar\/59285e68c26a1d55b30461b1bb1cc6534e5c51ef836b39890a73916a1db2d486?s=96&d=mm&r=g\",\"caption\":\"Michel Camargo\"}}]}<\/script>\n<!-- \/ Yoast SEO Premium plugin. -->","yoast_head_json":{"title":"Atl\u00e9tico-MG reage ap\u00f3s poss\u00edvel sa\u00edda de Battaglia e Zaracho","robots":{"index":"index","follow":"follow","max-snippet":"max-snippet:-1","max-image-preview":"max-image-preview:large","max-video-preview":"max-video-preview:-1"},"canonical":"https:\/\/www.gaveanews.com\/index.php\/2025\/01\/09\/atletico-mg-reage-apos-possivel-saida-de-battaglia-e-zaracho\/","og_locale":"pt_BR","og_type":"article","og_title":"Atl\u00e9tico-MG reage ap\u00f3s poss\u00edvel sa\u00edda de Battaglia e Zaracho","og_description":"As not\u00edcias no mercado da bola come\u00e7aram a esquentar no Atl\u00e9tico-MG, principalmente na segunda-feira (7). Battaglia e Zaracho apareceram bem na internet no in\u00edcio desta semana, em especial na Argentina. V\u00e1rios sites esportivos vem trazendo a informa\u00e7\u00e3o que os dois atletas interessam ao Boca Juniors e ao Racing, e os rumores n\u00e3o s\u00e3o de agora. [&hellip;]","og_url":"https:\/\/www.gaveanews.com\/index.php\/2025\/01\/09\/atletico-mg-reage-apos-possivel-saida-de-battaglia-e-zaracho\/","og_site_name":"G\u00e1vea News","article_publisher":"https:\/\/facebook.com\/gaveaNews\/","article_published_time":"2025-01-09T03:06:25+00:00","article_modified_time":"2025-01-09T03:06:29+00:00","og_image":[{"width":732,"height":412,"url":"https:\/\/www.gaveanews.com\/wp-content\/uploads\/arena-mrv-atletico-mg.webp","type":"image\/webp"}],"author":"Michel Camargo","twitter_card":"summary_large_image","twitter_misc":{"Escrito por":"Michel Camargo","Est. tempo de leitura":"3 minutos"},"schema":{"@context":"https:\/\/schema.org","@graph":[{"@type":"NewsArticle","@id":"https:\/\/www.gaveanews.com\/index.php\/2025\/01\/09\/atletico-mg-reage-apos-possivel-saida-de-battaglia-e-zaracho\/#article","isPartOf":{"@id":"https:\/\/www.gaveanews.com\/index.php\/2025\/01\/09\/atletico-mg-reage-apos-possivel-saida-de-battaglia-e-zaracho\/"},"author":{"name":"Michel Camargo","@id":"https:\/\/www.gaveanews.com\/#\/schema\/person\/6f5583f09aa4bcc9866a7360b5604486"},"headline":"Atl\u00e9tico-MG reage ap\u00f3s poss\u00edvel sa\u00edda de Battaglia e Zaracho","datePublished":"2025-01-09T03:06:25+00:00","dateModified":"2025-01-09T03:06:29+00:00","mainEntityOfPage":{"@id":"https:\/\/www.gaveanews.com\/index.php\/2025\/01\/09\/atletico-mg-reage-apos-possivel-saida-de-battaglia-e-zaracho\/"},"wordCount":388,"commentCount":0,"image":{"@id":"https:\/\/www.gaveanews.com\/index.php\/2025\/01\/09\/atletico-mg-reage-apos-possivel-saida-de-battaglia-e-zaracho\/#primaryimage"},"thumbnailUrl":"https:\/\/www.gaveanews.com\/wp-content\/uploads\/arena-mrv-atletico-mg.webp","articleSection":["Atl\u00e9tico-MG"],"inLanguage":"pt-BR","potentialAction":[{"@type":"CommentAction","name":"Comment","target":["https:\/\/www.gaveanews.com\/index.php\/2025\/01\/09\/atletico-mg-reage-apos-possivel-saida-de-battaglia-e-zaracho\/#respond"]}],"copyrightYear":"2025","copyrightHolder":{"@id":"https:\/\/www.gaveanews.com\/#organization"}},{"@type":"WebPage","@id":"https:\/\/www.gaveanews.com\/index.php\/2025\/01\/09\/atletico-mg-reage-apos-possivel-saida-de-battaglia-e-zaracho\/","url":"https:\/\/www.gaveanews.com\/index.php\/2025\/01\/09\/atletico-mg-reage-apos-possivel-saida-de-battaglia-e-zaracho\/","name":"Atl\u00e9tico-MG reage ap\u00f3s poss\u00edvel sa\u00edda de Battaglia e Zaracho","isPartOf":{"@id":"https:\/\/www.gaveanews.com\/#website"},"primaryImageOfPage":{"@id":"https:\/\/www.gaveanews.com\/index.php\/2025\/01\/09\/atletico-mg-reage-apos-possivel-saida-de-battaglia-e-zaracho\/#primaryimage"},"image":{"@id":"https:\/\/www.gaveanews.com\/index.php\/2025\/01\/09\/atletico-mg-reage-apos-possivel-saida-de-battaglia-e-zaracho\/#primaryimage"},"thumbnailUrl":"https:\/\/www.gaveanews.com\/wp-content\/uploads\/arena-mrv-atletico-mg.webp","datePublished":"2025-01-09T03:06:25+00:00","dateModified":"2025-01-09T03:06:29+00:00","author":{"@id":"https:\/\/www.gaveanews.com\/#\/schema\/person\/6f5583f09aa4bcc9866a7360b5604486"},"breadcrumb":{"@id":"https:\/\/www.gaveanews.com\/index.php\/2025\/01\/09\/atletico-mg-reage-apos-possivel-saida-de-battaglia-e-zaracho\/#breadcrumb"},"inLanguage":"pt-BR","potentialAction":[{"@type":"ReadAction","target":["https:\/\/www.gaveanews.com\/index.php\/2025\/01\/09\/atletico-mg-reage-apos-possivel-saida-de-battaglia-e-zaracho\/"]}]},{"@type":"ImageObject","inLanguage":"pt-BR","@id":"https:\/\/www.gaveanews.com\/index.php\/2025\/01\/09\/atletico-mg-reage-apos-possivel-saida-de-battaglia-e-zaracho\/#primaryimage","url":"https:\/\/www.gaveanews.com\/wp-content\/uploads\/arena-mrv-atletico-mg.webp","contentUrl":"https:\/\/www.gaveanews.com\/wp-content\/uploads\/arena-mrv-atletico-mg.webp","width":732,"height":412,"caption":"Arena MRV, est\u00e1dio do Atl\u00e9tico-MG (Foto: Pedro Souza\/Atl\u00e9tico-MG)"},{"@type":"BreadcrumbList","@id":"https:\/\/www.gaveanews.com\/index.php\/2025\/01\/09\/atletico-mg-reage-apos-possivel-saida-de-battaglia-e-zaracho\/#breadcrumb","itemListElement":[{"@type":"ListItem","position":1,"name":"Home","item":"https:\/\/www.gaveanews.com\/"},{"@type":"ListItem","position":2,"name":"Atl\u00e9tico-MG reage ap\u00f3s poss\u00edvel sa\u00edda de Battaglia e Zaracho"}]},{"@type":"WebSite","@id":"https:\/\/www.gaveanews.com\/#website","url":"https:\/\/www.gaveanews.com\/","name":"G\u00e1vea News","description":"Veja todas as not\u00edcias sobre o Flamengo: Contrata\u00e7\u00f5es, categorias de base, resultados das partidas, tabela de classifica\u00e7\u00e3o, pr\u00f3ximos jogos!","potentialAction":[{"@type":"SearchAction","target":{"@type":"EntryPoint","urlTemplate":"https:\/\/www.gaveanews.com\/?s={search_term_string}"},"query-input":{"@type":"PropertyValueSpecification","valueRequired":true,"valueName":"search_term_string"}}],"inLanguage":"pt-BR"},{"@type":"Person","@id":"https:\/\/www.gaveanews.com\/#\/schema\/person\/6f5583f09aa4bcc9866a7360b5604486","name":"Michel Camargo","image":{"@type":"ImageObject","inLanguage":"pt-BR","@id":"https:\/\/www.gaveanews.com\/#\/schema\/person\/image\/","url":"https:\/\/secure.gravatar.com\/avatar\/59285e68c26a1d55b30461b1bb1cc6534e5c51ef836b39890a73916a1db2d486?s=96&d=mm&r=g","contentUrl":"https:\/\/secure.gravatar.com\/avatar\/59285e68c26a1d55b30461b1bb1cc6534e5c51ef836b39890a73916a1db2d486?s=96&d=mm&r=g","caption":"Michel Camargo"}}]}},"_links":{"self":[{"href":"https:\/\/www.gaveanews.com\/index.php\/wp-json\/wp\/v2\/posts\/210024","targetHints":{"allow":["GET"]}}],"collection":[{"href":"https:\/\/www.gaveanews.com\/index.php\/wp-json\/wp\/v2\/posts"}],"about":[{"href":"https:\/\/www.gaveanews.com\/index.php\/wp-json\/wp\/v2\/types\/post"}],"author":[{"embeddable":true,"href":"https:\/\/www.gaveanews.com\/index.php\/wp-json\/wp\/v2\/users\/31"}],"replies":[{"embeddable":true,"href":"https:\/\/www.gaveanews.com\/index.php\/wp-json\/wp\/v2\/comments?post=210024"}],"version-history":[{"count":1,"href":"https:\/\/www.gaveanews.com\/index.php\/wp-json\/wp\/v2\/posts\/210024\/revisions"}],"predecessor-version":[{"id":210025,"href":"https:\/\/www.gaveanews.com\/index.php\/wp-json\/wp\/v2\/posts\/210024\/revisions\/210025"}],"wp:featuredmedia":[{"embeddable":true,"href":"https:\/\/www.gaveanews.com\/index.php\/wp-json\/wp\/v2\/media\/109263"}],"wp:attachment":[{"href":"https:\/\/www.gaveanews.com\/index.php\/wp-json\/wp\/v2\/media?parent=210024"}],"wp:term":[{"taxonomy":"category","embeddable":true,"href":"https:\/\/www.gaveanews.com\/index.php\/wp-json\/wp\/v2\/categories?post=210024"},{"taxonomy":"post_tag","embeddable":true,"href":"https:\/\/www.gaveanews.com\/index.php\/wp-json\/wp\/v2\/tags?post=210024"}],"curies":[{"name":"wp","href":"https:\/\/api.w.org\/{rel}","templated":true}]}}