{"id":210054,"date":"2025-01-09T07:50:00","date_gmt":"2025-01-09T10:50:00","guid":{"rendered":"https:\/\/www.gaveanews.com\/?p=210054"},"modified":"2025-01-09T02:10:54","modified_gmt":"2025-01-09T05:10:54","slug":"cobranca-aos-jogadores-futuro-de-soteldo-e-contratacao-ideal-as-ultimas-noticias-do-santos","status":"publish","type":"post","link":"https:\/\/www.gaveanews.com\/index.php\/2025\/01\/09\/cobranca-aos-jogadores-futuro-de-soteldo-e-contratacao-ideal-as-ultimas-noticias-do-santos\/","title":{"rendered":"Cobran\u00e7a aos jogadores, futuro de Soteldo e contrata\u00e7\u00e3o ideal: as \u00faltimas not\u00edcias do Santos"},"content":{"rendered":"\n<p>Nas \u00faltimas horas, o foco das not\u00edcias sobre o Santos se concentram nos bastidores do clube, com destaques do dia a dia do time.<\/p>\n\n\n\n<p>Por conta deste contexto, leia abaixo um resumo preparado pela equipe do portal G\u00e1vea News para lhe manter muito bem informado!<\/p>\n\n\n\n<h2 class=\"wp-block-heading\" id=\"h-contratacao-ideal\">Contrata\u00e7\u00e3o ideal<\/h2>\n\n\n\n<p>Ap\u00f3s seu retorno \u00e0 elite do futebol brasileiro, o Santos, sob o comando do t\u00e9cnico Pedro Caixinha, busca refor\u00e7os para montar uma equipe competitiva em 2025. Uma contrata\u00e7\u00e3o que vem chamando a aten\u00e7\u00e3o da torcida santista \u00e9 a de James Rodr\u00edguez, meia colombiano de 33 anos, que recentemente rescindiu seu contrato com o Rayo Vallecano. James, eleito o melhor jogador da Copa Am\u00e9rica de 2024, est\u00e1 livre no mercado e, segundo parte da torcida, seria uma pe\u00e7a ideal para o meio-campo do Alvinegro Praiano, que vive um processo de reconstru\u00e7\u00e3o ap\u00f3s o rebaixamento em 2023 <strong><a href=\"https:\/\/www.gaveanews.com\/index.php\/2025\/01\/07\/torcida-do-santos-aponta-contratacao-ideal-para-pedro-caixinha\/\">(leia a mat\u00e9ria completa).<\/a><\/strong><\/p>\n\n\n\n<figure class=\"wp-block-image size-large\"><img loading=\"lazy\" decoding=\"async\" width=\"1024\" height=\"1024\" src=\"https:\/\/www.gaveanews.com\/wp-content\/uploads\/redbullbragantino_1722302453979-1024x1024.webp\" alt=\"\" class=\"wp-image-155280\" srcset=\"https:\/\/www.gaveanews.com\/wp-content\/uploads\/redbullbragantino_1722302453979-1024x1024.webp 1024w, https:\/\/www.gaveanews.com\/wp-content\/uploads\/redbullbragantino_1722302453979-300x300.webp 300w, https:\/\/www.gaveanews.com\/wp-content\/uploads\/redbullbragantino_1722302453979-150x150.webp 150w, https:\/\/www.gaveanews.com\/wp-content\/uploads\/redbullbragantino_1722302453979-768x768.webp 768w, https:\/\/www.gaveanews.com\/wp-content\/uploads\/redbullbragantino_1722302453979-420x420.webp 420w, https:\/\/www.gaveanews.com\/wp-content\/uploads\/redbullbragantino_1722302453979-840x840.webp 840w, https:\/\/www.gaveanews.com\/wp-content\/uploads\/redbullbragantino_1722302453979-640x640.webp 640w, https:\/\/www.gaveanews.com\/wp-content\/uploads\/redbullbragantino_1722302453979-1280x1280.webp 1280w, https:\/\/www.gaveanews.com\/wp-content\/uploads\/redbullbragantino_1722302453979-681x681.webp 681w, https:\/\/www.gaveanews.com\/wp-content\/uploads\/redbullbragantino_1722302453979-1362x1362.webp 1362w, https:\/\/www.gaveanews.com\/wp-content\/uploads\/redbullbragantino_1722302453979-100x100.webp 100w, https:\/\/www.gaveanews.com\/wp-content\/uploads\/redbullbragantino_1722302453979.webp 1440w\" sizes=\"auto, (max-width: 1024px) 100vw, 1024px\" \/><figcaption class=\"wp-element-caption\">Pedro Miguel Faria Caixinha em a\u00e7\u00e3o pelo Red Bull Bragantino em 2024 (Foto: Reprodu\u00e7\u00e3o\/Red Bull Bragantino)<\/figcaption><\/figure>\n\n\n\n<p>A poss\u00edvel chegada de James Rodr\u00edguez ao Santos tem gerado entusiasmo nas redes sociais, com torcedores comentando que o meia poderia agregar qualidade e experi\u00eancia ao time. \u201cSe jogar o que joga na Col\u00f4mbia, seria uma boa para o Santos\u201d, afirmou um santista no X, antigo Twitter. <\/p>\n\n\n\n<p>No entanto, at\u00e9 o momento, n\u00e3o houve uma manifesta\u00e7\u00e3o oficial da diretoria do clube sobre o interesse no jogador, embora sua posi\u00e7\u00e3o seja uma das prioridades no mercado da bola.<\/p>\n\n\n\n<p>Apesar das expectativas da torcida, a viabilidade da contrata\u00e7\u00e3o depender\u00e1 da an\u00e1lise financeira e estrat\u00e9gica da diretoria santista. James busca reencontrar seu melhor futebol ap\u00f3s temporadas inconsistentes na Europa, enquanto o Santos quer consolidar sua volta \u00e0 S\u00e9rie A com um elenco competitivo. Se a negocia\u00e7\u00e3o avan\u00e7ar, o colombiano poderia se tornar uma pe\u00e7a-chave no esquema de Pedro Caixinha, marcando um novo cap\u00edtulo para o Peixe e para a carreira do jogador.<\/p>\n\n\n\n<h2 class=\"wp-block-heading\" id=\"h-futuro-de-soteldo\">Futuro de Soteldo<\/h2>\n\n\n\n<p>O t\u00e9cnico Pedro Caixinha, rec\u00e9m-apresentado pelo Santos, destacou em sua primeira coletiva a import\u00e2ncia da perman\u00eancia de Yeferson Soteldo no elenco. O treinador portugu\u00eas rasgou elogios ao atacante venezuelano, enfatizando suas habilidades no 1 contra 1 e o papel crucial que ele pode desempenhar na constru\u00e7\u00e3o de um time competitivo. Segundo Caixinha, Soteldo \u00e9 um jogador que traz desequil\u00edbrio nas jogadas ofensivas e ser\u00e1 fundamental para os planos da equipe em 2025 <strong><a href=\"https:\/\/www.gaveanews.com\/index.php\/2025\/01\/07\/santos-pedro-caixinha-revela-futuro-de-soteldo\/\">(leia a mat\u00e9ria completa).<\/a><\/strong><\/p>\n\n\n\n<figure class=\"wp-block-image size-large\"><img loading=\"lazy\" decoding=\"async\" width=\"1024\" height=\"682\" src=\"https:\/\/www.gaveanews.com\/wp-content\/uploads\/Yeferson-Soteldo-com-a-camisa-do-Gremio-pela-Libertadores-2024-1024x682.webp\" alt=\"\" class=\"wp-image-155183\" srcset=\"https:\/\/www.gaveanews.com\/wp-content\/uploads\/Yeferson-Soteldo-com-a-camisa-do-Gremio-pela-Libertadores-2024-1024x682.webp 1024w, https:\/\/www.gaveanews.com\/wp-content\/uploads\/Yeferson-Soteldo-com-a-camisa-do-Gremio-pela-Libertadores-2024-300x200.webp 300w, https:\/\/www.gaveanews.com\/wp-content\/uploads\/Yeferson-Soteldo-com-a-camisa-do-Gremio-pela-Libertadores-2024-768x511.webp 768w, https:\/\/www.gaveanews.com\/wp-content\/uploads\/Yeferson-Soteldo-com-a-camisa-do-Gremio-pela-Libertadores-2024-631x420.webp 631w, https:\/\/www.gaveanews.com\/wp-content\/uploads\/Yeferson-Soteldo-com-a-camisa-do-Gremio-pela-Libertadores-2024-1261x840.webp 1261w, https:\/\/www.gaveanews.com\/wp-content\/uploads\/Yeferson-Soteldo-com-a-camisa-do-Gremio-pela-Libertadores-2024-640x426.webp 640w, https:\/\/www.gaveanews.com\/wp-content\/uploads\/Yeferson-Soteldo-com-a-camisa-do-Gremio-pela-Libertadores-2024-1280x852.webp 1280w, https:\/\/www.gaveanews.com\/wp-content\/uploads\/Yeferson-Soteldo-com-a-camisa-do-Gremio-pela-Libertadores-2024-681x454.webp 681w, https:\/\/www.gaveanews.com\/wp-content\/uploads\/Yeferson-Soteldo-com-a-camisa-do-Gremio-pela-Libertadores-2024-1362x907.webp 1362w, https:\/\/www.gaveanews.com\/wp-content\/uploads\/Yeferson-Soteldo-com-a-camisa-do-Gremio-pela-Libertadores-2024-100x67.webp 100w, https:\/\/www.gaveanews.com\/wp-content\/uploads\/Yeferson-Soteldo-com-a-camisa-do-Gremio-pela-Libertadores-2024.webp 1440w\" sizes=\"auto, (max-width: 1024px) 100vw, 1024px\" \/><figcaption class=\"wp-element-caption\">Yeferson Soteldo com a camisa do Gr\u00eamio pela Libertadores 2024 (Foto: Reprodu\u00e7\u00e3o\/Gr\u00eamio)<\/figcaption><\/figure>\n\n\n\n<p>O novo comandante tamb\u00e9m ressaltou sua identifica\u00e7\u00e3o com o projeto do Santos e a energia positiva que sentiu desde os primeiros contatos com a diretoria. Caixinha afirmou que aceitou o desafio por acreditar no potencial do clube de iniciar um novo ciclo de sucesso. Apesar de receber sondagens de outros times, o treinador destacou o tamanho e a hist\u00f3ria do Santos como fatores decisivos em sua escolha.<\/p>\n\n\n\n<p>O primeiro teste de Pedro Caixinha \u00e0 frente do Santos ser\u00e1 um amistoso contra o Universitario-PER, no dia 11 de janeiro. Essa partida servir\u00e1 como oportunidade para o t\u00e9cnico implementar sua filosofia de trabalho e observar a integra\u00e7\u00e3o do elenco em campo. O Santos busca se reerguer na temporada e aposta na experi\u00eancia de Caixinha para alcan\u00e7ar melhores resultados.<\/p>\n\n\n\n<h2 class=\"wp-block-heading\" id=\"h-cobranca-aos-jogadores\">Cobran\u00e7a aos jogadores<\/h2>\n\n\n\n<p>O t\u00e9cnico Pedro Caixinha iniciou seu trabalho no Santos com uma abordagem inovadora e focada na ofensividade, buscando transformar a mentalidade da equipe. O portugu\u00eas implementou uma rotina intensa no CT Rei Pel\u00e9, com reuni\u00f5es di\u00e1rias logo cedo e treinos baseados em princ\u00edpios claros, como atacar rapidamente ao recuperar a bola e priorizar jogadas objetivas para frente. Segundo sua comiss\u00e3o t\u00e9cnica, o objetivo \u00e9 criar um time agressivo e protagonista, contrastando com a abordagem defensiva adotada por F\u00e1bio Carille na temporada anterior <strong><a href=\"https:\/\/www.gaveanews.com\/index.php\/2025\/01\/07\/pedro-caixinha-faz-cobranca-aos-jogadores-do-santos\/\">(leia a mat\u00e9ria completa).<\/a><\/strong><\/p>\n\n\n\n<figure class=\"wp-block-image size-full\"><img loading=\"lazy\" decoding=\"async\" width=\"1024\" height=\"687\" src=\"https:\/\/www.gaveanews.com\/wp-content\/uploads\/53073442584_0832c1ba3c_k-1024x687-1.webp\" alt=\"\" class=\"wp-image-141836\" srcset=\"https:\/\/www.gaveanews.com\/wp-content\/uploads\/53073442584_0832c1ba3c_k-1024x687-1.webp 1024w, https:\/\/www.gaveanews.com\/wp-content\/uploads\/53073442584_0832c1ba3c_k-1024x687-1-300x201.webp 300w, https:\/\/www.gaveanews.com\/wp-content\/uploads\/53073442584_0832c1ba3c_k-1024x687-1-768x515.webp 768w, https:\/\/www.gaveanews.com\/wp-content\/uploads\/53073442584_0832c1ba3c_k-1024x687-1-626x420.webp 626w, https:\/\/www.gaveanews.com\/wp-content\/uploads\/53073442584_0832c1ba3c_k-1024x687-1-537x360.webp 537w, https:\/\/www.gaveanews.com\/wp-content\/uploads\/53073442584_0832c1ba3c_k-1024x687-1-640x429.webp 640w, https:\/\/www.gaveanews.com\/wp-content\/uploads\/53073442584_0832c1ba3c_k-1024x687-1-681x457.webp 681w, https:\/\/www.gaveanews.com\/wp-content\/uploads\/53073442584_0832c1ba3c_k-1024x687-1-1022x687.webp 1022w, https:\/\/www.gaveanews.com\/wp-content\/uploads\/53073442584_0832c1ba3c_k-1024x687-1-100x67.webp 100w\" sizes=\"auto, (max-width: 1024px) 100vw, 1024px\" \/><figcaption class=\"wp-element-caption\">Cr\u00e9ditos: Raul Baretta\/Santos FC<\/figcaption><\/figure>\n\n\n\n<p>Caixinha tamb\u00e9m enfrenta o desafio de adaptar os jogadores a um estilo mais intenso, com marca\u00e7\u00e3o alta, passes verticais e rea\u00e7\u00e3o r\u00e1pida \u00e0 perda da bola. Embora alguns atletas estejam enfrentando dificuldades iniciais, o treinador aposta em treinamentos duros e consistentes para promover a mudan\u00e7a de postura. Ele j\u00e1 conta com o refor\u00e7o do zagueiro Luis\u00e3o e espera novas contrata\u00e7\u00f5es, como Z\u00e9 Ivaldo, Thiago Maia e Tiquinho Soares, para fortalecer o elenco e implementar sua vis\u00e3o de jogo.<\/p>\n\n\n\n<p>O primeiro teste para a filosofia de Caixinha ser\u00e1 um jogo-treino contra o Athletic, de Minas Gerais, nesta quinta-feira. A expectativa \u00e9 que o Santos comece a mostrar as mudan\u00e7as propostas pelo t\u00e9cnico, que pretende transformar a equipe em um time competitivo e ofensivo para os desafios da temporada de 2025.<\/p>\n","protected":false},"excerpt":{"rendered":"<p>Nas \u00faltimas horas, o foco das not\u00edcias sobre o Santos se concentram nos bastidores do clube, com destaques do dia a dia do time. Por conta deste contexto, leia abaixo um resumo preparado pela equipe do portal G\u00e1vea News para lhe manter muito bem informado! Contrata\u00e7\u00e3o ideal Ap\u00f3s seu retorno \u00e0 elite do futebol brasileiro, [&hellip;]<\/p>\n","protected":false},"author":27,"featured_media":114917,"comment_status":"open","ping_status":"closed","sticky":false,"template":"","format":"standard","meta":{"footnotes":""},"categories":[139],"tags":[],"class_list":["post-210054","post","type-post","status-publish","format-standard","has-post-thumbnail","hentry","category-santos"],"yoast_head":"<!-- This site is optimized with the Yoast SEO Premium plugin v24.2 (Yoast SEO v26.9) - https:\/\/yoast.com\/product\/yoast-seo-premium-wordpress\/ -->\n<title>Cobran\u00e7a aos jogadores, futuro de Soteldo e contrata\u00e7\u00e3o ideal: as \u00faltimas not\u00edcias do Santos<\/title>\n<meta name=\"robots\" content=\"index, follow, max-snippet:-1, max-image-preview:large, max-video-preview:-1\" \/>\n<link rel=\"canonical\" href=\"https:\/\/www.gaveanews.com\/index.php\/2025\/01\/09\/cobranca-aos-jogadores-futuro-de-soteldo-e-contratacao-ideal-as-ultimas-noticias-do-santos\/\" \/>\n<meta property=\"og:locale\" content=\"pt_BR\" \/>\n<meta property=\"og:type\" content=\"article\" \/>\n<meta property=\"og:title\" content=\"Cobran\u00e7a aos jogadores, futuro de Soteldo e contrata\u00e7\u00e3o ideal: as \u00faltimas not\u00edcias do Santos\" \/>\n<meta property=\"og:description\" content=\"Nas \u00faltimas horas, o foco das not\u00edcias sobre o Santos se concentram nos bastidores do clube, com destaques do dia a dia do time. Por conta deste contexto, leia abaixo um resumo preparado pela equipe do portal G\u00e1vea News para lhe manter muito bem informado! Contrata\u00e7\u00e3o ideal Ap\u00f3s seu retorno \u00e0 elite do futebol brasileiro, [&hellip;]\" \/>\n<meta property=\"og:url\" content=\"https:\/\/www.gaveanews.com\/index.php\/2025\/01\/09\/cobranca-aos-jogadores-futuro-de-soteldo-e-contratacao-ideal-as-ultimas-noticias-do-santos\/\" \/>\n<meta property=\"og:site_name\" content=\"G\u00e1vea News\" \/>\n<meta property=\"article:publisher\" content=\"https:\/\/facebook.com\/gaveaNews\/\" \/>\n<meta property=\"article:published_time\" content=\"2025-01-09T10:50:00+00:00\" \/>\n<meta property=\"og:image\" content=\"https:\/\/www.gaveanews.com\/wp-content\/uploads\/santos-rebaixado-jogadores.webp\" \/>\n\t<meta property=\"og:image:width\" content=\"774\" \/>\n\t<meta property=\"og:image:height\" content=\"372\" \/>\n\t<meta property=\"og:image:type\" content=\"image\/webp\" \/>\n<meta name=\"author\" content=\"Matheus Felipe\" \/>\n<meta name=\"twitter:card\" content=\"summary_large_image\" \/>\n<meta name=\"twitter:label1\" content=\"Escrito por\" \/>\n\t<meta name=\"twitter:data1\" content=\"Matheus Felipe\" \/>\n\t<meta name=\"twitter:label2\" content=\"Est. tempo de leitura\" \/>\n\t<meta name=\"twitter:data2\" content=\"5 minutos\" \/>\n<script type=\"application\/ld+json\" class=\"yoast-schema-graph\">{\"@context\":\"https:\/\/schema.org\",\"@graph\":[{\"@type\":\"NewsArticle\",\"@id\":\"https:\/\/www.gaveanews.com\/index.php\/2025\/01\/09\/cobranca-aos-jogadores-futuro-de-soteldo-e-contratacao-ideal-as-ultimas-noticias-do-santos\/#article\",\"isPartOf\":{\"@id\":\"https:\/\/www.gaveanews.com\/index.php\/2025\/01\/09\/cobranca-aos-jogadores-futuro-de-soteldo-e-contratacao-ideal-as-ultimas-noticias-do-santos\/\"},\"author\":{\"name\":\"Matheus Felipe\",\"@id\":\"https:\/\/www.gaveanews.com\/#\/schema\/person\/8207cd4627f56151707418bfc835b2fb\"},\"headline\":\"Cobran\u00e7a aos jogadores, futuro de Soteldo e contrata\u00e7\u00e3o ideal: as \u00faltimas not\u00edcias do Santos\",\"datePublished\":\"2025-01-09T10:50:00+00:00\",\"mainEntityOfPage\":{\"@id\":\"https:\/\/www.gaveanews.com\/index.php\/2025\/01\/09\/cobranca-aos-jogadores-futuro-de-soteldo-e-contratacao-ideal-as-ultimas-noticias-do-santos\/\"},\"wordCount\":823,\"commentCount\":0,\"image\":{\"@id\":\"https:\/\/www.gaveanews.com\/index.php\/2025\/01\/09\/cobranca-aos-jogadores-futuro-de-soteldo-e-contratacao-ideal-as-ultimas-noticias-do-santos\/#primaryimage\"},\"thumbnailUrl\":\"https:\/\/www.gaveanews.com\/wp-content\/uploads\/santos-rebaixado-jogadores.webp\",\"articleSection\":[\"Santos\"],\"inLanguage\":\"pt-BR\",\"potentialAction\":[{\"@type\":\"CommentAction\",\"name\":\"Comment\",\"target\":[\"https:\/\/www.gaveanews.com\/index.php\/2025\/01\/09\/cobranca-aos-jogadores-futuro-de-soteldo-e-contratacao-ideal-as-ultimas-noticias-do-santos\/#respond\"]}],\"copyrightYear\":\"2025\",\"copyrightHolder\":{\"@id\":\"https:\/\/www.gaveanews.com\/#organization\"}},{\"@type\":\"WebPage\",\"@id\":\"https:\/\/www.gaveanews.com\/index.php\/2025\/01\/09\/cobranca-aos-jogadores-futuro-de-soteldo-e-contratacao-ideal-as-ultimas-noticias-do-santos\/\",\"url\":\"https:\/\/www.gaveanews.com\/index.php\/2025\/01\/09\/cobranca-aos-jogadores-futuro-de-soteldo-e-contratacao-ideal-as-ultimas-noticias-do-santos\/\",\"name\":\"Cobran\u00e7a aos jogadores, futuro de Soteldo e contrata\u00e7\u00e3o ideal: as \u00faltimas not\u00edcias do Santos\",\"isPartOf\":{\"@id\":\"https:\/\/www.gaveanews.com\/#website\"},\"primaryImageOfPage\":{\"@id\":\"https:\/\/www.gaveanews.com\/index.php\/2025\/01\/09\/cobranca-aos-jogadores-futuro-de-soteldo-e-contratacao-ideal-as-ultimas-noticias-do-santos\/#primaryimage\"},\"image\":{\"@id\":\"https:\/\/www.gaveanews.com\/index.php\/2025\/01\/09\/cobranca-aos-jogadores-futuro-de-soteldo-e-contratacao-ideal-as-ultimas-noticias-do-santos\/#primaryimage\"},\"thumbnailUrl\":\"https:\/\/www.gaveanews.com\/wp-content\/uploads\/santos-rebaixado-jogadores.webp\",\"datePublished\":\"2025-01-09T10:50:00+00:00\",\"author\":{\"@id\":\"https:\/\/www.gaveanews.com\/#\/schema\/person\/8207cd4627f56151707418bfc835b2fb\"},\"breadcrumb\":{\"@id\":\"https:\/\/www.gaveanews.com\/index.php\/2025\/01\/09\/cobranca-aos-jogadores-futuro-de-soteldo-e-contratacao-ideal-as-ultimas-noticias-do-santos\/#breadcrumb\"},\"inLanguage\":\"pt-BR\",\"potentialAction\":[{\"@type\":\"ReadAction\",\"target\":[\"https:\/\/www.gaveanews.com\/index.php\/2025\/01\/09\/cobranca-aos-jogadores-futuro-de-soteldo-e-contratacao-ideal-as-ultimas-noticias-do-santos\/\"]}]},{\"@type\":\"ImageObject\",\"inLanguage\":\"pt-BR\",\"@id\":\"https:\/\/www.gaveanews.com\/index.php\/2025\/01\/09\/cobranca-aos-jogadores-futuro-de-soteldo-e-contratacao-ideal-as-ultimas-noticias-do-santos\/#primaryimage\",\"url\":\"https:\/\/www.gaveanews.com\/wp-content\/uploads\/santos-rebaixado-jogadores.webp\",\"contentUrl\":\"https:\/\/www.gaveanews.com\/wp-content\/uploads\/santos-rebaixado-jogadores.webp\",\"width\":774,\"height\":372,\"caption\":\"Jogadores do Santos (Foto: Raul Baretta\/Santos FC\/Esporte News Mundo)\"},{\"@type\":\"BreadcrumbList\",\"@id\":\"https:\/\/www.gaveanews.com\/index.php\/2025\/01\/09\/cobranca-aos-jogadores-futuro-de-soteldo-e-contratacao-ideal-as-ultimas-noticias-do-santos\/#breadcrumb\",\"itemListElement\":[{\"@type\":\"ListItem\",\"position\":1,\"name\":\"Home\",\"item\":\"https:\/\/www.gaveanews.com\/\"},{\"@type\":\"ListItem\",\"position\":2,\"name\":\"Cobran\u00e7a aos jogadores, futuro de Soteldo e contrata\u00e7\u00e3o ideal: as \u00faltimas not\u00edcias do Santos\"}]},{\"@type\":\"WebSite\",\"@id\":\"https:\/\/www.gaveanews.com\/#website\",\"url\":\"https:\/\/www.gaveanews.com\/\",\"name\":\"G\u00e1vea News\",\"description\":\"Veja todas as not\u00edcias sobre o Flamengo: Contrata\u00e7\u00f5es, categorias de base, resultados das partidas, tabela de classifica\u00e7\u00e3o, pr\u00f3ximos jogos!\",\"potentialAction\":[{\"@type\":\"SearchAction\",\"target\":{\"@type\":\"EntryPoint\",\"urlTemplate\":\"https:\/\/www.gaveanews.com\/?s={search_term_string}\"},\"query-input\":{\"@type\":\"PropertyValueSpecification\",\"valueRequired\":true,\"valueName\":\"search_term_string\"}}],\"inLanguage\":\"pt-BR\"},{\"@type\":\"Person\",\"@id\":\"https:\/\/www.gaveanews.com\/#\/schema\/person\/8207cd4627f56151707418bfc835b2fb\",\"name\":\"Matheus Felipe\",\"image\":{\"@type\":\"ImageObject\",\"inLanguage\":\"pt-BR\",\"@id\":\"https:\/\/www.gaveanews.com\/#\/schema\/person\/image\/\",\"url\":\"https:\/\/secure.gravatar.com\/avatar\/a452ffbed9130f726358b298bb3a99ce4bd3c5338411f8440e87e14d74c7c087?s=96&d=mm&r=g\",\"contentUrl\":\"https:\/\/secure.gravatar.com\/avatar\/a452ffbed9130f726358b298bb3a99ce4bd3c5338411f8440e87e14d74c7c087?s=96&d=mm&r=g\",\"caption\":\"Matheus Felipe\"}}]}<\/script>\n<!-- \/ Yoast SEO Premium plugin. -->","yoast_head_json":{"title":"Cobran\u00e7a aos jogadores, futuro de Soteldo e contrata\u00e7\u00e3o ideal: as \u00faltimas not\u00edcias do Santos","robots":{"index":"index","follow":"follow","max-snippet":"max-snippet:-1","max-image-preview":"max-image-preview:large","max-video-preview":"max-video-preview:-1"},"canonical":"https:\/\/www.gaveanews.com\/index.php\/2025\/01\/09\/cobranca-aos-jogadores-futuro-de-soteldo-e-contratacao-ideal-as-ultimas-noticias-do-santos\/","og_locale":"pt_BR","og_type":"article","og_title":"Cobran\u00e7a aos jogadores, futuro de Soteldo e contrata\u00e7\u00e3o ideal: as \u00faltimas not\u00edcias do Santos","og_description":"Nas \u00faltimas horas, o foco das not\u00edcias sobre o Santos se concentram nos bastidores do clube, com destaques do dia a dia do time. Por conta deste contexto, leia abaixo um resumo preparado pela equipe do portal G\u00e1vea News para lhe manter muito bem informado! Contrata\u00e7\u00e3o ideal Ap\u00f3s seu retorno \u00e0 elite do futebol brasileiro, [&hellip;]","og_url":"https:\/\/www.gaveanews.com\/index.php\/2025\/01\/09\/cobranca-aos-jogadores-futuro-de-soteldo-e-contratacao-ideal-as-ultimas-noticias-do-santos\/","og_site_name":"G\u00e1vea News","article_publisher":"https:\/\/facebook.com\/gaveaNews\/","article_published_time":"2025-01-09T10:50:00+00:00","og_image":[{"width":774,"height":372,"url":"https:\/\/www.gaveanews.com\/wp-content\/uploads\/santos-rebaixado-jogadores.webp","type":"image\/webp"}],"author":"Matheus Felipe","twitter_card":"summary_large_image","twitter_misc":{"Escrito por":"Matheus Felipe","Est. tempo de leitura":"5 minutos"},"schema":{"@context":"https:\/\/schema.org","@graph":[{"@type":"NewsArticle","@id":"https:\/\/www.gaveanews.com\/index.php\/2025\/01\/09\/cobranca-aos-jogadores-futuro-de-soteldo-e-contratacao-ideal-as-ultimas-noticias-do-santos\/#article","isPartOf":{"@id":"https:\/\/www.gaveanews.com\/index.php\/2025\/01\/09\/cobranca-aos-jogadores-futuro-de-soteldo-e-contratacao-ideal-as-ultimas-noticias-do-santos\/"},"author":{"name":"Matheus Felipe","@id":"https:\/\/www.gaveanews.com\/#\/schema\/person\/8207cd4627f56151707418bfc835b2fb"},"headline":"Cobran\u00e7a aos jogadores, futuro de Soteldo e contrata\u00e7\u00e3o ideal: as \u00faltimas not\u00edcias do Santos","datePublished":"2025-01-09T10:50:00+00:00","mainEntityOfPage":{"@id":"https:\/\/www.gaveanews.com\/index.php\/2025\/01\/09\/cobranca-aos-jogadores-futuro-de-soteldo-e-contratacao-ideal-as-ultimas-noticias-do-santos\/"},"wordCount":823,"commentCount":0,"image":{"@id":"https:\/\/www.gaveanews.com\/index.php\/2025\/01\/09\/cobranca-aos-jogadores-futuro-de-soteldo-e-contratacao-ideal-as-ultimas-noticias-do-santos\/#primaryimage"},"thumbnailUrl":"https:\/\/www.gaveanews.com\/wp-content\/uploads\/santos-rebaixado-jogadores.webp","articleSection":["Santos"],"inLanguage":"pt-BR","potentialAction":[{"@type":"CommentAction","name":"Comment","target":["https:\/\/www.gaveanews.com\/index.php\/2025\/01\/09\/cobranca-aos-jogadores-futuro-de-soteldo-e-contratacao-ideal-as-ultimas-noticias-do-santos\/#respond"]}],"copyrightYear":"2025","copyrightHolder":{"@id":"https:\/\/www.gaveanews.com\/#organization"}},{"@type":"WebPage","@id":"https:\/\/www.gaveanews.com\/index.php\/2025\/01\/09\/cobranca-aos-jogadores-futuro-de-soteldo-e-contratacao-ideal-as-ultimas-noticias-do-santos\/","url":"https:\/\/www.gaveanews.com\/index.php\/2025\/01\/09\/cobranca-aos-jogadores-futuro-de-soteldo-e-contratacao-ideal-as-ultimas-noticias-do-santos\/","name":"Cobran\u00e7a aos jogadores, futuro de Soteldo e contrata\u00e7\u00e3o ideal: as \u00faltimas not\u00edcias do Santos","isPartOf":{"@id":"https:\/\/www.gaveanews.com\/#website"},"primaryImageOfPage":{"@id":"https:\/\/www.gaveanews.com\/index.php\/2025\/01\/09\/cobranca-aos-jogadores-futuro-de-soteldo-e-contratacao-ideal-as-ultimas-noticias-do-santos\/#primaryimage"},"image":{"@id":"https:\/\/www.gaveanews.com\/index.php\/2025\/01\/09\/cobranca-aos-jogadores-futuro-de-soteldo-e-contratacao-ideal-as-ultimas-noticias-do-santos\/#primaryimage"},"thumbnailUrl":"https:\/\/www.gaveanews.com\/wp-content\/uploads\/santos-rebaixado-jogadores.webp","datePublished":"2025-01-09T10:50:00+00:00","author":{"@id":"https:\/\/www.gaveanews.com\/#\/schema\/person\/8207cd4627f56151707418bfc835b2fb"},"breadcrumb":{"@id":"https:\/\/www.gaveanews.com\/index.php\/2025\/01\/09\/cobranca-aos-jogadores-futuro-de-soteldo-e-contratacao-ideal-as-ultimas-noticias-do-santos\/#breadcrumb"},"inLanguage":"pt-BR","potentialAction":[{"@type":"ReadAction","target":["https:\/\/www.gaveanews.com\/index.php\/2025\/01\/09\/cobranca-aos-jogadores-futuro-de-soteldo-e-contratacao-ideal-as-ultimas-noticias-do-santos\/"]}]},{"@type":"ImageObject","inLanguage":"pt-BR","@id":"https:\/\/www.gaveanews.com\/index.php\/2025\/01\/09\/cobranca-aos-jogadores-futuro-de-soteldo-e-contratacao-ideal-as-ultimas-noticias-do-santos\/#primaryimage","url":"https:\/\/www.gaveanews.com\/wp-content\/uploads\/santos-rebaixado-jogadores.webp","contentUrl":"https:\/\/www.gaveanews.com\/wp-content\/uploads\/santos-rebaixado-jogadores.webp","width":774,"height":372,"caption":"Jogadores do Santos (Foto: Raul Baretta\/Santos FC\/Esporte News Mundo)"},{"@type":"BreadcrumbList","@id":"https:\/\/www.gaveanews.com\/index.php\/2025\/01\/09\/cobranca-aos-jogadores-futuro-de-soteldo-e-contratacao-ideal-as-ultimas-noticias-do-santos\/#breadcrumb","itemListElement":[{"@type":"ListItem","position":1,"name":"Home","item":"https:\/\/www.gaveanews.com\/"},{"@type":"ListItem","position":2,"name":"Cobran\u00e7a aos jogadores, futuro de Soteldo e contrata\u00e7\u00e3o ideal: as \u00faltimas not\u00edcias do Santos"}]},{"@type":"WebSite","@id":"https:\/\/www.gaveanews.com\/#website","url":"https:\/\/www.gaveanews.com\/","name":"G\u00e1vea News","description":"Veja todas as not\u00edcias sobre o Flamengo: Contrata\u00e7\u00f5es, categorias de base, resultados das partidas, tabela de classifica\u00e7\u00e3o, pr\u00f3ximos jogos!","potentialAction":[{"@type":"SearchAction","target":{"@type":"EntryPoint","urlTemplate":"https:\/\/www.gaveanews.com\/?s={search_term_string}"},"query-input":{"@type":"PropertyValueSpecification","valueRequired":true,"valueName":"search_term_string"}}],"inLanguage":"pt-BR"},{"@type":"Person","@id":"https:\/\/www.gaveanews.com\/#\/schema\/person\/8207cd4627f56151707418bfc835b2fb","name":"Matheus Felipe","image":{"@type":"ImageObject","inLanguage":"pt-BR","@id":"https:\/\/www.gaveanews.com\/#\/schema\/person\/image\/","url":"https:\/\/secure.gravatar.com\/avatar\/a452ffbed9130f726358b298bb3a99ce4bd3c5338411f8440e87e14d74c7c087?s=96&d=mm&r=g","contentUrl":"https:\/\/secure.gravatar.com\/avatar\/a452ffbed9130f726358b298bb3a99ce4bd3c5338411f8440e87e14d74c7c087?s=96&d=mm&r=g","caption":"Matheus Felipe"}}]}},"_links":{"self":[{"href":"https:\/\/www.gaveanews.com\/index.php\/wp-json\/wp\/v2\/posts\/210054","targetHints":{"allow":["GET"]}}],"collection":[{"href":"https:\/\/www.gaveanews.com\/index.php\/wp-json\/wp\/v2\/posts"}],"about":[{"href":"https:\/\/www.gaveanews.com\/index.php\/wp-json\/wp\/v2\/types\/post"}],"author":[{"embeddable":true,"href":"https:\/\/www.gaveanews.com\/index.php\/wp-json\/wp\/v2\/users\/27"}],"replies":[{"embeddable":true,"href":"https:\/\/www.gaveanews.com\/index.php\/wp-json\/wp\/v2\/comments?post=210054"}],"version-history":[{"count":1,"href":"https:\/\/www.gaveanews.com\/index.php\/wp-json\/wp\/v2\/posts\/210054\/revisions"}],"predecessor-version":[{"id":210069,"href":"https:\/\/www.gaveanews.com\/index.php\/wp-json\/wp\/v2\/posts\/210054\/revisions\/210069"}],"wp:featuredmedia":[{"embeddable":true,"href":"https:\/\/www.gaveanews.com\/index.php\/wp-json\/wp\/v2\/media\/114917"}],"wp:attachment":[{"href":"https:\/\/www.gaveanews.com\/index.php\/wp-json\/wp\/v2\/media?parent=210054"}],"wp:term":[{"taxonomy":"category","embeddable":true,"href":"https:\/\/www.gaveanews.com\/index.php\/wp-json\/wp\/v2\/categories?post=210054"},{"taxonomy":"post_tag","embeddable":true,"href":"https:\/\/www.gaveanews.com\/index.php\/wp-json\/wp\/v2\/tags?post=210054"}],"curies":[{"name":"wp","href":"https:\/\/api.w.org\/{rel}","templated":true}]}}