{"id":210083,"date":"2025-01-09T13:15:52","date_gmt":"2025-01-09T16:15:52","guid":{"rendered":"https:\/\/www.gaveanews.com\/?p=210083"},"modified":"2025-01-09T13:16:05","modified_gmt":"2025-01-09T16:16:05","slug":"adeus-titular-do-gremio-atrai-interesse-do-boca-juniors","status":"publish","type":"post","link":"https:\/\/www.gaveanews.com\/index.php\/2025\/01\/09\/adeus-titular-do-gremio-atrai-interesse-do-boca-juniors\/","title":{"rendered":"Adeus?! Titular do Gr\u00eamio atrai interesse do Boca Juniors"},"content":{"rendered":"\n<p>Ap\u00f3s a chegada do t\u00e9cnico argentino Gustavo Quinteros, o Gr\u00eamio intensificou os esfor\u00e7os para fortalecer seu elenco. O clube ga\u00facho busca reverter os resultados de 2024 e alcan\u00e7ar uma temporada vitoriosa em 2025. <\/p>\n\n\n\n<ul class=\"wp-block-list\">\n<li><a href=\"https:\/\/www.gaveanews.com\/index.php\/2024\/12\/29\/ex-cruzeiro-e-gremio-define-futuro-para-2025\/\">Ex-Cruzeiro e Gr\u00eamio define futuro para 2025<\/a><\/li>\n\n\n\n<li><a href=\"https:\/\/www.gaveanews.com\/index.php\/2024\/12\/24\/de-olho-palmeiras-esta-interessado-em-atacante-do-gremio\/\">De olho! Palmeiras est\u00e1 interessado em atacante do Gr\u00eamio<\/a><\/li>\n<\/ul>\n\n\n\n<p>Nesse sentido, a diretoria gremista formalizou uma proposta pelo atacante colombiano Sebasti\u00e1n Villa, de 28 anos, atualmente no Independiente Rivadavia. Embora tenha havido uma recusa inicial por parte do clube argentino, o Gr\u00eamio apresentou uma contraproposta, demonstrando determina\u00e7\u00e3o na contrata\u00e7\u00e3o do jogador.<\/p>\n\n\n\n<p>Al\u00e9m disso, a poss\u00edvel sa\u00edda de Villasanti despertou o interesse do Cruzeiro em Cristaldo. As negocia\u00e7\u00f5es entre os clubes seguem em andamento. Ademais, outro jogador importante do elenco gremista, o goleiro Agust\u00edn Marches\u00edn, atraiu a aten\u00e7\u00e3o de um clube de grande express\u00e3o na Am\u00e9rica do Sul, o Boca Juniors.<\/p>\n\n\n\n<h2 class=\"wp-block-heading\" id=\"h-boca-juniors-demonstra-interesse-em-marchesin-para-a-libertadores-2025\">Boca Juniors demonstra interesse em Marches\u00edn para a Libertadores 2025<\/h2>\n\n\n\n<p>O Boca Juniors manifestou interesse na contrata\u00e7\u00e3o de Agust\u00edn Marches\u00edn, goleiro titular do Gr\u00eamio. Conofrme o rep\u00f3rter Diogo Rossi, o clube argentino busca refor\u00e7ar sua posi\u00e7\u00e3o de goleiro e considera Marches\u00edn o substituto ideal para Sergio Romero, que enfrenta problemas f\u00edsicos e incertezas sobre seu desempenho. Contudo, Marches\u00edn \u00e9 considerado pe\u00e7a fundamental no esquema do t\u00e9cnico Gustavo Quinteros.<\/p>\n\n\n\n<figure class=\"wp-block-image size-full\"><img loading=\"lazy\" decoding=\"async\" width=\"984\" height=\"656\" src=\"https:\/\/www.gaveanews.com\/wp-content\/uploads\/Agustin-Marchesin-pelo-Gremio.webp\" alt=\"\" class=\"wp-image-167369\" srcset=\"https:\/\/www.gaveanews.com\/wp-content\/uploads\/Agustin-Marchesin-pelo-Gremio.webp 984w, https:\/\/www.gaveanews.com\/wp-content\/uploads\/Agustin-Marchesin-pelo-Gremio-300x200.webp 300w, https:\/\/www.gaveanews.com\/wp-content\/uploads\/Agustin-Marchesin-pelo-Gremio-768x512.webp 768w, https:\/\/www.gaveanews.com\/wp-content\/uploads\/Agustin-Marchesin-pelo-Gremio-630x420.webp 630w, https:\/\/www.gaveanews.com\/wp-content\/uploads\/Agustin-Marchesin-pelo-Gremio-640x427.webp 640w, https:\/\/www.gaveanews.com\/wp-content\/uploads\/Agustin-Marchesin-pelo-Gremio-681x454.webp 681w, https:\/\/www.gaveanews.com\/wp-content\/uploads\/Agustin-Marchesin-pelo-Gremio-100x67.webp 100w\" sizes=\"auto, (max-width: 984px) 100vw, 984px\" \/><figcaption class=\"wp-element-caption\">Agust\u00edn Marches\u00edn pelo Gr\u00eamio (Foto: Lucas Uebel\/Gr\u00eamio)<\/figcaption><\/figure>\n\n\n\n<p>Al\u00e9m disso, o Gr\u00eamio avalia a possibilidade de negociar outros goleiros para diferentes clubes. Por conseguinte, a sa\u00edda de Marches\u00edn em 2025 \u00e9 considerada improv\u00e1vel. Conv\u00e9m destacar que n\u00e3o \u00e9 a primeira vez que o Boca Juniors demonstra interesse em Marches\u00edn. No ano passado, o clube argentino j\u00e1 havia manifestado o desejo de contar com o experiente goleiro, que possui uma carreira s\u00f3lida no futebol sul-americano.<\/p>\n\n\n\n<p>Desde sua chegada ao Gr\u00eamio, Marches\u00edn disputou 46 partidas e acumulou 4.095 minutos em campo, conforme dados do site Transfermarkt. Em 2024, o goleiro teve papel crucial na conquista do Campeonato Ga\u00facho, refor\u00e7ando sua import\u00e2ncia para a equipe.<\/p>\n\n\n\n<p>\u00c9 v\u00e1lido ressaltar que, enquanto o mercado de transfer\u00eancias segue movimentado, o Gr\u00eamio mant\u00e9m o foco na constru\u00e7\u00e3o de um elenco competitivo. O clube busca equilibrar a perman\u00eancia de jogadores importantes com a busca por refor\u00e7os estrat\u00e9gicos. Dessa forma, o Gr\u00eamio visa consolidar um planejamento eficiente e alcan\u00e7ar melhores resultados na pr\u00f3xima temporada.<\/p>\n","protected":false},"excerpt":{"rendered":"<p>Ap\u00f3s a chegada do t\u00e9cnico argentino Gustavo Quinteros, o Gr\u00eamio intensificou os esfor\u00e7os para fortalecer seu elenco. O clube ga\u00facho busca reverter os resultados de 2024 e alcan\u00e7ar uma temporada vitoriosa em 2025. Nesse sentido, a diretoria gremista formalizou uma proposta pelo atacante colombiano Sebasti\u00e1n Villa, de 28 anos, atualmente no Independiente Rivadavia. Embora tenha [&hellip;]<\/p>\n","protected":false},"author":28,"featured_media":154785,"comment_status":"open","ping_status":"closed","sticky":false,"template":"","format":"standard","meta":{"footnotes":""},"categories":[443,147],"tags":[],"class_list":["post-210083","post","type-post","status-publish","format-standard","has-post-thumbnail","hentry","category-boca-juniors","category-gremio"],"yoast_head":"<!-- This site is optimized with the Yoast SEO Premium plugin v24.2 (Yoast SEO v26.9) - https:\/\/yoast.com\/product\/yoast-seo-premium-wordpress\/ -->\n<title>Adeus?! Titular do Gr\u00eamio atrai interesse do Boca Juniors<\/title>\n<meta name=\"robots\" content=\"index, follow, max-snippet:-1, max-image-preview:large, max-video-preview:-1\" \/>\n<link rel=\"canonical\" href=\"https:\/\/www.gaveanews.com\/index.php\/2025\/01\/09\/adeus-titular-do-gremio-atrai-interesse-do-boca-juniors\/\" \/>\n<meta property=\"og:locale\" content=\"pt_BR\" \/>\n<meta property=\"og:type\" content=\"article\" \/>\n<meta property=\"og:title\" content=\"Adeus?! Titular do Gr\u00eamio atrai interesse do Boca Juniors\" \/>\n<meta property=\"og:description\" content=\"Ap\u00f3s a chegada do t\u00e9cnico argentino Gustavo Quinteros, o Gr\u00eamio intensificou os esfor\u00e7os para fortalecer seu elenco. O clube ga\u00facho busca reverter os resultados de 2024 e alcan\u00e7ar uma temporada vitoriosa em 2025. Nesse sentido, a diretoria gremista formalizou uma proposta pelo atacante colombiano Sebasti\u00e1n Villa, de 28 anos, atualmente no Independiente Rivadavia. Embora tenha [&hellip;]\" \/>\n<meta property=\"og:url\" content=\"https:\/\/www.gaveanews.com\/index.php\/2025\/01\/09\/adeus-titular-do-gremio-atrai-interesse-do-boca-juniors\/\" \/>\n<meta property=\"og:site_name\" content=\"G\u00e1vea News\" \/>\n<meta property=\"article:publisher\" content=\"https:\/\/facebook.com\/gaveaNews\/\" \/>\n<meta property=\"article:published_time\" content=\"2025-01-09T16:15:52+00:00\" \/>\n<meta property=\"article:modified_time\" content=\"2025-01-09T16:16:05+00:00\" \/>\n<meta property=\"og:image\" content=\"https:\/\/www.gaveanews.com\/wp-content\/uploads\/Escudo-do-Gremio.webp\" \/>\n\t<meta property=\"og:image:width\" content=\"1163\" \/>\n\t<meta property=\"og:image:height\" content=\"775\" \/>\n\t<meta property=\"og:image:type\" content=\"image\/webp\" \/>\n<meta name=\"author\" content=\"Hudson Pereira\" \/>\n<meta name=\"twitter:card\" content=\"summary_large_image\" \/>\n<meta name=\"twitter:label1\" content=\"Escrito por\" \/>\n\t<meta name=\"twitter:data1\" content=\"Hudson Pereira\" \/>\n\t<meta name=\"twitter:label2\" content=\"Est. tempo de leitura\" \/>\n\t<meta name=\"twitter:data2\" content=\"3 minutos\" \/>\n<script type=\"application\/ld+json\" class=\"yoast-schema-graph\">{\"@context\":\"https:\/\/schema.org\",\"@graph\":[{\"@type\":\"NewsArticle\",\"@id\":\"https:\/\/www.gaveanews.com\/index.php\/2025\/01\/09\/adeus-titular-do-gremio-atrai-interesse-do-boca-juniors\/#article\",\"isPartOf\":{\"@id\":\"https:\/\/www.gaveanews.com\/index.php\/2025\/01\/09\/adeus-titular-do-gremio-atrai-interesse-do-boca-juniors\/\"},\"author\":{\"name\":\"Hudson Pereira\",\"@id\":\"https:\/\/www.gaveanews.com\/#\/schema\/person\/bd08f00534b403119b92741a6d469ef0\"},\"headline\":\"Adeus?! Titular do Gr\u00eamio atrai interesse do Boca Juniors\",\"datePublished\":\"2025-01-09T16:15:52+00:00\",\"dateModified\":\"2025-01-09T16:16:05+00:00\",\"mainEntityOfPage\":{\"@id\":\"https:\/\/www.gaveanews.com\/index.php\/2025\/01\/09\/adeus-titular-do-gremio-atrai-interesse-do-boca-juniors\/\"},\"wordCount\":433,\"commentCount\":0,\"image\":{\"@id\":\"https:\/\/www.gaveanews.com\/index.php\/2025\/01\/09\/adeus-titular-do-gremio-atrai-interesse-do-boca-juniors\/#primaryimage\"},\"thumbnailUrl\":\"https:\/\/www.gaveanews.com\/wp-content\/uploads\/Escudo-do-Gremio.webp\",\"articleSection\":[\"Boca Juniors\",\"Gr\u00eamio\"],\"inLanguage\":\"pt-BR\",\"potentialAction\":[{\"@type\":\"CommentAction\",\"name\":\"Comment\",\"target\":[\"https:\/\/www.gaveanews.com\/index.php\/2025\/01\/09\/adeus-titular-do-gremio-atrai-interesse-do-boca-juniors\/#respond\"]}],\"copyrightYear\":\"2025\",\"copyrightHolder\":{\"@id\":\"https:\/\/www.gaveanews.com\/#organization\"}},{\"@type\":\"WebPage\",\"@id\":\"https:\/\/www.gaveanews.com\/index.php\/2025\/01\/09\/adeus-titular-do-gremio-atrai-interesse-do-boca-juniors\/\",\"url\":\"https:\/\/www.gaveanews.com\/index.php\/2025\/01\/09\/adeus-titular-do-gremio-atrai-interesse-do-boca-juniors\/\",\"name\":\"Adeus?! Titular do Gr\u00eamio atrai interesse do Boca Juniors\",\"isPartOf\":{\"@id\":\"https:\/\/www.gaveanews.com\/#website\"},\"primaryImageOfPage\":{\"@id\":\"https:\/\/www.gaveanews.com\/index.php\/2025\/01\/09\/adeus-titular-do-gremio-atrai-interesse-do-boca-juniors\/#primaryimage\"},\"image\":{\"@id\":\"https:\/\/www.gaveanews.com\/index.php\/2025\/01\/09\/adeus-titular-do-gremio-atrai-interesse-do-boca-juniors\/#primaryimage\"},\"thumbnailUrl\":\"https:\/\/www.gaveanews.com\/wp-content\/uploads\/Escudo-do-Gremio.webp\",\"datePublished\":\"2025-01-09T16:15:52+00:00\",\"dateModified\":\"2025-01-09T16:16:05+00:00\",\"author\":{\"@id\":\"https:\/\/www.gaveanews.com\/#\/schema\/person\/bd08f00534b403119b92741a6d469ef0\"},\"breadcrumb\":{\"@id\":\"https:\/\/www.gaveanews.com\/index.php\/2025\/01\/09\/adeus-titular-do-gremio-atrai-interesse-do-boca-juniors\/#breadcrumb\"},\"inLanguage\":\"pt-BR\",\"potentialAction\":[{\"@type\":\"ReadAction\",\"target\":[\"https:\/\/www.gaveanews.com\/index.php\/2025\/01\/09\/adeus-titular-do-gremio-atrai-interesse-do-boca-juniors\/\"]}]},{\"@type\":\"ImageObject\",\"inLanguage\":\"pt-BR\",\"@id\":\"https:\/\/www.gaveanews.com\/index.php\/2025\/01\/09\/adeus-titular-do-gremio-atrai-interesse-do-boca-juniors\/#primaryimage\",\"url\":\"https:\/\/www.gaveanews.com\/wp-content\/uploads\/Escudo-do-Gremio.webp\",\"contentUrl\":\"https:\/\/www.gaveanews.com\/wp-content\/uploads\/Escudo-do-Gremio.webp\",\"width\":1163,\"height\":775,\"caption\":\"Escudo do Gr\u00eamio (Foto: Reprodu\u00e7\u00e3o\/Gr\u00eamio)\"},{\"@type\":\"BreadcrumbList\",\"@id\":\"https:\/\/www.gaveanews.com\/index.php\/2025\/01\/09\/adeus-titular-do-gremio-atrai-interesse-do-boca-juniors\/#breadcrumb\",\"itemListElement\":[{\"@type\":\"ListItem\",\"position\":1,\"name\":\"Home\",\"item\":\"https:\/\/www.gaveanews.com\/\"},{\"@type\":\"ListItem\",\"position\":2,\"name\":\"Adeus?! Titular do Gr\u00eamio atrai interesse do Boca Juniors\"}]},{\"@type\":\"WebSite\",\"@id\":\"https:\/\/www.gaveanews.com\/#website\",\"url\":\"https:\/\/www.gaveanews.com\/\",\"name\":\"G\u00e1vea News\",\"description\":\"Veja todas as not\u00edcias sobre o Flamengo: Contrata\u00e7\u00f5es, categorias de base, resultados das partidas, tabela de classifica\u00e7\u00e3o, pr\u00f3ximos jogos!\",\"potentialAction\":[{\"@type\":\"SearchAction\",\"target\":{\"@type\":\"EntryPoint\",\"urlTemplate\":\"https:\/\/www.gaveanews.com\/?s={search_term_string}\"},\"query-input\":{\"@type\":\"PropertyValueSpecification\",\"valueRequired\":true,\"valueName\":\"search_term_string\"}}],\"inLanguage\":\"pt-BR\"},{\"@type\":\"Person\",\"@id\":\"https:\/\/www.gaveanews.com\/#\/schema\/person\/bd08f00534b403119b92741a6d469ef0\",\"name\":\"Hudson Pereira\",\"image\":{\"@type\":\"ImageObject\",\"inLanguage\":\"pt-BR\",\"@id\":\"https:\/\/www.gaveanews.com\/#\/schema\/person\/image\/\",\"url\":\"https:\/\/secure.gravatar.com\/avatar\/ecc491b489e454e510efffc9b23c1052ce5fb4f2e05555768ba65819cd55f03e?s=96&d=mm&r=g\",\"contentUrl\":\"https:\/\/secure.gravatar.com\/avatar\/ecc491b489e454e510efffc9b23c1052ce5fb4f2e05555768ba65819cd55f03e?s=96&d=mm&r=g\",\"caption\":\"Hudson Pereira\"}}]}<\/script>\n<!-- \/ Yoast SEO Premium plugin. -->","yoast_head_json":{"title":"Adeus?! Titular do Gr\u00eamio atrai interesse do Boca Juniors","robots":{"index":"index","follow":"follow","max-snippet":"max-snippet:-1","max-image-preview":"max-image-preview:large","max-video-preview":"max-video-preview:-1"},"canonical":"https:\/\/www.gaveanews.com\/index.php\/2025\/01\/09\/adeus-titular-do-gremio-atrai-interesse-do-boca-juniors\/","og_locale":"pt_BR","og_type":"article","og_title":"Adeus?! Titular do Gr\u00eamio atrai interesse do Boca Juniors","og_description":"Ap\u00f3s a chegada do t\u00e9cnico argentino Gustavo Quinteros, o Gr\u00eamio intensificou os esfor\u00e7os para fortalecer seu elenco. O clube ga\u00facho busca reverter os resultados de 2024 e alcan\u00e7ar uma temporada vitoriosa em 2025. Nesse sentido, a diretoria gremista formalizou uma proposta pelo atacante colombiano Sebasti\u00e1n Villa, de 28 anos, atualmente no Independiente Rivadavia. Embora tenha [&hellip;]","og_url":"https:\/\/www.gaveanews.com\/index.php\/2025\/01\/09\/adeus-titular-do-gremio-atrai-interesse-do-boca-juniors\/","og_site_name":"G\u00e1vea News","article_publisher":"https:\/\/facebook.com\/gaveaNews\/","article_published_time":"2025-01-09T16:15:52+00:00","article_modified_time":"2025-01-09T16:16:05+00:00","og_image":[{"width":1163,"height":775,"url":"https:\/\/www.gaveanews.com\/wp-content\/uploads\/Escudo-do-Gremio.webp","type":"image\/webp"}],"author":"Hudson Pereira","twitter_card":"summary_large_image","twitter_misc":{"Escrito por":"Hudson Pereira","Est. tempo de leitura":"3 minutos"},"schema":{"@context":"https:\/\/schema.org","@graph":[{"@type":"NewsArticle","@id":"https:\/\/www.gaveanews.com\/index.php\/2025\/01\/09\/adeus-titular-do-gremio-atrai-interesse-do-boca-juniors\/#article","isPartOf":{"@id":"https:\/\/www.gaveanews.com\/index.php\/2025\/01\/09\/adeus-titular-do-gremio-atrai-interesse-do-boca-juniors\/"},"author":{"name":"Hudson Pereira","@id":"https:\/\/www.gaveanews.com\/#\/schema\/person\/bd08f00534b403119b92741a6d469ef0"},"headline":"Adeus?! Titular do Gr\u00eamio atrai interesse do Boca Juniors","datePublished":"2025-01-09T16:15:52+00:00","dateModified":"2025-01-09T16:16:05+00:00","mainEntityOfPage":{"@id":"https:\/\/www.gaveanews.com\/index.php\/2025\/01\/09\/adeus-titular-do-gremio-atrai-interesse-do-boca-juniors\/"},"wordCount":433,"commentCount":0,"image":{"@id":"https:\/\/www.gaveanews.com\/index.php\/2025\/01\/09\/adeus-titular-do-gremio-atrai-interesse-do-boca-juniors\/#primaryimage"},"thumbnailUrl":"https:\/\/www.gaveanews.com\/wp-content\/uploads\/Escudo-do-Gremio.webp","articleSection":["Boca Juniors","Gr\u00eamio"],"inLanguage":"pt-BR","potentialAction":[{"@type":"CommentAction","name":"Comment","target":["https:\/\/www.gaveanews.com\/index.php\/2025\/01\/09\/adeus-titular-do-gremio-atrai-interesse-do-boca-juniors\/#respond"]}],"copyrightYear":"2025","copyrightHolder":{"@id":"https:\/\/www.gaveanews.com\/#organization"}},{"@type":"WebPage","@id":"https:\/\/www.gaveanews.com\/index.php\/2025\/01\/09\/adeus-titular-do-gremio-atrai-interesse-do-boca-juniors\/","url":"https:\/\/www.gaveanews.com\/index.php\/2025\/01\/09\/adeus-titular-do-gremio-atrai-interesse-do-boca-juniors\/","name":"Adeus?! Titular do Gr\u00eamio atrai interesse do Boca Juniors","isPartOf":{"@id":"https:\/\/www.gaveanews.com\/#website"},"primaryImageOfPage":{"@id":"https:\/\/www.gaveanews.com\/index.php\/2025\/01\/09\/adeus-titular-do-gremio-atrai-interesse-do-boca-juniors\/#primaryimage"},"image":{"@id":"https:\/\/www.gaveanews.com\/index.php\/2025\/01\/09\/adeus-titular-do-gremio-atrai-interesse-do-boca-juniors\/#primaryimage"},"thumbnailUrl":"https:\/\/www.gaveanews.com\/wp-content\/uploads\/Escudo-do-Gremio.webp","datePublished":"2025-01-09T16:15:52+00:00","dateModified":"2025-01-09T16:16:05+00:00","author":{"@id":"https:\/\/www.gaveanews.com\/#\/schema\/person\/bd08f00534b403119b92741a6d469ef0"},"breadcrumb":{"@id":"https:\/\/www.gaveanews.com\/index.php\/2025\/01\/09\/adeus-titular-do-gremio-atrai-interesse-do-boca-juniors\/#breadcrumb"},"inLanguage":"pt-BR","potentialAction":[{"@type":"ReadAction","target":["https:\/\/www.gaveanews.com\/index.php\/2025\/01\/09\/adeus-titular-do-gremio-atrai-interesse-do-boca-juniors\/"]}]},{"@type":"ImageObject","inLanguage":"pt-BR","@id":"https:\/\/www.gaveanews.com\/index.php\/2025\/01\/09\/adeus-titular-do-gremio-atrai-interesse-do-boca-juniors\/#primaryimage","url":"https:\/\/www.gaveanews.com\/wp-content\/uploads\/Escudo-do-Gremio.webp","contentUrl":"https:\/\/www.gaveanews.com\/wp-content\/uploads\/Escudo-do-Gremio.webp","width":1163,"height":775,"caption":"Escudo do Gr\u00eamio (Foto: Reprodu\u00e7\u00e3o\/Gr\u00eamio)"},{"@type":"BreadcrumbList","@id":"https:\/\/www.gaveanews.com\/index.php\/2025\/01\/09\/adeus-titular-do-gremio-atrai-interesse-do-boca-juniors\/#breadcrumb","itemListElement":[{"@type":"ListItem","position":1,"name":"Home","item":"https:\/\/www.gaveanews.com\/"},{"@type":"ListItem","position":2,"name":"Adeus?! Titular do Gr\u00eamio atrai interesse do Boca Juniors"}]},{"@type":"WebSite","@id":"https:\/\/www.gaveanews.com\/#website","url":"https:\/\/www.gaveanews.com\/","name":"G\u00e1vea News","description":"Veja todas as not\u00edcias sobre o Flamengo: Contrata\u00e7\u00f5es, categorias de base, resultados das partidas, tabela de classifica\u00e7\u00e3o, pr\u00f3ximos jogos!","potentialAction":[{"@type":"SearchAction","target":{"@type":"EntryPoint","urlTemplate":"https:\/\/www.gaveanews.com\/?s={search_term_string}"},"query-input":{"@type":"PropertyValueSpecification","valueRequired":true,"valueName":"search_term_string"}}],"inLanguage":"pt-BR"},{"@type":"Person","@id":"https:\/\/www.gaveanews.com\/#\/schema\/person\/bd08f00534b403119b92741a6d469ef0","name":"Hudson Pereira","image":{"@type":"ImageObject","inLanguage":"pt-BR","@id":"https:\/\/www.gaveanews.com\/#\/schema\/person\/image\/","url":"https:\/\/secure.gravatar.com\/avatar\/ecc491b489e454e510efffc9b23c1052ce5fb4f2e05555768ba65819cd55f03e?s=96&d=mm&r=g","contentUrl":"https:\/\/secure.gravatar.com\/avatar\/ecc491b489e454e510efffc9b23c1052ce5fb4f2e05555768ba65819cd55f03e?s=96&d=mm&r=g","caption":"Hudson Pereira"}}]}},"_links":{"self":[{"href":"https:\/\/www.gaveanews.com\/index.php\/wp-json\/wp\/v2\/posts\/210083","targetHints":{"allow":["GET"]}}],"collection":[{"href":"https:\/\/www.gaveanews.com\/index.php\/wp-json\/wp\/v2\/posts"}],"about":[{"href":"https:\/\/www.gaveanews.com\/index.php\/wp-json\/wp\/v2\/types\/post"}],"author":[{"embeddable":true,"href":"https:\/\/www.gaveanews.com\/index.php\/wp-json\/wp\/v2\/users\/28"}],"replies":[{"embeddable":true,"href":"https:\/\/www.gaveanews.com\/index.php\/wp-json\/wp\/v2\/comments?post=210083"}],"version-history":[{"count":3,"href":"https:\/\/www.gaveanews.com\/index.php\/wp-json\/wp\/v2\/posts\/210083\/revisions"}],"predecessor-version":[{"id":210087,"href":"https:\/\/www.gaveanews.com\/index.php\/wp-json\/wp\/v2\/posts\/210083\/revisions\/210087"}],"wp:featuredmedia":[{"embeddable":true,"href":"https:\/\/www.gaveanews.com\/index.php\/wp-json\/wp\/v2\/media\/154785"}],"wp:attachment":[{"href":"https:\/\/www.gaveanews.com\/index.php\/wp-json\/wp\/v2\/media?parent=210083"}],"wp:term":[{"taxonomy":"category","embeddable":true,"href":"https:\/\/www.gaveanews.com\/index.php\/wp-json\/wp\/v2\/categories?post=210083"},{"taxonomy":"post_tag","embeddable":true,"href":"https:\/\/www.gaveanews.com\/index.php\/wp-json\/wp\/v2\/tags?post=210083"}],"curies":[{"name":"wp","href":"https:\/\/api.w.org\/{rel}","templated":true}]}}