{"id":210088,"date":"2025-01-09T16:40:00","date_gmt":"2025-01-09T19:40:00","guid":{"rendered":"https:\/\/www.gaveanews.com\/?p=210088"},"modified":"2025-01-09T16:28:04","modified_gmt":"2025-01-09T19:28:04","slug":"adeus-gremio-negocia-mais-uma-saida","status":"publish","type":"post","link":"https:\/\/www.gaveanews.com\/index.php\/2025\/01\/09\/adeus-gremio-negocia-mais-uma-saida\/","title":{"rendered":"Adeus! Gr\u00eamio negocia mais uma sa\u00edda"},"content":{"rendered":"\n<p>O Crici\u00fama negocia a contrata\u00e7\u00e3o do goleiro Ca\u00edque, atualmente vinculado ao Gr\u00eamio. A diretoria do Tigre busca refor\u00e7ar o elenco para a temporada de 2025, priorizando a posi\u00e7\u00e3o de goleiro.<\/p>\n\n\n\n<ul class=\"wp-block-list\">\n<li><a href=\"https:\/\/www.gaveanews.com\/index.php\/2024\/12\/29\/ex-cruzeiro-e-gremio-define-futuro-para-2025\/\">Ex-Cruzeiro e Gr\u00eamio define futuro para 2025<\/a><\/li>\n\n\n\n<li><a href=\"https:\/\/www.gaveanews.com\/index.php\/2024\/12\/24\/de-olho-palmeiras-esta-interessado-em-atacante-do-gremio\/\">De olho! Palmeiras est\u00e1 interessado em atacante do Gr\u00eamio<\/a><\/li>\n<\/ul>\n\n\n\n<p>Ca\u00edque, com 27 anos, iniciou sua trajet\u00f3ria profissional no Esporte Clube Vit\u00f3ria. Posteriormente, integrou o elenco do Gr\u00eamio em 2023. Durante sua passagem pelo clube ga\u00facho, o atleta atuou em 22 partidas como titular.<\/p>\n\n\n\n<p>De acordo com o &#8216;GE&#8217;, a busca por um novo goleiro tornou-se fundamental para o Crici\u00fama devido \u00e0 sa\u00edda de Alisson. Al\u00e9m disso, o clube acompanha as negocia\u00e7\u00f5es para a poss\u00edvel transfer\u00eancia de Gustavo para o Esporte Clube Juventude. Consequentemente, o t\u00e9cnico Z\u00e9 Ricardo conta, no momento, apenas com o jovem Kau\u00e3, rec\u00e9m-promovido das categorias de base.<\/p>\n\n\n\n<p>Nesse sentido, a lacuna no elenco exige uma a\u00e7\u00e3o r\u00e1pida da diretoria do Crici\u00fama. Portanto, a contrata\u00e7\u00e3o de um novo goleiro visa fortalecer a equipe antes do in\u00edcio das competi\u00e7\u00f5es oficiais. Com a iminente necessidade de um novo goleiro, a diretoria intensificou as negocia\u00e7\u00f5es.<\/p>\n\n\n\n<figure class=\"wp-block-image size-large\"><img loading=\"lazy\" decoding=\"async\" width=\"1024\" height=\"640\" src=\"https:\/\/www.gaveanews.com\/wp-content\/uploads\/Caique-durante-treinamento-do-Gremio-1024x640.webp\" alt=\"\" class=\"wp-image-172517\" srcset=\"https:\/\/www.gaveanews.com\/wp-content\/uploads\/Caique-durante-treinamento-do-Gremio-1024x640.webp 1024w, https:\/\/www.gaveanews.com\/wp-content\/uploads\/Caique-durante-treinamento-do-Gremio-300x188.webp 300w, https:\/\/www.gaveanews.com\/wp-content\/uploads\/Caique-durante-treinamento-do-Gremio-768x480.webp 768w, https:\/\/www.gaveanews.com\/wp-content\/uploads\/Caique-durante-treinamento-do-Gremio-672x420.webp 672w, https:\/\/www.gaveanews.com\/wp-content\/uploads\/Caique-durante-treinamento-do-Gremio-640x400.webp 640w, https:\/\/www.gaveanews.com\/wp-content\/uploads\/Caique-durante-treinamento-do-Gremio-681x426.webp 681w, https:\/\/www.gaveanews.com\/wp-content\/uploads\/Caique-durante-treinamento-do-Gremio-100x63.webp 100w, https:\/\/www.gaveanews.com\/wp-content\/uploads\/Caique-durante-treinamento-do-Gremio.webp 1080w\" sizes=\"auto, (max-width: 1024px) 100vw, 1024px\" \/><figcaption class=\"wp-element-caption\">Ca\u00edque durante treinamento do Gr\u00eamio  (Foto: Renan Jardim\/Gr\u00eamio FBPA)<\/figcaption><\/figure>\n\n\n\n<h2 class=\"wp-block-heading\" id=\"h-preparativos-para-a-temporada-e-expectativas-com-nova-contratacao\">Preparativos para a temporada e expectativas com nova contrata\u00e7\u00e3o<\/h2>\n\n\n\n<p>O Crici\u00fama j\u00e1 oficializou cinco refor\u00e7os para a temporada de 2025. A pr\u00e9-temporada do Tigre teve in\u00edcio no dia 3 de janeiro. O foco principal reside na prepara\u00e7\u00e3o f\u00edsica e t\u00e9cnica dos atletas. O primeiro compromisso oficial do Crici\u00fama est\u00e1 marcado para o dia 19 de janeiro, contra o Conc\u00f3rdia Atl\u00e9tico Clube.<\/p>\n\n\n\n<p>\u00c9 v\u00e1lido ressaltar que a poss\u00edvel chegada de Ca\u00edque trata-se um refor\u00e7o importante para o elenco do Crici\u00fama. Desse modo, o clube busca montar um time competitivo para os desafios da temporada. A contrata\u00e7\u00e3o de Ca\u00edque surge como uma pe\u00e7a fundamental para a estrat\u00e9gia do clube.<\/p>\n\n\n\n<p>Dessa maneira, a expectativa \u00e9 que a experi\u00eancia de Ca\u00edque contribua para o desempenho do Crici\u00fama. Assim sendo, o clube busca um bom desempenho na temporada de 2025. A diretoria segue atenta \u00e0s oportunidades de mercado.<\/p>\n","protected":false},"excerpt":{"rendered":"<p>O Crici\u00fama negocia a contrata\u00e7\u00e3o do goleiro Ca\u00edque, atualmente vinculado ao Gr\u00eamio. A diretoria do Tigre busca refor\u00e7ar o elenco para a temporada de 2025, priorizando a posi\u00e7\u00e3o de goleiro. Ca\u00edque, com 27 anos, iniciou sua trajet\u00f3ria profissional no Esporte Clube Vit\u00f3ria. Posteriormente, integrou o elenco do Gr\u00eamio em 2023. Durante sua passagem pelo clube [&hellip;]<\/p>\n","protected":false},"author":28,"featured_media":165925,"comment_status":"open","ping_status":"closed","sticky":false,"template":"","format":"standard","meta":{"footnotes":""},"categories":[147],"tags":[],"class_list":["post-210088","post","type-post","status-publish","format-standard","has-post-thumbnail","hentry","category-gremio"],"yoast_head":"<!-- This site is optimized with the Yoast SEO Premium plugin v24.2 (Yoast SEO v26.9) - https:\/\/yoast.com\/product\/yoast-seo-premium-wordpress\/ -->\n<title>Adeus! Gr\u00eamio negocia mais uma sa\u00edda<\/title>\n<meta name=\"robots\" content=\"index, follow, max-snippet:-1, max-image-preview:large, max-video-preview:-1\" \/>\n<link rel=\"canonical\" href=\"https:\/\/www.gaveanews.com\/index.php\/2025\/01\/09\/adeus-gremio-negocia-mais-uma-saida\/\" \/>\n<meta property=\"og:locale\" content=\"pt_BR\" \/>\n<meta property=\"og:type\" content=\"article\" \/>\n<meta property=\"og:title\" content=\"Adeus! Gr\u00eamio negocia mais uma sa\u00edda\" \/>\n<meta property=\"og:description\" content=\"O Crici\u00fama negocia a contrata\u00e7\u00e3o do goleiro Ca\u00edque, atualmente vinculado ao Gr\u00eamio. A diretoria do Tigre busca refor\u00e7ar o elenco para a temporada de 2025, priorizando a posi\u00e7\u00e3o de goleiro. Ca\u00edque, com 27 anos, iniciou sua trajet\u00f3ria profissional no Esporte Clube Vit\u00f3ria. Posteriormente, integrou o elenco do Gr\u00eamio em 2023. Durante sua passagem pelo clube [&hellip;]\" \/>\n<meta property=\"og:url\" content=\"https:\/\/www.gaveanews.com\/index.php\/2025\/01\/09\/adeus-gremio-negocia-mais-uma-saida\/\" \/>\n<meta property=\"og:site_name\" content=\"G\u00e1vea News\" \/>\n<meta property=\"article:publisher\" content=\"https:\/\/facebook.com\/gaveaNews\/\" \/>\n<meta property=\"article:published_time\" content=\"2025-01-09T19:40:00+00:00\" \/>\n<meta property=\"og:image\" content=\"https:\/\/www.gaveanews.com\/wp-content\/uploads\/Bandeira-do-Gremio.webp\" \/>\n\t<meta property=\"og:image:width\" content=\"1043\" \/>\n\t<meta property=\"og:image:height\" content=\"695\" \/>\n\t<meta property=\"og:image:type\" content=\"image\/webp\" \/>\n<meta name=\"author\" content=\"Hudson Pereira\" \/>\n<meta name=\"twitter:card\" content=\"summary_large_image\" \/>\n<meta name=\"twitter:label1\" content=\"Escrito por\" \/>\n\t<meta name=\"twitter:data1\" content=\"Hudson Pereira\" \/>\n\t<meta name=\"twitter:label2\" content=\"Est. tempo de leitura\" \/>\n\t<meta name=\"twitter:data2\" content=\"3 minutos\" \/>\n<script type=\"application\/ld+json\" class=\"yoast-schema-graph\">{\"@context\":\"https:\/\/schema.org\",\"@graph\":[{\"@type\":\"NewsArticle\",\"@id\":\"https:\/\/www.gaveanews.com\/index.php\/2025\/01\/09\/adeus-gremio-negocia-mais-uma-saida\/#article\",\"isPartOf\":{\"@id\":\"https:\/\/www.gaveanews.com\/index.php\/2025\/01\/09\/adeus-gremio-negocia-mais-uma-saida\/\"},\"author\":{\"name\":\"Hudson Pereira\",\"@id\":\"https:\/\/www.gaveanews.com\/#\/schema\/person\/bd08f00534b403119b92741a6d469ef0\"},\"headline\":\"Adeus! Gr\u00eamio negocia mais uma sa\u00edda\",\"datePublished\":\"2025-01-09T19:40:00+00:00\",\"mainEntityOfPage\":{\"@id\":\"https:\/\/www.gaveanews.com\/index.php\/2025\/01\/09\/adeus-gremio-negocia-mais-uma-saida\/\"},\"wordCount\":384,\"commentCount\":0,\"image\":{\"@id\":\"https:\/\/www.gaveanews.com\/index.php\/2025\/01\/09\/adeus-gremio-negocia-mais-uma-saida\/#primaryimage\"},\"thumbnailUrl\":\"https:\/\/www.gaveanews.com\/wp-content\/uploads\/Bandeira-do-Gremio.webp\",\"articleSection\":[\"Gr\u00eamio\"],\"inLanguage\":\"pt-BR\",\"potentialAction\":[{\"@type\":\"CommentAction\",\"name\":\"Comment\",\"target\":[\"https:\/\/www.gaveanews.com\/index.php\/2025\/01\/09\/adeus-gremio-negocia-mais-uma-saida\/#respond\"]}],\"copyrightYear\":\"2025\",\"copyrightHolder\":{\"@id\":\"https:\/\/www.gaveanews.com\/#organization\"}},{\"@type\":\"WebPage\",\"@id\":\"https:\/\/www.gaveanews.com\/index.php\/2025\/01\/09\/adeus-gremio-negocia-mais-uma-saida\/\",\"url\":\"https:\/\/www.gaveanews.com\/index.php\/2025\/01\/09\/adeus-gremio-negocia-mais-uma-saida\/\",\"name\":\"Adeus! Gr\u00eamio negocia mais uma sa\u00edda\",\"isPartOf\":{\"@id\":\"https:\/\/www.gaveanews.com\/#website\"},\"primaryImageOfPage\":{\"@id\":\"https:\/\/www.gaveanews.com\/index.php\/2025\/01\/09\/adeus-gremio-negocia-mais-uma-saida\/#primaryimage\"},\"image\":{\"@id\":\"https:\/\/www.gaveanews.com\/index.php\/2025\/01\/09\/adeus-gremio-negocia-mais-uma-saida\/#primaryimage\"},\"thumbnailUrl\":\"https:\/\/www.gaveanews.com\/wp-content\/uploads\/Bandeira-do-Gremio.webp\",\"datePublished\":\"2025-01-09T19:40:00+00:00\",\"author\":{\"@id\":\"https:\/\/www.gaveanews.com\/#\/schema\/person\/bd08f00534b403119b92741a6d469ef0\"},\"breadcrumb\":{\"@id\":\"https:\/\/www.gaveanews.com\/index.php\/2025\/01\/09\/adeus-gremio-negocia-mais-uma-saida\/#breadcrumb\"},\"inLanguage\":\"pt-BR\",\"potentialAction\":[{\"@type\":\"ReadAction\",\"target\":[\"https:\/\/www.gaveanews.com\/index.php\/2025\/01\/09\/adeus-gremio-negocia-mais-uma-saida\/\"]}]},{\"@type\":\"ImageObject\",\"inLanguage\":\"pt-BR\",\"@id\":\"https:\/\/www.gaveanews.com\/index.php\/2025\/01\/09\/adeus-gremio-negocia-mais-uma-saida\/#primaryimage\",\"url\":\"https:\/\/www.gaveanews.com\/wp-content\/uploads\/Bandeira-do-Gremio.webp\",\"contentUrl\":\"https:\/\/www.gaveanews.com\/wp-content\/uploads\/Bandeira-do-Gremio.webp\",\"width\":1043,\"height\":695,\"caption\":\"Bandeira do Gr\u00eamio (Foto: Reprodu\u00e7\u00e3o\/Gr\u00eamio)\"},{\"@type\":\"BreadcrumbList\",\"@id\":\"https:\/\/www.gaveanews.com\/index.php\/2025\/01\/09\/adeus-gremio-negocia-mais-uma-saida\/#breadcrumb\",\"itemListElement\":[{\"@type\":\"ListItem\",\"position\":1,\"name\":\"Home\",\"item\":\"https:\/\/www.gaveanews.com\/\"},{\"@type\":\"ListItem\",\"position\":2,\"name\":\"Adeus! Gr\u00eamio negocia mais uma sa\u00edda\"}]},{\"@type\":\"WebSite\",\"@id\":\"https:\/\/www.gaveanews.com\/#website\",\"url\":\"https:\/\/www.gaveanews.com\/\",\"name\":\"G\u00e1vea News\",\"description\":\"Veja todas as not\u00edcias sobre o Flamengo: Contrata\u00e7\u00f5es, categorias de base, resultados das partidas, tabela de classifica\u00e7\u00e3o, pr\u00f3ximos jogos!\",\"potentialAction\":[{\"@type\":\"SearchAction\",\"target\":{\"@type\":\"EntryPoint\",\"urlTemplate\":\"https:\/\/www.gaveanews.com\/?s={search_term_string}\"},\"query-input\":{\"@type\":\"PropertyValueSpecification\",\"valueRequired\":true,\"valueName\":\"search_term_string\"}}],\"inLanguage\":\"pt-BR\"},{\"@type\":\"Person\",\"@id\":\"https:\/\/www.gaveanews.com\/#\/schema\/person\/bd08f00534b403119b92741a6d469ef0\",\"name\":\"Hudson Pereira\",\"image\":{\"@type\":\"ImageObject\",\"inLanguage\":\"pt-BR\",\"@id\":\"https:\/\/www.gaveanews.com\/#\/schema\/person\/image\/\",\"url\":\"https:\/\/secure.gravatar.com\/avatar\/ecc491b489e454e510efffc9b23c1052ce5fb4f2e05555768ba65819cd55f03e?s=96&d=mm&r=g\",\"contentUrl\":\"https:\/\/secure.gravatar.com\/avatar\/ecc491b489e454e510efffc9b23c1052ce5fb4f2e05555768ba65819cd55f03e?s=96&d=mm&r=g\",\"caption\":\"Hudson Pereira\"}}]}<\/script>\n<!-- \/ Yoast SEO Premium plugin. -->","yoast_head_json":{"title":"Adeus! Gr\u00eamio negocia mais uma sa\u00edda","robots":{"index":"index","follow":"follow","max-snippet":"max-snippet:-1","max-image-preview":"max-image-preview:large","max-video-preview":"max-video-preview:-1"},"canonical":"https:\/\/www.gaveanews.com\/index.php\/2025\/01\/09\/adeus-gremio-negocia-mais-uma-saida\/","og_locale":"pt_BR","og_type":"article","og_title":"Adeus! Gr\u00eamio negocia mais uma sa\u00edda","og_description":"O Crici\u00fama negocia a contrata\u00e7\u00e3o do goleiro Ca\u00edque, atualmente vinculado ao Gr\u00eamio. A diretoria do Tigre busca refor\u00e7ar o elenco para a temporada de 2025, priorizando a posi\u00e7\u00e3o de goleiro. Ca\u00edque, com 27 anos, iniciou sua trajet\u00f3ria profissional no Esporte Clube Vit\u00f3ria. Posteriormente, integrou o elenco do Gr\u00eamio em 2023. Durante sua passagem pelo clube [&hellip;]","og_url":"https:\/\/www.gaveanews.com\/index.php\/2025\/01\/09\/adeus-gremio-negocia-mais-uma-saida\/","og_site_name":"G\u00e1vea News","article_publisher":"https:\/\/facebook.com\/gaveaNews\/","article_published_time":"2025-01-09T19:40:00+00:00","og_image":[{"width":1043,"height":695,"url":"https:\/\/www.gaveanews.com\/wp-content\/uploads\/Bandeira-do-Gremio.webp","type":"image\/webp"}],"author":"Hudson Pereira","twitter_card":"summary_large_image","twitter_misc":{"Escrito por":"Hudson Pereira","Est. tempo de leitura":"3 minutos"},"schema":{"@context":"https:\/\/schema.org","@graph":[{"@type":"NewsArticle","@id":"https:\/\/www.gaveanews.com\/index.php\/2025\/01\/09\/adeus-gremio-negocia-mais-uma-saida\/#article","isPartOf":{"@id":"https:\/\/www.gaveanews.com\/index.php\/2025\/01\/09\/adeus-gremio-negocia-mais-uma-saida\/"},"author":{"name":"Hudson Pereira","@id":"https:\/\/www.gaveanews.com\/#\/schema\/person\/bd08f00534b403119b92741a6d469ef0"},"headline":"Adeus! Gr\u00eamio negocia mais uma sa\u00edda","datePublished":"2025-01-09T19:40:00+00:00","mainEntityOfPage":{"@id":"https:\/\/www.gaveanews.com\/index.php\/2025\/01\/09\/adeus-gremio-negocia-mais-uma-saida\/"},"wordCount":384,"commentCount":0,"image":{"@id":"https:\/\/www.gaveanews.com\/index.php\/2025\/01\/09\/adeus-gremio-negocia-mais-uma-saida\/#primaryimage"},"thumbnailUrl":"https:\/\/www.gaveanews.com\/wp-content\/uploads\/Bandeira-do-Gremio.webp","articleSection":["Gr\u00eamio"],"inLanguage":"pt-BR","potentialAction":[{"@type":"CommentAction","name":"Comment","target":["https:\/\/www.gaveanews.com\/index.php\/2025\/01\/09\/adeus-gremio-negocia-mais-uma-saida\/#respond"]}],"copyrightYear":"2025","copyrightHolder":{"@id":"https:\/\/www.gaveanews.com\/#organization"}},{"@type":"WebPage","@id":"https:\/\/www.gaveanews.com\/index.php\/2025\/01\/09\/adeus-gremio-negocia-mais-uma-saida\/","url":"https:\/\/www.gaveanews.com\/index.php\/2025\/01\/09\/adeus-gremio-negocia-mais-uma-saida\/","name":"Adeus! Gr\u00eamio negocia mais uma sa\u00edda","isPartOf":{"@id":"https:\/\/www.gaveanews.com\/#website"},"primaryImageOfPage":{"@id":"https:\/\/www.gaveanews.com\/index.php\/2025\/01\/09\/adeus-gremio-negocia-mais-uma-saida\/#primaryimage"},"image":{"@id":"https:\/\/www.gaveanews.com\/index.php\/2025\/01\/09\/adeus-gremio-negocia-mais-uma-saida\/#primaryimage"},"thumbnailUrl":"https:\/\/www.gaveanews.com\/wp-content\/uploads\/Bandeira-do-Gremio.webp","datePublished":"2025-01-09T19:40:00+00:00","author":{"@id":"https:\/\/www.gaveanews.com\/#\/schema\/person\/bd08f00534b403119b92741a6d469ef0"},"breadcrumb":{"@id":"https:\/\/www.gaveanews.com\/index.php\/2025\/01\/09\/adeus-gremio-negocia-mais-uma-saida\/#breadcrumb"},"inLanguage":"pt-BR","potentialAction":[{"@type":"ReadAction","target":["https:\/\/www.gaveanews.com\/index.php\/2025\/01\/09\/adeus-gremio-negocia-mais-uma-saida\/"]}]},{"@type":"ImageObject","inLanguage":"pt-BR","@id":"https:\/\/www.gaveanews.com\/index.php\/2025\/01\/09\/adeus-gremio-negocia-mais-uma-saida\/#primaryimage","url":"https:\/\/www.gaveanews.com\/wp-content\/uploads\/Bandeira-do-Gremio.webp","contentUrl":"https:\/\/www.gaveanews.com\/wp-content\/uploads\/Bandeira-do-Gremio.webp","width":1043,"height":695,"caption":"Bandeira do Gr\u00eamio (Foto: Reprodu\u00e7\u00e3o\/Gr\u00eamio)"},{"@type":"BreadcrumbList","@id":"https:\/\/www.gaveanews.com\/index.php\/2025\/01\/09\/adeus-gremio-negocia-mais-uma-saida\/#breadcrumb","itemListElement":[{"@type":"ListItem","position":1,"name":"Home","item":"https:\/\/www.gaveanews.com\/"},{"@type":"ListItem","position":2,"name":"Adeus! Gr\u00eamio negocia mais uma sa\u00edda"}]},{"@type":"WebSite","@id":"https:\/\/www.gaveanews.com\/#website","url":"https:\/\/www.gaveanews.com\/","name":"G\u00e1vea News","description":"Veja todas as not\u00edcias sobre o Flamengo: Contrata\u00e7\u00f5es, categorias de base, resultados das partidas, tabela de classifica\u00e7\u00e3o, pr\u00f3ximos jogos!","potentialAction":[{"@type":"SearchAction","target":{"@type":"EntryPoint","urlTemplate":"https:\/\/www.gaveanews.com\/?s={search_term_string}"},"query-input":{"@type":"PropertyValueSpecification","valueRequired":true,"valueName":"search_term_string"}}],"inLanguage":"pt-BR"},{"@type":"Person","@id":"https:\/\/www.gaveanews.com\/#\/schema\/person\/bd08f00534b403119b92741a6d469ef0","name":"Hudson Pereira","image":{"@type":"ImageObject","inLanguage":"pt-BR","@id":"https:\/\/www.gaveanews.com\/#\/schema\/person\/image\/","url":"https:\/\/secure.gravatar.com\/avatar\/ecc491b489e454e510efffc9b23c1052ce5fb4f2e05555768ba65819cd55f03e?s=96&d=mm&r=g","contentUrl":"https:\/\/secure.gravatar.com\/avatar\/ecc491b489e454e510efffc9b23c1052ce5fb4f2e05555768ba65819cd55f03e?s=96&d=mm&r=g","caption":"Hudson Pereira"}}]}},"_links":{"self":[{"href":"https:\/\/www.gaveanews.com\/index.php\/wp-json\/wp\/v2\/posts\/210088","targetHints":{"allow":["GET"]}}],"collection":[{"href":"https:\/\/www.gaveanews.com\/index.php\/wp-json\/wp\/v2\/posts"}],"about":[{"href":"https:\/\/www.gaveanews.com\/index.php\/wp-json\/wp\/v2\/types\/post"}],"author":[{"embeddable":true,"href":"https:\/\/www.gaveanews.com\/index.php\/wp-json\/wp\/v2\/users\/28"}],"replies":[{"embeddable":true,"href":"https:\/\/www.gaveanews.com\/index.php\/wp-json\/wp\/v2\/comments?post=210088"}],"version-history":[{"count":2,"href":"https:\/\/www.gaveanews.com\/index.php\/wp-json\/wp\/v2\/posts\/210088\/revisions"}],"predecessor-version":[{"id":210306,"href":"https:\/\/www.gaveanews.com\/index.php\/wp-json\/wp\/v2\/posts\/210088\/revisions\/210306"}],"wp:featuredmedia":[{"embeddable":true,"href":"https:\/\/www.gaveanews.com\/index.php\/wp-json\/wp\/v2\/media\/165925"}],"wp:attachment":[{"href":"https:\/\/www.gaveanews.com\/index.php\/wp-json\/wp\/v2\/media?parent=210088"}],"wp:term":[{"taxonomy":"category","embeddable":true,"href":"https:\/\/www.gaveanews.com\/index.php\/wp-json\/wp\/v2\/categories?post=210088"},{"taxonomy":"post_tag","embeddable":true,"href":"https:\/\/www.gaveanews.com\/index.php\/wp-json\/wp\/v2\/tags?post=210088"}],"curies":[{"name":"wp","href":"https:\/\/api.w.org\/{rel}","templated":true}]}}