{"id":210107,"date":"2025-01-09T17:15:00","date_gmt":"2025-01-09T20:15:00","guid":{"rendered":"https:\/\/www.gaveanews.com\/?p=210107"},"modified":"2025-01-09T16:34:34","modified_gmt":"2025-01-09T19:34:34","slug":"a-declaracao-de-cuca-sobre-a-final-da-libertadores-entre-atletico-mg-e-botafogo","status":"publish","type":"post","link":"https:\/\/www.gaveanews.com\/index.php\/2025\/01\/09\/a-declaracao-de-cuca-sobre-a-final-da-libertadores-entre-atletico-mg-e-botafogo\/","title":{"rendered":"A declara\u00e7\u00e3o de Cuca sobre a final da Libertadores entre Atl\u00e9tico-MG e Botafogo"},"content":{"rendered":"\n<p>Cuca participou de sua primeira entrevista \u00e0 GaloTV na \u00faltima quarta-feira (8), ap\u00f3s retornar ao comando t\u00e9cnico do Atl\u00e9tico-MG. O treinador abordou os desafios enfrentados pelo clube durante o ano de 2024. Ele destacou o impacto das derrotas nas finais da CONMEBOL Libertadores e da Copa do Brasil. Al\u00e9m disso, mencionou a campanha no Campeonato Brasileiro.<\/p>\n\n\n\n<ul class=\"wp-block-list\">\n<li><a href=\"https:\/\/www.gaveanews.com\/index.php\/2025\/01\/04\/atletico-mg-cuca-revela-novidade-em-seu-retorno-ao-clube\/\">Atl\u00e9tico-MG: Cuca revela novidade em seu retorno ao clube<\/a><\/li>\n\n\n\n<li><a href=\"https:\/\/www.gaveanews.com\/index.php\/2024\/12\/27\/atletico-mg-encaminha-emprestimo-para-2025\/\">Atl\u00e9tico-MG encaminha empr\u00e9stimo para 2025<\/a><\/li>\n<\/ul>\n\n\n\n<p>Cuca reconheceu o sentimento da torcida atleticana ap\u00f3s o ano. Contudo, enfatizou a import\u00e2ncia de manter o orgulho pelo desempenho da equipe. Segundo ele, o time alcan\u00e7ou duas finais importantes. Este feito n\u00e3o deve ser desvalorizado.<\/p>\n\n\n\n<p>O treinador destacou que, embora a torcida esteja naturalmente abatida pelas derrotas, o trabalho de Milito n\u00e3o pode ser considerado negativo. Para Cuca, as campanhas do Atl\u00e9tico-MG sob o comando do argentino foram boas. No entanto, as finais contra Botafogo e Flamengo n\u00e3o tiveram resultados favor\u00e1veis.<\/p>\n\n\n\n<h2 class=\"wp-block-heading\" id=\"h-analise-das-finais-e-perspectivas-futuras\">An\u00e1lise das finais e perspectivas futuras<\/h2>\n\n\n\n<p>Segundo Cuca, o Atl\u00e9tico teve boas chances em ambas as decis\u00f5es. Pequenas falhas determinaram o resultado. O treinador destacou que, se uma bola tivesse entrado no momento certo, o clube poderia ter conquistado a Libertadores. Ele acredita que essas situa\u00e7\u00f5es demonstram o trabalho positivo de Milito. Apesar disso, o desfecho das finais foi frustrante.<\/p>\n\n\n\n<p>&#8220;Claro que podem ter esses sentimentos pelas perdas que tiveram nas finais, mas chegou em duas finais! Cara, n\u00e3o \u00e9 f\u00e1cil. O trabalho do Milito foi bom! \u00c9 uma bola que entra, uma bola que entrasse ali na final da Libertadores iria para uma prorroga\u00e7\u00e3o\u2026 De repente, era campe\u00e3o da Libertadores. Ent\u00e3o, n\u00e3o foi um trabalho ruim&#8221;, disparou.<\/p>\n\n\n\n<p>Nesse sentido, Cuca separou as campanhas das finais. Ele mencionou que, apesar dos resultados adversos, as equipes comandadas por Milito se destacaram pela qualidade do jogo. Ele ressaltou que as derrotas n\u00e3o devem ofuscar o esfor\u00e7o e a dedica\u00e7\u00e3o do treinador argentino.<\/p>\n\n\n\n<p>O t\u00e9cnico aproveitou a oportunidade para refor\u00e7ar seu compromisso com o clube e a torcida. Ele afirmou que est\u00e1 pronto para assumir os desafios de sua nova passagem pelo Atl\u00e9tico-MG. Com seu retorno, Cuca espera reorganizar a equipe. Al\u00e9m disso, buscar\u00e1 os t\u00edtulos que n\u00e3o foram conquistados no ano anterior.<\/p>\n","protected":false},"excerpt":{"rendered":"<p>Cuca participou de sua primeira entrevista \u00e0 GaloTV na \u00faltima quarta-feira (8), ap\u00f3s retornar ao comando t\u00e9cnico do Atl\u00e9tico-MG. O treinador abordou os desafios enfrentados pelo clube durante o ano de 2024. Ele destacou o impacto das derrotas nas finais da CONMEBOL Libertadores e da Copa do Brasil. Al\u00e9m disso, mencionou a campanha no Campeonato [&hellip;]<\/p>\n","protected":false},"author":28,"featured_media":68026,"comment_status":"open","ping_status":"closed","sticky":false,"template":"","format":"standard","meta":{"footnotes":""},"categories":[136,138],"tags":[],"class_list":["post-210107","post","type-post","status-publish","format-standard","has-post-thumbnail","hentry","category-atletico-mg","category-botafogo"],"yoast_head":"<!-- This site is optimized with the Yoast SEO Premium plugin v24.2 (Yoast SEO v26.9) - https:\/\/yoast.com\/product\/yoast-seo-premium-wordpress\/ -->\n<title>A declara\u00e7\u00e3o de Cuca sobre a final da Libertadores entre Atl\u00e9tico-MG e Botafogo<\/title>\n<meta name=\"robots\" content=\"index, follow, max-snippet:-1, max-image-preview:large, max-video-preview:-1\" \/>\n<link rel=\"canonical\" href=\"https:\/\/www.gaveanews.com\/index.php\/2025\/01\/09\/a-declaracao-de-cuca-sobre-a-final-da-libertadores-entre-atletico-mg-e-botafogo\/\" \/>\n<meta property=\"og:locale\" content=\"pt_BR\" \/>\n<meta property=\"og:type\" content=\"article\" \/>\n<meta property=\"og:title\" content=\"A declara\u00e7\u00e3o de Cuca sobre a final da Libertadores entre Atl\u00e9tico-MG e Botafogo\" \/>\n<meta property=\"og:description\" content=\"Cuca participou de sua primeira entrevista \u00e0 GaloTV na \u00faltima quarta-feira (8), ap\u00f3s retornar ao comando t\u00e9cnico do Atl\u00e9tico-MG. O treinador abordou os desafios enfrentados pelo clube durante o ano de 2024. Ele destacou o impacto das derrotas nas finais da CONMEBOL Libertadores e da Copa do Brasil. Al\u00e9m disso, mencionou a campanha no Campeonato [&hellip;]\" \/>\n<meta property=\"og:url\" content=\"https:\/\/www.gaveanews.com\/index.php\/2025\/01\/09\/a-declaracao-de-cuca-sobre-a-final-da-libertadores-entre-atletico-mg-e-botafogo\/\" \/>\n<meta property=\"og:site_name\" content=\"G\u00e1vea News\" \/>\n<meta property=\"article:publisher\" content=\"https:\/\/facebook.com\/gaveaNews\/\" \/>\n<meta property=\"article:published_time\" content=\"2025-01-09T20:15:00+00:00\" \/>\n<meta property=\"og:image\" content=\"https:\/\/www.gaveanews.com\/wp-content\/uploads\/Cuca-tecnico-do-Atletico-MG.webp\" \/>\n\t<meta property=\"og:image:width\" content=\"1024\" \/>\n\t<meta property=\"og:image:height\" content=\"683\" \/>\n\t<meta property=\"og:image:type\" content=\"image\/jpeg\" \/>\n<meta name=\"author\" content=\"Hudson Pereira\" \/>\n<meta name=\"twitter:card\" content=\"summary_large_image\" \/>\n<meta name=\"twitter:label1\" content=\"Escrito por\" \/>\n\t<meta name=\"twitter:data1\" content=\"Hudson Pereira\" \/>\n\t<meta name=\"twitter:label2\" content=\"Est. tempo de leitura\" \/>\n\t<meta name=\"twitter:data2\" content=\"3 minutos\" \/>\n<script type=\"application\/ld+json\" class=\"yoast-schema-graph\">{\"@context\":\"https:\/\/schema.org\",\"@graph\":[{\"@type\":\"NewsArticle\",\"@id\":\"https:\/\/www.gaveanews.com\/index.php\/2025\/01\/09\/a-declaracao-de-cuca-sobre-a-final-da-libertadores-entre-atletico-mg-e-botafogo\/#article\",\"isPartOf\":{\"@id\":\"https:\/\/www.gaveanews.com\/index.php\/2025\/01\/09\/a-declaracao-de-cuca-sobre-a-final-da-libertadores-entre-atletico-mg-e-botafogo\/\"},\"author\":{\"name\":\"Hudson Pereira\",\"@id\":\"https:\/\/www.gaveanews.com\/#\/schema\/person\/bd08f00534b403119b92741a6d469ef0\"},\"headline\":\"A declara\u00e7\u00e3o de Cuca sobre a final da Libertadores entre Atl\u00e9tico-MG e Botafogo\",\"datePublished\":\"2025-01-09T20:15:00+00:00\",\"mainEntityOfPage\":{\"@id\":\"https:\/\/www.gaveanews.com\/index.php\/2025\/01\/09\/a-declaracao-de-cuca-sobre-a-final-da-libertadores-entre-atletico-mg-e-botafogo\/\"},\"wordCount\":405,\"commentCount\":0,\"image\":{\"@id\":\"https:\/\/www.gaveanews.com\/index.php\/2025\/01\/09\/a-declaracao-de-cuca-sobre-a-final-da-libertadores-entre-atletico-mg-e-botafogo\/#primaryimage\"},\"thumbnailUrl\":\"https:\/\/www.gaveanews.com\/wp-content\/uploads\/Cuca-tecnico-do-Atletico-MG.webp\",\"articleSection\":[\"Atl\u00e9tico-MG\",\"Botafogo\"],\"inLanguage\":\"pt-BR\",\"potentialAction\":[{\"@type\":\"CommentAction\",\"name\":\"Comment\",\"target\":[\"https:\/\/www.gaveanews.com\/index.php\/2025\/01\/09\/a-declaracao-de-cuca-sobre-a-final-da-libertadores-entre-atletico-mg-e-botafogo\/#respond\"]}],\"copyrightYear\":\"2025\",\"copyrightHolder\":{\"@id\":\"https:\/\/www.gaveanews.com\/#organization\"}},{\"@type\":\"WebPage\",\"@id\":\"https:\/\/www.gaveanews.com\/index.php\/2025\/01\/09\/a-declaracao-de-cuca-sobre-a-final-da-libertadores-entre-atletico-mg-e-botafogo\/\",\"url\":\"https:\/\/www.gaveanews.com\/index.php\/2025\/01\/09\/a-declaracao-de-cuca-sobre-a-final-da-libertadores-entre-atletico-mg-e-botafogo\/\",\"name\":\"A declara\u00e7\u00e3o de Cuca sobre a final da Libertadores entre Atl\u00e9tico-MG e Botafogo\",\"isPartOf\":{\"@id\":\"https:\/\/www.gaveanews.com\/#website\"},\"primaryImageOfPage\":{\"@id\":\"https:\/\/www.gaveanews.com\/index.php\/2025\/01\/09\/a-declaracao-de-cuca-sobre-a-final-da-libertadores-entre-atletico-mg-e-botafogo\/#primaryimage\"},\"image\":{\"@id\":\"https:\/\/www.gaveanews.com\/index.php\/2025\/01\/09\/a-declaracao-de-cuca-sobre-a-final-da-libertadores-entre-atletico-mg-e-botafogo\/#primaryimage\"},\"thumbnailUrl\":\"https:\/\/www.gaveanews.com\/wp-content\/uploads\/Cuca-tecnico-do-Atletico-MG.webp\",\"datePublished\":\"2025-01-09T20:15:00+00:00\",\"author\":{\"@id\":\"https:\/\/www.gaveanews.com\/#\/schema\/person\/bd08f00534b403119b92741a6d469ef0\"},\"breadcrumb\":{\"@id\":\"https:\/\/www.gaveanews.com\/index.php\/2025\/01\/09\/a-declaracao-de-cuca-sobre-a-final-da-libertadores-entre-atletico-mg-e-botafogo\/#breadcrumb\"},\"inLanguage\":\"pt-BR\",\"potentialAction\":[{\"@type\":\"ReadAction\",\"target\":[\"https:\/\/www.gaveanews.com\/index.php\/2025\/01\/09\/a-declaracao-de-cuca-sobre-a-final-da-libertadores-entre-atletico-mg-e-botafogo\/\"]}]},{\"@type\":\"ImageObject\",\"inLanguage\":\"pt-BR\",\"@id\":\"https:\/\/www.gaveanews.com\/index.php\/2025\/01\/09\/a-declaracao-de-cuca-sobre-a-final-da-libertadores-entre-atletico-mg-e-botafogo\/#primaryimage\",\"url\":\"https:\/\/www.gaveanews.com\/wp-content\/uploads\/Cuca-tecnico-do-Atletico-MG.webp\",\"contentUrl\":\"https:\/\/www.gaveanews.com\/wp-content\/uploads\/Cuca-tecnico-do-Atletico-MG.webp\",\"width\":1024,\"height\":683,\"caption\":\"Cuca como treinador do Atl\u00e9tico-MG (Foto: Bruno Cantini\/Atl\u00e9tico-MG)\"},{\"@type\":\"BreadcrumbList\",\"@id\":\"https:\/\/www.gaveanews.com\/index.php\/2025\/01\/09\/a-declaracao-de-cuca-sobre-a-final-da-libertadores-entre-atletico-mg-e-botafogo\/#breadcrumb\",\"itemListElement\":[{\"@type\":\"ListItem\",\"position\":1,\"name\":\"Home\",\"item\":\"https:\/\/www.gaveanews.com\/\"},{\"@type\":\"ListItem\",\"position\":2,\"name\":\"A declara\u00e7\u00e3o de Cuca sobre a final da Libertadores entre Atl\u00e9tico-MG e Botafogo\"}]},{\"@type\":\"WebSite\",\"@id\":\"https:\/\/www.gaveanews.com\/#website\",\"url\":\"https:\/\/www.gaveanews.com\/\",\"name\":\"G\u00e1vea News\",\"description\":\"Veja todas as not\u00edcias sobre o Flamengo: Contrata\u00e7\u00f5es, categorias de base, resultados das partidas, tabela de classifica\u00e7\u00e3o, pr\u00f3ximos jogos!\",\"potentialAction\":[{\"@type\":\"SearchAction\",\"target\":{\"@type\":\"EntryPoint\",\"urlTemplate\":\"https:\/\/www.gaveanews.com\/?s={search_term_string}\"},\"query-input\":{\"@type\":\"PropertyValueSpecification\",\"valueRequired\":true,\"valueName\":\"search_term_string\"}}],\"inLanguage\":\"pt-BR\"},{\"@type\":\"Person\",\"@id\":\"https:\/\/www.gaveanews.com\/#\/schema\/person\/bd08f00534b403119b92741a6d469ef0\",\"name\":\"Hudson Pereira\",\"image\":{\"@type\":\"ImageObject\",\"inLanguage\":\"pt-BR\",\"@id\":\"https:\/\/www.gaveanews.com\/#\/schema\/person\/image\/\",\"url\":\"https:\/\/secure.gravatar.com\/avatar\/ecc491b489e454e510efffc9b23c1052ce5fb4f2e05555768ba65819cd55f03e?s=96&d=mm&r=g\",\"contentUrl\":\"https:\/\/secure.gravatar.com\/avatar\/ecc491b489e454e510efffc9b23c1052ce5fb4f2e05555768ba65819cd55f03e?s=96&d=mm&r=g\",\"caption\":\"Hudson Pereira\"}}]}<\/script>\n<!-- \/ Yoast SEO Premium plugin. -->","yoast_head_json":{"title":"A declara\u00e7\u00e3o de Cuca sobre a final da Libertadores entre Atl\u00e9tico-MG e Botafogo","robots":{"index":"index","follow":"follow","max-snippet":"max-snippet:-1","max-image-preview":"max-image-preview:large","max-video-preview":"max-video-preview:-1"},"canonical":"https:\/\/www.gaveanews.com\/index.php\/2025\/01\/09\/a-declaracao-de-cuca-sobre-a-final-da-libertadores-entre-atletico-mg-e-botafogo\/","og_locale":"pt_BR","og_type":"article","og_title":"A declara\u00e7\u00e3o de Cuca sobre a final da Libertadores entre Atl\u00e9tico-MG e Botafogo","og_description":"Cuca participou de sua primeira entrevista \u00e0 GaloTV na \u00faltima quarta-feira (8), ap\u00f3s retornar ao comando t\u00e9cnico do Atl\u00e9tico-MG. O treinador abordou os desafios enfrentados pelo clube durante o ano de 2024. Ele destacou o impacto das derrotas nas finais da CONMEBOL Libertadores e da Copa do Brasil. Al\u00e9m disso, mencionou a campanha no Campeonato [&hellip;]","og_url":"https:\/\/www.gaveanews.com\/index.php\/2025\/01\/09\/a-declaracao-de-cuca-sobre-a-final-da-libertadores-entre-atletico-mg-e-botafogo\/","og_site_name":"G\u00e1vea News","article_publisher":"https:\/\/facebook.com\/gaveaNews\/","article_published_time":"2025-01-09T20:15:00+00:00","og_image":[{"width":1024,"height":683,"url":"https:\/\/www.gaveanews.com\/wp-content\/uploads\/Cuca-tecnico-do-Atletico-MG.webp","type":"image\/jpeg"}],"author":"Hudson Pereira","twitter_card":"summary_large_image","twitter_misc":{"Escrito por":"Hudson Pereira","Est. tempo de leitura":"3 minutos"},"schema":{"@context":"https:\/\/schema.org","@graph":[{"@type":"NewsArticle","@id":"https:\/\/www.gaveanews.com\/index.php\/2025\/01\/09\/a-declaracao-de-cuca-sobre-a-final-da-libertadores-entre-atletico-mg-e-botafogo\/#article","isPartOf":{"@id":"https:\/\/www.gaveanews.com\/index.php\/2025\/01\/09\/a-declaracao-de-cuca-sobre-a-final-da-libertadores-entre-atletico-mg-e-botafogo\/"},"author":{"name":"Hudson Pereira","@id":"https:\/\/www.gaveanews.com\/#\/schema\/person\/bd08f00534b403119b92741a6d469ef0"},"headline":"A declara\u00e7\u00e3o de Cuca sobre a final da Libertadores entre Atl\u00e9tico-MG e Botafogo","datePublished":"2025-01-09T20:15:00+00:00","mainEntityOfPage":{"@id":"https:\/\/www.gaveanews.com\/index.php\/2025\/01\/09\/a-declaracao-de-cuca-sobre-a-final-da-libertadores-entre-atletico-mg-e-botafogo\/"},"wordCount":405,"commentCount":0,"image":{"@id":"https:\/\/www.gaveanews.com\/index.php\/2025\/01\/09\/a-declaracao-de-cuca-sobre-a-final-da-libertadores-entre-atletico-mg-e-botafogo\/#primaryimage"},"thumbnailUrl":"https:\/\/www.gaveanews.com\/wp-content\/uploads\/Cuca-tecnico-do-Atletico-MG.webp","articleSection":["Atl\u00e9tico-MG","Botafogo"],"inLanguage":"pt-BR","potentialAction":[{"@type":"CommentAction","name":"Comment","target":["https:\/\/www.gaveanews.com\/index.php\/2025\/01\/09\/a-declaracao-de-cuca-sobre-a-final-da-libertadores-entre-atletico-mg-e-botafogo\/#respond"]}],"copyrightYear":"2025","copyrightHolder":{"@id":"https:\/\/www.gaveanews.com\/#organization"}},{"@type":"WebPage","@id":"https:\/\/www.gaveanews.com\/index.php\/2025\/01\/09\/a-declaracao-de-cuca-sobre-a-final-da-libertadores-entre-atletico-mg-e-botafogo\/","url":"https:\/\/www.gaveanews.com\/index.php\/2025\/01\/09\/a-declaracao-de-cuca-sobre-a-final-da-libertadores-entre-atletico-mg-e-botafogo\/","name":"A declara\u00e7\u00e3o de Cuca sobre a final da Libertadores entre Atl\u00e9tico-MG e Botafogo","isPartOf":{"@id":"https:\/\/www.gaveanews.com\/#website"},"primaryImageOfPage":{"@id":"https:\/\/www.gaveanews.com\/index.php\/2025\/01\/09\/a-declaracao-de-cuca-sobre-a-final-da-libertadores-entre-atletico-mg-e-botafogo\/#primaryimage"},"image":{"@id":"https:\/\/www.gaveanews.com\/index.php\/2025\/01\/09\/a-declaracao-de-cuca-sobre-a-final-da-libertadores-entre-atletico-mg-e-botafogo\/#primaryimage"},"thumbnailUrl":"https:\/\/www.gaveanews.com\/wp-content\/uploads\/Cuca-tecnico-do-Atletico-MG.webp","datePublished":"2025-01-09T20:15:00+00:00","author":{"@id":"https:\/\/www.gaveanews.com\/#\/schema\/person\/bd08f00534b403119b92741a6d469ef0"},"breadcrumb":{"@id":"https:\/\/www.gaveanews.com\/index.php\/2025\/01\/09\/a-declaracao-de-cuca-sobre-a-final-da-libertadores-entre-atletico-mg-e-botafogo\/#breadcrumb"},"inLanguage":"pt-BR","potentialAction":[{"@type":"ReadAction","target":["https:\/\/www.gaveanews.com\/index.php\/2025\/01\/09\/a-declaracao-de-cuca-sobre-a-final-da-libertadores-entre-atletico-mg-e-botafogo\/"]}]},{"@type":"ImageObject","inLanguage":"pt-BR","@id":"https:\/\/www.gaveanews.com\/index.php\/2025\/01\/09\/a-declaracao-de-cuca-sobre-a-final-da-libertadores-entre-atletico-mg-e-botafogo\/#primaryimage","url":"https:\/\/www.gaveanews.com\/wp-content\/uploads\/Cuca-tecnico-do-Atletico-MG.webp","contentUrl":"https:\/\/www.gaveanews.com\/wp-content\/uploads\/Cuca-tecnico-do-Atletico-MG.webp","width":1024,"height":683,"caption":"Cuca como treinador do Atl\u00e9tico-MG (Foto: Bruno Cantini\/Atl\u00e9tico-MG)"},{"@type":"BreadcrumbList","@id":"https:\/\/www.gaveanews.com\/index.php\/2025\/01\/09\/a-declaracao-de-cuca-sobre-a-final-da-libertadores-entre-atletico-mg-e-botafogo\/#breadcrumb","itemListElement":[{"@type":"ListItem","position":1,"name":"Home","item":"https:\/\/www.gaveanews.com\/"},{"@type":"ListItem","position":2,"name":"A declara\u00e7\u00e3o de Cuca sobre a final da Libertadores entre Atl\u00e9tico-MG e Botafogo"}]},{"@type":"WebSite","@id":"https:\/\/www.gaveanews.com\/#website","url":"https:\/\/www.gaveanews.com\/","name":"G\u00e1vea News","description":"Veja todas as not\u00edcias sobre o Flamengo: Contrata\u00e7\u00f5es, categorias de base, resultados das partidas, tabela de classifica\u00e7\u00e3o, pr\u00f3ximos jogos!","potentialAction":[{"@type":"SearchAction","target":{"@type":"EntryPoint","urlTemplate":"https:\/\/www.gaveanews.com\/?s={search_term_string}"},"query-input":{"@type":"PropertyValueSpecification","valueRequired":true,"valueName":"search_term_string"}}],"inLanguage":"pt-BR"},{"@type":"Person","@id":"https:\/\/www.gaveanews.com\/#\/schema\/person\/bd08f00534b403119b92741a6d469ef0","name":"Hudson Pereira","image":{"@type":"ImageObject","inLanguage":"pt-BR","@id":"https:\/\/www.gaveanews.com\/#\/schema\/person\/image\/","url":"https:\/\/secure.gravatar.com\/avatar\/ecc491b489e454e510efffc9b23c1052ce5fb4f2e05555768ba65819cd55f03e?s=96&d=mm&r=g","contentUrl":"https:\/\/secure.gravatar.com\/avatar\/ecc491b489e454e510efffc9b23c1052ce5fb4f2e05555768ba65819cd55f03e?s=96&d=mm&r=g","caption":"Hudson Pereira"}}]}},"_links":{"self":[{"href":"https:\/\/www.gaveanews.com\/index.php\/wp-json\/wp\/v2\/posts\/210107","targetHints":{"allow":["GET"]}}],"collection":[{"href":"https:\/\/www.gaveanews.com\/index.php\/wp-json\/wp\/v2\/posts"}],"about":[{"href":"https:\/\/www.gaveanews.com\/index.php\/wp-json\/wp\/v2\/types\/post"}],"author":[{"embeddable":true,"href":"https:\/\/www.gaveanews.com\/index.php\/wp-json\/wp\/v2\/users\/28"}],"replies":[{"embeddable":true,"href":"https:\/\/www.gaveanews.com\/index.php\/wp-json\/wp\/v2\/comments?post=210107"}],"version-history":[{"count":2,"href":"https:\/\/www.gaveanews.com\/index.php\/wp-json\/wp\/v2\/posts\/210107\/revisions"}],"predecessor-version":[{"id":210113,"href":"https:\/\/www.gaveanews.com\/index.php\/wp-json\/wp\/v2\/posts\/210107\/revisions\/210113"}],"wp:featuredmedia":[{"embeddable":true,"href":"https:\/\/www.gaveanews.com\/index.php\/wp-json\/wp\/v2\/media\/68026"}],"wp:attachment":[{"href":"https:\/\/www.gaveanews.com\/index.php\/wp-json\/wp\/v2\/media?parent=210107"}],"wp:term":[{"taxonomy":"category","embeddable":true,"href":"https:\/\/www.gaveanews.com\/index.php\/wp-json\/wp\/v2\/categories?post=210107"},{"taxonomy":"post_tag","embeddable":true,"href":"https:\/\/www.gaveanews.com\/index.php\/wp-json\/wp\/v2\/tags?post=210107"}],"curies":[{"name":"wp","href":"https:\/\/api.w.org\/{rel}","templated":true}]}}