{"id":210187,"date":"2025-01-09T18:35:00","date_gmt":"2025-01-09T21:35:00","guid":{"rendered":"https:\/\/www.gaveanews.com\/?p=210187"},"modified":"2025-01-09T17:26:26","modified_gmt":"2025-01-09T20:26:26","slug":"casemiro-do-manchester-united-pode-retornar-a-laliga","status":"publish","type":"post","link":"https:\/\/www.gaveanews.com\/index.php\/2025\/01\/09\/casemiro-do-manchester-united-pode-retornar-a-laliga\/","title":{"rendered":"Casemiro, do Manchester United, pode retornar \u00e0 LaLiga"},"content":{"rendered":"\n<p>Ap\u00f3s um per\u00edodo de adapta\u00e7\u00e3o no Manchester United, Casemiro v\u00ea seu futuro em aberto. O volante brasileiro, que um dia foi uma pe\u00e7a-chave no Real Madrid, n\u00e3o est\u00e1 mais nos planos de Ruben Amorim, novo t\u00e9cnico dos Red Devils.&nbsp;<\/p>\n\n\n\n<ul class=\"wp-block-list\">\n<li><a href=\"https:\/\/www.gaveanews.com\/index.php\/2025\/01\/05\/psg-quer-contratar-atacante-do-manchester-united\/\">PSG quer contratar atacante do Manchester United<\/a><\/li>\n\n\n\n<li><a href=\"https:\/\/www.gaveanews.com\/index.php\/2025\/01\/02\/manchester-united-antony-pode-se-transferir-para-la-liga\/\">Manchester United: Antony pode se transferir para La Liga<\/a><\/li>\n<\/ul>\n\n\n\n<p>Por isso, o Manchester United come\u00e7a a considerar a possibilidade de se desfazer de Casemiro, seja por meio de uma venda ou at\u00e9 mesmo um empr\u00e9stimo.A situa\u00e7\u00e3o do jogador, com um dos maiores sal\u00e1rios da Premier League, tem gerado especula\u00e7\u00f5es sobre seu pr\u00f3ximo passo no futebol europeu.<\/p>\n\n\n\n<h2 class=\"wp-block-heading\" id=\"h-al-nassr-e-girona-sao-possiveis-destinos-para-casemiro\">Al-Nassr e Girona s\u00e3o poss\u00edveis destinos para Casemiro<\/h2>\n\n\n\n<p>Com o futuro incerto, Casemiro recebe propostas de clubes de peso. O Al-Nassr, da Ar\u00e1bia Saudita, surge como um forte candidato para levar o volante brasileiro.&nbsp;<\/p>\n\n\n\n<p>O clube est\u00e1 preparado para oferecer uma quantia impressionante de R$ 4 milh\u00f5es por semana, o que poderia atrair Casemiro para uma experi\u00eancia no futebol saudita, especialmente com a possibilidade de jogar ao lado de Cristiano Ronaldo, seu antigo companheiro de Real Madrid. Essa proposta coloca o Al-Nassr como favorito, mas n\u00e3o \u00e9 a \u00fanica op\u00e7\u00e3o de peso para o volante.<\/p>\n\n\n\n<p>O Girona, da LaLiga, tamb\u00e9m entra na disputa, oferecendo um empr\u00e9stimo com a op\u00e7\u00e3o de dividir o grande sal\u00e1rio de Casemiro com o Manchester United.&nbsp;<\/p>\n\n\n\n<p>Sendo assim, o clube catal\u00e3o, que busca refor\u00e7ar seu elenco, v\u00ea na versatilidade do jogador a solu\u00e7\u00e3o ideal para a temporada. Casemiro, que tem a capacidade de atuar como zagueiro ou volante, \u00e9 considerado um grande l\u00edder dentro e fora de campo, caracter\u00edstica muito valorizada pelo t\u00e9cnico Miguel \u00c1ngel.<\/p>\n\n\n\n<h2 class=\"wp-block-heading\" id=\"h-retorno-ao-real-madrid-ainda-e-uma-possibilidade\">Retorno ao Real Madrid ainda \u00e9 uma possibilidade?<\/h2>\n\n\n\n<p>Apesar das ofertas, alguns especulam sobre a chance de Casemiro retornar ao Real Madrid, onde conquistou grande parte dos t\u00edtulos de sua carreira.&nbsp;<\/p>\n\n\n\n<p>Embora o Real n\u00e3o seja diretamente rival do Girona, a conex\u00e3o do volante com o clube madrilenho ainda gera discuss\u00f5es. Dessa maneira, Casemiro poderia retornar ao cen\u00e1rio europeu em grande estilo, algo que ainda est\u00e1 em aberto.<\/p>\n","protected":false},"excerpt":{"rendered":"<p>Ap\u00f3s um per\u00edodo de adapta\u00e7\u00e3o no Manchester United, Casemiro v\u00ea seu futuro em aberto. O volante brasileiro, que um dia foi uma pe\u00e7a-chave no Real Madrid, n\u00e3o est\u00e1 mais nos planos de Ruben Amorim, novo t\u00e9cnico dos Red Devils.&nbsp; Por isso, o Manchester United come\u00e7a a considerar a possibilidade de se desfazer de Casemiro, seja [&hellip;]<\/p>\n","protected":false},"author":25,"featured_media":168658,"comment_status":"open","ping_status":"closed","sticky":false,"template":"","format":"standard","meta":{"footnotes":""},"categories":[90],"tags":[],"class_list":["post-210187","post","type-post","status-publish","format-standard","has-post-thumbnail","hentry","category-manchester-united"],"yoast_head":"<!-- This site is optimized with the Yoast SEO Premium plugin v24.2 (Yoast SEO v26.9) - https:\/\/yoast.com\/product\/yoast-seo-premium-wordpress\/ -->\n<title>Casemiro, do Manchester United, pode retornar \u00e0 LaLiga<\/title>\n<meta name=\"robots\" content=\"index, follow, max-snippet:-1, max-image-preview:large, max-video-preview:-1\" \/>\n<link rel=\"canonical\" href=\"https:\/\/www.gaveanews.com\/index.php\/2025\/01\/09\/casemiro-do-manchester-united-pode-retornar-a-laliga\/\" \/>\n<meta property=\"og:locale\" content=\"pt_BR\" \/>\n<meta property=\"og:type\" content=\"article\" \/>\n<meta property=\"og:title\" content=\"Casemiro, do Manchester United, pode retornar \u00e0 LaLiga\" \/>\n<meta property=\"og:description\" content=\"Ap\u00f3s um per\u00edodo de adapta\u00e7\u00e3o no Manchester United, Casemiro v\u00ea seu futuro em aberto. O volante brasileiro, que um dia foi uma pe\u00e7a-chave no Real Madrid, n\u00e3o est\u00e1 mais nos planos de Ruben Amorim, novo t\u00e9cnico dos Red Devils.&nbsp; Por isso, o Manchester United come\u00e7a a considerar a possibilidade de se desfazer de Casemiro, seja [&hellip;]\" \/>\n<meta property=\"og:url\" content=\"https:\/\/www.gaveanews.com\/index.php\/2025\/01\/09\/casemiro-do-manchester-united-pode-retornar-a-laliga\/\" \/>\n<meta property=\"og:site_name\" content=\"G\u00e1vea News\" \/>\n<meta property=\"article:publisher\" content=\"https:\/\/facebook.com\/gaveaNews\/\" \/>\n<meta property=\"article:published_time\" content=\"2025-01-09T21:35:00+00:00\" \/>\n<meta property=\"og:image\" content=\"https:\/\/www.gaveanews.com\/wp-content\/uploads\/Casemiro-com-a-camisa-do-Manchester-United-em-2024.webp\" \/>\n\t<meta property=\"og:image:width\" content=\"1421\" \/>\n\t<meta property=\"og:image:height\" content=\"947\" \/>\n\t<meta property=\"og:image:type\" content=\"image\/webp\" \/>\n<meta name=\"author\" content=\"Rafaela Ladeira\" \/>\n<meta name=\"twitter:card\" content=\"summary_large_image\" \/>\n<meta name=\"twitter:label1\" content=\"Escrito por\" \/>\n\t<meta name=\"twitter:data1\" content=\"Rafaela Ladeira\" \/>\n\t<meta name=\"twitter:label2\" content=\"Est. tempo de leitura\" \/>\n\t<meta name=\"twitter:data2\" content=\"3 minutos\" \/>\n<script type=\"application\/ld+json\" class=\"yoast-schema-graph\">{\"@context\":\"https:\/\/schema.org\",\"@graph\":[{\"@type\":\"NewsArticle\",\"@id\":\"https:\/\/www.gaveanews.com\/index.php\/2025\/01\/09\/casemiro-do-manchester-united-pode-retornar-a-laliga\/#article\",\"isPartOf\":{\"@id\":\"https:\/\/www.gaveanews.com\/index.php\/2025\/01\/09\/casemiro-do-manchester-united-pode-retornar-a-laliga\/\"},\"author\":{\"name\":\"Rafaela Ladeira\",\"@id\":\"https:\/\/www.gaveanews.com\/#\/schema\/person\/0eb3e3fe1754f0205218538adbe8f5ed\"},\"headline\":\"Casemiro, do Manchester United, pode retornar \u00e0 LaLiga\",\"datePublished\":\"2025-01-09T21:35:00+00:00\",\"mainEntityOfPage\":{\"@id\":\"https:\/\/www.gaveanews.com\/index.php\/2025\/01\/09\/casemiro-do-manchester-united-pode-retornar-a-laliga\/\"},\"wordCount\":381,\"commentCount\":0,\"image\":{\"@id\":\"https:\/\/www.gaveanews.com\/index.php\/2025\/01\/09\/casemiro-do-manchester-united-pode-retornar-a-laliga\/#primaryimage\"},\"thumbnailUrl\":\"https:\/\/www.gaveanews.com\/wp-content\/uploads\/Casemiro-com-a-camisa-do-Manchester-United-em-2024.webp\",\"articleSection\":[\"Manchester United\"],\"inLanguage\":\"pt-BR\",\"potentialAction\":[{\"@type\":\"CommentAction\",\"name\":\"Comment\",\"target\":[\"https:\/\/www.gaveanews.com\/index.php\/2025\/01\/09\/casemiro-do-manchester-united-pode-retornar-a-laliga\/#respond\"]}],\"copyrightYear\":\"2025\",\"copyrightHolder\":{\"@id\":\"https:\/\/www.gaveanews.com\/#organization\"}},{\"@type\":\"WebPage\",\"@id\":\"https:\/\/www.gaveanews.com\/index.php\/2025\/01\/09\/casemiro-do-manchester-united-pode-retornar-a-laliga\/\",\"url\":\"https:\/\/www.gaveanews.com\/index.php\/2025\/01\/09\/casemiro-do-manchester-united-pode-retornar-a-laliga\/\",\"name\":\"Casemiro, do Manchester United, pode retornar \u00e0 LaLiga\",\"isPartOf\":{\"@id\":\"https:\/\/www.gaveanews.com\/#website\"},\"primaryImageOfPage\":{\"@id\":\"https:\/\/www.gaveanews.com\/index.php\/2025\/01\/09\/casemiro-do-manchester-united-pode-retornar-a-laliga\/#primaryimage\"},\"image\":{\"@id\":\"https:\/\/www.gaveanews.com\/index.php\/2025\/01\/09\/casemiro-do-manchester-united-pode-retornar-a-laliga\/#primaryimage\"},\"thumbnailUrl\":\"https:\/\/www.gaveanews.com\/wp-content\/uploads\/Casemiro-com-a-camisa-do-Manchester-United-em-2024.webp\",\"datePublished\":\"2025-01-09T21:35:00+00:00\",\"author\":{\"@id\":\"https:\/\/www.gaveanews.com\/#\/schema\/person\/0eb3e3fe1754f0205218538adbe8f5ed\"},\"breadcrumb\":{\"@id\":\"https:\/\/www.gaveanews.com\/index.php\/2025\/01\/09\/casemiro-do-manchester-united-pode-retornar-a-laliga\/#breadcrumb\"},\"inLanguage\":\"pt-BR\",\"potentialAction\":[{\"@type\":\"ReadAction\",\"target\":[\"https:\/\/www.gaveanews.com\/index.php\/2025\/01\/09\/casemiro-do-manchester-united-pode-retornar-a-laliga\/\"]}]},{\"@type\":\"ImageObject\",\"inLanguage\":\"pt-BR\",\"@id\":\"https:\/\/www.gaveanews.com\/index.php\/2025\/01\/09\/casemiro-do-manchester-united-pode-retornar-a-laliga\/#primaryimage\",\"url\":\"https:\/\/www.gaveanews.com\/wp-content\/uploads\/Casemiro-com-a-camisa-do-Manchester-United-em-2024.webp\",\"contentUrl\":\"https:\/\/www.gaveanews.com\/wp-content\/uploads\/Casemiro-com-a-camisa-do-Manchester-United-em-2024.webp\",\"width\":1421,\"height\":947,\"caption\":\"Casemiro com a camisa do Manchester United em 2024 (Foto: Reprodu\u00e7\u00e3o\/Instagram)\"},{\"@type\":\"BreadcrumbList\",\"@id\":\"https:\/\/www.gaveanews.com\/index.php\/2025\/01\/09\/casemiro-do-manchester-united-pode-retornar-a-laliga\/#breadcrumb\",\"itemListElement\":[{\"@type\":\"ListItem\",\"position\":1,\"name\":\"Home\",\"item\":\"https:\/\/www.gaveanews.com\/\"},{\"@type\":\"ListItem\",\"position\":2,\"name\":\"Casemiro, do Manchester United, pode retornar \u00e0 LaLiga\"}]},{\"@type\":\"WebSite\",\"@id\":\"https:\/\/www.gaveanews.com\/#website\",\"url\":\"https:\/\/www.gaveanews.com\/\",\"name\":\"G\u00e1vea News\",\"description\":\"Veja todas as not\u00edcias sobre o Flamengo: Contrata\u00e7\u00f5es, categorias de base, resultados das partidas, tabela de classifica\u00e7\u00e3o, pr\u00f3ximos jogos!\",\"potentialAction\":[{\"@type\":\"SearchAction\",\"target\":{\"@type\":\"EntryPoint\",\"urlTemplate\":\"https:\/\/www.gaveanews.com\/?s={search_term_string}\"},\"query-input\":{\"@type\":\"PropertyValueSpecification\",\"valueRequired\":true,\"valueName\":\"search_term_string\"}}],\"inLanguage\":\"pt-BR\"},{\"@type\":\"Person\",\"@id\":\"https:\/\/www.gaveanews.com\/#\/schema\/person\/0eb3e3fe1754f0205218538adbe8f5ed\",\"name\":\"Rafaela Ladeira\",\"image\":{\"@type\":\"ImageObject\",\"inLanguage\":\"pt-BR\",\"@id\":\"https:\/\/www.gaveanews.com\/#\/schema\/person\/image\/\",\"url\":\"https:\/\/secure.gravatar.com\/avatar\/c31f513acffd85eacab5730cbdfdbbf59f21ba5aeada8cd890acea879fbb2455?s=96&d=mm&r=g\",\"contentUrl\":\"https:\/\/secure.gravatar.com\/avatar\/c31f513acffd85eacab5730cbdfdbbf59f21ba5aeada8cd890acea879fbb2455?s=96&d=mm&r=g\",\"caption\":\"Rafaela Ladeira\"}}]}<\/script>\n<!-- \/ Yoast SEO Premium plugin. -->","yoast_head_json":{"title":"Casemiro, do Manchester United, pode retornar \u00e0 LaLiga","robots":{"index":"index","follow":"follow","max-snippet":"max-snippet:-1","max-image-preview":"max-image-preview:large","max-video-preview":"max-video-preview:-1"},"canonical":"https:\/\/www.gaveanews.com\/index.php\/2025\/01\/09\/casemiro-do-manchester-united-pode-retornar-a-laliga\/","og_locale":"pt_BR","og_type":"article","og_title":"Casemiro, do Manchester United, pode retornar \u00e0 LaLiga","og_description":"Ap\u00f3s um per\u00edodo de adapta\u00e7\u00e3o no Manchester United, Casemiro v\u00ea seu futuro em aberto. O volante brasileiro, que um dia foi uma pe\u00e7a-chave no Real Madrid, n\u00e3o est\u00e1 mais nos planos de Ruben Amorim, novo t\u00e9cnico dos Red Devils.&nbsp; Por isso, o Manchester United come\u00e7a a considerar a possibilidade de se desfazer de Casemiro, seja [&hellip;]","og_url":"https:\/\/www.gaveanews.com\/index.php\/2025\/01\/09\/casemiro-do-manchester-united-pode-retornar-a-laliga\/","og_site_name":"G\u00e1vea News","article_publisher":"https:\/\/facebook.com\/gaveaNews\/","article_published_time":"2025-01-09T21:35:00+00:00","og_image":[{"width":1421,"height":947,"url":"https:\/\/www.gaveanews.com\/wp-content\/uploads\/Casemiro-com-a-camisa-do-Manchester-United-em-2024.webp","type":"image\/webp"}],"author":"Rafaela Ladeira","twitter_card":"summary_large_image","twitter_misc":{"Escrito por":"Rafaela Ladeira","Est. tempo de leitura":"3 minutos"},"schema":{"@context":"https:\/\/schema.org","@graph":[{"@type":"NewsArticle","@id":"https:\/\/www.gaveanews.com\/index.php\/2025\/01\/09\/casemiro-do-manchester-united-pode-retornar-a-laliga\/#article","isPartOf":{"@id":"https:\/\/www.gaveanews.com\/index.php\/2025\/01\/09\/casemiro-do-manchester-united-pode-retornar-a-laliga\/"},"author":{"name":"Rafaela Ladeira","@id":"https:\/\/www.gaveanews.com\/#\/schema\/person\/0eb3e3fe1754f0205218538adbe8f5ed"},"headline":"Casemiro, do Manchester United, pode retornar \u00e0 LaLiga","datePublished":"2025-01-09T21:35:00+00:00","mainEntityOfPage":{"@id":"https:\/\/www.gaveanews.com\/index.php\/2025\/01\/09\/casemiro-do-manchester-united-pode-retornar-a-laliga\/"},"wordCount":381,"commentCount":0,"image":{"@id":"https:\/\/www.gaveanews.com\/index.php\/2025\/01\/09\/casemiro-do-manchester-united-pode-retornar-a-laliga\/#primaryimage"},"thumbnailUrl":"https:\/\/www.gaveanews.com\/wp-content\/uploads\/Casemiro-com-a-camisa-do-Manchester-United-em-2024.webp","articleSection":["Manchester United"],"inLanguage":"pt-BR","potentialAction":[{"@type":"CommentAction","name":"Comment","target":["https:\/\/www.gaveanews.com\/index.php\/2025\/01\/09\/casemiro-do-manchester-united-pode-retornar-a-laliga\/#respond"]}],"copyrightYear":"2025","copyrightHolder":{"@id":"https:\/\/www.gaveanews.com\/#organization"}},{"@type":"WebPage","@id":"https:\/\/www.gaveanews.com\/index.php\/2025\/01\/09\/casemiro-do-manchester-united-pode-retornar-a-laliga\/","url":"https:\/\/www.gaveanews.com\/index.php\/2025\/01\/09\/casemiro-do-manchester-united-pode-retornar-a-laliga\/","name":"Casemiro, do Manchester United, pode retornar \u00e0 LaLiga","isPartOf":{"@id":"https:\/\/www.gaveanews.com\/#website"},"primaryImageOfPage":{"@id":"https:\/\/www.gaveanews.com\/index.php\/2025\/01\/09\/casemiro-do-manchester-united-pode-retornar-a-laliga\/#primaryimage"},"image":{"@id":"https:\/\/www.gaveanews.com\/index.php\/2025\/01\/09\/casemiro-do-manchester-united-pode-retornar-a-laliga\/#primaryimage"},"thumbnailUrl":"https:\/\/www.gaveanews.com\/wp-content\/uploads\/Casemiro-com-a-camisa-do-Manchester-United-em-2024.webp","datePublished":"2025-01-09T21:35:00+00:00","author":{"@id":"https:\/\/www.gaveanews.com\/#\/schema\/person\/0eb3e3fe1754f0205218538adbe8f5ed"},"breadcrumb":{"@id":"https:\/\/www.gaveanews.com\/index.php\/2025\/01\/09\/casemiro-do-manchester-united-pode-retornar-a-laliga\/#breadcrumb"},"inLanguage":"pt-BR","potentialAction":[{"@type":"ReadAction","target":["https:\/\/www.gaveanews.com\/index.php\/2025\/01\/09\/casemiro-do-manchester-united-pode-retornar-a-laliga\/"]}]},{"@type":"ImageObject","inLanguage":"pt-BR","@id":"https:\/\/www.gaveanews.com\/index.php\/2025\/01\/09\/casemiro-do-manchester-united-pode-retornar-a-laliga\/#primaryimage","url":"https:\/\/www.gaveanews.com\/wp-content\/uploads\/Casemiro-com-a-camisa-do-Manchester-United-em-2024.webp","contentUrl":"https:\/\/www.gaveanews.com\/wp-content\/uploads\/Casemiro-com-a-camisa-do-Manchester-United-em-2024.webp","width":1421,"height":947,"caption":"Casemiro com a camisa do Manchester United em 2024 (Foto: Reprodu\u00e7\u00e3o\/Instagram)"},{"@type":"BreadcrumbList","@id":"https:\/\/www.gaveanews.com\/index.php\/2025\/01\/09\/casemiro-do-manchester-united-pode-retornar-a-laliga\/#breadcrumb","itemListElement":[{"@type":"ListItem","position":1,"name":"Home","item":"https:\/\/www.gaveanews.com\/"},{"@type":"ListItem","position":2,"name":"Casemiro, do Manchester United, pode retornar \u00e0 LaLiga"}]},{"@type":"WebSite","@id":"https:\/\/www.gaveanews.com\/#website","url":"https:\/\/www.gaveanews.com\/","name":"G\u00e1vea News","description":"Veja todas as not\u00edcias sobre o Flamengo: Contrata\u00e7\u00f5es, categorias de base, resultados das partidas, tabela de classifica\u00e7\u00e3o, pr\u00f3ximos jogos!","potentialAction":[{"@type":"SearchAction","target":{"@type":"EntryPoint","urlTemplate":"https:\/\/www.gaveanews.com\/?s={search_term_string}"},"query-input":{"@type":"PropertyValueSpecification","valueRequired":true,"valueName":"search_term_string"}}],"inLanguage":"pt-BR"},{"@type":"Person","@id":"https:\/\/www.gaveanews.com\/#\/schema\/person\/0eb3e3fe1754f0205218538adbe8f5ed","name":"Rafaela Ladeira","image":{"@type":"ImageObject","inLanguage":"pt-BR","@id":"https:\/\/www.gaveanews.com\/#\/schema\/person\/image\/","url":"https:\/\/secure.gravatar.com\/avatar\/c31f513acffd85eacab5730cbdfdbbf59f21ba5aeada8cd890acea879fbb2455?s=96&d=mm&r=g","contentUrl":"https:\/\/secure.gravatar.com\/avatar\/c31f513acffd85eacab5730cbdfdbbf59f21ba5aeada8cd890acea879fbb2455?s=96&d=mm&r=g","caption":"Rafaela Ladeira"}}]}},"_links":{"self":[{"href":"https:\/\/www.gaveanews.com\/index.php\/wp-json\/wp\/v2\/posts\/210187","targetHints":{"allow":["GET"]}}],"collection":[{"href":"https:\/\/www.gaveanews.com\/index.php\/wp-json\/wp\/v2\/posts"}],"about":[{"href":"https:\/\/www.gaveanews.com\/index.php\/wp-json\/wp\/v2\/types\/post"}],"author":[{"embeddable":true,"href":"https:\/\/www.gaveanews.com\/index.php\/wp-json\/wp\/v2\/users\/25"}],"replies":[{"embeddable":true,"href":"https:\/\/www.gaveanews.com\/index.php\/wp-json\/wp\/v2\/comments?post=210187"}],"version-history":[{"count":1,"href":"https:\/\/www.gaveanews.com\/index.php\/wp-json\/wp\/v2\/posts\/210187\/revisions"}],"predecessor-version":[{"id":210188,"href":"https:\/\/www.gaveanews.com\/index.php\/wp-json\/wp\/v2\/posts\/210187\/revisions\/210188"}],"wp:featuredmedia":[{"embeddable":true,"href":"https:\/\/www.gaveanews.com\/index.php\/wp-json\/wp\/v2\/media\/168658"}],"wp:attachment":[{"href":"https:\/\/www.gaveanews.com\/index.php\/wp-json\/wp\/v2\/media?parent=210187"}],"wp:term":[{"taxonomy":"category","embeddable":true,"href":"https:\/\/www.gaveanews.com\/index.php\/wp-json\/wp\/v2\/categories?post=210187"},{"taxonomy":"post_tag","embeddable":true,"href":"https:\/\/www.gaveanews.com\/index.php\/wp-json\/wp\/v2\/tags?post=210187"}],"curies":[{"name":"wp","href":"https:\/\/api.w.org\/{rel}","templated":true}]}}