{"id":210237,"date":"2025-01-09T20:45:00","date_gmt":"2025-01-09T23:45:00","guid":{"rendered":"https:\/\/www.gaveanews.com\/?p=210237"},"modified":"2025-01-09T18:33:19","modified_gmt":"2025-01-09T21:33:19","slug":"a-declaracao-de-joanna-de-assis-sobre-o-atraso-de-pagamento-do-botafogo","status":"publish","type":"post","link":"https:\/\/www.gaveanews.com\/index.php\/2025\/01\/09\/a-declaracao-de-joanna-de-assis-sobre-o-atraso-de-pagamento-do-botafogo\/","title":{"rendered":"A declara\u00e7\u00e3o de Joanna de Assis sobre o atraso de pagamento do Botafogo"},"content":{"rendered":"\n<h2 class=\"wp-block-heading\" id=\"h-jornalista-afirmou-que-muitos-jogadores-estao-insatisfeitos\">Jornalista afirmou que muitos jogadores est\u00e3o insatisfeitos <\/h2>\n\n\n\n<p>A reapresenta\u00e7\u00e3o do Botafogo est\u00e1 marcada para o dia 14 de janeiro, no entanto, pode acabar n\u00e3o acontecendo. Os jogadores est\u00e3o amea\u00e7ando n\u00e3o se reapresentarem por conta de atraso de alguns pagamentos, incluindo a premia\u00e7\u00e3o da Libertadores. A jornalista Joanna de Assis falou sobre a situa\u00e7\u00e3o.<\/p>\n\n\n\n<ul class=\"wp-block-list\">\n<li><a href=\"https:\/\/www.gaveanews.com\/index.php\/2025\/01\/09\/zinho-e-sincero-ao-falar-sobre-o-time-do-botafogo-em-2025\/\">Zinho \u00e9 sincero ao falar sobre o time do Botafogo em 2025<\/a><\/li>\n\n\n\n<li><a href=\"https:\/\/www.gaveanews.com\/index.php\/2025\/01\/09\/botafogo-a-declaracao-de-vitinho-sobre-a-final-da-libertadores-contra-o-atletico-mg\/\">Botafogo: a declara\u00e7\u00e3o de Vitinho sobre a final da Libertadores contra o Atl\u00e9tico-MG<\/a><\/li>\n<\/ul>\n\n\n\n<p>Joanna de Assis \u00e9 uma jornalista que trabalha no &#8220;Sportv&#8221;. A comunicadora contou que o Botafogo n\u00e3o repassou o valor devido pela premia\u00e7\u00e3o da Libertadores, o 13\u00ba sal\u00e1rio e o das f\u00e9rias. Ela ainda disse que o Botafogo entrou em contato com ela dizendo que todos os d\u00e9bitos estavam agendados para serem resolvidos at\u00e9 17 de janeiro.<\/p>\n\n\n\n<p>&#8220;Ontem eu informei que dois jogadores do Botafogo estavam muito insatisfeitos com alguns atrasos, incluindo FGTS de anos anteriores, pagamento de premia\u00e7\u00e3o e tudo mais. A informa\u00e7\u00e3o est\u00e1 correta e eu mantenho aqui&#8221;, iniciou. <\/p>\n\n\n\n<p>&#8220;A\u00ed o Botafogo me manda uma mensagem de madrugada, 5h da manh\u00e3, respondendo o seguinte: o sal\u00e1rio segue rigorosamente em dia, quem saiu do clube tem pend\u00eancias de res\u00edduo salarial para receber, mas estaria dentro de um prazo da lei, e que a premia\u00e7\u00e3o, sim, est\u00e1 atrasada. E que a promessa \u00e9 pagar at\u00e9 o dia 17 de janeiro&#8221;, acrescentou. <\/p>\n\n\n\n<p>Joanna ainda afirma que est\u00e1 recebendo contatos de muitas pessoas que est\u00e3o insatisfeitas com esse atraso e toda essa situa\u00e7\u00e3o e trouxe a informa\u00e7\u00e3o de que os atletas exijam que tudo seja resolvido at\u00e9 o dia 13, data que antecede a reapresenta\u00e7\u00e3o do elenco. <\/p>\n\n\n\n<p>&#8220;Entre ontem e hoje, eu tenho recebido muitos contatos de pessoas que seguem insatisfeitas com o Botafogo. Eu n\u00e3o estou falando s\u00f3 de premia\u00e7\u00e3o. Eu estou recebendo mensagem de gente reclamando que n\u00e3o recebeu premia\u00e7\u00e3o, FGTS, luvas\u2026 N\u00e3o estou falando de um, dois jogadores apenas agora, estou falando de muitos jogadores, dezenas de jogadores&#8221;, falou a jornalista, que completou:<\/p>\n\n\n\n<p>&#8220;Inclusive, acabei de confirmar com mais um jogador do atual elenco do Botafogo que essa promessa de pagamento at\u00e9 o dia 17 de janeiro n\u00e3o foi aceita, e foi enviada uma mensagem ao Thairo Arruda, que \u00e9 o CEO, assinada pelos capit\u00e3es, dizendo que eles n\u00e3o aceitam o prazo e que eles exigem o pagamento at\u00e9 o dia 13, um dia antes da reapresenta\u00e7\u00e3o do Botafogo. Os capit\u00e3es enviaram essa mensagem diretamente ao Thairo, pedindo que esse acerto seja feito at\u00e9 o dia 13, caso contr\u00e1rio eles n\u00e3o se reapresentariam no dia 14 de janeiro&#8221;, finalizou Joanna de Assis. <\/p>\n","protected":false},"excerpt":{"rendered":"<p>Jornalista afirmou que muitos jogadores est\u00e3o insatisfeitos A reapresenta\u00e7\u00e3o do Botafogo est\u00e1 marcada para o dia 14 de janeiro, no entanto, pode acabar n\u00e3o acontecendo. Os jogadores est\u00e3o amea\u00e7ando n\u00e3o se reapresentarem por conta de atraso de alguns pagamentos, incluindo a premia\u00e7\u00e3o da Libertadores. A jornalista Joanna de Assis falou sobre a situa\u00e7\u00e3o. Joanna de [&hellip;]<\/p>\n","protected":false},"author":21,"featured_media":182060,"comment_status":"open","ping_status":"closed","sticky":false,"template":"","format":"standard","meta":{"footnotes":""},"categories":[138],"tags":[],"class_list":["post-210237","post","type-post","status-publish","format-standard","has-post-thumbnail","hentry","category-botafogo"],"yoast_head":"<!-- This site is optimized with the Yoast SEO Premium plugin v24.2 (Yoast SEO v26.9) - https:\/\/yoast.com\/product\/yoast-seo-premium-wordpress\/ -->\n<title>A declara\u00e7\u00e3o de Joanna de Assis sobre o atraso de pagamento do Botafogo<\/title>\n<meta name=\"robots\" content=\"index, follow, max-snippet:-1, max-image-preview:large, max-video-preview:-1\" \/>\n<link rel=\"canonical\" href=\"https:\/\/www.gaveanews.com\/index.php\/2025\/01\/09\/a-declaracao-de-joanna-de-assis-sobre-o-atraso-de-pagamento-do-botafogo\/\" \/>\n<meta property=\"og:locale\" content=\"pt_BR\" \/>\n<meta property=\"og:type\" content=\"article\" \/>\n<meta property=\"og:title\" content=\"A declara\u00e7\u00e3o de Joanna de Assis sobre o atraso de pagamento do Botafogo\" \/>\n<meta property=\"og:description\" content=\"Jornalista afirmou que muitos jogadores est\u00e3o insatisfeitos A reapresenta\u00e7\u00e3o do Botafogo est\u00e1 marcada para o dia 14 de janeiro, no entanto, pode acabar n\u00e3o acontecendo. Os jogadores est\u00e3o amea\u00e7ando n\u00e3o se reapresentarem por conta de atraso de alguns pagamentos, incluindo a premia\u00e7\u00e3o da Libertadores. A jornalista Joanna de Assis falou sobre a situa\u00e7\u00e3o. Joanna de [&hellip;]\" \/>\n<meta property=\"og:url\" content=\"https:\/\/www.gaveanews.com\/index.php\/2025\/01\/09\/a-declaracao-de-joanna-de-assis-sobre-o-atraso-de-pagamento-do-botafogo\/\" \/>\n<meta property=\"og:site_name\" content=\"G\u00e1vea News\" \/>\n<meta property=\"article:publisher\" content=\"https:\/\/facebook.com\/gaveaNews\/\" \/>\n<meta property=\"article:published_time\" content=\"2025-01-09T23:45:00+00:00\" \/>\n<meta property=\"og:image\" content=\"https:\/\/www.gaveanews.com\/wp-content\/uploads\/Escudo-do-Botafogo-1.webp\" \/>\n\t<meta property=\"og:image:width\" content=\"787\" \/>\n\t<meta property=\"og:image:height\" content=\"525\" \/>\n\t<meta property=\"og:image:type\" content=\"image\/webp\" \/>\n<meta name=\"author\" content=\"Andr\u00e9 Serra\" \/>\n<meta name=\"twitter:card\" content=\"summary_large_image\" \/>\n<meta name=\"twitter:label1\" content=\"Escrito por\" \/>\n\t<meta name=\"twitter:data1\" content=\"Andr\u00e9 Serra\" \/>\n\t<meta name=\"twitter:label2\" content=\"Est. tempo de leitura\" \/>\n\t<meta name=\"twitter:data2\" content=\"3 minutos\" \/>\n<script type=\"application\/ld+json\" class=\"yoast-schema-graph\">{\"@context\":\"https:\/\/schema.org\",\"@graph\":[{\"@type\":\"NewsArticle\",\"@id\":\"https:\/\/www.gaveanews.com\/index.php\/2025\/01\/09\/a-declaracao-de-joanna-de-assis-sobre-o-atraso-de-pagamento-do-botafogo\/#article\",\"isPartOf\":{\"@id\":\"https:\/\/www.gaveanews.com\/index.php\/2025\/01\/09\/a-declaracao-de-joanna-de-assis-sobre-o-atraso-de-pagamento-do-botafogo\/\"},\"author\":{\"name\":\"Andr\u00e9 Serra\",\"@id\":\"https:\/\/www.gaveanews.com\/#\/schema\/person\/0277a79a1289c451c281ec0411d84f0c\"},\"headline\":\"A declara\u00e7\u00e3o de Joanna de Assis sobre o atraso de pagamento do Botafogo\",\"datePublished\":\"2025-01-09T23:45:00+00:00\",\"mainEntityOfPage\":{\"@id\":\"https:\/\/www.gaveanews.com\/index.php\/2025\/01\/09\/a-declaracao-de-joanna-de-assis-sobre-o-atraso-de-pagamento-do-botafogo\/\"},\"wordCount\":468,\"commentCount\":0,\"image\":{\"@id\":\"https:\/\/www.gaveanews.com\/index.php\/2025\/01\/09\/a-declaracao-de-joanna-de-assis-sobre-o-atraso-de-pagamento-do-botafogo\/#primaryimage\"},\"thumbnailUrl\":\"https:\/\/www.gaveanews.com\/wp-content\/uploads\/Escudo-do-Botafogo-1.webp\",\"articleSection\":[\"Botafogo\"],\"inLanguage\":\"pt-BR\",\"potentialAction\":[{\"@type\":\"CommentAction\",\"name\":\"Comment\",\"target\":[\"https:\/\/www.gaveanews.com\/index.php\/2025\/01\/09\/a-declaracao-de-joanna-de-assis-sobre-o-atraso-de-pagamento-do-botafogo\/#respond\"]}],\"copyrightYear\":\"2025\",\"copyrightHolder\":{\"@id\":\"https:\/\/www.gaveanews.com\/#organization\"}},{\"@type\":\"WebPage\",\"@id\":\"https:\/\/www.gaveanews.com\/index.php\/2025\/01\/09\/a-declaracao-de-joanna-de-assis-sobre-o-atraso-de-pagamento-do-botafogo\/\",\"url\":\"https:\/\/www.gaveanews.com\/index.php\/2025\/01\/09\/a-declaracao-de-joanna-de-assis-sobre-o-atraso-de-pagamento-do-botafogo\/\",\"name\":\"A declara\u00e7\u00e3o de Joanna de Assis sobre o atraso de pagamento do Botafogo\",\"isPartOf\":{\"@id\":\"https:\/\/www.gaveanews.com\/#website\"},\"primaryImageOfPage\":{\"@id\":\"https:\/\/www.gaveanews.com\/index.php\/2025\/01\/09\/a-declaracao-de-joanna-de-assis-sobre-o-atraso-de-pagamento-do-botafogo\/#primaryimage\"},\"image\":{\"@id\":\"https:\/\/www.gaveanews.com\/index.php\/2025\/01\/09\/a-declaracao-de-joanna-de-assis-sobre-o-atraso-de-pagamento-do-botafogo\/#primaryimage\"},\"thumbnailUrl\":\"https:\/\/www.gaveanews.com\/wp-content\/uploads\/Escudo-do-Botafogo-1.webp\",\"datePublished\":\"2025-01-09T23:45:00+00:00\",\"author\":{\"@id\":\"https:\/\/www.gaveanews.com\/#\/schema\/person\/0277a79a1289c451c281ec0411d84f0c\"},\"breadcrumb\":{\"@id\":\"https:\/\/www.gaveanews.com\/index.php\/2025\/01\/09\/a-declaracao-de-joanna-de-assis-sobre-o-atraso-de-pagamento-do-botafogo\/#breadcrumb\"},\"inLanguage\":\"pt-BR\",\"potentialAction\":[{\"@type\":\"ReadAction\",\"target\":[\"https:\/\/www.gaveanews.com\/index.php\/2025\/01\/09\/a-declaracao-de-joanna-de-assis-sobre-o-atraso-de-pagamento-do-botafogo\/\"]}]},{\"@type\":\"ImageObject\",\"inLanguage\":\"pt-BR\",\"@id\":\"https:\/\/www.gaveanews.com\/index.php\/2025\/01\/09\/a-declaracao-de-joanna-de-assis-sobre-o-atraso-de-pagamento-do-botafogo\/#primaryimage\",\"url\":\"https:\/\/www.gaveanews.com\/wp-content\/uploads\/Escudo-do-Botafogo-1.webp\",\"contentUrl\":\"https:\/\/www.gaveanews.com\/wp-content\/uploads\/Escudo-do-Botafogo-1.webp\",\"width\":787,\"height\":525,\"caption\":\"Escudo do Botafogo (Foto: Reprodu\u00e7\u00e3o\/Botafogo)\"},{\"@type\":\"BreadcrumbList\",\"@id\":\"https:\/\/www.gaveanews.com\/index.php\/2025\/01\/09\/a-declaracao-de-joanna-de-assis-sobre-o-atraso-de-pagamento-do-botafogo\/#breadcrumb\",\"itemListElement\":[{\"@type\":\"ListItem\",\"position\":1,\"name\":\"Home\",\"item\":\"https:\/\/www.gaveanews.com\/\"},{\"@type\":\"ListItem\",\"position\":2,\"name\":\"A declara\u00e7\u00e3o de Joanna de Assis sobre o atraso de pagamento do Botafogo\"}]},{\"@type\":\"WebSite\",\"@id\":\"https:\/\/www.gaveanews.com\/#website\",\"url\":\"https:\/\/www.gaveanews.com\/\",\"name\":\"G\u00e1vea News\",\"description\":\"Veja todas as not\u00edcias sobre o Flamengo: Contrata\u00e7\u00f5es, categorias de base, resultados das partidas, tabela de classifica\u00e7\u00e3o, pr\u00f3ximos jogos!\",\"potentialAction\":[{\"@type\":\"SearchAction\",\"target\":{\"@type\":\"EntryPoint\",\"urlTemplate\":\"https:\/\/www.gaveanews.com\/?s={search_term_string}\"},\"query-input\":{\"@type\":\"PropertyValueSpecification\",\"valueRequired\":true,\"valueName\":\"search_term_string\"}}],\"inLanguage\":\"pt-BR\"},{\"@type\":\"Person\",\"@id\":\"https:\/\/www.gaveanews.com\/#\/schema\/person\/0277a79a1289c451c281ec0411d84f0c\",\"name\":\"Andr\u00e9 Serra\",\"image\":{\"@type\":\"ImageObject\",\"inLanguage\":\"pt-BR\",\"@id\":\"https:\/\/www.gaveanews.com\/#\/schema\/person\/image\/\",\"url\":\"https:\/\/secure.gravatar.com\/avatar\/d7231369fe48db93292b3e88eb2162dbd9a34a47a8437d9ef3bcaca2a86a83d7?s=96&d=mm&r=g\",\"contentUrl\":\"https:\/\/secure.gravatar.com\/avatar\/d7231369fe48db93292b3e88eb2162dbd9a34a47a8437d9ef3bcaca2a86a83d7?s=96&d=mm&r=g\",\"caption\":\"Andr\u00e9 Serra\"}}]}<\/script>\n<!-- \/ Yoast SEO Premium plugin. -->","yoast_head_json":{"title":"A declara\u00e7\u00e3o de Joanna de Assis sobre o atraso de pagamento do Botafogo","robots":{"index":"index","follow":"follow","max-snippet":"max-snippet:-1","max-image-preview":"max-image-preview:large","max-video-preview":"max-video-preview:-1"},"canonical":"https:\/\/www.gaveanews.com\/index.php\/2025\/01\/09\/a-declaracao-de-joanna-de-assis-sobre-o-atraso-de-pagamento-do-botafogo\/","og_locale":"pt_BR","og_type":"article","og_title":"A declara\u00e7\u00e3o de Joanna de Assis sobre o atraso de pagamento do Botafogo","og_description":"Jornalista afirmou que muitos jogadores est\u00e3o insatisfeitos A reapresenta\u00e7\u00e3o do Botafogo est\u00e1 marcada para o dia 14 de janeiro, no entanto, pode acabar n\u00e3o acontecendo. Os jogadores est\u00e3o amea\u00e7ando n\u00e3o se reapresentarem por conta de atraso de alguns pagamentos, incluindo a premia\u00e7\u00e3o da Libertadores. A jornalista Joanna de Assis falou sobre a situa\u00e7\u00e3o. Joanna de [&hellip;]","og_url":"https:\/\/www.gaveanews.com\/index.php\/2025\/01\/09\/a-declaracao-de-joanna-de-assis-sobre-o-atraso-de-pagamento-do-botafogo\/","og_site_name":"G\u00e1vea News","article_publisher":"https:\/\/facebook.com\/gaveaNews\/","article_published_time":"2025-01-09T23:45:00+00:00","og_image":[{"width":787,"height":525,"url":"https:\/\/www.gaveanews.com\/wp-content\/uploads\/Escudo-do-Botafogo-1.webp","type":"image\/webp"}],"author":"Andr\u00e9 Serra","twitter_card":"summary_large_image","twitter_misc":{"Escrito por":"Andr\u00e9 Serra","Est. tempo de leitura":"3 minutos"},"schema":{"@context":"https:\/\/schema.org","@graph":[{"@type":"NewsArticle","@id":"https:\/\/www.gaveanews.com\/index.php\/2025\/01\/09\/a-declaracao-de-joanna-de-assis-sobre-o-atraso-de-pagamento-do-botafogo\/#article","isPartOf":{"@id":"https:\/\/www.gaveanews.com\/index.php\/2025\/01\/09\/a-declaracao-de-joanna-de-assis-sobre-o-atraso-de-pagamento-do-botafogo\/"},"author":{"name":"Andr\u00e9 Serra","@id":"https:\/\/www.gaveanews.com\/#\/schema\/person\/0277a79a1289c451c281ec0411d84f0c"},"headline":"A declara\u00e7\u00e3o de Joanna de Assis sobre o atraso de pagamento do Botafogo","datePublished":"2025-01-09T23:45:00+00:00","mainEntityOfPage":{"@id":"https:\/\/www.gaveanews.com\/index.php\/2025\/01\/09\/a-declaracao-de-joanna-de-assis-sobre-o-atraso-de-pagamento-do-botafogo\/"},"wordCount":468,"commentCount":0,"image":{"@id":"https:\/\/www.gaveanews.com\/index.php\/2025\/01\/09\/a-declaracao-de-joanna-de-assis-sobre-o-atraso-de-pagamento-do-botafogo\/#primaryimage"},"thumbnailUrl":"https:\/\/www.gaveanews.com\/wp-content\/uploads\/Escudo-do-Botafogo-1.webp","articleSection":["Botafogo"],"inLanguage":"pt-BR","potentialAction":[{"@type":"CommentAction","name":"Comment","target":["https:\/\/www.gaveanews.com\/index.php\/2025\/01\/09\/a-declaracao-de-joanna-de-assis-sobre-o-atraso-de-pagamento-do-botafogo\/#respond"]}],"copyrightYear":"2025","copyrightHolder":{"@id":"https:\/\/www.gaveanews.com\/#organization"}},{"@type":"WebPage","@id":"https:\/\/www.gaveanews.com\/index.php\/2025\/01\/09\/a-declaracao-de-joanna-de-assis-sobre-o-atraso-de-pagamento-do-botafogo\/","url":"https:\/\/www.gaveanews.com\/index.php\/2025\/01\/09\/a-declaracao-de-joanna-de-assis-sobre-o-atraso-de-pagamento-do-botafogo\/","name":"A declara\u00e7\u00e3o de Joanna de Assis sobre o atraso de pagamento do Botafogo","isPartOf":{"@id":"https:\/\/www.gaveanews.com\/#website"},"primaryImageOfPage":{"@id":"https:\/\/www.gaveanews.com\/index.php\/2025\/01\/09\/a-declaracao-de-joanna-de-assis-sobre-o-atraso-de-pagamento-do-botafogo\/#primaryimage"},"image":{"@id":"https:\/\/www.gaveanews.com\/index.php\/2025\/01\/09\/a-declaracao-de-joanna-de-assis-sobre-o-atraso-de-pagamento-do-botafogo\/#primaryimage"},"thumbnailUrl":"https:\/\/www.gaveanews.com\/wp-content\/uploads\/Escudo-do-Botafogo-1.webp","datePublished":"2025-01-09T23:45:00+00:00","author":{"@id":"https:\/\/www.gaveanews.com\/#\/schema\/person\/0277a79a1289c451c281ec0411d84f0c"},"breadcrumb":{"@id":"https:\/\/www.gaveanews.com\/index.php\/2025\/01\/09\/a-declaracao-de-joanna-de-assis-sobre-o-atraso-de-pagamento-do-botafogo\/#breadcrumb"},"inLanguage":"pt-BR","potentialAction":[{"@type":"ReadAction","target":["https:\/\/www.gaveanews.com\/index.php\/2025\/01\/09\/a-declaracao-de-joanna-de-assis-sobre-o-atraso-de-pagamento-do-botafogo\/"]}]},{"@type":"ImageObject","inLanguage":"pt-BR","@id":"https:\/\/www.gaveanews.com\/index.php\/2025\/01\/09\/a-declaracao-de-joanna-de-assis-sobre-o-atraso-de-pagamento-do-botafogo\/#primaryimage","url":"https:\/\/www.gaveanews.com\/wp-content\/uploads\/Escudo-do-Botafogo-1.webp","contentUrl":"https:\/\/www.gaveanews.com\/wp-content\/uploads\/Escudo-do-Botafogo-1.webp","width":787,"height":525,"caption":"Escudo do Botafogo (Foto: Reprodu\u00e7\u00e3o\/Botafogo)"},{"@type":"BreadcrumbList","@id":"https:\/\/www.gaveanews.com\/index.php\/2025\/01\/09\/a-declaracao-de-joanna-de-assis-sobre-o-atraso-de-pagamento-do-botafogo\/#breadcrumb","itemListElement":[{"@type":"ListItem","position":1,"name":"Home","item":"https:\/\/www.gaveanews.com\/"},{"@type":"ListItem","position":2,"name":"A declara\u00e7\u00e3o de Joanna de Assis sobre o atraso de pagamento do Botafogo"}]},{"@type":"WebSite","@id":"https:\/\/www.gaveanews.com\/#website","url":"https:\/\/www.gaveanews.com\/","name":"G\u00e1vea News","description":"Veja todas as not\u00edcias sobre o Flamengo: Contrata\u00e7\u00f5es, categorias de base, resultados das partidas, tabela de classifica\u00e7\u00e3o, pr\u00f3ximos jogos!","potentialAction":[{"@type":"SearchAction","target":{"@type":"EntryPoint","urlTemplate":"https:\/\/www.gaveanews.com\/?s={search_term_string}"},"query-input":{"@type":"PropertyValueSpecification","valueRequired":true,"valueName":"search_term_string"}}],"inLanguage":"pt-BR"},{"@type":"Person","@id":"https:\/\/www.gaveanews.com\/#\/schema\/person\/0277a79a1289c451c281ec0411d84f0c","name":"Andr\u00e9 Serra","image":{"@type":"ImageObject","inLanguage":"pt-BR","@id":"https:\/\/www.gaveanews.com\/#\/schema\/person\/image\/","url":"https:\/\/secure.gravatar.com\/avatar\/d7231369fe48db93292b3e88eb2162dbd9a34a47a8437d9ef3bcaca2a86a83d7?s=96&d=mm&r=g","contentUrl":"https:\/\/secure.gravatar.com\/avatar\/d7231369fe48db93292b3e88eb2162dbd9a34a47a8437d9ef3bcaca2a86a83d7?s=96&d=mm&r=g","caption":"Andr\u00e9 Serra"}}]}},"_links":{"self":[{"href":"https:\/\/www.gaveanews.com\/index.php\/wp-json\/wp\/v2\/posts\/210237","targetHints":{"allow":["GET"]}}],"collection":[{"href":"https:\/\/www.gaveanews.com\/index.php\/wp-json\/wp\/v2\/posts"}],"about":[{"href":"https:\/\/www.gaveanews.com\/index.php\/wp-json\/wp\/v2\/types\/post"}],"author":[{"embeddable":true,"href":"https:\/\/www.gaveanews.com\/index.php\/wp-json\/wp\/v2\/users\/21"}],"replies":[{"embeddable":true,"href":"https:\/\/www.gaveanews.com\/index.php\/wp-json\/wp\/v2\/comments?post=210237"}],"version-history":[{"count":1,"href":"https:\/\/www.gaveanews.com\/index.php\/wp-json\/wp\/v2\/posts\/210237\/revisions"}],"predecessor-version":[{"id":210249,"href":"https:\/\/www.gaveanews.com\/index.php\/wp-json\/wp\/v2\/posts\/210237\/revisions\/210249"}],"wp:featuredmedia":[{"embeddable":true,"href":"https:\/\/www.gaveanews.com\/index.php\/wp-json\/wp\/v2\/media\/182060"}],"wp:attachment":[{"href":"https:\/\/www.gaveanews.com\/index.php\/wp-json\/wp\/v2\/media?parent=210237"}],"wp:term":[{"taxonomy":"category","embeddable":true,"href":"https:\/\/www.gaveanews.com\/index.php\/wp-json\/wp\/v2\/categories?post=210237"},{"taxonomy":"post_tag","embeddable":true,"href":"https:\/\/www.gaveanews.com\/index.php\/wp-json\/wp\/v2\/tags?post=210237"}],"curies":[{"name":"wp","href":"https:\/\/api.w.org\/{rel}","templated":true}]}}