{"id":210257,"date":"2025-01-09T21:10:00","date_gmt":"2025-01-10T00:10:00","guid":{"rendered":"https:\/\/www.gaveanews.com\/?p=210257"},"modified":"2025-01-09T19:46:06","modified_gmt":"2025-01-09T22:46:06","slug":"cruzeiro-a-declaracao-de-andre-rizek-envolvendo-gabigol","status":"publish","type":"post","link":"https:\/\/www.gaveanews.com\/index.php\/2025\/01\/09\/cruzeiro-a-declaracao-de-andre-rizek-envolvendo-gabigol\/","title":{"rendered":"Cruzeiro: a declara\u00e7\u00e3o de Andr\u00e9 Rizek envolvendo Gabigol"},"content":{"rendered":"\n<p>O Cruzeiro chamou a aten\u00e7\u00e3o do mercado de transfer\u00eancias ao anunciar refor\u00e7os de peso para a temporada 2025. Entre os nomes mais comentados, Gabigol e Dudu se destacam.&nbsp;<\/p>\n\n\n\n<ul class=\"wp-block-list\">\n<li><a href=\"https:\/\/www.gaveanews.com\/index.php\/2025\/01\/08\/zagueiro-se-despende-do-cruzeiro\/\">Zagueiro se despende do Cruzeiro<\/a><\/li>\n\n\n\n<li><a href=\"https:\/\/www.gaveanews.com\/index.php\/2025\/01\/09\/video-de-gabigol-durante-treino-do-cruzeiro-viraliza\/\">V\u00eddeo de Gabigol durante treino do Cruzeiro viraliza<\/a><\/li>\n<\/ul>\n\n\n\n<p>A movimenta\u00e7\u00e3o j\u00e1 gera repercuss\u00f5es na m\u00eddia esportiva, e o jornalista Andr\u00e9 Rizek foi um dos que analisaram o impacto dessas contrata\u00e7\u00f5es. Suas palavras revelam cautela, mas tamb\u00e9m admira\u00e7\u00e3o pelo salto de qualidade do elenco celeste.<\/p>\n\n\n\n<h2 class=\"wp-block-heading\" id=\"h-no-papel-da-um-salto-afirma-andre-rizek\">\u201cNo papel, d\u00e1 um salto\u201d, afirma Andr\u00e9 Rizek<\/h2>\n\n\n\n<p>Durante um programa esportivo, Andr\u00e9 Rizek avaliou as recentes movimenta\u00e7\u00f5es do Cruzeiro.&nbsp;<\/p>\n\n\n\n<p>\u201cO Gabigol falou muito de ter escolhido por causa dos jogadores. Muitos jogadores decisivos indo para l\u00e1. Eu ainda n\u00e3o vou projetar quem vai brigar por t\u00edtulos, at\u00e9 porque os elencos est\u00e3o sendo montados, mas \u00e9 ineg\u00e1vel que o Cruzeiro d\u00e1 um salto. No papel, pelo menos, d\u00e1 um salto\u201d, destacou o jornalista.<\/p>\n\n\n\n<p>Rizek evita cravar o Cruzeiro como favorito, mas reconhece que o clube elevou significativamente o n\u00edvel do elenco. Isso porque nomes como Gabigol e Dudu n\u00e3o apenas refor\u00e7am o ataque, mas tamb\u00e9m sinalizam ambi\u00e7\u00e3o do clube para a pr\u00f3xima temporada.<\/p>\n\n\n\n<h2 class=\"wp-block-heading\" id=\"h-um-mercado-agressivo-e-ambicioso\">Um mercado agressivo e ambicioso<\/h2>\n\n\n\n<p>Vale destacar que o Cruzeiro tem se movimentado de forma agressiva no mercado, mirando jogadores com experi\u00eancia em decis\u00f5es.&nbsp;<\/p>\n\n\n\n<p>Gabigol, conhecido pela sua capacidade de decidir jogos, e Dudu, s\u00edmbolo de regularidade e t\u00e9cnica, s\u00e3o exemplos disso. Al\u00e9m disso, outros refor\u00e7os pontuais podem chegar para compor um elenco ainda mais competitivo.<\/p>\n\n\n\n<h2 class=\"wp-block-heading\" id=\"h-expectativa-para-2025\">Expectativa para 2025<\/h2>\n\n\n\n<p>Por isso, a torcida celeste est\u00e1 esperan\u00e7osa com a pr\u00f3xima temporada. Sendo assim, resta acompanhar como esses refor\u00e7os se encaixar\u00e3o na equipe e se as expectativas criadas no papel se transformar\u00e3o em resultados dentro de campo.<\/p>\n\n\n\n<p>Com isso, o Cruzeiro sinaliza que n\u00e3o quer apenas figurar no cen\u00e1rio nacional, mas brigar por conquistas importantes.&nbsp;<\/p>\n\n\n\n<p>Embora a cautela de Rizek seja compreens\u00edvel, \u00e9 ineg\u00e1vel que o clube j\u00e1 deu um passo \u00e0 frente em rela\u00e7\u00e3o a 2024. Dessa maneira, os pr\u00f3ximos meses ser\u00e3o decisivos para consolidar essa evolu\u00e7\u00e3o.<\/p>\n","protected":false},"excerpt":{"rendered":"<p>O Cruzeiro chamou a aten\u00e7\u00e3o do mercado de transfer\u00eancias ao anunciar refor\u00e7os de peso para a temporada 2025. Entre os nomes mais comentados, Gabigol e Dudu se destacam.&nbsp; A movimenta\u00e7\u00e3o j\u00e1 gera repercuss\u00f5es na m\u00eddia esportiva, e o jornalista Andr\u00e9 Rizek foi um dos que analisaram o impacto dessas contrata\u00e7\u00f5es. Suas palavras revelam cautela, mas [&hellip;]<\/p>\n","protected":false},"author":25,"featured_media":101875,"comment_status":"open","ping_status":"closed","sticky":false,"template":"","format":"standard","meta":{"footnotes":""},"categories":[143],"tags":[],"class_list":["post-210257","post","type-post","status-publish","format-standard","has-post-thumbnail","hentry","category-cruzeiro"],"yoast_head":"<!-- This site is optimized with the Yoast SEO Premium plugin v24.2 (Yoast SEO v26.9) - https:\/\/yoast.com\/product\/yoast-seo-premium-wordpress\/ -->\n<title>Cruzeiro: a declara\u00e7\u00e3o de Andr\u00e9 Rizek envolvendo Gabigol<\/title>\n<meta name=\"robots\" content=\"index, follow, max-snippet:-1, max-image-preview:large, max-video-preview:-1\" \/>\n<link rel=\"canonical\" href=\"https:\/\/www.gaveanews.com\/index.php\/2025\/01\/09\/cruzeiro-a-declaracao-de-andre-rizek-envolvendo-gabigol\/\" \/>\n<meta property=\"og:locale\" content=\"pt_BR\" \/>\n<meta property=\"og:type\" content=\"article\" \/>\n<meta property=\"og:title\" content=\"Cruzeiro: a declara\u00e7\u00e3o de Andr\u00e9 Rizek envolvendo Gabigol\" \/>\n<meta property=\"og:description\" content=\"O Cruzeiro chamou a aten\u00e7\u00e3o do mercado de transfer\u00eancias ao anunciar refor\u00e7os de peso para a temporada 2025. Entre os nomes mais comentados, Gabigol e Dudu se destacam.&nbsp; A movimenta\u00e7\u00e3o j\u00e1 gera repercuss\u00f5es na m\u00eddia esportiva, e o jornalista Andr\u00e9 Rizek foi um dos que analisaram o impacto dessas contrata\u00e7\u00f5es. Suas palavras revelam cautela, mas [&hellip;]\" \/>\n<meta property=\"og:url\" content=\"https:\/\/www.gaveanews.com\/index.php\/2025\/01\/09\/cruzeiro-a-declaracao-de-andre-rizek-envolvendo-gabigol\/\" \/>\n<meta property=\"og:site_name\" content=\"G\u00e1vea News\" \/>\n<meta property=\"article:publisher\" content=\"https:\/\/facebook.com\/gaveaNews\/\" \/>\n<meta property=\"article:published_time\" content=\"2025-01-10T00:10:00+00:00\" \/>\n<meta property=\"og:image\" content=\"https:\/\/www.gaveanews.com\/wp-content\/uploads\/Andre-Rizek-durante-um-programa-do-SporTV.webp\" \/>\n\t<meta property=\"og:image:width\" content=\"795\" \/>\n\t<meta property=\"og:image:height\" content=\"448\" \/>\n\t<meta property=\"og:image:type\" content=\"image\/jpeg\" \/>\n<meta name=\"author\" content=\"Rafaela Ladeira\" \/>\n<meta name=\"twitter:card\" content=\"summary_large_image\" \/>\n<meta name=\"twitter:label1\" content=\"Escrito por\" \/>\n\t<meta name=\"twitter:data1\" content=\"Rafaela Ladeira\" \/>\n\t<meta name=\"twitter:label2\" content=\"Est. tempo de leitura\" \/>\n\t<meta name=\"twitter:data2\" content=\"3 minutos\" \/>\n<script type=\"application\/ld+json\" class=\"yoast-schema-graph\">{\"@context\":\"https:\/\/schema.org\",\"@graph\":[{\"@type\":\"NewsArticle\",\"@id\":\"https:\/\/www.gaveanews.com\/index.php\/2025\/01\/09\/cruzeiro-a-declaracao-de-andre-rizek-envolvendo-gabigol\/#article\",\"isPartOf\":{\"@id\":\"https:\/\/www.gaveanews.com\/index.php\/2025\/01\/09\/cruzeiro-a-declaracao-de-andre-rizek-envolvendo-gabigol\/\"},\"author\":{\"name\":\"Rafaela Ladeira\",\"@id\":\"https:\/\/www.gaveanews.com\/#\/schema\/person\/0eb3e3fe1754f0205218538adbe8f5ed\"},\"headline\":\"Cruzeiro: a declara\u00e7\u00e3o de Andr\u00e9 Rizek envolvendo Gabigol\",\"datePublished\":\"2025-01-10T00:10:00+00:00\",\"mainEntityOfPage\":{\"@id\":\"https:\/\/www.gaveanews.com\/index.php\/2025\/01\/09\/cruzeiro-a-declaracao-de-andre-rizek-envolvendo-gabigol\/\"},\"wordCount\":384,\"commentCount\":0,\"image\":{\"@id\":\"https:\/\/www.gaveanews.com\/index.php\/2025\/01\/09\/cruzeiro-a-declaracao-de-andre-rizek-envolvendo-gabigol\/#primaryimage\"},\"thumbnailUrl\":\"https:\/\/www.gaveanews.com\/wp-content\/uploads\/Andre-Rizek-durante-um-programa-do-SporTV.webp\",\"articleSection\":[\"Cruzeiro\"],\"inLanguage\":\"pt-BR\",\"potentialAction\":[{\"@type\":\"CommentAction\",\"name\":\"Comment\",\"target\":[\"https:\/\/www.gaveanews.com\/index.php\/2025\/01\/09\/cruzeiro-a-declaracao-de-andre-rizek-envolvendo-gabigol\/#respond\"]}],\"copyrightYear\":\"2025\",\"copyrightHolder\":{\"@id\":\"https:\/\/www.gaveanews.com\/#organization\"}},{\"@type\":\"WebPage\",\"@id\":\"https:\/\/www.gaveanews.com\/index.php\/2025\/01\/09\/cruzeiro-a-declaracao-de-andre-rizek-envolvendo-gabigol\/\",\"url\":\"https:\/\/www.gaveanews.com\/index.php\/2025\/01\/09\/cruzeiro-a-declaracao-de-andre-rizek-envolvendo-gabigol\/\",\"name\":\"Cruzeiro: a declara\u00e7\u00e3o de Andr\u00e9 Rizek envolvendo Gabigol\",\"isPartOf\":{\"@id\":\"https:\/\/www.gaveanews.com\/#website\"},\"primaryImageOfPage\":{\"@id\":\"https:\/\/www.gaveanews.com\/index.php\/2025\/01\/09\/cruzeiro-a-declaracao-de-andre-rizek-envolvendo-gabigol\/#primaryimage\"},\"image\":{\"@id\":\"https:\/\/www.gaveanews.com\/index.php\/2025\/01\/09\/cruzeiro-a-declaracao-de-andre-rizek-envolvendo-gabigol\/#primaryimage\"},\"thumbnailUrl\":\"https:\/\/www.gaveanews.com\/wp-content\/uploads\/Andre-Rizek-durante-um-programa-do-SporTV.webp\",\"datePublished\":\"2025-01-10T00:10:00+00:00\",\"author\":{\"@id\":\"https:\/\/www.gaveanews.com\/#\/schema\/person\/0eb3e3fe1754f0205218538adbe8f5ed\"},\"breadcrumb\":{\"@id\":\"https:\/\/www.gaveanews.com\/index.php\/2025\/01\/09\/cruzeiro-a-declaracao-de-andre-rizek-envolvendo-gabigol\/#breadcrumb\"},\"inLanguage\":\"pt-BR\",\"potentialAction\":[{\"@type\":\"ReadAction\",\"target\":[\"https:\/\/www.gaveanews.com\/index.php\/2025\/01\/09\/cruzeiro-a-declaracao-de-andre-rizek-envolvendo-gabigol\/\"]}]},{\"@type\":\"ImageObject\",\"inLanguage\":\"pt-BR\",\"@id\":\"https:\/\/www.gaveanews.com\/index.php\/2025\/01\/09\/cruzeiro-a-declaracao-de-andre-rizek-envolvendo-gabigol\/#primaryimage\",\"url\":\"https:\/\/www.gaveanews.com\/wp-content\/uploads\/Andre-Rizek-durante-um-programa-do-SporTV.webp\",\"contentUrl\":\"https:\/\/www.gaveanews.com\/wp-content\/uploads\/Andre-Rizek-durante-um-programa-do-SporTV.webp\",\"width\":795,\"height\":448,\"caption\":\"Andr\u00e9 Rizek durante um programa do SporTV (Foto: Reprodu\u00e7\u00e3o\/SporTV)\"},{\"@type\":\"BreadcrumbList\",\"@id\":\"https:\/\/www.gaveanews.com\/index.php\/2025\/01\/09\/cruzeiro-a-declaracao-de-andre-rizek-envolvendo-gabigol\/#breadcrumb\",\"itemListElement\":[{\"@type\":\"ListItem\",\"position\":1,\"name\":\"Home\",\"item\":\"https:\/\/www.gaveanews.com\/\"},{\"@type\":\"ListItem\",\"position\":2,\"name\":\"Cruzeiro: a declara\u00e7\u00e3o de Andr\u00e9 Rizek envolvendo Gabigol\"}]},{\"@type\":\"WebSite\",\"@id\":\"https:\/\/www.gaveanews.com\/#website\",\"url\":\"https:\/\/www.gaveanews.com\/\",\"name\":\"G\u00e1vea News\",\"description\":\"Veja todas as not\u00edcias sobre o Flamengo: Contrata\u00e7\u00f5es, categorias de base, resultados das partidas, tabela de classifica\u00e7\u00e3o, pr\u00f3ximos jogos!\",\"potentialAction\":[{\"@type\":\"SearchAction\",\"target\":{\"@type\":\"EntryPoint\",\"urlTemplate\":\"https:\/\/www.gaveanews.com\/?s={search_term_string}\"},\"query-input\":{\"@type\":\"PropertyValueSpecification\",\"valueRequired\":true,\"valueName\":\"search_term_string\"}}],\"inLanguage\":\"pt-BR\"},{\"@type\":\"Person\",\"@id\":\"https:\/\/www.gaveanews.com\/#\/schema\/person\/0eb3e3fe1754f0205218538adbe8f5ed\",\"name\":\"Rafaela Ladeira\",\"image\":{\"@type\":\"ImageObject\",\"inLanguage\":\"pt-BR\",\"@id\":\"https:\/\/www.gaveanews.com\/#\/schema\/person\/image\/\",\"url\":\"https:\/\/secure.gravatar.com\/avatar\/c31f513acffd85eacab5730cbdfdbbf59f21ba5aeada8cd890acea879fbb2455?s=96&d=mm&r=g\",\"contentUrl\":\"https:\/\/secure.gravatar.com\/avatar\/c31f513acffd85eacab5730cbdfdbbf59f21ba5aeada8cd890acea879fbb2455?s=96&d=mm&r=g\",\"caption\":\"Rafaela Ladeira\"}}]}<\/script>\n<!-- \/ Yoast SEO Premium plugin. -->","yoast_head_json":{"title":"Cruzeiro: a declara\u00e7\u00e3o de Andr\u00e9 Rizek envolvendo Gabigol","robots":{"index":"index","follow":"follow","max-snippet":"max-snippet:-1","max-image-preview":"max-image-preview:large","max-video-preview":"max-video-preview:-1"},"canonical":"https:\/\/www.gaveanews.com\/index.php\/2025\/01\/09\/cruzeiro-a-declaracao-de-andre-rizek-envolvendo-gabigol\/","og_locale":"pt_BR","og_type":"article","og_title":"Cruzeiro: a declara\u00e7\u00e3o de Andr\u00e9 Rizek envolvendo Gabigol","og_description":"O Cruzeiro chamou a aten\u00e7\u00e3o do mercado de transfer\u00eancias ao anunciar refor\u00e7os de peso para a temporada 2025. Entre os nomes mais comentados, Gabigol e Dudu se destacam.&nbsp; A movimenta\u00e7\u00e3o j\u00e1 gera repercuss\u00f5es na m\u00eddia esportiva, e o jornalista Andr\u00e9 Rizek foi um dos que analisaram o impacto dessas contrata\u00e7\u00f5es. Suas palavras revelam cautela, mas [&hellip;]","og_url":"https:\/\/www.gaveanews.com\/index.php\/2025\/01\/09\/cruzeiro-a-declaracao-de-andre-rizek-envolvendo-gabigol\/","og_site_name":"G\u00e1vea News","article_publisher":"https:\/\/facebook.com\/gaveaNews\/","article_published_time":"2025-01-10T00:10:00+00:00","og_image":[{"width":795,"height":448,"url":"https:\/\/www.gaveanews.com\/wp-content\/uploads\/Andre-Rizek-durante-um-programa-do-SporTV.webp","type":"image\/jpeg"}],"author":"Rafaela Ladeira","twitter_card":"summary_large_image","twitter_misc":{"Escrito por":"Rafaela Ladeira","Est. tempo de leitura":"3 minutos"},"schema":{"@context":"https:\/\/schema.org","@graph":[{"@type":"NewsArticle","@id":"https:\/\/www.gaveanews.com\/index.php\/2025\/01\/09\/cruzeiro-a-declaracao-de-andre-rizek-envolvendo-gabigol\/#article","isPartOf":{"@id":"https:\/\/www.gaveanews.com\/index.php\/2025\/01\/09\/cruzeiro-a-declaracao-de-andre-rizek-envolvendo-gabigol\/"},"author":{"name":"Rafaela Ladeira","@id":"https:\/\/www.gaveanews.com\/#\/schema\/person\/0eb3e3fe1754f0205218538adbe8f5ed"},"headline":"Cruzeiro: a declara\u00e7\u00e3o de Andr\u00e9 Rizek envolvendo Gabigol","datePublished":"2025-01-10T00:10:00+00:00","mainEntityOfPage":{"@id":"https:\/\/www.gaveanews.com\/index.php\/2025\/01\/09\/cruzeiro-a-declaracao-de-andre-rizek-envolvendo-gabigol\/"},"wordCount":384,"commentCount":0,"image":{"@id":"https:\/\/www.gaveanews.com\/index.php\/2025\/01\/09\/cruzeiro-a-declaracao-de-andre-rizek-envolvendo-gabigol\/#primaryimage"},"thumbnailUrl":"https:\/\/www.gaveanews.com\/wp-content\/uploads\/Andre-Rizek-durante-um-programa-do-SporTV.webp","articleSection":["Cruzeiro"],"inLanguage":"pt-BR","potentialAction":[{"@type":"CommentAction","name":"Comment","target":["https:\/\/www.gaveanews.com\/index.php\/2025\/01\/09\/cruzeiro-a-declaracao-de-andre-rizek-envolvendo-gabigol\/#respond"]}],"copyrightYear":"2025","copyrightHolder":{"@id":"https:\/\/www.gaveanews.com\/#organization"}},{"@type":"WebPage","@id":"https:\/\/www.gaveanews.com\/index.php\/2025\/01\/09\/cruzeiro-a-declaracao-de-andre-rizek-envolvendo-gabigol\/","url":"https:\/\/www.gaveanews.com\/index.php\/2025\/01\/09\/cruzeiro-a-declaracao-de-andre-rizek-envolvendo-gabigol\/","name":"Cruzeiro: a declara\u00e7\u00e3o de Andr\u00e9 Rizek envolvendo Gabigol","isPartOf":{"@id":"https:\/\/www.gaveanews.com\/#website"},"primaryImageOfPage":{"@id":"https:\/\/www.gaveanews.com\/index.php\/2025\/01\/09\/cruzeiro-a-declaracao-de-andre-rizek-envolvendo-gabigol\/#primaryimage"},"image":{"@id":"https:\/\/www.gaveanews.com\/index.php\/2025\/01\/09\/cruzeiro-a-declaracao-de-andre-rizek-envolvendo-gabigol\/#primaryimage"},"thumbnailUrl":"https:\/\/www.gaveanews.com\/wp-content\/uploads\/Andre-Rizek-durante-um-programa-do-SporTV.webp","datePublished":"2025-01-10T00:10:00+00:00","author":{"@id":"https:\/\/www.gaveanews.com\/#\/schema\/person\/0eb3e3fe1754f0205218538adbe8f5ed"},"breadcrumb":{"@id":"https:\/\/www.gaveanews.com\/index.php\/2025\/01\/09\/cruzeiro-a-declaracao-de-andre-rizek-envolvendo-gabigol\/#breadcrumb"},"inLanguage":"pt-BR","potentialAction":[{"@type":"ReadAction","target":["https:\/\/www.gaveanews.com\/index.php\/2025\/01\/09\/cruzeiro-a-declaracao-de-andre-rizek-envolvendo-gabigol\/"]}]},{"@type":"ImageObject","inLanguage":"pt-BR","@id":"https:\/\/www.gaveanews.com\/index.php\/2025\/01\/09\/cruzeiro-a-declaracao-de-andre-rizek-envolvendo-gabigol\/#primaryimage","url":"https:\/\/www.gaveanews.com\/wp-content\/uploads\/Andre-Rizek-durante-um-programa-do-SporTV.webp","contentUrl":"https:\/\/www.gaveanews.com\/wp-content\/uploads\/Andre-Rizek-durante-um-programa-do-SporTV.webp","width":795,"height":448,"caption":"Andr\u00e9 Rizek durante um programa do SporTV (Foto: Reprodu\u00e7\u00e3o\/SporTV)"},{"@type":"BreadcrumbList","@id":"https:\/\/www.gaveanews.com\/index.php\/2025\/01\/09\/cruzeiro-a-declaracao-de-andre-rizek-envolvendo-gabigol\/#breadcrumb","itemListElement":[{"@type":"ListItem","position":1,"name":"Home","item":"https:\/\/www.gaveanews.com\/"},{"@type":"ListItem","position":2,"name":"Cruzeiro: a declara\u00e7\u00e3o de Andr\u00e9 Rizek envolvendo Gabigol"}]},{"@type":"WebSite","@id":"https:\/\/www.gaveanews.com\/#website","url":"https:\/\/www.gaveanews.com\/","name":"G\u00e1vea News","description":"Veja todas as not\u00edcias sobre o Flamengo: Contrata\u00e7\u00f5es, categorias de base, resultados das partidas, tabela de classifica\u00e7\u00e3o, pr\u00f3ximos jogos!","potentialAction":[{"@type":"SearchAction","target":{"@type":"EntryPoint","urlTemplate":"https:\/\/www.gaveanews.com\/?s={search_term_string}"},"query-input":{"@type":"PropertyValueSpecification","valueRequired":true,"valueName":"search_term_string"}}],"inLanguage":"pt-BR"},{"@type":"Person","@id":"https:\/\/www.gaveanews.com\/#\/schema\/person\/0eb3e3fe1754f0205218538adbe8f5ed","name":"Rafaela Ladeira","image":{"@type":"ImageObject","inLanguage":"pt-BR","@id":"https:\/\/www.gaveanews.com\/#\/schema\/person\/image\/","url":"https:\/\/secure.gravatar.com\/avatar\/c31f513acffd85eacab5730cbdfdbbf59f21ba5aeada8cd890acea879fbb2455?s=96&d=mm&r=g","contentUrl":"https:\/\/secure.gravatar.com\/avatar\/c31f513acffd85eacab5730cbdfdbbf59f21ba5aeada8cd890acea879fbb2455?s=96&d=mm&r=g","caption":"Rafaela Ladeira"}}]}},"_links":{"self":[{"href":"https:\/\/www.gaveanews.com\/index.php\/wp-json\/wp\/v2\/posts\/210257","targetHints":{"allow":["GET"]}}],"collection":[{"href":"https:\/\/www.gaveanews.com\/index.php\/wp-json\/wp\/v2\/posts"}],"about":[{"href":"https:\/\/www.gaveanews.com\/index.php\/wp-json\/wp\/v2\/types\/post"}],"author":[{"embeddable":true,"href":"https:\/\/www.gaveanews.com\/index.php\/wp-json\/wp\/v2\/users\/25"}],"replies":[{"embeddable":true,"href":"https:\/\/www.gaveanews.com\/index.php\/wp-json\/wp\/v2\/comments?post=210257"}],"version-history":[{"count":1,"href":"https:\/\/www.gaveanews.com\/index.php\/wp-json\/wp\/v2\/posts\/210257\/revisions"}],"predecessor-version":[{"id":210259,"href":"https:\/\/www.gaveanews.com\/index.php\/wp-json\/wp\/v2\/posts\/210257\/revisions\/210259"}],"wp:featuredmedia":[{"embeddable":true,"href":"https:\/\/www.gaveanews.com\/index.php\/wp-json\/wp\/v2\/media\/101875"}],"wp:attachment":[{"href":"https:\/\/www.gaveanews.com\/index.php\/wp-json\/wp\/v2\/media?parent=210257"}],"wp:term":[{"taxonomy":"category","embeddable":true,"href":"https:\/\/www.gaveanews.com\/index.php\/wp-json\/wp\/v2\/categories?post=210257"},{"taxonomy":"post_tag","embeddable":true,"href":"https:\/\/www.gaveanews.com\/index.php\/wp-json\/wp\/v2\/tags?post=210257"}],"curies":[{"name":"wp","href":"https:\/\/api.w.org\/{rel}","templated":true}]}}