{"id":210295,"date":"2025-01-09T17:31:20","date_gmt":"2025-01-09T20:31:20","guid":{"rendered":"https:\/\/www.gaveanews.com\/?p=210295"},"modified":"2025-01-09T17:31:23","modified_gmt":"2025-01-09T20:31:23","slug":"goleiro-do-vasco-ganha-destaque-no-exterior","status":"publish","type":"post","link":"https:\/\/www.gaveanews.com\/index.php\/2025\/01\/09\/goleiro-do-vasco-ganha-destaque-no-exterior\/","title":{"rendered":"Goleiro do Vasco ganha destaque no exterior"},"content":{"rendered":"\n<p>Phillipe Gabriel, goleiro do Vasco da Gama, vem sendo comentado no exterior ap\u00f3s ter sido elogiado por um site espanhol. Todos os anos, a Copinha chama muito a aten\u00e7\u00e3o por destacar jovens promissores das categorias de base dos times, nomes como o de Endrick, Ganso e Antony foram revelados durante essa competi\u00e7\u00e3o. <\/p>\n\n\n\n<ul class=\"wp-block-list\">\n<li><strong><a href=\"https:\/\/www.gaveanews.com\/index.php\/2025\/01\/08\/lucas-pedrosa-atualiza-situacao-de-dois-jogadores-do-vasco\/?utm_source=terra_capa_parceiros&amp;utm_medium=referral\">Lucas Pedrosa atualiza situa\u00e7\u00e3o de dois jogadores do Vasco<\/a><\/strong><\/li>\n\n\n\n<li><strong><a href=\"https:\/\/www.gaveanews.com\/index.php\/2025\/01\/08\/dupla-na-mira-chegada-de-samir-e-saida-de-maicon-as-ultimas-noticias-do-vasco\/?utm_source=terra_capa_parceiros&amp;utm_medium=referral\">Dupla na mira, chegada de Samir e sa\u00edda de Maicon: as \u00faltimas not\u00edcias do Vasco<\/a><\/strong><\/li>\n<\/ul>\n\n\n\n<p>V\u00e1rios jogadores se destacaram no cen\u00e1rio nacional e mundial ap\u00f3s terem um bom desempenho na Copa S\u00e3o Paulo de Juniores. Por conta dessa fama, clubes do Brasil e do exterior aproveitam a Copinha para monitorar jovens promessas. Esse ano, a grande expectativa vem sendo o goleiro Phillipe Gabriel.<\/p>\n\n\n\n<h2 class=\"wp-block-heading\" id=\"h-elogiado-na-europa\">Elogiado na Europa<\/h2>\n\n\n\n<p>Em mat\u00e9ria publicada pelo jornal espanhol Sport, Phillipe Gabriel tem &#8220;Perfil Barcelona&#8221; o jovem goleiro de 18 anos tamb\u00e9m foi citado em uma lista que refere as cinco melhores joias da competi\u00e7\u00e3o, onde al\u00e9m dele, \u00e9 citado tamb\u00e9m os nomes de: Luighi (Palmeiras), Denner (Corinthians), Matheus Alves (S\u00e3o Paulo), Gabriel Mec (Gr\u00eamio). <\/p>\n\n\n\n<p>Durante o decorrer da mat\u00e9ria, Sport falou sobre as qualidades de Phillipe, mencionaram sua altura, 1,96m, por ser boa para a posi\u00e7\u00e3o de goleiro e sua agilidade, excelente reflexos, grande personalidade e confian\u00e7a. Pra finalizar, o site fala sobre sua capacidade de defender p\u00eanaltis, afirmando ser uma grande promessa do Gigante da Colina, tendo chance de um futuro promissor.<\/p>\n\n\n\n<p>&#8220;Tem excelentes reflexos e exibe grande personalidade e confian\u00e7a, o que \u00e9 fundamental para quem atua sob as traves&#8221;, diz a publica\u00e7\u00e3o. A postagem do jornal espanhol tamb\u00e9m explicou que o Barcelona enviou um ca\u00e7ador de talentos ao Brasil para acompanhar a Copinha em busca de novos talentos.<\/p>\n\n\n\n<h2 class=\"wp-block-heading\" id=\"h-assinou-contrato\">Assinou contrato<\/h2>\n\n\n\n<p>Filho do ex-zagueiro carioca, Luiz Alberto que se aposentou BoaVista, Phillipe Gabriel chegou ao Vasco em 2017 e em abril de 2024 ele assinou um contrato v\u00e1lido at\u00e9 dezembro de 2027, ampliando o v\u00ednculo anterior, que era at\u00e9 maio de 2025. Nessa amplia\u00e7\u00e3o contratual, o Gigante da Colina definiu a multa do goleiro em 60 milh\u00f5es de euros (cerca de R$ 378 milh\u00f5es) para clubes do exterior.<\/p>\n","protected":false},"excerpt":{"rendered":"<p>Phillipe Gabriel, goleiro do Vasco da Gama, vem sendo comentado no exterior ap\u00f3s ter sido elogiado por um site espanhol. Todos os anos, a Copinha chama muito a aten\u00e7\u00e3o por destacar jovens promissores das categorias de base dos times, nomes como o de Endrick, Ganso e Antony foram revelados durante essa competi\u00e7\u00e3o. V\u00e1rios jogadores se [&hellip;]<\/p>\n","protected":false},"author":31,"featured_media":147443,"comment_status":"open","ping_status":"closed","sticky":false,"template":"","format":"standard","meta":{"footnotes":""},"categories":[152],"tags":[],"class_list":["post-210295","post","type-post","status-publish","format-standard","has-post-thumbnail","hentry","category-vasco"],"yoast_head":"<!-- This site is optimized with the Yoast SEO Premium plugin v24.2 (Yoast SEO v26.9) - https:\/\/yoast.com\/product\/yoast-seo-premium-wordpress\/ -->\n<title>Goleiro do Vasco ganha destaque no exterior<\/title>\n<meta name=\"robots\" content=\"index, follow, max-snippet:-1, max-image-preview:large, max-video-preview:-1\" \/>\n<link rel=\"canonical\" href=\"https:\/\/www.gaveanews.com\/index.php\/2025\/01\/09\/goleiro-do-vasco-ganha-destaque-no-exterior\/\" \/>\n<meta property=\"og:locale\" content=\"pt_BR\" \/>\n<meta property=\"og:type\" content=\"article\" \/>\n<meta property=\"og:title\" content=\"Goleiro do Vasco ganha destaque no exterior\" \/>\n<meta property=\"og:description\" content=\"Phillipe Gabriel, goleiro do Vasco da Gama, vem sendo comentado no exterior ap\u00f3s ter sido elogiado por um site espanhol. Todos os anos, a Copinha chama muito a aten\u00e7\u00e3o por destacar jovens promissores das categorias de base dos times, nomes como o de Endrick, Ganso e Antony foram revelados durante essa competi\u00e7\u00e3o. V\u00e1rios jogadores se [&hellip;]\" \/>\n<meta property=\"og:url\" content=\"https:\/\/www.gaveanews.com\/index.php\/2025\/01\/09\/goleiro-do-vasco-ganha-destaque-no-exterior\/\" \/>\n<meta property=\"og:site_name\" content=\"G\u00e1vea News\" \/>\n<meta property=\"article:publisher\" content=\"https:\/\/facebook.com\/gaveaNews\/\" \/>\n<meta property=\"article:published_time\" content=\"2025-01-09T20:31:20+00:00\" \/>\n<meta property=\"article:modified_time\" content=\"2025-01-09T20:31:23+00:00\" \/>\n<meta property=\"og:image\" content=\"https:\/\/www.gaveanews.com\/wp-content\/uploads\/Camisa-do-Vasco-da-Gama.webp\" \/>\n\t<meta property=\"og:image:width\" content=\"1440\" \/>\n\t<meta property=\"og:image:height\" content=\"960\" \/>\n\t<meta property=\"og:image:type\" content=\"image\/jpeg\" \/>\n<meta name=\"author\" content=\"Michel Camargo\" \/>\n<meta name=\"twitter:card\" content=\"summary_large_image\" \/>\n<meta name=\"twitter:label1\" content=\"Escrito por\" \/>\n\t<meta name=\"twitter:data1\" content=\"Michel Camargo\" \/>\n\t<meta name=\"twitter:label2\" content=\"Est. tempo de leitura\" \/>\n\t<meta name=\"twitter:data2\" content=\"3 minutos\" \/>\n<script type=\"application\/ld+json\" class=\"yoast-schema-graph\">{\"@context\":\"https:\/\/schema.org\",\"@graph\":[{\"@type\":\"NewsArticle\",\"@id\":\"https:\/\/www.gaveanews.com\/index.php\/2025\/01\/09\/goleiro-do-vasco-ganha-destaque-no-exterior\/#article\",\"isPartOf\":{\"@id\":\"https:\/\/www.gaveanews.com\/index.php\/2025\/01\/09\/goleiro-do-vasco-ganha-destaque-no-exterior\/\"},\"author\":{\"name\":\"Michel Camargo\",\"@id\":\"https:\/\/www.gaveanews.com\/#\/schema\/person\/6f5583f09aa4bcc9866a7360b5604486\"},\"headline\":\"Goleiro do Vasco ganha destaque no exterior\",\"datePublished\":\"2025-01-09T20:31:20+00:00\",\"dateModified\":\"2025-01-09T20:31:23+00:00\",\"mainEntityOfPage\":{\"@id\":\"https:\/\/www.gaveanews.com\/index.php\/2025\/01\/09\/goleiro-do-vasco-ganha-destaque-no-exterior\/\"},\"wordCount\":383,\"commentCount\":0,\"image\":{\"@id\":\"https:\/\/www.gaveanews.com\/index.php\/2025\/01\/09\/goleiro-do-vasco-ganha-destaque-no-exterior\/#primaryimage\"},\"thumbnailUrl\":\"https:\/\/www.gaveanews.com\/wp-content\/uploads\/Camisa-do-Vasco-da-Gama.webp\",\"articleSection\":[\"Vasco\"],\"inLanguage\":\"pt-BR\",\"potentialAction\":[{\"@type\":\"CommentAction\",\"name\":\"Comment\",\"target\":[\"https:\/\/www.gaveanews.com\/index.php\/2025\/01\/09\/goleiro-do-vasco-ganha-destaque-no-exterior\/#respond\"]}],\"copyrightYear\":\"2025\",\"copyrightHolder\":{\"@id\":\"https:\/\/www.gaveanews.com\/#organization\"}},{\"@type\":\"WebPage\",\"@id\":\"https:\/\/www.gaveanews.com\/index.php\/2025\/01\/09\/goleiro-do-vasco-ganha-destaque-no-exterior\/\",\"url\":\"https:\/\/www.gaveanews.com\/index.php\/2025\/01\/09\/goleiro-do-vasco-ganha-destaque-no-exterior\/\",\"name\":\"Goleiro do Vasco ganha destaque no exterior\",\"isPartOf\":{\"@id\":\"https:\/\/www.gaveanews.com\/#website\"},\"primaryImageOfPage\":{\"@id\":\"https:\/\/www.gaveanews.com\/index.php\/2025\/01\/09\/goleiro-do-vasco-ganha-destaque-no-exterior\/#primaryimage\"},\"image\":{\"@id\":\"https:\/\/www.gaveanews.com\/index.php\/2025\/01\/09\/goleiro-do-vasco-ganha-destaque-no-exterior\/#primaryimage\"},\"thumbnailUrl\":\"https:\/\/www.gaveanews.com\/wp-content\/uploads\/Camisa-do-Vasco-da-Gama.webp\",\"datePublished\":\"2025-01-09T20:31:20+00:00\",\"dateModified\":\"2025-01-09T20:31:23+00:00\",\"author\":{\"@id\":\"https:\/\/www.gaveanews.com\/#\/schema\/person\/6f5583f09aa4bcc9866a7360b5604486\"},\"breadcrumb\":{\"@id\":\"https:\/\/www.gaveanews.com\/index.php\/2025\/01\/09\/goleiro-do-vasco-ganha-destaque-no-exterior\/#breadcrumb\"},\"inLanguage\":\"pt-BR\",\"potentialAction\":[{\"@type\":\"ReadAction\",\"target\":[\"https:\/\/www.gaveanews.com\/index.php\/2025\/01\/09\/goleiro-do-vasco-ganha-destaque-no-exterior\/\"]}]},{\"@type\":\"ImageObject\",\"inLanguage\":\"pt-BR\",\"@id\":\"https:\/\/www.gaveanews.com\/index.php\/2025\/01\/09\/goleiro-do-vasco-ganha-destaque-no-exterior\/#primaryimage\",\"url\":\"https:\/\/www.gaveanews.com\/wp-content\/uploads\/Camisa-do-Vasco-da-Gama.webp\",\"contentUrl\":\"https:\/\/www.gaveanews.com\/wp-content\/uploads\/Camisa-do-Vasco-da-Gama.webp\",\"width\":1440,\"height\":960,\"caption\":\"Camisa do Vasco da Gama (Foto: Reprodu\u00e7\u00e3o\/Instagram)\"},{\"@type\":\"BreadcrumbList\",\"@id\":\"https:\/\/www.gaveanews.com\/index.php\/2025\/01\/09\/goleiro-do-vasco-ganha-destaque-no-exterior\/#breadcrumb\",\"itemListElement\":[{\"@type\":\"ListItem\",\"position\":1,\"name\":\"Home\",\"item\":\"https:\/\/www.gaveanews.com\/\"},{\"@type\":\"ListItem\",\"position\":2,\"name\":\"Goleiro do Vasco ganha destaque no exterior\"}]},{\"@type\":\"WebSite\",\"@id\":\"https:\/\/www.gaveanews.com\/#website\",\"url\":\"https:\/\/www.gaveanews.com\/\",\"name\":\"G\u00e1vea News\",\"description\":\"Veja todas as not\u00edcias sobre o Flamengo: Contrata\u00e7\u00f5es, categorias de base, resultados das partidas, tabela de classifica\u00e7\u00e3o, pr\u00f3ximos jogos!\",\"potentialAction\":[{\"@type\":\"SearchAction\",\"target\":{\"@type\":\"EntryPoint\",\"urlTemplate\":\"https:\/\/www.gaveanews.com\/?s={search_term_string}\"},\"query-input\":{\"@type\":\"PropertyValueSpecification\",\"valueRequired\":true,\"valueName\":\"search_term_string\"}}],\"inLanguage\":\"pt-BR\"},{\"@type\":\"Person\",\"@id\":\"https:\/\/www.gaveanews.com\/#\/schema\/person\/6f5583f09aa4bcc9866a7360b5604486\",\"name\":\"Michel Camargo\",\"image\":{\"@type\":\"ImageObject\",\"inLanguage\":\"pt-BR\",\"@id\":\"https:\/\/www.gaveanews.com\/#\/schema\/person\/image\/\",\"url\":\"https:\/\/secure.gravatar.com\/avatar\/59285e68c26a1d55b30461b1bb1cc6534e5c51ef836b39890a73916a1db2d486?s=96&d=mm&r=g\",\"contentUrl\":\"https:\/\/secure.gravatar.com\/avatar\/59285e68c26a1d55b30461b1bb1cc6534e5c51ef836b39890a73916a1db2d486?s=96&d=mm&r=g\",\"caption\":\"Michel Camargo\"}}]}<\/script>\n<!-- \/ Yoast SEO Premium plugin. -->","yoast_head_json":{"title":"Goleiro do Vasco ganha destaque no exterior","robots":{"index":"index","follow":"follow","max-snippet":"max-snippet:-1","max-image-preview":"max-image-preview:large","max-video-preview":"max-video-preview:-1"},"canonical":"https:\/\/www.gaveanews.com\/index.php\/2025\/01\/09\/goleiro-do-vasco-ganha-destaque-no-exterior\/","og_locale":"pt_BR","og_type":"article","og_title":"Goleiro do Vasco ganha destaque no exterior","og_description":"Phillipe Gabriel, goleiro do Vasco da Gama, vem sendo comentado no exterior ap\u00f3s ter sido elogiado por um site espanhol. Todos os anos, a Copinha chama muito a aten\u00e7\u00e3o por destacar jovens promissores das categorias de base dos times, nomes como o de Endrick, Ganso e Antony foram revelados durante essa competi\u00e7\u00e3o. V\u00e1rios jogadores se [&hellip;]","og_url":"https:\/\/www.gaveanews.com\/index.php\/2025\/01\/09\/goleiro-do-vasco-ganha-destaque-no-exterior\/","og_site_name":"G\u00e1vea News","article_publisher":"https:\/\/facebook.com\/gaveaNews\/","article_published_time":"2025-01-09T20:31:20+00:00","article_modified_time":"2025-01-09T20:31:23+00:00","og_image":[{"width":1440,"height":960,"url":"https:\/\/www.gaveanews.com\/wp-content\/uploads\/Camisa-do-Vasco-da-Gama.webp","type":"image\/jpeg"}],"author":"Michel Camargo","twitter_card":"summary_large_image","twitter_misc":{"Escrito por":"Michel Camargo","Est. tempo de leitura":"3 minutos"},"schema":{"@context":"https:\/\/schema.org","@graph":[{"@type":"NewsArticle","@id":"https:\/\/www.gaveanews.com\/index.php\/2025\/01\/09\/goleiro-do-vasco-ganha-destaque-no-exterior\/#article","isPartOf":{"@id":"https:\/\/www.gaveanews.com\/index.php\/2025\/01\/09\/goleiro-do-vasco-ganha-destaque-no-exterior\/"},"author":{"name":"Michel Camargo","@id":"https:\/\/www.gaveanews.com\/#\/schema\/person\/6f5583f09aa4bcc9866a7360b5604486"},"headline":"Goleiro do Vasco ganha destaque no exterior","datePublished":"2025-01-09T20:31:20+00:00","dateModified":"2025-01-09T20:31:23+00:00","mainEntityOfPage":{"@id":"https:\/\/www.gaveanews.com\/index.php\/2025\/01\/09\/goleiro-do-vasco-ganha-destaque-no-exterior\/"},"wordCount":383,"commentCount":0,"image":{"@id":"https:\/\/www.gaveanews.com\/index.php\/2025\/01\/09\/goleiro-do-vasco-ganha-destaque-no-exterior\/#primaryimage"},"thumbnailUrl":"https:\/\/www.gaveanews.com\/wp-content\/uploads\/Camisa-do-Vasco-da-Gama.webp","articleSection":["Vasco"],"inLanguage":"pt-BR","potentialAction":[{"@type":"CommentAction","name":"Comment","target":["https:\/\/www.gaveanews.com\/index.php\/2025\/01\/09\/goleiro-do-vasco-ganha-destaque-no-exterior\/#respond"]}],"copyrightYear":"2025","copyrightHolder":{"@id":"https:\/\/www.gaveanews.com\/#organization"}},{"@type":"WebPage","@id":"https:\/\/www.gaveanews.com\/index.php\/2025\/01\/09\/goleiro-do-vasco-ganha-destaque-no-exterior\/","url":"https:\/\/www.gaveanews.com\/index.php\/2025\/01\/09\/goleiro-do-vasco-ganha-destaque-no-exterior\/","name":"Goleiro do Vasco ganha destaque no exterior","isPartOf":{"@id":"https:\/\/www.gaveanews.com\/#website"},"primaryImageOfPage":{"@id":"https:\/\/www.gaveanews.com\/index.php\/2025\/01\/09\/goleiro-do-vasco-ganha-destaque-no-exterior\/#primaryimage"},"image":{"@id":"https:\/\/www.gaveanews.com\/index.php\/2025\/01\/09\/goleiro-do-vasco-ganha-destaque-no-exterior\/#primaryimage"},"thumbnailUrl":"https:\/\/www.gaveanews.com\/wp-content\/uploads\/Camisa-do-Vasco-da-Gama.webp","datePublished":"2025-01-09T20:31:20+00:00","dateModified":"2025-01-09T20:31:23+00:00","author":{"@id":"https:\/\/www.gaveanews.com\/#\/schema\/person\/6f5583f09aa4bcc9866a7360b5604486"},"breadcrumb":{"@id":"https:\/\/www.gaveanews.com\/index.php\/2025\/01\/09\/goleiro-do-vasco-ganha-destaque-no-exterior\/#breadcrumb"},"inLanguage":"pt-BR","potentialAction":[{"@type":"ReadAction","target":["https:\/\/www.gaveanews.com\/index.php\/2025\/01\/09\/goleiro-do-vasco-ganha-destaque-no-exterior\/"]}]},{"@type":"ImageObject","inLanguage":"pt-BR","@id":"https:\/\/www.gaveanews.com\/index.php\/2025\/01\/09\/goleiro-do-vasco-ganha-destaque-no-exterior\/#primaryimage","url":"https:\/\/www.gaveanews.com\/wp-content\/uploads\/Camisa-do-Vasco-da-Gama.webp","contentUrl":"https:\/\/www.gaveanews.com\/wp-content\/uploads\/Camisa-do-Vasco-da-Gama.webp","width":1440,"height":960,"caption":"Camisa do Vasco da Gama (Foto: Reprodu\u00e7\u00e3o\/Instagram)"},{"@type":"BreadcrumbList","@id":"https:\/\/www.gaveanews.com\/index.php\/2025\/01\/09\/goleiro-do-vasco-ganha-destaque-no-exterior\/#breadcrumb","itemListElement":[{"@type":"ListItem","position":1,"name":"Home","item":"https:\/\/www.gaveanews.com\/"},{"@type":"ListItem","position":2,"name":"Goleiro do Vasco ganha destaque no exterior"}]},{"@type":"WebSite","@id":"https:\/\/www.gaveanews.com\/#website","url":"https:\/\/www.gaveanews.com\/","name":"G\u00e1vea News","description":"Veja todas as not\u00edcias sobre o Flamengo: Contrata\u00e7\u00f5es, categorias de base, resultados das partidas, tabela de classifica\u00e7\u00e3o, pr\u00f3ximos jogos!","potentialAction":[{"@type":"SearchAction","target":{"@type":"EntryPoint","urlTemplate":"https:\/\/www.gaveanews.com\/?s={search_term_string}"},"query-input":{"@type":"PropertyValueSpecification","valueRequired":true,"valueName":"search_term_string"}}],"inLanguage":"pt-BR"},{"@type":"Person","@id":"https:\/\/www.gaveanews.com\/#\/schema\/person\/6f5583f09aa4bcc9866a7360b5604486","name":"Michel Camargo","image":{"@type":"ImageObject","inLanguage":"pt-BR","@id":"https:\/\/www.gaveanews.com\/#\/schema\/person\/image\/","url":"https:\/\/secure.gravatar.com\/avatar\/59285e68c26a1d55b30461b1bb1cc6534e5c51ef836b39890a73916a1db2d486?s=96&d=mm&r=g","contentUrl":"https:\/\/secure.gravatar.com\/avatar\/59285e68c26a1d55b30461b1bb1cc6534e5c51ef836b39890a73916a1db2d486?s=96&d=mm&r=g","caption":"Michel Camargo"}}]}},"_links":{"self":[{"href":"https:\/\/www.gaveanews.com\/index.php\/wp-json\/wp\/v2\/posts\/210295","targetHints":{"allow":["GET"]}}],"collection":[{"href":"https:\/\/www.gaveanews.com\/index.php\/wp-json\/wp\/v2\/posts"}],"about":[{"href":"https:\/\/www.gaveanews.com\/index.php\/wp-json\/wp\/v2\/types\/post"}],"author":[{"embeddable":true,"href":"https:\/\/www.gaveanews.com\/index.php\/wp-json\/wp\/v2\/users\/31"}],"replies":[{"embeddable":true,"href":"https:\/\/www.gaveanews.com\/index.php\/wp-json\/wp\/v2\/comments?post=210295"}],"version-history":[{"count":2,"href":"https:\/\/www.gaveanews.com\/index.php\/wp-json\/wp\/v2\/posts\/210295\/revisions"}],"predecessor-version":[{"id":210501,"href":"https:\/\/www.gaveanews.com\/index.php\/wp-json\/wp\/v2\/posts\/210295\/revisions\/210501"}],"wp:featuredmedia":[{"embeddable":true,"href":"https:\/\/www.gaveanews.com\/index.php\/wp-json\/wp\/v2\/media\/147443"}],"wp:attachment":[{"href":"https:\/\/www.gaveanews.com\/index.php\/wp-json\/wp\/v2\/media?parent=210295"}],"wp:term":[{"taxonomy":"category","embeddable":true,"href":"https:\/\/www.gaveanews.com\/index.php\/wp-json\/wp\/v2\/categories?post=210295"},{"taxonomy":"post_tag","embeddable":true,"href":"https:\/\/www.gaveanews.com\/index.php\/wp-json\/wp\/v2\/tags?post=210295"}],"curies":[{"name":"wp","href":"https:\/\/api.w.org\/{rel}","templated":true}]}}