{"id":210374,"date":"2025-01-09T23:20:00","date_gmt":"2025-01-10T02:20:00","guid":{"rendered":"https:\/\/www.gaveanews.com\/?p=210374"},"modified":"2025-01-09T21:37:35","modified_gmt":"2025-01-10T00:37:35","slug":"com-aval-de-hansi-flick-meia-de-r-282-milhoes-pode-deixar-o-barcelona","status":"publish","type":"post","link":"https:\/\/www.gaveanews.com\/index.php\/2025\/01\/09\/com-aval-de-hansi-flick-meia-de-r-282-milhoes-pode-deixar-o-barcelona\/","title":{"rendered":"Com aval de Hansi Flick, meia de R$ 282 milh\u00f5es pode deixar o Barcelona"},"content":{"rendered":"\n<p>O t\u00e9cnico Hansi Flick, do Barcelona, est\u00e1 cada vez mais insatisfeito com o desempenho de Frenkie De Jong na equipe. O desagrado \u00e9 tamanho que nem mesmo a vit\u00f3ria por 2 a 0 sobre o Athletic Bilbao amenizou o inc\u00f4modo do treinador com os poucos minutos do meia 27 anos em campo.<\/p>\n\n\n\n<ul class=\"wp-block-list\">\n<li><a href=\"https:\/\/www.gaveanews.com\/index.php\/2025\/01\/09\/barcelona-a-declaracao-de-lamine-yamal-sobre-renovacao-de-contrato\/\">A declara\u00e7\u00e3o de Lamine Yamal sobre renova\u00e7\u00e3o de contrato<\/a><\/li>\n\n\n\n<li><a href=\"https:\/\/www.gaveanews.com\/index.php\/2025\/01\/09\/a-declaracao-de-raphinha-sobre-a-fase-do-barcelona\/\">A declara\u00e7\u00e3o de Raphinha sobre a fase do Barcelona<\/a><\/li>\n<\/ul>\n\n\n\n<p>De Jong entrou em campo aos 73 minutos do triunfo catal\u00e3o e participou do jogo por 25 minutos totais. Tempo suficiente para causar insatisfa\u00e7\u00e3o a Flick, que, de acordo com a imprensa local, perdeu definitivamente a paci\u00eancia com o meia. Vale pontuar que a vit\u00f3ria garantiu vaga ao Barcelona na decis\u00e3o da Supercopa da Espanha.<\/p>\n\n\n\n<p>Rumores locais indicam que a insatisfa\u00e7\u00e3o do t\u00e9cnico catal\u00e3o pode resultar numa negocia\u00e7\u00e3o envolvendo De Jong ainda nesta janela. Segundo o &#8216;Fichajes&#8217;, jornal da Espanha, Hansi Flick pediu que Joan Laporta acerte a sa\u00edda do meia &#8220;o mais r\u00e1pido poss\u00edvel&#8221;.<\/p>\n\n\n\n<h2 class=\"wp-block-heading\" id=\"h-preco-de-mercado\">Pre\u00e7o de mercado<\/h2>\n\n\n\n<p>O meia de 27 \u00e9 um jogador de alto custo mensal e possui pre\u00e7o de mercado estimado em R$ 283 milh\u00f5es, de acordo com o Transfermarkt. O valor representa uma desvaloriza\u00e7\u00e3o de mais de R$ 40 milh\u00f5es em rela\u00e7\u00e3o ao investimento feito pelo Barcelona, em janeiro de 2019.<\/p>\n\n\n\n<p>A imprensa holandesa divulgou \u00e0 \u00e9poca que os valores da negocia\u00e7\u00e3o entre Barcelona e Ajax por De Jong giraram em torno de 75 milh\u00f5es de euros (cerca de R$ 325 milh\u00f5es). A chegada do meia foi cercada de holofote e grandes expectativas por parte dos torcedores.<\/p>\n\n\n\n<p>O Barcelona n\u00e3o dever\u00e1 dificultar um poss\u00edvel acordo pela transfer\u00eancia do jogador, visto que, para al\u00e9m da insatisfa\u00e7\u00e3o interna, as cifras para manter o atleta s\u00e3o altas. \u00c9 importante destacar que o clube espanhol passa por quest\u00f5es financeiras e precisa encurtar a folha salarial.<\/p>\n","protected":false},"excerpt":{"rendered":"<p>O t\u00e9cnico Hansi Flick, do Barcelona, est\u00e1 cada vez mais insatisfeito com o desempenho de Frenkie De Jong na equipe. O desagrado \u00e9 tamanho que nem mesmo a vit\u00f3ria por 2 a 0 sobre o Athletic Bilbao amenizou o inc\u00f4modo do treinador com os poucos minutos do meia 27 anos em campo. De Jong entrou [&hellip;]<\/p>\n","protected":false},"author":30,"featured_media":126375,"comment_status":"open","ping_status":"closed","sticky":false,"template":"","format":"standard","meta":{"footnotes":""},"categories":[87],"tags":[],"class_list":["post-210374","post","type-post","status-publish","format-standard","has-post-thumbnail","hentry","category-barcelona"],"yoast_head":"<!-- This site is optimized with the Yoast SEO Premium plugin v24.2 (Yoast SEO v26.9) - https:\/\/yoast.com\/product\/yoast-seo-premium-wordpress\/ -->\n<title>Com aval de Hansi Flick, meia de R$ 282 milh\u00f5es pode deixar o Barcelona<\/title>\n<meta name=\"robots\" content=\"index, follow, max-snippet:-1, max-image-preview:large, max-video-preview:-1\" \/>\n<link rel=\"canonical\" href=\"https:\/\/www.gaveanews.com\/index.php\/2025\/01\/09\/com-aval-de-hansi-flick-meia-de-r-282-milhoes-pode-deixar-o-barcelona\/\" \/>\n<meta property=\"og:locale\" content=\"pt_BR\" \/>\n<meta property=\"og:type\" content=\"article\" \/>\n<meta property=\"og:title\" content=\"Com aval de Hansi Flick, meia de R$ 282 milh\u00f5es pode deixar o Barcelona\" \/>\n<meta property=\"og:description\" content=\"O t\u00e9cnico Hansi Flick, do Barcelona, est\u00e1 cada vez mais insatisfeito com o desempenho de Frenkie De Jong na equipe. O desagrado \u00e9 tamanho que nem mesmo a vit\u00f3ria por 2 a 0 sobre o Athletic Bilbao amenizou o inc\u00f4modo do treinador com os poucos minutos do meia 27 anos em campo. De Jong entrou [&hellip;]\" \/>\n<meta property=\"og:url\" content=\"https:\/\/www.gaveanews.com\/index.php\/2025\/01\/09\/com-aval-de-hansi-flick-meia-de-r-282-milhoes-pode-deixar-o-barcelona\/\" \/>\n<meta property=\"og:site_name\" content=\"G\u00e1vea News\" \/>\n<meta property=\"article:publisher\" content=\"https:\/\/facebook.com\/gaveaNews\/\" \/>\n<meta property=\"article:published_time\" content=\"2025-01-10T02:20:00+00:00\" \/>\n<meta property=\"og:image\" content=\"https:\/\/www.gaveanews.com\/wp-content\/uploads\/64f1c8f91532e.webp\" \/>\n\t<meta property=\"og:image:width\" content=\"1200\" \/>\n\t<meta property=\"og:image:height\" content=\"675\" \/>\n\t<meta property=\"og:image:type\" content=\"image\/jpeg\" \/>\n<meta name=\"author\" content=\"Ana Teixeira\" \/>\n<meta name=\"twitter:card\" content=\"summary_large_image\" \/>\n<meta name=\"twitter:label1\" content=\"Escrito por\" \/>\n\t<meta name=\"twitter:data1\" content=\"Ana Teixeira\" \/>\n\t<meta name=\"twitter:label2\" content=\"Est. tempo de leitura\" \/>\n\t<meta name=\"twitter:data2\" content=\"2 minutos\" \/>\n<script type=\"application\/ld+json\" class=\"yoast-schema-graph\">{\"@context\":\"https:\/\/schema.org\",\"@graph\":[{\"@type\":\"NewsArticle\",\"@id\":\"https:\/\/www.gaveanews.com\/index.php\/2025\/01\/09\/com-aval-de-hansi-flick-meia-de-r-282-milhoes-pode-deixar-o-barcelona\/#article\",\"isPartOf\":{\"@id\":\"https:\/\/www.gaveanews.com\/index.php\/2025\/01\/09\/com-aval-de-hansi-flick-meia-de-r-282-milhoes-pode-deixar-o-barcelona\/\"},\"author\":{\"name\":\"Ana Teixeira\",\"@id\":\"https:\/\/www.gaveanews.com\/#\/schema\/person\/3b19f7288b0ce20372991275e4f2e6c2\"},\"headline\":\"Com aval de Hansi Flick, meia de R$ 282 milh\u00f5es pode deixar o Barcelona\",\"datePublished\":\"2025-01-10T02:20:00+00:00\",\"mainEntityOfPage\":{\"@id\":\"https:\/\/www.gaveanews.com\/index.php\/2025\/01\/09\/com-aval-de-hansi-flick-meia-de-r-282-milhoes-pode-deixar-o-barcelona\/\"},\"wordCount\":339,\"commentCount\":0,\"image\":{\"@id\":\"https:\/\/www.gaveanews.com\/index.php\/2025\/01\/09\/com-aval-de-hansi-flick-meia-de-r-282-milhoes-pode-deixar-o-barcelona\/#primaryimage\"},\"thumbnailUrl\":\"https:\/\/www.gaveanews.com\/wp-content\/uploads\/64f1c8f91532e.webp\",\"articleSection\":[\"Barcelona\"],\"inLanguage\":\"pt-BR\",\"potentialAction\":[{\"@type\":\"CommentAction\",\"name\":\"Comment\",\"target\":[\"https:\/\/www.gaveanews.com\/index.php\/2025\/01\/09\/com-aval-de-hansi-flick-meia-de-r-282-milhoes-pode-deixar-o-barcelona\/#respond\"]}],\"copyrightYear\":\"2025\",\"copyrightHolder\":{\"@id\":\"https:\/\/www.gaveanews.com\/#organization\"}},{\"@type\":\"WebPage\",\"@id\":\"https:\/\/www.gaveanews.com\/index.php\/2025\/01\/09\/com-aval-de-hansi-flick-meia-de-r-282-milhoes-pode-deixar-o-barcelona\/\",\"url\":\"https:\/\/www.gaveanews.com\/index.php\/2025\/01\/09\/com-aval-de-hansi-flick-meia-de-r-282-milhoes-pode-deixar-o-barcelona\/\",\"name\":\"Com aval de Hansi Flick, meia de R$ 282 milh\u00f5es pode deixar o Barcelona\",\"isPartOf\":{\"@id\":\"https:\/\/www.gaveanews.com\/#website\"},\"primaryImageOfPage\":{\"@id\":\"https:\/\/www.gaveanews.com\/index.php\/2025\/01\/09\/com-aval-de-hansi-flick-meia-de-r-282-milhoes-pode-deixar-o-barcelona\/#primaryimage\"},\"image\":{\"@id\":\"https:\/\/www.gaveanews.com\/index.php\/2025\/01\/09\/com-aval-de-hansi-flick-meia-de-r-282-milhoes-pode-deixar-o-barcelona\/#primaryimage\"},\"thumbnailUrl\":\"https:\/\/www.gaveanews.com\/wp-content\/uploads\/64f1c8f91532e.webp\",\"datePublished\":\"2025-01-10T02:20:00+00:00\",\"author\":{\"@id\":\"https:\/\/www.gaveanews.com\/#\/schema\/person\/3b19f7288b0ce20372991275e4f2e6c2\"},\"breadcrumb\":{\"@id\":\"https:\/\/www.gaveanews.com\/index.php\/2025\/01\/09\/com-aval-de-hansi-flick-meia-de-r-282-milhoes-pode-deixar-o-barcelona\/#breadcrumb\"},\"inLanguage\":\"pt-BR\",\"potentialAction\":[{\"@type\":\"ReadAction\",\"target\":[\"https:\/\/www.gaveanews.com\/index.php\/2025\/01\/09\/com-aval-de-hansi-flick-meia-de-r-282-milhoes-pode-deixar-o-barcelona\/\"]}]},{\"@type\":\"ImageObject\",\"inLanguage\":\"pt-BR\",\"@id\":\"https:\/\/www.gaveanews.com\/index.php\/2025\/01\/09\/com-aval-de-hansi-flick-meia-de-r-282-milhoes-pode-deixar-o-barcelona\/#primaryimage\",\"url\":\"https:\/\/www.gaveanews.com\/wp-content\/uploads\/64f1c8f91532e.webp\",\"contentUrl\":\"https:\/\/www.gaveanews.com\/wp-content\/uploads\/64f1c8f91532e.webp\",\"width\":1200,\"height\":675,\"caption\":\"Escudo do Barcelona (Foto: Reprodu\u00e7\u00e3o)\"},{\"@type\":\"BreadcrumbList\",\"@id\":\"https:\/\/www.gaveanews.com\/index.php\/2025\/01\/09\/com-aval-de-hansi-flick-meia-de-r-282-milhoes-pode-deixar-o-barcelona\/#breadcrumb\",\"itemListElement\":[{\"@type\":\"ListItem\",\"position\":1,\"name\":\"Home\",\"item\":\"https:\/\/www.gaveanews.com\/\"},{\"@type\":\"ListItem\",\"position\":2,\"name\":\"Com aval de Hansi Flick, meia de R$ 282 milh\u00f5es pode deixar o Barcelona\"}]},{\"@type\":\"WebSite\",\"@id\":\"https:\/\/www.gaveanews.com\/#website\",\"url\":\"https:\/\/www.gaveanews.com\/\",\"name\":\"G\u00e1vea News\",\"description\":\"Veja todas as not\u00edcias sobre o Flamengo: Contrata\u00e7\u00f5es, categorias de base, resultados das partidas, tabela de classifica\u00e7\u00e3o, pr\u00f3ximos jogos!\",\"potentialAction\":[{\"@type\":\"SearchAction\",\"target\":{\"@type\":\"EntryPoint\",\"urlTemplate\":\"https:\/\/www.gaveanews.com\/?s={search_term_string}\"},\"query-input\":{\"@type\":\"PropertyValueSpecification\",\"valueRequired\":true,\"valueName\":\"search_term_string\"}}],\"inLanguage\":\"pt-BR\"},{\"@type\":\"Person\",\"@id\":\"https:\/\/www.gaveanews.com\/#\/schema\/person\/3b19f7288b0ce20372991275e4f2e6c2\",\"name\":\"Ana Teixeira\",\"image\":{\"@type\":\"ImageObject\",\"inLanguage\":\"pt-BR\",\"@id\":\"https:\/\/www.gaveanews.com\/#\/schema\/person\/image\/\",\"url\":\"https:\/\/secure.gravatar.com\/avatar\/0a73f5a5258f3fed37fc2fa641892f3f7a4748456d4d4792f9bc550e6c19e06c?s=96&d=mm&r=g\",\"contentUrl\":\"https:\/\/secure.gravatar.com\/avatar\/0a73f5a5258f3fed37fc2fa641892f3f7a4748456d4d4792f9bc550e6c19e06c?s=96&d=mm&r=g\",\"caption\":\"Ana Teixeira\"}}]}<\/script>\n<!-- \/ Yoast SEO Premium plugin. -->","yoast_head_json":{"title":"Com aval de Hansi Flick, meia de R$ 282 milh\u00f5es pode deixar o Barcelona","robots":{"index":"index","follow":"follow","max-snippet":"max-snippet:-1","max-image-preview":"max-image-preview:large","max-video-preview":"max-video-preview:-1"},"canonical":"https:\/\/www.gaveanews.com\/index.php\/2025\/01\/09\/com-aval-de-hansi-flick-meia-de-r-282-milhoes-pode-deixar-o-barcelona\/","og_locale":"pt_BR","og_type":"article","og_title":"Com aval de Hansi Flick, meia de R$ 282 milh\u00f5es pode deixar o Barcelona","og_description":"O t\u00e9cnico Hansi Flick, do Barcelona, est\u00e1 cada vez mais insatisfeito com o desempenho de Frenkie De Jong na equipe. O desagrado \u00e9 tamanho que nem mesmo a vit\u00f3ria por 2 a 0 sobre o Athletic Bilbao amenizou o inc\u00f4modo do treinador com os poucos minutos do meia 27 anos em campo. De Jong entrou [&hellip;]","og_url":"https:\/\/www.gaveanews.com\/index.php\/2025\/01\/09\/com-aval-de-hansi-flick-meia-de-r-282-milhoes-pode-deixar-o-barcelona\/","og_site_name":"G\u00e1vea News","article_publisher":"https:\/\/facebook.com\/gaveaNews\/","article_published_time":"2025-01-10T02:20:00+00:00","og_image":[{"width":1200,"height":675,"url":"https:\/\/www.gaveanews.com\/wp-content\/uploads\/64f1c8f91532e.webp","type":"image\/jpeg"}],"author":"Ana Teixeira","twitter_card":"summary_large_image","twitter_misc":{"Escrito por":"Ana Teixeira","Est. tempo de leitura":"2 minutos"},"schema":{"@context":"https:\/\/schema.org","@graph":[{"@type":"NewsArticle","@id":"https:\/\/www.gaveanews.com\/index.php\/2025\/01\/09\/com-aval-de-hansi-flick-meia-de-r-282-milhoes-pode-deixar-o-barcelona\/#article","isPartOf":{"@id":"https:\/\/www.gaveanews.com\/index.php\/2025\/01\/09\/com-aval-de-hansi-flick-meia-de-r-282-milhoes-pode-deixar-o-barcelona\/"},"author":{"name":"Ana Teixeira","@id":"https:\/\/www.gaveanews.com\/#\/schema\/person\/3b19f7288b0ce20372991275e4f2e6c2"},"headline":"Com aval de Hansi Flick, meia de R$ 282 milh\u00f5es pode deixar o Barcelona","datePublished":"2025-01-10T02:20:00+00:00","mainEntityOfPage":{"@id":"https:\/\/www.gaveanews.com\/index.php\/2025\/01\/09\/com-aval-de-hansi-flick-meia-de-r-282-milhoes-pode-deixar-o-barcelona\/"},"wordCount":339,"commentCount":0,"image":{"@id":"https:\/\/www.gaveanews.com\/index.php\/2025\/01\/09\/com-aval-de-hansi-flick-meia-de-r-282-milhoes-pode-deixar-o-barcelona\/#primaryimage"},"thumbnailUrl":"https:\/\/www.gaveanews.com\/wp-content\/uploads\/64f1c8f91532e.webp","articleSection":["Barcelona"],"inLanguage":"pt-BR","potentialAction":[{"@type":"CommentAction","name":"Comment","target":["https:\/\/www.gaveanews.com\/index.php\/2025\/01\/09\/com-aval-de-hansi-flick-meia-de-r-282-milhoes-pode-deixar-o-barcelona\/#respond"]}],"copyrightYear":"2025","copyrightHolder":{"@id":"https:\/\/www.gaveanews.com\/#organization"}},{"@type":"WebPage","@id":"https:\/\/www.gaveanews.com\/index.php\/2025\/01\/09\/com-aval-de-hansi-flick-meia-de-r-282-milhoes-pode-deixar-o-barcelona\/","url":"https:\/\/www.gaveanews.com\/index.php\/2025\/01\/09\/com-aval-de-hansi-flick-meia-de-r-282-milhoes-pode-deixar-o-barcelona\/","name":"Com aval de Hansi Flick, meia de R$ 282 milh\u00f5es pode deixar o Barcelona","isPartOf":{"@id":"https:\/\/www.gaveanews.com\/#website"},"primaryImageOfPage":{"@id":"https:\/\/www.gaveanews.com\/index.php\/2025\/01\/09\/com-aval-de-hansi-flick-meia-de-r-282-milhoes-pode-deixar-o-barcelona\/#primaryimage"},"image":{"@id":"https:\/\/www.gaveanews.com\/index.php\/2025\/01\/09\/com-aval-de-hansi-flick-meia-de-r-282-milhoes-pode-deixar-o-barcelona\/#primaryimage"},"thumbnailUrl":"https:\/\/www.gaveanews.com\/wp-content\/uploads\/64f1c8f91532e.webp","datePublished":"2025-01-10T02:20:00+00:00","author":{"@id":"https:\/\/www.gaveanews.com\/#\/schema\/person\/3b19f7288b0ce20372991275e4f2e6c2"},"breadcrumb":{"@id":"https:\/\/www.gaveanews.com\/index.php\/2025\/01\/09\/com-aval-de-hansi-flick-meia-de-r-282-milhoes-pode-deixar-o-barcelona\/#breadcrumb"},"inLanguage":"pt-BR","potentialAction":[{"@type":"ReadAction","target":["https:\/\/www.gaveanews.com\/index.php\/2025\/01\/09\/com-aval-de-hansi-flick-meia-de-r-282-milhoes-pode-deixar-o-barcelona\/"]}]},{"@type":"ImageObject","inLanguage":"pt-BR","@id":"https:\/\/www.gaveanews.com\/index.php\/2025\/01\/09\/com-aval-de-hansi-flick-meia-de-r-282-milhoes-pode-deixar-o-barcelona\/#primaryimage","url":"https:\/\/www.gaveanews.com\/wp-content\/uploads\/64f1c8f91532e.webp","contentUrl":"https:\/\/www.gaveanews.com\/wp-content\/uploads\/64f1c8f91532e.webp","width":1200,"height":675,"caption":"Escudo do Barcelona (Foto: Reprodu\u00e7\u00e3o)"},{"@type":"BreadcrumbList","@id":"https:\/\/www.gaveanews.com\/index.php\/2025\/01\/09\/com-aval-de-hansi-flick-meia-de-r-282-milhoes-pode-deixar-o-barcelona\/#breadcrumb","itemListElement":[{"@type":"ListItem","position":1,"name":"Home","item":"https:\/\/www.gaveanews.com\/"},{"@type":"ListItem","position":2,"name":"Com aval de Hansi Flick, meia de R$ 282 milh\u00f5es pode deixar o Barcelona"}]},{"@type":"WebSite","@id":"https:\/\/www.gaveanews.com\/#website","url":"https:\/\/www.gaveanews.com\/","name":"G\u00e1vea News","description":"Veja todas as not\u00edcias sobre o Flamengo: Contrata\u00e7\u00f5es, categorias de base, resultados das partidas, tabela de classifica\u00e7\u00e3o, pr\u00f3ximos jogos!","potentialAction":[{"@type":"SearchAction","target":{"@type":"EntryPoint","urlTemplate":"https:\/\/www.gaveanews.com\/?s={search_term_string}"},"query-input":{"@type":"PropertyValueSpecification","valueRequired":true,"valueName":"search_term_string"}}],"inLanguage":"pt-BR"},{"@type":"Person","@id":"https:\/\/www.gaveanews.com\/#\/schema\/person\/3b19f7288b0ce20372991275e4f2e6c2","name":"Ana Teixeira","image":{"@type":"ImageObject","inLanguage":"pt-BR","@id":"https:\/\/www.gaveanews.com\/#\/schema\/person\/image\/","url":"https:\/\/secure.gravatar.com\/avatar\/0a73f5a5258f3fed37fc2fa641892f3f7a4748456d4d4792f9bc550e6c19e06c?s=96&d=mm&r=g","contentUrl":"https:\/\/secure.gravatar.com\/avatar\/0a73f5a5258f3fed37fc2fa641892f3f7a4748456d4d4792f9bc550e6c19e06c?s=96&d=mm&r=g","caption":"Ana Teixeira"}}]}},"_links":{"self":[{"href":"https:\/\/www.gaveanews.com\/index.php\/wp-json\/wp\/v2\/posts\/210374","targetHints":{"allow":["GET"]}}],"collection":[{"href":"https:\/\/www.gaveanews.com\/index.php\/wp-json\/wp\/v2\/posts"}],"about":[{"href":"https:\/\/www.gaveanews.com\/index.php\/wp-json\/wp\/v2\/types\/post"}],"author":[{"embeddable":true,"href":"https:\/\/www.gaveanews.com\/index.php\/wp-json\/wp\/v2\/users\/30"}],"replies":[{"embeddable":true,"href":"https:\/\/www.gaveanews.com\/index.php\/wp-json\/wp\/v2\/comments?post=210374"}],"version-history":[{"count":2,"href":"https:\/\/www.gaveanews.com\/index.php\/wp-json\/wp\/v2\/posts\/210374\/revisions"}],"predecessor-version":[{"id":210378,"href":"https:\/\/www.gaveanews.com\/index.php\/wp-json\/wp\/v2\/posts\/210374\/revisions\/210378"}],"wp:featuredmedia":[{"embeddable":true,"href":"https:\/\/www.gaveanews.com\/index.php\/wp-json\/wp\/v2\/media\/126375"}],"wp:attachment":[{"href":"https:\/\/www.gaveanews.com\/index.php\/wp-json\/wp\/v2\/media?parent=210374"}],"wp:term":[{"taxonomy":"category","embeddable":true,"href":"https:\/\/www.gaveanews.com\/index.php\/wp-json\/wp\/v2\/categories?post=210374"},{"taxonomy":"post_tag","embeddable":true,"href":"https:\/\/www.gaveanews.com\/index.php\/wp-json\/wp\/v2\/tags?post=210374"}],"curies":[{"name":"wp","href":"https:\/\/api.w.org\/{rel}","templated":true}]}}