{"id":210407,"date":"2025-01-10T05:00:00","date_gmt":"2025-01-10T08:00:00","guid":{"rendered":"https:\/\/www.gaveanews.com\/?p=210407"},"modified":"2025-01-09T19:21:18","modified_gmt":"2025-01-09T22:21:18","slug":"recado-de-boto-volta-de-leo-duarte-ao-brasil-e-david-luiz-no-fortaleza-as-ultimas-noticias-do-flamengo","status":"publish","type":"post","link":"https:\/\/www.gaveanews.com\/index.php\/2025\/01\/10\/recado-de-boto-volta-de-leo-duarte-ao-brasil-e-david-luiz-no-fortaleza-as-ultimas-noticias-do-flamengo\/","title":{"rendered":"Recado de Boto, volta de L\u00e9o Duarte ao Brasil e David Luiz no Fortaleza: as \u00faltimas not\u00edcias do Flamengo"},"content":{"rendered":"\n<p>Nas \u00faltimas horas, o foco das not\u00edcias sobre o Flamengo se concentram nos bastidores do clube, com destaques do dia a dia do time.<\/p>\n\n\n\n<p>Por conta deste contexto, leia abaixo um resumo preparado pela equipe do portal G\u00e1vea News para lhe manter muito bem informado!<\/p>\n\n\n\n<h2 class=\"wp-block-heading\" id=\"h-david-luiz-no-flamengo\">David Luiz no Flamengo<\/h2>\n\n\n\n<p>David Luiz est\u00e1 pr\u00f3ximo de definir seu futuro no futebol, com negocia\u00e7\u00f5es avan\u00e7adas para assinar com o Fortaleza. Apesar de uma oferta mais vantajosa do Olympiakos, da Gr\u00e9cia, o zagueiro optou pelo clube cearense, atra\u00eddo pelo projeto s\u00f3lido e a possibilidade de continuar no Brasil. A decis\u00e3o reflete seu desejo de permanecer pr\u00f3ximo \u00e0 fam\u00edlia, motivo que tamb\u00e9m o levou ao Flamengo em 2021 <strong><a href=\"https:\/\/www.gaveanews.com\/index.php\/2025\/01\/08\/david-luiz-esta-muito-proximo-de-assinar-com-seu-novo-clube\/\">(leia a mat\u00e9ria completa).<\/a><\/strong><\/p>\n\n\n\n<figure class=\"wp-block-image size-full\"><img loading=\"lazy\" decoding=\"async\" width=\"900\" height=\"600\" src=\"https:\/\/www.gaveanews.com\/wp-content\/uploads\/david-luiz-flamengo-gol.webp\" alt=\"\" class=\"wp-image-146118\" srcset=\"https:\/\/www.gaveanews.com\/wp-content\/uploads\/david-luiz-flamengo-gol.webp 900w, https:\/\/www.gaveanews.com\/wp-content\/uploads\/david-luiz-flamengo-gol-300x200.webp 300w, https:\/\/www.gaveanews.com\/wp-content\/uploads\/david-luiz-flamengo-gol-768x512.webp 768w, https:\/\/www.gaveanews.com\/wp-content\/uploads\/david-luiz-flamengo-gol-630x420.webp 630w, https:\/\/www.gaveanews.com\/wp-content\/uploads\/david-luiz-flamengo-gol-640x427.webp 640w, https:\/\/www.gaveanews.com\/wp-content\/uploads\/david-luiz-flamengo-gol-681x454.webp 681w, https:\/\/www.gaveanews.com\/wp-content\/uploads\/david-luiz-flamengo-gol-100x67.webp 100w\" sizes=\"auto, (max-width: 900px) 100vw, 900px\" \/><figcaption class=\"wp-element-caption\">David Luiz marca gol pelo Flamengo (Foto: Gilvan de Souza\/Flamengo)<\/figcaption><\/figure>\n\n\n\n<p>Al\u00e9m do Olympiakos, o atleta recebeu sondagens do \u00c1ustria Viena e do Cruzeiro, mas sem propostas concretas. Durante sua passagem pelo Flamengo, David Luiz jogou 134 partidas e conquistou quatro t\u00edtulos, incluindo a Libertadores de 2022. <\/p>\n\n\n\n<p>Sua sa\u00edda do Rubro-Negro, ao fim de 2024, o deixou livre no mercado, facilitando a negocia\u00e7\u00e3o com o Fortaleza.<\/p>\n\n\n\n<p>O zagueiro j\u00e1 esteve em Fortaleza recentemente, participando de atividades no Pici, sede do clube. As tratativas seguem sob condu\u00e7\u00e3o de Marcelo Paz, CEO da SAF do Fortaleza. Caso o acordo seja concretizado, o Fortaleza garantir\u00e1 um refor\u00e7o de peso para a temporada 2025.<\/p>\n\n\n\n<h2 class=\"wp-block-heading\" id=\"h-volta-de-leo-duarte\">Volta de L\u00e9o Duarte<\/h2>\n\n\n\n<p>O zagueiro L\u00e9o Duarte, formado na base do Flamengo, est\u00e1 no radar do Gr\u00eamio, que busca fortalecer seu elenco para a temporada. Atualmente com contrato no Basaksehir, da Turquia, at\u00e9 2026, o defensor de 28 anos tamb\u00e9m desperta o interesse de outros clubes brasileiros, evidenciando a concorr\u00eancia para sua contrata\u00e7\u00e3o. Sua experi\u00eancia internacional e passagem de destaque no Flamengo o tornam um refor\u00e7o desejado para diversos times <strong><a href=\"https:\/\/www.gaveanews.com\/index.php\/2025\/01\/08\/cria-do-ninho-entra-na-mira-do-gremio\/\">(leia a mat\u00e9ria completa).<\/a><\/strong><\/p>\n\n\n\n<figure class=\"wp-block-image size-full\"><img decoding=\"async\" src=\"https:\/\/www.gaveanews.com\/wp-content\/uploads\/2019\/03\/Leo-Duarte-e-Gabigol-durante-treinamento-na-Gavea.webp\" alt=\"\" class=\"wp-image-14551\"\/><figcaption class=\"wp-element-caption\">L\u00e9o Duarte e Gabigol durante treinamento na G\u00e1vea (Foto: Alexandre Vidal\/Flamengo)<\/figcaption><\/figure>\n\n\n\n<p>L\u00e9o Duarte come\u00e7ou sua trajet\u00f3ria como capit\u00e3o na conquista da Copa S\u00e3o Paulo de Futebol J\u00fanior de 2016 e logo subiu ao elenco profissional, ganhando titularidade em 2018 sob o comando de Maur\u00edcio Barbieri. Posteriormente, transferiu-se para o Milan, antes de ser emprestado e ter seus direitos adquiridos pelo Basaksehir. Durante sua passagem pelo Flamengo, participou de momentos hist\u00f3ricos, como as conquistas da Libertadores e do Campeonato Brasileiro de 2019.<\/p>\n\n\n\n<p>Com uma s\u00f3lida trajet\u00f3ria e experi\u00eancia em competi\u00e7\u00f5es europeias, o retorno de L\u00e9o Duarte ao futebol brasileiro seria uma oportunidade de fortalecer as defesas dos clubes interessados. Sua viv\u00eancia em equipes vitoriosas promete agregar valor ao Gr\u00eamio ou qualquer time que concretize a contrata\u00e7\u00e3o.<\/p>\n\n\n\n<h2 class=\"wp-block-heading\" id=\"h-recado-de-boto\">Recado de Boto<\/h2>\n\n\n\n<p>O Flamengo, por meio de seu diretor de futebol, Jos\u00e9 Boto, esclareceu sua posi\u00e7\u00e3o no mercado de transfer\u00eancias. Em entrevista coletiva, Boto destacou que o clube n\u00e3o planeja vender jogadores considerados essenciais para o t\u00e9cnico Filipe Lu\u00eds, a menos que surjam propostas financeiramente irresist\u00edveis. O foco do Flamengo \u00e9 fortalecer o elenco com contrata\u00e7\u00f5es pontuais, priorizando a manuten\u00e7\u00e3o de suas principais pe\u00e7as <strong><a href=\"https:\/\/www.gaveanews.com\/index.php\/2025\/01\/08\/flamengo-jose-boto-manda-recado-sobre-venda-de-jogadores\/\">(leia a mat\u00e9ria completa).<\/a><\/strong><\/p>\n\n\n\n<figure class=\"wp-block-image size-large\"><img loading=\"lazy\" decoding=\"async\" width=\"1024\" height=\"563\" src=\"https:\/\/www.gaveanews.com\/wp-content\/uploads\/Entrevista-coletiva-de-Jose-Boto-Foto_-Reproducao_FlaTV-1024x563.webp\" alt=\"Entrevista coletiva de Jos\u00e9 Boto (Foto: Reprodu\u00e7\u00e3o\/FlaTV)\" class=\"wp-image-205634\" srcset=\"https:\/\/www.gaveanews.com\/wp-content\/uploads\/Entrevista-coletiva-de-Jose-Boto-Foto_-Reproducao_FlaTV-1024x563.webp 1024w, https:\/\/www.gaveanews.com\/wp-content\/uploads\/Entrevista-coletiva-de-Jose-Boto-Foto_-Reproducao_FlaTV-300x165.webp 300w, https:\/\/www.gaveanews.com\/wp-content\/uploads\/Entrevista-coletiva-de-Jose-Boto-Foto_-Reproducao_FlaTV-768x423.webp 768w, https:\/\/www.gaveanews.com\/wp-content\/uploads\/Entrevista-coletiva-de-Jose-Boto-Foto_-Reproducao_FlaTV-763x420.webp 763w, https:\/\/www.gaveanews.com\/wp-content\/uploads\/Entrevista-coletiva-de-Jose-Boto-Foto_-Reproducao_FlaTV-640x352.webp 640w, https:\/\/www.gaveanews.com\/wp-content\/uploads\/Entrevista-coletiva-de-Jose-Boto-Foto_-Reproducao_FlaTV-681x375.webp 681w, https:\/\/www.gaveanews.com\/wp-content\/uploads\/Entrevista-coletiva-de-Jose-Boto-Foto_-Reproducao_FlaTV-100x55.webp 100w, https:\/\/www.gaveanews.com\/wp-content\/uploads\/Entrevista-coletiva-de-Jose-Boto-Foto_-Reproducao_FlaTV.webp 1214w\" sizes=\"auto, (max-width: 1024px) 100vw, 1024px\" \/><figcaption class=\"wp-element-caption\">Entrevista coletiva de Jos\u00e9 Boto (Foto: Reprodu\u00e7\u00e3o\/FlaTV)<\/figcaption><\/figure>\n\n\n\n<p>Entre os jogadores mais assediados est\u00e1 o lateral Wesley, que recebeu uma oferta de 15 milh\u00f5es de euros do Aston Villa, prontamente recusada pelo clube. Jos\u00e9 Boto indicou que, para considerar a venda de Wesley, a proposta deveria estar entre 25 e 30 milh\u00f5es de euros. Gerson, outro destaque do time, desperta interesse na Europa e no Mundo \u00c1rabe, mas ainda n\u00e3o recebeu ofertas concretas.<\/p>\n\n\n\n<p>Por outro lado, o zagueiro Fabr\u00edcio Bruno \u00e9 visto como negoci\u00e1vel e est\u00e1 pr\u00f3ximo de ser transferido para o Cruzeiro, com a condi\u00e7\u00e3o de pagamento \u00e0 vista. Assim, o Flamengo reafirma sua estrat\u00e9gia de preservar sua base titular, enquanto avalia sa\u00eddas de jogadores que n\u00e3o est\u00e3o entre os indispens\u00e1veis para a equipe.<\/p>\n","protected":false},"excerpt":{"rendered":"<p>Nas \u00faltimas horas, o foco das not\u00edcias sobre o Flamengo se concentram nos bastidores do clube, com destaques do dia a dia do time. Por conta deste contexto, leia abaixo um resumo preparado pela equipe do portal G\u00e1vea News para lhe manter muito bem informado! David Luiz no Flamengo David Luiz est\u00e1 pr\u00f3ximo de definir [&hellip;]<\/p>\n","protected":false},"author":27,"featured_media":124684,"comment_status":"open","ping_status":"closed","sticky":false,"template":"","format":"standard","meta":{"footnotes":""},"categories":[1],"tags":[],"class_list":["post-210407","post","type-post","status-publish","format-standard","has-post-thumbnail","hentry","category-flamengo"],"yoast_head":"<!-- This site is optimized with the Yoast SEO Premium plugin v24.2 (Yoast SEO v26.9) - https:\/\/yoast.com\/product\/yoast-seo-premium-wordpress\/ -->\n<title>Recado de Boto, volta de L\u00e9o Duarte ao Brasil e David Luiz no Fortaleza: as \u00faltimas not\u00edcias do Flamengo<\/title>\n<meta name=\"robots\" content=\"index, follow, max-snippet:-1, max-image-preview:large, max-video-preview:-1\" \/>\n<link rel=\"canonical\" href=\"https:\/\/www.gaveanews.com\/index.php\/2025\/01\/10\/recado-de-boto-volta-de-leo-duarte-ao-brasil-e-david-luiz-no-fortaleza-as-ultimas-noticias-do-flamengo\/\" \/>\n<meta property=\"og:locale\" content=\"pt_BR\" \/>\n<meta property=\"og:type\" content=\"article\" \/>\n<meta property=\"og:title\" content=\"Recado de Boto, volta de L\u00e9o Duarte ao Brasil e David Luiz no Fortaleza: as \u00faltimas not\u00edcias do Flamengo\" \/>\n<meta property=\"og:description\" content=\"Nas \u00faltimas horas, o foco das not\u00edcias sobre o Flamengo se concentram nos bastidores do clube, com destaques do dia a dia do time. Por conta deste contexto, leia abaixo um resumo preparado pela equipe do portal G\u00e1vea News para lhe manter muito bem informado! David Luiz no Flamengo David Luiz est\u00e1 pr\u00f3ximo de definir [&hellip;]\" \/>\n<meta property=\"og:url\" content=\"https:\/\/www.gaveanews.com\/index.php\/2025\/01\/10\/recado-de-boto-volta-de-leo-duarte-ao-brasil-e-david-luiz-no-fortaleza-as-ultimas-noticias-do-flamengo\/\" \/>\n<meta property=\"og:site_name\" content=\"G\u00e1vea News\" \/>\n<meta property=\"article:publisher\" content=\"https:\/\/facebook.com\/gaveaNews\/\" \/>\n<meta property=\"article:published_time\" content=\"2025-01-10T08:00:00+00:00\" \/>\n<meta property=\"og:image\" content=\"https:\/\/www.gaveanews.com\/wp-content\/uploads\/escudoDoFlamengo.webp\" \/>\n\t<meta property=\"og:image:width\" content=\"1095\" \/>\n\t<meta property=\"og:image:height\" content=\"730\" \/>\n\t<meta property=\"og:image:type\" content=\"image\/webp\" \/>\n<meta name=\"author\" content=\"Matheus Felipe\" \/>\n<meta name=\"twitter:card\" content=\"summary_large_image\" \/>\n<meta name=\"twitter:label1\" content=\"Escrito por\" \/>\n\t<meta name=\"twitter:data1\" content=\"Matheus Felipe\" \/>\n\t<meta name=\"twitter:label2\" content=\"Est. tempo de leitura\" \/>\n\t<meta name=\"twitter:data2\" content=\"5 minutos\" \/>\n<script type=\"application\/ld+json\" class=\"yoast-schema-graph\">{\"@context\":\"https:\/\/schema.org\",\"@graph\":[{\"@type\":\"NewsArticle\",\"@id\":\"https:\/\/www.gaveanews.com\/index.php\/2025\/01\/10\/recado-de-boto-volta-de-leo-duarte-ao-brasil-e-david-luiz-no-fortaleza-as-ultimas-noticias-do-flamengo\/#article\",\"isPartOf\":{\"@id\":\"https:\/\/www.gaveanews.com\/index.php\/2025\/01\/10\/recado-de-boto-volta-de-leo-duarte-ao-brasil-e-david-luiz-no-fortaleza-as-ultimas-noticias-do-flamengo\/\"},\"author\":{\"name\":\"Matheus Felipe\",\"@id\":\"https:\/\/www.gaveanews.com\/#\/schema\/person\/8207cd4627f56151707418bfc835b2fb\"},\"headline\":\"Recado de Boto, volta de L\u00e9o Duarte ao Brasil e David Luiz no Fortaleza: as \u00faltimas not\u00edcias do Flamengo\",\"datePublished\":\"2025-01-10T08:00:00+00:00\",\"mainEntityOfPage\":{\"@id\":\"https:\/\/www.gaveanews.com\/index.php\/2025\/01\/10\/recado-de-boto-volta-de-leo-duarte-ao-brasil-e-david-luiz-no-fortaleza-as-ultimas-noticias-do-flamengo\/\"},\"wordCount\":695,\"commentCount\":0,\"image\":{\"@id\":\"https:\/\/www.gaveanews.com\/index.php\/2025\/01\/10\/recado-de-boto-volta-de-leo-duarte-ao-brasil-e-david-luiz-no-fortaleza-as-ultimas-noticias-do-flamengo\/#primaryimage\"},\"thumbnailUrl\":\"https:\/\/www.gaveanews.com\/wp-content\/uploads\/escudoDoFlamengo.webp\",\"articleSection\":[\"Flamengo\"],\"inLanguage\":\"pt-BR\",\"potentialAction\":[{\"@type\":\"CommentAction\",\"name\":\"Comment\",\"target\":[\"https:\/\/www.gaveanews.com\/index.php\/2025\/01\/10\/recado-de-boto-volta-de-leo-duarte-ao-brasil-e-david-luiz-no-fortaleza-as-ultimas-noticias-do-flamengo\/#respond\"]}],\"copyrightYear\":\"2025\",\"copyrightHolder\":{\"@id\":\"https:\/\/www.gaveanews.com\/#organization\"}},{\"@type\":\"WebPage\",\"@id\":\"https:\/\/www.gaveanews.com\/index.php\/2025\/01\/10\/recado-de-boto-volta-de-leo-duarte-ao-brasil-e-david-luiz-no-fortaleza-as-ultimas-noticias-do-flamengo\/\",\"url\":\"https:\/\/www.gaveanews.com\/index.php\/2025\/01\/10\/recado-de-boto-volta-de-leo-duarte-ao-brasil-e-david-luiz-no-fortaleza-as-ultimas-noticias-do-flamengo\/\",\"name\":\"Recado de Boto, volta de L\u00e9o Duarte ao Brasil e David Luiz no Fortaleza: as \u00faltimas not\u00edcias do Flamengo\",\"isPartOf\":{\"@id\":\"https:\/\/www.gaveanews.com\/#website\"},\"primaryImageOfPage\":{\"@id\":\"https:\/\/www.gaveanews.com\/index.php\/2025\/01\/10\/recado-de-boto-volta-de-leo-duarte-ao-brasil-e-david-luiz-no-fortaleza-as-ultimas-noticias-do-flamengo\/#primaryimage\"},\"image\":{\"@id\":\"https:\/\/www.gaveanews.com\/index.php\/2025\/01\/10\/recado-de-boto-volta-de-leo-duarte-ao-brasil-e-david-luiz-no-fortaleza-as-ultimas-noticias-do-flamengo\/#primaryimage\"},\"thumbnailUrl\":\"https:\/\/www.gaveanews.com\/wp-content\/uploads\/escudoDoFlamengo.webp\",\"datePublished\":\"2025-01-10T08:00:00+00:00\",\"author\":{\"@id\":\"https:\/\/www.gaveanews.com\/#\/schema\/person\/8207cd4627f56151707418bfc835b2fb\"},\"breadcrumb\":{\"@id\":\"https:\/\/www.gaveanews.com\/index.php\/2025\/01\/10\/recado-de-boto-volta-de-leo-duarte-ao-brasil-e-david-luiz-no-fortaleza-as-ultimas-noticias-do-flamengo\/#breadcrumb\"},\"inLanguage\":\"pt-BR\",\"potentialAction\":[{\"@type\":\"ReadAction\",\"target\":[\"https:\/\/www.gaveanews.com\/index.php\/2025\/01\/10\/recado-de-boto-volta-de-leo-duarte-ao-brasil-e-david-luiz-no-fortaleza-as-ultimas-noticias-do-flamengo\/\"]}]},{\"@type\":\"ImageObject\",\"inLanguage\":\"pt-BR\",\"@id\":\"https:\/\/www.gaveanews.com\/index.php\/2025\/01\/10\/recado-de-boto-volta-de-leo-duarte-ao-brasil-e-david-luiz-no-fortaleza-as-ultimas-noticias-do-flamengo\/#primaryimage\",\"url\":\"https:\/\/www.gaveanews.com\/wp-content\/uploads\/escudoDoFlamengo.webp\",\"contentUrl\":\"https:\/\/www.gaveanews.com\/wp-content\/uploads\/escudoDoFlamengo.webp\",\"width\":1095,\"height\":730,\"caption\":\"Centro de treinamento do Flamengo (Foto: Reprodu\u00e7\u00e3o)\"},{\"@type\":\"BreadcrumbList\",\"@id\":\"https:\/\/www.gaveanews.com\/index.php\/2025\/01\/10\/recado-de-boto-volta-de-leo-duarte-ao-brasil-e-david-luiz-no-fortaleza-as-ultimas-noticias-do-flamengo\/#breadcrumb\",\"itemListElement\":[{\"@type\":\"ListItem\",\"position\":1,\"name\":\"Home\",\"item\":\"https:\/\/www.gaveanews.com\/\"},{\"@type\":\"ListItem\",\"position\":2,\"name\":\"Recado de Boto, volta de L\u00e9o Duarte ao Brasil e David Luiz no Fortaleza: as \u00faltimas not\u00edcias do Flamengo\"}]},{\"@type\":\"WebSite\",\"@id\":\"https:\/\/www.gaveanews.com\/#website\",\"url\":\"https:\/\/www.gaveanews.com\/\",\"name\":\"G\u00e1vea News\",\"description\":\"Veja todas as not\u00edcias sobre o Flamengo: Contrata\u00e7\u00f5es, categorias de base, resultados das partidas, tabela de classifica\u00e7\u00e3o, pr\u00f3ximos jogos!\",\"potentialAction\":[{\"@type\":\"SearchAction\",\"target\":{\"@type\":\"EntryPoint\",\"urlTemplate\":\"https:\/\/www.gaveanews.com\/?s={search_term_string}\"},\"query-input\":{\"@type\":\"PropertyValueSpecification\",\"valueRequired\":true,\"valueName\":\"search_term_string\"}}],\"inLanguage\":\"pt-BR\"},{\"@type\":\"Person\",\"@id\":\"https:\/\/www.gaveanews.com\/#\/schema\/person\/8207cd4627f56151707418bfc835b2fb\",\"name\":\"Matheus Felipe\",\"image\":{\"@type\":\"ImageObject\",\"inLanguage\":\"pt-BR\",\"@id\":\"https:\/\/www.gaveanews.com\/#\/schema\/person\/image\/\",\"url\":\"https:\/\/secure.gravatar.com\/avatar\/a452ffbed9130f726358b298bb3a99ce4bd3c5338411f8440e87e14d74c7c087?s=96&d=mm&r=g\",\"contentUrl\":\"https:\/\/secure.gravatar.com\/avatar\/a452ffbed9130f726358b298bb3a99ce4bd3c5338411f8440e87e14d74c7c087?s=96&d=mm&r=g\",\"caption\":\"Matheus Felipe\"}}]}<\/script>\n<!-- \/ Yoast SEO Premium plugin. -->","yoast_head_json":{"title":"Recado de Boto, volta de L\u00e9o Duarte ao Brasil e David Luiz no Fortaleza: as \u00faltimas not\u00edcias do Flamengo","robots":{"index":"index","follow":"follow","max-snippet":"max-snippet:-1","max-image-preview":"max-image-preview:large","max-video-preview":"max-video-preview:-1"},"canonical":"https:\/\/www.gaveanews.com\/index.php\/2025\/01\/10\/recado-de-boto-volta-de-leo-duarte-ao-brasil-e-david-luiz-no-fortaleza-as-ultimas-noticias-do-flamengo\/","og_locale":"pt_BR","og_type":"article","og_title":"Recado de Boto, volta de L\u00e9o Duarte ao Brasil e David Luiz no Fortaleza: as \u00faltimas not\u00edcias do Flamengo","og_description":"Nas \u00faltimas horas, o foco das not\u00edcias sobre o Flamengo se concentram nos bastidores do clube, com destaques do dia a dia do time. Por conta deste contexto, leia abaixo um resumo preparado pela equipe do portal G\u00e1vea News para lhe manter muito bem informado! David Luiz no Flamengo David Luiz est\u00e1 pr\u00f3ximo de definir [&hellip;]","og_url":"https:\/\/www.gaveanews.com\/index.php\/2025\/01\/10\/recado-de-boto-volta-de-leo-duarte-ao-brasil-e-david-luiz-no-fortaleza-as-ultimas-noticias-do-flamengo\/","og_site_name":"G\u00e1vea News","article_publisher":"https:\/\/facebook.com\/gaveaNews\/","article_published_time":"2025-01-10T08:00:00+00:00","og_image":[{"width":1095,"height":730,"url":"https:\/\/www.gaveanews.com\/wp-content\/uploads\/escudoDoFlamengo.webp","type":"image\/webp"}],"author":"Matheus Felipe","twitter_card":"summary_large_image","twitter_misc":{"Escrito por":"Matheus Felipe","Est. tempo de leitura":"5 minutos"},"schema":{"@context":"https:\/\/schema.org","@graph":[{"@type":"NewsArticle","@id":"https:\/\/www.gaveanews.com\/index.php\/2025\/01\/10\/recado-de-boto-volta-de-leo-duarte-ao-brasil-e-david-luiz-no-fortaleza-as-ultimas-noticias-do-flamengo\/#article","isPartOf":{"@id":"https:\/\/www.gaveanews.com\/index.php\/2025\/01\/10\/recado-de-boto-volta-de-leo-duarte-ao-brasil-e-david-luiz-no-fortaleza-as-ultimas-noticias-do-flamengo\/"},"author":{"name":"Matheus Felipe","@id":"https:\/\/www.gaveanews.com\/#\/schema\/person\/8207cd4627f56151707418bfc835b2fb"},"headline":"Recado de Boto, volta de L\u00e9o Duarte ao Brasil e David Luiz no Fortaleza: as \u00faltimas not\u00edcias do Flamengo","datePublished":"2025-01-10T08:00:00+00:00","mainEntityOfPage":{"@id":"https:\/\/www.gaveanews.com\/index.php\/2025\/01\/10\/recado-de-boto-volta-de-leo-duarte-ao-brasil-e-david-luiz-no-fortaleza-as-ultimas-noticias-do-flamengo\/"},"wordCount":695,"commentCount":0,"image":{"@id":"https:\/\/www.gaveanews.com\/index.php\/2025\/01\/10\/recado-de-boto-volta-de-leo-duarte-ao-brasil-e-david-luiz-no-fortaleza-as-ultimas-noticias-do-flamengo\/#primaryimage"},"thumbnailUrl":"https:\/\/www.gaveanews.com\/wp-content\/uploads\/escudoDoFlamengo.webp","articleSection":["Flamengo"],"inLanguage":"pt-BR","potentialAction":[{"@type":"CommentAction","name":"Comment","target":["https:\/\/www.gaveanews.com\/index.php\/2025\/01\/10\/recado-de-boto-volta-de-leo-duarte-ao-brasil-e-david-luiz-no-fortaleza-as-ultimas-noticias-do-flamengo\/#respond"]}],"copyrightYear":"2025","copyrightHolder":{"@id":"https:\/\/www.gaveanews.com\/#organization"}},{"@type":"WebPage","@id":"https:\/\/www.gaveanews.com\/index.php\/2025\/01\/10\/recado-de-boto-volta-de-leo-duarte-ao-brasil-e-david-luiz-no-fortaleza-as-ultimas-noticias-do-flamengo\/","url":"https:\/\/www.gaveanews.com\/index.php\/2025\/01\/10\/recado-de-boto-volta-de-leo-duarte-ao-brasil-e-david-luiz-no-fortaleza-as-ultimas-noticias-do-flamengo\/","name":"Recado de Boto, volta de L\u00e9o Duarte ao Brasil e David Luiz no Fortaleza: as \u00faltimas not\u00edcias do Flamengo","isPartOf":{"@id":"https:\/\/www.gaveanews.com\/#website"},"primaryImageOfPage":{"@id":"https:\/\/www.gaveanews.com\/index.php\/2025\/01\/10\/recado-de-boto-volta-de-leo-duarte-ao-brasil-e-david-luiz-no-fortaleza-as-ultimas-noticias-do-flamengo\/#primaryimage"},"image":{"@id":"https:\/\/www.gaveanews.com\/index.php\/2025\/01\/10\/recado-de-boto-volta-de-leo-duarte-ao-brasil-e-david-luiz-no-fortaleza-as-ultimas-noticias-do-flamengo\/#primaryimage"},"thumbnailUrl":"https:\/\/www.gaveanews.com\/wp-content\/uploads\/escudoDoFlamengo.webp","datePublished":"2025-01-10T08:00:00+00:00","author":{"@id":"https:\/\/www.gaveanews.com\/#\/schema\/person\/8207cd4627f56151707418bfc835b2fb"},"breadcrumb":{"@id":"https:\/\/www.gaveanews.com\/index.php\/2025\/01\/10\/recado-de-boto-volta-de-leo-duarte-ao-brasil-e-david-luiz-no-fortaleza-as-ultimas-noticias-do-flamengo\/#breadcrumb"},"inLanguage":"pt-BR","potentialAction":[{"@type":"ReadAction","target":["https:\/\/www.gaveanews.com\/index.php\/2025\/01\/10\/recado-de-boto-volta-de-leo-duarte-ao-brasil-e-david-luiz-no-fortaleza-as-ultimas-noticias-do-flamengo\/"]}]},{"@type":"ImageObject","inLanguage":"pt-BR","@id":"https:\/\/www.gaveanews.com\/index.php\/2025\/01\/10\/recado-de-boto-volta-de-leo-duarte-ao-brasil-e-david-luiz-no-fortaleza-as-ultimas-noticias-do-flamengo\/#primaryimage","url":"https:\/\/www.gaveanews.com\/wp-content\/uploads\/escudoDoFlamengo.webp","contentUrl":"https:\/\/www.gaveanews.com\/wp-content\/uploads\/escudoDoFlamengo.webp","width":1095,"height":730,"caption":"Centro de treinamento do Flamengo (Foto: Reprodu\u00e7\u00e3o)"},{"@type":"BreadcrumbList","@id":"https:\/\/www.gaveanews.com\/index.php\/2025\/01\/10\/recado-de-boto-volta-de-leo-duarte-ao-brasil-e-david-luiz-no-fortaleza-as-ultimas-noticias-do-flamengo\/#breadcrumb","itemListElement":[{"@type":"ListItem","position":1,"name":"Home","item":"https:\/\/www.gaveanews.com\/"},{"@type":"ListItem","position":2,"name":"Recado de Boto, volta de L\u00e9o Duarte ao Brasil e David Luiz no Fortaleza: as \u00faltimas not\u00edcias do Flamengo"}]},{"@type":"WebSite","@id":"https:\/\/www.gaveanews.com\/#website","url":"https:\/\/www.gaveanews.com\/","name":"G\u00e1vea News","description":"Veja todas as not\u00edcias sobre o Flamengo: Contrata\u00e7\u00f5es, categorias de base, resultados das partidas, tabela de classifica\u00e7\u00e3o, pr\u00f3ximos jogos!","potentialAction":[{"@type":"SearchAction","target":{"@type":"EntryPoint","urlTemplate":"https:\/\/www.gaveanews.com\/?s={search_term_string}"},"query-input":{"@type":"PropertyValueSpecification","valueRequired":true,"valueName":"search_term_string"}}],"inLanguage":"pt-BR"},{"@type":"Person","@id":"https:\/\/www.gaveanews.com\/#\/schema\/person\/8207cd4627f56151707418bfc835b2fb","name":"Matheus Felipe","image":{"@type":"ImageObject","inLanguage":"pt-BR","@id":"https:\/\/www.gaveanews.com\/#\/schema\/person\/image\/","url":"https:\/\/secure.gravatar.com\/avatar\/a452ffbed9130f726358b298bb3a99ce4bd3c5338411f8440e87e14d74c7c087?s=96&d=mm&r=g","contentUrl":"https:\/\/secure.gravatar.com\/avatar\/a452ffbed9130f726358b298bb3a99ce4bd3c5338411f8440e87e14d74c7c087?s=96&d=mm&r=g","caption":"Matheus Felipe"}}]}},"_links":{"self":[{"href":"https:\/\/www.gaveanews.com\/index.php\/wp-json\/wp\/v2\/posts\/210407","targetHints":{"allow":["GET"]}}],"collection":[{"href":"https:\/\/www.gaveanews.com\/index.php\/wp-json\/wp\/v2\/posts"}],"about":[{"href":"https:\/\/www.gaveanews.com\/index.php\/wp-json\/wp\/v2\/types\/post"}],"author":[{"embeddable":true,"href":"https:\/\/www.gaveanews.com\/index.php\/wp-json\/wp\/v2\/users\/27"}],"replies":[{"embeddable":true,"href":"https:\/\/www.gaveanews.com\/index.php\/wp-json\/wp\/v2\/comments?post=210407"}],"version-history":[{"count":1,"href":"https:\/\/www.gaveanews.com\/index.php\/wp-json\/wp\/v2\/posts\/210407\/revisions"}],"predecessor-version":[{"id":210410,"href":"https:\/\/www.gaveanews.com\/index.php\/wp-json\/wp\/v2\/posts\/210407\/revisions\/210410"}],"wp:featuredmedia":[{"embeddable":true,"href":"https:\/\/www.gaveanews.com\/index.php\/wp-json\/wp\/v2\/media\/124684"}],"wp:attachment":[{"href":"https:\/\/www.gaveanews.com\/index.php\/wp-json\/wp\/v2\/media?parent=210407"}],"wp:term":[{"taxonomy":"category","embeddable":true,"href":"https:\/\/www.gaveanews.com\/index.php\/wp-json\/wp\/v2\/categories?post=210407"},{"taxonomy":"post_tag","embeddable":true,"href":"https:\/\/www.gaveanews.com\/index.php\/wp-json\/wp\/v2\/tags?post=210407"}],"curies":[{"name":"wp","href":"https:\/\/api.w.org\/{rel}","templated":true}]}}