{"id":210411,"date":"2025-01-10T04:05:00","date_gmt":"2025-01-10T07:05:00","guid":{"rendered":"https:\/\/www.gaveanews.com\/?p=210411"},"modified":"2025-01-09T19:32:04","modified_gmt":"2025-01-09T22:32:04","slug":"metas-para-2025-declaracao-de-cuca-e-conclusao-de-contratacao-as-ultimas-noticias-do-atletico-mg","status":"publish","type":"post","link":"https:\/\/www.gaveanews.com\/index.php\/2025\/01\/10\/metas-para-2025-declaracao-de-cuca-e-conclusao-de-contratacao-as-ultimas-noticias-do-atletico-mg\/","title":{"rendered":"Metas para 2025, declara\u00e7\u00e3o de Cuca e conclus\u00e3o de contrata\u00e7\u00e3o: as \u00faltimas not\u00edcias do Atl\u00e9tico-MG"},"content":{"rendered":"\n<p>Nas \u00faltimas horas, o foco das not\u00edcias sobre Atl\u00e9tico-MG se concentram nos bastidores do<br>clube, com destaques do dia a dia do time.<\/p>\n\n\n\n<p>Por conta deste contexto, leia abaixo um resumo preparado pela equipe do portal G\u00e1vea News para lhe manter muito bem informado!<\/p>\n\n\n\n<h2 class=\"wp-block-heading\" id=\"h-conclusao-de-contratacao\">Conclus\u00e3o de contrata\u00e7\u00e3o<\/h2>\n\n\n\n<p>O Atl\u00e9tico Mineiro busca refor\u00e7ar sua gest\u00e3o com a contrata\u00e7\u00e3o de um novo CEO de futebol, cargo que tamb\u00e9m ser\u00e1 respons\u00e1vel por a\u00e7\u00f5es interdisciplinares nas categorias masculina e feminina. Entre os nomes avaliados pela diretoria est\u00e1 Andr\u00e9 Zanotta, atualmente no Dallas FC, da MLS, com conversas ainda em fase inicial. A ideia \u00e9 que Zanotta atue em parceria com Victor Bagy, diretor de futebol do clube <strong><a href=\"https:\/\/www.gaveanews.com\/index.php\/2025\/01\/09\/atletico-mg-tenta-concluir-nova-contratacao\/\">(leia a mat\u00e9ria completa).<\/a><\/strong><\/p>\n\n\n\n<figure class=\"wp-block-image size-full\"><img loading=\"lazy\" decoding=\"async\" width=\"640\" height=\"960\" src=\"https:\/\/www.gaveanews.com\/wp-content\/uploads\/Bandeira-dos-EUA.webp\" alt=\"\" class=\"wp-image-209722\" srcset=\"https:\/\/www.gaveanews.com\/wp-content\/uploads\/Bandeira-dos-EUA.webp 640w, https:\/\/www.gaveanews.com\/wp-content\/uploads\/Bandeira-dos-EUA-200x300.webp 200w, https:\/\/www.gaveanews.com\/wp-content\/uploads\/Bandeira-dos-EUA-280x420.webp 280w, https:\/\/www.gaveanews.com\/wp-content\/uploads\/Bandeira-dos-EUA-560x840.webp 560w, https:\/\/www.gaveanews.com\/wp-content\/uploads\/Bandeira-dos-EUA-100x150.webp 100w\" sizes=\"auto, (max-width: 640px) 100vw, 640px\" \/><figcaption class=\"wp-element-caption\">Bandeira dos EUA (Foto: Connor McManus\/Pexels)<\/figcaption><\/figure>\n\n\n\n<p>Com experi\u00eancia not\u00e1vel no futebol brasileiro, Zanotta j\u00e1 foi diretor esportivo do Santos e executivo no Gr\u00eamio, onde participou das conquistas da Libertadores de 2017 e da Recopa em 2018. <\/p>\n\n\n\n<p>Al\u00e9m disso, comandou o departamento de futebol do Sport, entre 2015 e 2016, e atualmente vem realizando um trabalho satisfat\u00f3rio nos Estados Unidos, o que atrai o interesse do Atl\u00e9tico.<\/p>\n\n\n\n<p>O Atl\u00e9tico Mineiro, atual pentacampe\u00e3o do Campeonato Mineiro, inicia a temporada enfrentando o Aymor\u00e9s. Ap\u00f3s uma campanha vitoriosa em 2024, o Galo busca n\u00e3o apenas manter sua hegemonia estadual, mas tamb\u00e9m fortalecer sua estrutura organizacional com contrata\u00e7\u00f5es estrat\u00e9gicas fora das quatro linhas.<\/p>\n\n\n\n<h2 class=\"wp-block-heading\" id=\"h-declaracao-de-cuca\">Declara\u00e7\u00e3o de Cuca<\/h2>\n\n\n\n<p>O t\u00e9cnico Cuca retornou ao Atl\u00e9tico-MG com o objetivo de liderar um time competitivo em todas as frentes. Em sua primeira entrevista \u00e0 GaloTV, destacou a necessidade de manter um elenco balanceado, com duas op\u00e7\u00f5es por posi\u00e7\u00e3o e a integra\u00e7\u00e3o de talentos da base. Ele tamb\u00e9m revelou o apoio da diretoria para fortalecer o grupo e assegurou que a equipe buscar\u00e1 t\u00edtulos em todas as competi\u00e7\u00f5es de 2025, sem priorizar nenhuma em espec\u00edfico<strong><a href=\"https:\/\/www.gaveanews.com\/index.php\/2025\/01\/09\/atletico-mg-cuca-revela-qual-competicao-ira-priorizar-em-2025\/\"> (leia a mat\u00e9ria completa).<\/a><\/strong><\/p>\n\n\n\n<figure class=\"wp-block-image size-full\"><img loading=\"lazy\" decoding=\"async\" width=\"1024\" height=\"683\" src=\"https:\/\/www.gaveanews.com\/wp-content\/uploads\/Cuca-tecnico-do-Atletico-MG.webp\" alt=\"\" class=\"wp-image-68026\" srcset=\"https:\/\/www.gaveanews.com\/wp-content\/uploads\/Cuca-tecnico-do-Atletico-MG.webp 1024w, https:\/\/www.gaveanews.com\/wp-content\/uploads\/Cuca-tecnico-do-Atletico-MG-300x200.webp 300w, https:\/\/www.gaveanews.com\/wp-content\/uploads\/Cuca-tecnico-do-Atletico-MG-768x512.webp 768w, https:\/\/www.gaveanews.com\/wp-content\/uploads\/Cuca-tecnico-do-Atletico-MG-630x420.webp 630w, https:\/\/www.gaveanews.com\/wp-content\/uploads\/Cuca-tecnico-do-Atletico-MG-640x427.webp 640w, https:\/\/www.gaveanews.com\/wp-content\/uploads\/Cuca-tecnico-do-Atletico-MG-681x454.webp 681w, https:\/\/www.gaveanews.com\/wp-content\/uploads\/Cuca-tecnico-do-Atletico-MG-1022x683.webp 1022w, https:\/\/www.gaveanews.com\/wp-content\/uploads\/Cuca-tecnico-do-Atletico-MG-100x67.webp 100w\" sizes=\"auto, (max-width: 1024px) 100vw, 1024px\" \/><figcaption class=\"wp-element-caption\">Cuca como treinador do Atl\u00e9tico-MG (Foto: Bruno Cantini\/Atl\u00e9tico-MG)<\/figcaption><\/figure>\n\n\n\n<p>Cuca enfatizou a import\u00e2ncia de evitar um rod\u00edzio excessivo, garantindo ritmo de jogo aos titulares. O treinador destacou que a sinergia entre comiss\u00e3o t\u00e9cnica, diretoria e jogadores ser\u00e1 essencial para alcan\u00e7ar os objetivos da temporada. Nesse sentido, refor\u00e7os j\u00e1 est\u00e3o sendo planejados, buscando aprimorar a qualidade e a versatilidade do elenco.<\/p>\n\n\n\n<p>Com um calend\u00e1rio exigente, o Atl\u00e9tico-MG se prepara para enfrentar desafios como les\u00f5es e suspens\u00f5es, e Cuca aposta na competitividade interna para superar esses obst\u00e1culos. Ele acredita que a diversidade de op\u00e7\u00f5es no elenco ser\u00e1 um diferencial, proporcionando uma performance consistente ao longo do ano.<\/p>\n\n\n\n<h2 class=\"wp-block-heading\" id=\"h-metas-para-2025\">Metas para 2025<\/h2>\n\n\n\n<p>O Atl\u00e9tico Mineiro iniciou sua pr\u00e9-temporada e estabeleceu metas claras para 2025. Entre os objetivos, est\u00e3o chegar \u00e0 semifinal da Copa Sul-Americana, alcan\u00e7ar as quartas de final da Copa do Brasil e ficar, pelo menos, na sexta posi\u00e7\u00e3o do Campeonato Brasileiro, metas alinhadas \u00e0s proje\u00e7\u00f5es or\u00e7ament\u00e1rias do clube<strong>.<\/strong><\/p>\n\n\n\n<figure class=\"wp-block-image size-large\"><img loading=\"lazy\" decoding=\"async\" width=\"1024\" height=\"683\" src=\"https:\/\/www.gaveanews.com\/wp-content\/uploads\/Torcida-do-Atletico-MG-1024x683.webp\" alt=\"\" class=\"wp-image-150828\" srcset=\"https:\/\/www.gaveanews.com\/wp-content\/uploads\/Torcida-do-Atletico-MG-1024x683.webp 1024w, https:\/\/www.gaveanews.com\/wp-content\/uploads\/Torcida-do-Atletico-MG-300x200.webp 300w, https:\/\/www.gaveanews.com\/wp-content\/uploads\/Torcida-do-Atletico-MG-768x512.webp 768w, https:\/\/www.gaveanews.com\/wp-content\/uploads\/Torcida-do-Atletico-MG-630x420.webp 630w, https:\/\/www.gaveanews.com\/wp-content\/uploads\/Torcida-do-Atletico-MG-640x427.webp 640w, https:\/\/www.gaveanews.com\/wp-content\/uploads\/Torcida-do-Atletico-MG-681x454.webp 681w, https:\/\/www.gaveanews.com\/wp-content\/uploads\/Torcida-do-Atletico-MG-100x67.webp 100w, https:\/\/www.gaveanews.com\/wp-content\/uploads\/Torcida-do-Atletico-MG.webp 1066w\" sizes=\"auto, (max-width: 1024px) 100vw, 1024px\" \/><figcaption class=\"wp-element-caption\">Torcida do Atl\u00e9tico-MG (Foto: Reprodu\u00e7\u00e3o\/Instagram)<\/figcaption><\/figure>\n\n\n\n<p>O desempenho abaixo do esperado em 2024, com a aus\u00eancia na Libertadores e derrotas nas finais da Copa do Brasil e Sul-Americana, influenciou o planejamento. O elenco j\u00e1 conta com refor\u00e7os como Gabriel Menino e Patryck, enquanto jogadores como Paulinho e Eduardo Vargas foram dispensados. O treinador Cuca destacou que est\u00e1 trabalhando em parceria com a diretoria para montar uma equipe ainda mais competitiva.<\/p>\n\n\n\n<p>Com um grupo refor\u00e7ado e novos objetivos, o Galo busca deixar para tr\u00e1s os resultados decepcionantes do \u00faltimo ano e retomar o protagonismo nas competi\u00e7\u00f5es. A diretoria mant\u00e9m o foco em uma gest\u00e3o eficiente e na melhoria cont\u00ednua do plantel, visando atender \u00e0s expectativas dos torcedores e cumprir suas metas esportivas e financeiras.<\/p>\n","protected":false},"excerpt":{"rendered":"<p>Nas \u00faltimas horas, o foco das not\u00edcias sobre Atl\u00e9tico-MG se concentram nos bastidores doclube, com destaques do dia a dia do time. Por conta deste contexto, leia abaixo um resumo preparado pela equipe do portal G\u00e1vea News para lhe manter muito bem informado! Conclus\u00e3o de contrata\u00e7\u00e3o O Atl\u00e9tico Mineiro busca refor\u00e7ar sua gest\u00e3o com a [&hellip;]<\/p>\n","protected":false},"author":27,"featured_media":157061,"comment_status":"open","ping_status":"closed","sticky":false,"template":"","format":"standard","meta":{"footnotes":""},"categories":[136],"tags":[],"class_list":["post-210411","post","type-post","status-publish","format-standard","has-post-thumbnail","hentry","category-atletico-mg"],"yoast_head":"<!-- This site is optimized with the Yoast SEO Premium plugin v24.2 (Yoast SEO v26.9) - https:\/\/yoast.com\/product\/yoast-seo-premium-wordpress\/ -->\n<title>Metas para 2025, declara\u00e7\u00e3o de Cuca e conclus\u00e3o de contrata\u00e7\u00e3o: as \u00faltimas not\u00edcias do Atl\u00e9tico-MG<\/title>\n<meta name=\"robots\" content=\"index, follow, max-snippet:-1, max-image-preview:large, max-video-preview:-1\" \/>\n<link rel=\"canonical\" href=\"https:\/\/www.gaveanews.com\/index.php\/2025\/01\/10\/metas-para-2025-declaracao-de-cuca-e-conclusao-de-contratacao-as-ultimas-noticias-do-atletico-mg\/\" \/>\n<meta property=\"og:locale\" content=\"pt_BR\" \/>\n<meta property=\"og:type\" content=\"article\" \/>\n<meta property=\"og:title\" content=\"Metas para 2025, declara\u00e7\u00e3o de Cuca e conclus\u00e3o de contrata\u00e7\u00e3o: as \u00faltimas not\u00edcias do Atl\u00e9tico-MG\" \/>\n<meta property=\"og:description\" content=\"Nas \u00faltimas horas, o foco das not\u00edcias sobre Atl\u00e9tico-MG se concentram nos bastidores doclube, com destaques do dia a dia do time. Por conta deste contexto, leia abaixo um resumo preparado pela equipe do portal G\u00e1vea News para lhe manter muito bem informado! Conclus\u00e3o de contrata\u00e7\u00e3o O Atl\u00e9tico Mineiro busca refor\u00e7ar sua gest\u00e3o com a [&hellip;]\" \/>\n<meta property=\"og:url\" content=\"https:\/\/www.gaveanews.com\/index.php\/2025\/01\/10\/metas-para-2025-declaracao-de-cuca-e-conclusao-de-contratacao-as-ultimas-noticias-do-atletico-mg\/\" \/>\n<meta property=\"og:site_name\" content=\"G\u00e1vea News\" \/>\n<meta property=\"article:publisher\" content=\"https:\/\/facebook.com\/gaveaNews\/\" \/>\n<meta property=\"article:published_time\" content=\"2025-01-10T07:05:00+00:00\" \/>\n<meta property=\"og:image\" content=\"https:\/\/www.gaveanews.com\/wp-content\/uploads\/Camisa-do-Atletico-MG.webp\" \/>\n\t<meta property=\"og:image:width\" content=\"1080\" \/>\n\t<meta property=\"og:image:height\" content=\"720\" \/>\n\t<meta property=\"og:image:type\" content=\"image\/webp\" \/>\n<meta name=\"author\" content=\"Matheus Felipe\" \/>\n<meta name=\"twitter:card\" content=\"summary_large_image\" \/>\n<meta name=\"twitter:label1\" content=\"Escrito por\" \/>\n\t<meta name=\"twitter:data1\" content=\"Matheus Felipe\" \/>\n\t<meta name=\"twitter:label2\" content=\"Est. tempo de leitura\" \/>\n\t<meta name=\"twitter:data2\" content=\"5 minutos\" \/>\n<script type=\"application\/ld+json\" class=\"yoast-schema-graph\">{\"@context\":\"https:\/\/schema.org\",\"@graph\":[{\"@type\":\"NewsArticle\",\"@id\":\"https:\/\/www.gaveanews.com\/index.php\/2025\/01\/10\/metas-para-2025-declaracao-de-cuca-e-conclusao-de-contratacao-as-ultimas-noticias-do-atletico-mg\/#article\",\"isPartOf\":{\"@id\":\"https:\/\/www.gaveanews.com\/index.php\/2025\/01\/10\/metas-para-2025-declaracao-de-cuca-e-conclusao-de-contratacao-as-ultimas-noticias-do-atletico-mg\/\"},\"author\":{\"name\":\"Matheus Felipe\",\"@id\":\"https:\/\/www.gaveanews.com\/#\/schema\/person\/8207cd4627f56151707418bfc835b2fb\"},\"headline\":\"Metas para 2025, declara\u00e7\u00e3o de Cuca e conclus\u00e3o de contrata\u00e7\u00e3o: as \u00faltimas not\u00edcias do Atl\u00e9tico-MG\",\"datePublished\":\"2025-01-10T07:05:00+00:00\",\"mainEntityOfPage\":{\"@id\":\"https:\/\/www.gaveanews.com\/index.php\/2025\/01\/10\/metas-para-2025-declaracao-de-cuca-e-conclusao-de-contratacao-as-ultimas-noticias-do-atletico-mg\/\"},\"wordCount\":662,\"commentCount\":0,\"image\":{\"@id\":\"https:\/\/www.gaveanews.com\/index.php\/2025\/01\/10\/metas-para-2025-declaracao-de-cuca-e-conclusao-de-contratacao-as-ultimas-noticias-do-atletico-mg\/#primaryimage\"},\"thumbnailUrl\":\"https:\/\/www.gaveanews.com\/wp-content\/uploads\/Camisa-do-Atletico-MG.webp\",\"articleSection\":[\"Atl\u00e9tico-MG\"],\"inLanguage\":\"pt-BR\",\"potentialAction\":[{\"@type\":\"CommentAction\",\"name\":\"Comment\",\"target\":[\"https:\/\/www.gaveanews.com\/index.php\/2025\/01\/10\/metas-para-2025-declaracao-de-cuca-e-conclusao-de-contratacao-as-ultimas-noticias-do-atletico-mg\/#respond\"]}],\"copyrightYear\":\"2025\",\"copyrightHolder\":{\"@id\":\"https:\/\/www.gaveanews.com\/#organization\"}},{\"@type\":\"WebPage\",\"@id\":\"https:\/\/www.gaveanews.com\/index.php\/2025\/01\/10\/metas-para-2025-declaracao-de-cuca-e-conclusao-de-contratacao-as-ultimas-noticias-do-atletico-mg\/\",\"url\":\"https:\/\/www.gaveanews.com\/index.php\/2025\/01\/10\/metas-para-2025-declaracao-de-cuca-e-conclusao-de-contratacao-as-ultimas-noticias-do-atletico-mg\/\",\"name\":\"Metas para 2025, declara\u00e7\u00e3o de Cuca e conclus\u00e3o de contrata\u00e7\u00e3o: as \u00faltimas not\u00edcias do Atl\u00e9tico-MG\",\"isPartOf\":{\"@id\":\"https:\/\/www.gaveanews.com\/#website\"},\"primaryImageOfPage\":{\"@id\":\"https:\/\/www.gaveanews.com\/index.php\/2025\/01\/10\/metas-para-2025-declaracao-de-cuca-e-conclusao-de-contratacao-as-ultimas-noticias-do-atletico-mg\/#primaryimage\"},\"image\":{\"@id\":\"https:\/\/www.gaveanews.com\/index.php\/2025\/01\/10\/metas-para-2025-declaracao-de-cuca-e-conclusao-de-contratacao-as-ultimas-noticias-do-atletico-mg\/#primaryimage\"},\"thumbnailUrl\":\"https:\/\/www.gaveanews.com\/wp-content\/uploads\/Camisa-do-Atletico-MG.webp\",\"datePublished\":\"2025-01-10T07:05:00+00:00\",\"author\":{\"@id\":\"https:\/\/www.gaveanews.com\/#\/schema\/person\/8207cd4627f56151707418bfc835b2fb\"},\"breadcrumb\":{\"@id\":\"https:\/\/www.gaveanews.com\/index.php\/2025\/01\/10\/metas-para-2025-declaracao-de-cuca-e-conclusao-de-contratacao-as-ultimas-noticias-do-atletico-mg\/#breadcrumb\"},\"inLanguage\":\"pt-BR\",\"potentialAction\":[{\"@type\":\"ReadAction\",\"target\":[\"https:\/\/www.gaveanews.com\/index.php\/2025\/01\/10\/metas-para-2025-declaracao-de-cuca-e-conclusao-de-contratacao-as-ultimas-noticias-do-atletico-mg\/\"]}]},{\"@type\":\"ImageObject\",\"inLanguage\":\"pt-BR\",\"@id\":\"https:\/\/www.gaveanews.com\/index.php\/2025\/01\/10\/metas-para-2025-declaracao-de-cuca-e-conclusao-de-contratacao-as-ultimas-noticias-do-atletico-mg\/#primaryimage\",\"url\":\"https:\/\/www.gaveanews.com\/wp-content\/uploads\/Camisa-do-Atletico-MG.webp\",\"contentUrl\":\"https:\/\/www.gaveanews.com\/wp-content\/uploads\/Camisa-do-Atletico-MG.webp\",\"width\":1080,\"height\":720,\"caption\":\"Camisa do Atl\u00e9tico-MG (Foto: Reprodu\u00e7\u00e3o\/Instagram)\"},{\"@type\":\"BreadcrumbList\",\"@id\":\"https:\/\/www.gaveanews.com\/index.php\/2025\/01\/10\/metas-para-2025-declaracao-de-cuca-e-conclusao-de-contratacao-as-ultimas-noticias-do-atletico-mg\/#breadcrumb\",\"itemListElement\":[{\"@type\":\"ListItem\",\"position\":1,\"name\":\"Home\",\"item\":\"https:\/\/www.gaveanews.com\/\"},{\"@type\":\"ListItem\",\"position\":2,\"name\":\"Metas para 2025, declara\u00e7\u00e3o de Cuca e conclus\u00e3o de contrata\u00e7\u00e3o: as \u00faltimas not\u00edcias do Atl\u00e9tico-MG\"}]},{\"@type\":\"WebSite\",\"@id\":\"https:\/\/www.gaveanews.com\/#website\",\"url\":\"https:\/\/www.gaveanews.com\/\",\"name\":\"G\u00e1vea News\",\"description\":\"Veja todas as not\u00edcias sobre o Flamengo: Contrata\u00e7\u00f5es, categorias de base, resultados das partidas, tabela de classifica\u00e7\u00e3o, pr\u00f3ximos jogos!\",\"potentialAction\":[{\"@type\":\"SearchAction\",\"target\":{\"@type\":\"EntryPoint\",\"urlTemplate\":\"https:\/\/www.gaveanews.com\/?s={search_term_string}\"},\"query-input\":{\"@type\":\"PropertyValueSpecification\",\"valueRequired\":true,\"valueName\":\"search_term_string\"}}],\"inLanguage\":\"pt-BR\"},{\"@type\":\"Person\",\"@id\":\"https:\/\/www.gaveanews.com\/#\/schema\/person\/8207cd4627f56151707418bfc835b2fb\",\"name\":\"Matheus Felipe\",\"image\":{\"@type\":\"ImageObject\",\"inLanguage\":\"pt-BR\",\"@id\":\"https:\/\/www.gaveanews.com\/#\/schema\/person\/image\/\",\"url\":\"https:\/\/secure.gravatar.com\/avatar\/a452ffbed9130f726358b298bb3a99ce4bd3c5338411f8440e87e14d74c7c087?s=96&d=mm&r=g\",\"contentUrl\":\"https:\/\/secure.gravatar.com\/avatar\/a452ffbed9130f726358b298bb3a99ce4bd3c5338411f8440e87e14d74c7c087?s=96&d=mm&r=g\",\"caption\":\"Matheus Felipe\"}}]}<\/script>\n<!-- \/ Yoast SEO Premium plugin. -->","yoast_head_json":{"title":"Metas para 2025, declara\u00e7\u00e3o de Cuca e conclus\u00e3o de contrata\u00e7\u00e3o: as \u00faltimas not\u00edcias do Atl\u00e9tico-MG","robots":{"index":"index","follow":"follow","max-snippet":"max-snippet:-1","max-image-preview":"max-image-preview:large","max-video-preview":"max-video-preview:-1"},"canonical":"https:\/\/www.gaveanews.com\/index.php\/2025\/01\/10\/metas-para-2025-declaracao-de-cuca-e-conclusao-de-contratacao-as-ultimas-noticias-do-atletico-mg\/","og_locale":"pt_BR","og_type":"article","og_title":"Metas para 2025, declara\u00e7\u00e3o de Cuca e conclus\u00e3o de contrata\u00e7\u00e3o: as \u00faltimas not\u00edcias do Atl\u00e9tico-MG","og_description":"Nas \u00faltimas horas, o foco das not\u00edcias sobre Atl\u00e9tico-MG se concentram nos bastidores doclube, com destaques do dia a dia do time. Por conta deste contexto, leia abaixo um resumo preparado pela equipe do portal G\u00e1vea News para lhe manter muito bem informado! Conclus\u00e3o de contrata\u00e7\u00e3o O Atl\u00e9tico Mineiro busca refor\u00e7ar sua gest\u00e3o com a [&hellip;]","og_url":"https:\/\/www.gaveanews.com\/index.php\/2025\/01\/10\/metas-para-2025-declaracao-de-cuca-e-conclusao-de-contratacao-as-ultimas-noticias-do-atletico-mg\/","og_site_name":"G\u00e1vea News","article_publisher":"https:\/\/facebook.com\/gaveaNews\/","article_published_time":"2025-01-10T07:05:00+00:00","og_image":[{"width":1080,"height":720,"url":"https:\/\/www.gaveanews.com\/wp-content\/uploads\/Camisa-do-Atletico-MG.webp","type":"image\/webp"}],"author":"Matheus Felipe","twitter_card":"summary_large_image","twitter_misc":{"Escrito por":"Matheus Felipe","Est. tempo de leitura":"5 minutos"},"schema":{"@context":"https:\/\/schema.org","@graph":[{"@type":"NewsArticle","@id":"https:\/\/www.gaveanews.com\/index.php\/2025\/01\/10\/metas-para-2025-declaracao-de-cuca-e-conclusao-de-contratacao-as-ultimas-noticias-do-atletico-mg\/#article","isPartOf":{"@id":"https:\/\/www.gaveanews.com\/index.php\/2025\/01\/10\/metas-para-2025-declaracao-de-cuca-e-conclusao-de-contratacao-as-ultimas-noticias-do-atletico-mg\/"},"author":{"name":"Matheus Felipe","@id":"https:\/\/www.gaveanews.com\/#\/schema\/person\/8207cd4627f56151707418bfc835b2fb"},"headline":"Metas para 2025, declara\u00e7\u00e3o de Cuca e conclus\u00e3o de contrata\u00e7\u00e3o: as \u00faltimas not\u00edcias do Atl\u00e9tico-MG","datePublished":"2025-01-10T07:05:00+00:00","mainEntityOfPage":{"@id":"https:\/\/www.gaveanews.com\/index.php\/2025\/01\/10\/metas-para-2025-declaracao-de-cuca-e-conclusao-de-contratacao-as-ultimas-noticias-do-atletico-mg\/"},"wordCount":662,"commentCount":0,"image":{"@id":"https:\/\/www.gaveanews.com\/index.php\/2025\/01\/10\/metas-para-2025-declaracao-de-cuca-e-conclusao-de-contratacao-as-ultimas-noticias-do-atletico-mg\/#primaryimage"},"thumbnailUrl":"https:\/\/www.gaveanews.com\/wp-content\/uploads\/Camisa-do-Atletico-MG.webp","articleSection":["Atl\u00e9tico-MG"],"inLanguage":"pt-BR","potentialAction":[{"@type":"CommentAction","name":"Comment","target":["https:\/\/www.gaveanews.com\/index.php\/2025\/01\/10\/metas-para-2025-declaracao-de-cuca-e-conclusao-de-contratacao-as-ultimas-noticias-do-atletico-mg\/#respond"]}],"copyrightYear":"2025","copyrightHolder":{"@id":"https:\/\/www.gaveanews.com\/#organization"}},{"@type":"WebPage","@id":"https:\/\/www.gaveanews.com\/index.php\/2025\/01\/10\/metas-para-2025-declaracao-de-cuca-e-conclusao-de-contratacao-as-ultimas-noticias-do-atletico-mg\/","url":"https:\/\/www.gaveanews.com\/index.php\/2025\/01\/10\/metas-para-2025-declaracao-de-cuca-e-conclusao-de-contratacao-as-ultimas-noticias-do-atletico-mg\/","name":"Metas para 2025, declara\u00e7\u00e3o de Cuca e conclus\u00e3o de contrata\u00e7\u00e3o: as \u00faltimas not\u00edcias do Atl\u00e9tico-MG","isPartOf":{"@id":"https:\/\/www.gaveanews.com\/#website"},"primaryImageOfPage":{"@id":"https:\/\/www.gaveanews.com\/index.php\/2025\/01\/10\/metas-para-2025-declaracao-de-cuca-e-conclusao-de-contratacao-as-ultimas-noticias-do-atletico-mg\/#primaryimage"},"image":{"@id":"https:\/\/www.gaveanews.com\/index.php\/2025\/01\/10\/metas-para-2025-declaracao-de-cuca-e-conclusao-de-contratacao-as-ultimas-noticias-do-atletico-mg\/#primaryimage"},"thumbnailUrl":"https:\/\/www.gaveanews.com\/wp-content\/uploads\/Camisa-do-Atletico-MG.webp","datePublished":"2025-01-10T07:05:00+00:00","author":{"@id":"https:\/\/www.gaveanews.com\/#\/schema\/person\/8207cd4627f56151707418bfc835b2fb"},"breadcrumb":{"@id":"https:\/\/www.gaveanews.com\/index.php\/2025\/01\/10\/metas-para-2025-declaracao-de-cuca-e-conclusao-de-contratacao-as-ultimas-noticias-do-atletico-mg\/#breadcrumb"},"inLanguage":"pt-BR","potentialAction":[{"@type":"ReadAction","target":["https:\/\/www.gaveanews.com\/index.php\/2025\/01\/10\/metas-para-2025-declaracao-de-cuca-e-conclusao-de-contratacao-as-ultimas-noticias-do-atletico-mg\/"]}]},{"@type":"ImageObject","inLanguage":"pt-BR","@id":"https:\/\/www.gaveanews.com\/index.php\/2025\/01\/10\/metas-para-2025-declaracao-de-cuca-e-conclusao-de-contratacao-as-ultimas-noticias-do-atletico-mg\/#primaryimage","url":"https:\/\/www.gaveanews.com\/wp-content\/uploads\/Camisa-do-Atletico-MG.webp","contentUrl":"https:\/\/www.gaveanews.com\/wp-content\/uploads\/Camisa-do-Atletico-MG.webp","width":1080,"height":720,"caption":"Camisa do Atl\u00e9tico-MG (Foto: Reprodu\u00e7\u00e3o\/Instagram)"},{"@type":"BreadcrumbList","@id":"https:\/\/www.gaveanews.com\/index.php\/2025\/01\/10\/metas-para-2025-declaracao-de-cuca-e-conclusao-de-contratacao-as-ultimas-noticias-do-atletico-mg\/#breadcrumb","itemListElement":[{"@type":"ListItem","position":1,"name":"Home","item":"https:\/\/www.gaveanews.com\/"},{"@type":"ListItem","position":2,"name":"Metas para 2025, declara\u00e7\u00e3o de Cuca e conclus\u00e3o de contrata\u00e7\u00e3o: as \u00faltimas not\u00edcias do Atl\u00e9tico-MG"}]},{"@type":"WebSite","@id":"https:\/\/www.gaveanews.com\/#website","url":"https:\/\/www.gaveanews.com\/","name":"G\u00e1vea News","description":"Veja todas as not\u00edcias sobre o Flamengo: Contrata\u00e7\u00f5es, categorias de base, resultados das partidas, tabela de classifica\u00e7\u00e3o, pr\u00f3ximos jogos!","potentialAction":[{"@type":"SearchAction","target":{"@type":"EntryPoint","urlTemplate":"https:\/\/www.gaveanews.com\/?s={search_term_string}"},"query-input":{"@type":"PropertyValueSpecification","valueRequired":true,"valueName":"search_term_string"}}],"inLanguage":"pt-BR"},{"@type":"Person","@id":"https:\/\/www.gaveanews.com\/#\/schema\/person\/8207cd4627f56151707418bfc835b2fb","name":"Matheus Felipe","image":{"@type":"ImageObject","inLanguage":"pt-BR","@id":"https:\/\/www.gaveanews.com\/#\/schema\/person\/image\/","url":"https:\/\/secure.gravatar.com\/avatar\/a452ffbed9130f726358b298bb3a99ce4bd3c5338411f8440e87e14d74c7c087?s=96&d=mm&r=g","contentUrl":"https:\/\/secure.gravatar.com\/avatar\/a452ffbed9130f726358b298bb3a99ce4bd3c5338411f8440e87e14d74c7c087?s=96&d=mm&r=g","caption":"Matheus Felipe"}}]}},"_links":{"self":[{"href":"https:\/\/www.gaveanews.com\/index.php\/wp-json\/wp\/v2\/posts\/210411","targetHints":{"allow":["GET"]}}],"collection":[{"href":"https:\/\/www.gaveanews.com\/index.php\/wp-json\/wp\/v2\/posts"}],"about":[{"href":"https:\/\/www.gaveanews.com\/index.php\/wp-json\/wp\/v2\/types\/post"}],"author":[{"embeddable":true,"href":"https:\/\/www.gaveanews.com\/index.php\/wp-json\/wp\/v2\/users\/27"}],"replies":[{"embeddable":true,"href":"https:\/\/www.gaveanews.com\/index.php\/wp-json\/wp\/v2\/comments?post=210411"}],"version-history":[{"count":1,"href":"https:\/\/www.gaveanews.com\/index.php\/wp-json\/wp\/v2\/posts\/210411\/revisions"}],"predecessor-version":[{"id":210416,"href":"https:\/\/www.gaveanews.com\/index.php\/wp-json\/wp\/v2\/posts\/210411\/revisions\/210416"}],"wp:featuredmedia":[{"embeddable":true,"href":"https:\/\/www.gaveanews.com\/index.php\/wp-json\/wp\/v2\/media\/157061"}],"wp:attachment":[{"href":"https:\/\/www.gaveanews.com\/index.php\/wp-json\/wp\/v2\/media?parent=210411"}],"wp:term":[{"taxonomy":"category","embeddable":true,"href":"https:\/\/www.gaveanews.com\/index.php\/wp-json\/wp\/v2\/categories?post=210411"},{"taxonomy":"post_tag","embeddable":true,"href":"https:\/\/www.gaveanews.com\/index.php\/wp-json\/wp\/v2\/tags?post=210411"}],"curies":[{"name":"wp","href":"https:\/\/api.w.org\/{rel}","templated":true}]}}