{"id":210448,"date":"2025-01-10T12:25:00","date_gmt":"2025-01-10T15:25:00","guid":{"rendered":"https:\/\/www.gaveanews.com\/?p=210448"},"modified":"2025-01-10T10:10:24","modified_gmt":"2025-01-10T13:10:24","slug":"a-declaracao-de-fabio-sormani-sobre-o-santos-de-pedro-caixinha","status":"publish","type":"post","link":"https:\/\/www.gaveanews.com\/index.php\/2025\/01\/10\/a-declaracao-de-fabio-sormani-sobre-o-santos-de-pedro-caixinha\/","title":{"rendered":"A declara\u00e7\u00e3o de F\u00e1bio Sormani sobre o Santos de Pedro Caixinha"},"content":{"rendered":"\n<h2 class=\"wp-block-heading\" id=\"h-santos-avalia-negociacao-por-junior-santos-em-meio-a-reforcos-para-2025\">Santos avalia negocia\u00e7\u00e3o por J\u00fanior Santos em meio a refor\u00e7os para 2025<\/h2>\n\n\n\n<p>O Santos segue ativo no mercado de transfer\u00eancias e avalia a possibilidade de contratar o atacante J\u00fanior Santos, do Botafogo, como parte da negocia\u00e7\u00e3o envolvendo a venda do jovem zagueiro Jair para o clube carioca. A informa\u00e7\u00e3o foi repercutida pelo jornalista F\u00e1bio Sormani em v\u00eddeo publicado nesta quarta-feira (8), no qual destacou a import\u00e2ncia estrat\u00e9gica da chegada de J\u00fanior Santos para o elenco santista.<\/p>\n\n\n\n<ul class=\"wp-block-list\">\n<li><a href=\"https:\/\/www.gaveanews.com\/index.php\/2025\/01\/08\/santos-desiste-de-contratacao-de-reforco\/\">Santos desiste de contrata\u00e7\u00e3o de refor\u00e7o<\/a><\/li>\n\n\n\n<li><a href=\"https:\/\/www.gaveanews.com\/index.php\/2025\/01\/05\/santos-as-primeiras-exigencias-de-pedro-caixinha-aos-jogadores\/\">Santos: as primeiras exig\u00eancias de Pedro Caixinha aos jogadores<\/a><\/li>\n<\/ul>\n\n\n\n<p>Sormani elogiou o poss\u00edvel trio ofensivo formado por Tiquinho Soares, Soteldo e J\u00fanior Santos, caso o neg\u00f3cio seja conclu\u00eddo.<\/p>\n\n\n\n<p> \u201cSe o Santos fecha a venda do Jair para o Botafogo e recebe o Tiquinho, j\u00e1 fica \u00f3timo. Agora, imagina o J\u00fanior Santos pelo lado esquerdo. Seria um trio de atacantes de peso, r\u00e1pidos, dribladores e inteligentes, que preocuparia os advers\u00e1rios\u201d, afirmou o jornalista.<\/p>\n\n\n\n<p>As negocia\u00e7\u00f5es entre Santos e Botafogo j\u00e1 teriam sido iniciadas, mas esbarram no valor pedido pelos cariocas. O Botafogo exige 8 milh\u00f5es de euros pela transfer\u00eancia de J\u00fanior Santos, valor considerado elevado pela diretoria santista. Apesar disso, o Santos mant\u00e9m o interesse e busca alternativas para viabilizar o acordo, possivelmente abatendo parte da pedida no neg\u00f3cio envolvendo Jair.<\/p>\n\n\n\n<p>Na \u00faltima temporada, J\u00fanior Santos come\u00e7ou o Campeonato Carioca em alta, sendo um dos destaques do Botafogo. No entanto, uma les\u00e3o interrompeu seu momento e o afastou dos gramados por boa parte do ano, retornando apenas nos meses finais de 2024. Mesmo assim, o jogador segue valorizado e \u00e9 visto como uma pe\u00e7a capaz de contribuir tecnicamente para o elenco comandado por Pedro Caixinha.<\/p>\n\n\n\n<p>A estreia oficial do Santos em 2025 ser\u00e1 na pr\u00f3xima quinta-feira (16), contra o Mirassol, na Vila Belmiro, pelo Campeonato Paulista. O confronto marca o reencontro dos dois clubes que disputaram a S\u00e9rie B em 2024. Al\u00e9m do estadual, o Peixe disputar\u00e1 a Copa do Brasil, a partir da terceira fase, e o Campeonato Brasileiro da S\u00e9rie A, marcando seu retorno \u00e0 elite do futebol nacional ap\u00f3s um ano na segunda divis\u00e3o.<\/p>\n","protected":false},"excerpt":{"rendered":"<p>Santos avalia negocia\u00e7\u00e3o por J\u00fanior Santos em meio a refor\u00e7os para 2025 O Santos segue ativo no mercado de transfer\u00eancias e avalia a possibilidade de contratar o atacante J\u00fanior Santos, do Botafogo, como parte da negocia\u00e7\u00e3o envolvendo a venda do jovem zagueiro Jair para o clube carioca. A informa\u00e7\u00e3o foi repercutida pelo jornalista F\u00e1bio Sormani [&hellip;]<\/p>\n","protected":false},"author":17,"featured_media":52970,"comment_status":"open","ping_status":"closed","sticky":false,"template":"","format":"standard","meta":{"footnotes":""},"categories":[139],"tags":[],"class_list":["post-210448","post","type-post","status-publish","format-standard","has-post-thumbnail","hentry","category-santos"],"yoast_head":"<!-- This site is optimized with the Yoast SEO Premium plugin v24.2 (Yoast SEO v26.9) - https:\/\/yoast.com\/product\/yoast-seo-premium-wordpress\/ -->\n<title>A declara\u00e7\u00e3o de F\u00e1bio Sormani sobre o Santos de Pedro Caixinha<\/title>\n<meta name=\"robots\" content=\"index, follow, max-snippet:-1, max-image-preview:large, max-video-preview:-1\" \/>\n<link rel=\"canonical\" href=\"https:\/\/www.gaveanews.com\/index.php\/2025\/01\/10\/a-declaracao-de-fabio-sormani-sobre-o-santos-de-pedro-caixinha\/\" \/>\n<meta property=\"og:locale\" content=\"pt_BR\" \/>\n<meta property=\"og:type\" content=\"article\" \/>\n<meta property=\"og:title\" content=\"A declara\u00e7\u00e3o de F\u00e1bio Sormani sobre o Santos de Pedro Caixinha\" \/>\n<meta property=\"og:description\" content=\"Santos avalia negocia\u00e7\u00e3o por J\u00fanior Santos em meio a refor\u00e7os para 2025 O Santos segue ativo no mercado de transfer\u00eancias e avalia a possibilidade de contratar o atacante J\u00fanior Santos, do Botafogo, como parte da negocia\u00e7\u00e3o envolvendo a venda do jovem zagueiro Jair para o clube carioca. A informa\u00e7\u00e3o foi repercutida pelo jornalista F\u00e1bio Sormani [&hellip;]\" \/>\n<meta property=\"og:url\" content=\"https:\/\/www.gaveanews.com\/index.php\/2025\/01\/10\/a-declaracao-de-fabio-sormani-sobre-o-santos-de-pedro-caixinha\/\" \/>\n<meta property=\"og:site_name\" content=\"G\u00e1vea News\" \/>\n<meta property=\"article:publisher\" content=\"https:\/\/facebook.com\/gaveaNews\/\" \/>\n<meta property=\"article:published_time\" content=\"2025-01-10T15:25:00+00:00\" \/>\n<meta property=\"og:image\" content=\"https:\/\/www.gaveanews.com\/wp-content\/uploads\/Sormani-durante-um-programa-da-emissora-Fox-Sports.webp\" \/>\n\t<meta property=\"og:image:width\" content=\"650\" \/>\n\t<meta property=\"og:image:height\" content=\"325\" \/>\n\t<meta property=\"og:image:type\" content=\"image\/jpeg\" \/>\n<meta name=\"author\" content=\"Geovanna Thomaz\" \/>\n<meta name=\"twitter:card\" content=\"summary_large_image\" \/>\n<meta name=\"twitter:label1\" content=\"Escrito por\" \/>\n\t<meta name=\"twitter:data1\" content=\"Geovanna Thomaz\" \/>\n\t<meta name=\"twitter:label2\" content=\"Est. tempo de leitura\" \/>\n\t<meta name=\"twitter:data2\" content=\"3 minutos\" \/>\n<script type=\"application\/ld+json\" class=\"yoast-schema-graph\">{\"@context\":\"https:\/\/schema.org\",\"@graph\":[{\"@type\":\"NewsArticle\",\"@id\":\"https:\/\/www.gaveanews.com\/index.php\/2025\/01\/10\/a-declaracao-de-fabio-sormani-sobre-o-santos-de-pedro-caixinha\/#article\",\"isPartOf\":{\"@id\":\"https:\/\/www.gaveanews.com\/index.php\/2025\/01\/10\/a-declaracao-de-fabio-sormani-sobre-o-santos-de-pedro-caixinha\/\"},\"author\":{\"name\":\"Geovanna Thomaz\",\"@id\":\"https:\/\/www.gaveanews.com\/#\/schema\/person\/f42654babcd2b2014a1a65af82b081f1\"},\"headline\":\"A declara\u00e7\u00e3o de F\u00e1bio Sormani sobre o Santos de Pedro Caixinha\",\"datePublished\":\"2025-01-10T15:25:00+00:00\",\"mainEntityOfPage\":{\"@id\":\"https:\/\/www.gaveanews.com\/index.php\/2025\/01\/10\/a-declaracao-de-fabio-sormani-sobre-o-santos-de-pedro-caixinha\/\"},\"wordCount\":390,\"commentCount\":0,\"image\":{\"@id\":\"https:\/\/www.gaveanews.com\/index.php\/2025\/01\/10\/a-declaracao-de-fabio-sormani-sobre-o-santos-de-pedro-caixinha\/#primaryimage\"},\"thumbnailUrl\":\"https:\/\/www.gaveanews.com\/wp-content\/uploads\/Sormani-durante-um-programa-da-emissora-Fox-Sports.webp\",\"articleSection\":[\"Santos\"],\"inLanguage\":\"pt-BR\",\"potentialAction\":[{\"@type\":\"CommentAction\",\"name\":\"Comment\",\"target\":[\"https:\/\/www.gaveanews.com\/index.php\/2025\/01\/10\/a-declaracao-de-fabio-sormani-sobre-o-santos-de-pedro-caixinha\/#respond\"]}],\"copyrightYear\":\"2025\",\"copyrightHolder\":{\"@id\":\"https:\/\/www.gaveanews.com\/#organization\"}},{\"@type\":\"WebPage\",\"@id\":\"https:\/\/www.gaveanews.com\/index.php\/2025\/01\/10\/a-declaracao-de-fabio-sormani-sobre-o-santos-de-pedro-caixinha\/\",\"url\":\"https:\/\/www.gaveanews.com\/index.php\/2025\/01\/10\/a-declaracao-de-fabio-sormani-sobre-o-santos-de-pedro-caixinha\/\",\"name\":\"A declara\u00e7\u00e3o de F\u00e1bio Sormani sobre o Santos de Pedro Caixinha\",\"isPartOf\":{\"@id\":\"https:\/\/www.gaveanews.com\/#website\"},\"primaryImageOfPage\":{\"@id\":\"https:\/\/www.gaveanews.com\/index.php\/2025\/01\/10\/a-declaracao-de-fabio-sormani-sobre-o-santos-de-pedro-caixinha\/#primaryimage\"},\"image\":{\"@id\":\"https:\/\/www.gaveanews.com\/index.php\/2025\/01\/10\/a-declaracao-de-fabio-sormani-sobre-o-santos-de-pedro-caixinha\/#primaryimage\"},\"thumbnailUrl\":\"https:\/\/www.gaveanews.com\/wp-content\/uploads\/Sormani-durante-um-programa-da-emissora-Fox-Sports.webp\",\"datePublished\":\"2025-01-10T15:25:00+00:00\",\"author\":{\"@id\":\"https:\/\/www.gaveanews.com\/#\/schema\/person\/f42654babcd2b2014a1a65af82b081f1\"},\"breadcrumb\":{\"@id\":\"https:\/\/www.gaveanews.com\/index.php\/2025\/01\/10\/a-declaracao-de-fabio-sormani-sobre-o-santos-de-pedro-caixinha\/#breadcrumb\"},\"inLanguage\":\"pt-BR\",\"potentialAction\":[{\"@type\":\"ReadAction\",\"target\":[\"https:\/\/www.gaveanews.com\/index.php\/2025\/01\/10\/a-declaracao-de-fabio-sormani-sobre-o-santos-de-pedro-caixinha\/\"]}]},{\"@type\":\"ImageObject\",\"inLanguage\":\"pt-BR\",\"@id\":\"https:\/\/www.gaveanews.com\/index.php\/2025\/01\/10\/a-declaracao-de-fabio-sormani-sobre-o-santos-de-pedro-caixinha\/#primaryimage\",\"url\":\"https:\/\/www.gaveanews.com\/wp-content\/uploads\/Sormani-durante-um-programa-da-emissora-Fox-Sports.webp\",\"contentUrl\":\"https:\/\/www.gaveanews.com\/wp-content\/uploads\/Sormani-durante-um-programa-da-emissora-Fox-Sports.webp\",\"width\":650,\"height\":325,\"caption\":\"Sormani durante um programa da emissora Fox Sports (Foto: Reprodu\u00e7\u00e3o)\"},{\"@type\":\"BreadcrumbList\",\"@id\":\"https:\/\/www.gaveanews.com\/index.php\/2025\/01\/10\/a-declaracao-de-fabio-sormani-sobre-o-santos-de-pedro-caixinha\/#breadcrumb\",\"itemListElement\":[{\"@type\":\"ListItem\",\"position\":1,\"name\":\"Home\",\"item\":\"https:\/\/www.gaveanews.com\/\"},{\"@type\":\"ListItem\",\"position\":2,\"name\":\"A declara\u00e7\u00e3o de F\u00e1bio Sormani sobre o Santos de Pedro Caixinha\"}]},{\"@type\":\"WebSite\",\"@id\":\"https:\/\/www.gaveanews.com\/#website\",\"url\":\"https:\/\/www.gaveanews.com\/\",\"name\":\"G\u00e1vea News\",\"description\":\"Veja todas as not\u00edcias sobre o Flamengo: Contrata\u00e7\u00f5es, categorias de base, resultados das partidas, tabela de classifica\u00e7\u00e3o, pr\u00f3ximos jogos!\",\"potentialAction\":[{\"@type\":\"SearchAction\",\"target\":{\"@type\":\"EntryPoint\",\"urlTemplate\":\"https:\/\/www.gaveanews.com\/?s={search_term_string}\"},\"query-input\":{\"@type\":\"PropertyValueSpecification\",\"valueRequired\":true,\"valueName\":\"search_term_string\"}}],\"inLanguage\":\"pt-BR\"},{\"@type\":\"Person\",\"@id\":\"https:\/\/www.gaveanews.com\/#\/schema\/person\/f42654babcd2b2014a1a65af82b081f1\",\"name\":\"Geovanna Thomaz\",\"image\":{\"@type\":\"ImageObject\",\"inLanguage\":\"pt-BR\",\"@id\":\"https:\/\/www.gaveanews.com\/#\/schema\/person\/image\/\",\"url\":\"https:\/\/secure.gravatar.com\/avatar\/4092073255489533afb558984b49b64268c47198af8623cc82a925ae9fb7118a?s=96&d=mm&r=g\",\"contentUrl\":\"https:\/\/secure.gravatar.com\/avatar\/4092073255489533afb558984b49b64268c47198af8623cc82a925ae9fb7118a?s=96&d=mm&r=g\",\"caption\":\"Geovanna Thomaz\"}}]}<\/script>\n<!-- \/ Yoast SEO Premium plugin. -->","yoast_head_json":{"title":"A declara\u00e7\u00e3o de F\u00e1bio Sormani sobre o Santos de Pedro Caixinha","robots":{"index":"index","follow":"follow","max-snippet":"max-snippet:-1","max-image-preview":"max-image-preview:large","max-video-preview":"max-video-preview:-1"},"canonical":"https:\/\/www.gaveanews.com\/index.php\/2025\/01\/10\/a-declaracao-de-fabio-sormani-sobre-o-santos-de-pedro-caixinha\/","og_locale":"pt_BR","og_type":"article","og_title":"A declara\u00e7\u00e3o de F\u00e1bio Sormani sobre o Santos de Pedro Caixinha","og_description":"Santos avalia negocia\u00e7\u00e3o por J\u00fanior Santos em meio a refor\u00e7os para 2025 O Santos segue ativo no mercado de transfer\u00eancias e avalia a possibilidade de contratar o atacante J\u00fanior Santos, do Botafogo, como parte da negocia\u00e7\u00e3o envolvendo a venda do jovem zagueiro Jair para o clube carioca. A informa\u00e7\u00e3o foi repercutida pelo jornalista F\u00e1bio Sormani [&hellip;]","og_url":"https:\/\/www.gaveanews.com\/index.php\/2025\/01\/10\/a-declaracao-de-fabio-sormani-sobre-o-santos-de-pedro-caixinha\/","og_site_name":"G\u00e1vea News","article_publisher":"https:\/\/facebook.com\/gaveaNews\/","article_published_time":"2025-01-10T15:25:00+00:00","og_image":[{"width":650,"height":325,"url":"https:\/\/www.gaveanews.com\/wp-content\/uploads\/Sormani-durante-um-programa-da-emissora-Fox-Sports.webp","type":"image\/jpeg"}],"author":"Geovanna Thomaz","twitter_card":"summary_large_image","twitter_misc":{"Escrito por":"Geovanna Thomaz","Est. tempo de leitura":"3 minutos"},"schema":{"@context":"https:\/\/schema.org","@graph":[{"@type":"NewsArticle","@id":"https:\/\/www.gaveanews.com\/index.php\/2025\/01\/10\/a-declaracao-de-fabio-sormani-sobre-o-santos-de-pedro-caixinha\/#article","isPartOf":{"@id":"https:\/\/www.gaveanews.com\/index.php\/2025\/01\/10\/a-declaracao-de-fabio-sormani-sobre-o-santos-de-pedro-caixinha\/"},"author":{"name":"Geovanna Thomaz","@id":"https:\/\/www.gaveanews.com\/#\/schema\/person\/f42654babcd2b2014a1a65af82b081f1"},"headline":"A declara\u00e7\u00e3o de F\u00e1bio Sormani sobre o Santos de Pedro Caixinha","datePublished":"2025-01-10T15:25:00+00:00","mainEntityOfPage":{"@id":"https:\/\/www.gaveanews.com\/index.php\/2025\/01\/10\/a-declaracao-de-fabio-sormani-sobre-o-santos-de-pedro-caixinha\/"},"wordCount":390,"commentCount":0,"image":{"@id":"https:\/\/www.gaveanews.com\/index.php\/2025\/01\/10\/a-declaracao-de-fabio-sormani-sobre-o-santos-de-pedro-caixinha\/#primaryimage"},"thumbnailUrl":"https:\/\/www.gaveanews.com\/wp-content\/uploads\/Sormani-durante-um-programa-da-emissora-Fox-Sports.webp","articleSection":["Santos"],"inLanguage":"pt-BR","potentialAction":[{"@type":"CommentAction","name":"Comment","target":["https:\/\/www.gaveanews.com\/index.php\/2025\/01\/10\/a-declaracao-de-fabio-sormani-sobre-o-santos-de-pedro-caixinha\/#respond"]}],"copyrightYear":"2025","copyrightHolder":{"@id":"https:\/\/www.gaveanews.com\/#organization"}},{"@type":"WebPage","@id":"https:\/\/www.gaveanews.com\/index.php\/2025\/01\/10\/a-declaracao-de-fabio-sormani-sobre-o-santos-de-pedro-caixinha\/","url":"https:\/\/www.gaveanews.com\/index.php\/2025\/01\/10\/a-declaracao-de-fabio-sormani-sobre-o-santos-de-pedro-caixinha\/","name":"A declara\u00e7\u00e3o de F\u00e1bio Sormani sobre o Santos de Pedro Caixinha","isPartOf":{"@id":"https:\/\/www.gaveanews.com\/#website"},"primaryImageOfPage":{"@id":"https:\/\/www.gaveanews.com\/index.php\/2025\/01\/10\/a-declaracao-de-fabio-sormani-sobre-o-santos-de-pedro-caixinha\/#primaryimage"},"image":{"@id":"https:\/\/www.gaveanews.com\/index.php\/2025\/01\/10\/a-declaracao-de-fabio-sormani-sobre-o-santos-de-pedro-caixinha\/#primaryimage"},"thumbnailUrl":"https:\/\/www.gaveanews.com\/wp-content\/uploads\/Sormani-durante-um-programa-da-emissora-Fox-Sports.webp","datePublished":"2025-01-10T15:25:00+00:00","author":{"@id":"https:\/\/www.gaveanews.com\/#\/schema\/person\/f42654babcd2b2014a1a65af82b081f1"},"breadcrumb":{"@id":"https:\/\/www.gaveanews.com\/index.php\/2025\/01\/10\/a-declaracao-de-fabio-sormani-sobre-o-santos-de-pedro-caixinha\/#breadcrumb"},"inLanguage":"pt-BR","potentialAction":[{"@type":"ReadAction","target":["https:\/\/www.gaveanews.com\/index.php\/2025\/01\/10\/a-declaracao-de-fabio-sormani-sobre-o-santos-de-pedro-caixinha\/"]}]},{"@type":"ImageObject","inLanguage":"pt-BR","@id":"https:\/\/www.gaveanews.com\/index.php\/2025\/01\/10\/a-declaracao-de-fabio-sormani-sobre-o-santos-de-pedro-caixinha\/#primaryimage","url":"https:\/\/www.gaveanews.com\/wp-content\/uploads\/Sormani-durante-um-programa-da-emissora-Fox-Sports.webp","contentUrl":"https:\/\/www.gaveanews.com\/wp-content\/uploads\/Sormani-durante-um-programa-da-emissora-Fox-Sports.webp","width":650,"height":325,"caption":"Sormani durante um programa da emissora Fox Sports (Foto: Reprodu\u00e7\u00e3o)"},{"@type":"BreadcrumbList","@id":"https:\/\/www.gaveanews.com\/index.php\/2025\/01\/10\/a-declaracao-de-fabio-sormani-sobre-o-santos-de-pedro-caixinha\/#breadcrumb","itemListElement":[{"@type":"ListItem","position":1,"name":"Home","item":"https:\/\/www.gaveanews.com\/"},{"@type":"ListItem","position":2,"name":"A declara\u00e7\u00e3o de F\u00e1bio Sormani sobre o Santos de Pedro Caixinha"}]},{"@type":"WebSite","@id":"https:\/\/www.gaveanews.com\/#website","url":"https:\/\/www.gaveanews.com\/","name":"G\u00e1vea News","description":"Veja todas as not\u00edcias sobre o Flamengo: Contrata\u00e7\u00f5es, categorias de base, resultados das partidas, tabela de classifica\u00e7\u00e3o, pr\u00f3ximos jogos!","potentialAction":[{"@type":"SearchAction","target":{"@type":"EntryPoint","urlTemplate":"https:\/\/www.gaveanews.com\/?s={search_term_string}"},"query-input":{"@type":"PropertyValueSpecification","valueRequired":true,"valueName":"search_term_string"}}],"inLanguage":"pt-BR"},{"@type":"Person","@id":"https:\/\/www.gaveanews.com\/#\/schema\/person\/f42654babcd2b2014a1a65af82b081f1","name":"Geovanna Thomaz","image":{"@type":"ImageObject","inLanguage":"pt-BR","@id":"https:\/\/www.gaveanews.com\/#\/schema\/person\/image\/","url":"https:\/\/secure.gravatar.com\/avatar\/4092073255489533afb558984b49b64268c47198af8623cc82a925ae9fb7118a?s=96&d=mm&r=g","contentUrl":"https:\/\/secure.gravatar.com\/avatar\/4092073255489533afb558984b49b64268c47198af8623cc82a925ae9fb7118a?s=96&d=mm&r=g","caption":"Geovanna Thomaz"}}]}},"_links":{"self":[{"href":"https:\/\/www.gaveanews.com\/index.php\/wp-json\/wp\/v2\/posts\/210448","targetHints":{"allow":["GET"]}}],"collection":[{"href":"https:\/\/www.gaveanews.com\/index.php\/wp-json\/wp\/v2\/posts"}],"about":[{"href":"https:\/\/www.gaveanews.com\/index.php\/wp-json\/wp\/v2\/types\/post"}],"author":[{"embeddable":true,"href":"https:\/\/www.gaveanews.com\/index.php\/wp-json\/wp\/v2\/users\/17"}],"replies":[{"embeddable":true,"href":"https:\/\/www.gaveanews.com\/index.php\/wp-json\/wp\/v2\/comments?post=210448"}],"version-history":[{"count":1,"href":"https:\/\/www.gaveanews.com\/index.php\/wp-json\/wp\/v2\/posts\/210448\/revisions"}],"predecessor-version":[{"id":210470,"href":"https:\/\/www.gaveanews.com\/index.php\/wp-json\/wp\/v2\/posts\/210448\/revisions\/210470"}],"wp:featuredmedia":[{"embeddable":true,"href":"https:\/\/www.gaveanews.com\/index.php\/wp-json\/wp\/v2\/media\/52970"}],"wp:attachment":[{"href":"https:\/\/www.gaveanews.com\/index.php\/wp-json\/wp\/v2\/media?parent=210448"}],"wp:term":[{"taxonomy":"category","embeddable":true,"href":"https:\/\/www.gaveanews.com\/index.php\/wp-json\/wp\/v2\/categories?post=210448"},{"taxonomy":"post_tag","embeddable":true,"href":"https:\/\/www.gaveanews.com\/index.php\/wp-json\/wp\/v2\/tags?post=210448"}],"curies":[{"name":"wp","href":"https:\/\/api.w.org\/{rel}","templated":true}]}}