{"id":210456,"date":"2025-01-10T01:20:00","date_gmt":"2025-01-10T04:20:00","guid":{"rendered":"https:\/\/www.gaveanews.com\/?p=210456"},"modified":"2025-01-09T23:52:03","modified_gmt":"2025-01-10T02:52:03","slug":"gremio-a-declaracao-de-guerra-sobre-a-chegada-de-reforcos","status":"publish","type":"post","link":"https:\/\/www.gaveanews.com\/index.php\/2025\/01\/10\/gremio-a-declaracao-de-guerra-sobre-a-chegada-de-reforcos\/","title":{"rendered":"Gr\u00eamio: a declara\u00e7\u00e3o de Guerra sobre a chegada de refor\u00e7os"},"content":{"rendered":"\n<p>O Gr\u00eamio deu in\u00edcio aos trabalhos de pr\u00e9-temporada com o elenco ainda em forma\u00e7\u00e3o. At\u00e9 o momento, Jo\u00e3o Lucas, lateral-direito contratado junto ao Santos, \u00e9 o \u00fanico refor\u00e7o confirmado. Durante a reapresenta\u00e7\u00e3o do grupo, o presidente Alberto Guerra explicou as dificuldades do clube no mercado e pediu paci\u00eancia \u00e0 torcida quanto ao an\u00fancio de novos nomes.<\/p>\n\n\n\n<ul class=\"wp-block-list\">\n<li><strong><a href=\"https:\/\/www.gaveanews.com\/index.php\/2025\/01\/09\/interesse-por-villasanti-contratacao-de-gustavo-cuellar-e-situacao-de-david-luiz-as-ultimas-noticias-do-gremio\/?utm_source=terra_capa_parceiros&amp;utm_medium=referral\">Interesse por Villasanti, contrata\u00e7\u00e3o de Gustavo Cu\u00e9llar e situa\u00e7\u00e3o de David Luiz: as \u00faltimas not\u00edcias do Gr\u00eamio<\/a><\/strong><\/li>\n\n\n\n<li><strong><a href=\"https:\/\/www.gaveanews.com\/index.php\/2025\/01\/09\/mira-em-estrangeiro-declaracao-de-quinteros-e-favorito-no-gauchao-as-ultimas-noticias-do-gremio\/?utm_source=terra_capa_parceiros&amp;utm_medium=referral\">Mira em estrangeiro, declara\u00e7\u00e3o de Quinteros e favorito no Gauch\u00e3o: as \u00faltimas not\u00edcias do Gr\u00eamio<\/a><\/strong><\/li>\n<\/ul>\n\n\n\n<p>Guerra destacou que fatores como o per\u00edodo de f\u00e9rias dos jogadores e a alta demanda de clubes em busca de refor\u00e7os para a disputa da Libertadores impactaram as negocia\u00e7\u00f5es. Al\u00e9m disso, ressaltou as limita\u00e7\u00f5es financeiras do Tricolor. &#8216;\u00c9 um per\u00edodo em que v\u00e1rios elencos est\u00e3o abertos e o pre\u00e7o aumenta. Temos dificuldades financeiras, isso j\u00e1 \u00e9 sabido, mas estamos trabalhando para driblar essas quest\u00f5es&#8217;, afirmou o mandat\u00e1rio.<\/p>\n\n\n\n<p>Mesmo com os desafios, o presidente garantiu que o Gr\u00eamio contar\u00e1 com uma equipe competitiva em 2025. Guerra revelou que h\u00e1 negocia\u00e7\u00f5es em est\u00e1gio avan\u00e7ado para a chegada de novos atletas e reiterou o compromisso da diretoria em refor\u00e7ar o elenco com qualidade. &#8220;Vamos trazer refor\u00e7os, sim. Alguns est\u00e3o bem encaminhados, outros nem tanto. N\u00e3o damos prazos para evitar press\u00e3o e leil\u00f5es que aumentem os pre\u00e7os&#8221;, explicou.<\/p>\n\n\n\n<p>Ap\u00f3s o acerto com Jo\u00e3o Lucas, o Gr\u00eamio fechou com o volante Gustavo Cu\u00e9llar, ex-Flamengo, que deve se apresentar em junho. O clube ainda busca mais cinco refor\u00e7os para posi\u00e7\u00f5es consideradas priorit\u00e1rias: um lateral-esquerdo titular, dois zagueiros e um atacante de velocidade.<\/p>\n\n\n\n<p>O presidente tamb\u00e9m enfatizou que, apesar da cautela nas negocia\u00e7\u00f5es, o objetivo \u00e9 montar um elenco forte desde o in\u00edcio da temporada. O Tricolor busca nomes que atendam ao perfil t\u00e9cnico desejado pelo t\u00e9cnico Gustavo Quinteros, equilibrando qualidade e responsabilidade financeira.<\/p>\n\n\n\n<p>Com os trabalhos de pr\u00e9-temporada em andamento, a expectativa da diretoria \u00e9 alinhar as contrata\u00e7\u00f5es nas pr\u00f3ximas semanas. A torcida gremista aguarda ansiosa por an\u00fancios que reforcem a confian\u00e7a no time e elevem as ambi\u00e7\u00f5es do clube em 2025.<\/p>\n","protected":false},"excerpt":{"rendered":"<p>O Gr\u00eamio deu in\u00edcio aos trabalhos de pr\u00e9-temporada com o elenco ainda em forma\u00e7\u00e3o. At\u00e9 o momento, Jo\u00e3o Lucas, lateral-direito contratado junto ao Santos, \u00e9 o \u00fanico refor\u00e7o confirmado. Durante a reapresenta\u00e7\u00e3o do grupo, o presidente Alberto Guerra explicou as dificuldades do clube no mercado e pediu paci\u00eancia \u00e0 torcida quanto ao an\u00fancio de novos [&hellip;]<\/p>\n","protected":false},"author":23,"featured_media":154785,"comment_status":"open","ping_status":"closed","sticky":false,"template":"","format":"standard","meta":{"footnotes":""},"categories":[147],"tags":[],"class_list":["post-210456","post","type-post","status-publish","format-standard","has-post-thumbnail","hentry","category-gremio"],"yoast_head":"<!-- This site is optimized with the Yoast SEO Premium plugin v24.2 (Yoast SEO v26.9) - https:\/\/yoast.com\/product\/yoast-seo-premium-wordpress\/ -->\n<title>Gr\u00eamio: a declara\u00e7\u00e3o de Guerra sobre a chegada de refor\u00e7os<\/title>\n<meta name=\"robots\" content=\"index, follow, max-snippet:-1, max-image-preview:large, max-video-preview:-1\" \/>\n<link rel=\"canonical\" href=\"https:\/\/www.gaveanews.com\/index.php\/2025\/01\/10\/gremio-a-declaracao-de-guerra-sobre-a-chegada-de-reforcos\/\" \/>\n<meta property=\"og:locale\" content=\"pt_BR\" \/>\n<meta property=\"og:type\" content=\"article\" \/>\n<meta property=\"og:title\" content=\"Gr\u00eamio: a declara\u00e7\u00e3o de Guerra sobre a chegada de refor\u00e7os\" \/>\n<meta property=\"og:description\" content=\"O Gr\u00eamio deu in\u00edcio aos trabalhos de pr\u00e9-temporada com o elenco ainda em forma\u00e7\u00e3o. At\u00e9 o momento, Jo\u00e3o Lucas, lateral-direito contratado junto ao Santos, \u00e9 o \u00fanico refor\u00e7o confirmado. Durante a reapresenta\u00e7\u00e3o do grupo, o presidente Alberto Guerra explicou as dificuldades do clube no mercado e pediu paci\u00eancia \u00e0 torcida quanto ao an\u00fancio de novos [&hellip;]\" \/>\n<meta property=\"og:url\" content=\"https:\/\/www.gaveanews.com\/index.php\/2025\/01\/10\/gremio-a-declaracao-de-guerra-sobre-a-chegada-de-reforcos\/\" \/>\n<meta property=\"og:site_name\" content=\"G\u00e1vea News\" \/>\n<meta property=\"article:publisher\" content=\"https:\/\/facebook.com\/gaveaNews\/\" \/>\n<meta property=\"article:published_time\" content=\"2025-01-10T04:20:00+00:00\" \/>\n<meta property=\"og:image\" content=\"https:\/\/www.gaveanews.com\/wp-content\/uploads\/Escudo-do-Gremio.webp\" \/>\n\t<meta property=\"og:image:width\" content=\"1163\" \/>\n\t<meta property=\"og:image:height\" content=\"775\" \/>\n\t<meta property=\"og:image:type\" content=\"image\/webp\" \/>\n<meta name=\"author\" content=\"Leandro Azevedo\" \/>\n<meta name=\"twitter:card\" content=\"summary_large_image\" \/>\n<meta name=\"twitter:label1\" content=\"Escrito por\" \/>\n\t<meta name=\"twitter:data1\" content=\"Leandro Azevedo\" \/>\n\t<meta name=\"twitter:label2\" content=\"Est. tempo de leitura\" \/>\n\t<meta name=\"twitter:data2\" content=\"3 minutos\" \/>\n<script type=\"application\/ld+json\" class=\"yoast-schema-graph\">{\"@context\":\"https:\/\/schema.org\",\"@graph\":[{\"@type\":\"NewsArticle\",\"@id\":\"https:\/\/www.gaveanews.com\/index.php\/2025\/01\/10\/gremio-a-declaracao-de-guerra-sobre-a-chegada-de-reforcos\/#article\",\"isPartOf\":{\"@id\":\"https:\/\/www.gaveanews.com\/index.php\/2025\/01\/10\/gremio-a-declaracao-de-guerra-sobre-a-chegada-de-reforcos\/\"},\"author\":{\"name\":\"Leandro Azevedo\",\"@id\":\"https:\/\/www.gaveanews.com\/#\/schema\/person\/2877169f354c4596cf5aab74ea7c56a8\"},\"headline\":\"Gr\u00eamio: a declara\u00e7\u00e3o de Guerra sobre a chegada de refor\u00e7os\",\"datePublished\":\"2025-01-10T04:20:00+00:00\",\"mainEntityOfPage\":{\"@id\":\"https:\/\/www.gaveanews.com\/index.php\/2025\/01\/10\/gremio-a-declaracao-de-guerra-sobre-a-chegada-de-reforcos\/\"},\"wordCount\":408,\"commentCount\":0,\"image\":{\"@id\":\"https:\/\/www.gaveanews.com\/index.php\/2025\/01\/10\/gremio-a-declaracao-de-guerra-sobre-a-chegada-de-reforcos\/#primaryimage\"},\"thumbnailUrl\":\"https:\/\/www.gaveanews.com\/wp-content\/uploads\/Escudo-do-Gremio.webp\",\"articleSection\":[\"Gr\u00eamio\"],\"inLanguage\":\"pt-BR\",\"potentialAction\":[{\"@type\":\"CommentAction\",\"name\":\"Comment\",\"target\":[\"https:\/\/www.gaveanews.com\/index.php\/2025\/01\/10\/gremio-a-declaracao-de-guerra-sobre-a-chegada-de-reforcos\/#respond\"]}],\"copyrightYear\":\"2025\",\"copyrightHolder\":{\"@id\":\"https:\/\/www.gaveanews.com\/#organization\"}},{\"@type\":\"WebPage\",\"@id\":\"https:\/\/www.gaveanews.com\/index.php\/2025\/01\/10\/gremio-a-declaracao-de-guerra-sobre-a-chegada-de-reforcos\/\",\"url\":\"https:\/\/www.gaveanews.com\/index.php\/2025\/01\/10\/gremio-a-declaracao-de-guerra-sobre-a-chegada-de-reforcos\/\",\"name\":\"Gr\u00eamio: a declara\u00e7\u00e3o de Guerra sobre a chegada de refor\u00e7os\",\"isPartOf\":{\"@id\":\"https:\/\/www.gaveanews.com\/#website\"},\"primaryImageOfPage\":{\"@id\":\"https:\/\/www.gaveanews.com\/index.php\/2025\/01\/10\/gremio-a-declaracao-de-guerra-sobre-a-chegada-de-reforcos\/#primaryimage\"},\"image\":{\"@id\":\"https:\/\/www.gaveanews.com\/index.php\/2025\/01\/10\/gremio-a-declaracao-de-guerra-sobre-a-chegada-de-reforcos\/#primaryimage\"},\"thumbnailUrl\":\"https:\/\/www.gaveanews.com\/wp-content\/uploads\/Escudo-do-Gremio.webp\",\"datePublished\":\"2025-01-10T04:20:00+00:00\",\"author\":{\"@id\":\"https:\/\/www.gaveanews.com\/#\/schema\/person\/2877169f354c4596cf5aab74ea7c56a8\"},\"breadcrumb\":{\"@id\":\"https:\/\/www.gaveanews.com\/index.php\/2025\/01\/10\/gremio-a-declaracao-de-guerra-sobre-a-chegada-de-reforcos\/#breadcrumb\"},\"inLanguage\":\"pt-BR\",\"potentialAction\":[{\"@type\":\"ReadAction\",\"target\":[\"https:\/\/www.gaveanews.com\/index.php\/2025\/01\/10\/gremio-a-declaracao-de-guerra-sobre-a-chegada-de-reforcos\/\"]}]},{\"@type\":\"ImageObject\",\"inLanguage\":\"pt-BR\",\"@id\":\"https:\/\/www.gaveanews.com\/index.php\/2025\/01\/10\/gremio-a-declaracao-de-guerra-sobre-a-chegada-de-reforcos\/#primaryimage\",\"url\":\"https:\/\/www.gaveanews.com\/wp-content\/uploads\/Escudo-do-Gremio.webp\",\"contentUrl\":\"https:\/\/www.gaveanews.com\/wp-content\/uploads\/Escudo-do-Gremio.webp\",\"width\":1163,\"height\":775,\"caption\":\"Escudo do Gr\u00eamio (Foto: Reprodu\u00e7\u00e3o\/Gr\u00eamio)\"},{\"@type\":\"BreadcrumbList\",\"@id\":\"https:\/\/www.gaveanews.com\/index.php\/2025\/01\/10\/gremio-a-declaracao-de-guerra-sobre-a-chegada-de-reforcos\/#breadcrumb\",\"itemListElement\":[{\"@type\":\"ListItem\",\"position\":1,\"name\":\"Home\",\"item\":\"https:\/\/www.gaveanews.com\/\"},{\"@type\":\"ListItem\",\"position\":2,\"name\":\"Gr\u00eamio: a declara\u00e7\u00e3o de Guerra sobre a chegada de refor\u00e7os\"}]},{\"@type\":\"WebSite\",\"@id\":\"https:\/\/www.gaveanews.com\/#website\",\"url\":\"https:\/\/www.gaveanews.com\/\",\"name\":\"G\u00e1vea News\",\"description\":\"Veja todas as not\u00edcias sobre o Flamengo: Contrata\u00e7\u00f5es, categorias de base, resultados das partidas, tabela de classifica\u00e7\u00e3o, pr\u00f3ximos jogos!\",\"potentialAction\":[{\"@type\":\"SearchAction\",\"target\":{\"@type\":\"EntryPoint\",\"urlTemplate\":\"https:\/\/www.gaveanews.com\/?s={search_term_string}\"},\"query-input\":{\"@type\":\"PropertyValueSpecification\",\"valueRequired\":true,\"valueName\":\"search_term_string\"}}],\"inLanguage\":\"pt-BR\"},{\"@type\":\"Person\",\"@id\":\"https:\/\/www.gaveanews.com\/#\/schema\/person\/2877169f354c4596cf5aab74ea7c56a8\",\"name\":\"Leandro Azevedo\",\"image\":{\"@type\":\"ImageObject\",\"inLanguage\":\"pt-BR\",\"@id\":\"https:\/\/www.gaveanews.com\/#\/schema\/person\/image\/\",\"url\":\"https:\/\/secure.gravatar.com\/avatar\/e2f72eb6d986a41d592a85e4e36a6c6170e9ea8a1f433dfc29d0011a8968f89c?s=96&d=mm&r=g\",\"contentUrl\":\"https:\/\/secure.gravatar.com\/avatar\/e2f72eb6d986a41d592a85e4e36a6c6170e9ea8a1f433dfc29d0011a8968f89c?s=96&d=mm&r=g\",\"caption\":\"Leandro Azevedo\"}}]}<\/script>\n<!-- \/ Yoast SEO Premium plugin. -->","yoast_head_json":{"title":"Gr\u00eamio: a declara\u00e7\u00e3o de Guerra sobre a chegada de refor\u00e7os","robots":{"index":"index","follow":"follow","max-snippet":"max-snippet:-1","max-image-preview":"max-image-preview:large","max-video-preview":"max-video-preview:-1"},"canonical":"https:\/\/www.gaveanews.com\/index.php\/2025\/01\/10\/gremio-a-declaracao-de-guerra-sobre-a-chegada-de-reforcos\/","og_locale":"pt_BR","og_type":"article","og_title":"Gr\u00eamio: a declara\u00e7\u00e3o de Guerra sobre a chegada de refor\u00e7os","og_description":"O Gr\u00eamio deu in\u00edcio aos trabalhos de pr\u00e9-temporada com o elenco ainda em forma\u00e7\u00e3o. At\u00e9 o momento, Jo\u00e3o Lucas, lateral-direito contratado junto ao Santos, \u00e9 o \u00fanico refor\u00e7o confirmado. Durante a reapresenta\u00e7\u00e3o do grupo, o presidente Alberto Guerra explicou as dificuldades do clube no mercado e pediu paci\u00eancia \u00e0 torcida quanto ao an\u00fancio de novos [&hellip;]","og_url":"https:\/\/www.gaveanews.com\/index.php\/2025\/01\/10\/gremio-a-declaracao-de-guerra-sobre-a-chegada-de-reforcos\/","og_site_name":"G\u00e1vea News","article_publisher":"https:\/\/facebook.com\/gaveaNews\/","article_published_time":"2025-01-10T04:20:00+00:00","og_image":[{"width":1163,"height":775,"url":"https:\/\/www.gaveanews.com\/wp-content\/uploads\/Escudo-do-Gremio.webp","type":"image\/webp"}],"author":"Leandro Azevedo","twitter_card":"summary_large_image","twitter_misc":{"Escrito por":"Leandro Azevedo","Est. tempo de leitura":"3 minutos"},"schema":{"@context":"https:\/\/schema.org","@graph":[{"@type":"NewsArticle","@id":"https:\/\/www.gaveanews.com\/index.php\/2025\/01\/10\/gremio-a-declaracao-de-guerra-sobre-a-chegada-de-reforcos\/#article","isPartOf":{"@id":"https:\/\/www.gaveanews.com\/index.php\/2025\/01\/10\/gremio-a-declaracao-de-guerra-sobre-a-chegada-de-reforcos\/"},"author":{"name":"Leandro Azevedo","@id":"https:\/\/www.gaveanews.com\/#\/schema\/person\/2877169f354c4596cf5aab74ea7c56a8"},"headline":"Gr\u00eamio: a declara\u00e7\u00e3o de Guerra sobre a chegada de refor\u00e7os","datePublished":"2025-01-10T04:20:00+00:00","mainEntityOfPage":{"@id":"https:\/\/www.gaveanews.com\/index.php\/2025\/01\/10\/gremio-a-declaracao-de-guerra-sobre-a-chegada-de-reforcos\/"},"wordCount":408,"commentCount":0,"image":{"@id":"https:\/\/www.gaveanews.com\/index.php\/2025\/01\/10\/gremio-a-declaracao-de-guerra-sobre-a-chegada-de-reforcos\/#primaryimage"},"thumbnailUrl":"https:\/\/www.gaveanews.com\/wp-content\/uploads\/Escudo-do-Gremio.webp","articleSection":["Gr\u00eamio"],"inLanguage":"pt-BR","potentialAction":[{"@type":"CommentAction","name":"Comment","target":["https:\/\/www.gaveanews.com\/index.php\/2025\/01\/10\/gremio-a-declaracao-de-guerra-sobre-a-chegada-de-reforcos\/#respond"]}],"copyrightYear":"2025","copyrightHolder":{"@id":"https:\/\/www.gaveanews.com\/#organization"}},{"@type":"WebPage","@id":"https:\/\/www.gaveanews.com\/index.php\/2025\/01\/10\/gremio-a-declaracao-de-guerra-sobre-a-chegada-de-reforcos\/","url":"https:\/\/www.gaveanews.com\/index.php\/2025\/01\/10\/gremio-a-declaracao-de-guerra-sobre-a-chegada-de-reforcos\/","name":"Gr\u00eamio: a declara\u00e7\u00e3o de Guerra sobre a chegada de refor\u00e7os","isPartOf":{"@id":"https:\/\/www.gaveanews.com\/#website"},"primaryImageOfPage":{"@id":"https:\/\/www.gaveanews.com\/index.php\/2025\/01\/10\/gremio-a-declaracao-de-guerra-sobre-a-chegada-de-reforcos\/#primaryimage"},"image":{"@id":"https:\/\/www.gaveanews.com\/index.php\/2025\/01\/10\/gremio-a-declaracao-de-guerra-sobre-a-chegada-de-reforcos\/#primaryimage"},"thumbnailUrl":"https:\/\/www.gaveanews.com\/wp-content\/uploads\/Escudo-do-Gremio.webp","datePublished":"2025-01-10T04:20:00+00:00","author":{"@id":"https:\/\/www.gaveanews.com\/#\/schema\/person\/2877169f354c4596cf5aab74ea7c56a8"},"breadcrumb":{"@id":"https:\/\/www.gaveanews.com\/index.php\/2025\/01\/10\/gremio-a-declaracao-de-guerra-sobre-a-chegada-de-reforcos\/#breadcrumb"},"inLanguage":"pt-BR","potentialAction":[{"@type":"ReadAction","target":["https:\/\/www.gaveanews.com\/index.php\/2025\/01\/10\/gremio-a-declaracao-de-guerra-sobre-a-chegada-de-reforcos\/"]}]},{"@type":"ImageObject","inLanguage":"pt-BR","@id":"https:\/\/www.gaveanews.com\/index.php\/2025\/01\/10\/gremio-a-declaracao-de-guerra-sobre-a-chegada-de-reforcos\/#primaryimage","url":"https:\/\/www.gaveanews.com\/wp-content\/uploads\/Escudo-do-Gremio.webp","contentUrl":"https:\/\/www.gaveanews.com\/wp-content\/uploads\/Escudo-do-Gremio.webp","width":1163,"height":775,"caption":"Escudo do Gr\u00eamio (Foto: Reprodu\u00e7\u00e3o\/Gr\u00eamio)"},{"@type":"BreadcrumbList","@id":"https:\/\/www.gaveanews.com\/index.php\/2025\/01\/10\/gremio-a-declaracao-de-guerra-sobre-a-chegada-de-reforcos\/#breadcrumb","itemListElement":[{"@type":"ListItem","position":1,"name":"Home","item":"https:\/\/www.gaveanews.com\/"},{"@type":"ListItem","position":2,"name":"Gr\u00eamio: a declara\u00e7\u00e3o de Guerra sobre a chegada de refor\u00e7os"}]},{"@type":"WebSite","@id":"https:\/\/www.gaveanews.com\/#website","url":"https:\/\/www.gaveanews.com\/","name":"G\u00e1vea News","description":"Veja todas as not\u00edcias sobre o Flamengo: Contrata\u00e7\u00f5es, categorias de base, resultados das partidas, tabela de classifica\u00e7\u00e3o, pr\u00f3ximos jogos!","potentialAction":[{"@type":"SearchAction","target":{"@type":"EntryPoint","urlTemplate":"https:\/\/www.gaveanews.com\/?s={search_term_string}"},"query-input":{"@type":"PropertyValueSpecification","valueRequired":true,"valueName":"search_term_string"}}],"inLanguage":"pt-BR"},{"@type":"Person","@id":"https:\/\/www.gaveanews.com\/#\/schema\/person\/2877169f354c4596cf5aab74ea7c56a8","name":"Leandro Azevedo","image":{"@type":"ImageObject","inLanguage":"pt-BR","@id":"https:\/\/www.gaveanews.com\/#\/schema\/person\/image\/","url":"https:\/\/secure.gravatar.com\/avatar\/e2f72eb6d986a41d592a85e4e36a6c6170e9ea8a1f433dfc29d0011a8968f89c?s=96&d=mm&r=g","contentUrl":"https:\/\/secure.gravatar.com\/avatar\/e2f72eb6d986a41d592a85e4e36a6c6170e9ea8a1f433dfc29d0011a8968f89c?s=96&d=mm&r=g","caption":"Leandro Azevedo"}}]}},"_links":{"self":[{"href":"https:\/\/www.gaveanews.com\/index.php\/wp-json\/wp\/v2\/posts\/210456","targetHints":{"allow":["GET"]}}],"collection":[{"href":"https:\/\/www.gaveanews.com\/index.php\/wp-json\/wp\/v2\/posts"}],"about":[{"href":"https:\/\/www.gaveanews.com\/index.php\/wp-json\/wp\/v2\/types\/post"}],"author":[{"embeddable":true,"href":"https:\/\/www.gaveanews.com\/index.php\/wp-json\/wp\/v2\/users\/23"}],"replies":[{"embeddable":true,"href":"https:\/\/www.gaveanews.com\/index.php\/wp-json\/wp\/v2\/comments?post=210456"}],"version-history":[{"count":2,"href":"https:\/\/www.gaveanews.com\/index.php\/wp-json\/wp\/v2\/posts\/210456\/revisions"}],"predecessor-version":[{"id":210661,"href":"https:\/\/www.gaveanews.com\/index.php\/wp-json\/wp\/v2\/posts\/210456\/revisions\/210661"}],"wp:featuredmedia":[{"embeddable":true,"href":"https:\/\/www.gaveanews.com\/index.php\/wp-json\/wp\/v2\/media\/154785"}],"wp:attachment":[{"href":"https:\/\/www.gaveanews.com\/index.php\/wp-json\/wp\/v2\/media?parent=210456"}],"wp:term":[{"taxonomy":"category","embeddable":true,"href":"https:\/\/www.gaveanews.com\/index.php\/wp-json\/wp\/v2\/categories?post=210456"},{"taxonomy":"post_tag","embeddable":true,"href":"https:\/\/www.gaveanews.com\/index.php\/wp-json\/wp\/v2\/tags?post=210456"}],"curies":[{"name":"wp","href":"https:\/\/api.w.org\/{rel}","templated":true}]}}