{"id":210460,"date":"2025-01-10T01:05:00","date_gmt":"2025-01-10T04:05:00","guid":{"rendered":"https:\/\/www.gaveanews.com\/?p=210460"},"modified":"2025-01-09T23:49:12","modified_gmt":"2025-01-10T02:49:12","slug":"craque-neto-detona-atitude-da-diretoria-do-palmeiras","status":"publish","type":"post","link":"https:\/\/www.gaveanews.com\/index.php\/2025\/01\/10\/craque-neto-detona-atitude-da-diretoria-do-palmeiras\/","title":{"rendered":"Craque Neto detona atitude da diretoria do Palmeiras"},"content":{"rendered":"\n<p>O apresentador Craque Neto n\u00e3o poupou cr\u00edticas \u00e0 atitude do Palmeiras em rela\u00e7\u00e3o ao atacante Rony. Segundo o ex-jogador e \u00eddolo do Corinthians, o camisa 10 do Verd\u00e3o foi afastado do grupo principal ap\u00f3s recusar ser negociado com o Fluminense. A informa\u00e7\u00e3o teria sido recebida por Neto, que exp\u00f4s sua indigna\u00e7\u00e3o no programa <em>Os Donos da Bola<\/em>.<\/p>\n\n\n\n<ul class=\"wp-block-list\">\n<li><strong><a href=\"https:\/\/www.gaveanews.com\/index.php\/2025\/01\/09\/agora-e-oficial-palmeiras-anuncia-novo-patrocinador\/?utm_source=terra_capa_parceiros&amp;utm_medium=referral\">Agora \u00e9 oficial! Palmeiras anuncia novo patrocinador<\/a><\/strong><\/li>\n\n\n\n<li><strong><a href=\"https:\/\/www.gaveanews.com\/index.php\/2025\/01\/09\/vidente-preve-futuro-do-palmeiras-no-paulistao-2025\/?utm_source=terra_capa_parceiros&amp;utm_medium=referral\">Vidente prev\u00ea futuro do Palmeiras no Paulist\u00e3o 2025<\/a><\/strong><\/li>\n<\/ul>\n\n\n\n<p>&#8220;Parab\u00e9ns, Abel Ferreira, Palmeiras e Jo\u00e3o, por colocar o Rony para treinar separado agora. Separado dos demais jogadores? \u00c9 isso mesmo que voc\u00eas fizeram com o maior artilheiro da hist\u00f3ria do clube na Libertadores?&#8221;, disparou o apresentador. &#8220;Ele ajudou voc\u00eas a conquistar a Libertadores e tudo mais. Como podem ser t\u00e3o desleais?&#8221;.<\/p>\n\n\n\n<p>O impasse come\u00e7ou quando o Palmeiras tentou incluir Rony como parte de pagamento em uma negocia\u00e7\u00e3o pelo meia colombiano Jhon Arias, do Fluminense. O atacante, no entanto, recusou a transfer\u00eancia, o que teria irritado a diretoria alviverde. Segundo Neto, a decis\u00e3o de afastar o jogador \u00e9 &#8216;um absurdo do absurdo&#8217;.<\/p>\n\n\n\n<p>A postura do clube tamb\u00e9m levantou questionamentos sobre o tratamento dado a jogadores hist\u00f3ricos. Neto aproveitou para relembrar casos recentes, como o do atacante Dudu, que deixou o Palmeiras para atuar no Cruzeiro ap\u00f3s uma sa\u00edda considerada conturbada. &#8220;Como voc\u00eas tratam o Dudu, o Rony e at\u00e9 o Ademir da Guia? Esses jogadores mereciam mais respeito&#8221;, pontuou.<\/p>\n\n\n\n<p>Mesmo com as cr\u00edticas \u00e0 gest\u00e3o alviverde, Craque Neto apontou o Palmeiras como um dos favoritos para a disputa do Campeonato Paulista de 2024, ao lado do Corinthians. Para ele, a base mantida pelo Tim\u00e3o e os investimentos feitos pelo Verd\u00e3o colocam os rivais \u00e0 frente dos demais concorrentes.<\/p>\n\n\n\n<blockquote class=\"twitter-tweet\"><p lang=\"pt\" dir=\"ltr\">EXCLUSIVA \ud83d\udea8<br><br>Rony treina separado do elenco palmeirense em meio a negocia\u00e7\u00f5es para sua sa\u00edda da equipe.<br><br>Craque Neto comenta: &quot;Como podem ser t\u00e3o desleais com o artilheiro da libertadores&quot; \u203c\ufe0f<br><br>Al\u00e9m disso, verd\u00e3o se interessa pelo Jhon Arias, destaque tricolor e craque do time.\u2026 <a href=\"https:\/\/t.co\/icdYZByVP0\">pic.twitter.com\/icdYZByVP0<\/a><\/p>&mdash; R\u00e1dio Craque Neto (@radiocraqueneto) <a href=\"https:\/\/twitter.com\/radiocraqueneto\/status\/1877399747641880853?ref_src=twsrc%5Etfw\">January 9, 2025<\/a><\/blockquote> <script async src=\"https:\/\/platform.twitter.com\/widgets.js\" charset=\"utf-8\"><\/script>\n\n\n\n<p>Com a temporada se aproximando, o futuro de Rony no Palmeiras ainda \u00e9 incerto. O atacante, pe\u00e7a fundamental nas conquistas recentes do clube, vive um momento delicado, e a rela\u00e7\u00e3o com a diretoria parece cada vez mais desgastada.<\/p>\n","protected":false},"excerpt":{"rendered":"<p>O apresentador Craque Neto n\u00e3o poupou cr\u00edticas \u00e0 atitude do Palmeiras em rela\u00e7\u00e3o ao atacante Rony. Segundo o ex-jogador e \u00eddolo do Corinthians, o camisa 10 do Verd\u00e3o foi afastado do grupo principal ap\u00f3s recusar ser negociado com o Fluminense. A informa\u00e7\u00e3o teria sido recebida por Neto, que exp\u00f4s sua indigna\u00e7\u00e3o no programa Os Donos [&hellip;]<\/p>\n","protected":false},"author":23,"featured_media":71983,"comment_status":"open","ping_status":"closed","sticky":false,"template":"","format":"standard","meta":{"footnotes":""},"categories":[150],"tags":[],"class_list":["post-210460","post","type-post","status-publish","format-standard","has-post-thumbnail","hentry","category-palmeiras"],"yoast_head":"<!-- This site is optimized with the Yoast SEO Premium plugin v24.2 (Yoast SEO v26.9) - https:\/\/yoast.com\/product\/yoast-seo-premium-wordpress\/ -->\n<title>Craque Neto detona atitude da diretoria do Palmeiras<\/title>\n<meta name=\"robots\" content=\"index, follow, max-snippet:-1, max-image-preview:large, max-video-preview:-1\" \/>\n<link rel=\"canonical\" href=\"https:\/\/www.gaveanews.com\/index.php\/2025\/01\/10\/craque-neto-detona-atitude-da-diretoria-do-palmeiras\/\" \/>\n<meta property=\"og:locale\" content=\"pt_BR\" \/>\n<meta property=\"og:type\" content=\"article\" \/>\n<meta property=\"og:title\" content=\"Craque Neto detona atitude da diretoria do Palmeiras\" \/>\n<meta property=\"og:description\" content=\"O apresentador Craque Neto n\u00e3o poupou cr\u00edticas \u00e0 atitude do Palmeiras em rela\u00e7\u00e3o ao atacante Rony. Segundo o ex-jogador e \u00eddolo do Corinthians, o camisa 10 do Verd\u00e3o foi afastado do grupo principal ap\u00f3s recusar ser negociado com o Fluminense. A informa\u00e7\u00e3o teria sido recebida por Neto, que exp\u00f4s sua indigna\u00e7\u00e3o no programa Os Donos [&hellip;]\" \/>\n<meta property=\"og:url\" content=\"https:\/\/www.gaveanews.com\/index.php\/2025\/01\/10\/craque-neto-detona-atitude-da-diretoria-do-palmeiras\/\" \/>\n<meta property=\"og:site_name\" content=\"G\u00e1vea News\" \/>\n<meta property=\"article:publisher\" content=\"https:\/\/facebook.com\/gaveaNews\/\" \/>\n<meta property=\"article:published_time\" content=\"2025-01-10T04:05:00+00:00\" \/>\n<meta property=\"og:image\" content=\"https:\/\/www.gaveanews.com\/wp-content\/uploads\/Comentarista-Neto-em-programa-da-Band.webp\" \/>\n\t<meta property=\"og:image:width\" content=\"846\" \/>\n\t<meta property=\"og:image:height\" content=\"476\" \/>\n\t<meta property=\"og:image:type\" content=\"image\/jpeg\" \/>\n<meta name=\"author\" content=\"Leandro Azevedo\" \/>\n<meta name=\"twitter:card\" content=\"summary_large_image\" \/>\n<meta name=\"twitter:label1\" content=\"Escrito por\" \/>\n\t<meta name=\"twitter:data1\" content=\"Leandro Azevedo\" \/>\n\t<meta name=\"twitter:label2\" content=\"Est. tempo de leitura\" \/>\n\t<meta name=\"twitter:data2\" content=\"2 minutos\" \/>\n<script type=\"application\/ld+json\" class=\"yoast-schema-graph\">{\"@context\":\"https:\/\/schema.org\",\"@graph\":[{\"@type\":\"NewsArticle\",\"@id\":\"https:\/\/www.gaveanews.com\/index.php\/2025\/01\/10\/craque-neto-detona-atitude-da-diretoria-do-palmeiras\/#article\",\"isPartOf\":{\"@id\":\"https:\/\/www.gaveanews.com\/index.php\/2025\/01\/10\/craque-neto-detona-atitude-da-diretoria-do-palmeiras\/\"},\"author\":{\"name\":\"Leandro Azevedo\",\"@id\":\"https:\/\/www.gaveanews.com\/#\/schema\/person\/2877169f354c4596cf5aab74ea7c56a8\"},\"headline\":\"Craque Neto detona atitude da diretoria do Palmeiras\",\"datePublished\":\"2025-01-10T04:05:00+00:00\",\"mainEntityOfPage\":{\"@id\":\"https:\/\/www.gaveanews.com\/index.php\/2025\/01\/10\/craque-neto-detona-atitude-da-diretoria-do-palmeiras\/\"},\"wordCount\":407,\"commentCount\":0,\"image\":{\"@id\":\"https:\/\/www.gaveanews.com\/index.php\/2025\/01\/10\/craque-neto-detona-atitude-da-diretoria-do-palmeiras\/#primaryimage\"},\"thumbnailUrl\":\"https:\/\/www.gaveanews.com\/wp-content\/uploads\/Comentarista-Neto-em-programa-da-Band.webp\",\"articleSection\":[\"Palmeiras\"],\"inLanguage\":\"pt-BR\",\"potentialAction\":[{\"@type\":\"CommentAction\",\"name\":\"Comment\",\"target\":[\"https:\/\/www.gaveanews.com\/index.php\/2025\/01\/10\/craque-neto-detona-atitude-da-diretoria-do-palmeiras\/#respond\"]}],\"copyrightYear\":\"2025\",\"copyrightHolder\":{\"@id\":\"https:\/\/www.gaveanews.com\/#organization\"}},{\"@type\":\"WebPage\",\"@id\":\"https:\/\/www.gaveanews.com\/index.php\/2025\/01\/10\/craque-neto-detona-atitude-da-diretoria-do-palmeiras\/\",\"url\":\"https:\/\/www.gaveanews.com\/index.php\/2025\/01\/10\/craque-neto-detona-atitude-da-diretoria-do-palmeiras\/\",\"name\":\"Craque Neto detona atitude da diretoria do Palmeiras\",\"isPartOf\":{\"@id\":\"https:\/\/www.gaveanews.com\/#website\"},\"primaryImageOfPage\":{\"@id\":\"https:\/\/www.gaveanews.com\/index.php\/2025\/01\/10\/craque-neto-detona-atitude-da-diretoria-do-palmeiras\/#primaryimage\"},\"image\":{\"@id\":\"https:\/\/www.gaveanews.com\/index.php\/2025\/01\/10\/craque-neto-detona-atitude-da-diretoria-do-palmeiras\/#primaryimage\"},\"thumbnailUrl\":\"https:\/\/www.gaveanews.com\/wp-content\/uploads\/Comentarista-Neto-em-programa-da-Band.webp\",\"datePublished\":\"2025-01-10T04:05:00+00:00\",\"author\":{\"@id\":\"https:\/\/www.gaveanews.com\/#\/schema\/person\/2877169f354c4596cf5aab74ea7c56a8\"},\"breadcrumb\":{\"@id\":\"https:\/\/www.gaveanews.com\/index.php\/2025\/01\/10\/craque-neto-detona-atitude-da-diretoria-do-palmeiras\/#breadcrumb\"},\"inLanguage\":\"pt-BR\",\"potentialAction\":[{\"@type\":\"ReadAction\",\"target\":[\"https:\/\/www.gaveanews.com\/index.php\/2025\/01\/10\/craque-neto-detona-atitude-da-diretoria-do-palmeiras\/\"]}]},{\"@type\":\"ImageObject\",\"inLanguage\":\"pt-BR\",\"@id\":\"https:\/\/www.gaveanews.com\/index.php\/2025\/01\/10\/craque-neto-detona-atitude-da-diretoria-do-palmeiras\/#primaryimage\",\"url\":\"https:\/\/www.gaveanews.com\/wp-content\/uploads\/Comentarista-Neto-em-programa-da-Band.webp\",\"contentUrl\":\"https:\/\/www.gaveanews.com\/wp-content\/uploads\/Comentarista-Neto-em-programa-da-Band.webp\",\"width\":846,\"height\":476,\"caption\":\"Comentarista Neto em programa da Band (Foto: Reprodu\u00e7\u00e3o\/Band)\"},{\"@type\":\"BreadcrumbList\",\"@id\":\"https:\/\/www.gaveanews.com\/index.php\/2025\/01\/10\/craque-neto-detona-atitude-da-diretoria-do-palmeiras\/#breadcrumb\",\"itemListElement\":[{\"@type\":\"ListItem\",\"position\":1,\"name\":\"Home\",\"item\":\"https:\/\/www.gaveanews.com\/\"},{\"@type\":\"ListItem\",\"position\":2,\"name\":\"Craque Neto detona atitude da diretoria do Palmeiras\"}]},{\"@type\":\"WebSite\",\"@id\":\"https:\/\/www.gaveanews.com\/#website\",\"url\":\"https:\/\/www.gaveanews.com\/\",\"name\":\"G\u00e1vea News\",\"description\":\"Veja todas as not\u00edcias sobre o Flamengo: Contrata\u00e7\u00f5es, categorias de base, resultados das partidas, tabela de classifica\u00e7\u00e3o, pr\u00f3ximos jogos!\",\"potentialAction\":[{\"@type\":\"SearchAction\",\"target\":{\"@type\":\"EntryPoint\",\"urlTemplate\":\"https:\/\/www.gaveanews.com\/?s={search_term_string}\"},\"query-input\":{\"@type\":\"PropertyValueSpecification\",\"valueRequired\":true,\"valueName\":\"search_term_string\"}}],\"inLanguage\":\"pt-BR\"},{\"@type\":\"Person\",\"@id\":\"https:\/\/www.gaveanews.com\/#\/schema\/person\/2877169f354c4596cf5aab74ea7c56a8\",\"name\":\"Leandro Azevedo\",\"image\":{\"@type\":\"ImageObject\",\"inLanguage\":\"pt-BR\",\"@id\":\"https:\/\/www.gaveanews.com\/#\/schema\/person\/image\/\",\"url\":\"https:\/\/secure.gravatar.com\/avatar\/e2f72eb6d986a41d592a85e4e36a6c6170e9ea8a1f433dfc29d0011a8968f89c?s=96&d=mm&r=g\",\"contentUrl\":\"https:\/\/secure.gravatar.com\/avatar\/e2f72eb6d986a41d592a85e4e36a6c6170e9ea8a1f433dfc29d0011a8968f89c?s=96&d=mm&r=g\",\"caption\":\"Leandro Azevedo\"}}]}<\/script>\n<!-- \/ Yoast SEO Premium plugin. -->","yoast_head_json":{"title":"Craque Neto detona atitude da diretoria do Palmeiras","robots":{"index":"index","follow":"follow","max-snippet":"max-snippet:-1","max-image-preview":"max-image-preview:large","max-video-preview":"max-video-preview:-1"},"canonical":"https:\/\/www.gaveanews.com\/index.php\/2025\/01\/10\/craque-neto-detona-atitude-da-diretoria-do-palmeiras\/","og_locale":"pt_BR","og_type":"article","og_title":"Craque Neto detona atitude da diretoria do Palmeiras","og_description":"O apresentador Craque Neto n\u00e3o poupou cr\u00edticas \u00e0 atitude do Palmeiras em rela\u00e7\u00e3o ao atacante Rony. Segundo o ex-jogador e \u00eddolo do Corinthians, o camisa 10 do Verd\u00e3o foi afastado do grupo principal ap\u00f3s recusar ser negociado com o Fluminense. A informa\u00e7\u00e3o teria sido recebida por Neto, que exp\u00f4s sua indigna\u00e7\u00e3o no programa Os Donos [&hellip;]","og_url":"https:\/\/www.gaveanews.com\/index.php\/2025\/01\/10\/craque-neto-detona-atitude-da-diretoria-do-palmeiras\/","og_site_name":"G\u00e1vea News","article_publisher":"https:\/\/facebook.com\/gaveaNews\/","article_published_time":"2025-01-10T04:05:00+00:00","og_image":[{"width":846,"height":476,"url":"https:\/\/www.gaveanews.com\/wp-content\/uploads\/Comentarista-Neto-em-programa-da-Band.webp","type":"image\/jpeg"}],"author":"Leandro Azevedo","twitter_card":"summary_large_image","twitter_misc":{"Escrito por":"Leandro Azevedo","Est. tempo de leitura":"2 minutos"},"schema":{"@context":"https:\/\/schema.org","@graph":[{"@type":"NewsArticle","@id":"https:\/\/www.gaveanews.com\/index.php\/2025\/01\/10\/craque-neto-detona-atitude-da-diretoria-do-palmeiras\/#article","isPartOf":{"@id":"https:\/\/www.gaveanews.com\/index.php\/2025\/01\/10\/craque-neto-detona-atitude-da-diretoria-do-palmeiras\/"},"author":{"name":"Leandro Azevedo","@id":"https:\/\/www.gaveanews.com\/#\/schema\/person\/2877169f354c4596cf5aab74ea7c56a8"},"headline":"Craque Neto detona atitude da diretoria do Palmeiras","datePublished":"2025-01-10T04:05:00+00:00","mainEntityOfPage":{"@id":"https:\/\/www.gaveanews.com\/index.php\/2025\/01\/10\/craque-neto-detona-atitude-da-diretoria-do-palmeiras\/"},"wordCount":407,"commentCount":0,"image":{"@id":"https:\/\/www.gaveanews.com\/index.php\/2025\/01\/10\/craque-neto-detona-atitude-da-diretoria-do-palmeiras\/#primaryimage"},"thumbnailUrl":"https:\/\/www.gaveanews.com\/wp-content\/uploads\/Comentarista-Neto-em-programa-da-Band.webp","articleSection":["Palmeiras"],"inLanguage":"pt-BR","potentialAction":[{"@type":"CommentAction","name":"Comment","target":["https:\/\/www.gaveanews.com\/index.php\/2025\/01\/10\/craque-neto-detona-atitude-da-diretoria-do-palmeiras\/#respond"]}],"copyrightYear":"2025","copyrightHolder":{"@id":"https:\/\/www.gaveanews.com\/#organization"}},{"@type":"WebPage","@id":"https:\/\/www.gaveanews.com\/index.php\/2025\/01\/10\/craque-neto-detona-atitude-da-diretoria-do-palmeiras\/","url":"https:\/\/www.gaveanews.com\/index.php\/2025\/01\/10\/craque-neto-detona-atitude-da-diretoria-do-palmeiras\/","name":"Craque Neto detona atitude da diretoria do Palmeiras","isPartOf":{"@id":"https:\/\/www.gaveanews.com\/#website"},"primaryImageOfPage":{"@id":"https:\/\/www.gaveanews.com\/index.php\/2025\/01\/10\/craque-neto-detona-atitude-da-diretoria-do-palmeiras\/#primaryimage"},"image":{"@id":"https:\/\/www.gaveanews.com\/index.php\/2025\/01\/10\/craque-neto-detona-atitude-da-diretoria-do-palmeiras\/#primaryimage"},"thumbnailUrl":"https:\/\/www.gaveanews.com\/wp-content\/uploads\/Comentarista-Neto-em-programa-da-Band.webp","datePublished":"2025-01-10T04:05:00+00:00","author":{"@id":"https:\/\/www.gaveanews.com\/#\/schema\/person\/2877169f354c4596cf5aab74ea7c56a8"},"breadcrumb":{"@id":"https:\/\/www.gaveanews.com\/index.php\/2025\/01\/10\/craque-neto-detona-atitude-da-diretoria-do-palmeiras\/#breadcrumb"},"inLanguage":"pt-BR","potentialAction":[{"@type":"ReadAction","target":["https:\/\/www.gaveanews.com\/index.php\/2025\/01\/10\/craque-neto-detona-atitude-da-diretoria-do-palmeiras\/"]}]},{"@type":"ImageObject","inLanguage":"pt-BR","@id":"https:\/\/www.gaveanews.com\/index.php\/2025\/01\/10\/craque-neto-detona-atitude-da-diretoria-do-palmeiras\/#primaryimage","url":"https:\/\/www.gaveanews.com\/wp-content\/uploads\/Comentarista-Neto-em-programa-da-Band.webp","contentUrl":"https:\/\/www.gaveanews.com\/wp-content\/uploads\/Comentarista-Neto-em-programa-da-Band.webp","width":846,"height":476,"caption":"Comentarista Neto em programa da Band (Foto: Reprodu\u00e7\u00e3o\/Band)"},{"@type":"BreadcrumbList","@id":"https:\/\/www.gaveanews.com\/index.php\/2025\/01\/10\/craque-neto-detona-atitude-da-diretoria-do-palmeiras\/#breadcrumb","itemListElement":[{"@type":"ListItem","position":1,"name":"Home","item":"https:\/\/www.gaveanews.com\/"},{"@type":"ListItem","position":2,"name":"Craque Neto detona atitude da diretoria do Palmeiras"}]},{"@type":"WebSite","@id":"https:\/\/www.gaveanews.com\/#website","url":"https:\/\/www.gaveanews.com\/","name":"G\u00e1vea News","description":"Veja todas as not\u00edcias sobre o Flamengo: Contrata\u00e7\u00f5es, categorias de base, resultados das partidas, tabela de classifica\u00e7\u00e3o, pr\u00f3ximos jogos!","potentialAction":[{"@type":"SearchAction","target":{"@type":"EntryPoint","urlTemplate":"https:\/\/www.gaveanews.com\/?s={search_term_string}"},"query-input":{"@type":"PropertyValueSpecification","valueRequired":true,"valueName":"search_term_string"}}],"inLanguage":"pt-BR"},{"@type":"Person","@id":"https:\/\/www.gaveanews.com\/#\/schema\/person\/2877169f354c4596cf5aab74ea7c56a8","name":"Leandro Azevedo","image":{"@type":"ImageObject","inLanguage":"pt-BR","@id":"https:\/\/www.gaveanews.com\/#\/schema\/person\/image\/","url":"https:\/\/secure.gravatar.com\/avatar\/e2f72eb6d986a41d592a85e4e36a6c6170e9ea8a1f433dfc29d0011a8968f89c?s=96&d=mm&r=g","contentUrl":"https:\/\/secure.gravatar.com\/avatar\/e2f72eb6d986a41d592a85e4e36a6c6170e9ea8a1f433dfc29d0011a8968f89c?s=96&d=mm&r=g","caption":"Leandro Azevedo"}}]}},"_links":{"self":[{"href":"https:\/\/www.gaveanews.com\/index.php\/wp-json\/wp\/v2\/posts\/210460","targetHints":{"allow":["GET"]}}],"collection":[{"href":"https:\/\/www.gaveanews.com\/index.php\/wp-json\/wp\/v2\/posts"}],"about":[{"href":"https:\/\/www.gaveanews.com\/index.php\/wp-json\/wp\/v2\/types\/post"}],"author":[{"embeddable":true,"href":"https:\/\/www.gaveanews.com\/index.php\/wp-json\/wp\/v2\/users\/23"}],"replies":[{"embeddable":true,"href":"https:\/\/www.gaveanews.com\/index.php\/wp-json\/wp\/v2\/comments?post=210460"}],"version-history":[{"count":2,"href":"https:\/\/www.gaveanews.com\/index.php\/wp-json\/wp\/v2\/posts\/210460\/revisions"}],"predecessor-version":[{"id":210654,"href":"https:\/\/www.gaveanews.com\/index.php\/wp-json\/wp\/v2\/posts\/210460\/revisions\/210654"}],"wp:featuredmedia":[{"embeddable":true,"href":"https:\/\/www.gaveanews.com\/index.php\/wp-json\/wp\/v2\/media\/71983"}],"wp:attachment":[{"href":"https:\/\/www.gaveanews.com\/index.php\/wp-json\/wp\/v2\/media?parent=210460"}],"wp:term":[{"taxonomy":"category","embeddable":true,"href":"https:\/\/www.gaveanews.com\/index.php\/wp-json\/wp\/v2\/categories?post=210460"},{"taxonomy":"post_tag","embeddable":true,"href":"https:\/\/www.gaveanews.com\/index.php\/wp-json\/wp\/v2\/tags?post=210460"}],"curies":[{"name":"wp","href":"https:\/\/api.w.org\/{rel}","templated":true}]}}