{"id":210477,"date":"2025-01-10T04:25:00","date_gmt":"2025-01-10T07:25:00","guid":{"rendered":"https:\/\/www.gaveanews.com\/?p=210477"},"modified":"2025-01-09T20:39:53","modified_gmt":"2025-01-09T23:39:53","slug":"vitor-reis-na-mira-da-europa-renovacoes-em-massa-e-exigencia-de-leila-pereira-as-ultimas-noticias-do-palmeiras","status":"publish","type":"post","link":"https:\/\/www.gaveanews.com\/index.php\/2025\/01\/10\/vitor-reis-na-mira-da-europa-renovacoes-em-massa-e-exigencia-de-leila-pereira-as-ultimas-noticias-do-palmeiras\/","title":{"rendered":"Vitor Reis na mira da Europa, renova\u00e7\u00f5es em massa e exig\u00eancia de Leila Pereira: as \u00faltimas not\u00edcias do Palmeiras"},"content":{"rendered":"\n<p>Nas \u00faltimas horas, o foco das not\u00edcias sobre o Palmeiras se concentram nos bastidores do<br>clube, com destaques do dia a dia do time.<\/p>\n\n\n\n<p>Por conta deste contexto, leia abaixo um resumo preparado pela equipe do portal G\u00e1vea News para lhe manter muito bem informado!<\/p>\n\n\n\n<h2 class=\"wp-block-heading\" id=\"h-exigencia-de-leila-pereira\">Exig\u00eancia de Leila Pereira<\/h2>\n\n\n\n<p>Murilo, zagueiro do Palmeiras, despertou interesse do Vasco, que busca refor\u00e7ar sua defesa ap\u00f3s cr\u00edticas na \u00faltima temporada. No entanto, a presidente Leila Pereira estabeleceu que o jogador s\u00f3 ser\u00e1 negociado mediante pagamento de 6 milh\u00f5es de d\u00f3lares, aproximadamente 37 milh\u00f5es de reais, \u00e0 vista. Apesar das sondagens, ainda n\u00e3o houve propostas concretas, e Murilo segue com o elenco na pr\u00e9-temporada <strong><a href=\"https:\/\/www.gaveanews.com\/index.php\/2025\/01\/09\/palmeiras-a-exigencia-de-leila-pereira-para-vender-murilo\/\">(leia a mat\u00e9ria completa).<\/a><\/strong><\/p>\n\n\n\n<figure class=\"wp-block-image size-large\"><img loading=\"lazy\" decoding=\"async\" width=\"1024\" height=\"640\" src=\"https:\/\/www.gaveanews.com\/wp-content\/uploads\/Leila-Pereira-durante-coletiva-do-Palmeiras-1024x640.webp\" alt=\"\" class=\"wp-image-108277\" srcset=\"https:\/\/www.gaveanews.com\/wp-content\/uploads\/Leila-Pereira-durante-coletiva-do-Palmeiras-1024x640.webp 1024w, https:\/\/www.gaveanews.com\/wp-content\/uploads\/Leila-Pereira-durante-coletiva-do-Palmeiras-300x188.webp 300w, https:\/\/www.gaveanews.com\/wp-content\/uploads\/Leila-Pereira-durante-coletiva-do-Palmeiras-768x480.webp 768w, https:\/\/www.gaveanews.com\/wp-content\/uploads\/Leila-Pereira-durante-coletiva-do-Palmeiras-672x420.webp 672w, https:\/\/www.gaveanews.com\/wp-content\/uploads\/Leila-Pereira-durante-coletiva-do-Palmeiras-640x400.webp 640w, https:\/\/www.gaveanews.com\/wp-content\/uploads\/Leila-Pereira-durante-coletiva-do-Palmeiras-681x426.webp 681w, https:\/\/www.gaveanews.com\/wp-content\/uploads\/Leila-Pereira-durante-coletiva-do-Palmeiras-100x63.webp 100w, https:\/\/www.gaveanews.com\/wp-content\/uploads\/Leila-Pereira-durante-coletiva-do-Palmeiras.webp 1200w\" sizes=\"auto, (max-width: 1024px) 100vw, 1024px\" \/><figcaption class=\"wp-element-caption\">Leila Pereira durante coletiva do Palmeiras (Foto: Reprodu\u00e7\u00e3o)<\/figcaption><\/figure>\n\n\n\n<p>A reformula\u00e7\u00e3o da zaga do Vasco j\u00e1 resultou na sa\u00edda de Robert Rojas, L\u00e9o e Maicon. Para 2025, o clube aposta em novos nomes, incluindo Jo\u00e3o Victor, Lyncon, Lucas Eduardo, Lucas Oliveira e Lucas Freitas. <\/p>\n\n\n\n<p>Contudo, Murilo \u00e9 visto como pe\u00e7a chave para fortalecer o setor defensivo, caso as condi\u00e7\u00f5es impostas pelo Palmeiras sejam atendidas.<\/p>\n\n\n\n<p>Enquanto isso, Murilo mant\u00e9m o foco na prepara\u00e7\u00e3o com o time alviverde. Sua continuidade no Palmeiras depender\u00e1 da disposi\u00e7\u00e3o do Vasco em atender as exig\u00eancias financeiras impostas por Leila Pereira, que sinalizou a venda apenas diante de uma oferta irrecus\u00e1vel.<\/p>\n\n\n\n<h2 class=\"wp-block-heading\" id=\"h-renovacoes-em-massa\">Renova\u00e7\u00f5es em massa<\/h2>\n\n\n\n<p>O Palmeiras anunciou a renova\u00e7\u00e3o de contrato de sete atacantes para a temporada de 2025, incluindo Amanda Gutierres, destaque com 22 gols em 2024. Essas renova\u00e7\u00f5es fazem parte de um esfor\u00e7o maior do clube, que j\u00e1 garantiu a continuidade de outras 19 jogadoras, totalizando 26 atletas com v\u00ednculos renovados. O objetivo \u00e9 manter a competitividade da equipe feminina ap\u00f3s uma temporada de alto desempenho <strong><a href=\"https:\/\/www.gaveanews.com\/index.php\/2025\/01\/09\/pacotao-palmeiras-acerta-a-renovacao-de-sete-atacantes\/\">(leia a mat\u00e9ria completa).<\/a><\/strong><\/p>\n\n\n\n<figure class=\"wp-block-image size-large\"><img loading=\"lazy\" decoding=\"async\" width=\"1024\" height=\"683\" src=\"https:\/\/www.gaveanews.com\/wp-content\/uploads\/Jogadores-do-Palmeiras-reunidos-durante-partida-da-Copa-do-Brasil-2024-1024x683.webp\" alt=\"\" class=\"wp-image-158317\" srcset=\"https:\/\/www.gaveanews.com\/wp-content\/uploads\/Jogadores-do-Palmeiras-reunidos-durante-partida-da-Copa-do-Brasil-2024-1024x683.webp 1024w, https:\/\/www.gaveanews.com\/wp-content\/uploads\/Jogadores-do-Palmeiras-reunidos-durante-partida-da-Copa-do-Brasil-2024-300x200.webp 300w, https:\/\/www.gaveanews.com\/wp-content\/uploads\/Jogadores-do-Palmeiras-reunidos-durante-partida-da-Copa-do-Brasil-2024-768x512.webp 768w, https:\/\/www.gaveanews.com\/wp-content\/uploads\/Jogadores-do-Palmeiras-reunidos-durante-partida-da-Copa-do-Brasil-2024-629x420.webp 629w, https:\/\/www.gaveanews.com\/wp-content\/uploads\/Jogadores-do-Palmeiras-reunidos-durante-partida-da-Copa-do-Brasil-2024-640x427.webp 640w, https:\/\/www.gaveanews.com\/wp-content\/uploads\/Jogadores-do-Palmeiras-reunidos-durante-partida-da-Copa-do-Brasil-2024-681x454.webp 681w, https:\/\/www.gaveanews.com\/wp-content\/uploads\/Jogadores-do-Palmeiras-reunidos-durante-partida-da-Copa-do-Brasil-2024-100x67.webp 100w, https:\/\/www.gaveanews.com\/wp-content\/uploads\/Jogadores-do-Palmeiras-reunidos-durante-partida-da-Copa-do-Brasil-2024.webp 1187w\" sizes=\"auto, (max-width: 1024px) 100vw, 1024px\" \/><figcaption class=\"wp-element-caption\">Jogadores do Palmeiras reunidos durante partida da Copa do Brasil 2024 (Foto: Reprodu\u00e7\u00e3o\/Palmeiras)<\/figcaption><\/figure>\n\n\n\n<p>Entre as jogadoras que renovaram, est\u00e3o Gaby Santos, Soll e Victoria Liss, que disputar\u00e3o sua segunda temporada pelo clube. Soll, contratada no meio de 2024, teve destaque imediato, enquanto Bianca Gomes, que retornou ao Palmeiras em 2024, tamb\u00e9m teve seu contrato estendido, gerando discuss\u00f5es entre os torcedores.<\/p>\n\n\n\n<p>Com a base do elenco assegurada, o Palmeiras planeja novas contrata\u00e7\u00f5es para 2025, refor\u00e7ando sua ambi\u00e7\u00e3o de se manter entre as principais equipes do futebol feminino. A diretoria busca equilibrar continuidade e renova\u00e7\u00e3o, investindo no fortalecimento do time para desafios futuros.<\/p>\n\n\n\n<h2 class=\"wp-block-heading\" id=\"h-vitor-reis-na-mira-da-europa\">Vitor Reis na mira da Europa<\/h2>\n\n\n\n<p>O jovem zagueiro Vitor Reis, de 18 anos, do Palmeiras, despertou o interesse do Manchester City, que prepara uma oferta de 40 milh\u00f5es de euros (cerca de R$ 252 milh\u00f5es). Caso a negocia\u00e7\u00e3o se concretize, ele pode se tornar a maior venda de um defensor brasileiro, superando Lucas Beraldo, vendido ao PSG. O contrato de Vitor com o Palmeiras vai at\u00e9 2028, com multa rescis\u00f3ria de 100 milh\u00f5es de euros, e o clube det\u00e9m 100% de seus direitos econ\u00f4micos <strong><a href=\"https:\/\/www.gaveanews.com\/index.php\/2025\/01\/09\/r-252-milhoes-vitor-reis-do-palmeiras-entra-na-mira-de-gigante-da-premier-league\/\">(leia a mat\u00e9ria completa).<\/a><\/strong><\/p>\n\n\n\n<figure class=\"wp-block-image size-large\"><img loading=\"lazy\" decoding=\"async\" width=\"851\" height=\"1024\" src=\"https:\/\/www.gaveanews.com\/wp-content\/uploads\/Vitor-Reis-em-acao-pelo-Palmeiras-851x1024.webp\" alt=\"\" class=\"wp-image-150227\" srcset=\"https:\/\/www.gaveanews.com\/wp-content\/uploads\/Vitor-Reis-em-acao-pelo-Palmeiras-851x1024.webp 851w, https:\/\/www.gaveanews.com\/wp-content\/uploads\/Vitor-Reis-em-acao-pelo-Palmeiras-249x300.webp 249w, https:\/\/www.gaveanews.com\/wp-content\/uploads\/Vitor-Reis-em-acao-pelo-Palmeiras-768x924.webp 768w, https:\/\/www.gaveanews.com\/wp-content\/uploads\/Vitor-Reis-em-acao-pelo-Palmeiras-349x420.webp 349w, https:\/\/www.gaveanews.com\/wp-content\/uploads\/Vitor-Reis-em-acao-pelo-Palmeiras-698x840.webp 698w, https:\/\/www.gaveanews.com\/wp-content\/uploads\/Vitor-Reis-em-acao-pelo-Palmeiras-640x770.webp 640w, https:\/\/www.gaveanews.com\/wp-content\/uploads\/Vitor-Reis-em-acao-pelo-Palmeiras-681x820.webp 681w, https:\/\/www.gaveanews.com\/wp-content\/uploads\/Vitor-Reis-em-acao-pelo-Palmeiras-100x120.webp 100w, https:\/\/www.gaveanews.com\/wp-content\/uploads\/Vitor-Reis-em-acao-pelo-Palmeiras.webp 1080w\" sizes=\"auto, (max-width: 851px) 100vw, 851px\" \/><figcaption class=\"wp-element-caption\">Vitor Reis em a\u00e7\u00e3o pelo Palmeiras (Foto: Reprodu\u00e7\u00e3o\/Instagram)<\/figcaption><\/figure>\n\n\n\n<p>Promovido ao elenco principal em 2024, Vitor conquistou espa\u00e7o como reserva imediato de Gustavo G\u00f3mez e Murilo, acumulando 22 jogos e dois gols na temporada. Inicialmente, o Palmeiras planejava mant\u00ea-lo at\u00e9 o Mundial de Clubes, mas o valor da proposta pode levar a diretoria a reconsiderar essa estrat\u00e9gia e abrir negocia\u00e7\u00f5es.<\/p>\n\n\n\n<p>Al\u00e9m do City, outros clubes ingleses, como o Brighton, j\u00e1 demonstraram interesse no jogador. Com o aval de Pep Guardiola, o time de Manchester busca refor\u00e7ar sua defesa, enxergando em Vitor Reis um potencial para o futuro, o que refor\u00e7a a tend\u00eancia de exporta\u00e7\u00e3o de talentos brasileiros para o mercado europeu.<\/p>\n","protected":false},"excerpt":{"rendered":"<p>Nas \u00faltimas horas, o foco das not\u00edcias sobre o Palmeiras se concentram nos bastidores doclube, com destaques do dia a dia do time. Por conta deste contexto, leia abaixo um resumo preparado pela equipe do portal G\u00e1vea News para lhe manter muito bem informado! Exig\u00eancia de Leila Pereira Murilo, zagueiro do Palmeiras, despertou interesse do [&hellip;]<\/p>\n","protected":false},"author":27,"featured_media":155182,"comment_status":"open","ping_status":"closed","sticky":false,"template":"","format":"standard","meta":{"footnotes":""},"categories":[150],"tags":[],"class_list":["post-210477","post","type-post","status-publish","format-standard","has-post-thumbnail","hentry","category-palmeiras"],"yoast_head":"<!-- This site is optimized with the Yoast SEO Premium plugin v24.2 (Yoast SEO v26.9) - https:\/\/yoast.com\/product\/yoast-seo-premium-wordpress\/ -->\n<title>Vitor Reis na mira da Europa, renova\u00e7\u00f5es em massa e exig\u00eancia de Leila Pereira: as \u00faltimas not\u00edcias do Palmeiras<\/title>\n<meta name=\"robots\" content=\"index, follow, max-snippet:-1, max-image-preview:large, max-video-preview:-1\" \/>\n<link rel=\"canonical\" href=\"https:\/\/www.gaveanews.com\/index.php\/2025\/01\/10\/vitor-reis-na-mira-da-europa-renovacoes-em-massa-e-exigencia-de-leila-pereira-as-ultimas-noticias-do-palmeiras\/\" \/>\n<meta property=\"og:locale\" content=\"pt_BR\" \/>\n<meta property=\"og:type\" content=\"article\" \/>\n<meta property=\"og:title\" content=\"Vitor Reis na mira da Europa, renova\u00e7\u00f5es em massa e exig\u00eancia de Leila Pereira: as \u00faltimas not\u00edcias do Palmeiras\" \/>\n<meta property=\"og:description\" content=\"Nas \u00faltimas horas, o foco das not\u00edcias sobre o Palmeiras se concentram nos bastidores doclube, com destaques do dia a dia do time. Por conta deste contexto, leia abaixo um resumo preparado pela equipe do portal G\u00e1vea News para lhe manter muito bem informado! Exig\u00eancia de Leila Pereira Murilo, zagueiro do Palmeiras, despertou interesse do [&hellip;]\" \/>\n<meta property=\"og:url\" content=\"https:\/\/www.gaveanews.com\/index.php\/2025\/01\/10\/vitor-reis-na-mira-da-europa-renovacoes-em-massa-e-exigencia-de-leila-pereira-as-ultimas-noticias-do-palmeiras\/\" \/>\n<meta property=\"og:site_name\" content=\"G\u00e1vea News\" \/>\n<meta property=\"article:publisher\" content=\"https:\/\/facebook.com\/gaveaNews\/\" \/>\n<meta property=\"article:published_time\" content=\"2025-01-10T07:25:00+00:00\" \/>\n<meta property=\"og:image\" content=\"https:\/\/www.gaveanews.com\/wp-content\/uploads\/Allianz-Parque-estadio-do-Palmeiras.webp\" \/>\n\t<meta property=\"og:image:width\" content=\"1023\" \/>\n\t<meta property=\"og:image:height\" content=\"767\" \/>\n\t<meta property=\"og:image:type\" content=\"image\/webp\" \/>\n<meta name=\"author\" content=\"Matheus Felipe\" \/>\n<meta name=\"twitter:card\" content=\"summary_large_image\" \/>\n<meta name=\"twitter:label1\" content=\"Escrito por\" \/>\n\t<meta name=\"twitter:data1\" content=\"Matheus Felipe\" \/>\n\t<meta name=\"twitter:label2\" content=\"Est. tempo de leitura\" \/>\n\t<meta name=\"twitter:data2\" content=\"5 minutos\" \/>\n<script type=\"application\/ld+json\" class=\"yoast-schema-graph\">{\"@context\":\"https:\/\/schema.org\",\"@graph\":[{\"@type\":\"NewsArticle\",\"@id\":\"https:\/\/www.gaveanews.com\/index.php\/2025\/01\/10\/vitor-reis-na-mira-da-europa-renovacoes-em-massa-e-exigencia-de-leila-pereira-as-ultimas-noticias-do-palmeiras\/#article\",\"isPartOf\":{\"@id\":\"https:\/\/www.gaveanews.com\/index.php\/2025\/01\/10\/vitor-reis-na-mira-da-europa-renovacoes-em-massa-e-exigencia-de-leila-pereira-as-ultimas-noticias-do-palmeiras\/\"},\"author\":{\"name\":\"Matheus Felipe\",\"@id\":\"https:\/\/www.gaveanews.com\/#\/schema\/person\/8207cd4627f56151707418bfc835b2fb\"},\"headline\":\"Vitor Reis na mira da Europa, renova\u00e7\u00f5es em massa e exig\u00eancia de Leila Pereira: as \u00faltimas not\u00edcias do Palmeiras\",\"datePublished\":\"2025-01-10T07:25:00+00:00\",\"mainEntityOfPage\":{\"@id\":\"https:\/\/www.gaveanews.com\/index.php\/2025\/01\/10\/vitor-reis-na-mira-da-europa-renovacoes-em-massa-e-exigencia-de-leila-pereira-as-ultimas-noticias-do-palmeiras\/\"},\"wordCount\":648,\"commentCount\":0,\"image\":{\"@id\":\"https:\/\/www.gaveanews.com\/index.php\/2025\/01\/10\/vitor-reis-na-mira-da-europa-renovacoes-em-massa-e-exigencia-de-leila-pereira-as-ultimas-noticias-do-palmeiras\/#primaryimage\"},\"thumbnailUrl\":\"https:\/\/www.gaveanews.com\/wp-content\/uploads\/Allianz-Parque-estadio-do-Palmeiras.webp\",\"articleSection\":[\"Palmeiras\"],\"inLanguage\":\"pt-BR\",\"potentialAction\":[{\"@type\":\"CommentAction\",\"name\":\"Comment\",\"target\":[\"https:\/\/www.gaveanews.com\/index.php\/2025\/01\/10\/vitor-reis-na-mira-da-europa-renovacoes-em-massa-e-exigencia-de-leila-pereira-as-ultimas-noticias-do-palmeiras\/#respond\"]}],\"copyrightYear\":\"2025\",\"copyrightHolder\":{\"@id\":\"https:\/\/www.gaveanews.com\/#organization\"}},{\"@type\":\"WebPage\",\"@id\":\"https:\/\/www.gaveanews.com\/index.php\/2025\/01\/10\/vitor-reis-na-mira-da-europa-renovacoes-em-massa-e-exigencia-de-leila-pereira-as-ultimas-noticias-do-palmeiras\/\",\"url\":\"https:\/\/www.gaveanews.com\/index.php\/2025\/01\/10\/vitor-reis-na-mira-da-europa-renovacoes-em-massa-e-exigencia-de-leila-pereira-as-ultimas-noticias-do-palmeiras\/\",\"name\":\"Vitor Reis na mira da Europa, renova\u00e7\u00f5es em massa e exig\u00eancia de Leila Pereira: as \u00faltimas not\u00edcias do Palmeiras\",\"isPartOf\":{\"@id\":\"https:\/\/www.gaveanews.com\/#website\"},\"primaryImageOfPage\":{\"@id\":\"https:\/\/www.gaveanews.com\/index.php\/2025\/01\/10\/vitor-reis-na-mira-da-europa-renovacoes-em-massa-e-exigencia-de-leila-pereira-as-ultimas-noticias-do-palmeiras\/#primaryimage\"},\"image\":{\"@id\":\"https:\/\/www.gaveanews.com\/index.php\/2025\/01\/10\/vitor-reis-na-mira-da-europa-renovacoes-em-massa-e-exigencia-de-leila-pereira-as-ultimas-noticias-do-palmeiras\/#primaryimage\"},\"thumbnailUrl\":\"https:\/\/www.gaveanews.com\/wp-content\/uploads\/Allianz-Parque-estadio-do-Palmeiras.webp\",\"datePublished\":\"2025-01-10T07:25:00+00:00\",\"author\":{\"@id\":\"https:\/\/www.gaveanews.com\/#\/schema\/person\/8207cd4627f56151707418bfc835b2fb\"},\"breadcrumb\":{\"@id\":\"https:\/\/www.gaveanews.com\/index.php\/2025\/01\/10\/vitor-reis-na-mira-da-europa-renovacoes-em-massa-e-exigencia-de-leila-pereira-as-ultimas-noticias-do-palmeiras\/#breadcrumb\"},\"inLanguage\":\"pt-BR\",\"potentialAction\":[{\"@type\":\"ReadAction\",\"target\":[\"https:\/\/www.gaveanews.com\/index.php\/2025\/01\/10\/vitor-reis-na-mira-da-europa-renovacoes-em-massa-e-exigencia-de-leila-pereira-as-ultimas-noticias-do-palmeiras\/\"]}]},{\"@type\":\"ImageObject\",\"inLanguage\":\"pt-BR\",\"@id\":\"https:\/\/www.gaveanews.com\/index.php\/2025\/01\/10\/vitor-reis-na-mira-da-europa-renovacoes-em-massa-e-exigencia-de-leila-pereira-as-ultimas-noticias-do-palmeiras\/#primaryimage\",\"url\":\"https:\/\/www.gaveanews.com\/wp-content\/uploads\/Allianz-Parque-estadio-do-Palmeiras.webp\",\"contentUrl\":\"https:\/\/www.gaveanews.com\/wp-content\/uploads\/Allianz-Parque-estadio-do-Palmeiras.webp\",\"width\":1023,\"height\":767,\"caption\":\"Allianz Parque, est\u00e1dio do Palmeiras (Foto: Reprodu\u00e7\u00e3o\/Palmeiras)\"},{\"@type\":\"BreadcrumbList\",\"@id\":\"https:\/\/www.gaveanews.com\/index.php\/2025\/01\/10\/vitor-reis-na-mira-da-europa-renovacoes-em-massa-e-exigencia-de-leila-pereira-as-ultimas-noticias-do-palmeiras\/#breadcrumb\",\"itemListElement\":[{\"@type\":\"ListItem\",\"position\":1,\"name\":\"Home\",\"item\":\"https:\/\/www.gaveanews.com\/\"},{\"@type\":\"ListItem\",\"position\":2,\"name\":\"Vitor Reis na mira da Europa, renova\u00e7\u00f5es em massa e exig\u00eancia de Leila Pereira: as \u00faltimas not\u00edcias do Palmeiras\"}]},{\"@type\":\"WebSite\",\"@id\":\"https:\/\/www.gaveanews.com\/#website\",\"url\":\"https:\/\/www.gaveanews.com\/\",\"name\":\"G\u00e1vea News\",\"description\":\"Veja todas as not\u00edcias sobre o Flamengo: Contrata\u00e7\u00f5es, categorias de base, resultados das partidas, tabela de classifica\u00e7\u00e3o, pr\u00f3ximos jogos!\",\"potentialAction\":[{\"@type\":\"SearchAction\",\"target\":{\"@type\":\"EntryPoint\",\"urlTemplate\":\"https:\/\/www.gaveanews.com\/?s={search_term_string}\"},\"query-input\":{\"@type\":\"PropertyValueSpecification\",\"valueRequired\":true,\"valueName\":\"search_term_string\"}}],\"inLanguage\":\"pt-BR\"},{\"@type\":\"Person\",\"@id\":\"https:\/\/www.gaveanews.com\/#\/schema\/person\/8207cd4627f56151707418bfc835b2fb\",\"name\":\"Matheus Felipe\",\"image\":{\"@type\":\"ImageObject\",\"inLanguage\":\"pt-BR\",\"@id\":\"https:\/\/www.gaveanews.com\/#\/schema\/person\/image\/\",\"url\":\"https:\/\/secure.gravatar.com\/avatar\/a452ffbed9130f726358b298bb3a99ce4bd3c5338411f8440e87e14d74c7c087?s=96&d=mm&r=g\",\"contentUrl\":\"https:\/\/secure.gravatar.com\/avatar\/a452ffbed9130f726358b298bb3a99ce4bd3c5338411f8440e87e14d74c7c087?s=96&d=mm&r=g\",\"caption\":\"Matheus Felipe\"}}]}<\/script>\n<!-- \/ Yoast SEO Premium plugin. -->","yoast_head_json":{"title":"Vitor Reis na mira da Europa, renova\u00e7\u00f5es em massa e exig\u00eancia de Leila Pereira: as \u00faltimas not\u00edcias do Palmeiras","robots":{"index":"index","follow":"follow","max-snippet":"max-snippet:-1","max-image-preview":"max-image-preview:large","max-video-preview":"max-video-preview:-1"},"canonical":"https:\/\/www.gaveanews.com\/index.php\/2025\/01\/10\/vitor-reis-na-mira-da-europa-renovacoes-em-massa-e-exigencia-de-leila-pereira-as-ultimas-noticias-do-palmeiras\/","og_locale":"pt_BR","og_type":"article","og_title":"Vitor Reis na mira da Europa, renova\u00e7\u00f5es em massa e exig\u00eancia de Leila Pereira: as \u00faltimas not\u00edcias do Palmeiras","og_description":"Nas \u00faltimas horas, o foco das not\u00edcias sobre o Palmeiras se concentram nos bastidores doclube, com destaques do dia a dia do time. Por conta deste contexto, leia abaixo um resumo preparado pela equipe do portal G\u00e1vea News para lhe manter muito bem informado! Exig\u00eancia de Leila Pereira Murilo, zagueiro do Palmeiras, despertou interesse do [&hellip;]","og_url":"https:\/\/www.gaveanews.com\/index.php\/2025\/01\/10\/vitor-reis-na-mira-da-europa-renovacoes-em-massa-e-exigencia-de-leila-pereira-as-ultimas-noticias-do-palmeiras\/","og_site_name":"G\u00e1vea News","article_publisher":"https:\/\/facebook.com\/gaveaNews\/","article_published_time":"2025-01-10T07:25:00+00:00","og_image":[{"width":1023,"height":767,"url":"https:\/\/www.gaveanews.com\/wp-content\/uploads\/Allianz-Parque-estadio-do-Palmeiras.webp","type":"image\/webp"}],"author":"Matheus Felipe","twitter_card":"summary_large_image","twitter_misc":{"Escrito por":"Matheus Felipe","Est. tempo de leitura":"5 minutos"},"schema":{"@context":"https:\/\/schema.org","@graph":[{"@type":"NewsArticle","@id":"https:\/\/www.gaveanews.com\/index.php\/2025\/01\/10\/vitor-reis-na-mira-da-europa-renovacoes-em-massa-e-exigencia-de-leila-pereira-as-ultimas-noticias-do-palmeiras\/#article","isPartOf":{"@id":"https:\/\/www.gaveanews.com\/index.php\/2025\/01\/10\/vitor-reis-na-mira-da-europa-renovacoes-em-massa-e-exigencia-de-leila-pereira-as-ultimas-noticias-do-palmeiras\/"},"author":{"name":"Matheus Felipe","@id":"https:\/\/www.gaveanews.com\/#\/schema\/person\/8207cd4627f56151707418bfc835b2fb"},"headline":"Vitor Reis na mira da Europa, renova\u00e7\u00f5es em massa e exig\u00eancia de Leila Pereira: as \u00faltimas not\u00edcias do Palmeiras","datePublished":"2025-01-10T07:25:00+00:00","mainEntityOfPage":{"@id":"https:\/\/www.gaveanews.com\/index.php\/2025\/01\/10\/vitor-reis-na-mira-da-europa-renovacoes-em-massa-e-exigencia-de-leila-pereira-as-ultimas-noticias-do-palmeiras\/"},"wordCount":648,"commentCount":0,"image":{"@id":"https:\/\/www.gaveanews.com\/index.php\/2025\/01\/10\/vitor-reis-na-mira-da-europa-renovacoes-em-massa-e-exigencia-de-leila-pereira-as-ultimas-noticias-do-palmeiras\/#primaryimage"},"thumbnailUrl":"https:\/\/www.gaveanews.com\/wp-content\/uploads\/Allianz-Parque-estadio-do-Palmeiras.webp","articleSection":["Palmeiras"],"inLanguage":"pt-BR","potentialAction":[{"@type":"CommentAction","name":"Comment","target":["https:\/\/www.gaveanews.com\/index.php\/2025\/01\/10\/vitor-reis-na-mira-da-europa-renovacoes-em-massa-e-exigencia-de-leila-pereira-as-ultimas-noticias-do-palmeiras\/#respond"]}],"copyrightYear":"2025","copyrightHolder":{"@id":"https:\/\/www.gaveanews.com\/#organization"}},{"@type":"WebPage","@id":"https:\/\/www.gaveanews.com\/index.php\/2025\/01\/10\/vitor-reis-na-mira-da-europa-renovacoes-em-massa-e-exigencia-de-leila-pereira-as-ultimas-noticias-do-palmeiras\/","url":"https:\/\/www.gaveanews.com\/index.php\/2025\/01\/10\/vitor-reis-na-mira-da-europa-renovacoes-em-massa-e-exigencia-de-leila-pereira-as-ultimas-noticias-do-palmeiras\/","name":"Vitor Reis na mira da Europa, renova\u00e7\u00f5es em massa e exig\u00eancia de Leila Pereira: as \u00faltimas not\u00edcias do Palmeiras","isPartOf":{"@id":"https:\/\/www.gaveanews.com\/#website"},"primaryImageOfPage":{"@id":"https:\/\/www.gaveanews.com\/index.php\/2025\/01\/10\/vitor-reis-na-mira-da-europa-renovacoes-em-massa-e-exigencia-de-leila-pereira-as-ultimas-noticias-do-palmeiras\/#primaryimage"},"image":{"@id":"https:\/\/www.gaveanews.com\/index.php\/2025\/01\/10\/vitor-reis-na-mira-da-europa-renovacoes-em-massa-e-exigencia-de-leila-pereira-as-ultimas-noticias-do-palmeiras\/#primaryimage"},"thumbnailUrl":"https:\/\/www.gaveanews.com\/wp-content\/uploads\/Allianz-Parque-estadio-do-Palmeiras.webp","datePublished":"2025-01-10T07:25:00+00:00","author":{"@id":"https:\/\/www.gaveanews.com\/#\/schema\/person\/8207cd4627f56151707418bfc835b2fb"},"breadcrumb":{"@id":"https:\/\/www.gaveanews.com\/index.php\/2025\/01\/10\/vitor-reis-na-mira-da-europa-renovacoes-em-massa-e-exigencia-de-leila-pereira-as-ultimas-noticias-do-palmeiras\/#breadcrumb"},"inLanguage":"pt-BR","potentialAction":[{"@type":"ReadAction","target":["https:\/\/www.gaveanews.com\/index.php\/2025\/01\/10\/vitor-reis-na-mira-da-europa-renovacoes-em-massa-e-exigencia-de-leila-pereira-as-ultimas-noticias-do-palmeiras\/"]}]},{"@type":"ImageObject","inLanguage":"pt-BR","@id":"https:\/\/www.gaveanews.com\/index.php\/2025\/01\/10\/vitor-reis-na-mira-da-europa-renovacoes-em-massa-e-exigencia-de-leila-pereira-as-ultimas-noticias-do-palmeiras\/#primaryimage","url":"https:\/\/www.gaveanews.com\/wp-content\/uploads\/Allianz-Parque-estadio-do-Palmeiras.webp","contentUrl":"https:\/\/www.gaveanews.com\/wp-content\/uploads\/Allianz-Parque-estadio-do-Palmeiras.webp","width":1023,"height":767,"caption":"Allianz Parque, est\u00e1dio do Palmeiras (Foto: Reprodu\u00e7\u00e3o\/Palmeiras)"},{"@type":"BreadcrumbList","@id":"https:\/\/www.gaveanews.com\/index.php\/2025\/01\/10\/vitor-reis-na-mira-da-europa-renovacoes-em-massa-e-exigencia-de-leila-pereira-as-ultimas-noticias-do-palmeiras\/#breadcrumb","itemListElement":[{"@type":"ListItem","position":1,"name":"Home","item":"https:\/\/www.gaveanews.com\/"},{"@type":"ListItem","position":2,"name":"Vitor Reis na mira da Europa, renova\u00e7\u00f5es em massa e exig\u00eancia de Leila Pereira: as \u00faltimas not\u00edcias do Palmeiras"}]},{"@type":"WebSite","@id":"https:\/\/www.gaveanews.com\/#website","url":"https:\/\/www.gaveanews.com\/","name":"G\u00e1vea News","description":"Veja todas as not\u00edcias sobre o Flamengo: Contrata\u00e7\u00f5es, categorias de base, resultados das partidas, tabela de classifica\u00e7\u00e3o, pr\u00f3ximos jogos!","potentialAction":[{"@type":"SearchAction","target":{"@type":"EntryPoint","urlTemplate":"https:\/\/www.gaveanews.com\/?s={search_term_string}"},"query-input":{"@type":"PropertyValueSpecification","valueRequired":true,"valueName":"search_term_string"}}],"inLanguage":"pt-BR"},{"@type":"Person","@id":"https:\/\/www.gaveanews.com\/#\/schema\/person\/8207cd4627f56151707418bfc835b2fb","name":"Matheus Felipe","image":{"@type":"ImageObject","inLanguage":"pt-BR","@id":"https:\/\/www.gaveanews.com\/#\/schema\/person\/image\/","url":"https:\/\/secure.gravatar.com\/avatar\/a452ffbed9130f726358b298bb3a99ce4bd3c5338411f8440e87e14d74c7c087?s=96&d=mm&r=g","contentUrl":"https:\/\/secure.gravatar.com\/avatar\/a452ffbed9130f726358b298bb3a99ce4bd3c5338411f8440e87e14d74c7c087?s=96&d=mm&r=g","caption":"Matheus Felipe"}}]}},"_links":{"self":[{"href":"https:\/\/www.gaveanews.com\/index.php\/wp-json\/wp\/v2\/posts\/210477","targetHints":{"allow":["GET"]}}],"collection":[{"href":"https:\/\/www.gaveanews.com\/index.php\/wp-json\/wp\/v2\/posts"}],"about":[{"href":"https:\/\/www.gaveanews.com\/index.php\/wp-json\/wp\/v2\/types\/post"}],"author":[{"embeddable":true,"href":"https:\/\/www.gaveanews.com\/index.php\/wp-json\/wp\/v2\/users\/27"}],"replies":[{"embeddable":true,"href":"https:\/\/www.gaveanews.com\/index.php\/wp-json\/wp\/v2\/comments?post=210477"}],"version-history":[{"count":1,"href":"https:\/\/www.gaveanews.com\/index.php\/wp-json\/wp\/v2\/posts\/210477\/revisions"}],"predecessor-version":[{"id":210484,"href":"https:\/\/www.gaveanews.com\/index.php\/wp-json\/wp\/v2\/posts\/210477\/revisions\/210484"}],"wp:featuredmedia":[{"embeddable":true,"href":"https:\/\/www.gaveanews.com\/index.php\/wp-json\/wp\/v2\/media\/155182"}],"wp:attachment":[{"href":"https:\/\/www.gaveanews.com\/index.php\/wp-json\/wp\/v2\/media?parent=210477"}],"wp:term":[{"taxonomy":"category","embeddable":true,"href":"https:\/\/www.gaveanews.com\/index.php\/wp-json\/wp\/v2\/categories?post=210477"},{"taxonomy":"post_tag","embeddable":true,"href":"https:\/\/www.gaveanews.com\/index.php\/wp-json\/wp\/v2\/tags?post=210477"}],"curies":[{"name":"wp","href":"https:\/\/api.w.org\/{rel}","templated":true}]}}