{"id":210483,"date":"2025-01-09T21:39:05","date_gmt":"2025-01-10T00:39:05","guid":{"rendered":"https:\/\/www.gaveanews.com\/?p=210483"},"modified":"2025-01-09T21:39:08","modified_gmt":"2025-01-10T00:39:08","slug":"bragantino-vai-buscar-reforco-no-river-plate","status":"publish","type":"post","link":"https:\/\/www.gaveanews.com\/index.php\/2025\/01\/09\/bragantino-vai-buscar-reforco-no-river-plate\/","title":{"rendered":"Bragantino vai buscar refor\u00e7o no River Plate"},"content":{"rendered":"\n<p>O Red Bull Bragantino est\u00e1 tentando a negocia\u00e7\u00e3o pelo volante que pertence ao River Plate-ARG, Nicol\u00e1s Fonseca. Essa informa\u00e7\u00e3o foi divulgada inicialmente pelo jornalista da Argentina, Germ\u00e1n Garc\u00eda Grova. O jogador uruguaio de 26 anos, participou de 28 jogos e marcou um gol pelo clube argentino no ano passado.<\/p>\n\n\n\n<ul class=\"wp-block-list\">\n<li><a href=\"https:\/\/www.gaveanews.com\/index.php\/2024\/12\/18\/bragantino-anuncia-saida-de-jogador\/\">Bragantino anuncia sa\u00edda de jogador<\/a><\/li>\n\n\n\n<li><a href=\"https:\/\/www.gaveanews.com\/index.php\/2024\/12\/31\/botafogo-e-bragantino-negociam-troca-de-jogadores\/\">Botafogo e Bragantino negociam troca de jogadores<\/a><\/li>\n<\/ul>\n\n\n\n<p>Foram apuradas, que as conversas para a contrata\u00e7\u00e3o definitiva do jogador est\u00e3o em andamento, mas ainda existem algumas coisas a serem acertadas para o acordo ser finalizado. O River Plate da Argentina, disse que est\u00e1 disposto a negociar o atleta, assim liberando uma vaga de estrangeiro para a equipe do clube.<\/p>\n\n\n\n<h2 class=\"wp-block-heading\" id=\"h-sobre-nicolas-fonseca\">Sobre Nicol\u00e1s Fonseca<\/h2>\n\n\n\n<p>O volante nasceu em N\u00e1poles, na It\u00e1lia, mas \u00e9 naturalizado uruguaio e teve seu nome convoca\u00e7\u00f5es para participar do elenco da Sele\u00e7\u00e3o Uruguaia em 2024, Fonseca entrou em campo contra\u00a0o Pa\u00eds Basco e Costa do Marfim durante as Eliminat\u00f3rias. Antes do segundo semestre de 2021\u201322, Nicol\u00e1s Fonseca assinou com o time uruguaio River Plate (Montevid\u00e9u). Na primeira semana de 2024, o atleta foi contratado pelo River Plate da Argentina.<\/p>\n\n\n\n<h2 class=\"wp-block-heading\" id=\"h-contratacoes-do-rb-bragantino\">Contrata\u00e7\u00f5es do RB-Bragantino<\/h2>\n\n\n\n<p>O Bragantino, anunciou na \u00faltima segunda-feira (6) a mais nova contrata\u00e7\u00e3o de Lucas Barbosa, que pertencia ao Santos e defendeu o Juventude\u00a0na temporada de 2024. O jogador assinou contrato v\u00e1lido at\u00e9 o fim 2029 com o Massa Bruta. Os valores da negocia\u00e7\u00e3o n\u00e3o foram informados oficialmente, mas acreditasse que foi desembolsado em torno de R$16 milh\u00f5es para a contrata\u00e7\u00e3o do jogador. O dinheiro ser\u00e1 pago diretamente ao Peixe. J\u00e1 o Juventude, que contratou o atacante por empr\u00e9stimo, tem direito a 10% do valor.<\/p>\n\n\n\n<p>&#8220;Para mim, jogar no Red Bull Bragantino significa muito. \u00c9 uma pot\u00eancia mundial. Ap\u00f3s o Campeonato Brasileiro e a temporada que fiz, recebi muitas propostas, mas, quando surgiu a do Red Bull Bragantino, n\u00e3o pensei duas vezes. Acho o projeto espetacular. Comprei a ideia e espero contribuir bastante. A torcida Massa Bruta pode esperar de mim muita ra\u00e7a, dedica\u00e7\u00e3o total em campo durante os 90 minutos, al\u00e9m de gols e assist\u00eancias para ajudar a equipe&#8221;  &#8211; disse Lucas Barbosa.<\/p>\n\n\n\n<p>O  atacante iniciou a carreira na base da Inter de Bebedouro, passou pelo Novorizontino antes de chegar ao Santos, onde disputou o Paulist\u00e3o, a Copa Sul-Americana, a Copa do Brasil e a S\u00e9rie A do Brasileir\u00e3o. Depois, foi emprestado ao Coritiba e, em janeiro do ano passado, transferiu-se para o Juventude. O Bragantino j\u00e1 anunciou as contrata\u00e7\u00f5es dos atacantes\u00a0 Isidro Pitta e Fernando. O clube tamb\u00e9m renovou o contrato de empr\u00e9stimo do zagueiro Douglas Mendes.<\/p>\n\n\n\n<p><\/p>\n","protected":false},"excerpt":{"rendered":"<p>O Red Bull Bragantino est\u00e1 tentando a negocia\u00e7\u00e3o pelo volante que pertence ao River Plate-ARG, Nicol\u00e1s Fonseca. Essa informa\u00e7\u00e3o foi divulgada inicialmente pelo jornalista da Argentina, Germ\u00e1n Garc\u00eda Grova. O jogador uruguaio de 26 anos, participou de 28 jogos e marcou um gol pelo clube argentino no ano passado. Foram apuradas, que as conversas para [&hellip;]<\/p>\n","protected":false},"author":31,"featured_media":130357,"comment_status":"open","ping_status":"closed","sticky":false,"template":"","format":"standard","meta":{"footnotes":""},"categories":[140],"tags":[],"class_list":["post-210483","post","type-post","status-publish","format-standard","has-post-thumbnail","hentry","category-bragantino"],"yoast_head":"<!-- This site is optimized with the Yoast SEO Premium plugin v24.2 (Yoast SEO v26.9) - https:\/\/yoast.com\/product\/yoast-seo-premium-wordpress\/ -->\n<title>Bragantino vai buscar refor\u00e7o no River Plate<\/title>\n<meta name=\"robots\" content=\"index, follow, max-snippet:-1, max-image-preview:large, max-video-preview:-1\" \/>\n<link rel=\"canonical\" href=\"https:\/\/www.gaveanews.com\/index.php\/2025\/01\/09\/bragantino-vai-buscar-reforco-no-river-plate\/\" \/>\n<meta property=\"og:locale\" content=\"pt_BR\" \/>\n<meta property=\"og:type\" content=\"article\" \/>\n<meta property=\"og:title\" content=\"Bragantino vai buscar refor\u00e7o no River Plate\" \/>\n<meta property=\"og:description\" content=\"O Red Bull Bragantino est\u00e1 tentando a negocia\u00e7\u00e3o pelo volante que pertence ao River Plate-ARG, Nicol\u00e1s Fonseca. Essa informa\u00e7\u00e3o foi divulgada inicialmente pelo jornalista da Argentina, Germ\u00e1n Garc\u00eda Grova. O jogador uruguaio de 26 anos, participou de 28 jogos e marcou um gol pelo clube argentino no ano passado. Foram apuradas, que as conversas para [&hellip;]\" \/>\n<meta property=\"og:url\" content=\"https:\/\/www.gaveanews.com\/index.php\/2025\/01\/09\/bragantino-vai-buscar-reforco-no-river-plate\/\" \/>\n<meta property=\"og:site_name\" content=\"G\u00e1vea News\" \/>\n<meta property=\"article:publisher\" content=\"https:\/\/facebook.com\/gaveaNews\/\" \/>\n<meta property=\"article:published_time\" content=\"2025-01-10T00:39:05+00:00\" \/>\n<meta property=\"article:modified_time\" content=\"2025-01-10T00:39:08+00:00\" \/>\n<meta property=\"og:image\" content=\"https:\/\/www.gaveanews.com\/wp-content\/uploads\/Escudo-do-RedBull-Bragantino.webp\" \/>\n\t<meta property=\"og:image:width\" content=\"1200\" \/>\n\t<meta property=\"og:image:height\" content=\"628\" \/>\n\t<meta property=\"og:image:type\" content=\"image\/webp\" \/>\n<meta name=\"author\" content=\"Michel Camargo\" \/>\n<meta name=\"twitter:card\" content=\"summary_large_image\" \/>\n<meta name=\"twitter:label1\" content=\"Escrito por\" \/>\n\t<meta name=\"twitter:data1\" content=\"Michel Camargo\" \/>\n\t<meta name=\"twitter:label2\" content=\"Est. tempo de leitura\" \/>\n\t<meta name=\"twitter:data2\" content=\"3 minutos\" \/>\n<script type=\"application\/ld+json\" class=\"yoast-schema-graph\">{\"@context\":\"https:\/\/schema.org\",\"@graph\":[{\"@type\":\"NewsArticle\",\"@id\":\"https:\/\/www.gaveanews.com\/index.php\/2025\/01\/09\/bragantino-vai-buscar-reforco-no-river-plate\/#article\",\"isPartOf\":{\"@id\":\"https:\/\/www.gaveanews.com\/index.php\/2025\/01\/09\/bragantino-vai-buscar-reforco-no-river-plate\/\"},\"author\":{\"name\":\"Michel Camargo\",\"@id\":\"https:\/\/www.gaveanews.com\/#\/schema\/person\/6f5583f09aa4bcc9866a7360b5604486\"},\"headline\":\"Bragantino vai buscar refor\u00e7o no River Plate\",\"datePublished\":\"2025-01-10T00:39:05+00:00\",\"dateModified\":\"2025-01-10T00:39:08+00:00\",\"mainEntityOfPage\":{\"@id\":\"https:\/\/www.gaveanews.com\/index.php\/2025\/01\/09\/bragantino-vai-buscar-reforco-no-river-plate\/\"},\"wordCount\":460,\"commentCount\":0,\"image\":{\"@id\":\"https:\/\/www.gaveanews.com\/index.php\/2025\/01\/09\/bragantino-vai-buscar-reforco-no-river-plate\/#primaryimage\"},\"thumbnailUrl\":\"https:\/\/www.gaveanews.com\/wp-content\/uploads\/Escudo-do-RedBull-Bragantino.webp\",\"articleSection\":[\"Bragantino\"],\"inLanguage\":\"pt-BR\",\"potentialAction\":[{\"@type\":\"CommentAction\",\"name\":\"Comment\",\"target\":[\"https:\/\/www.gaveanews.com\/index.php\/2025\/01\/09\/bragantino-vai-buscar-reforco-no-river-plate\/#respond\"]}],\"copyrightYear\":\"2025\",\"copyrightHolder\":{\"@id\":\"https:\/\/www.gaveanews.com\/#organization\"}},{\"@type\":\"WebPage\",\"@id\":\"https:\/\/www.gaveanews.com\/index.php\/2025\/01\/09\/bragantino-vai-buscar-reforco-no-river-plate\/\",\"url\":\"https:\/\/www.gaveanews.com\/index.php\/2025\/01\/09\/bragantino-vai-buscar-reforco-no-river-plate\/\",\"name\":\"Bragantino vai buscar refor\u00e7o no River Plate\",\"isPartOf\":{\"@id\":\"https:\/\/www.gaveanews.com\/#website\"},\"primaryImageOfPage\":{\"@id\":\"https:\/\/www.gaveanews.com\/index.php\/2025\/01\/09\/bragantino-vai-buscar-reforco-no-river-plate\/#primaryimage\"},\"image\":{\"@id\":\"https:\/\/www.gaveanews.com\/index.php\/2025\/01\/09\/bragantino-vai-buscar-reforco-no-river-plate\/#primaryimage\"},\"thumbnailUrl\":\"https:\/\/www.gaveanews.com\/wp-content\/uploads\/Escudo-do-RedBull-Bragantino.webp\",\"datePublished\":\"2025-01-10T00:39:05+00:00\",\"dateModified\":\"2025-01-10T00:39:08+00:00\",\"author\":{\"@id\":\"https:\/\/www.gaveanews.com\/#\/schema\/person\/6f5583f09aa4bcc9866a7360b5604486\"},\"breadcrumb\":{\"@id\":\"https:\/\/www.gaveanews.com\/index.php\/2025\/01\/09\/bragantino-vai-buscar-reforco-no-river-plate\/#breadcrumb\"},\"inLanguage\":\"pt-BR\",\"potentialAction\":[{\"@type\":\"ReadAction\",\"target\":[\"https:\/\/www.gaveanews.com\/index.php\/2025\/01\/09\/bragantino-vai-buscar-reforco-no-river-plate\/\"]}]},{\"@type\":\"ImageObject\",\"inLanguage\":\"pt-BR\",\"@id\":\"https:\/\/www.gaveanews.com\/index.php\/2025\/01\/09\/bragantino-vai-buscar-reforco-no-river-plate\/#primaryimage\",\"url\":\"https:\/\/www.gaveanews.com\/wp-content\/uploads\/Escudo-do-RedBull-Bragantino.webp\",\"contentUrl\":\"https:\/\/www.gaveanews.com\/wp-content\/uploads\/Escudo-do-RedBull-Bragantino.webp\",\"width\":1200,\"height\":628,\"caption\":\"Escudo do RedBull Bragantino (Foto: Reprodu\u00e7\u00e3o)\"},{\"@type\":\"BreadcrumbList\",\"@id\":\"https:\/\/www.gaveanews.com\/index.php\/2025\/01\/09\/bragantino-vai-buscar-reforco-no-river-plate\/#breadcrumb\",\"itemListElement\":[{\"@type\":\"ListItem\",\"position\":1,\"name\":\"Home\",\"item\":\"https:\/\/www.gaveanews.com\/\"},{\"@type\":\"ListItem\",\"position\":2,\"name\":\"Bragantino vai buscar refor\u00e7o no River Plate\"}]},{\"@type\":\"WebSite\",\"@id\":\"https:\/\/www.gaveanews.com\/#website\",\"url\":\"https:\/\/www.gaveanews.com\/\",\"name\":\"G\u00e1vea News\",\"description\":\"Veja todas as not\u00edcias sobre o Flamengo: Contrata\u00e7\u00f5es, categorias de base, resultados das partidas, tabela de classifica\u00e7\u00e3o, pr\u00f3ximos jogos!\",\"potentialAction\":[{\"@type\":\"SearchAction\",\"target\":{\"@type\":\"EntryPoint\",\"urlTemplate\":\"https:\/\/www.gaveanews.com\/?s={search_term_string}\"},\"query-input\":{\"@type\":\"PropertyValueSpecification\",\"valueRequired\":true,\"valueName\":\"search_term_string\"}}],\"inLanguage\":\"pt-BR\"},{\"@type\":\"Person\",\"@id\":\"https:\/\/www.gaveanews.com\/#\/schema\/person\/6f5583f09aa4bcc9866a7360b5604486\",\"name\":\"Michel Camargo\",\"image\":{\"@type\":\"ImageObject\",\"inLanguage\":\"pt-BR\",\"@id\":\"https:\/\/www.gaveanews.com\/#\/schema\/person\/image\/\",\"url\":\"https:\/\/secure.gravatar.com\/avatar\/59285e68c26a1d55b30461b1bb1cc6534e5c51ef836b39890a73916a1db2d486?s=96&d=mm&r=g\",\"contentUrl\":\"https:\/\/secure.gravatar.com\/avatar\/59285e68c26a1d55b30461b1bb1cc6534e5c51ef836b39890a73916a1db2d486?s=96&d=mm&r=g\",\"caption\":\"Michel Camargo\"}}]}<\/script>\n<!-- \/ Yoast SEO Premium plugin. -->","yoast_head_json":{"title":"Bragantino vai buscar refor\u00e7o no River Plate","robots":{"index":"index","follow":"follow","max-snippet":"max-snippet:-1","max-image-preview":"max-image-preview:large","max-video-preview":"max-video-preview:-1"},"canonical":"https:\/\/www.gaveanews.com\/index.php\/2025\/01\/09\/bragantino-vai-buscar-reforco-no-river-plate\/","og_locale":"pt_BR","og_type":"article","og_title":"Bragantino vai buscar refor\u00e7o no River Plate","og_description":"O Red Bull Bragantino est\u00e1 tentando a negocia\u00e7\u00e3o pelo volante que pertence ao River Plate-ARG, Nicol\u00e1s Fonseca. Essa informa\u00e7\u00e3o foi divulgada inicialmente pelo jornalista da Argentina, Germ\u00e1n Garc\u00eda Grova. O jogador uruguaio de 26 anos, participou de 28 jogos e marcou um gol pelo clube argentino no ano passado. Foram apuradas, que as conversas para [&hellip;]","og_url":"https:\/\/www.gaveanews.com\/index.php\/2025\/01\/09\/bragantino-vai-buscar-reforco-no-river-plate\/","og_site_name":"G\u00e1vea News","article_publisher":"https:\/\/facebook.com\/gaveaNews\/","article_published_time":"2025-01-10T00:39:05+00:00","article_modified_time":"2025-01-10T00:39:08+00:00","og_image":[{"width":1200,"height":628,"url":"https:\/\/www.gaveanews.com\/wp-content\/uploads\/Escudo-do-RedBull-Bragantino.webp","type":"image\/webp"}],"author":"Michel Camargo","twitter_card":"summary_large_image","twitter_misc":{"Escrito por":"Michel Camargo","Est. tempo de leitura":"3 minutos"},"schema":{"@context":"https:\/\/schema.org","@graph":[{"@type":"NewsArticle","@id":"https:\/\/www.gaveanews.com\/index.php\/2025\/01\/09\/bragantino-vai-buscar-reforco-no-river-plate\/#article","isPartOf":{"@id":"https:\/\/www.gaveanews.com\/index.php\/2025\/01\/09\/bragantino-vai-buscar-reforco-no-river-plate\/"},"author":{"name":"Michel Camargo","@id":"https:\/\/www.gaveanews.com\/#\/schema\/person\/6f5583f09aa4bcc9866a7360b5604486"},"headline":"Bragantino vai buscar refor\u00e7o no River Plate","datePublished":"2025-01-10T00:39:05+00:00","dateModified":"2025-01-10T00:39:08+00:00","mainEntityOfPage":{"@id":"https:\/\/www.gaveanews.com\/index.php\/2025\/01\/09\/bragantino-vai-buscar-reforco-no-river-plate\/"},"wordCount":460,"commentCount":0,"image":{"@id":"https:\/\/www.gaveanews.com\/index.php\/2025\/01\/09\/bragantino-vai-buscar-reforco-no-river-plate\/#primaryimage"},"thumbnailUrl":"https:\/\/www.gaveanews.com\/wp-content\/uploads\/Escudo-do-RedBull-Bragantino.webp","articleSection":["Bragantino"],"inLanguage":"pt-BR","potentialAction":[{"@type":"CommentAction","name":"Comment","target":["https:\/\/www.gaveanews.com\/index.php\/2025\/01\/09\/bragantino-vai-buscar-reforco-no-river-plate\/#respond"]}],"copyrightYear":"2025","copyrightHolder":{"@id":"https:\/\/www.gaveanews.com\/#organization"}},{"@type":"WebPage","@id":"https:\/\/www.gaveanews.com\/index.php\/2025\/01\/09\/bragantino-vai-buscar-reforco-no-river-plate\/","url":"https:\/\/www.gaveanews.com\/index.php\/2025\/01\/09\/bragantino-vai-buscar-reforco-no-river-plate\/","name":"Bragantino vai buscar refor\u00e7o no River Plate","isPartOf":{"@id":"https:\/\/www.gaveanews.com\/#website"},"primaryImageOfPage":{"@id":"https:\/\/www.gaveanews.com\/index.php\/2025\/01\/09\/bragantino-vai-buscar-reforco-no-river-plate\/#primaryimage"},"image":{"@id":"https:\/\/www.gaveanews.com\/index.php\/2025\/01\/09\/bragantino-vai-buscar-reforco-no-river-plate\/#primaryimage"},"thumbnailUrl":"https:\/\/www.gaveanews.com\/wp-content\/uploads\/Escudo-do-RedBull-Bragantino.webp","datePublished":"2025-01-10T00:39:05+00:00","dateModified":"2025-01-10T00:39:08+00:00","author":{"@id":"https:\/\/www.gaveanews.com\/#\/schema\/person\/6f5583f09aa4bcc9866a7360b5604486"},"breadcrumb":{"@id":"https:\/\/www.gaveanews.com\/index.php\/2025\/01\/09\/bragantino-vai-buscar-reforco-no-river-plate\/#breadcrumb"},"inLanguage":"pt-BR","potentialAction":[{"@type":"ReadAction","target":["https:\/\/www.gaveanews.com\/index.php\/2025\/01\/09\/bragantino-vai-buscar-reforco-no-river-plate\/"]}]},{"@type":"ImageObject","inLanguage":"pt-BR","@id":"https:\/\/www.gaveanews.com\/index.php\/2025\/01\/09\/bragantino-vai-buscar-reforco-no-river-plate\/#primaryimage","url":"https:\/\/www.gaveanews.com\/wp-content\/uploads\/Escudo-do-RedBull-Bragantino.webp","contentUrl":"https:\/\/www.gaveanews.com\/wp-content\/uploads\/Escudo-do-RedBull-Bragantino.webp","width":1200,"height":628,"caption":"Escudo do RedBull Bragantino (Foto: Reprodu\u00e7\u00e3o)"},{"@type":"BreadcrumbList","@id":"https:\/\/www.gaveanews.com\/index.php\/2025\/01\/09\/bragantino-vai-buscar-reforco-no-river-plate\/#breadcrumb","itemListElement":[{"@type":"ListItem","position":1,"name":"Home","item":"https:\/\/www.gaveanews.com\/"},{"@type":"ListItem","position":2,"name":"Bragantino vai buscar refor\u00e7o no River Plate"}]},{"@type":"WebSite","@id":"https:\/\/www.gaveanews.com\/#website","url":"https:\/\/www.gaveanews.com\/","name":"G\u00e1vea News","description":"Veja todas as not\u00edcias sobre o Flamengo: Contrata\u00e7\u00f5es, categorias de base, resultados das partidas, tabela de classifica\u00e7\u00e3o, pr\u00f3ximos jogos!","potentialAction":[{"@type":"SearchAction","target":{"@type":"EntryPoint","urlTemplate":"https:\/\/www.gaveanews.com\/?s={search_term_string}"},"query-input":{"@type":"PropertyValueSpecification","valueRequired":true,"valueName":"search_term_string"}}],"inLanguage":"pt-BR"},{"@type":"Person","@id":"https:\/\/www.gaveanews.com\/#\/schema\/person\/6f5583f09aa4bcc9866a7360b5604486","name":"Michel Camargo","image":{"@type":"ImageObject","inLanguage":"pt-BR","@id":"https:\/\/www.gaveanews.com\/#\/schema\/person\/image\/","url":"https:\/\/secure.gravatar.com\/avatar\/59285e68c26a1d55b30461b1bb1cc6534e5c51ef836b39890a73916a1db2d486?s=96&d=mm&r=g","contentUrl":"https:\/\/secure.gravatar.com\/avatar\/59285e68c26a1d55b30461b1bb1cc6534e5c51ef836b39890a73916a1db2d486?s=96&d=mm&r=g","caption":"Michel Camargo"}}]}},"_links":{"self":[{"href":"https:\/\/www.gaveanews.com\/index.php\/wp-json\/wp\/v2\/posts\/210483","targetHints":{"allow":["GET"]}}],"collection":[{"href":"https:\/\/www.gaveanews.com\/index.php\/wp-json\/wp\/v2\/posts"}],"about":[{"href":"https:\/\/www.gaveanews.com\/index.php\/wp-json\/wp\/v2\/types\/post"}],"author":[{"embeddable":true,"href":"https:\/\/www.gaveanews.com\/index.php\/wp-json\/wp\/v2\/users\/31"}],"replies":[{"embeddable":true,"href":"https:\/\/www.gaveanews.com\/index.php\/wp-json\/wp\/v2\/comments?post=210483"}],"version-history":[{"count":1,"href":"https:\/\/www.gaveanews.com\/index.php\/wp-json\/wp\/v2\/posts\/210483\/revisions"}],"predecessor-version":[{"id":210524,"href":"https:\/\/www.gaveanews.com\/index.php\/wp-json\/wp\/v2\/posts\/210483\/revisions\/210524"}],"wp:featuredmedia":[{"embeddable":true,"href":"https:\/\/www.gaveanews.com\/index.php\/wp-json\/wp\/v2\/media\/130357"}],"wp:attachment":[{"href":"https:\/\/www.gaveanews.com\/index.php\/wp-json\/wp\/v2\/media?parent=210483"}],"wp:term":[{"taxonomy":"category","embeddable":true,"href":"https:\/\/www.gaveanews.com\/index.php\/wp-json\/wp\/v2\/categories?post=210483"},{"taxonomy":"post_tag","embeddable":true,"href":"https:\/\/www.gaveanews.com\/index.php\/wp-json\/wp\/v2\/tags?post=210483"}],"curies":[{"name":"wp","href":"https:\/\/api.w.org\/{rel}","templated":true}]}}