{"id":210514,"date":"2025-01-10T04:35:00","date_gmt":"2025-01-10T07:35:00","guid":{"rendered":"https:\/\/www.gaveanews.com\/?p=210514"},"modified":"2025-01-09T21:25:16","modified_gmt":"2025-01-10T00:25:16","slug":"situacao-de-felipe-melo-declaracao-de-pvc-e-time-de-casagrande-as-ultimas-noticias-do-fluminense","status":"publish","type":"post","link":"https:\/\/www.gaveanews.com\/index.php\/2025\/01\/10\/situacao-de-felipe-melo-declaracao-de-pvc-e-time-de-casagrande-as-ultimas-noticias-do-fluminense\/","title":{"rendered":"Situa\u00e7\u00e3o de Felipe Melo, declara\u00e7\u00e3o de PVC e time de Casagrande: as \u00faltimas not\u00edcias do Fluminense"},"content":{"rendered":"\n<p>Nas \u00faltimas horas, o foco das not\u00edcias sobre o Fluminense se concentram nos bastidores do<br>clube, com destaques do dia a dia do time.<\/p>\n\n\n\n<p>Por conta deste contexto, leia abaixo um resumo preparado pela equipe do portal G\u00e1vea News para lhe manter muito bem informado!<\/p>\n\n\n\n<h2 class=\"wp-block-heading\" id=\"h-time-de-casagrande\">Time de Casagrande<\/h2>\n\n\n\n<p>Walter Casagrande, \u00edcone da Democracia Corintiana, revelou em coluna para o UOL News seu carinho pelo Flamengo, al\u00e9m de sua conhecida paix\u00e3o pelo Corinthians. O comentarista explicou que sua admira\u00e7\u00e3o pelo Rubro-Negro surgiu durante sua juventude, ao acompanhar o Campeonato Carioca e o cl\u00e1ssico Fla-Flu. Apesar de torcer tamb\u00e9m pelo Fluminense na \u00e9poca, Casagrande passou a apoiar o Flamengo ao assistir ao time em campo <strong><a href=\"https:\/\/www.gaveanews.com\/index.php\/2025\/01\/09\/casagrande-revela-time-que-e-torcedor-alem-do-flamengo\/\">(leia a mat\u00e9ria completa).<\/a><\/strong><\/p>\n\n\n\n<figure class=\"wp-block-image size-full\"><img loading=\"lazy\" decoding=\"async\" width=\"829\" height=\"397\" src=\"https:\/\/www.gaveanews.com\/wp-content\/uploads\/Casagrande-comentarista-do-Grupo-Globo.webp\" alt=\"\" class=\"wp-image-66729\" srcset=\"https:\/\/www.gaveanews.com\/wp-content\/uploads\/Casagrande-comentarista-do-Grupo-Globo.webp 829w, https:\/\/www.gaveanews.com\/wp-content\/uploads\/Casagrande-comentarista-do-Grupo-Globo-300x144.webp 300w, https:\/\/www.gaveanews.com\/wp-content\/uploads\/Casagrande-comentarista-do-Grupo-Globo-768x368.webp 768w, https:\/\/www.gaveanews.com\/wp-content\/uploads\/Casagrande-comentarista-do-Grupo-Globo-640x306.webp 640w, https:\/\/www.gaveanews.com\/wp-content\/uploads\/Casagrande-comentarista-do-Grupo-Globo-681x326.webp 681w, https:\/\/www.gaveanews.com\/wp-content\/uploads\/Casagrande-comentarista-do-Grupo-Globo-100x48.webp 100w\" sizes=\"auto, (max-width: 829px) 100vw, 829px\" \/><figcaption class=\"wp-element-caption\">Casagrande (Foto: Reprodu\u00e7\u00e3o\/SporTV)<\/figcaption><\/figure>\n\n\n\n<p>Com uma carreira marcada por sua identifica\u00e7\u00e3o com o Corinthians, onde foi bicampe\u00e3o paulista e marcou 93 gols em 234 jogos, Casagrande ressaltou que mant\u00e9m o Corinthians como seu primeiro amor no futebol. Ainda assim, declarou ter o cora\u00e7\u00e3o dividido entre o Tim\u00e3o e o Mais Querido.<\/p>\n\n\n\n<p>Essa confiss\u00e3o ilustra a abrang\u00eancia de sua paix\u00e3o pelo esporte e a influ\u00eancia de grandes jogadores, como Rivellino, em sua trajet\u00f3ria como torcedor. <\/p>\n\n\n\n<p>Casagrande, portanto, se apresenta como um raro exemplo de \u00eddolo que celebra m\u00faltiplas afilia\u00e7\u00f5es no cen\u00e1rio futebol\u00edstico brasileiro.<\/p>\n\n\n\n<h2 class=\"wp-block-heading\" id=\"h-declaracao-de-pvc\">Declara\u00e7\u00e3o de PVC<\/h2>\n\n\n\n<p>As negocia\u00e7\u00f5es para a transfer\u00eancia de Rony do Palmeiras para o Fluminense enfrentam um impasse devido \u00e0 diferen\u00e7a salarial. Segundo o jornalista Paulo Vin\u00edcius Coelho (PVC), apesar de um acordo inicial entre os clubes, a redu\u00e7\u00e3o de 25% nos vencimentos oferecidos pelo Fluminense n\u00e3o agradou ao jogador nem ao seu empres\u00e1rio, H\u00e9rcules J\u00fanior. Esse obst\u00e1culo financeiro tornou o cen\u00e1rio pessimista para a concretiza\u00e7\u00e3o do neg\u00f3cio <strong><a href=\"https:\/\/www.gaveanews.com\/index.php\/2025\/01\/08\/fluminense-a-declaracao-de-pvc-sobre-a-contratacao-de-rony-do-palmeiras\/\">(leia a mat\u00e9ria completa).<\/a><\/strong><\/p>\n\n\n\n<figure class=\"wp-block-image size-full\"><img loading=\"lazy\" decoding=\"async\" width=\"990\" height=\"619\" src=\"https:\/\/www.gaveanews.com\/wp-content\/uploads\/pvc-paulo-vinicius-coelho-saiu-da-globo-foto-reproducao-sportv_fixed_large.webp\" alt=\"\" class=\"wp-image-118615\" srcset=\"https:\/\/www.gaveanews.com\/wp-content\/uploads\/pvc-paulo-vinicius-coelho-saiu-da-globo-foto-reproducao-sportv_fixed_large.webp 990w, https:\/\/www.gaveanews.com\/wp-content\/uploads\/pvc-paulo-vinicius-coelho-saiu-da-globo-foto-reproducao-sportv_fixed_large-300x188.webp 300w, https:\/\/www.gaveanews.com\/wp-content\/uploads\/pvc-paulo-vinicius-coelho-saiu-da-globo-foto-reproducao-sportv_fixed_large-768x480.webp 768w, https:\/\/www.gaveanews.com\/wp-content\/uploads\/pvc-paulo-vinicius-coelho-saiu-da-globo-foto-reproducao-sportv_fixed_large-672x420.webp 672w, https:\/\/www.gaveanews.com\/wp-content\/uploads\/pvc-paulo-vinicius-coelho-saiu-da-globo-foto-reproducao-sportv_fixed_large-640x400.webp 640w, https:\/\/www.gaveanews.com\/wp-content\/uploads\/pvc-paulo-vinicius-coelho-saiu-da-globo-foto-reproducao-sportv_fixed_large-681x426.webp 681w, https:\/\/www.gaveanews.com\/wp-content\/uploads\/pvc-paulo-vinicius-coelho-saiu-da-globo-foto-reproducao-sportv_fixed_large-100x63.webp 100w\" sizes=\"auto, (max-width: 990px) 100vw, 990px\" \/><figcaption class=\"wp-element-caption\">Paulo Vinicius Coelho em programa do Sportv &#8211; Foto: reprodu\u00e7\u00e3o<\/figcaption><\/figure>\n\n\n\n<p>Anderson Barros, diretor de futebol do Palmeiras, expressou desejo de resolver a situa\u00e7\u00e3o rapidamente, indicando que o clube n\u00e3o conta mais com Rony para a temporada. O Fluminense, por sua vez, tentou compensar a redu\u00e7\u00e3o salarial com b\u00f4nus e luvas, mas as propostas n\u00e3o foram suficientes para convencer o estafe do jogador.<\/p>\n\n\n\n<p>Enquanto isso, o futuro de Rony permanece incerto. As conversas continuam, mas as diferen\u00e7as financeiras podem levar a um poss\u00edvel fracasso na negocia\u00e7\u00e3o. O desfecho dever\u00e1 ser decidido nas pr\u00f3ximas semanas, com Rony permanecendo no Palmeiras ou iniciando um novo cap\u00edtulo no Fluminense.<\/p>\n\n\n\n<h2 class=\"wp-block-heading\" id=\"h-situacao-de-felipe-melo\">Situa\u00e7\u00e3o de Felipe Melo<\/h2>\n\n\n\n<p>A apari\u00e7\u00e3o de Felipe Melo com a camisa do Boca Juniors gerou repercuss\u00e3o, mas o ex-jogador do Fluminense esclareceu que n\u00e3o h\u00e1 negocia\u00e7\u00f5es em andamento com o clube argentino. O volante, cujo contrato com o Fluminense encerrou no fim de 2024, afirmou que a escolha pelo uniforme reflete sua admira\u00e7\u00e3o pelo Boca e por \u00eddolos como Riquelme, Ver\u00f3n e Maradona. Ele destacou que sua rela\u00e7\u00e3o com o clube \u00e9 apenas de torcedor <strong><a href=\"https:\/\/www.gaveanews.com\/index.php\/2025\/01\/09\/fluminense-felipe-melo-aparece-vestindo-camisa-de-outro-time\/\">(leia a mat\u00e9ria completa).<\/a><\/strong><\/p>\n\n\n\n<figure class=\"wp-block-image size-full\"><img loading=\"lazy\" decoding=\"async\" width=\"640\" height=\"400\" src=\"https:\/\/www.gaveanews.com\/wp-content\/uploads\/felipe-melo-fluminense.webp\" alt=\"\" class=\"wp-image-105430\" srcset=\"https:\/\/www.gaveanews.com\/wp-content\/uploads\/felipe-melo-fluminense.webp 640w, https:\/\/www.gaveanews.com\/wp-content\/uploads\/felipe-melo-fluminense-300x188.webp 300w, https:\/\/www.gaveanews.com\/wp-content\/uploads\/felipe-melo-fluminense-100x63.webp 100w\" sizes=\"auto, (max-width: 640px) 100vw, 640px\" \/><figcaption class=\"wp-element-caption\">Felipe Melo em a\u00e7\u00e3o pelo Fluminense (Foto: Marcelo Gon\u00e7alves\/Fluminense)<\/figcaption><\/figure>\n\n\n\n<p>Felipe Melo deixou o Fluminense ap\u00f3s tr\u00eas anos e quatro t\u00edtulos, incluindo a in\u00e9dita conquista da Libertadores. A sa\u00edda, anunciada pelo presidente Mario Bittencourt, surpreendeu o jogador, que esperava disputar o Mundial de Clubes em 2025. Apesar disso, Felipe Melo segue sem definir o pr\u00f3ximo passo em sua carreira.<\/p>\n\n\n\n<p>O volante mencionou que seu apre\u00e7o pelo Boca Juniors come\u00e7ou h\u00e1 anos, inspirado por grandes nomes do futebol argentino. No entanto, sua presen\u00e7a na La Bombonera ser\u00e1 apenas como espectador, conforme esclareceu em v\u00eddeo publicado nas redes sociais.<\/p>\n","protected":false},"excerpt":{"rendered":"<p>Nas \u00faltimas horas, o foco das not\u00edcias sobre o Fluminense se concentram nos bastidores doclube, com destaques do dia a dia do time. Por conta deste contexto, leia abaixo um resumo preparado pela equipe do portal G\u00e1vea News para lhe manter muito bem informado! Time de Casagrande Walter Casagrande, \u00edcone da Democracia Corintiana, revelou em [&hellip;]<\/p>\n","protected":false},"author":27,"featured_media":152558,"comment_status":"open","ping_status":"closed","sticky":false,"template":"","format":"standard","meta":{"footnotes":""},"categories":[145],"tags":[],"class_list":["post-210514","post","type-post","status-publish","format-standard","has-post-thumbnail","hentry","category-fluminense"],"yoast_head":"<!-- This site is optimized with the Yoast SEO Premium plugin v24.2 (Yoast SEO v26.9) - https:\/\/yoast.com\/product\/yoast-seo-premium-wordpress\/ -->\n<title>Situa\u00e7\u00e3o de Felipe Melo, declara\u00e7\u00e3o de PVC e time de Casagrande: as \u00faltimas not\u00edcias do Fluminense<\/title>\n<meta name=\"robots\" content=\"index, follow, max-snippet:-1, max-image-preview:large, max-video-preview:-1\" \/>\n<link rel=\"canonical\" href=\"https:\/\/www.gaveanews.com\/index.php\/2025\/01\/10\/situacao-de-felipe-melo-declaracao-de-pvc-e-time-de-casagrande-as-ultimas-noticias-do-fluminense\/\" \/>\n<meta property=\"og:locale\" content=\"pt_BR\" \/>\n<meta property=\"og:type\" content=\"article\" \/>\n<meta property=\"og:title\" content=\"Situa\u00e7\u00e3o de Felipe Melo, declara\u00e7\u00e3o de PVC e time de Casagrande: as \u00faltimas not\u00edcias do Fluminense\" \/>\n<meta property=\"og:description\" content=\"Nas \u00faltimas horas, o foco das not\u00edcias sobre o Fluminense se concentram nos bastidores doclube, com destaques do dia a dia do time. Por conta deste contexto, leia abaixo um resumo preparado pela equipe do portal G\u00e1vea News para lhe manter muito bem informado! Time de Casagrande Walter Casagrande, \u00edcone da Democracia Corintiana, revelou em [&hellip;]\" \/>\n<meta property=\"og:url\" content=\"https:\/\/www.gaveanews.com\/index.php\/2025\/01\/10\/situacao-de-felipe-melo-declaracao-de-pvc-e-time-de-casagrande-as-ultimas-noticias-do-fluminense\/\" \/>\n<meta property=\"og:site_name\" content=\"G\u00e1vea News\" \/>\n<meta property=\"article:publisher\" content=\"https:\/\/facebook.com\/gaveaNews\/\" \/>\n<meta property=\"article:published_time\" content=\"2025-01-10T07:35:00+00:00\" \/>\n<meta property=\"og:image\" content=\"https:\/\/www.gaveanews.com\/wp-content\/uploads\/Bandeira-do-Fluminense.webp\" \/>\n\t<meta property=\"og:image:width\" content=\"1440\" \/>\n\t<meta property=\"og:image:height\" content=\"1080\" \/>\n\t<meta property=\"og:image:type\" content=\"image\/webp\" \/>\n<meta name=\"author\" content=\"Matheus Felipe\" \/>\n<meta name=\"twitter:card\" content=\"summary_large_image\" \/>\n<meta name=\"twitter:label1\" content=\"Escrito por\" \/>\n\t<meta name=\"twitter:data1\" content=\"Matheus Felipe\" \/>\n\t<meta name=\"twitter:label2\" content=\"Est. tempo de leitura\" \/>\n\t<meta name=\"twitter:data2\" content=\"4 minutos\" \/>\n<script type=\"application\/ld+json\" class=\"yoast-schema-graph\">{\"@context\":\"https:\/\/schema.org\",\"@graph\":[{\"@type\":\"NewsArticle\",\"@id\":\"https:\/\/www.gaveanews.com\/index.php\/2025\/01\/10\/situacao-de-felipe-melo-declaracao-de-pvc-e-time-de-casagrande-as-ultimas-noticias-do-fluminense\/#article\",\"isPartOf\":{\"@id\":\"https:\/\/www.gaveanews.com\/index.php\/2025\/01\/10\/situacao-de-felipe-melo-declaracao-de-pvc-e-time-de-casagrande-as-ultimas-noticias-do-fluminense\/\"},\"author\":{\"name\":\"Matheus Felipe\",\"@id\":\"https:\/\/www.gaveanews.com\/#\/schema\/person\/8207cd4627f56151707418bfc835b2fb\"},\"headline\":\"Situa\u00e7\u00e3o de Felipe Melo, declara\u00e7\u00e3o de PVC e time de Casagrande: as \u00faltimas not\u00edcias do Fluminense\",\"datePublished\":\"2025-01-10T07:35:00+00:00\",\"mainEntityOfPage\":{\"@id\":\"https:\/\/www.gaveanews.com\/index.php\/2025\/01\/10\/situacao-de-felipe-melo-declaracao-de-pvc-e-time-de-casagrande-as-ultimas-noticias-do-fluminense\/\"},\"wordCount\":644,\"commentCount\":0,\"image\":{\"@id\":\"https:\/\/www.gaveanews.com\/index.php\/2025\/01\/10\/situacao-de-felipe-melo-declaracao-de-pvc-e-time-de-casagrande-as-ultimas-noticias-do-fluminense\/#primaryimage\"},\"thumbnailUrl\":\"https:\/\/www.gaveanews.com\/wp-content\/uploads\/Bandeira-do-Fluminense.webp\",\"articleSection\":[\"Fluminense\"],\"inLanguage\":\"pt-BR\",\"potentialAction\":[{\"@type\":\"CommentAction\",\"name\":\"Comment\",\"target\":[\"https:\/\/www.gaveanews.com\/index.php\/2025\/01\/10\/situacao-de-felipe-melo-declaracao-de-pvc-e-time-de-casagrande-as-ultimas-noticias-do-fluminense\/#respond\"]}],\"copyrightYear\":\"2025\",\"copyrightHolder\":{\"@id\":\"https:\/\/www.gaveanews.com\/#organization\"}},{\"@type\":\"WebPage\",\"@id\":\"https:\/\/www.gaveanews.com\/index.php\/2025\/01\/10\/situacao-de-felipe-melo-declaracao-de-pvc-e-time-de-casagrande-as-ultimas-noticias-do-fluminense\/\",\"url\":\"https:\/\/www.gaveanews.com\/index.php\/2025\/01\/10\/situacao-de-felipe-melo-declaracao-de-pvc-e-time-de-casagrande-as-ultimas-noticias-do-fluminense\/\",\"name\":\"Situa\u00e7\u00e3o de Felipe Melo, declara\u00e7\u00e3o de PVC e time de Casagrande: as \u00faltimas not\u00edcias do Fluminense\",\"isPartOf\":{\"@id\":\"https:\/\/www.gaveanews.com\/#website\"},\"primaryImageOfPage\":{\"@id\":\"https:\/\/www.gaveanews.com\/index.php\/2025\/01\/10\/situacao-de-felipe-melo-declaracao-de-pvc-e-time-de-casagrande-as-ultimas-noticias-do-fluminense\/#primaryimage\"},\"image\":{\"@id\":\"https:\/\/www.gaveanews.com\/index.php\/2025\/01\/10\/situacao-de-felipe-melo-declaracao-de-pvc-e-time-de-casagrande-as-ultimas-noticias-do-fluminense\/#primaryimage\"},\"thumbnailUrl\":\"https:\/\/www.gaveanews.com\/wp-content\/uploads\/Bandeira-do-Fluminense.webp\",\"datePublished\":\"2025-01-10T07:35:00+00:00\",\"author\":{\"@id\":\"https:\/\/www.gaveanews.com\/#\/schema\/person\/8207cd4627f56151707418bfc835b2fb\"},\"breadcrumb\":{\"@id\":\"https:\/\/www.gaveanews.com\/index.php\/2025\/01\/10\/situacao-de-felipe-melo-declaracao-de-pvc-e-time-de-casagrande-as-ultimas-noticias-do-fluminense\/#breadcrumb\"},\"inLanguage\":\"pt-BR\",\"potentialAction\":[{\"@type\":\"ReadAction\",\"target\":[\"https:\/\/www.gaveanews.com\/index.php\/2025\/01\/10\/situacao-de-felipe-melo-declaracao-de-pvc-e-time-de-casagrande-as-ultimas-noticias-do-fluminense\/\"]}]},{\"@type\":\"ImageObject\",\"inLanguage\":\"pt-BR\",\"@id\":\"https:\/\/www.gaveanews.com\/index.php\/2025\/01\/10\/situacao-de-felipe-melo-declaracao-de-pvc-e-time-de-casagrande-as-ultimas-noticias-do-fluminense\/#primaryimage\",\"url\":\"https:\/\/www.gaveanews.com\/wp-content\/uploads\/Bandeira-do-Fluminense.webp\",\"contentUrl\":\"https:\/\/www.gaveanews.com\/wp-content\/uploads\/Bandeira-do-Fluminense.webp\",\"width\":1440,\"height\":1080,\"caption\":\"Bandeira do Fluminense (Foto: Reprodu\u00e7\u00e3o\/Fluminense)\"},{\"@type\":\"BreadcrumbList\",\"@id\":\"https:\/\/www.gaveanews.com\/index.php\/2025\/01\/10\/situacao-de-felipe-melo-declaracao-de-pvc-e-time-de-casagrande-as-ultimas-noticias-do-fluminense\/#breadcrumb\",\"itemListElement\":[{\"@type\":\"ListItem\",\"position\":1,\"name\":\"Home\",\"item\":\"https:\/\/www.gaveanews.com\/\"},{\"@type\":\"ListItem\",\"position\":2,\"name\":\"Situa\u00e7\u00e3o de Felipe Melo, declara\u00e7\u00e3o de PVC e time de Casagrande: as \u00faltimas not\u00edcias do Fluminense\"}]},{\"@type\":\"WebSite\",\"@id\":\"https:\/\/www.gaveanews.com\/#website\",\"url\":\"https:\/\/www.gaveanews.com\/\",\"name\":\"G\u00e1vea News\",\"description\":\"Veja todas as not\u00edcias sobre o Flamengo: Contrata\u00e7\u00f5es, categorias de base, resultados das partidas, tabela de classifica\u00e7\u00e3o, pr\u00f3ximos jogos!\",\"potentialAction\":[{\"@type\":\"SearchAction\",\"target\":{\"@type\":\"EntryPoint\",\"urlTemplate\":\"https:\/\/www.gaveanews.com\/?s={search_term_string}\"},\"query-input\":{\"@type\":\"PropertyValueSpecification\",\"valueRequired\":true,\"valueName\":\"search_term_string\"}}],\"inLanguage\":\"pt-BR\"},{\"@type\":\"Person\",\"@id\":\"https:\/\/www.gaveanews.com\/#\/schema\/person\/8207cd4627f56151707418bfc835b2fb\",\"name\":\"Matheus Felipe\",\"image\":{\"@type\":\"ImageObject\",\"inLanguage\":\"pt-BR\",\"@id\":\"https:\/\/www.gaveanews.com\/#\/schema\/person\/image\/\",\"url\":\"https:\/\/secure.gravatar.com\/avatar\/a452ffbed9130f726358b298bb3a99ce4bd3c5338411f8440e87e14d74c7c087?s=96&d=mm&r=g\",\"contentUrl\":\"https:\/\/secure.gravatar.com\/avatar\/a452ffbed9130f726358b298bb3a99ce4bd3c5338411f8440e87e14d74c7c087?s=96&d=mm&r=g\",\"caption\":\"Matheus Felipe\"}}]}<\/script>\n<!-- \/ Yoast SEO Premium plugin. -->","yoast_head_json":{"title":"Situa\u00e7\u00e3o de Felipe Melo, declara\u00e7\u00e3o de PVC e time de Casagrande: as \u00faltimas not\u00edcias do Fluminense","robots":{"index":"index","follow":"follow","max-snippet":"max-snippet:-1","max-image-preview":"max-image-preview:large","max-video-preview":"max-video-preview:-1"},"canonical":"https:\/\/www.gaveanews.com\/index.php\/2025\/01\/10\/situacao-de-felipe-melo-declaracao-de-pvc-e-time-de-casagrande-as-ultimas-noticias-do-fluminense\/","og_locale":"pt_BR","og_type":"article","og_title":"Situa\u00e7\u00e3o de Felipe Melo, declara\u00e7\u00e3o de PVC e time de Casagrande: as \u00faltimas not\u00edcias do Fluminense","og_description":"Nas \u00faltimas horas, o foco das not\u00edcias sobre o Fluminense se concentram nos bastidores doclube, com destaques do dia a dia do time. Por conta deste contexto, leia abaixo um resumo preparado pela equipe do portal G\u00e1vea News para lhe manter muito bem informado! Time de Casagrande Walter Casagrande, \u00edcone da Democracia Corintiana, revelou em [&hellip;]","og_url":"https:\/\/www.gaveanews.com\/index.php\/2025\/01\/10\/situacao-de-felipe-melo-declaracao-de-pvc-e-time-de-casagrande-as-ultimas-noticias-do-fluminense\/","og_site_name":"G\u00e1vea News","article_publisher":"https:\/\/facebook.com\/gaveaNews\/","article_published_time":"2025-01-10T07:35:00+00:00","og_image":[{"width":1440,"height":1080,"url":"https:\/\/www.gaveanews.com\/wp-content\/uploads\/Bandeira-do-Fluminense.webp","type":"image\/webp"}],"author":"Matheus Felipe","twitter_card":"summary_large_image","twitter_misc":{"Escrito por":"Matheus Felipe","Est. tempo de leitura":"4 minutos"},"schema":{"@context":"https:\/\/schema.org","@graph":[{"@type":"NewsArticle","@id":"https:\/\/www.gaveanews.com\/index.php\/2025\/01\/10\/situacao-de-felipe-melo-declaracao-de-pvc-e-time-de-casagrande-as-ultimas-noticias-do-fluminense\/#article","isPartOf":{"@id":"https:\/\/www.gaveanews.com\/index.php\/2025\/01\/10\/situacao-de-felipe-melo-declaracao-de-pvc-e-time-de-casagrande-as-ultimas-noticias-do-fluminense\/"},"author":{"name":"Matheus Felipe","@id":"https:\/\/www.gaveanews.com\/#\/schema\/person\/8207cd4627f56151707418bfc835b2fb"},"headline":"Situa\u00e7\u00e3o de Felipe Melo, declara\u00e7\u00e3o de PVC e time de Casagrande: as \u00faltimas not\u00edcias do Fluminense","datePublished":"2025-01-10T07:35:00+00:00","mainEntityOfPage":{"@id":"https:\/\/www.gaveanews.com\/index.php\/2025\/01\/10\/situacao-de-felipe-melo-declaracao-de-pvc-e-time-de-casagrande-as-ultimas-noticias-do-fluminense\/"},"wordCount":644,"commentCount":0,"image":{"@id":"https:\/\/www.gaveanews.com\/index.php\/2025\/01\/10\/situacao-de-felipe-melo-declaracao-de-pvc-e-time-de-casagrande-as-ultimas-noticias-do-fluminense\/#primaryimage"},"thumbnailUrl":"https:\/\/www.gaveanews.com\/wp-content\/uploads\/Bandeira-do-Fluminense.webp","articleSection":["Fluminense"],"inLanguage":"pt-BR","potentialAction":[{"@type":"CommentAction","name":"Comment","target":["https:\/\/www.gaveanews.com\/index.php\/2025\/01\/10\/situacao-de-felipe-melo-declaracao-de-pvc-e-time-de-casagrande-as-ultimas-noticias-do-fluminense\/#respond"]}],"copyrightYear":"2025","copyrightHolder":{"@id":"https:\/\/www.gaveanews.com\/#organization"}},{"@type":"WebPage","@id":"https:\/\/www.gaveanews.com\/index.php\/2025\/01\/10\/situacao-de-felipe-melo-declaracao-de-pvc-e-time-de-casagrande-as-ultimas-noticias-do-fluminense\/","url":"https:\/\/www.gaveanews.com\/index.php\/2025\/01\/10\/situacao-de-felipe-melo-declaracao-de-pvc-e-time-de-casagrande-as-ultimas-noticias-do-fluminense\/","name":"Situa\u00e7\u00e3o de Felipe Melo, declara\u00e7\u00e3o de PVC e time de Casagrande: as \u00faltimas not\u00edcias do Fluminense","isPartOf":{"@id":"https:\/\/www.gaveanews.com\/#website"},"primaryImageOfPage":{"@id":"https:\/\/www.gaveanews.com\/index.php\/2025\/01\/10\/situacao-de-felipe-melo-declaracao-de-pvc-e-time-de-casagrande-as-ultimas-noticias-do-fluminense\/#primaryimage"},"image":{"@id":"https:\/\/www.gaveanews.com\/index.php\/2025\/01\/10\/situacao-de-felipe-melo-declaracao-de-pvc-e-time-de-casagrande-as-ultimas-noticias-do-fluminense\/#primaryimage"},"thumbnailUrl":"https:\/\/www.gaveanews.com\/wp-content\/uploads\/Bandeira-do-Fluminense.webp","datePublished":"2025-01-10T07:35:00+00:00","author":{"@id":"https:\/\/www.gaveanews.com\/#\/schema\/person\/8207cd4627f56151707418bfc835b2fb"},"breadcrumb":{"@id":"https:\/\/www.gaveanews.com\/index.php\/2025\/01\/10\/situacao-de-felipe-melo-declaracao-de-pvc-e-time-de-casagrande-as-ultimas-noticias-do-fluminense\/#breadcrumb"},"inLanguage":"pt-BR","potentialAction":[{"@type":"ReadAction","target":["https:\/\/www.gaveanews.com\/index.php\/2025\/01\/10\/situacao-de-felipe-melo-declaracao-de-pvc-e-time-de-casagrande-as-ultimas-noticias-do-fluminense\/"]}]},{"@type":"ImageObject","inLanguage":"pt-BR","@id":"https:\/\/www.gaveanews.com\/index.php\/2025\/01\/10\/situacao-de-felipe-melo-declaracao-de-pvc-e-time-de-casagrande-as-ultimas-noticias-do-fluminense\/#primaryimage","url":"https:\/\/www.gaveanews.com\/wp-content\/uploads\/Bandeira-do-Fluminense.webp","contentUrl":"https:\/\/www.gaveanews.com\/wp-content\/uploads\/Bandeira-do-Fluminense.webp","width":1440,"height":1080,"caption":"Bandeira do Fluminense (Foto: Reprodu\u00e7\u00e3o\/Fluminense)"},{"@type":"BreadcrumbList","@id":"https:\/\/www.gaveanews.com\/index.php\/2025\/01\/10\/situacao-de-felipe-melo-declaracao-de-pvc-e-time-de-casagrande-as-ultimas-noticias-do-fluminense\/#breadcrumb","itemListElement":[{"@type":"ListItem","position":1,"name":"Home","item":"https:\/\/www.gaveanews.com\/"},{"@type":"ListItem","position":2,"name":"Situa\u00e7\u00e3o de Felipe Melo, declara\u00e7\u00e3o de PVC e time de Casagrande: as \u00faltimas not\u00edcias do Fluminense"}]},{"@type":"WebSite","@id":"https:\/\/www.gaveanews.com\/#website","url":"https:\/\/www.gaveanews.com\/","name":"G\u00e1vea News","description":"Veja todas as not\u00edcias sobre o Flamengo: Contrata\u00e7\u00f5es, categorias de base, resultados das partidas, tabela de classifica\u00e7\u00e3o, pr\u00f3ximos jogos!","potentialAction":[{"@type":"SearchAction","target":{"@type":"EntryPoint","urlTemplate":"https:\/\/www.gaveanews.com\/?s={search_term_string}"},"query-input":{"@type":"PropertyValueSpecification","valueRequired":true,"valueName":"search_term_string"}}],"inLanguage":"pt-BR"},{"@type":"Person","@id":"https:\/\/www.gaveanews.com\/#\/schema\/person\/8207cd4627f56151707418bfc835b2fb","name":"Matheus Felipe","image":{"@type":"ImageObject","inLanguage":"pt-BR","@id":"https:\/\/www.gaveanews.com\/#\/schema\/person\/image\/","url":"https:\/\/secure.gravatar.com\/avatar\/a452ffbed9130f726358b298bb3a99ce4bd3c5338411f8440e87e14d74c7c087?s=96&d=mm&r=g","contentUrl":"https:\/\/secure.gravatar.com\/avatar\/a452ffbed9130f726358b298bb3a99ce4bd3c5338411f8440e87e14d74c7c087?s=96&d=mm&r=g","caption":"Matheus Felipe"}}]}},"_links":{"self":[{"href":"https:\/\/www.gaveanews.com\/index.php\/wp-json\/wp\/v2\/posts\/210514","targetHints":{"allow":["GET"]}}],"collection":[{"href":"https:\/\/www.gaveanews.com\/index.php\/wp-json\/wp\/v2\/posts"}],"about":[{"href":"https:\/\/www.gaveanews.com\/index.php\/wp-json\/wp\/v2\/types\/post"}],"author":[{"embeddable":true,"href":"https:\/\/www.gaveanews.com\/index.php\/wp-json\/wp\/v2\/users\/27"}],"replies":[{"embeddable":true,"href":"https:\/\/www.gaveanews.com\/index.php\/wp-json\/wp\/v2\/comments?post=210514"}],"version-history":[{"count":1,"href":"https:\/\/www.gaveanews.com\/index.php\/wp-json\/wp\/v2\/posts\/210514\/revisions"}],"predecessor-version":[{"id":210516,"href":"https:\/\/www.gaveanews.com\/index.php\/wp-json\/wp\/v2\/posts\/210514\/revisions\/210516"}],"wp:featuredmedia":[{"embeddable":true,"href":"https:\/\/www.gaveanews.com\/index.php\/wp-json\/wp\/v2\/media\/152558"}],"wp:attachment":[{"href":"https:\/\/www.gaveanews.com\/index.php\/wp-json\/wp\/v2\/media?parent=210514"}],"wp:term":[{"taxonomy":"category","embeddable":true,"href":"https:\/\/www.gaveanews.com\/index.php\/wp-json\/wp\/v2\/categories?post=210514"},{"taxonomy":"post_tag","embeddable":true,"href":"https:\/\/www.gaveanews.com\/index.php\/wp-json\/wp\/v2\/tags?post=210514"}],"curies":[{"name":"wp","href":"https:\/\/api.w.org\/{rel}","templated":true}]}}