{"id":210539,"date":"2025-01-10T11:55:00","date_gmt":"2025-01-10T14:55:00","guid":{"rendered":"https:\/\/www.gaveanews.com\/?p=210539"},"modified":"2025-01-10T10:06:09","modified_gmt":"2025-01-10T13:06:09","slug":"vasco-esta-muito-proximo-de-seu-mais-novo-reforco","status":"publish","type":"post","link":"https:\/\/www.gaveanews.com\/index.php\/2025\/01\/10\/vasco-esta-muito-proximo-de-seu-mais-novo-reforco\/","title":{"rendered":"Vasco est\u00e1 muito pr\u00f3ximo de seu mais novo refor\u00e7o"},"content":{"rendered":"\n<h2 class=\"wp-block-heading\" id=\"h-veja-quem-e\">Veja quem \u00e9<\/h2>\n\n\n\n<p>Depois de confirmar as contrata\u00e7\u00f5es de Tch\u00ea Tch\u00ea, Daniel Fuzato e Lucas Oliveira, o Vasco mant\u00e9m-se vigilante no mercado e j\u00e1 iniciou o processo de contrata\u00e7\u00e3o do zagueiro Mauricio Lemos, proveniente do Atl\u00e9tico-MG.<\/p>\n\n\n\n<ul class=\"wp-block-list\">\n<li><a href=\"https:\/\/www.gaveanews.com\/index.php\/2025\/01\/09\/lucas-oliveira-novo-reforco-do-vasco-manda-recado-para-torcida\/\">Lucas Oliveira, novo refor\u00e7o do Vasco, manda recado para torcida<\/a><\/li>\n\n\n\n<li><a href=\"https:\/\/www.gaveanews.com\/index.php\/2025\/01\/09\/ex-atacante-do-botafogo-entra-na-mira-de-internacional-vasco-e-santos\/\">Ex-atacante do Botafogo entra na mira de Internacional, Vasco e Santos<\/a><\/li>\n<\/ul>\n\n\n\n<p>A Itatiaia confirmou que o clube de Minas Gerais aprovou a transa\u00e7\u00e3o e as partes concordaram.<br>Apenas os \u00faltimos detalhes burocr\u00e1ticos entre o jogador e o Atl\u00e9tico s\u00e3o necess\u00e1rios para validar o acordo. Portanto, Lemos ainda n\u00e3o se decidiu, mas parece inclinado a concordar.<\/p>\n\n\n\n<p>Lemos teria seu contrato com o Atl\u00e9tico finalizado no final deste ano. O atleta chegou a Belo Horizonte em 2023 e permaneceu duas temporadas no clube da capital mineira.<\/p>\n\n\n\n<figure class=\"wp-block-image size-large\"><img loading=\"lazy\" decoding=\"async\" width=\"834\" height=\"1024\" src=\"https:\/\/www.gaveanews.com\/wp-content\/uploads\/Mauricio-Lemos-com-a-camisa-do-Atletico-MG-834x1024.webp\" alt=\"\" class=\"wp-image-153916\" srcset=\"https:\/\/www.gaveanews.com\/wp-content\/uploads\/Mauricio-Lemos-com-a-camisa-do-Atletico-MG-834x1024.webp 834w, https:\/\/www.gaveanews.com\/wp-content\/uploads\/Mauricio-Lemos-com-a-camisa-do-Atletico-MG-244x300.webp 244w, https:\/\/www.gaveanews.com\/wp-content\/uploads\/Mauricio-Lemos-com-a-camisa-do-Atletico-MG-768x943.webp 768w, https:\/\/www.gaveanews.com\/wp-content\/uploads\/Mauricio-Lemos-com-a-camisa-do-Atletico-MG-342x420.webp 342w, https:\/\/www.gaveanews.com\/wp-content\/uploads\/Mauricio-Lemos-com-a-camisa-do-Atletico-MG-684x840.webp 684w, https:\/\/www.gaveanews.com\/wp-content\/uploads\/Mauricio-Lemos-com-a-camisa-do-Atletico-MG-640x786.webp 640w, https:\/\/www.gaveanews.com\/wp-content\/uploads\/Mauricio-Lemos-com-a-camisa-do-Atletico-MG-681x836.webp 681w, https:\/\/www.gaveanews.com\/wp-content\/uploads\/Mauricio-Lemos-com-a-camisa-do-Atletico-MG-100x123.webp 100w, https:\/\/www.gaveanews.com\/wp-content\/uploads\/Mauricio-Lemos-com-a-camisa-do-Atletico-MG.webp 1075w\" sizes=\"auto, (max-width: 834px) 100vw, 834px\" \/><figcaption class=\"wp-element-caption\">Maur\u00edcio Lemos com a camisa do Atl\u00e9tico-MG (Foto: Reprodu\u00e7\u00e3o\/Atl\u00e9tico-MG)<\/figcaption><\/figure>\n\n\n\n<p>No per\u00edodo, o jogador uruguaio participou de 57 partidas, marcando 3 gols e dando uma assist\u00eancia. Contudo, em 2024, Lemos foi substitu\u00eddo por Gabriel Milito e, inclusive, esteve perto de assinar com o Vasco no \u00faltimo ano.<\/p>\n\n\n\n<p>Lemos chega para fortalecer uma \u00e1rea vista como priorit\u00e1ria no clube carioca, conforme evidenciado pelas cr\u00edticas da torcida \u00e0 defesa na temporada passada. E o mais atacado, L\u00e9o, foi transferido para o Athletico-PR.<\/p>\n\n\n\n<p>O atleta come\u00e7ou sua trajet\u00f3ria profissional no Defensor Sporting, do Uruguai, e logo despertou o interesse de clubes europeus. Em 2016, foi para o Las Palmas, da Espanha, onde experimentou uma de suas fases mais brilhantes. Depois disso, jogou em times da R\u00fassia, It\u00e1lia e Turquia antes de voltar \u00e0 Am\u00e9rica do Sul para defender o Atl\u00e9tico-MG.<\/p>\n\n\n\n<p>Para 2025, o treinador espera construir uma defesa mais robusta, apta a lidar com a press\u00e3o dos rivais e assegurar resultados superiores. A admiss\u00e3o de Lemos \u00e9 um componente dessa t\u00e1tica de reformula\u00e7\u00e3o da defesa.<\/p>\n\n\n\n<h2 class=\"wp-block-heading\" id=\"h-proximos-jogos-do-vasco\">Pr\u00f3ximos jogos do Vasco:<br><\/h2>\n\n\n\n<ul class=\"wp-block-list\">\n<li>Nova Igua\u00e7u (F) &#8211; 11\/01, \u00e0s 16h30 (de Bras\u00edlia) &#8211; Campeonato Carioca<\/li>\n\n\n\n<li>Bangu (C) &#8211; 16\/01, \u00e0s 21h30 (de Bras\u00edlia) &#8211; Campeonato Carioca<\/li>\n\n\n\n<li>Boavista-RJ (F) &#8211; 19\/01, \u00e0s 19h (de Bras\u00edlia) &#8211; Campeonato Carioca<\/li>\n<\/ul>\n","protected":false},"excerpt":{"rendered":"<p>Veja quem \u00e9 Depois de confirmar as contrata\u00e7\u00f5es de Tch\u00ea Tch\u00ea, Daniel Fuzato e Lucas Oliveira, o Vasco mant\u00e9m-se vigilante no mercado e j\u00e1 iniciou o processo de contrata\u00e7\u00e3o do zagueiro Mauricio Lemos, proveniente do Atl\u00e9tico-MG. A Itatiaia confirmou que o clube de Minas Gerais aprovou a transa\u00e7\u00e3o e as partes concordaram.Apenas os \u00faltimos detalhes [&hellip;]<\/p>\n","protected":false},"author":16,"featured_media":161261,"comment_status":"open","ping_status":"closed","sticky":false,"template":"","format":"standard","meta":{"footnotes":""},"categories":[152],"tags":[],"class_list":["post-210539","post","type-post","status-publish","format-standard","has-post-thumbnail","hentry","category-vasco"],"yoast_head":"<!-- This site is optimized with the Yoast SEO Premium plugin v24.2 (Yoast SEO v26.9) - https:\/\/yoast.com\/product\/yoast-seo-premium-wordpress\/ -->\n<title>Vasco est\u00e1 muito pr\u00f3ximo de seu mais novo refor\u00e7o<\/title>\n<meta name=\"robots\" content=\"index, follow, max-snippet:-1, max-image-preview:large, max-video-preview:-1\" \/>\n<link rel=\"canonical\" href=\"https:\/\/www.gaveanews.com\/index.php\/2025\/01\/10\/vasco-esta-muito-proximo-de-seu-mais-novo-reforco\/\" \/>\n<meta property=\"og:locale\" content=\"pt_BR\" \/>\n<meta property=\"og:type\" content=\"article\" \/>\n<meta property=\"og:title\" content=\"Vasco est\u00e1 muito pr\u00f3ximo de seu mais novo refor\u00e7o\" \/>\n<meta property=\"og:description\" content=\"Veja quem \u00e9 Depois de confirmar as contrata\u00e7\u00f5es de Tch\u00ea Tch\u00ea, Daniel Fuzato e Lucas Oliveira, o Vasco mant\u00e9m-se vigilante no mercado e j\u00e1 iniciou o processo de contrata\u00e7\u00e3o do zagueiro Mauricio Lemos, proveniente do Atl\u00e9tico-MG. A Itatiaia confirmou que o clube de Minas Gerais aprovou a transa\u00e7\u00e3o e as partes concordaram.Apenas os \u00faltimos detalhes [&hellip;]\" \/>\n<meta property=\"og:url\" content=\"https:\/\/www.gaveanews.com\/index.php\/2025\/01\/10\/vasco-esta-muito-proximo-de-seu-mais-novo-reforco\/\" \/>\n<meta property=\"og:site_name\" content=\"G\u00e1vea News\" \/>\n<meta property=\"article:publisher\" content=\"https:\/\/facebook.com\/gaveaNews\/\" \/>\n<meta property=\"article:published_time\" content=\"2025-01-10T14:55:00+00:00\" \/>\n<meta property=\"og:image\" content=\"https:\/\/www.gaveanews.com\/wp-content\/uploads\/Camisa-do-Vasco-2024.webp\" \/>\n\t<meta property=\"og:image:width\" content=\"1059\" \/>\n\t<meta property=\"og:image:height\" content=\"794\" \/>\n\t<meta property=\"og:image:type\" content=\"image\/webp\" \/>\n<meta name=\"author\" content=\"D\u00e9bora Figueiredo\" \/>\n<meta name=\"twitter:card\" content=\"summary_large_image\" \/>\n<meta name=\"twitter:label1\" content=\"Escrito por\" \/>\n\t<meta name=\"twitter:data1\" content=\"D\u00e9bora Figueiredo\" \/>\n\t<meta name=\"twitter:label2\" content=\"Est. tempo de leitura\" \/>\n\t<meta name=\"twitter:data2\" content=\"3 minutos\" \/>\n<script type=\"application\/ld+json\" class=\"yoast-schema-graph\">{\"@context\":\"https:\/\/schema.org\",\"@graph\":[{\"@type\":\"NewsArticle\",\"@id\":\"https:\/\/www.gaveanews.com\/index.php\/2025\/01\/10\/vasco-esta-muito-proximo-de-seu-mais-novo-reforco\/#article\",\"isPartOf\":{\"@id\":\"https:\/\/www.gaveanews.com\/index.php\/2025\/01\/10\/vasco-esta-muito-proximo-de-seu-mais-novo-reforco\/\"},\"author\":{\"name\":\"D\u00e9bora Figueiredo\",\"@id\":\"https:\/\/www.gaveanews.com\/#\/schema\/person\/37122681a8575a5c8db05a56f099a5e4\"},\"headline\":\"Vasco est\u00e1 muito pr\u00f3ximo de seu mais novo refor\u00e7o\",\"datePublished\":\"2025-01-10T14:55:00+00:00\",\"mainEntityOfPage\":{\"@id\":\"https:\/\/www.gaveanews.com\/index.php\/2025\/01\/10\/vasco-esta-muito-proximo-de-seu-mais-novo-reforco\/\"},\"wordCount\":375,\"commentCount\":0,\"image\":{\"@id\":\"https:\/\/www.gaveanews.com\/index.php\/2025\/01\/10\/vasco-esta-muito-proximo-de-seu-mais-novo-reforco\/#primaryimage\"},\"thumbnailUrl\":\"https:\/\/www.gaveanews.com\/wp-content\/uploads\/Camisa-do-Vasco-2024.webp\",\"articleSection\":[\"Vasco\"],\"inLanguage\":\"pt-BR\",\"potentialAction\":[{\"@type\":\"CommentAction\",\"name\":\"Comment\",\"target\":[\"https:\/\/www.gaveanews.com\/index.php\/2025\/01\/10\/vasco-esta-muito-proximo-de-seu-mais-novo-reforco\/#respond\"]}],\"copyrightYear\":\"2025\",\"copyrightHolder\":{\"@id\":\"https:\/\/www.gaveanews.com\/#organization\"}},{\"@type\":\"WebPage\",\"@id\":\"https:\/\/www.gaveanews.com\/index.php\/2025\/01\/10\/vasco-esta-muito-proximo-de-seu-mais-novo-reforco\/\",\"url\":\"https:\/\/www.gaveanews.com\/index.php\/2025\/01\/10\/vasco-esta-muito-proximo-de-seu-mais-novo-reforco\/\",\"name\":\"Vasco est\u00e1 muito pr\u00f3ximo de seu mais novo refor\u00e7o\",\"isPartOf\":{\"@id\":\"https:\/\/www.gaveanews.com\/#website\"},\"primaryImageOfPage\":{\"@id\":\"https:\/\/www.gaveanews.com\/index.php\/2025\/01\/10\/vasco-esta-muito-proximo-de-seu-mais-novo-reforco\/#primaryimage\"},\"image\":{\"@id\":\"https:\/\/www.gaveanews.com\/index.php\/2025\/01\/10\/vasco-esta-muito-proximo-de-seu-mais-novo-reforco\/#primaryimage\"},\"thumbnailUrl\":\"https:\/\/www.gaveanews.com\/wp-content\/uploads\/Camisa-do-Vasco-2024.webp\",\"datePublished\":\"2025-01-10T14:55:00+00:00\",\"author\":{\"@id\":\"https:\/\/www.gaveanews.com\/#\/schema\/person\/37122681a8575a5c8db05a56f099a5e4\"},\"breadcrumb\":{\"@id\":\"https:\/\/www.gaveanews.com\/index.php\/2025\/01\/10\/vasco-esta-muito-proximo-de-seu-mais-novo-reforco\/#breadcrumb\"},\"inLanguage\":\"pt-BR\",\"potentialAction\":[{\"@type\":\"ReadAction\",\"target\":[\"https:\/\/www.gaveanews.com\/index.php\/2025\/01\/10\/vasco-esta-muito-proximo-de-seu-mais-novo-reforco\/\"]}]},{\"@type\":\"ImageObject\",\"inLanguage\":\"pt-BR\",\"@id\":\"https:\/\/www.gaveanews.com\/index.php\/2025\/01\/10\/vasco-esta-muito-proximo-de-seu-mais-novo-reforco\/#primaryimage\",\"url\":\"https:\/\/www.gaveanews.com\/wp-content\/uploads\/Camisa-do-Vasco-2024.webp\",\"contentUrl\":\"https:\/\/www.gaveanews.com\/wp-content\/uploads\/Camisa-do-Vasco-2024.webp\",\"width\":1059,\"height\":794,\"caption\":\"Camisa do Vasco 2024 (Foto: Reprodu\u00e7\u00e3o\/Instagram)\"},{\"@type\":\"BreadcrumbList\",\"@id\":\"https:\/\/www.gaveanews.com\/index.php\/2025\/01\/10\/vasco-esta-muito-proximo-de-seu-mais-novo-reforco\/#breadcrumb\",\"itemListElement\":[{\"@type\":\"ListItem\",\"position\":1,\"name\":\"Home\",\"item\":\"https:\/\/www.gaveanews.com\/\"},{\"@type\":\"ListItem\",\"position\":2,\"name\":\"Vasco est\u00e1 muito pr\u00f3ximo de seu mais novo refor\u00e7o\"}]},{\"@type\":\"WebSite\",\"@id\":\"https:\/\/www.gaveanews.com\/#website\",\"url\":\"https:\/\/www.gaveanews.com\/\",\"name\":\"G\u00e1vea News\",\"description\":\"Veja todas as not\u00edcias sobre o Flamengo: Contrata\u00e7\u00f5es, categorias de base, resultados das partidas, tabela de classifica\u00e7\u00e3o, pr\u00f3ximos jogos!\",\"potentialAction\":[{\"@type\":\"SearchAction\",\"target\":{\"@type\":\"EntryPoint\",\"urlTemplate\":\"https:\/\/www.gaveanews.com\/?s={search_term_string}\"},\"query-input\":{\"@type\":\"PropertyValueSpecification\",\"valueRequired\":true,\"valueName\":\"search_term_string\"}}],\"inLanguage\":\"pt-BR\"},{\"@type\":\"Person\",\"@id\":\"https:\/\/www.gaveanews.com\/#\/schema\/person\/37122681a8575a5c8db05a56f099a5e4\",\"name\":\"D\u00e9bora Figueiredo\",\"image\":{\"@type\":\"ImageObject\",\"inLanguage\":\"pt-BR\",\"@id\":\"https:\/\/www.gaveanews.com\/#\/schema\/person\/image\/\",\"url\":\"https:\/\/secure.gravatar.com\/avatar\/1f44802859351588499d26f52aed1d15796ce17e67602895b72837c08018868d?s=96&d=mm&r=g\",\"contentUrl\":\"https:\/\/secure.gravatar.com\/avatar\/1f44802859351588499d26f52aed1d15796ce17e67602895b72837c08018868d?s=96&d=mm&r=g\",\"caption\":\"D\u00e9bora Figueiredo\"}}]}<\/script>\n<!-- \/ Yoast SEO Premium plugin. -->","yoast_head_json":{"title":"Vasco est\u00e1 muito pr\u00f3ximo de seu mais novo refor\u00e7o","robots":{"index":"index","follow":"follow","max-snippet":"max-snippet:-1","max-image-preview":"max-image-preview:large","max-video-preview":"max-video-preview:-1"},"canonical":"https:\/\/www.gaveanews.com\/index.php\/2025\/01\/10\/vasco-esta-muito-proximo-de-seu-mais-novo-reforco\/","og_locale":"pt_BR","og_type":"article","og_title":"Vasco est\u00e1 muito pr\u00f3ximo de seu mais novo refor\u00e7o","og_description":"Veja quem \u00e9 Depois de confirmar as contrata\u00e7\u00f5es de Tch\u00ea Tch\u00ea, Daniel Fuzato e Lucas Oliveira, o Vasco mant\u00e9m-se vigilante no mercado e j\u00e1 iniciou o processo de contrata\u00e7\u00e3o do zagueiro Mauricio Lemos, proveniente do Atl\u00e9tico-MG. A Itatiaia confirmou que o clube de Minas Gerais aprovou a transa\u00e7\u00e3o e as partes concordaram.Apenas os \u00faltimos detalhes [&hellip;]","og_url":"https:\/\/www.gaveanews.com\/index.php\/2025\/01\/10\/vasco-esta-muito-proximo-de-seu-mais-novo-reforco\/","og_site_name":"G\u00e1vea News","article_publisher":"https:\/\/facebook.com\/gaveaNews\/","article_published_time":"2025-01-10T14:55:00+00:00","og_image":[{"width":1059,"height":794,"url":"https:\/\/www.gaveanews.com\/wp-content\/uploads\/Camisa-do-Vasco-2024.webp","type":"image\/webp"}],"author":"D\u00e9bora Figueiredo","twitter_card":"summary_large_image","twitter_misc":{"Escrito por":"D\u00e9bora Figueiredo","Est. tempo de leitura":"3 minutos"},"schema":{"@context":"https:\/\/schema.org","@graph":[{"@type":"NewsArticle","@id":"https:\/\/www.gaveanews.com\/index.php\/2025\/01\/10\/vasco-esta-muito-proximo-de-seu-mais-novo-reforco\/#article","isPartOf":{"@id":"https:\/\/www.gaveanews.com\/index.php\/2025\/01\/10\/vasco-esta-muito-proximo-de-seu-mais-novo-reforco\/"},"author":{"name":"D\u00e9bora Figueiredo","@id":"https:\/\/www.gaveanews.com\/#\/schema\/person\/37122681a8575a5c8db05a56f099a5e4"},"headline":"Vasco est\u00e1 muito pr\u00f3ximo de seu mais novo refor\u00e7o","datePublished":"2025-01-10T14:55:00+00:00","mainEntityOfPage":{"@id":"https:\/\/www.gaveanews.com\/index.php\/2025\/01\/10\/vasco-esta-muito-proximo-de-seu-mais-novo-reforco\/"},"wordCount":375,"commentCount":0,"image":{"@id":"https:\/\/www.gaveanews.com\/index.php\/2025\/01\/10\/vasco-esta-muito-proximo-de-seu-mais-novo-reforco\/#primaryimage"},"thumbnailUrl":"https:\/\/www.gaveanews.com\/wp-content\/uploads\/Camisa-do-Vasco-2024.webp","articleSection":["Vasco"],"inLanguage":"pt-BR","potentialAction":[{"@type":"CommentAction","name":"Comment","target":["https:\/\/www.gaveanews.com\/index.php\/2025\/01\/10\/vasco-esta-muito-proximo-de-seu-mais-novo-reforco\/#respond"]}],"copyrightYear":"2025","copyrightHolder":{"@id":"https:\/\/www.gaveanews.com\/#organization"}},{"@type":"WebPage","@id":"https:\/\/www.gaveanews.com\/index.php\/2025\/01\/10\/vasco-esta-muito-proximo-de-seu-mais-novo-reforco\/","url":"https:\/\/www.gaveanews.com\/index.php\/2025\/01\/10\/vasco-esta-muito-proximo-de-seu-mais-novo-reforco\/","name":"Vasco est\u00e1 muito pr\u00f3ximo de seu mais novo refor\u00e7o","isPartOf":{"@id":"https:\/\/www.gaveanews.com\/#website"},"primaryImageOfPage":{"@id":"https:\/\/www.gaveanews.com\/index.php\/2025\/01\/10\/vasco-esta-muito-proximo-de-seu-mais-novo-reforco\/#primaryimage"},"image":{"@id":"https:\/\/www.gaveanews.com\/index.php\/2025\/01\/10\/vasco-esta-muito-proximo-de-seu-mais-novo-reforco\/#primaryimage"},"thumbnailUrl":"https:\/\/www.gaveanews.com\/wp-content\/uploads\/Camisa-do-Vasco-2024.webp","datePublished":"2025-01-10T14:55:00+00:00","author":{"@id":"https:\/\/www.gaveanews.com\/#\/schema\/person\/37122681a8575a5c8db05a56f099a5e4"},"breadcrumb":{"@id":"https:\/\/www.gaveanews.com\/index.php\/2025\/01\/10\/vasco-esta-muito-proximo-de-seu-mais-novo-reforco\/#breadcrumb"},"inLanguage":"pt-BR","potentialAction":[{"@type":"ReadAction","target":["https:\/\/www.gaveanews.com\/index.php\/2025\/01\/10\/vasco-esta-muito-proximo-de-seu-mais-novo-reforco\/"]}]},{"@type":"ImageObject","inLanguage":"pt-BR","@id":"https:\/\/www.gaveanews.com\/index.php\/2025\/01\/10\/vasco-esta-muito-proximo-de-seu-mais-novo-reforco\/#primaryimage","url":"https:\/\/www.gaveanews.com\/wp-content\/uploads\/Camisa-do-Vasco-2024.webp","contentUrl":"https:\/\/www.gaveanews.com\/wp-content\/uploads\/Camisa-do-Vasco-2024.webp","width":1059,"height":794,"caption":"Camisa do Vasco 2024 (Foto: Reprodu\u00e7\u00e3o\/Instagram)"},{"@type":"BreadcrumbList","@id":"https:\/\/www.gaveanews.com\/index.php\/2025\/01\/10\/vasco-esta-muito-proximo-de-seu-mais-novo-reforco\/#breadcrumb","itemListElement":[{"@type":"ListItem","position":1,"name":"Home","item":"https:\/\/www.gaveanews.com\/"},{"@type":"ListItem","position":2,"name":"Vasco est\u00e1 muito pr\u00f3ximo de seu mais novo refor\u00e7o"}]},{"@type":"WebSite","@id":"https:\/\/www.gaveanews.com\/#website","url":"https:\/\/www.gaveanews.com\/","name":"G\u00e1vea News","description":"Veja todas as not\u00edcias sobre o Flamengo: Contrata\u00e7\u00f5es, categorias de base, resultados das partidas, tabela de classifica\u00e7\u00e3o, pr\u00f3ximos jogos!","potentialAction":[{"@type":"SearchAction","target":{"@type":"EntryPoint","urlTemplate":"https:\/\/www.gaveanews.com\/?s={search_term_string}"},"query-input":{"@type":"PropertyValueSpecification","valueRequired":true,"valueName":"search_term_string"}}],"inLanguage":"pt-BR"},{"@type":"Person","@id":"https:\/\/www.gaveanews.com\/#\/schema\/person\/37122681a8575a5c8db05a56f099a5e4","name":"D\u00e9bora Figueiredo","image":{"@type":"ImageObject","inLanguage":"pt-BR","@id":"https:\/\/www.gaveanews.com\/#\/schema\/person\/image\/","url":"https:\/\/secure.gravatar.com\/avatar\/1f44802859351588499d26f52aed1d15796ce17e67602895b72837c08018868d?s=96&d=mm&r=g","contentUrl":"https:\/\/secure.gravatar.com\/avatar\/1f44802859351588499d26f52aed1d15796ce17e67602895b72837c08018868d?s=96&d=mm&r=g","caption":"D\u00e9bora Figueiredo"}}]}},"_links":{"self":[{"href":"https:\/\/www.gaveanews.com\/index.php\/wp-json\/wp\/v2\/posts\/210539","targetHints":{"allow":["GET"]}}],"collection":[{"href":"https:\/\/www.gaveanews.com\/index.php\/wp-json\/wp\/v2\/posts"}],"about":[{"href":"https:\/\/www.gaveanews.com\/index.php\/wp-json\/wp\/v2\/types\/post"}],"author":[{"embeddable":true,"href":"https:\/\/www.gaveanews.com\/index.php\/wp-json\/wp\/v2\/users\/16"}],"replies":[{"embeddable":true,"href":"https:\/\/www.gaveanews.com\/index.php\/wp-json\/wp\/v2\/comments?post=210539"}],"version-history":[{"count":1,"href":"https:\/\/www.gaveanews.com\/index.php\/wp-json\/wp\/v2\/posts\/210539\/revisions"}],"predecessor-version":[{"id":210548,"href":"https:\/\/www.gaveanews.com\/index.php\/wp-json\/wp\/v2\/posts\/210539\/revisions\/210548"}],"wp:featuredmedia":[{"embeddable":true,"href":"https:\/\/www.gaveanews.com\/index.php\/wp-json\/wp\/v2\/media\/161261"}],"wp:attachment":[{"href":"https:\/\/www.gaveanews.com\/index.php\/wp-json\/wp\/v2\/media?parent=210539"}],"wp:term":[{"taxonomy":"category","embeddable":true,"href":"https:\/\/www.gaveanews.com\/index.php\/wp-json\/wp\/v2\/categories?post=210539"},{"taxonomy":"post_tag","embeddable":true,"href":"https:\/\/www.gaveanews.com\/index.php\/wp-json\/wp\/v2\/tags?post=210539"}],"curies":[{"name":"wp","href":"https:\/\/api.w.org\/{rel}","templated":true}]}}