{"id":210552,"date":"2025-01-10T03:40:00","date_gmt":"2025-01-10T06:40:00","guid":{"rendered":"https:\/\/www.gaveanews.com\/?p=210552"},"modified":"2025-01-10T01:13:25","modified_gmt":"2025-01-10T04:13:25","slug":"martelo-batido-internacional-acerta-com-reforco-ate-2028","status":"publish","type":"post","link":"https:\/\/www.gaveanews.com\/index.php\/2025\/01\/10\/martelo-batido-internacional-acerta-com-reforco-ate-2028\/","title":{"rendered":"Martelo batido! Internacional acerta com refor\u00e7o at\u00e9 2028"},"content":{"rendered":"\n<p>O Internacional segue ativo no mercado da bola e garantiu a perman\u00eancia de um dos destaques da equipe em 2024. Ap\u00f3s negocia\u00e7\u00f5es com o Celtic, da Esc\u00f3cia, o clube ga\u00facho acertou a compra do lateral-esquerdo Alexandro Bernabei. O argentino, que chegou por empr\u00e9stimo no in\u00edcio do ano passado, assinou um contrato v\u00e1lido por quatro temporadas, permanecendo no Beira-Rio at\u00e9 2028.<\/p>\n\n\n\n<ul class=\"wp-block-list\">\n<li><a href=\"https:\/\/www.gaveanews.com\/index.php\/2025\/01\/09\/internacional-atualizacao-sobre-a-contratacao-de-bernabei\/\">Internacional: atualiza\u00e7\u00e3o sobre a contrata\u00e7\u00e3o de Bernabei<\/a><\/li>\n\n\n\n<li><a href=\"https:\/\/www.gaveanews.com\/index.php\/2025\/01\/09\/internacional-como-fica-a-situacao-de-thiago-maia-apos-desistencia-do-santos\/\">Internacional: como fica a situa\u00e7\u00e3o de Thiago Maia ap\u00f3s desist\u00eancia do Santos?<\/a><\/li>\n<\/ul>\n\n\n\n<h2 class=\"wp-block-heading\" id=\"h-valores-e-detalhes-da-negociacao\">Valores e detalhes da negocia\u00e7\u00e3o<\/h2>\n\n\n\n<p>Para concluir a contrata\u00e7\u00e3o em definitivo, o Inter desembolsou 4,5 milh\u00f5es de euros, cerca de R$ 28 milh\u00f5es na convers\u00e3o atual. Al\u00e9m do valor fixo, o acordo prev\u00ea um b\u00f4nus de 500 mil euros (R$ 3,1 milh\u00f5es), condicionado ao cumprimento de metas estabelecidas no contrato. O desejo do jogador de continuar no clube foi um fator determinante para a negocia\u00e7\u00e3o.<\/p>\n\n\n\n<h2 class=\"wp-block-heading\" id=\"h-evolucao-de-bernabei-no-beira-rio\">Evolu\u00e7\u00e3o de Bernabei no Beira-Rio<\/h2>\n\n\n\n<p>A trajet\u00f3ria de Bernabei no Inter teve um in\u00edcio discreto. Sob o comando de Eduardo Coudet, o lateral-esquerdo teve poucas oportunidades e foi utilizado apenas uma vez. No entanto, a chegada do t\u00e9cnico Roger Machado representou uma reviravolta para o argentino, que passou a ser presen\u00e7a constante no time titular.<\/p>\n\n\n\n<figure class=\"wp-block-image size-full\"><img loading=\"lazy\" decoding=\"async\" width=\"838\" height=\"549\" src=\"https:\/\/www.gaveanews.com\/wp-content\/uploads\/Alexandro-Bernabei-pelo-Internacional.webp\" alt=\"\" class=\"wp-image-173123\" srcset=\"https:\/\/www.gaveanews.com\/wp-content\/uploads\/Alexandro-Bernabei-pelo-Internacional.webp 838w, https:\/\/www.gaveanews.com\/wp-content\/uploads\/Alexandro-Bernabei-pelo-Internacional-300x197.webp 300w, https:\/\/www.gaveanews.com\/wp-content\/uploads\/Alexandro-Bernabei-pelo-Internacional-768x503.webp 768w, https:\/\/www.gaveanews.com\/wp-content\/uploads\/Alexandro-Bernabei-pelo-Internacional-641x420.webp 641w, https:\/\/www.gaveanews.com\/wp-content\/uploads\/Alexandro-Bernabei-pelo-Internacional-640x419.webp 640w, https:\/\/www.gaveanews.com\/wp-content\/uploads\/Alexandro-Bernabei-pelo-Internacional-681x446.webp 681w, https:\/\/www.gaveanews.com\/wp-content\/uploads\/Alexandro-Bernabei-pelo-Internacional-100x66.webp 100w\" sizes=\"auto, (max-width: 838px) 100vw, 838px\" \/><figcaption class=\"wp-element-caption\">Alexandro Bernabei pelo Internacional (Foto: Divulga\u00e7\u00e3o\/Internacional) \n<\/figcaption><\/figure>\n\n\n\n<p>Com boas atua\u00e7\u00f5es ao longo da temporada, Bernabei se destacou no setor ofensivo e defensivo. Ele disputou 25 partidas, marcou tr\u00eas gols e distribuiu seis assist\u00eancias. Seu desempenho foi coroado com o pr\u00eamio Bola de Prata, reconhecimento dado ao melhor lateral-esquerdo do Campeonato Brasileiro.<\/p>\n\n\n\n<h2 class=\"wp-block-heading\" id=\"h-expectativa-para-a-chegada\">Expectativa para a chegada<\/h2>\n\n\n\n<p>O lateral deve desembarcar em Porto Alegre na ter\u00e7a-feira (14), quando se apresentar\u00e1 oficialmente ao elenco colorado para o in\u00edcio da pr\u00e9-temporada. O Inter aguarda apenas os tr\u00e2mites burocr\u00e1ticos finais para anunciar a contrata\u00e7\u00e3o de forma oficial.<\/p>\n","protected":false},"excerpt":{"rendered":"<p>O Internacional segue ativo no mercado da bola e garantiu a perman\u00eancia de um dos destaques da equipe em 2024. Ap\u00f3s negocia\u00e7\u00f5es com o Celtic, da Esc\u00f3cia, o clube ga\u00facho acertou a compra do lateral-esquerdo Alexandro Bernabei. O argentino, que chegou por empr\u00e9stimo no in\u00edcio do ano passado, assinou um contrato v\u00e1lido por quatro temporadas, [&hellip;]<\/p>\n","protected":false},"author":15,"featured_media":181543,"comment_status":"open","ping_status":"closed","sticky":false,"template":"","format":"standard","meta":{"footnotes":""},"categories":[148],"tags":[],"class_list":["post-210552","post","type-post","status-publish","format-standard","has-post-thumbnail","hentry","category-internacional"],"yoast_head":"<!-- This site is optimized with the Yoast SEO Premium plugin v24.2 (Yoast SEO v26.9) - https:\/\/yoast.com\/product\/yoast-seo-premium-wordpress\/ -->\n<title>Martelo batido! Internacional acerta com refor\u00e7o at\u00e9 2028<\/title>\n<meta name=\"robots\" content=\"index, follow, max-snippet:-1, max-image-preview:large, max-video-preview:-1\" \/>\n<link rel=\"canonical\" href=\"https:\/\/www.gaveanews.com\/index.php\/2025\/01\/10\/martelo-batido-internacional-acerta-com-reforco-ate-2028\/\" \/>\n<meta property=\"og:locale\" content=\"pt_BR\" \/>\n<meta property=\"og:type\" content=\"article\" \/>\n<meta property=\"og:title\" content=\"Martelo batido! Internacional acerta com refor\u00e7o at\u00e9 2028\" \/>\n<meta property=\"og:description\" content=\"O Internacional segue ativo no mercado da bola e garantiu a perman\u00eancia de um dos destaques da equipe em 2024. Ap\u00f3s negocia\u00e7\u00f5es com o Celtic, da Esc\u00f3cia, o clube ga\u00facho acertou a compra do lateral-esquerdo Alexandro Bernabei. O argentino, que chegou por empr\u00e9stimo no in\u00edcio do ano passado, assinou um contrato v\u00e1lido por quatro temporadas, [&hellip;]\" \/>\n<meta property=\"og:url\" content=\"https:\/\/www.gaveanews.com\/index.php\/2025\/01\/10\/martelo-batido-internacional-acerta-com-reforco-ate-2028\/\" \/>\n<meta property=\"og:site_name\" content=\"G\u00e1vea News\" \/>\n<meta property=\"article:publisher\" content=\"https:\/\/facebook.com\/gaveaNews\/\" \/>\n<meta property=\"article:published_time\" content=\"2025-01-10T06:40:00+00:00\" \/>\n<meta property=\"og:image\" content=\"https:\/\/www.gaveanews.com\/wp-content\/uploads\/Elenco-do-Internacional-em-2024.webp\" \/>\n\t<meta property=\"og:image:width\" content=\"1120\" \/>\n\t<meta property=\"og:image:height\" content=\"747\" \/>\n\t<meta property=\"og:image:type\" content=\"image\/webp\" \/>\n<meta name=\"author\" content=\"Henrique Machado\" \/>\n<meta name=\"twitter:card\" content=\"summary_large_image\" \/>\n<meta name=\"twitter:label1\" content=\"Escrito por\" \/>\n\t<meta name=\"twitter:data1\" content=\"Henrique Machado\" \/>\n\t<meta name=\"twitter:label2\" content=\"Est. tempo de leitura\" \/>\n\t<meta name=\"twitter:data2\" content=\"3 minutos\" \/>\n<script type=\"application\/ld+json\" class=\"yoast-schema-graph\">{\"@context\":\"https:\/\/schema.org\",\"@graph\":[{\"@type\":\"NewsArticle\",\"@id\":\"https:\/\/www.gaveanews.com\/index.php\/2025\/01\/10\/martelo-batido-internacional-acerta-com-reforco-ate-2028\/#article\",\"isPartOf\":{\"@id\":\"https:\/\/www.gaveanews.com\/index.php\/2025\/01\/10\/martelo-batido-internacional-acerta-com-reforco-ate-2028\/\"},\"author\":{\"name\":\"Henrique Machado\",\"@id\":\"https:\/\/www.gaveanews.com\/#\/schema\/person\/fd07635ec039ec3ba74ad18ec8a6dbd6\"},\"headline\":\"Martelo batido! Internacional acerta com refor\u00e7o at\u00e9 2028\",\"datePublished\":\"2025-01-10T06:40:00+00:00\",\"mainEntityOfPage\":{\"@id\":\"https:\/\/www.gaveanews.com\/index.php\/2025\/01\/10\/martelo-batido-internacional-acerta-com-reforco-ate-2028\/\"},\"wordCount\":329,\"commentCount\":0,\"image\":{\"@id\":\"https:\/\/www.gaveanews.com\/index.php\/2025\/01\/10\/martelo-batido-internacional-acerta-com-reforco-ate-2028\/#primaryimage\"},\"thumbnailUrl\":\"https:\/\/www.gaveanews.com\/wp-content\/uploads\/Elenco-do-Internacional-em-2024.webp\",\"articleSection\":[\"Internacional\"],\"inLanguage\":\"pt-BR\",\"potentialAction\":[{\"@type\":\"CommentAction\",\"name\":\"Comment\",\"target\":[\"https:\/\/www.gaveanews.com\/index.php\/2025\/01\/10\/martelo-batido-internacional-acerta-com-reforco-ate-2028\/#respond\"]}],\"copyrightYear\":\"2025\",\"copyrightHolder\":{\"@id\":\"https:\/\/www.gaveanews.com\/#organization\"}},{\"@type\":\"WebPage\",\"@id\":\"https:\/\/www.gaveanews.com\/index.php\/2025\/01\/10\/martelo-batido-internacional-acerta-com-reforco-ate-2028\/\",\"url\":\"https:\/\/www.gaveanews.com\/index.php\/2025\/01\/10\/martelo-batido-internacional-acerta-com-reforco-ate-2028\/\",\"name\":\"Martelo batido! Internacional acerta com refor\u00e7o at\u00e9 2028\",\"isPartOf\":{\"@id\":\"https:\/\/www.gaveanews.com\/#website\"},\"primaryImageOfPage\":{\"@id\":\"https:\/\/www.gaveanews.com\/index.php\/2025\/01\/10\/martelo-batido-internacional-acerta-com-reforco-ate-2028\/#primaryimage\"},\"image\":{\"@id\":\"https:\/\/www.gaveanews.com\/index.php\/2025\/01\/10\/martelo-batido-internacional-acerta-com-reforco-ate-2028\/#primaryimage\"},\"thumbnailUrl\":\"https:\/\/www.gaveanews.com\/wp-content\/uploads\/Elenco-do-Internacional-em-2024.webp\",\"datePublished\":\"2025-01-10T06:40:00+00:00\",\"author\":{\"@id\":\"https:\/\/www.gaveanews.com\/#\/schema\/person\/fd07635ec039ec3ba74ad18ec8a6dbd6\"},\"breadcrumb\":{\"@id\":\"https:\/\/www.gaveanews.com\/index.php\/2025\/01\/10\/martelo-batido-internacional-acerta-com-reforco-ate-2028\/#breadcrumb\"},\"inLanguage\":\"pt-BR\",\"potentialAction\":[{\"@type\":\"ReadAction\",\"target\":[\"https:\/\/www.gaveanews.com\/index.php\/2025\/01\/10\/martelo-batido-internacional-acerta-com-reforco-ate-2028\/\"]}]},{\"@type\":\"ImageObject\",\"inLanguage\":\"pt-BR\",\"@id\":\"https:\/\/www.gaveanews.com\/index.php\/2025\/01\/10\/martelo-batido-internacional-acerta-com-reforco-ate-2028\/#primaryimage\",\"url\":\"https:\/\/www.gaveanews.com\/wp-content\/uploads\/Elenco-do-Internacional-em-2024.webp\",\"contentUrl\":\"https:\/\/www.gaveanews.com\/wp-content\/uploads\/Elenco-do-Internacional-em-2024.webp\",\"width\":1120,\"height\":747,\"caption\":\"Elenco do Internacional em 2024 (Foto: Reprodu\u00e7\u00e3o\/R Duarte)\"},{\"@type\":\"BreadcrumbList\",\"@id\":\"https:\/\/www.gaveanews.com\/index.php\/2025\/01\/10\/martelo-batido-internacional-acerta-com-reforco-ate-2028\/#breadcrumb\",\"itemListElement\":[{\"@type\":\"ListItem\",\"position\":1,\"name\":\"Home\",\"item\":\"https:\/\/www.gaveanews.com\/\"},{\"@type\":\"ListItem\",\"position\":2,\"name\":\"Martelo batido! Internacional acerta com refor\u00e7o at\u00e9 2028\"}]},{\"@type\":\"WebSite\",\"@id\":\"https:\/\/www.gaveanews.com\/#website\",\"url\":\"https:\/\/www.gaveanews.com\/\",\"name\":\"G\u00e1vea News\",\"description\":\"Veja todas as not\u00edcias sobre o Flamengo: Contrata\u00e7\u00f5es, categorias de base, resultados das partidas, tabela de classifica\u00e7\u00e3o, pr\u00f3ximos jogos!\",\"potentialAction\":[{\"@type\":\"SearchAction\",\"target\":{\"@type\":\"EntryPoint\",\"urlTemplate\":\"https:\/\/www.gaveanews.com\/?s={search_term_string}\"},\"query-input\":{\"@type\":\"PropertyValueSpecification\",\"valueRequired\":true,\"valueName\":\"search_term_string\"}}],\"inLanguage\":\"pt-BR\"},{\"@type\":\"Person\",\"@id\":\"https:\/\/www.gaveanews.com\/#\/schema\/person\/fd07635ec039ec3ba74ad18ec8a6dbd6\",\"name\":\"Henrique Machado\",\"image\":{\"@type\":\"ImageObject\",\"inLanguage\":\"pt-BR\",\"@id\":\"https:\/\/www.gaveanews.com\/#\/schema\/person\/image\/\",\"url\":\"https:\/\/secure.gravatar.com\/avatar\/b95e35997e01d9800c1b6184bd79d4d898d370a3fce2584f5c77b907d5c7d9e9?s=96&d=mm&r=g\",\"contentUrl\":\"https:\/\/secure.gravatar.com\/avatar\/b95e35997e01d9800c1b6184bd79d4d898d370a3fce2584f5c77b907d5c7d9e9?s=96&d=mm&r=g\",\"caption\":\"Henrique Machado\"}}]}<\/script>\n<!-- \/ Yoast SEO Premium plugin. -->","yoast_head_json":{"title":"Martelo batido! Internacional acerta com refor\u00e7o at\u00e9 2028","robots":{"index":"index","follow":"follow","max-snippet":"max-snippet:-1","max-image-preview":"max-image-preview:large","max-video-preview":"max-video-preview:-1"},"canonical":"https:\/\/www.gaveanews.com\/index.php\/2025\/01\/10\/martelo-batido-internacional-acerta-com-reforco-ate-2028\/","og_locale":"pt_BR","og_type":"article","og_title":"Martelo batido! Internacional acerta com refor\u00e7o at\u00e9 2028","og_description":"O Internacional segue ativo no mercado da bola e garantiu a perman\u00eancia de um dos destaques da equipe em 2024. Ap\u00f3s negocia\u00e7\u00f5es com o Celtic, da Esc\u00f3cia, o clube ga\u00facho acertou a compra do lateral-esquerdo Alexandro Bernabei. O argentino, que chegou por empr\u00e9stimo no in\u00edcio do ano passado, assinou um contrato v\u00e1lido por quatro temporadas, [&hellip;]","og_url":"https:\/\/www.gaveanews.com\/index.php\/2025\/01\/10\/martelo-batido-internacional-acerta-com-reforco-ate-2028\/","og_site_name":"G\u00e1vea News","article_publisher":"https:\/\/facebook.com\/gaveaNews\/","article_published_time":"2025-01-10T06:40:00+00:00","og_image":[{"width":1120,"height":747,"url":"https:\/\/www.gaveanews.com\/wp-content\/uploads\/Elenco-do-Internacional-em-2024.webp","type":"image\/webp"}],"author":"Henrique Machado","twitter_card":"summary_large_image","twitter_misc":{"Escrito por":"Henrique Machado","Est. tempo de leitura":"3 minutos"},"schema":{"@context":"https:\/\/schema.org","@graph":[{"@type":"NewsArticle","@id":"https:\/\/www.gaveanews.com\/index.php\/2025\/01\/10\/martelo-batido-internacional-acerta-com-reforco-ate-2028\/#article","isPartOf":{"@id":"https:\/\/www.gaveanews.com\/index.php\/2025\/01\/10\/martelo-batido-internacional-acerta-com-reforco-ate-2028\/"},"author":{"name":"Henrique Machado","@id":"https:\/\/www.gaveanews.com\/#\/schema\/person\/fd07635ec039ec3ba74ad18ec8a6dbd6"},"headline":"Martelo batido! Internacional acerta com refor\u00e7o at\u00e9 2028","datePublished":"2025-01-10T06:40:00+00:00","mainEntityOfPage":{"@id":"https:\/\/www.gaveanews.com\/index.php\/2025\/01\/10\/martelo-batido-internacional-acerta-com-reforco-ate-2028\/"},"wordCount":329,"commentCount":0,"image":{"@id":"https:\/\/www.gaveanews.com\/index.php\/2025\/01\/10\/martelo-batido-internacional-acerta-com-reforco-ate-2028\/#primaryimage"},"thumbnailUrl":"https:\/\/www.gaveanews.com\/wp-content\/uploads\/Elenco-do-Internacional-em-2024.webp","articleSection":["Internacional"],"inLanguage":"pt-BR","potentialAction":[{"@type":"CommentAction","name":"Comment","target":["https:\/\/www.gaveanews.com\/index.php\/2025\/01\/10\/martelo-batido-internacional-acerta-com-reforco-ate-2028\/#respond"]}],"copyrightYear":"2025","copyrightHolder":{"@id":"https:\/\/www.gaveanews.com\/#organization"}},{"@type":"WebPage","@id":"https:\/\/www.gaveanews.com\/index.php\/2025\/01\/10\/martelo-batido-internacional-acerta-com-reforco-ate-2028\/","url":"https:\/\/www.gaveanews.com\/index.php\/2025\/01\/10\/martelo-batido-internacional-acerta-com-reforco-ate-2028\/","name":"Martelo batido! Internacional acerta com refor\u00e7o at\u00e9 2028","isPartOf":{"@id":"https:\/\/www.gaveanews.com\/#website"},"primaryImageOfPage":{"@id":"https:\/\/www.gaveanews.com\/index.php\/2025\/01\/10\/martelo-batido-internacional-acerta-com-reforco-ate-2028\/#primaryimage"},"image":{"@id":"https:\/\/www.gaveanews.com\/index.php\/2025\/01\/10\/martelo-batido-internacional-acerta-com-reforco-ate-2028\/#primaryimage"},"thumbnailUrl":"https:\/\/www.gaveanews.com\/wp-content\/uploads\/Elenco-do-Internacional-em-2024.webp","datePublished":"2025-01-10T06:40:00+00:00","author":{"@id":"https:\/\/www.gaveanews.com\/#\/schema\/person\/fd07635ec039ec3ba74ad18ec8a6dbd6"},"breadcrumb":{"@id":"https:\/\/www.gaveanews.com\/index.php\/2025\/01\/10\/martelo-batido-internacional-acerta-com-reforco-ate-2028\/#breadcrumb"},"inLanguage":"pt-BR","potentialAction":[{"@type":"ReadAction","target":["https:\/\/www.gaveanews.com\/index.php\/2025\/01\/10\/martelo-batido-internacional-acerta-com-reforco-ate-2028\/"]}]},{"@type":"ImageObject","inLanguage":"pt-BR","@id":"https:\/\/www.gaveanews.com\/index.php\/2025\/01\/10\/martelo-batido-internacional-acerta-com-reforco-ate-2028\/#primaryimage","url":"https:\/\/www.gaveanews.com\/wp-content\/uploads\/Elenco-do-Internacional-em-2024.webp","contentUrl":"https:\/\/www.gaveanews.com\/wp-content\/uploads\/Elenco-do-Internacional-em-2024.webp","width":1120,"height":747,"caption":"Elenco do Internacional em 2024 (Foto: Reprodu\u00e7\u00e3o\/R Duarte)"},{"@type":"BreadcrumbList","@id":"https:\/\/www.gaveanews.com\/index.php\/2025\/01\/10\/martelo-batido-internacional-acerta-com-reforco-ate-2028\/#breadcrumb","itemListElement":[{"@type":"ListItem","position":1,"name":"Home","item":"https:\/\/www.gaveanews.com\/"},{"@type":"ListItem","position":2,"name":"Martelo batido! Internacional acerta com refor\u00e7o at\u00e9 2028"}]},{"@type":"WebSite","@id":"https:\/\/www.gaveanews.com\/#website","url":"https:\/\/www.gaveanews.com\/","name":"G\u00e1vea News","description":"Veja todas as not\u00edcias sobre o Flamengo: Contrata\u00e7\u00f5es, categorias de base, resultados das partidas, tabela de classifica\u00e7\u00e3o, pr\u00f3ximos jogos!","potentialAction":[{"@type":"SearchAction","target":{"@type":"EntryPoint","urlTemplate":"https:\/\/www.gaveanews.com\/?s={search_term_string}"},"query-input":{"@type":"PropertyValueSpecification","valueRequired":true,"valueName":"search_term_string"}}],"inLanguage":"pt-BR"},{"@type":"Person","@id":"https:\/\/www.gaveanews.com\/#\/schema\/person\/fd07635ec039ec3ba74ad18ec8a6dbd6","name":"Henrique Machado","image":{"@type":"ImageObject","inLanguage":"pt-BR","@id":"https:\/\/www.gaveanews.com\/#\/schema\/person\/image\/","url":"https:\/\/secure.gravatar.com\/avatar\/b95e35997e01d9800c1b6184bd79d4d898d370a3fce2584f5c77b907d5c7d9e9?s=96&d=mm&r=g","contentUrl":"https:\/\/secure.gravatar.com\/avatar\/b95e35997e01d9800c1b6184bd79d4d898d370a3fce2584f5c77b907d5c7d9e9?s=96&d=mm&r=g","caption":"Henrique Machado"}}]}},"_links":{"self":[{"href":"https:\/\/www.gaveanews.com\/index.php\/wp-json\/wp\/v2\/posts\/210552","targetHints":{"allow":["GET"]}}],"collection":[{"href":"https:\/\/www.gaveanews.com\/index.php\/wp-json\/wp\/v2\/posts"}],"about":[{"href":"https:\/\/www.gaveanews.com\/index.php\/wp-json\/wp\/v2\/types\/post"}],"author":[{"embeddable":true,"href":"https:\/\/www.gaveanews.com\/index.php\/wp-json\/wp\/v2\/users\/15"}],"replies":[{"embeddable":true,"href":"https:\/\/www.gaveanews.com\/index.php\/wp-json\/wp\/v2\/comments?post=210552"}],"version-history":[{"count":3,"href":"https:\/\/www.gaveanews.com\/index.php\/wp-json\/wp\/v2\/posts\/210552\/revisions"}],"predecessor-version":[{"id":210624,"href":"https:\/\/www.gaveanews.com\/index.php\/wp-json\/wp\/v2\/posts\/210552\/revisions\/210624"}],"wp:featuredmedia":[{"embeddable":true,"href":"https:\/\/www.gaveanews.com\/index.php\/wp-json\/wp\/v2\/media\/181543"}],"wp:attachment":[{"href":"https:\/\/www.gaveanews.com\/index.php\/wp-json\/wp\/v2\/media?parent=210552"}],"wp:term":[{"taxonomy":"category","embeddable":true,"href":"https:\/\/www.gaveanews.com\/index.php\/wp-json\/wp\/v2\/categories?post=210552"},{"taxonomy":"post_tag","embeddable":true,"href":"https:\/\/www.gaveanews.com\/index.php\/wp-json\/wp\/v2\/tags?post=210552"}],"curies":[{"name":"wp","href":"https:\/\/api.w.org\/{rel}","templated":true}]}}