{"id":210553,"date":"2025-01-10T02:55:00","date_gmt":"2025-01-10T05:55:00","guid":{"rendered":"https:\/\/www.gaveanews.com\/?p=210553"},"modified":"2025-01-10T01:10:36","modified_gmt":"2025-01-10T04:10:36","slug":"urgente-campeao-da-eurocopa-e-oferecido-ao-palmeiras","status":"publish","type":"post","link":"https:\/\/www.gaveanews.com\/index.php\/2025\/01\/10\/urgente-campeao-da-eurocopa-e-oferecido-ao-palmeiras\/","title":{"rendered":"Urgente: campe\u00e3o da Eurocopa \u00e9 oferecido ao Palmeiras"},"content":{"rendered":"\n<p>O volante \u00edtalo-brasileiro Jorginho, de 33 anos, est\u00e1 insatisfeito com sua situa\u00e7\u00e3o no Arsenal. Com contrato v\u00e1lido at\u00e9 junho de 2025, o jogador perdeu espa\u00e7o no elenco comandado por Mikel Arteta e tem poucas oportunidades em campo. Na atual temporada, participou de apenas 17 partidas, sem registrar gols ou assist\u00eancias.<\/p>\n\n\n\n<ul class=\"wp-block-list\">\n<li><a href=\"https:\/\/www.gaveanews.com\/index.php\/2025\/01\/09\/agora-e-oficial-palmeiras-anuncia-novo-patrocinador\/\">Agora \u00e9 oficial! Palmeiras anuncia novo patrocinador<\/a><\/li>\n\n\n\n<li><a href=\"https:\/\/www.gaveanews.com\/index.php\/2025\/01\/09\/vidente-preve-futuro-do-palmeiras-no-paulistao-2025\/\">Vidente prev\u00ea futuro do Palmeiras no Paulist\u00e3o 2025<\/a><\/li>\n<\/ul>\n\n\n\n<p>Desde sua chegada ao Arsenal, em 2023, vindo do Chelsea, Jorginho acumulou 69 jogos, marcou um gol e deu tr\u00eas assist\u00eancias. No entanto, sua passagem pelos Gunners n\u00e3o se compara ao per\u00edodo vitorioso que teve no Chelsea, onde conquistou a Champions League e o Mundial de Clubes em 2021. Al\u00e9m disso, tamb\u00e9m foi pe\u00e7a fundamental na conquista da Eurocopa de 2020 com a sele\u00e7\u00e3o italiana.<\/p>\n\n\n\n<h2 class=\"wp-block-heading\" id=\"h-palmeiras-abre-negociacoes-pelo-volante\">Palmeiras abre negocia\u00e7\u00f5es pelo volante<\/h2>\n\n\n\n<p>Diante do cen\u00e1rio desfavor\u00e1vel no futebol ingl\u00eas, Jorginho foi oferecido ao Palmeiras por seus empres\u00e1rios. O clube alviverde demonstrou interesse e j\u00e1 iniciou tratativas para contratar o jogador. A diretoria palmeirense realizou uma reuni\u00e3o com os representantes do atleta para discutir a possibilidade de um acordo.<\/p>\n\n\n\n<figure class=\"wp-block-image size-full\"><img loading=\"lazy\" decoding=\"async\" width=\"720\" height=\"480\" src=\"https:\/\/www.gaveanews.com\/wp-content\/uploads\/jorginhofrello_1706562684408-edited.webp\" alt=\"\" class=\"wp-image-124380\" srcset=\"https:\/\/www.gaveanews.com\/wp-content\/uploads\/jorginhofrello_1706562684408-edited.webp 720w, https:\/\/www.gaveanews.com\/wp-content\/uploads\/jorginhofrello_1706562684408-edited-300x200.webp 300w, https:\/\/www.gaveanews.com\/wp-content\/uploads\/jorginhofrello_1706562684408-edited-630x420.webp 630w, https:\/\/www.gaveanews.com\/wp-content\/uploads\/jorginhofrello_1706562684408-edited-640x427.webp 640w, https:\/\/www.gaveanews.com\/wp-content\/uploads\/jorginhofrello_1706562684408-edited-681x454.webp 681w, https:\/\/www.gaveanews.com\/wp-content\/uploads\/jorginhofrello_1706562684408-edited-100x67.webp 100w\" sizes=\"auto, (max-width: 720px) 100vw, 720px\" \/><figcaption class=\"wp-element-caption\">Jorginho pela sele\u00e7\u00e3o da It\u00e1lia (Foto: Reprodu\u00e7\u00e3o\/Instagram)<\/figcaption><\/figure>\n\n\n\n<p>O Palmeiras busca refor\u00e7os de peso para a temporada e v\u00ea em Jorginho um nome capaz de elevar o n\u00edvel do elenco. Contudo, qualquer negocia\u00e7\u00e3o ainda depende de um acerto com o Arsenal, que tem o volante sob contrato at\u00e9 a metade de 2025.<\/p>\n\n\n\n<h2 class=\"wp-block-heading\" id=\"h-condicoes-para-atuar-no-brasil\">Condi\u00e7\u00f5es para atuar no Brasil<\/h2>\n\n\n\n<p>Apesar de estar disposto a retornar ao futebol brasileiro, Jorginho estabeleceu uma condi\u00e7\u00e3o clara: atuar apenas por Palmeiras ou Flamengo. Esses dois clubes, al\u00e9m de possu\u00edrem maior poder financeiro, est\u00e3o garantidos no Mundial de Clubes de 2025, um fator que pode pesar na decis\u00e3o do jogador.<\/p>\n\n\n\n<h2 class=\"wp-block-heading\" id=\"h-postura-agressiva-do-palmeiras-no-mercado\">Postura agressiva do Palmeiras no mercado<\/h2>\n\n\n\n<p>O Palmeiras tem se movimentado intensamente nesta janela de transfer\u00eancias. Al\u00e9m da negocia\u00e7\u00e3o com Jorginho, o clube j\u00e1 fechou as contrata\u00e7\u00f5es dos atacantes Paulinho e Facundo Torres, em acordos que totalizaram cerca de 181 milh\u00f5es de reais. A diretoria segue analisando oportunidades para fortalecer ainda mais a equipe.<\/p>\n","protected":false},"excerpt":{"rendered":"<p>O volante \u00edtalo-brasileiro Jorginho, de 33 anos, est\u00e1 insatisfeito com sua situa\u00e7\u00e3o no Arsenal. Com contrato v\u00e1lido at\u00e9 junho de 2025, o jogador perdeu espa\u00e7o no elenco comandado por Mikel Arteta e tem poucas oportunidades em campo. Na atual temporada, participou de apenas 17 partidas, sem registrar gols ou assist\u00eancias. Desde sua chegada ao Arsenal, [&hellip;]<\/p>\n","protected":false},"author":15,"featured_media":158318,"comment_status":"open","ping_status":"closed","sticky":false,"template":"","format":"standard","meta":{"footnotes":""},"categories":[150],"tags":[],"class_list":["post-210553","post","type-post","status-publish","format-standard","has-post-thumbnail","hentry","category-palmeiras"],"yoast_head":"<!-- This site is optimized with the Yoast SEO Premium plugin v24.2 (Yoast SEO v26.9) - https:\/\/yoast.com\/product\/yoast-seo-premium-wordpress\/ -->\n<title>Urgente: campe\u00e3o da Eurocopa \u00e9 oferecido ao Palmeiras<\/title>\n<meta name=\"robots\" content=\"index, follow, max-snippet:-1, max-image-preview:large, max-video-preview:-1\" \/>\n<link rel=\"canonical\" href=\"https:\/\/www.gaveanews.com\/index.php\/2025\/01\/10\/urgente-campeao-da-eurocopa-e-oferecido-ao-palmeiras\/\" \/>\n<meta property=\"og:locale\" content=\"pt_BR\" \/>\n<meta property=\"og:type\" content=\"article\" \/>\n<meta property=\"og:title\" content=\"Urgente: campe\u00e3o da Eurocopa \u00e9 oferecido ao Palmeiras\" \/>\n<meta property=\"og:description\" content=\"O volante \u00edtalo-brasileiro Jorginho, de 33 anos, est\u00e1 insatisfeito com sua situa\u00e7\u00e3o no Arsenal. Com contrato v\u00e1lido at\u00e9 junho de 2025, o jogador perdeu espa\u00e7o no elenco comandado por Mikel Arteta e tem poucas oportunidades em campo. Na atual temporada, participou de apenas 17 partidas, sem registrar gols ou assist\u00eancias. Desde sua chegada ao Arsenal, [&hellip;]\" \/>\n<meta property=\"og:url\" content=\"https:\/\/www.gaveanews.com\/index.php\/2025\/01\/10\/urgente-campeao-da-eurocopa-e-oferecido-ao-palmeiras\/\" \/>\n<meta property=\"og:site_name\" content=\"G\u00e1vea News\" \/>\n<meta property=\"article:publisher\" content=\"https:\/\/facebook.com\/gaveaNews\/\" \/>\n<meta property=\"article:published_time\" content=\"2025-01-10T05:55:00+00:00\" \/>\n<meta property=\"og:image\" content=\"https:\/\/www.gaveanews.com\/wp-content\/uploads\/Jogadores-do-Palmeiras-durante-partida-valida-pela-Copa-do-Brasil-2024.webp\" \/>\n\t<meta property=\"og:image:width\" content=\"1051\" \/>\n\t<meta property=\"og:image:height\" content=\"701\" \/>\n\t<meta property=\"og:image:type\" content=\"image\/webp\" \/>\n<meta name=\"author\" content=\"Henrique Machado\" \/>\n<meta name=\"twitter:card\" content=\"summary_large_image\" \/>\n<meta name=\"twitter:label1\" content=\"Escrito por\" \/>\n\t<meta name=\"twitter:data1\" content=\"Henrique Machado\" \/>\n\t<meta name=\"twitter:label2\" content=\"Est. tempo de leitura\" \/>\n\t<meta name=\"twitter:data2\" content=\"3 minutos\" \/>\n<script type=\"application\/ld+json\" class=\"yoast-schema-graph\">{\"@context\":\"https:\/\/schema.org\",\"@graph\":[{\"@type\":\"NewsArticle\",\"@id\":\"https:\/\/www.gaveanews.com\/index.php\/2025\/01\/10\/urgente-campeao-da-eurocopa-e-oferecido-ao-palmeiras\/#article\",\"isPartOf\":{\"@id\":\"https:\/\/www.gaveanews.com\/index.php\/2025\/01\/10\/urgente-campeao-da-eurocopa-e-oferecido-ao-palmeiras\/\"},\"author\":{\"name\":\"Henrique Machado\",\"@id\":\"https:\/\/www.gaveanews.com\/#\/schema\/person\/fd07635ec039ec3ba74ad18ec8a6dbd6\"},\"headline\":\"Urgente: campe\u00e3o da Eurocopa \u00e9 oferecido ao Palmeiras\",\"datePublished\":\"2025-01-10T05:55:00+00:00\",\"mainEntityOfPage\":{\"@id\":\"https:\/\/www.gaveanews.com\/index.php\/2025\/01\/10\/urgente-campeao-da-eurocopa-e-oferecido-ao-palmeiras\/\"},\"wordCount\":370,\"commentCount\":0,\"image\":{\"@id\":\"https:\/\/www.gaveanews.com\/index.php\/2025\/01\/10\/urgente-campeao-da-eurocopa-e-oferecido-ao-palmeiras\/#primaryimage\"},\"thumbnailUrl\":\"https:\/\/www.gaveanews.com\/wp-content\/uploads\/Jogadores-do-Palmeiras-durante-partida-valida-pela-Copa-do-Brasil-2024.webp\",\"articleSection\":[\"Palmeiras\"],\"inLanguage\":\"pt-BR\",\"potentialAction\":[{\"@type\":\"CommentAction\",\"name\":\"Comment\",\"target\":[\"https:\/\/www.gaveanews.com\/index.php\/2025\/01\/10\/urgente-campeao-da-eurocopa-e-oferecido-ao-palmeiras\/#respond\"]}],\"copyrightYear\":\"2025\",\"copyrightHolder\":{\"@id\":\"https:\/\/www.gaveanews.com\/#organization\"}},{\"@type\":\"WebPage\",\"@id\":\"https:\/\/www.gaveanews.com\/index.php\/2025\/01\/10\/urgente-campeao-da-eurocopa-e-oferecido-ao-palmeiras\/\",\"url\":\"https:\/\/www.gaveanews.com\/index.php\/2025\/01\/10\/urgente-campeao-da-eurocopa-e-oferecido-ao-palmeiras\/\",\"name\":\"Urgente: campe\u00e3o da Eurocopa \u00e9 oferecido ao Palmeiras\",\"isPartOf\":{\"@id\":\"https:\/\/www.gaveanews.com\/#website\"},\"primaryImageOfPage\":{\"@id\":\"https:\/\/www.gaveanews.com\/index.php\/2025\/01\/10\/urgente-campeao-da-eurocopa-e-oferecido-ao-palmeiras\/#primaryimage\"},\"image\":{\"@id\":\"https:\/\/www.gaveanews.com\/index.php\/2025\/01\/10\/urgente-campeao-da-eurocopa-e-oferecido-ao-palmeiras\/#primaryimage\"},\"thumbnailUrl\":\"https:\/\/www.gaveanews.com\/wp-content\/uploads\/Jogadores-do-Palmeiras-durante-partida-valida-pela-Copa-do-Brasil-2024.webp\",\"datePublished\":\"2025-01-10T05:55:00+00:00\",\"author\":{\"@id\":\"https:\/\/www.gaveanews.com\/#\/schema\/person\/fd07635ec039ec3ba74ad18ec8a6dbd6\"},\"breadcrumb\":{\"@id\":\"https:\/\/www.gaveanews.com\/index.php\/2025\/01\/10\/urgente-campeao-da-eurocopa-e-oferecido-ao-palmeiras\/#breadcrumb\"},\"inLanguage\":\"pt-BR\",\"potentialAction\":[{\"@type\":\"ReadAction\",\"target\":[\"https:\/\/www.gaveanews.com\/index.php\/2025\/01\/10\/urgente-campeao-da-eurocopa-e-oferecido-ao-palmeiras\/\"]}]},{\"@type\":\"ImageObject\",\"inLanguage\":\"pt-BR\",\"@id\":\"https:\/\/www.gaveanews.com\/index.php\/2025\/01\/10\/urgente-campeao-da-eurocopa-e-oferecido-ao-palmeiras\/#primaryimage\",\"url\":\"https:\/\/www.gaveanews.com\/wp-content\/uploads\/Jogadores-do-Palmeiras-durante-partida-valida-pela-Copa-do-Brasil-2024.webp\",\"contentUrl\":\"https:\/\/www.gaveanews.com\/wp-content\/uploads\/Jogadores-do-Palmeiras-durante-partida-valida-pela-Copa-do-Brasil-2024.webp\",\"width\":1051,\"height\":701,\"caption\":\"Jogadores do Palmeiras durante partida v\u00e1lida pela Copa do Brasil 2024 (Foto: Reprodu\u00e7\u00e3o\/Palmeiras)\"},{\"@type\":\"BreadcrumbList\",\"@id\":\"https:\/\/www.gaveanews.com\/index.php\/2025\/01\/10\/urgente-campeao-da-eurocopa-e-oferecido-ao-palmeiras\/#breadcrumb\",\"itemListElement\":[{\"@type\":\"ListItem\",\"position\":1,\"name\":\"Home\",\"item\":\"https:\/\/www.gaveanews.com\/\"},{\"@type\":\"ListItem\",\"position\":2,\"name\":\"Urgente: campe\u00e3o da Eurocopa \u00e9 oferecido ao Palmeiras\"}]},{\"@type\":\"WebSite\",\"@id\":\"https:\/\/www.gaveanews.com\/#website\",\"url\":\"https:\/\/www.gaveanews.com\/\",\"name\":\"G\u00e1vea News\",\"description\":\"Veja todas as not\u00edcias sobre o Flamengo: Contrata\u00e7\u00f5es, categorias de base, resultados das partidas, tabela de classifica\u00e7\u00e3o, pr\u00f3ximos jogos!\",\"potentialAction\":[{\"@type\":\"SearchAction\",\"target\":{\"@type\":\"EntryPoint\",\"urlTemplate\":\"https:\/\/www.gaveanews.com\/?s={search_term_string}\"},\"query-input\":{\"@type\":\"PropertyValueSpecification\",\"valueRequired\":true,\"valueName\":\"search_term_string\"}}],\"inLanguage\":\"pt-BR\"},{\"@type\":\"Person\",\"@id\":\"https:\/\/www.gaveanews.com\/#\/schema\/person\/fd07635ec039ec3ba74ad18ec8a6dbd6\",\"name\":\"Henrique Machado\",\"image\":{\"@type\":\"ImageObject\",\"inLanguage\":\"pt-BR\",\"@id\":\"https:\/\/www.gaveanews.com\/#\/schema\/person\/image\/\",\"url\":\"https:\/\/secure.gravatar.com\/avatar\/b95e35997e01d9800c1b6184bd79d4d898d370a3fce2584f5c77b907d5c7d9e9?s=96&d=mm&r=g\",\"contentUrl\":\"https:\/\/secure.gravatar.com\/avatar\/b95e35997e01d9800c1b6184bd79d4d898d370a3fce2584f5c77b907d5c7d9e9?s=96&d=mm&r=g\",\"caption\":\"Henrique Machado\"}}]}<\/script>\n<!-- \/ Yoast SEO Premium plugin. -->","yoast_head_json":{"title":"Urgente: campe\u00e3o da Eurocopa \u00e9 oferecido ao Palmeiras","robots":{"index":"index","follow":"follow","max-snippet":"max-snippet:-1","max-image-preview":"max-image-preview:large","max-video-preview":"max-video-preview:-1"},"canonical":"https:\/\/www.gaveanews.com\/index.php\/2025\/01\/10\/urgente-campeao-da-eurocopa-e-oferecido-ao-palmeiras\/","og_locale":"pt_BR","og_type":"article","og_title":"Urgente: campe\u00e3o da Eurocopa \u00e9 oferecido ao Palmeiras","og_description":"O volante \u00edtalo-brasileiro Jorginho, de 33 anos, est\u00e1 insatisfeito com sua situa\u00e7\u00e3o no Arsenal. Com contrato v\u00e1lido at\u00e9 junho de 2025, o jogador perdeu espa\u00e7o no elenco comandado por Mikel Arteta e tem poucas oportunidades em campo. Na atual temporada, participou de apenas 17 partidas, sem registrar gols ou assist\u00eancias. Desde sua chegada ao Arsenal, [&hellip;]","og_url":"https:\/\/www.gaveanews.com\/index.php\/2025\/01\/10\/urgente-campeao-da-eurocopa-e-oferecido-ao-palmeiras\/","og_site_name":"G\u00e1vea News","article_publisher":"https:\/\/facebook.com\/gaveaNews\/","article_published_time":"2025-01-10T05:55:00+00:00","og_image":[{"width":1051,"height":701,"url":"https:\/\/www.gaveanews.com\/wp-content\/uploads\/Jogadores-do-Palmeiras-durante-partida-valida-pela-Copa-do-Brasil-2024.webp","type":"image\/webp"}],"author":"Henrique Machado","twitter_card":"summary_large_image","twitter_misc":{"Escrito por":"Henrique Machado","Est. tempo de leitura":"3 minutos"},"schema":{"@context":"https:\/\/schema.org","@graph":[{"@type":"NewsArticle","@id":"https:\/\/www.gaveanews.com\/index.php\/2025\/01\/10\/urgente-campeao-da-eurocopa-e-oferecido-ao-palmeiras\/#article","isPartOf":{"@id":"https:\/\/www.gaveanews.com\/index.php\/2025\/01\/10\/urgente-campeao-da-eurocopa-e-oferecido-ao-palmeiras\/"},"author":{"name":"Henrique Machado","@id":"https:\/\/www.gaveanews.com\/#\/schema\/person\/fd07635ec039ec3ba74ad18ec8a6dbd6"},"headline":"Urgente: campe\u00e3o da Eurocopa \u00e9 oferecido ao Palmeiras","datePublished":"2025-01-10T05:55:00+00:00","mainEntityOfPage":{"@id":"https:\/\/www.gaveanews.com\/index.php\/2025\/01\/10\/urgente-campeao-da-eurocopa-e-oferecido-ao-palmeiras\/"},"wordCount":370,"commentCount":0,"image":{"@id":"https:\/\/www.gaveanews.com\/index.php\/2025\/01\/10\/urgente-campeao-da-eurocopa-e-oferecido-ao-palmeiras\/#primaryimage"},"thumbnailUrl":"https:\/\/www.gaveanews.com\/wp-content\/uploads\/Jogadores-do-Palmeiras-durante-partida-valida-pela-Copa-do-Brasil-2024.webp","articleSection":["Palmeiras"],"inLanguage":"pt-BR","potentialAction":[{"@type":"CommentAction","name":"Comment","target":["https:\/\/www.gaveanews.com\/index.php\/2025\/01\/10\/urgente-campeao-da-eurocopa-e-oferecido-ao-palmeiras\/#respond"]}],"copyrightYear":"2025","copyrightHolder":{"@id":"https:\/\/www.gaveanews.com\/#organization"}},{"@type":"WebPage","@id":"https:\/\/www.gaveanews.com\/index.php\/2025\/01\/10\/urgente-campeao-da-eurocopa-e-oferecido-ao-palmeiras\/","url":"https:\/\/www.gaveanews.com\/index.php\/2025\/01\/10\/urgente-campeao-da-eurocopa-e-oferecido-ao-palmeiras\/","name":"Urgente: campe\u00e3o da Eurocopa \u00e9 oferecido ao Palmeiras","isPartOf":{"@id":"https:\/\/www.gaveanews.com\/#website"},"primaryImageOfPage":{"@id":"https:\/\/www.gaveanews.com\/index.php\/2025\/01\/10\/urgente-campeao-da-eurocopa-e-oferecido-ao-palmeiras\/#primaryimage"},"image":{"@id":"https:\/\/www.gaveanews.com\/index.php\/2025\/01\/10\/urgente-campeao-da-eurocopa-e-oferecido-ao-palmeiras\/#primaryimage"},"thumbnailUrl":"https:\/\/www.gaveanews.com\/wp-content\/uploads\/Jogadores-do-Palmeiras-durante-partida-valida-pela-Copa-do-Brasil-2024.webp","datePublished":"2025-01-10T05:55:00+00:00","author":{"@id":"https:\/\/www.gaveanews.com\/#\/schema\/person\/fd07635ec039ec3ba74ad18ec8a6dbd6"},"breadcrumb":{"@id":"https:\/\/www.gaveanews.com\/index.php\/2025\/01\/10\/urgente-campeao-da-eurocopa-e-oferecido-ao-palmeiras\/#breadcrumb"},"inLanguage":"pt-BR","potentialAction":[{"@type":"ReadAction","target":["https:\/\/www.gaveanews.com\/index.php\/2025\/01\/10\/urgente-campeao-da-eurocopa-e-oferecido-ao-palmeiras\/"]}]},{"@type":"ImageObject","inLanguage":"pt-BR","@id":"https:\/\/www.gaveanews.com\/index.php\/2025\/01\/10\/urgente-campeao-da-eurocopa-e-oferecido-ao-palmeiras\/#primaryimage","url":"https:\/\/www.gaveanews.com\/wp-content\/uploads\/Jogadores-do-Palmeiras-durante-partida-valida-pela-Copa-do-Brasil-2024.webp","contentUrl":"https:\/\/www.gaveanews.com\/wp-content\/uploads\/Jogadores-do-Palmeiras-durante-partida-valida-pela-Copa-do-Brasil-2024.webp","width":1051,"height":701,"caption":"Jogadores do Palmeiras durante partida v\u00e1lida pela Copa do Brasil 2024 (Foto: Reprodu\u00e7\u00e3o\/Palmeiras)"},{"@type":"BreadcrumbList","@id":"https:\/\/www.gaveanews.com\/index.php\/2025\/01\/10\/urgente-campeao-da-eurocopa-e-oferecido-ao-palmeiras\/#breadcrumb","itemListElement":[{"@type":"ListItem","position":1,"name":"Home","item":"https:\/\/www.gaveanews.com\/"},{"@type":"ListItem","position":2,"name":"Urgente: campe\u00e3o da Eurocopa \u00e9 oferecido ao Palmeiras"}]},{"@type":"WebSite","@id":"https:\/\/www.gaveanews.com\/#website","url":"https:\/\/www.gaveanews.com\/","name":"G\u00e1vea News","description":"Veja todas as not\u00edcias sobre o Flamengo: Contrata\u00e7\u00f5es, categorias de base, resultados das partidas, tabela de classifica\u00e7\u00e3o, pr\u00f3ximos jogos!","potentialAction":[{"@type":"SearchAction","target":{"@type":"EntryPoint","urlTemplate":"https:\/\/www.gaveanews.com\/?s={search_term_string}"},"query-input":{"@type":"PropertyValueSpecification","valueRequired":true,"valueName":"search_term_string"}}],"inLanguage":"pt-BR"},{"@type":"Person","@id":"https:\/\/www.gaveanews.com\/#\/schema\/person\/fd07635ec039ec3ba74ad18ec8a6dbd6","name":"Henrique Machado","image":{"@type":"ImageObject","inLanguage":"pt-BR","@id":"https:\/\/www.gaveanews.com\/#\/schema\/person\/image\/","url":"https:\/\/secure.gravatar.com\/avatar\/b95e35997e01d9800c1b6184bd79d4d898d370a3fce2584f5c77b907d5c7d9e9?s=96&d=mm&r=g","contentUrl":"https:\/\/secure.gravatar.com\/avatar\/b95e35997e01d9800c1b6184bd79d4d898d370a3fce2584f5c77b907d5c7d9e9?s=96&d=mm&r=g","caption":"Henrique Machado"}}]}},"_links":{"self":[{"href":"https:\/\/www.gaveanews.com\/index.php\/wp-json\/wp\/v2\/posts\/210553","targetHints":{"allow":["GET"]}}],"collection":[{"href":"https:\/\/www.gaveanews.com\/index.php\/wp-json\/wp\/v2\/posts"}],"about":[{"href":"https:\/\/www.gaveanews.com\/index.php\/wp-json\/wp\/v2\/types\/post"}],"author":[{"embeddable":true,"href":"https:\/\/www.gaveanews.com\/index.php\/wp-json\/wp\/v2\/users\/15"}],"replies":[{"embeddable":true,"href":"https:\/\/www.gaveanews.com\/index.php\/wp-json\/wp\/v2\/comments?post=210553"}],"version-history":[{"count":2,"href":"https:\/\/www.gaveanews.com\/index.php\/wp-json\/wp\/v2\/posts\/210553\/revisions"}],"predecessor-version":[{"id":210621,"href":"https:\/\/www.gaveanews.com\/index.php\/wp-json\/wp\/v2\/posts\/210553\/revisions\/210621"}],"wp:featuredmedia":[{"embeddable":true,"href":"https:\/\/www.gaveanews.com\/index.php\/wp-json\/wp\/v2\/media\/158318"}],"wp:attachment":[{"href":"https:\/\/www.gaveanews.com\/index.php\/wp-json\/wp\/v2\/media?parent=210553"}],"wp:term":[{"taxonomy":"category","embeddable":true,"href":"https:\/\/www.gaveanews.com\/index.php\/wp-json\/wp\/v2\/categories?post=210553"},{"taxonomy":"post_tag","embeddable":true,"href":"https:\/\/www.gaveanews.com\/index.php\/wp-json\/wp\/v2\/tags?post=210553"}],"curies":[{"name":"wp","href":"https:\/\/api.w.org\/{rel}","templated":true}]}}