{"id":210579,"date":"2025-01-10T06:00:00","date_gmt":"2025-01-10T09:00:00","guid":{"rendered":"https:\/\/www.gaveanews.com\/?p=210579"},"modified":"2025-01-09T23:26:11","modified_gmt":"2025-01-10T02:26:11","slug":"negociacao-de-fabricio-bruno-mercado-de-transferencias-e-declaracao-de-osvaldo-pascal-as-ultimas-noticias-do-flamengo","status":"publish","type":"post","link":"https:\/\/www.gaveanews.com\/index.php\/2025\/01\/10\/negociacao-de-fabricio-bruno-mercado-de-transferencias-e-declaracao-de-osvaldo-pascal-as-ultimas-noticias-do-flamengo\/","title":{"rendered":"Negocia\u00e7\u00e3o de Fabr\u00edcio Bruno, mercado de transfer\u00eancias e declara\u00e7\u00e3o de Osvaldo Pascal: as \u00faltimas not\u00edcias do Flamengo"},"content":{"rendered":"\n<p>Nas \u00faltimas horas, o foco das not\u00edcias sobre o Flamengo se concentram nos bastidores do clube, com destaques do dia a dia do time.<\/p>\n\n\n\n<p>Por conta deste contexto, leia abaixo um resumo preparado pela equipe do portal G\u00e1vea News para lhe manter muito bem informado!<\/p>\n\n\n\n<h2 class=\"wp-block-heading\" id=\"h-declaracao-de-osvaldo-pascal\">Declara\u00e7\u00e3o de Osvaldo Pascal\u00a0<\/h2>\n\n\n\n<p>O Flamengo continua agitando o mercado da bola em 2025, e a iminente contrata\u00e7\u00e3o de Juninho, atacante brasileiro do Qarabag, refor\u00e7a essa movimenta\u00e7\u00e3o. A negocia\u00e7\u00e3o chamou ainda mais aten\u00e7\u00e3o ap\u00f3s o comentarista Osvaldo Pascoal, da ESPN, exaltar o elenco rubro-negro, destacando a superioridade do time em rela\u00e7\u00e3o a rivais como Palmeiras e Botafogo. Pascoal afirmou que o Flamengo tem uma equipe incompar\u00e1vel e que, para atuar no ataque do clube, o jogador precisa estar \u00e0 altura <strong><a href=\"https:\/\/www.gaveanews.com\/index.php\/2025\/01\/08\/flamengo-a-declaracao-de-osvaldo-pascal-sobre-a-contratacao-de-juninho\/\">(leia a mat\u00e9ria completa).<\/a><\/strong><\/p>\n\n\n\n<figure class=\"wp-block-image size-large\"><img loading=\"lazy\" decoding=\"async\" width=\"1024\" height=\"576\" src=\"https:\/\/www.gaveanews.com\/wp-content\/uploads\/Juninho-1024x576.webp\" alt=\"Juninho, atacante do Qarabag\" class=\"wp-image-207136\" srcset=\"https:\/\/www.gaveanews.com\/wp-content\/uploads\/Juninho-1024x576.webp 1024w, https:\/\/www.gaveanews.com\/wp-content\/uploads\/Juninho-300x169.webp 300w, https:\/\/www.gaveanews.com\/wp-content\/uploads\/Juninho-768x432.webp 768w, https:\/\/www.gaveanews.com\/wp-content\/uploads\/Juninho-746x420.webp 746w, https:\/\/www.gaveanews.com\/wp-content\/uploads\/Juninho-640x360.webp 640w, https:\/\/www.gaveanews.com\/wp-content\/uploads\/Juninho-681x383.webp 681w, https:\/\/www.gaveanews.com\/wp-content\/uploads\/Juninho-100x56.webp 100w, https:\/\/www.gaveanews.com\/wp-content\/uploads\/Juninho.webp 1073w\" sizes=\"auto, (max-width: 1024px) 100vw, 1024px\" \/><figcaption class=\"wp-element-caption\">Juninho, atacante do Qarabag (Foto: Divulga\u00e7\u00e3o\/Qarabag)<\/figcaption><\/figure>\n\n\n\n<p>Juninho, de 28 anos, estava prestes a fechar com o Sevilla, mas a oferta triplicada do Flamengo, aliada \u00e0 persuas\u00e3o do t\u00e9cnico Filipe Lu\u00eds, alterou o destino do atleta. Vers\u00e1til, ele pode atuar como centroavante ou pelos lados, caracter\u00edsticas que o tornam um refor\u00e7o valioso para o elenco. <\/p>\n\n\n\n<p>A assinatura do contrato, v\u00e1lida at\u00e9 dezembro de 2027, est\u00e1 pr\u00f3xima, e Juninho deve ser anunciado como o primeiro nome oficial da temporada.<\/p>\n\n\n\n<p>Com um elenco j\u00e1 reconhecido como um dos mais fortes do pa\u00eds, o Flamengo busca suprir a aus\u00eancia de Pedro, lesionado, e refor\u00e7ar o setor ofensivo. Juninho surge como o principal candidato a substituir Gabigol e deve inaugurar a era de Jos\u00e9 Boto no comando das contrata\u00e7\u00f5es do clube. Revelado pelo Athletico-PR, o atacante ganhou destaque em passagens pelo Chaves e pelo Qarabag, chamando a aten\u00e7\u00e3o do mercado europeu e brasileiro.<\/p>\n\n\n\n<h2 class=\"wp-block-heading\" id=\"h-mercado-de-transferencias\">Mercado de transfer\u00eancias<\/h2>\n\n\n\n<p>O Flamengo est\u00e1 ativo no mercado de transfer\u00eancias, buscando refor\u00e7ar o ataque ap\u00f3s a sa\u00edda de Gabigol. Um nome que ganhou destaque \u00e9 o de Facundo Colidio, atacante do River Plate, segundo informa\u00e7\u00f5es do jornalista argentino Max Pugliese. Colidio tem contrato com o River at\u00e9 o final de 2025, o que pode facilitar negocia\u00e7\u00f5es para um pr\u00e9-contrato ainda este ano. O jogador, que j\u00e1 acumula experi\u00eancia internacional, surge como uma op\u00e7\u00e3o interessante para o clube carioca <strong><a href=\"https:\/\/www.gaveanews.com\/index.php\/2025\/01\/08\/atacante-do-river-plate-esta-na-mira-do-flamengo-segundo-jornalista\/\">(leia a mat\u00e9ria completa).<\/a><\/strong><\/p>\n\n\n\n<blockquote class=\"instagram-media\" data-instgrm-permalink=\"https:\/\/www.instagram.com\/p\/DEREbTxsw6L\/?utm_source=ig_embed&amp;utm_campaign=loading\" data-instgrm-version=\"14\" style=\" background:#FFF; border:0; border-radius:3px; box-shadow:0 0 1px 0 rgba(0,0,0,0.5),0 1px 10px 0 rgba(0,0,0,0.15); margin: 1px; max-width:540px; min-width:326px; padding:0; width:99.375%; width:-webkit-calc(100% - 2px); width:calc(100% - 2px);\"><div style=\"padding:16px;\"> <a href=\"https:\/\/www.instagram.com\/p\/DEREbTxsw6L\/?utm_source=ig_embed&amp;utm_campaign=loading\" style=\" background:#FFFFFF; line-height:0; padding:0 0; text-align:center; text-decoration:none; width:100%;\" target=\"_blank\"> <div style=\" display: flex; flex-direction: row; align-items: center;\"> <div style=\"background-color: #F4F4F4; border-radius: 50%; flex-grow: 0; height: 40px; margin-right: 14px; width: 40px;\"><\/div> <div style=\"display: flex; flex-direction: column; flex-grow: 1; justify-content: center;\"> <div style=\" background-color: #F4F4F4; border-radius: 4px; flex-grow: 0; height: 14px; margin-bottom: 6px; width: 100px;\"><\/div> <div style=\" background-color: #F4F4F4; border-radius: 4px; flex-grow: 0; height: 14px; width: 60px;\"><\/div><\/div><\/div><div style=\"padding: 19% 0;\"><\/div> <div style=\"display:block; height:50px; margin:0 auto 12px; width:50px;\"><svg width=\"50px\" height=\"50px\" viewBox=\"0 0 60 60\" version=\"1.1\" xmlns=\"https:\/\/www.w3.org\/2000\/svg\" xmlns:xlink=\"https:\/\/www.w3.org\/1999\/xlink\"><g stroke=\"none\" stroke-width=\"1\" fill=\"none\" fill-rule=\"evenodd\"><g transform=\"translate(-511.000000, -20.000000)\" fill=\"#000000\"><g><path d=\"M556.869,30.41 C554.814,30.41 553.148,32.076 553.148,34.131 C553.148,36.186 554.814,37.852 556.869,37.852 C558.924,37.852 560.59,36.186 560.59,34.131 C560.59,32.076 558.924,30.41 556.869,30.41 M541,60.657 C535.114,60.657 530.342,55.887 530.342,50 C530.342,44.114 535.114,39.342 541,39.342 C546.887,39.342 551.658,44.114 551.658,50 C551.658,55.887 546.887,60.657 541,60.657 M541,33.886 C532.1,33.886 524.886,41.1 524.886,50 C524.886,58.899 532.1,66.113 541,66.113 C549.9,66.113 557.115,58.899 557.115,50 C557.115,41.1 549.9,33.886 541,33.886 M565.378,62.101 C565.244,65.022 564.756,66.606 564.346,67.663 C563.803,69.06 563.154,70.057 562.106,71.106 C561.058,72.155 560.06,72.803 558.662,73.347 C557.607,73.757 556.021,74.244 553.102,74.378 C549.944,74.521 548.997,74.552 541,74.552 C533.003,74.552 532.056,74.521 528.898,74.378 C525.979,74.244 524.393,73.757 523.338,73.347 C521.94,72.803 520.942,72.155 519.894,71.106 C518.846,70.057 518.197,69.06 517.654,67.663 C517.244,66.606 516.755,65.022 516.623,62.101 C516.479,58.943 516.448,57.996 516.448,50 C516.448,42.003 516.479,41.056 516.623,37.899 C516.755,34.978 517.244,33.391 517.654,32.338 C518.197,30.938 518.846,29.942 519.894,28.894 C520.942,27.846 521.94,27.196 523.338,26.654 C524.393,26.244 525.979,25.756 528.898,25.623 C532.057,25.479 533.004,25.448 541,25.448 C548.997,25.448 549.943,25.479 553.102,25.623 C556.021,25.756 557.607,26.244 558.662,26.654 C560.06,27.196 561.058,27.846 562.106,28.894 C563.154,29.942 563.803,30.938 564.346,32.338 C564.756,33.391 565.244,34.978 565.378,37.899 C565.522,41.056 565.552,42.003 565.552,50 C565.552,57.996 565.522,58.943 565.378,62.101 M570.82,37.631 C570.674,34.438 570.167,32.258 569.425,30.349 C568.659,28.377 567.633,26.702 565.965,25.035 C564.297,23.368 562.623,22.342 560.652,21.575 C558.743,20.834 556.562,20.326 553.369,20.18 C550.169,20.033 549.148,20 541,20 C532.853,20 531.831,20.033 528.631,20.18 C525.438,20.326 523.257,20.834 521.349,21.575 C519.376,22.342 517.703,23.368 516.035,25.035 C514.368,26.702 513.342,28.377 512.574,30.349 C511.834,32.258 511.326,34.438 511.181,37.631 C511.035,40.831 511,41.851 511,50 C511,58.147 511.035,59.17 511.181,62.369 C511.326,65.562 511.834,67.743 512.574,69.651 C513.342,71.625 514.368,73.296 516.035,74.965 C517.703,76.634 519.376,77.658 521.349,78.425 C523.257,79.167 525.438,79.673 528.631,79.82 C531.831,79.965 532.853,80.001 541,80.001 C549.148,80.001 550.169,79.965 553.369,79.82 C556.562,79.673 558.743,79.167 560.652,78.425 C562.623,77.658 564.297,76.634 565.965,74.965 C567.633,73.296 568.659,71.625 569.425,69.651 C570.167,67.743 570.674,65.562 570.82,62.369 C570.966,59.17 571,58.147 571,50 C571,41.851 570.966,40.831 570.82,37.631\"><\/path><\/g><\/g><\/g><\/svg><\/div><div style=\"padding-top: 8px;\"> <div style=\" color:#3897f0; font-family:Arial,sans-serif; font-size:14px; font-style:normal; font-weight:550; line-height:18px;\">Ver essa foto no Instagram<\/div><\/div><div style=\"padding: 12.5% 0;\"><\/div> <div style=\"display: flex; flex-direction: row; margin-bottom: 14px; align-items: center;\"><div> <div style=\"background-color: #F4F4F4; border-radius: 50%; height: 12.5px; width: 12.5px; transform: translateX(0px) translateY(7px);\"><\/div> <div style=\"background-color: #F4F4F4; height: 12.5px; transform: rotate(-45deg) translateX(3px) translateY(1px); width: 12.5px; flex-grow: 0; margin-right: 14px; margin-left: 2px;\"><\/div> <div style=\"background-color: #F4F4F4; border-radius: 50%; height: 12.5px; width: 12.5px; transform: translateX(9px) translateY(-18px);\"><\/div><\/div><div style=\"margin-left: 8px;\"> <div style=\" background-color: #F4F4F4; border-radius: 50%; flex-grow: 0; height: 20px; width: 20px;\"><\/div> <div style=\" width: 0; height: 0; border-top: 2px solid transparent; border-left: 6px solid #f4f4f4; border-bottom: 2px solid transparent; transform: translateX(16px) translateY(-4px) rotate(30deg)\"><\/div><\/div><div style=\"margin-left: auto;\"> <div style=\" width: 0px; border-top: 8px solid #F4F4F4; border-right: 8px solid transparent; transform: translateY(16px);\"><\/div> <div style=\" background-color: #F4F4F4; flex-grow: 0; height: 12px; width: 16px; transform: translateY(-4px);\"><\/div> <div style=\" width: 0; height: 0; border-top: 8px solid #F4F4F4; border-left: 8px solid transparent; transform: translateY(-4px) translateX(8px);\"><\/div><\/div><\/div> <div style=\"display: flex; flex-direction: column; flex-grow: 1; justify-content: center; margin-bottom: 24px;\"> <div style=\" background-color: #F4F4F4; border-radius: 4px; flex-grow: 0; height: 14px; margin-bottom: 6px; width: 224px;\"><\/div> <div style=\" background-color: #F4F4F4; border-radius: 4px; flex-grow: 0; height: 14px; width: 144px;\"><\/div><\/div><\/a><p style=\" color:#c9c8cd; font-family:Arial,sans-serif; font-size:14px; line-height:17px; margin-bottom:0; margin-top:8px; overflow:hidden; padding:8px 0 7px; text-align:center; text-overflow:ellipsis; white-space:nowrap;\"><a href=\"https:\/\/www.instagram.com\/p\/DEREbTxsw6L\/?utm_source=ig_embed&amp;utm_campaign=loading\" style=\" color:#c9c8cd; font-family:Arial,sans-serif; font-size:14px; font-style:normal; font-weight:normal; line-height:17px; text-decoration:none;\" target=\"_blank\">Uma publica\u00e7\u00e3o compartilhada por Facu Colidio (@facucolidio)<\/a><\/p><\/div><\/blockquote>\n<script async src=\"\/\/www.instagram.com\/embed.js\"><\/script>\n\n\n\n<p>A carreira de Colidio inclui passagens por Boca Juniors, Internazionale, e empr\u00e9stimos ao Sint-Truiden e Tigre, onde se destacou antes de ser adquirido pelo River Plate em 2023 por \u20ac 4,4 milh\u00f5es. No River, o atacante marcou 18 gols em 66 jogos, consolidando-se como uma pe\u00e7a importante da equipe. A sua habilidade em finaliza\u00e7\u00f5es e decis\u00f5es ofensivas chama a aten\u00e7\u00e3o, refor\u00e7ando seu potencial para atuar em um clube como o Flamengo.<\/p>\n\n\n\n<p>O valor de mercado de Colidio \u00e9 estimado em \u20ac 6 milh\u00f5es, considerado acess\u00edvel para um time de grande porte. O Flamengo v\u00ea uma oportunidade estrat\u00e9gica na contrata\u00e7\u00e3o do atleta para fortalecer o elenco em 2025, destacando-se como um dos focos principais da diretoria rubro-negra nos pr\u00f3ximos meses.<\/p>\n\n\n\n<h2 class=\"wp-block-heading\" id=\"h-negociacao-de-fabricio-bruno\">Negocia\u00e7\u00e3o de Fabr\u00edcio Bruno<\/h2>\n\n\n\n<p>O futuro do zagueiro Fabr\u00edcio Bruno, do Flamengo, ainda est\u00e1 indefinido, mas h\u00e1 negocia\u00e7\u00f5es em andamento com o Cruzeiro. Apesar de dias de conversas, os clubes n\u00e3o chegaram a um consenso sobre os valores da transfer\u00eancia. O Flamengo exige 7 milh\u00f5es de euros \u00e0 vista, o equivalente a cerca de R$ 44 milh\u00f5es, enquanto o Cruzeiro, inicialmente, ofereceu 5 milh\u00f5es de euros por 50% dos direitos do jogador. Mesmo ap\u00f3s ajustar a proposta para 7 milh\u00f5es por 70%, com pagamento parcelado e bonifica\u00e7\u00e3o, o Flamengo recusou <strong><a href=\"https:\/\/www.gaveanews.com\/index.php\/2025\/01\/08\/jogo-duro-flamengo-define-valor-para-negociar-fabricio-bruno\/\">(leia a mat\u00e9ria completa).<\/a><\/strong><\/p>\n\n\n\n<figure class=\"wp-block-image size-large\"><img loading=\"lazy\" decoding=\"async\" width=\"1024\" height=\"565\" src=\"https:\/\/www.gaveanews.com\/wp-content\/uploads\/Fabricio-Bruno-em-acao-pelo-Flamengo-1024x565.webp\" alt=\"\" class=\"wp-image-168968\" srcset=\"https:\/\/www.gaveanews.com\/wp-content\/uploads\/Fabricio-Bruno-em-acao-pelo-Flamengo-1024x565.webp 1024w, https:\/\/www.gaveanews.com\/wp-content\/uploads\/Fabricio-Bruno-em-acao-pelo-Flamengo-300x166.webp 300w, https:\/\/www.gaveanews.com\/wp-content\/uploads\/Fabricio-Bruno-em-acao-pelo-Flamengo-768x424.webp 768w, https:\/\/www.gaveanews.com\/wp-content\/uploads\/Fabricio-Bruno-em-acao-pelo-Flamengo-761x420.webp 761w, https:\/\/www.gaveanews.com\/wp-content\/uploads\/Fabricio-Bruno-em-acao-pelo-Flamengo-640x353.webp 640w, https:\/\/www.gaveanews.com\/wp-content\/uploads\/Fabricio-Bruno-em-acao-pelo-Flamengo-681x376.webp 681w, https:\/\/www.gaveanews.com\/wp-content\/uploads\/Fabricio-Bruno-em-acao-pelo-Flamengo-100x55.webp 100w, https:\/\/www.gaveanews.com\/wp-content\/uploads\/Fabricio-Bruno-em-acao-pelo-Flamengo.webp 1170w\" sizes=\"auto, (max-width: 1024px) 100vw, 1024px\" \/><figcaption class=\"wp-element-caption\">Fabr\u00edcio Bruno em a\u00e7\u00e3o pelo Flamengo (Foto: Reprodu\u00e7\u00e3o\/Instagram)<\/figcaption><\/figure>\n\n\n\n<p>O atleta demonstra interesse na mudan\u00e7a, especialmente ap\u00f3s receber uma liga\u00e7\u00e3o do t\u00e9cnico Fernando Diniz, que lhe garantiu titularidade em 2025, algo que perdeu com a chegada de Filipe Lu\u00eds. A expectativa \u00e9 que as negocia\u00e7\u00f5es avancem antes da viagem do Flamengo para a pr\u00e9-temporada nos Estados Unidos. At\u00e9 o momento, a diretoria rubro-negra evita comentar detalhes sobre o futuro do jogador.<\/p>\n\n\n\n<p>Durante coletiva, o diretor t\u00e9cnico do Flamengo, Jos\u00e9 Boto, limitou-se a mencionar que discutiu a situa\u00e7\u00e3o de Fabr\u00edcio Bruno com Filipe Lu\u00eds, mas n\u00e3o deu declara\u00e7\u00f5es sobre poss\u00edveis transa\u00e7\u00f5es. Enquanto isso, a torcida aguarda uma defini\u00e7\u00e3o, com esperan\u00e7as de que a transfer\u00eancia beneficie ambas as partes.<\/p>\n","protected":false},"excerpt":{"rendered":"<p>Nas \u00faltimas horas, o foco das not\u00edcias sobre o Flamengo se concentram nos bastidores do clube, com destaques do dia a dia do time. Por conta deste contexto, leia abaixo um resumo preparado pela equipe do portal G\u00e1vea News para lhe manter muito bem informado! Declara\u00e7\u00e3o de Osvaldo Pascal\u00a0 O Flamengo continua agitando o mercado [&hellip;]<\/p>\n","protected":false},"author":27,"featured_media":101250,"comment_status":"open","ping_status":"closed","sticky":false,"template":"","format":"standard","meta":{"footnotes":""},"categories":[1],"tags":[],"class_list":["post-210579","post","type-post","status-publish","format-standard","has-post-thumbnail","hentry","category-flamengo"],"yoast_head":"<!-- This site is optimized with the Yoast SEO Premium plugin v24.2 (Yoast SEO v26.9) - https:\/\/yoast.com\/product\/yoast-seo-premium-wordpress\/ -->\n<title>Negocia\u00e7\u00e3o de Fabr\u00edcio Bruno, mercado de transfer\u00eancias e declara\u00e7\u00e3o de Osvaldo Pascal: as \u00faltimas not\u00edcias do Flamengo<\/title>\n<meta name=\"robots\" content=\"index, follow, max-snippet:-1, max-image-preview:large, max-video-preview:-1\" \/>\n<link rel=\"canonical\" href=\"https:\/\/www.gaveanews.com\/index.php\/2025\/01\/10\/negociacao-de-fabricio-bruno-mercado-de-transferencias-e-declaracao-de-osvaldo-pascal-as-ultimas-noticias-do-flamengo\/\" \/>\n<meta property=\"og:locale\" content=\"pt_BR\" \/>\n<meta property=\"og:type\" content=\"article\" \/>\n<meta property=\"og:title\" content=\"Negocia\u00e7\u00e3o de Fabr\u00edcio Bruno, mercado de transfer\u00eancias e declara\u00e7\u00e3o de Osvaldo Pascal: as \u00faltimas not\u00edcias do Flamengo\" \/>\n<meta property=\"og:description\" content=\"Nas \u00faltimas horas, o foco das not\u00edcias sobre o Flamengo se concentram nos bastidores do clube, com destaques do dia a dia do time. Por conta deste contexto, leia abaixo um resumo preparado pela equipe do portal G\u00e1vea News para lhe manter muito bem informado! Declara\u00e7\u00e3o de Osvaldo Pascal\u00a0 O Flamengo continua agitando o mercado [&hellip;]\" \/>\n<meta property=\"og:url\" content=\"https:\/\/www.gaveanews.com\/index.php\/2025\/01\/10\/negociacao-de-fabricio-bruno-mercado-de-transferencias-e-declaracao-de-osvaldo-pascal-as-ultimas-noticias-do-flamengo\/\" \/>\n<meta property=\"og:site_name\" content=\"G\u00e1vea News\" \/>\n<meta property=\"article:publisher\" content=\"https:\/\/facebook.com\/gaveaNews\/\" \/>\n<meta property=\"article:published_time\" content=\"2025-01-10T09:00:00+00:00\" \/>\n<meta property=\"og:image\" content=\"https:\/\/www.gaveanews.com\/wp-content\/uploads\/Maracanao-escudo-Flamengo.webp\" \/>\n\t<meta property=\"og:image:width\" content=\"640\" \/>\n\t<meta property=\"og:image:height\" content=\"427\" \/>\n\t<meta property=\"og:image:type\" content=\"image\/jpeg\" \/>\n<meta name=\"author\" content=\"Matheus Felipe\" \/>\n<meta name=\"twitter:card\" content=\"summary_large_image\" \/>\n<meta name=\"twitter:label1\" content=\"Escrito por\" \/>\n\t<meta name=\"twitter:data1\" content=\"Matheus Felipe\" \/>\n\t<meta name=\"twitter:label2\" content=\"Est. tempo de leitura\" \/>\n\t<meta name=\"twitter:data2\" content=\"5 minutos\" \/>\n<script type=\"application\/ld+json\" class=\"yoast-schema-graph\">{\"@context\":\"https:\/\/schema.org\",\"@graph\":[{\"@type\":\"NewsArticle\",\"@id\":\"https:\/\/www.gaveanews.com\/index.php\/2025\/01\/10\/negociacao-de-fabricio-bruno-mercado-de-transferencias-e-declaracao-de-osvaldo-pascal-as-ultimas-noticias-do-flamengo\/#article\",\"isPartOf\":{\"@id\":\"https:\/\/www.gaveanews.com\/index.php\/2025\/01\/10\/negociacao-de-fabricio-bruno-mercado-de-transferencias-e-declaracao-de-osvaldo-pascal-as-ultimas-noticias-do-flamengo\/\"},\"author\":{\"name\":\"Matheus Felipe\",\"@id\":\"https:\/\/www.gaveanews.com\/#\/schema\/person\/8207cd4627f56151707418bfc835b2fb\"},\"headline\":\"Negocia\u00e7\u00e3o de Fabr\u00edcio Bruno, mercado de transfer\u00eancias e declara\u00e7\u00e3o de Osvaldo Pascal: as \u00faltimas not\u00edcias do Flamengo\",\"datePublished\":\"2025-01-10T09:00:00+00:00\",\"mainEntityOfPage\":{\"@id\":\"https:\/\/www.gaveanews.com\/index.php\/2025\/01\/10\/negociacao-de-fabricio-bruno-mercado-de-transferencias-e-declaracao-de-osvaldo-pascal-as-ultimas-noticias-do-flamengo\/\"},\"wordCount\":784,\"commentCount\":0,\"image\":{\"@id\":\"https:\/\/www.gaveanews.com\/index.php\/2025\/01\/10\/negociacao-de-fabricio-bruno-mercado-de-transferencias-e-declaracao-de-osvaldo-pascal-as-ultimas-noticias-do-flamengo\/#primaryimage\"},\"thumbnailUrl\":\"https:\/\/www.gaveanews.com\/wp-content\/uploads\/Maracanao-escudo-Flamengo.webp\",\"articleSection\":[\"Flamengo\"],\"inLanguage\":\"pt-BR\",\"potentialAction\":[{\"@type\":\"CommentAction\",\"name\":\"Comment\",\"target\":[\"https:\/\/www.gaveanews.com\/index.php\/2025\/01\/10\/negociacao-de-fabricio-bruno-mercado-de-transferencias-e-declaracao-de-osvaldo-pascal-as-ultimas-noticias-do-flamengo\/#respond\"]}],\"copyrightYear\":\"2025\",\"copyrightHolder\":{\"@id\":\"https:\/\/www.gaveanews.com\/#organization\"}},{\"@type\":\"WebPage\",\"@id\":\"https:\/\/www.gaveanews.com\/index.php\/2025\/01\/10\/negociacao-de-fabricio-bruno-mercado-de-transferencias-e-declaracao-de-osvaldo-pascal-as-ultimas-noticias-do-flamengo\/\",\"url\":\"https:\/\/www.gaveanews.com\/index.php\/2025\/01\/10\/negociacao-de-fabricio-bruno-mercado-de-transferencias-e-declaracao-de-osvaldo-pascal-as-ultimas-noticias-do-flamengo\/\",\"name\":\"Negocia\u00e7\u00e3o de Fabr\u00edcio Bruno, mercado de transfer\u00eancias e declara\u00e7\u00e3o de Osvaldo Pascal: as \u00faltimas not\u00edcias do Flamengo\",\"isPartOf\":{\"@id\":\"https:\/\/www.gaveanews.com\/#website\"},\"primaryImageOfPage\":{\"@id\":\"https:\/\/www.gaveanews.com\/index.php\/2025\/01\/10\/negociacao-de-fabricio-bruno-mercado-de-transferencias-e-declaracao-de-osvaldo-pascal-as-ultimas-noticias-do-flamengo\/#primaryimage\"},\"image\":{\"@id\":\"https:\/\/www.gaveanews.com\/index.php\/2025\/01\/10\/negociacao-de-fabricio-bruno-mercado-de-transferencias-e-declaracao-de-osvaldo-pascal-as-ultimas-noticias-do-flamengo\/#primaryimage\"},\"thumbnailUrl\":\"https:\/\/www.gaveanews.com\/wp-content\/uploads\/Maracanao-escudo-Flamengo.webp\",\"datePublished\":\"2025-01-10T09:00:00+00:00\",\"author\":{\"@id\":\"https:\/\/www.gaveanews.com\/#\/schema\/person\/8207cd4627f56151707418bfc835b2fb\"},\"breadcrumb\":{\"@id\":\"https:\/\/www.gaveanews.com\/index.php\/2025\/01\/10\/negociacao-de-fabricio-bruno-mercado-de-transferencias-e-declaracao-de-osvaldo-pascal-as-ultimas-noticias-do-flamengo\/#breadcrumb\"},\"inLanguage\":\"pt-BR\",\"potentialAction\":[{\"@type\":\"ReadAction\",\"target\":[\"https:\/\/www.gaveanews.com\/index.php\/2025\/01\/10\/negociacao-de-fabricio-bruno-mercado-de-transferencias-e-declaracao-de-osvaldo-pascal-as-ultimas-noticias-do-flamengo\/\"]}]},{\"@type\":\"ImageObject\",\"inLanguage\":\"pt-BR\",\"@id\":\"https:\/\/www.gaveanews.com\/index.php\/2025\/01\/10\/negociacao-de-fabricio-bruno-mercado-de-transferencias-e-declaracao-de-osvaldo-pascal-as-ultimas-noticias-do-flamengo\/#primaryimage\",\"url\":\"https:\/\/www.gaveanews.com\/wp-content\/uploads\/Maracanao-escudo-Flamengo.webp\",\"contentUrl\":\"https:\/\/www.gaveanews.com\/wp-content\/uploads\/Maracanao-escudo-Flamengo.webp\",\"width\":640,\"height\":427,\"caption\":\"Escudo do Flamengo no gramado do Maracan\u00e3 (Foto: Reprodu\u00e7\u00e3o)\"},{\"@type\":\"BreadcrumbList\",\"@id\":\"https:\/\/www.gaveanews.com\/index.php\/2025\/01\/10\/negociacao-de-fabricio-bruno-mercado-de-transferencias-e-declaracao-de-osvaldo-pascal-as-ultimas-noticias-do-flamengo\/#breadcrumb\",\"itemListElement\":[{\"@type\":\"ListItem\",\"position\":1,\"name\":\"Home\",\"item\":\"https:\/\/www.gaveanews.com\/\"},{\"@type\":\"ListItem\",\"position\":2,\"name\":\"Negocia\u00e7\u00e3o de Fabr\u00edcio Bruno, mercado de transfer\u00eancias e declara\u00e7\u00e3o de Osvaldo Pascal: as \u00faltimas not\u00edcias do Flamengo\"}]},{\"@type\":\"WebSite\",\"@id\":\"https:\/\/www.gaveanews.com\/#website\",\"url\":\"https:\/\/www.gaveanews.com\/\",\"name\":\"G\u00e1vea News\",\"description\":\"Veja todas as not\u00edcias sobre o Flamengo: Contrata\u00e7\u00f5es, categorias de base, resultados das partidas, tabela de classifica\u00e7\u00e3o, pr\u00f3ximos jogos!\",\"potentialAction\":[{\"@type\":\"SearchAction\",\"target\":{\"@type\":\"EntryPoint\",\"urlTemplate\":\"https:\/\/www.gaveanews.com\/?s={search_term_string}\"},\"query-input\":{\"@type\":\"PropertyValueSpecification\",\"valueRequired\":true,\"valueName\":\"search_term_string\"}}],\"inLanguage\":\"pt-BR\"},{\"@type\":\"Person\",\"@id\":\"https:\/\/www.gaveanews.com\/#\/schema\/person\/8207cd4627f56151707418bfc835b2fb\",\"name\":\"Matheus Felipe\",\"image\":{\"@type\":\"ImageObject\",\"inLanguage\":\"pt-BR\",\"@id\":\"https:\/\/www.gaveanews.com\/#\/schema\/person\/image\/\",\"url\":\"https:\/\/secure.gravatar.com\/avatar\/a452ffbed9130f726358b298bb3a99ce4bd3c5338411f8440e87e14d74c7c087?s=96&d=mm&r=g\",\"contentUrl\":\"https:\/\/secure.gravatar.com\/avatar\/a452ffbed9130f726358b298bb3a99ce4bd3c5338411f8440e87e14d74c7c087?s=96&d=mm&r=g\",\"caption\":\"Matheus Felipe\"}}]}<\/script>\n<!-- \/ Yoast SEO Premium plugin. -->","yoast_head_json":{"title":"Negocia\u00e7\u00e3o de Fabr\u00edcio Bruno, mercado de transfer\u00eancias e declara\u00e7\u00e3o de Osvaldo Pascal: as \u00faltimas not\u00edcias do Flamengo","robots":{"index":"index","follow":"follow","max-snippet":"max-snippet:-1","max-image-preview":"max-image-preview:large","max-video-preview":"max-video-preview:-1"},"canonical":"https:\/\/www.gaveanews.com\/index.php\/2025\/01\/10\/negociacao-de-fabricio-bruno-mercado-de-transferencias-e-declaracao-de-osvaldo-pascal-as-ultimas-noticias-do-flamengo\/","og_locale":"pt_BR","og_type":"article","og_title":"Negocia\u00e7\u00e3o de Fabr\u00edcio Bruno, mercado de transfer\u00eancias e declara\u00e7\u00e3o de Osvaldo Pascal: as \u00faltimas not\u00edcias do Flamengo","og_description":"Nas \u00faltimas horas, o foco das not\u00edcias sobre o Flamengo se concentram nos bastidores do clube, com destaques do dia a dia do time. Por conta deste contexto, leia abaixo um resumo preparado pela equipe do portal G\u00e1vea News para lhe manter muito bem informado! Declara\u00e7\u00e3o de Osvaldo Pascal\u00a0 O Flamengo continua agitando o mercado [&hellip;]","og_url":"https:\/\/www.gaveanews.com\/index.php\/2025\/01\/10\/negociacao-de-fabricio-bruno-mercado-de-transferencias-e-declaracao-de-osvaldo-pascal-as-ultimas-noticias-do-flamengo\/","og_site_name":"G\u00e1vea News","article_publisher":"https:\/\/facebook.com\/gaveaNews\/","article_published_time":"2025-01-10T09:00:00+00:00","og_image":[{"width":640,"height":427,"url":"https:\/\/www.gaveanews.com\/wp-content\/uploads\/Maracanao-escudo-Flamengo.webp","type":"image\/jpeg"}],"author":"Matheus Felipe","twitter_card":"summary_large_image","twitter_misc":{"Escrito por":"Matheus Felipe","Est. tempo de leitura":"5 minutos"},"schema":{"@context":"https:\/\/schema.org","@graph":[{"@type":"NewsArticle","@id":"https:\/\/www.gaveanews.com\/index.php\/2025\/01\/10\/negociacao-de-fabricio-bruno-mercado-de-transferencias-e-declaracao-de-osvaldo-pascal-as-ultimas-noticias-do-flamengo\/#article","isPartOf":{"@id":"https:\/\/www.gaveanews.com\/index.php\/2025\/01\/10\/negociacao-de-fabricio-bruno-mercado-de-transferencias-e-declaracao-de-osvaldo-pascal-as-ultimas-noticias-do-flamengo\/"},"author":{"name":"Matheus Felipe","@id":"https:\/\/www.gaveanews.com\/#\/schema\/person\/8207cd4627f56151707418bfc835b2fb"},"headline":"Negocia\u00e7\u00e3o de Fabr\u00edcio Bruno, mercado de transfer\u00eancias e declara\u00e7\u00e3o de Osvaldo Pascal: as \u00faltimas not\u00edcias do Flamengo","datePublished":"2025-01-10T09:00:00+00:00","mainEntityOfPage":{"@id":"https:\/\/www.gaveanews.com\/index.php\/2025\/01\/10\/negociacao-de-fabricio-bruno-mercado-de-transferencias-e-declaracao-de-osvaldo-pascal-as-ultimas-noticias-do-flamengo\/"},"wordCount":784,"commentCount":0,"image":{"@id":"https:\/\/www.gaveanews.com\/index.php\/2025\/01\/10\/negociacao-de-fabricio-bruno-mercado-de-transferencias-e-declaracao-de-osvaldo-pascal-as-ultimas-noticias-do-flamengo\/#primaryimage"},"thumbnailUrl":"https:\/\/www.gaveanews.com\/wp-content\/uploads\/Maracanao-escudo-Flamengo.webp","articleSection":["Flamengo"],"inLanguage":"pt-BR","potentialAction":[{"@type":"CommentAction","name":"Comment","target":["https:\/\/www.gaveanews.com\/index.php\/2025\/01\/10\/negociacao-de-fabricio-bruno-mercado-de-transferencias-e-declaracao-de-osvaldo-pascal-as-ultimas-noticias-do-flamengo\/#respond"]}],"copyrightYear":"2025","copyrightHolder":{"@id":"https:\/\/www.gaveanews.com\/#organization"}},{"@type":"WebPage","@id":"https:\/\/www.gaveanews.com\/index.php\/2025\/01\/10\/negociacao-de-fabricio-bruno-mercado-de-transferencias-e-declaracao-de-osvaldo-pascal-as-ultimas-noticias-do-flamengo\/","url":"https:\/\/www.gaveanews.com\/index.php\/2025\/01\/10\/negociacao-de-fabricio-bruno-mercado-de-transferencias-e-declaracao-de-osvaldo-pascal-as-ultimas-noticias-do-flamengo\/","name":"Negocia\u00e7\u00e3o de Fabr\u00edcio Bruno, mercado de transfer\u00eancias e declara\u00e7\u00e3o de Osvaldo Pascal: as \u00faltimas not\u00edcias do Flamengo","isPartOf":{"@id":"https:\/\/www.gaveanews.com\/#website"},"primaryImageOfPage":{"@id":"https:\/\/www.gaveanews.com\/index.php\/2025\/01\/10\/negociacao-de-fabricio-bruno-mercado-de-transferencias-e-declaracao-de-osvaldo-pascal-as-ultimas-noticias-do-flamengo\/#primaryimage"},"image":{"@id":"https:\/\/www.gaveanews.com\/index.php\/2025\/01\/10\/negociacao-de-fabricio-bruno-mercado-de-transferencias-e-declaracao-de-osvaldo-pascal-as-ultimas-noticias-do-flamengo\/#primaryimage"},"thumbnailUrl":"https:\/\/www.gaveanews.com\/wp-content\/uploads\/Maracanao-escudo-Flamengo.webp","datePublished":"2025-01-10T09:00:00+00:00","author":{"@id":"https:\/\/www.gaveanews.com\/#\/schema\/person\/8207cd4627f56151707418bfc835b2fb"},"breadcrumb":{"@id":"https:\/\/www.gaveanews.com\/index.php\/2025\/01\/10\/negociacao-de-fabricio-bruno-mercado-de-transferencias-e-declaracao-de-osvaldo-pascal-as-ultimas-noticias-do-flamengo\/#breadcrumb"},"inLanguage":"pt-BR","potentialAction":[{"@type":"ReadAction","target":["https:\/\/www.gaveanews.com\/index.php\/2025\/01\/10\/negociacao-de-fabricio-bruno-mercado-de-transferencias-e-declaracao-de-osvaldo-pascal-as-ultimas-noticias-do-flamengo\/"]}]},{"@type":"ImageObject","inLanguage":"pt-BR","@id":"https:\/\/www.gaveanews.com\/index.php\/2025\/01\/10\/negociacao-de-fabricio-bruno-mercado-de-transferencias-e-declaracao-de-osvaldo-pascal-as-ultimas-noticias-do-flamengo\/#primaryimage","url":"https:\/\/www.gaveanews.com\/wp-content\/uploads\/Maracanao-escudo-Flamengo.webp","contentUrl":"https:\/\/www.gaveanews.com\/wp-content\/uploads\/Maracanao-escudo-Flamengo.webp","width":640,"height":427,"caption":"Escudo do Flamengo no gramado do Maracan\u00e3 (Foto: Reprodu\u00e7\u00e3o)"},{"@type":"BreadcrumbList","@id":"https:\/\/www.gaveanews.com\/index.php\/2025\/01\/10\/negociacao-de-fabricio-bruno-mercado-de-transferencias-e-declaracao-de-osvaldo-pascal-as-ultimas-noticias-do-flamengo\/#breadcrumb","itemListElement":[{"@type":"ListItem","position":1,"name":"Home","item":"https:\/\/www.gaveanews.com\/"},{"@type":"ListItem","position":2,"name":"Negocia\u00e7\u00e3o de Fabr\u00edcio Bruno, mercado de transfer\u00eancias e declara\u00e7\u00e3o de Osvaldo Pascal: as \u00faltimas not\u00edcias do Flamengo"}]},{"@type":"WebSite","@id":"https:\/\/www.gaveanews.com\/#website","url":"https:\/\/www.gaveanews.com\/","name":"G\u00e1vea News","description":"Veja todas as not\u00edcias sobre o Flamengo: Contrata\u00e7\u00f5es, categorias de base, resultados das partidas, tabela de classifica\u00e7\u00e3o, pr\u00f3ximos jogos!","potentialAction":[{"@type":"SearchAction","target":{"@type":"EntryPoint","urlTemplate":"https:\/\/www.gaveanews.com\/?s={search_term_string}"},"query-input":{"@type":"PropertyValueSpecification","valueRequired":true,"valueName":"search_term_string"}}],"inLanguage":"pt-BR"},{"@type":"Person","@id":"https:\/\/www.gaveanews.com\/#\/schema\/person\/8207cd4627f56151707418bfc835b2fb","name":"Matheus Felipe","image":{"@type":"ImageObject","inLanguage":"pt-BR","@id":"https:\/\/www.gaveanews.com\/#\/schema\/person\/image\/","url":"https:\/\/secure.gravatar.com\/avatar\/a452ffbed9130f726358b298bb3a99ce4bd3c5338411f8440e87e14d74c7c087?s=96&d=mm&r=g","contentUrl":"https:\/\/secure.gravatar.com\/avatar\/a452ffbed9130f726358b298bb3a99ce4bd3c5338411f8440e87e14d74c7c087?s=96&d=mm&r=g","caption":"Matheus Felipe"}}]}},"_links":{"self":[{"href":"https:\/\/www.gaveanews.com\/index.php\/wp-json\/wp\/v2\/posts\/210579","targetHints":{"allow":["GET"]}}],"collection":[{"href":"https:\/\/www.gaveanews.com\/index.php\/wp-json\/wp\/v2\/posts"}],"about":[{"href":"https:\/\/www.gaveanews.com\/index.php\/wp-json\/wp\/v2\/types\/post"}],"author":[{"embeddable":true,"href":"https:\/\/www.gaveanews.com\/index.php\/wp-json\/wp\/v2\/users\/27"}],"replies":[{"embeddable":true,"href":"https:\/\/www.gaveanews.com\/index.php\/wp-json\/wp\/v2\/comments?post=210579"}],"version-history":[{"count":1,"href":"https:\/\/www.gaveanews.com\/index.php\/wp-json\/wp\/v2\/posts\/210579\/revisions"}],"predecessor-version":[{"id":210609,"href":"https:\/\/www.gaveanews.com\/index.php\/wp-json\/wp\/v2\/posts\/210579\/revisions\/210609"}],"wp:featuredmedia":[{"embeddable":true,"href":"https:\/\/www.gaveanews.com\/index.php\/wp-json\/wp\/v2\/media\/101250"}],"wp:attachment":[{"href":"https:\/\/www.gaveanews.com\/index.php\/wp-json\/wp\/v2\/media?parent=210579"}],"wp:term":[{"taxonomy":"category","embeddable":true,"href":"https:\/\/www.gaveanews.com\/index.php\/wp-json\/wp\/v2\/categories?post=210579"},{"taxonomy":"post_tag","embeddable":true,"href":"https:\/\/www.gaveanews.com\/index.php\/wp-json\/wp\/v2\/tags?post=210579"}],"curies":[{"name":"wp","href":"https:\/\/api.w.org\/{rel}","templated":true}]}}