{"id":210580,"date":"2025-01-10T07:00:00","date_gmt":"2025-01-10T10:00:00","guid":{"rendered":"https:\/\/www.gaveanews.com\/?p=210580"},"modified":"2025-01-09T23:32:16","modified_gmt":"2025-01-10T02:32:16","slug":"contratacao-de-cuellar-competicoes-internacionais-e-novas-mudancas-as-ultimas-noticias-do-flamengo","status":"publish","type":"post","link":"https:\/\/www.gaveanews.com\/index.php\/2025\/01\/10\/contratacao-de-cuellar-competicoes-internacionais-e-novas-mudancas-as-ultimas-noticias-do-flamengo\/","title":{"rendered":"Contrata\u00e7\u00e3o de Cu\u00e9llar, competi\u00e7\u00f5es internacionais e novas mudan\u00e7as: as \u00faltimas not\u00edcias do Flamengo"},"content":{"rendered":"\n<p>Nas \u00faltimas horas, o foco das not\u00edcias sobre o Flamengo se concentram nos bastidores do clube, com destaques do dia a dia do time.<\/p>\n\n\n\n<p>Por conta deste contexto, leia abaixo um resumo preparado pela equipe do portal G\u00e1vea News para lhe manter muito bem informado!<\/p>\n\n\n\n<h2 class=\"wp-block-heading\" id=\"h-novas-mudancas\">Novas mudan\u00e7as<\/h2>\n\n\n\n<p>O Flamengo inicia uma nova fase sob a lideran\u00e7a de Jos\u00e9 Boto, o rec\u00e9m-empossado diretor de futebol. Em sua segunda coletiva no cargo, o portugu\u00eas anunciou mudan\u00e7as significativas que prometem impactar positivamente a rotina do clube. Entre as novidades est\u00e1 a maior transpar\u00eancia na comunica\u00e7\u00e3o, com a abertura de alguns treinos ao p\u00fablico, divulga\u00e7\u00e3o de hor\u00e1rios e permiss\u00e3o para entrevistas com jogadores, uma estrat\u00e9gia que visa fortalecer a conex\u00e3o com a torcida <strong><a href=\"https:\/\/www.gaveanews.com\/index.php\/2025\/01\/08\/jose-boto-prepara-novas-mudancas-no-flamengo\/\">(leia a mat\u00e9ria completa).<\/a><\/strong><\/p>\n\n\n\n<figure class=\"wp-block-image size-large\"><img loading=\"lazy\" decoding=\"async\" width=\"1024\" height=\"683\" src=\"https:\/\/www.gaveanews.com\/wp-content\/uploads\/GgyxYg8WwAEB4mn-1024x683.webp\" alt=\"\" class=\"wp-image-209662\" srcset=\"https:\/\/www.gaveanews.com\/wp-content\/uploads\/GgyxYg8WwAEB4mn-1024x683.webp 1024w, https:\/\/www.gaveanews.com\/wp-content\/uploads\/GgyxYg8WwAEB4mn-300x200.webp 300w, https:\/\/www.gaveanews.com\/wp-content\/uploads\/GgyxYg8WwAEB4mn-768x512.webp 768w, https:\/\/www.gaveanews.com\/wp-content\/uploads\/GgyxYg8WwAEB4mn-1536x1024.webp 1536w, https:\/\/www.gaveanews.com\/wp-content\/uploads\/GgyxYg8WwAEB4mn-2048x1365.webp 2048w, https:\/\/www.gaveanews.com\/wp-content\/uploads\/GgyxYg8WwAEB4mn-630x420.webp 630w, https:\/\/www.gaveanews.com\/wp-content\/uploads\/GgyxYg8WwAEB4mn-1260x840.webp 1260w, https:\/\/www.gaveanews.com\/wp-content\/uploads\/GgyxYg8WwAEB4mn-640x427.webp 640w, https:\/\/www.gaveanews.com\/wp-content\/uploads\/GgyxYg8WwAEB4mn-1280x853.webp 1280w, https:\/\/www.gaveanews.com\/wp-content\/uploads\/GgyxYg8WwAEB4mn-681x454.webp 681w, https:\/\/www.gaveanews.com\/wp-content\/uploads\/GgyxYg8WwAEB4mn-1362x908.webp 1362w, https:\/\/www.gaveanews.com\/wp-content\/uploads\/GgyxYg8WwAEB4mn-100x67.webp 100w\" sizes=\"auto, (max-width: 1024px) 100vw, 1024px\" \/><figcaption class=\"wp-element-caption\">Jos\u00e9 Boto em coletiva pelo Flamengo (Gilvan de Souza \/CRF)<\/figcaption><\/figure>\n\n\n\n<p>Al\u00e9m disso, Boto apresentou Alfredo Almeida como seu assistente direto e Fernando Sassaki como o novo chefe do departamento m\u00e9dico, refor\u00e7ando sua inten\u00e7\u00e3o de modernizar setores estrat\u00e9gicos do clube. <\/p>\n\n\n\n<p>Com total apoio do presidente Luiz Eduardo Baptista (Bap), o diretor possui autonomia para implementar suas ideias e promover uma reestrutura\u00e7\u00e3o s\u00f3lida no Flamengo, consolidando a equipe como refer\u00eancia em gest\u00e3o esportiva.<\/p>\n\n\n\n<p>Reconhecido por identificar talentos promissores em passagens por clubes como Benfica e Shakhtar Donetsk, Jos\u00e9 Boto ser\u00e1 uma pe\u00e7a-chave na reformula\u00e7\u00e3o do elenco. A aposta em planejamento e inova\u00e7\u00e3o indica que o Flamengo est\u00e1 disposto a se reinventar e alcan\u00e7ar um novo patamar no futebol nacional e internacional. Nos pr\u00f3ximos meses, essas mudan\u00e7as ser\u00e3o testadas e poder\u00e3o determinar o sucesso da nova gest\u00e3o rubro-negra.<\/p>\n\n\n\n<h2 class=\"wp-block-heading\" id=\"h-competicoes-internacionais\">Competi\u00e7\u00f5es internacionais<\/h2>\n\n\n\n<p>O Flamengo tem concentrado esfor\u00e7os em competi\u00e7\u00f5es internacionais nos \u00faltimos anos, conquistando t\u00edtulos importantes como duas Libertadores e duas Copas do Brasil. Entretanto, essa prioriza\u00e7\u00e3o fez com que o Campeonato Brasileiro perdesse destaque, j\u00e1 que os principais jogadores eram poupados em partidas decisivas da competi\u00e7\u00e3o nacional. Agora, com Jos\u00e9 Boto assumindo o cargo de diretor, o clube sinaliza uma mudan\u00e7a de postura, priorizando o Brasileir\u00e3o em 2025 <strong><a href=\"https:\/\/www.gaveanews.com\/index.php\/2025\/01\/08\/flamengo-jose-boto-aponta-que-ira-priorizar-competicao-em-2025\/\">(leia a mat\u00e9ria completa).<\/a><\/strong><\/p>\n\n\n\n<figure class=\"wp-block-image size-large\"><img loading=\"lazy\" decoding=\"async\" width=\"1024\" height=\"682\" src=\"https:\/\/www.gaveanews.com\/wp-content\/uploads\/Jogadores-do-Flamengo-erguendo-a-taca-da-Copa-do-Brasil-2024-1024x682.webp\" alt=\"\" class=\"wp-image-183758\" srcset=\"https:\/\/www.gaveanews.com\/wp-content\/uploads\/Jogadores-do-Flamengo-erguendo-a-taca-da-Copa-do-Brasil-2024-1024x682.webp 1024w, https:\/\/www.gaveanews.com\/wp-content\/uploads\/Jogadores-do-Flamengo-erguendo-a-taca-da-Copa-do-Brasil-2024-300x200.webp 300w, https:\/\/www.gaveanews.com\/wp-content\/uploads\/Jogadores-do-Flamengo-erguendo-a-taca-da-Copa-do-Brasil-2024-768x512.webp 768w, https:\/\/www.gaveanews.com\/wp-content\/uploads\/Jogadores-do-Flamengo-erguendo-a-taca-da-Copa-do-Brasil-2024-630x420.webp 630w, https:\/\/www.gaveanews.com\/wp-content\/uploads\/Jogadores-do-Flamengo-erguendo-a-taca-da-Copa-do-Brasil-2024-640x426.webp 640w, https:\/\/www.gaveanews.com\/wp-content\/uploads\/Jogadores-do-Flamengo-erguendo-a-taca-da-Copa-do-Brasil-2024-681x454.webp 681w, https:\/\/www.gaveanews.com\/wp-content\/uploads\/Jogadores-do-Flamengo-erguendo-a-taca-da-Copa-do-Brasil-2024-100x67.webp 100w, https:\/\/www.gaveanews.com\/wp-content\/uploads\/Jogadores-do-Flamengo-erguendo-a-taca-da-Copa-do-Brasil-2024.webp 1208w\" sizes=\"auto, (max-width: 1024px) 100vw, 1024px\" \/><figcaption class=\"wp-element-caption\">Jogadores do Flamengo erguendo a ta\u00e7a da Copa do Brasil 2024 (Foto: Gilvan de Souza \/ CRF)<\/figcaption><\/figure>\n\n\n\n<p>Durante uma entrevista, Jos\u00e9 Boto destacou que o foco principal da temporada ser\u00e1 a S\u00e9rie A, embora a equipe tamb\u00e9m tenha compromissos importantes, como a Supercopa em fevereiro e o Mundial. Essa estrat\u00e9gia est\u00e1 em conson\u00e2ncia com o pensamento do t\u00e9cnico Filipe Lu\u00eds, que v\u00ea o Campeonato Brasileiro como o maior desafio devido \u00e0 exig\u00eancia de regularidade ao longo do ano. Filipe refor\u00e7ou sua determina\u00e7\u00e3o em fazer da competi\u00e7\u00e3o a prioridade enquanto estiver no comando do time.<\/p>\n\n\n\n<p>Com essa nova abordagem, o Flamengo pretende buscar o eneacampeonato, al\u00e9m de continuar competitivo em torneios paralelos. A S\u00e9rie A, contudo, ser\u00e1 tratada como o principal objetivo, exigindo consist\u00eancia e foco ao longo da temporada. Essa decis\u00e3o promete intensificar a disputa pelo t\u00edtulo nacional em 2025, consolidando a import\u00e2ncia do Brasileir\u00e3o no planejamento do clube.<\/p>\n\n\n\n<h2 class=\"wp-block-heading\" id=\"h-contratacao-de-cuellar\">Contrata\u00e7\u00e3o de Cu\u00e9llar<\/h2>\n\n\n\n<p>O Gr\u00eamio acertou a contrata\u00e7\u00e3o de Cu\u00e9llar, volante colombiano de 32 anos que atualmente defende o Al-Shabab, da Ar\u00e1bia Saudita. O jogador, que teve uma passagem marcante pelo Flamengo, est\u00e1 em processo de rescis\u00e3o contratual e deve retornar ao Brasil ap\u00f3s cumprir seus \u00faltimos compromissos com o clube \u00e1rabe. Ele disputar\u00e1 duas partidas antes de se apresentar ao time ga\u00facho, refor\u00e7ando o elenco apenas na janela de transfer\u00eancias do meio do ano <strong><a href=\"https:\/\/www.gaveanews.com\/index.php\/2025\/01\/08\/urgente-cuellar-assina-com-rival-do-flamengo\/\">(leia a mat\u00e9ria completa).<\/a><\/strong><\/p>\n\n\n\n<figure class=\"wp-block-image size-full\"><img decoding=\"async\" src=\"https:\/\/www.gaveanews.com\/wp-content\/uploads\/Cuellar-em-acao-pelo-Al-Hilal.webp\" alt=\"\" class=\"wp-image-32930\"\/><figcaption class=\"wp-element-caption\">Cuellar em a\u00e7\u00e3o pelo Al Hilal (Foto: Divulga\u00e7\u00e3o\/Al Hilal FC)<\/figcaption><\/figure>\n\n\n\n<p>Cu\u00e9llar foi uma das prioridades do t\u00e9cnico Gustavo Quinteros, que busca reestruturar o elenco do Gr\u00eamio com refor\u00e7os pontuais. Al\u00e9m do Tricolor ga\u00facho, clubes como Fluminense, Red Bull Bragantino e Vasco demonstraram interesse pelo volante, mas a proposta gremista se destacou. A posi\u00e7\u00e3o de Cu\u00e9llar foi identificada como carente, especialmente com o poss\u00edvel interesse do Palmeiras em Villasanti, atual titular no setor.<\/p>\n\n\n\n<p>O colombiano tem uma trajet\u00f3ria de destaque no futebol brasileiro, onde atuou pelo Flamengo entre 2016 e 2019, somando 159 partidas e conquistando a torcida pela ra\u00e7a demonstrada em campo. Cu\u00e9llar marcou dois gols e deu tr\u00eas assist\u00eancias durante sua passagem, tornando-se uma pe\u00e7a importante no meio-campo rubro-negro antes de sua transfer\u00eancia para o futebol \u00e1rabe.<\/p>\n","protected":false},"excerpt":{"rendered":"<p>Nas \u00faltimas horas, o foco das not\u00edcias sobre o Flamengo se concentram nos bastidores do clube, com destaques do dia a dia do time. Por conta deste contexto, leia abaixo um resumo preparado pela equipe do portal G\u00e1vea News para lhe manter muito bem informado! Novas mudan\u00e7as O Flamengo inicia uma nova fase sob a [&hellip;]<\/p>\n","protected":false},"author":27,"featured_media":127354,"comment_status":"open","ping_status":"closed","sticky":false,"template":"","format":"standard","meta":{"footnotes":""},"categories":[1],"tags":[],"class_list":["post-210580","post","type-post","status-publish","format-standard","has-post-thumbnail","hentry","category-flamengo"],"yoast_head":"<!-- This site is optimized with the Yoast SEO Premium plugin v24.2 (Yoast SEO v26.9) - https:\/\/yoast.com\/product\/yoast-seo-premium-wordpress\/ -->\n<title>Contrata\u00e7\u00e3o de Cu\u00e9llar, competi\u00e7\u00f5es internacionais e novas mudan\u00e7as: as \u00faltimas not\u00edcias do Flamengo<\/title>\n<meta name=\"robots\" content=\"index, follow, max-snippet:-1, max-image-preview:large, max-video-preview:-1\" \/>\n<link rel=\"canonical\" href=\"https:\/\/www.gaveanews.com\/index.php\/2025\/01\/10\/contratacao-de-cuellar-competicoes-internacionais-e-novas-mudancas-as-ultimas-noticias-do-flamengo\/\" \/>\n<meta property=\"og:locale\" content=\"pt_BR\" \/>\n<meta property=\"og:type\" content=\"article\" \/>\n<meta property=\"og:title\" content=\"Contrata\u00e7\u00e3o de Cu\u00e9llar, competi\u00e7\u00f5es internacionais e novas mudan\u00e7as: as \u00faltimas not\u00edcias do Flamengo\" \/>\n<meta property=\"og:description\" content=\"Nas \u00faltimas horas, o foco das not\u00edcias sobre o Flamengo se concentram nos bastidores do clube, com destaques do dia a dia do time. Por conta deste contexto, leia abaixo um resumo preparado pela equipe do portal G\u00e1vea News para lhe manter muito bem informado! Novas mudan\u00e7as O Flamengo inicia uma nova fase sob a [&hellip;]\" \/>\n<meta property=\"og:url\" content=\"https:\/\/www.gaveanews.com\/index.php\/2025\/01\/10\/contratacao-de-cuellar-competicoes-internacionais-e-novas-mudancas-as-ultimas-noticias-do-flamengo\/\" \/>\n<meta property=\"og:site_name\" content=\"G\u00e1vea News\" \/>\n<meta property=\"article:publisher\" content=\"https:\/\/facebook.com\/gaveaNews\/\" \/>\n<meta property=\"article:published_time\" content=\"2025-01-10T10:00:00+00:00\" \/>\n<meta property=\"og:image\" content=\"https:\/\/www.gaveanews.com\/wp-content\/uploads\/camisa-flamengo.webp\" \/>\n\t<meta property=\"og:image:width\" content=\"483\" \/>\n\t<meta property=\"og:image:height\" content=\"322\" \/>\n\t<meta property=\"og:image:type\" content=\"image\/webp\" \/>\n<meta name=\"author\" content=\"Matheus Felipe\" \/>\n<meta name=\"twitter:card\" content=\"summary_large_image\" \/>\n<meta name=\"twitter:label1\" content=\"Escrito por\" \/>\n\t<meta name=\"twitter:data1\" content=\"Matheus Felipe\" \/>\n\t<meta name=\"twitter:label2\" content=\"Est. tempo de leitura\" \/>\n\t<meta name=\"twitter:data2\" content=\"5 minutos\" \/>\n<script type=\"application\/ld+json\" class=\"yoast-schema-graph\">{\"@context\":\"https:\/\/schema.org\",\"@graph\":[{\"@type\":\"NewsArticle\",\"@id\":\"https:\/\/www.gaveanews.com\/index.php\/2025\/01\/10\/contratacao-de-cuellar-competicoes-internacionais-e-novas-mudancas-as-ultimas-noticias-do-flamengo\/#article\",\"isPartOf\":{\"@id\":\"https:\/\/www.gaveanews.com\/index.php\/2025\/01\/10\/contratacao-de-cuellar-competicoes-internacionais-e-novas-mudancas-as-ultimas-noticias-do-flamengo\/\"},\"author\":{\"name\":\"Matheus Felipe\",\"@id\":\"https:\/\/www.gaveanews.com\/#\/schema\/person\/8207cd4627f56151707418bfc835b2fb\"},\"headline\":\"Contrata\u00e7\u00e3o de Cu\u00e9llar, competi\u00e7\u00f5es internacionais e novas mudan\u00e7as: as \u00faltimas not\u00edcias do Flamengo\",\"datePublished\":\"2025-01-10T10:00:00+00:00\",\"mainEntityOfPage\":{\"@id\":\"https:\/\/www.gaveanews.com\/index.php\/2025\/01\/10\/contratacao-de-cuellar-competicoes-internacionais-e-novas-mudancas-as-ultimas-noticias-do-flamengo\/\"},\"wordCount\":788,\"commentCount\":0,\"image\":{\"@id\":\"https:\/\/www.gaveanews.com\/index.php\/2025\/01\/10\/contratacao-de-cuellar-competicoes-internacionais-e-novas-mudancas-as-ultimas-noticias-do-flamengo\/#primaryimage\"},\"thumbnailUrl\":\"https:\/\/www.gaveanews.com\/wp-content\/uploads\/camisa-flamengo.webp\",\"articleSection\":[\"Flamengo\"],\"inLanguage\":\"pt-BR\",\"potentialAction\":[{\"@type\":\"CommentAction\",\"name\":\"Comment\",\"target\":[\"https:\/\/www.gaveanews.com\/index.php\/2025\/01\/10\/contratacao-de-cuellar-competicoes-internacionais-e-novas-mudancas-as-ultimas-noticias-do-flamengo\/#respond\"]}],\"copyrightYear\":\"2025\",\"copyrightHolder\":{\"@id\":\"https:\/\/www.gaveanews.com\/#organization\"}},{\"@type\":\"WebPage\",\"@id\":\"https:\/\/www.gaveanews.com\/index.php\/2025\/01\/10\/contratacao-de-cuellar-competicoes-internacionais-e-novas-mudancas-as-ultimas-noticias-do-flamengo\/\",\"url\":\"https:\/\/www.gaveanews.com\/index.php\/2025\/01\/10\/contratacao-de-cuellar-competicoes-internacionais-e-novas-mudancas-as-ultimas-noticias-do-flamengo\/\",\"name\":\"Contrata\u00e7\u00e3o de Cu\u00e9llar, competi\u00e7\u00f5es internacionais e novas mudan\u00e7as: as \u00faltimas not\u00edcias do Flamengo\",\"isPartOf\":{\"@id\":\"https:\/\/www.gaveanews.com\/#website\"},\"primaryImageOfPage\":{\"@id\":\"https:\/\/www.gaveanews.com\/index.php\/2025\/01\/10\/contratacao-de-cuellar-competicoes-internacionais-e-novas-mudancas-as-ultimas-noticias-do-flamengo\/#primaryimage\"},\"image\":{\"@id\":\"https:\/\/www.gaveanews.com\/index.php\/2025\/01\/10\/contratacao-de-cuellar-competicoes-internacionais-e-novas-mudancas-as-ultimas-noticias-do-flamengo\/#primaryimage\"},\"thumbnailUrl\":\"https:\/\/www.gaveanews.com\/wp-content\/uploads\/camisa-flamengo.webp\",\"datePublished\":\"2025-01-10T10:00:00+00:00\",\"author\":{\"@id\":\"https:\/\/www.gaveanews.com\/#\/schema\/person\/8207cd4627f56151707418bfc835b2fb\"},\"breadcrumb\":{\"@id\":\"https:\/\/www.gaveanews.com\/index.php\/2025\/01\/10\/contratacao-de-cuellar-competicoes-internacionais-e-novas-mudancas-as-ultimas-noticias-do-flamengo\/#breadcrumb\"},\"inLanguage\":\"pt-BR\",\"potentialAction\":[{\"@type\":\"ReadAction\",\"target\":[\"https:\/\/www.gaveanews.com\/index.php\/2025\/01\/10\/contratacao-de-cuellar-competicoes-internacionais-e-novas-mudancas-as-ultimas-noticias-do-flamengo\/\"]}]},{\"@type\":\"ImageObject\",\"inLanguage\":\"pt-BR\",\"@id\":\"https:\/\/www.gaveanews.com\/index.php\/2025\/01\/10\/contratacao-de-cuellar-competicoes-internacionais-e-novas-mudancas-as-ultimas-noticias-do-flamengo\/#primaryimage\",\"url\":\"https:\/\/www.gaveanews.com\/wp-content\/uploads\/camisa-flamengo.webp\",\"contentUrl\":\"https:\/\/www.gaveanews.com\/wp-content\/uploads\/camisa-flamengo.webp\",\"width\":483,\"height\":322,\"caption\":\"Escudo do Flamengo (Foto: Reprodu\u00e7\u00e3o)\"},{\"@type\":\"BreadcrumbList\",\"@id\":\"https:\/\/www.gaveanews.com\/index.php\/2025\/01\/10\/contratacao-de-cuellar-competicoes-internacionais-e-novas-mudancas-as-ultimas-noticias-do-flamengo\/#breadcrumb\",\"itemListElement\":[{\"@type\":\"ListItem\",\"position\":1,\"name\":\"Home\",\"item\":\"https:\/\/www.gaveanews.com\/\"},{\"@type\":\"ListItem\",\"position\":2,\"name\":\"Contrata\u00e7\u00e3o de Cu\u00e9llar, competi\u00e7\u00f5es internacionais e novas mudan\u00e7as: as \u00faltimas not\u00edcias do Flamengo\"}]},{\"@type\":\"WebSite\",\"@id\":\"https:\/\/www.gaveanews.com\/#website\",\"url\":\"https:\/\/www.gaveanews.com\/\",\"name\":\"G\u00e1vea News\",\"description\":\"Veja todas as not\u00edcias sobre o Flamengo: Contrata\u00e7\u00f5es, categorias de base, resultados das partidas, tabela de classifica\u00e7\u00e3o, pr\u00f3ximos jogos!\",\"potentialAction\":[{\"@type\":\"SearchAction\",\"target\":{\"@type\":\"EntryPoint\",\"urlTemplate\":\"https:\/\/www.gaveanews.com\/?s={search_term_string}\"},\"query-input\":{\"@type\":\"PropertyValueSpecification\",\"valueRequired\":true,\"valueName\":\"search_term_string\"}}],\"inLanguage\":\"pt-BR\"},{\"@type\":\"Person\",\"@id\":\"https:\/\/www.gaveanews.com\/#\/schema\/person\/8207cd4627f56151707418bfc835b2fb\",\"name\":\"Matheus Felipe\",\"image\":{\"@type\":\"ImageObject\",\"inLanguage\":\"pt-BR\",\"@id\":\"https:\/\/www.gaveanews.com\/#\/schema\/person\/image\/\",\"url\":\"https:\/\/secure.gravatar.com\/avatar\/a452ffbed9130f726358b298bb3a99ce4bd3c5338411f8440e87e14d74c7c087?s=96&d=mm&r=g\",\"contentUrl\":\"https:\/\/secure.gravatar.com\/avatar\/a452ffbed9130f726358b298bb3a99ce4bd3c5338411f8440e87e14d74c7c087?s=96&d=mm&r=g\",\"caption\":\"Matheus Felipe\"}}]}<\/script>\n<!-- \/ Yoast SEO Premium plugin. -->","yoast_head_json":{"title":"Contrata\u00e7\u00e3o de Cu\u00e9llar, competi\u00e7\u00f5es internacionais e novas mudan\u00e7as: as \u00faltimas not\u00edcias do Flamengo","robots":{"index":"index","follow":"follow","max-snippet":"max-snippet:-1","max-image-preview":"max-image-preview:large","max-video-preview":"max-video-preview:-1"},"canonical":"https:\/\/www.gaveanews.com\/index.php\/2025\/01\/10\/contratacao-de-cuellar-competicoes-internacionais-e-novas-mudancas-as-ultimas-noticias-do-flamengo\/","og_locale":"pt_BR","og_type":"article","og_title":"Contrata\u00e7\u00e3o de Cu\u00e9llar, competi\u00e7\u00f5es internacionais e novas mudan\u00e7as: as \u00faltimas not\u00edcias do Flamengo","og_description":"Nas \u00faltimas horas, o foco das not\u00edcias sobre o Flamengo se concentram nos bastidores do clube, com destaques do dia a dia do time. Por conta deste contexto, leia abaixo um resumo preparado pela equipe do portal G\u00e1vea News para lhe manter muito bem informado! Novas mudan\u00e7as O Flamengo inicia uma nova fase sob a [&hellip;]","og_url":"https:\/\/www.gaveanews.com\/index.php\/2025\/01\/10\/contratacao-de-cuellar-competicoes-internacionais-e-novas-mudancas-as-ultimas-noticias-do-flamengo\/","og_site_name":"G\u00e1vea News","article_publisher":"https:\/\/facebook.com\/gaveaNews\/","article_published_time":"2025-01-10T10:00:00+00:00","og_image":[{"width":483,"height":322,"url":"https:\/\/www.gaveanews.com\/wp-content\/uploads\/camisa-flamengo.webp","type":"image\/webp"}],"author":"Matheus Felipe","twitter_card":"summary_large_image","twitter_misc":{"Escrito por":"Matheus Felipe","Est. tempo de leitura":"5 minutos"},"schema":{"@context":"https:\/\/schema.org","@graph":[{"@type":"NewsArticle","@id":"https:\/\/www.gaveanews.com\/index.php\/2025\/01\/10\/contratacao-de-cuellar-competicoes-internacionais-e-novas-mudancas-as-ultimas-noticias-do-flamengo\/#article","isPartOf":{"@id":"https:\/\/www.gaveanews.com\/index.php\/2025\/01\/10\/contratacao-de-cuellar-competicoes-internacionais-e-novas-mudancas-as-ultimas-noticias-do-flamengo\/"},"author":{"name":"Matheus Felipe","@id":"https:\/\/www.gaveanews.com\/#\/schema\/person\/8207cd4627f56151707418bfc835b2fb"},"headline":"Contrata\u00e7\u00e3o de Cu\u00e9llar, competi\u00e7\u00f5es internacionais e novas mudan\u00e7as: as \u00faltimas not\u00edcias do Flamengo","datePublished":"2025-01-10T10:00:00+00:00","mainEntityOfPage":{"@id":"https:\/\/www.gaveanews.com\/index.php\/2025\/01\/10\/contratacao-de-cuellar-competicoes-internacionais-e-novas-mudancas-as-ultimas-noticias-do-flamengo\/"},"wordCount":788,"commentCount":0,"image":{"@id":"https:\/\/www.gaveanews.com\/index.php\/2025\/01\/10\/contratacao-de-cuellar-competicoes-internacionais-e-novas-mudancas-as-ultimas-noticias-do-flamengo\/#primaryimage"},"thumbnailUrl":"https:\/\/www.gaveanews.com\/wp-content\/uploads\/camisa-flamengo.webp","articleSection":["Flamengo"],"inLanguage":"pt-BR","potentialAction":[{"@type":"CommentAction","name":"Comment","target":["https:\/\/www.gaveanews.com\/index.php\/2025\/01\/10\/contratacao-de-cuellar-competicoes-internacionais-e-novas-mudancas-as-ultimas-noticias-do-flamengo\/#respond"]}],"copyrightYear":"2025","copyrightHolder":{"@id":"https:\/\/www.gaveanews.com\/#organization"}},{"@type":"WebPage","@id":"https:\/\/www.gaveanews.com\/index.php\/2025\/01\/10\/contratacao-de-cuellar-competicoes-internacionais-e-novas-mudancas-as-ultimas-noticias-do-flamengo\/","url":"https:\/\/www.gaveanews.com\/index.php\/2025\/01\/10\/contratacao-de-cuellar-competicoes-internacionais-e-novas-mudancas-as-ultimas-noticias-do-flamengo\/","name":"Contrata\u00e7\u00e3o de Cu\u00e9llar, competi\u00e7\u00f5es internacionais e novas mudan\u00e7as: as \u00faltimas not\u00edcias do Flamengo","isPartOf":{"@id":"https:\/\/www.gaveanews.com\/#website"},"primaryImageOfPage":{"@id":"https:\/\/www.gaveanews.com\/index.php\/2025\/01\/10\/contratacao-de-cuellar-competicoes-internacionais-e-novas-mudancas-as-ultimas-noticias-do-flamengo\/#primaryimage"},"image":{"@id":"https:\/\/www.gaveanews.com\/index.php\/2025\/01\/10\/contratacao-de-cuellar-competicoes-internacionais-e-novas-mudancas-as-ultimas-noticias-do-flamengo\/#primaryimage"},"thumbnailUrl":"https:\/\/www.gaveanews.com\/wp-content\/uploads\/camisa-flamengo.webp","datePublished":"2025-01-10T10:00:00+00:00","author":{"@id":"https:\/\/www.gaveanews.com\/#\/schema\/person\/8207cd4627f56151707418bfc835b2fb"},"breadcrumb":{"@id":"https:\/\/www.gaveanews.com\/index.php\/2025\/01\/10\/contratacao-de-cuellar-competicoes-internacionais-e-novas-mudancas-as-ultimas-noticias-do-flamengo\/#breadcrumb"},"inLanguage":"pt-BR","potentialAction":[{"@type":"ReadAction","target":["https:\/\/www.gaveanews.com\/index.php\/2025\/01\/10\/contratacao-de-cuellar-competicoes-internacionais-e-novas-mudancas-as-ultimas-noticias-do-flamengo\/"]}]},{"@type":"ImageObject","inLanguage":"pt-BR","@id":"https:\/\/www.gaveanews.com\/index.php\/2025\/01\/10\/contratacao-de-cuellar-competicoes-internacionais-e-novas-mudancas-as-ultimas-noticias-do-flamengo\/#primaryimage","url":"https:\/\/www.gaveanews.com\/wp-content\/uploads\/camisa-flamengo.webp","contentUrl":"https:\/\/www.gaveanews.com\/wp-content\/uploads\/camisa-flamengo.webp","width":483,"height":322,"caption":"Escudo do Flamengo (Foto: Reprodu\u00e7\u00e3o)"},{"@type":"BreadcrumbList","@id":"https:\/\/www.gaveanews.com\/index.php\/2025\/01\/10\/contratacao-de-cuellar-competicoes-internacionais-e-novas-mudancas-as-ultimas-noticias-do-flamengo\/#breadcrumb","itemListElement":[{"@type":"ListItem","position":1,"name":"Home","item":"https:\/\/www.gaveanews.com\/"},{"@type":"ListItem","position":2,"name":"Contrata\u00e7\u00e3o de Cu\u00e9llar, competi\u00e7\u00f5es internacionais e novas mudan\u00e7as: as \u00faltimas not\u00edcias do Flamengo"}]},{"@type":"WebSite","@id":"https:\/\/www.gaveanews.com\/#website","url":"https:\/\/www.gaveanews.com\/","name":"G\u00e1vea News","description":"Veja todas as not\u00edcias sobre o Flamengo: Contrata\u00e7\u00f5es, categorias de base, resultados das partidas, tabela de classifica\u00e7\u00e3o, pr\u00f3ximos jogos!","potentialAction":[{"@type":"SearchAction","target":{"@type":"EntryPoint","urlTemplate":"https:\/\/www.gaveanews.com\/?s={search_term_string}"},"query-input":{"@type":"PropertyValueSpecification","valueRequired":true,"valueName":"search_term_string"}}],"inLanguage":"pt-BR"},{"@type":"Person","@id":"https:\/\/www.gaveanews.com\/#\/schema\/person\/8207cd4627f56151707418bfc835b2fb","name":"Matheus Felipe","image":{"@type":"ImageObject","inLanguage":"pt-BR","@id":"https:\/\/www.gaveanews.com\/#\/schema\/person\/image\/","url":"https:\/\/secure.gravatar.com\/avatar\/a452ffbed9130f726358b298bb3a99ce4bd3c5338411f8440e87e14d74c7c087?s=96&d=mm&r=g","contentUrl":"https:\/\/secure.gravatar.com\/avatar\/a452ffbed9130f726358b298bb3a99ce4bd3c5338411f8440e87e14d74c7c087?s=96&d=mm&r=g","caption":"Matheus Felipe"}}]}},"_links":{"self":[{"href":"https:\/\/www.gaveanews.com\/index.php\/wp-json\/wp\/v2\/posts\/210580","targetHints":{"allow":["GET"]}}],"collection":[{"href":"https:\/\/www.gaveanews.com\/index.php\/wp-json\/wp\/v2\/posts"}],"about":[{"href":"https:\/\/www.gaveanews.com\/index.php\/wp-json\/wp\/v2\/types\/post"}],"author":[{"embeddable":true,"href":"https:\/\/www.gaveanews.com\/index.php\/wp-json\/wp\/v2\/users\/27"}],"replies":[{"embeddable":true,"href":"https:\/\/www.gaveanews.com\/index.php\/wp-json\/wp\/v2\/comments?post=210580"}],"version-history":[{"count":1,"href":"https:\/\/www.gaveanews.com\/index.php\/wp-json\/wp\/v2\/posts\/210580\/revisions"}],"predecessor-version":[{"id":210620,"href":"https:\/\/www.gaveanews.com\/index.php\/wp-json\/wp\/v2\/posts\/210580\/revisions\/210620"}],"wp:featuredmedia":[{"embeddable":true,"href":"https:\/\/www.gaveanews.com\/index.php\/wp-json\/wp\/v2\/media\/127354"}],"wp:attachment":[{"href":"https:\/\/www.gaveanews.com\/index.php\/wp-json\/wp\/v2\/media?parent=210580"}],"wp:term":[{"taxonomy":"category","embeddable":true,"href":"https:\/\/www.gaveanews.com\/index.php\/wp-json\/wp\/v2\/categories?post=210580"},{"taxonomy":"post_tag","embeddable":true,"href":"https:\/\/www.gaveanews.com\/index.php\/wp-json\/wp\/v2\/tags?post=210580"}],"curies":[{"name":"wp","href":"https:\/\/api.w.org\/{rel}","templated":true}]}}