{"id":210584,"date":"2025-01-10T03:45:00","date_gmt":"2025-01-10T06:45:00","guid":{"rendered":"https:\/\/www.gaveanews.com\/?p=210584"},"modified":"2025-01-10T01:14:11","modified_gmt":"2025-01-10T04:14:11","slug":"botafogo-pv-vasconcellos-questiona-atitude-da-diretoria","status":"publish","type":"post","link":"https:\/\/www.gaveanews.com\/index.php\/2025\/01\/10\/botafogo-pv-vasconcellos-questiona-atitude-da-diretoria\/","title":{"rendered":"Botafogo: PV Vasconcellos questiona atitude da diretoria"},"content":{"rendered":"\n<p>O comentarista do Sele\u00e7\u00e3o SporTV, Paulo Cesar Vasconcellos, manifestou surpresa diante da possibilidade de o time do Botafogo n\u00e3o se reapresentar no dia 14 de janeiro, caso as premia\u00e7\u00f5es da Libertadores e do Campeonato Brasileiro n\u00e3o sejam pagas, assim como outras pend\u00eancias at\u00e9 o dia 13. Ele destacou que essa situa\u00e7\u00e3o n\u00e3o \u00e9 comum no cen\u00e1rio do futebol brasileiro.<\/p>\n\n\n\n<ul class=\"wp-block-list\">\n<li><a href=\"https:\/\/www.gaveanews.com\/index.php\/2025\/01\/09\/publicacao-de-thiago-almada-agita-torcedores-do-botafogo\/\">Publica\u00e7\u00e3o de Thiago Almada agita torcedores do Botafogo<\/a><\/li>\n\n\n\n<li><a href=\"https:\/\/www.gaveanews.com\/index.php\/2025\/01\/09\/botafogo-emite-nota-oficial-apos-polemica\/\">Botafogo emite nota oficial ap\u00f3s pol\u00eamica<\/a><\/li>\n<\/ul>\n\n\n\n<p>&#8220;Jogador fazer greve, jogador n\u00e3o se apresentar, esse coletivo de jogadores \u00e0s vezes pode ser o desejo do agente do jogador, pode ser o agente do jogador botando tudo na mesa e dizendo que n\u00e3o vai rolar. Mas n\u00e3o \u00e9 da tradi\u00e7\u00e3o do futebol brasileiro. Isso que eu estou dizendo&#8221;.<\/p>\n\n\n\n<p>&#8220;N\u00e3o estou dizendo que n\u00e3o vai acontecer, e pelo amor de Deus, eu n\u00e3o estou nem um pouco desconfiando do notici\u00e1rio, porque a Joanna de Assis, a quem eu parabenizo por ser a primeira a dar a quest\u00e3o envolvendo o pagamento das premia\u00e7\u00f5es, \u00e9 uma rep\u00f3rter e uma jornalista competent\u00edssima, t\u00e3o competente quanto s\u00e9ria. Eu estou dizendo que n\u00e3o me lembro de movimentos assim, ainda mais num clube que rec\u00e9m ganhou uma Libertadores, um Campeonato Brasileiro, explicou&#8221;.<\/p>\n\n\n\n<figure class=\"wp-block-image size-large\"><img loading=\"lazy\" decoding=\"async\" width=\"1024\" height=\"683\" src=\"https:\/\/www.gaveanews.com\/wp-content\/uploads\/Escudo-do-Botafogo-1024x683.webp\" alt=\"\" class=\"wp-image-156132\" srcset=\"https:\/\/www.gaveanews.com\/wp-content\/uploads\/Escudo-do-Botafogo-1024x683.webp 1024w, https:\/\/www.gaveanews.com\/wp-content\/uploads\/Escudo-do-Botafogo-300x200.webp 300w, https:\/\/www.gaveanews.com\/wp-content\/uploads\/Escudo-do-Botafogo-768x512.webp 768w, https:\/\/www.gaveanews.com\/wp-content\/uploads\/Escudo-do-Botafogo-630x420.webp 630w, https:\/\/www.gaveanews.com\/wp-content\/uploads\/Escudo-do-Botafogo-640x427.webp 640w, https:\/\/www.gaveanews.com\/wp-content\/uploads\/Escudo-do-Botafogo-681x454.webp 681w, https:\/\/www.gaveanews.com\/wp-content\/uploads\/Escudo-do-Botafogo-100x67.webp 100w, https:\/\/www.gaveanews.com\/wp-content\/uploads\/Escudo-do-Botafogo.webp 1053w\" sizes=\"auto, (max-width: 1024px) 100vw, 1024px\" \/><figcaption class=\"wp-element-caption\">Escudo do Botafogo (Foto: Reprodu\u00e7\u00e3o\/Botafogo)<\/figcaption><\/figure>\n\n\n\n<p>&#8220;Se isso envolve um Botafogo l\u00e1 de tr\u00e1s, que n\u00e3o pagava a pens\u00e3o da dona Marlene, eu at\u00e9 acho que isso poderia acontecer. Mas aquele Botafogo n\u00e3o existe mais. \u00c9 um outro Botafogo que est\u00e1 fazendo movimenta\u00e7\u00f5es no mercado. N\u00e3o estou aqui desconfiando da informa\u00e7\u00e3o&#8221;.<\/p>\n\n\n\n<p>&#8220;Estou dizendo que n\u00e3o faz parte do comportamento do jogador brasileiro ter esse tipo de manifesta\u00e7\u00e3o. Se tiver, ser\u00e1 uma sinaliza\u00e7\u00e3o de mudan\u00e7a por parte dos jogadores brasileiros, especialmente num clube vitorioso, apontou&#8221;.<\/p>\n\n\n\n<p>O Botafogo, por sua vez, afirmou que o \u00fanico atraso est\u00e1 relacionado \u00e0s premia\u00e7\u00f5es, decorrente de quest\u00f5es de fluxo de caixa, uma vez que recebeu valores em 27 de dezembro. O clube assegura que tudo ser\u00e1 regularizado at\u00e9 o dia 17 de janeiro.<\/p>\n","protected":false},"excerpt":{"rendered":"<p>O comentarista do Sele\u00e7\u00e3o SporTV, Paulo Cesar Vasconcellos, manifestou surpresa diante da possibilidade de o time do Botafogo n\u00e3o se reapresentar no dia 14 de janeiro, caso as premia\u00e7\u00f5es da Libertadores e do Campeonato Brasileiro n\u00e3o sejam pagas, assim como outras pend\u00eancias at\u00e9 o dia 13. Ele destacou que essa situa\u00e7\u00e3o n\u00e3o \u00e9 comum no [&hellip;]<\/p>\n","protected":false},"author":16,"featured_media":182060,"comment_status":"open","ping_status":"closed","sticky":false,"template":"","format":"standard","meta":{"footnotes":""},"categories":[138],"tags":[],"class_list":["post-210584","post","type-post","status-publish","format-standard","has-post-thumbnail","hentry","category-botafogo"],"yoast_head":"<!-- This site is optimized with the Yoast SEO Premium plugin v24.2 (Yoast SEO v26.9) - https:\/\/yoast.com\/product\/yoast-seo-premium-wordpress\/ -->\n<title>Botafogo: PV Vasconcellos questiona atitude da diretoria<\/title>\n<meta name=\"robots\" content=\"index, follow, max-snippet:-1, max-image-preview:large, max-video-preview:-1\" \/>\n<link rel=\"canonical\" href=\"https:\/\/www.gaveanews.com\/index.php\/2025\/01\/10\/botafogo-pv-vasconcellos-questiona-atitude-da-diretoria\/\" \/>\n<meta property=\"og:locale\" content=\"pt_BR\" \/>\n<meta property=\"og:type\" content=\"article\" \/>\n<meta property=\"og:title\" content=\"Botafogo: PV Vasconcellos questiona atitude da diretoria\" \/>\n<meta property=\"og:description\" content=\"O comentarista do Sele\u00e7\u00e3o SporTV, Paulo Cesar Vasconcellos, manifestou surpresa diante da possibilidade de o time do Botafogo n\u00e3o se reapresentar no dia 14 de janeiro, caso as premia\u00e7\u00f5es da Libertadores e do Campeonato Brasileiro n\u00e3o sejam pagas, assim como outras pend\u00eancias at\u00e9 o dia 13. Ele destacou que essa situa\u00e7\u00e3o n\u00e3o \u00e9 comum no [&hellip;]\" \/>\n<meta property=\"og:url\" content=\"https:\/\/www.gaveanews.com\/index.php\/2025\/01\/10\/botafogo-pv-vasconcellos-questiona-atitude-da-diretoria\/\" \/>\n<meta property=\"og:site_name\" content=\"G\u00e1vea News\" \/>\n<meta property=\"article:publisher\" content=\"https:\/\/facebook.com\/gaveaNews\/\" \/>\n<meta property=\"article:published_time\" content=\"2025-01-10T06:45:00+00:00\" \/>\n<meta property=\"og:image\" content=\"https:\/\/www.gaveanews.com\/wp-content\/uploads\/Escudo-do-Botafogo-1.webp\" \/>\n\t<meta property=\"og:image:width\" content=\"787\" \/>\n\t<meta property=\"og:image:height\" content=\"525\" \/>\n\t<meta property=\"og:image:type\" content=\"image\/webp\" \/>\n<meta name=\"author\" content=\"D\u00e9bora Figueiredo\" \/>\n<meta name=\"twitter:card\" content=\"summary_large_image\" \/>\n<meta name=\"twitter:label1\" content=\"Escrito por\" \/>\n\t<meta name=\"twitter:data1\" content=\"D\u00e9bora Figueiredo\" \/>\n\t<meta name=\"twitter:label2\" content=\"Est. tempo de leitura\" \/>\n\t<meta name=\"twitter:data2\" content=\"3 minutos\" \/>\n<script type=\"application\/ld+json\" class=\"yoast-schema-graph\">{\"@context\":\"https:\/\/schema.org\",\"@graph\":[{\"@type\":\"NewsArticle\",\"@id\":\"https:\/\/www.gaveanews.com\/index.php\/2025\/01\/10\/botafogo-pv-vasconcellos-questiona-atitude-da-diretoria\/#article\",\"isPartOf\":{\"@id\":\"https:\/\/www.gaveanews.com\/index.php\/2025\/01\/10\/botafogo-pv-vasconcellos-questiona-atitude-da-diretoria\/\"},\"author\":{\"name\":\"D\u00e9bora Figueiredo\",\"@id\":\"https:\/\/www.gaveanews.com\/#\/schema\/person\/37122681a8575a5c8db05a56f099a5e4\"},\"headline\":\"Botafogo: PV Vasconcellos questiona atitude da diretoria\",\"datePublished\":\"2025-01-10T06:45:00+00:00\",\"mainEntityOfPage\":{\"@id\":\"https:\/\/www.gaveanews.com\/index.php\/2025\/01\/10\/botafogo-pv-vasconcellos-questiona-atitude-da-diretoria\/\"},\"wordCount\":367,\"commentCount\":0,\"image\":{\"@id\":\"https:\/\/www.gaveanews.com\/index.php\/2025\/01\/10\/botafogo-pv-vasconcellos-questiona-atitude-da-diretoria\/#primaryimage\"},\"thumbnailUrl\":\"https:\/\/www.gaveanews.com\/wp-content\/uploads\/Escudo-do-Botafogo-1.webp\",\"articleSection\":[\"Botafogo\"],\"inLanguage\":\"pt-BR\",\"potentialAction\":[{\"@type\":\"CommentAction\",\"name\":\"Comment\",\"target\":[\"https:\/\/www.gaveanews.com\/index.php\/2025\/01\/10\/botafogo-pv-vasconcellos-questiona-atitude-da-diretoria\/#respond\"]}],\"copyrightYear\":\"2025\",\"copyrightHolder\":{\"@id\":\"https:\/\/www.gaveanews.com\/#organization\"}},{\"@type\":\"WebPage\",\"@id\":\"https:\/\/www.gaveanews.com\/index.php\/2025\/01\/10\/botafogo-pv-vasconcellos-questiona-atitude-da-diretoria\/\",\"url\":\"https:\/\/www.gaveanews.com\/index.php\/2025\/01\/10\/botafogo-pv-vasconcellos-questiona-atitude-da-diretoria\/\",\"name\":\"Botafogo: PV Vasconcellos questiona atitude da diretoria\",\"isPartOf\":{\"@id\":\"https:\/\/www.gaveanews.com\/#website\"},\"primaryImageOfPage\":{\"@id\":\"https:\/\/www.gaveanews.com\/index.php\/2025\/01\/10\/botafogo-pv-vasconcellos-questiona-atitude-da-diretoria\/#primaryimage\"},\"image\":{\"@id\":\"https:\/\/www.gaveanews.com\/index.php\/2025\/01\/10\/botafogo-pv-vasconcellos-questiona-atitude-da-diretoria\/#primaryimage\"},\"thumbnailUrl\":\"https:\/\/www.gaveanews.com\/wp-content\/uploads\/Escudo-do-Botafogo-1.webp\",\"datePublished\":\"2025-01-10T06:45:00+00:00\",\"author\":{\"@id\":\"https:\/\/www.gaveanews.com\/#\/schema\/person\/37122681a8575a5c8db05a56f099a5e4\"},\"breadcrumb\":{\"@id\":\"https:\/\/www.gaveanews.com\/index.php\/2025\/01\/10\/botafogo-pv-vasconcellos-questiona-atitude-da-diretoria\/#breadcrumb\"},\"inLanguage\":\"pt-BR\",\"potentialAction\":[{\"@type\":\"ReadAction\",\"target\":[\"https:\/\/www.gaveanews.com\/index.php\/2025\/01\/10\/botafogo-pv-vasconcellos-questiona-atitude-da-diretoria\/\"]}]},{\"@type\":\"ImageObject\",\"inLanguage\":\"pt-BR\",\"@id\":\"https:\/\/www.gaveanews.com\/index.php\/2025\/01\/10\/botafogo-pv-vasconcellos-questiona-atitude-da-diretoria\/#primaryimage\",\"url\":\"https:\/\/www.gaveanews.com\/wp-content\/uploads\/Escudo-do-Botafogo-1.webp\",\"contentUrl\":\"https:\/\/www.gaveanews.com\/wp-content\/uploads\/Escudo-do-Botafogo-1.webp\",\"width\":787,\"height\":525,\"caption\":\"Escudo do Botafogo (Foto: Reprodu\u00e7\u00e3o\/Botafogo)\"},{\"@type\":\"BreadcrumbList\",\"@id\":\"https:\/\/www.gaveanews.com\/index.php\/2025\/01\/10\/botafogo-pv-vasconcellos-questiona-atitude-da-diretoria\/#breadcrumb\",\"itemListElement\":[{\"@type\":\"ListItem\",\"position\":1,\"name\":\"Home\",\"item\":\"https:\/\/www.gaveanews.com\/\"},{\"@type\":\"ListItem\",\"position\":2,\"name\":\"Botafogo: PV Vasconcellos questiona atitude da diretoria\"}]},{\"@type\":\"WebSite\",\"@id\":\"https:\/\/www.gaveanews.com\/#website\",\"url\":\"https:\/\/www.gaveanews.com\/\",\"name\":\"G\u00e1vea News\",\"description\":\"Veja todas as not\u00edcias sobre o Flamengo: Contrata\u00e7\u00f5es, categorias de base, resultados das partidas, tabela de classifica\u00e7\u00e3o, pr\u00f3ximos jogos!\",\"potentialAction\":[{\"@type\":\"SearchAction\",\"target\":{\"@type\":\"EntryPoint\",\"urlTemplate\":\"https:\/\/www.gaveanews.com\/?s={search_term_string}\"},\"query-input\":{\"@type\":\"PropertyValueSpecification\",\"valueRequired\":true,\"valueName\":\"search_term_string\"}}],\"inLanguage\":\"pt-BR\"},{\"@type\":\"Person\",\"@id\":\"https:\/\/www.gaveanews.com\/#\/schema\/person\/37122681a8575a5c8db05a56f099a5e4\",\"name\":\"D\u00e9bora Figueiredo\",\"image\":{\"@type\":\"ImageObject\",\"inLanguage\":\"pt-BR\",\"@id\":\"https:\/\/www.gaveanews.com\/#\/schema\/person\/image\/\",\"url\":\"https:\/\/secure.gravatar.com\/avatar\/1f44802859351588499d26f52aed1d15796ce17e67602895b72837c08018868d?s=96&d=mm&r=g\",\"contentUrl\":\"https:\/\/secure.gravatar.com\/avatar\/1f44802859351588499d26f52aed1d15796ce17e67602895b72837c08018868d?s=96&d=mm&r=g\",\"caption\":\"D\u00e9bora Figueiredo\"}}]}<\/script>\n<!-- \/ Yoast SEO Premium plugin. -->","yoast_head_json":{"title":"Botafogo: PV Vasconcellos questiona atitude da diretoria","robots":{"index":"index","follow":"follow","max-snippet":"max-snippet:-1","max-image-preview":"max-image-preview:large","max-video-preview":"max-video-preview:-1"},"canonical":"https:\/\/www.gaveanews.com\/index.php\/2025\/01\/10\/botafogo-pv-vasconcellos-questiona-atitude-da-diretoria\/","og_locale":"pt_BR","og_type":"article","og_title":"Botafogo: PV Vasconcellos questiona atitude da diretoria","og_description":"O comentarista do Sele\u00e7\u00e3o SporTV, Paulo Cesar Vasconcellos, manifestou surpresa diante da possibilidade de o time do Botafogo n\u00e3o se reapresentar no dia 14 de janeiro, caso as premia\u00e7\u00f5es da Libertadores e do Campeonato Brasileiro n\u00e3o sejam pagas, assim como outras pend\u00eancias at\u00e9 o dia 13. Ele destacou que essa situa\u00e7\u00e3o n\u00e3o \u00e9 comum no [&hellip;]","og_url":"https:\/\/www.gaveanews.com\/index.php\/2025\/01\/10\/botafogo-pv-vasconcellos-questiona-atitude-da-diretoria\/","og_site_name":"G\u00e1vea News","article_publisher":"https:\/\/facebook.com\/gaveaNews\/","article_published_time":"2025-01-10T06:45:00+00:00","og_image":[{"width":787,"height":525,"url":"https:\/\/www.gaveanews.com\/wp-content\/uploads\/Escudo-do-Botafogo-1.webp","type":"image\/webp"}],"author":"D\u00e9bora Figueiredo","twitter_card":"summary_large_image","twitter_misc":{"Escrito por":"D\u00e9bora Figueiredo","Est. tempo de leitura":"3 minutos"},"schema":{"@context":"https:\/\/schema.org","@graph":[{"@type":"NewsArticle","@id":"https:\/\/www.gaveanews.com\/index.php\/2025\/01\/10\/botafogo-pv-vasconcellos-questiona-atitude-da-diretoria\/#article","isPartOf":{"@id":"https:\/\/www.gaveanews.com\/index.php\/2025\/01\/10\/botafogo-pv-vasconcellos-questiona-atitude-da-diretoria\/"},"author":{"name":"D\u00e9bora Figueiredo","@id":"https:\/\/www.gaveanews.com\/#\/schema\/person\/37122681a8575a5c8db05a56f099a5e4"},"headline":"Botafogo: PV Vasconcellos questiona atitude da diretoria","datePublished":"2025-01-10T06:45:00+00:00","mainEntityOfPage":{"@id":"https:\/\/www.gaveanews.com\/index.php\/2025\/01\/10\/botafogo-pv-vasconcellos-questiona-atitude-da-diretoria\/"},"wordCount":367,"commentCount":0,"image":{"@id":"https:\/\/www.gaveanews.com\/index.php\/2025\/01\/10\/botafogo-pv-vasconcellos-questiona-atitude-da-diretoria\/#primaryimage"},"thumbnailUrl":"https:\/\/www.gaveanews.com\/wp-content\/uploads\/Escudo-do-Botafogo-1.webp","articleSection":["Botafogo"],"inLanguage":"pt-BR","potentialAction":[{"@type":"CommentAction","name":"Comment","target":["https:\/\/www.gaveanews.com\/index.php\/2025\/01\/10\/botafogo-pv-vasconcellos-questiona-atitude-da-diretoria\/#respond"]}],"copyrightYear":"2025","copyrightHolder":{"@id":"https:\/\/www.gaveanews.com\/#organization"}},{"@type":"WebPage","@id":"https:\/\/www.gaveanews.com\/index.php\/2025\/01\/10\/botafogo-pv-vasconcellos-questiona-atitude-da-diretoria\/","url":"https:\/\/www.gaveanews.com\/index.php\/2025\/01\/10\/botafogo-pv-vasconcellos-questiona-atitude-da-diretoria\/","name":"Botafogo: PV Vasconcellos questiona atitude da diretoria","isPartOf":{"@id":"https:\/\/www.gaveanews.com\/#website"},"primaryImageOfPage":{"@id":"https:\/\/www.gaveanews.com\/index.php\/2025\/01\/10\/botafogo-pv-vasconcellos-questiona-atitude-da-diretoria\/#primaryimage"},"image":{"@id":"https:\/\/www.gaveanews.com\/index.php\/2025\/01\/10\/botafogo-pv-vasconcellos-questiona-atitude-da-diretoria\/#primaryimage"},"thumbnailUrl":"https:\/\/www.gaveanews.com\/wp-content\/uploads\/Escudo-do-Botafogo-1.webp","datePublished":"2025-01-10T06:45:00+00:00","author":{"@id":"https:\/\/www.gaveanews.com\/#\/schema\/person\/37122681a8575a5c8db05a56f099a5e4"},"breadcrumb":{"@id":"https:\/\/www.gaveanews.com\/index.php\/2025\/01\/10\/botafogo-pv-vasconcellos-questiona-atitude-da-diretoria\/#breadcrumb"},"inLanguage":"pt-BR","potentialAction":[{"@type":"ReadAction","target":["https:\/\/www.gaveanews.com\/index.php\/2025\/01\/10\/botafogo-pv-vasconcellos-questiona-atitude-da-diretoria\/"]}]},{"@type":"ImageObject","inLanguage":"pt-BR","@id":"https:\/\/www.gaveanews.com\/index.php\/2025\/01\/10\/botafogo-pv-vasconcellos-questiona-atitude-da-diretoria\/#primaryimage","url":"https:\/\/www.gaveanews.com\/wp-content\/uploads\/Escudo-do-Botafogo-1.webp","contentUrl":"https:\/\/www.gaveanews.com\/wp-content\/uploads\/Escudo-do-Botafogo-1.webp","width":787,"height":525,"caption":"Escudo do Botafogo (Foto: Reprodu\u00e7\u00e3o\/Botafogo)"},{"@type":"BreadcrumbList","@id":"https:\/\/www.gaveanews.com\/index.php\/2025\/01\/10\/botafogo-pv-vasconcellos-questiona-atitude-da-diretoria\/#breadcrumb","itemListElement":[{"@type":"ListItem","position":1,"name":"Home","item":"https:\/\/www.gaveanews.com\/"},{"@type":"ListItem","position":2,"name":"Botafogo: PV Vasconcellos questiona atitude da diretoria"}]},{"@type":"WebSite","@id":"https:\/\/www.gaveanews.com\/#website","url":"https:\/\/www.gaveanews.com\/","name":"G\u00e1vea News","description":"Veja todas as not\u00edcias sobre o Flamengo: Contrata\u00e7\u00f5es, categorias de base, resultados das partidas, tabela de classifica\u00e7\u00e3o, pr\u00f3ximos jogos!","potentialAction":[{"@type":"SearchAction","target":{"@type":"EntryPoint","urlTemplate":"https:\/\/www.gaveanews.com\/?s={search_term_string}"},"query-input":{"@type":"PropertyValueSpecification","valueRequired":true,"valueName":"search_term_string"}}],"inLanguage":"pt-BR"},{"@type":"Person","@id":"https:\/\/www.gaveanews.com\/#\/schema\/person\/37122681a8575a5c8db05a56f099a5e4","name":"D\u00e9bora Figueiredo","image":{"@type":"ImageObject","inLanguage":"pt-BR","@id":"https:\/\/www.gaveanews.com\/#\/schema\/person\/image\/","url":"https:\/\/secure.gravatar.com\/avatar\/1f44802859351588499d26f52aed1d15796ce17e67602895b72837c08018868d?s=96&d=mm&r=g","contentUrl":"https:\/\/secure.gravatar.com\/avatar\/1f44802859351588499d26f52aed1d15796ce17e67602895b72837c08018868d?s=96&d=mm&r=g","caption":"D\u00e9bora Figueiredo"}}]}},"_links":{"self":[{"href":"https:\/\/www.gaveanews.com\/index.php\/wp-json\/wp\/v2\/posts\/210584","targetHints":{"allow":["GET"]}}],"collection":[{"href":"https:\/\/www.gaveanews.com\/index.php\/wp-json\/wp\/v2\/posts"}],"about":[{"href":"https:\/\/www.gaveanews.com\/index.php\/wp-json\/wp\/v2\/types\/post"}],"author":[{"embeddable":true,"href":"https:\/\/www.gaveanews.com\/index.php\/wp-json\/wp\/v2\/users\/16"}],"replies":[{"embeddable":true,"href":"https:\/\/www.gaveanews.com\/index.php\/wp-json\/wp\/v2\/comments?post=210584"}],"version-history":[{"count":2,"href":"https:\/\/www.gaveanews.com\/index.php\/wp-json\/wp\/v2\/posts\/210584\/revisions"}],"predecessor-version":[{"id":210712,"href":"https:\/\/www.gaveanews.com\/index.php\/wp-json\/wp\/v2\/posts\/210584\/revisions\/210712"}],"wp:featuredmedia":[{"embeddable":true,"href":"https:\/\/www.gaveanews.com\/index.php\/wp-json\/wp\/v2\/media\/182060"}],"wp:attachment":[{"href":"https:\/\/www.gaveanews.com\/index.php\/wp-json\/wp\/v2\/media?parent=210584"}],"wp:term":[{"taxonomy":"category","embeddable":true,"href":"https:\/\/www.gaveanews.com\/index.php\/wp-json\/wp\/v2\/categories?post=210584"},{"taxonomy":"post_tag","embeddable":true,"href":"https:\/\/www.gaveanews.com\/index.php\/wp-json\/wp\/v2\/tags?post=210584"}],"curies":[{"name":"wp","href":"https:\/\/api.w.org\/{rel}","templated":true}]}}