{"id":210631,"date":"2025-01-10T03:35:00","date_gmt":"2025-01-10T06:35:00","guid":{"rendered":"https:\/\/www.gaveanews.com\/?p=210631"},"modified":"2025-01-10T01:13:18","modified_gmt":"2025-01-10T04:13:18","slug":"flamengo-saiba-como-estao-sendo-as-atividades-de-jose-boto-e-filipe-luis","status":"publish","type":"post","link":"https:\/\/www.gaveanews.com\/index.php\/2025\/01\/10\/flamengo-saiba-como-estao-sendo-as-atividades-de-jose-boto-e-filipe-luis\/","title":{"rendered":"Flamengo: saiba como est\u00e3o sendo as atividades de Jos\u00e9 Boto e Filipe Lu\u00eds"},"content":{"rendered":"\n<p>O Flamengo finalizou a transfer\u00eancia do zagueiro Fabr\u00edcio Bruno para o Cruzeiro. O presidente do clube, Bap, comunicou a negocia\u00e7\u00e3o durante o evento de lan\u00e7amento do Campeonato Carioca, na noite desta \u00faltima quinta-feira (09). <\/p>\n\n\n\n<ul class=\"wp-block-list\">\n<li><a href=\"https:\/\/www.gaveanews.com\/index.php\/2025\/01\/09\/ele-deixou-o-flamengo-e-esta-comecando-a-se-destacar-na-europa\/\">Ele deixou o Flamengo e est\u00e1 come\u00e7ando a se destacar na Europa<\/a><\/li>\n\n\n\n<li><a href=\"https:\/\/www.gaveanews.com\/index.php\/2025\/01\/09\/ele-tem-passagens-pela-selecao-e-agora-assinou-com-o-flamengo\/\">Ele tem passagens pela Sele\u00e7\u00e3o e agora assinou com o Flamengo<\/a><\/li>\n<\/ul>\n\n\n\n<p>Nesse sentido, Bap explicou que a transfer\u00eancia ocorreu devido \u00e0 manifesta\u00e7\u00e3o do jogador em deixar o Rubro-Negro. Al\u00e9m disso, o dirigente forneceu detalhes sobre o acordo entre os clubes e abordou outros aspectos da gest\u00e3o da equipe.<\/p>\n\n\n\n<p>Ademais, o dirigente tamb\u00e9m mencionou a integra\u00e7\u00e3o entre Jos\u00e9 Boto, o novo executivo de futebol, e Filipe Lu\u00eds, que inicia sua atua\u00e7\u00e3o fora dos campos. O Flamengo retomou as atividades na \u00faltima quarta-feira e se prepara para viajar nesta sexta-feira, dando in\u00edcio \u00e0 pr\u00e9-temporada nos Estados Unidos. <\/p>\n\n\n\n<p>Conforme Bap, a intera\u00e7\u00e3o entre os profissionais tem demonstrado alinhamento e produtividade, resultado de conversas planejadas anteriormente \u00e0s elei\u00e7\u00f5es do clube. A implementa\u00e7\u00e3o do plano elaborado nos \u00faltimos meses segue em andamento, transmitindo confian\u00e7a para a diretoria e a comiss\u00e3o t\u00e9cnica. <\/p>\n\n\n\n<p>&#8220;Est\u00e1 sendo intenso. Eles (Jos\u00e9 Boto e Filipe Lu\u00eds) est\u00e3o se dando muito bem, com um alinhamento total. As conversas entre n\u00f3s aconteceram muito antes das elei\u00e7\u00f5es. Estamos colocando em pr\u00e1tica tudo aquilo que conversamos nos \u00faltimos 90, 120 dias. Est\u00e1 tudo indo muito bem, estamos muito confiantes&#8221;, declarou para a imprensa. <\/p>\n\n\n\n<figure class=\"wp-block-image size-large\"><img loading=\"lazy\" decoding=\"async\" width=\"1024\" height=\"683\" src=\"https:\/\/www.gaveanews.com\/wp-content\/uploads\/Filipe-Luis-como-tecnico-do-Flamengo-em-2024-1024x683.webp\" alt=\"\" class=\"wp-image-171213\" srcset=\"https:\/\/www.gaveanews.com\/wp-content\/uploads\/Filipe-Luis-como-tecnico-do-Flamengo-em-2024-1024x683.webp 1024w, https:\/\/www.gaveanews.com\/wp-content\/uploads\/Filipe-Luis-como-tecnico-do-Flamengo-em-2024-300x200.webp 300w, https:\/\/www.gaveanews.com\/wp-content\/uploads\/Filipe-Luis-como-tecnico-do-Flamengo-em-2024-768x512.webp 768w, https:\/\/www.gaveanews.com\/wp-content\/uploads\/Filipe-Luis-como-tecnico-do-Flamengo-em-2024-630x420.webp 630w, https:\/\/www.gaveanews.com\/wp-content\/uploads\/Filipe-Luis-como-tecnico-do-Flamengo-em-2024-640x427.webp 640w, https:\/\/www.gaveanews.com\/wp-content\/uploads\/Filipe-Luis-como-tecnico-do-Flamengo-em-2024-681x454.webp 681w, https:\/\/www.gaveanews.com\/wp-content\/uploads\/Filipe-Luis-como-tecnico-do-Flamengo-em-2024-100x67.webp 100w, https:\/\/www.gaveanews.com\/wp-content\/uploads\/Filipe-Luis-como-tecnico-do-Flamengo-em-2024.webp 1065w\" sizes=\"auto, (max-width: 1024px) 100vw, 1024px\" \/><figcaption class=\"wp-element-caption\">Filipe Lu\u00eds como t\u00e9cnico do Flamengo em 2024 (Foto: Gilvan de Souza e Marcelo Cortes \/ CRF)<\/figcaption><\/figure>\n\n\n\n<h2 class=\"wp-block-heading\" id=\"h-estrategias-para-o-carioca-e-expansao-da-presenca-do-clube\">Estrat\u00e9gias para o Carioca e expans\u00e3o da presen\u00e7a do clube<\/h2>\n\n\n\n<p>O Campeonato Carioca contar\u00e1 com a participa\u00e7\u00e3o do time sub-20 do Flamengo, enquanto o elenco principal realiza a pr\u00e9-temporada nos Estados Unidos. Os jogos da competi\u00e7\u00e3o estadual ocorrer\u00e3o no Nordeste, como parte de uma estrat\u00e9gia para expandir a presen\u00e7a do clube em diversas regi\u00f5es do pa\u00eds. <\/p>\n\n\n\n<p>Dessa maneira, Bap destacou que a viagem do elenco principal para os Estados Unidos integra um planejamento de pr\u00e9-temporada robusto. O dirigente explicou que o planejamento buscou equilibrar a log\u00edstica dos jogadores e a satisfa\u00e7\u00e3o dos torcedores.<\/p>\n\n\n\n<p>Bap tamb\u00e9m ressaltou que mais de 80% da torcida do Flamengo reside fora do estado do Rio de Janeiro. Consequentemente, o alcance nacional da marca e do time se torna fundamental. O projeto, em desenvolvimento h\u00e1 algum tempo, busca fortalecer o v\u00ednculo entre o clube e sua vasta torcida em todo o territ\u00f3rio nacional.<\/p>\n","protected":false},"excerpt":{"rendered":"<p>O Flamengo finalizou a transfer\u00eancia do zagueiro Fabr\u00edcio Bruno para o Cruzeiro. O presidente do clube, Bap, comunicou a negocia\u00e7\u00e3o durante o evento de lan\u00e7amento do Campeonato Carioca, na noite desta \u00faltima quinta-feira (09). Nesse sentido, Bap explicou que a transfer\u00eancia ocorreu devido \u00e0 manifesta\u00e7\u00e3o do jogador em deixar o Rubro-Negro. Al\u00e9m disso, o dirigente [&hellip;]<\/p>\n","protected":false},"author":28,"featured_media":205638,"comment_status":"open","ping_status":"closed","sticky":false,"template":"","format":"standard","meta":{"footnotes":""},"categories":[1],"tags":[],"class_list":["post-210631","post","type-post","status-publish","format-standard","has-post-thumbnail","hentry","category-flamengo"],"yoast_head":"<!-- This site is optimized with the Yoast SEO Premium plugin v24.2 (Yoast SEO v26.9) - https:\/\/yoast.com\/product\/yoast-seo-premium-wordpress\/ -->\n<title>Flamengo: saiba como est\u00e3o sendo as atividades de Jos\u00e9 Boto e Filipe Lu\u00eds<\/title>\n<meta name=\"robots\" content=\"index, follow, max-snippet:-1, max-image-preview:large, max-video-preview:-1\" \/>\n<link rel=\"canonical\" href=\"https:\/\/www.gaveanews.com\/index.php\/2025\/01\/10\/flamengo-saiba-como-estao-sendo-as-atividades-de-jose-boto-e-filipe-luis\/\" \/>\n<meta property=\"og:locale\" content=\"pt_BR\" \/>\n<meta property=\"og:type\" content=\"article\" \/>\n<meta property=\"og:title\" content=\"Flamengo: saiba como est\u00e3o sendo as atividades de Jos\u00e9 Boto e Filipe Lu\u00eds\" \/>\n<meta property=\"og:description\" content=\"O Flamengo finalizou a transfer\u00eancia do zagueiro Fabr\u00edcio Bruno para o Cruzeiro. O presidente do clube, Bap, comunicou a negocia\u00e7\u00e3o durante o evento de lan\u00e7amento do Campeonato Carioca, na noite desta \u00faltima quinta-feira (09). Nesse sentido, Bap explicou que a transfer\u00eancia ocorreu devido \u00e0 manifesta\u00e7\u00e3o do jogador em deixar o Rubro-Negro. Al\u00e9m disso, o dirigente [&hellip;]\" \/>\n<meta property=\"og:url\" content=\"https:\/\/www.gaveanews.com\/index.php\/2025\/01\/10\/flamengo-saiba-como-estao-sendo-as-atividades-de-jose-boto-e-filipe-luis\/\" \/>\n<meta property=\"og:site_name\" content=\"G\u00e1vea News\" \/>\n<meta property=\"article:publisher\" content=\"https:\/\/facebook.com\/gaveaNews\/\" \/>\n<meta property=\"article:published_time\" content=\"2025-01-10T06:35:00+00:00\" \/>\n<meta property=\"og:image\" content=\"https:\/\/www.gaveanews.com\/wp-content\/uploads\/Apresentacao-de-Jose-Boto-no-Flamengo-Foto_-Marcelo-Cortes_CRF.webp\" \/>\n\t<meta property=\"og:image:width\" content=\"2048\" \/>\n\t<meta property=\"og:image:height\" content=\"1362\" \/>\n\t<meta property=\"og:image:type\" content=\"image\/webp\" \/>\n<meta name=\"author\" content=\"Hudson Pereira\" \/>\n<meta name=\"twitter:card\" content=\"summary_large_image\" \/>\n<meta name=\"twitter:label1\" content=\"Escrito por\" \/>\n\t<meta name=\"twitter:data1\" content=\"Hudson Pereira\" \/>\n\t<meta name=\"twitter:label2\" content=\"Est. tempo de leitura\" \/>\n\t<meta name=\"twitter:data2\" content=\"3 minutos\" \/>\n<script type=\"application\/ld+json\" class=\"yoast-schema-graph\">{\"@context\":\"https:\/\/schema.org\",\"@graph\":[{\"@type\":\"NewsArticle\",\"@id\":\"https:\/\/www.gaveanews.com\/index.php\/2025\/01\/10\/flamengo-saiba-como-estao-sendo-as-atividades-de-jose-boto-e-filipe-luis\/#article\",\"isPartOf\":{\"@id\":\"https:\/\/www.gaveanews.com\/index.php\/2025\/01\/10\/flamengo-saiba-como-estao-sendo-as-atividades-de-jose-boto-e-filipe-luis\/\"},\"author\":{\"name\":\"Hudson Pereira\",\"@id\":\"https:\/\/www.gaveanews.com\/#\/schema\/person\/bd08f00534b403119b92741a6d469ef0\"},\"headline\":\"Flamengo: saiba como est\u00e3o sendo as atividades de Jos\u00e9 Boto e Filipe Lu\u00eds\",\"datePublished\":\"2025-01-10T06:35:00+00:00\",\"mainEntityOfPage\":{\"@id\":\"https:\/\/www.gaveanews.com\/index.php\/2025\/01\/10\/flamengo-saiba-como-estao-sendo-as-atividades-de-jose-boto-e-filipe-luis\/\"},\"wordCount\":451,\"commentCount\":0,\"image\":{\"@id\":\"https:\/\/www.gaveanews.com\/index.php\/2025\/01\/10\/flamengo-saiba-como-estao-sendo-as-atividades-de-jose-boto-e-filipe-luis\/#primaryimage\"},\"thumbnailUrl\":\"https:\/\/www.gaveanews.com\/wp-content\/uploads\/Apresentacao-de-Jose-Boto-no-Flamengo-Foto_-Marcelo-Cortes_CRF.webp\",\"articleSection\":[\"Flamengo\"],\"inLanguage\":\"pt-BR\",\"potentialAction\":[{\"@type\":\"CommentAction\",\"name\":\"Comment\",\"target\":[\"https:\/\/www.gaveanews.com\/index.php\/2025\/01\/10\/flamengo-saiba-como-estao-sendo-as-atividades-de-jose-boto-e-filipe-luis\/#respond\"]}],\"copyrightYear\":\"2025\",\"copyrightHolder\":{\"@id\":\"https:\/\/www.gaveanews.com\/#organization\"}},{\"@type\":\"WebPage\",\"@id\":\"https:\/\/www.gaveanews.com\/index.php\/2025\/01\/10\/flamengo-saiba-como-estao-sendo-as-atividades-de-jose-boto-e-filipe-luis\/\",\"url\":\"https:\/\/www.gaveanews.com\/index.php\/2025\/01\/10\/flamengo-saiba-como-estao-sendo-as-atividades-de-jose-boto-e-filipe-luis\/\",\"name\":\"Flamengo: saiba como est\u00e3o sendo as atividades de Jos\u00e9 Boto e Filipe Lu\u00eds\",\"isPartOf\":{\"@id\":\"https:\/\/www.gaveanews.com\/#website\"},\"primaryImageOfPage\":{\"@id\":\"https:\/\/www.gaveanews.com\/index.php\/2025\/01\/10\/flamengo-saiba-como-estao-sendo-as-atividades-de-jose-boto-e-filipe-luis\/#primaryimage\"},\"image\":{\"@id\":\"https:\/\/www.gaveanews.com\/index.php\/2025\/01\/10\/flamengo-saiba-como-estao-sendo-as-atividades-de-jose-boto-e-filipe-luis\/#primaryimage\"},\"thumbnailUrl\":\"https:\/\/www.gaveanews.com\/wp-content\/uploads\/Apresentacao-de-Jose-Boto-no-Flamengo-Foto_-Marcelo-Cortes_CRF.webp\",\"datePublished\":\"2025-01-10T06:35:00+00:00\",\"author\":{\"@id\":\"https:\/\/www.gaveanews.com\/#\/schema\/person\/bd08f00534b403119b92741a6d469ef0\"},\"breadcrumb\":{\"@id\":\"https:\/\/www.gaveanews.com\/index.php\/2025\/01\/10\/flamengo-saiba-como-estao-sendo-as-atividades-de-jose-boto-e-filipe-luis\/#breadcrumb\"},\"inLanguage\":\"pt-BR\",\"potentialAction\":[{\"@type\":\"ReadAction\",\"target\":[\"https:\/\/www.gaveanews.com\/index.php\/2025\/01\/10\/flamengo-saiba-como-estao-sendo-as-atividades-de-jose-boto-e-filipe-luis\/\"]}]},{\"@type\":\"ImageObject\",\"inLanguage\":\"pt-BR\",\"@id\":\"https:\/\/www.gaveanews.com\/index.php\/2025\/01\/10\/flamengo-saiba-como-estao-sendo-as-atividades-de-jose-boto-e-filipe-luis\/#primaryimage\",\"url\":\"https:\/\/www.gaveanews.com\/wp-content\/uploads\/Apresentacao-de-Jose-Boto-no-Flamengo-Foto_-Marcelo-Cortes_CRF.webp\",\"contentUrl\":\"https:\/\/www.gaveanews.com\/wp-content\/uploads\/Apresentacao-de-Jose-Boto-no-Flamengo-Foto_-Marcelo-Cortes_CRF.webp\",\"width\":2048,\"height\":1362,\"caption\":\"Entrevista coletiva de Jos\u00e9 Boto (Foto: Reprodu\u00e7\u00e3o\/FlaTV)\"},{\"@type\":\"BreadcrumbList\",\"@id\":\"https:\/\/www.gaveanews.com\/index.php\/2025\/01\/10\/flamengo-saiba-como-estao-sendo-as-atividades-de-jose-boto-e-filipe-luis\/#breadcrumb\",\"itemListElement\":[{\"@type\":\"ListItem\",\"position\":1,\"name\":\"Home\",\"item\":\"https:\/\/www.gaveanews.com\/\"},{\"@type\":\"ListItem\",\"position\":2,\"name\":\"Flamengo: saiba como est\u00e3o sendo as atividades de Jos\u00e9 Boto e Filipe Lu\u00eds\"}]},{\"@type\":\"WebSite\",\"@id\":\"https:\/\/www.gaveanews.com\/#website\",\"url\":\"https:\/\/www.gaveanews.com\/\",\"name\":\"G\u00e1vea News\",\"description\":\"Veja todas as not\u00edcias sobre o Flamengo: Contrata\u00e7\u00f5es, categorias de base, resultados das partidas, tabela de classifica\u00e7\u00e3o, pr\u00f3ximos jogos!\",\"potentialAction\":[{\"@type\":\"SearchAction\",\"target\":{\"@type\":\"EntryPoint\",\"urlTemplate\":\"https:\/\/www.gaveanews.com\/?s={search_term_string}\"},\"query-input\":{\"@type\":\"PropertyValueSpecification\",\"valueRequired\":true,\"valueName\":\"search_term_string\"}}],\"inLanguage\":\"pt-BR\"},{\"@type\":\"Person\",\"@id\":\"https:\/\/www.gaveanews.com\/#\/schema\/person\/bd08f00534b403119b92741a6d469ef0\",\"name\":\"Hudson Pereira\",\"image\":{\"@type\":\"ImageObject\",\"inLanguage\":\"pt-BR\",\"@id\":\"https:\/\/www.gaveanews.com\/#\/schema\/person\/image\/\",\"url\":\"https:\/\/secure.gravatar.com\/avatar\/ecc491b489e454e510efffc9b23c1052ce5fb4f2e05555768ba65819cd55f03e?s=96&d=mm&r=g\",\"contentUrl\":\"https:\/\/secure.gravatar.com\/avatar\/ecc491b489e454e510efffc9b23c1052ce5fb4f2e05555768ba65819cd55f03e?s=96&d=mm&r=g\",\"caption\":\"Hudson Pereira\"}}]}<\/script>\n<!-- \/ Yoast SEO Premium plugin. -->","yoast_head_json":{"title":"Flamengo: saiba como est\u00e3o sendo as atividades de Jos\u00e9 Boto e Filipe Lu\u00eds","robots":{"index":"index","follow":"follow","max-snippet":"max-snippet:-1","max-image-preview":"max-image-preview:large","max-video-preview":"max-video-preview:-1"},"canonical":"https:\/\/www.gaveanews.com\/index.php\/2025\/01\/10\/flamengo-saiba-como-estao-sendo-as-atividades-de-jose-boto-e-filipe-luis\/","og_locale":"pt_BR","og_type":"article","og_title":"Flamengo: saiba como est\u00e3o sendo as atividades de Jos\u00e9 Boto e Filipe Lu\u00eds","og_description":"O Flamengo finalizou a transfer\u00eancia do zagueiro Fabr\u00edcio Bruno para o Cruzeiro. O presidente do clube, Bap, comunicou a negocia\u00e7\u00e3o durante o evento de lan\u00e7amento do Campeonato Carioca, na noite desta \u00faltima quinta-feira (09). Nesse sentido, Bap explicou que a transfer\u00eancia ocorreu devido \u00e0 manifesta\u00e7\u00e3o do jogador em deixar o Rubro-Negro. Al\u00e9m disso, o dirigente [&hellip;]","og_url":"https:\/\/www.gaveanews.com\/index.php\/2025\/01\/10\/flamengo-saiba-como-estao-sendo-as-atividades-de-jose-boto-e-filipe-luis\/","og_site_name":"G\u00e1vea News","article_publisher":"https:\/\/facebook.com\/gaveaNews\/","article_published_time":"2025-01-10T06:35:00+00:00","og_image":[{"width":2048,"height":1362,"url":"https:\/\/www.gaveanews.com\/wp-content\/uploads\/Apresentacao-de-Jose-Boto-no-Flamengo-Foto_-Marcelo-Cortes_CRF.webp","type":"image\/webp"}],"author":"Hudson Pereira","twitter_card":"summary_large_image","twitter_misc":{"Escrito por":"Hudson Pereira","Est. tempo de leitura":"3 minutos"},"schema":{"@context":"https:\/\/schema.org","@graph":[{"@type":"NewsArticle","@id":"https:\/\/www.gaveanews.com\/index.php\/2025\/01\/10\/flamengo-saiba-como-estao-sendo-as-atividades-de-jose-boto-e-filipe-luis\/#article","isPartOf":{"@id":"https:\/\/www.gaveanews.com\/index.php\/2025\/01\/10\/flamengo-saiba-como-estao-sendo-as-atividades-de-jose-boto-e-filipe-luis\/"},"author":{"name":"Hudson Pereira","@id":"https:\/\/www.gaveanews.com\/#\/schema\/person\/bd08f00534b403119b92741a6d469ef0"},"headline":"Flamengo: saiba como est\u00e3o sendo as atividades de Jos\u00e9 Boto e Filipe Lu\u00eds","datePublished":"2025-01-10T06:35:00+00:00","mainEntityOfPage":{"@id":"https:\/\/www.gaveanews.com\/index.php\/2025\/01\/10\/flamengo-saiba-como-estao-sendo-as-atividades-de-jose-boto-e-filipe-luis\/"},"wordCount":451,"commentCount":0,"image":{"@id":"https:\/\/www.gaveanews.com\/index.php\/2025\/01\/10\/flamengo-saiba-como-estao-sendo-as-atividades-de-jose-boto-e-filipe-luis\/#primaryimage"},"thumbnailUrl":"https:\/\/www.gaveanews.com\/wp-content\/uploads\/Apresentacao-de-Jose-Boto-no-Flamengo-Foto_-Marcelo-Cortes_CRF.webp","articleSection":["Flamengo"],"inLanguage":"pt-BR","potentialAction":[{"@type":"CommentAction","name":"Comment","target":["https:\/\/www.gaveanews.com\/index.php\/2025\/01\/10\/flamengo-saiba-como-estao-sendo-as-atividades-de-jose-boto-e-filipe-luis\/#respond"]}],"copyrightYear":"2025","copyrightHolder":{"@id":"https:\/\/www.gaveanews.com\/#organization"}},{"@type":"WebPage","@id":"https:\/\/www.gaveanews.com\/index.php\/2025\/01\/10\/flamengo-saiba-como-estao-sendo-as-atividades-de-jose-boto-e-filipe-luis\/","url":"https:\/\/www.gaveanews.com\/index.php\/2025\/01\/10\/flamengo-saiba-como-estao-sendo-as-atividades-de-jose-boto-e-filipe-luis\/","name":"Flamengo: saiba como est\u00e3o sendo as atividades de Jos\u00e9 Boto e Filipe Lu\u00eds","isPartOf":{"@id":"https:\/\/www.gaveanews.com\/#website"},"primaryImageOfPage":{"@id":"https:\/\/www.gaveanews.com\/index.php\/2025\/01\/10\/flamengo-saiba-como-estao-sendo-as-atividades-de-jose-boto-e-filipe-luis\/#primaryimage"},"image":{"@id":"https:\/\/www.gaveanews.com\/index.php\/2025\/01\/10\/flamengo-saiba-como-estao-sendo-as-atividades-de-jose-boto-e-filipe-luis\/#primaryimage"},"thumbnailUrl":"https:\/\/www.gaveanews.com\/wp-content\/uploads\/Apresentacao-de-Jose-Boto-no-Flamengo-Foto_-Marcelo-Cortes_CRF.webp","datePublished":"2025-01-10T06:35:00+00:00","author":{"@id":"https:\/\/www.gaveanews.com\/#\/schema\/person\/bd08f00534b403119b92741a6d469ef0"},"breadcrumb":{"@id":"https:\/\/www.gaveanews.com\/index.php\/2025\/01\/10\/flamengo-saiba-como-estao-sendo-as-atividades-de-jose-boto-e-filipe-luis\/#breadcrumb"},"inLanguage":"pt-BR","potentialAction":[{"@type":"ReadAction","target":["https:\/\/www.gaveanews.com\/index.php\/2025\/01\/10\/flamengo-saiba-como-estao-sendo-as-atividades-de-jose-boto-e-filipe-luis\/"]}]},{"@type":"ImageObject","inLanguage":"pt-BR","@id":"https:\/\/www.gaveanews.com\/index.php\/2025\/01\/10\/flamengo-saiba-como-estao-sendo-as-atividades-de-jose-boto-e-filipe-luis\/#primaryimage","url":"https:\/\/www.gaveanews.com\/wp-content\/uploads\/Apresentacao-de-Jose-Boto-no-Flamengo-Foto_-Marcelo-Cortes_CRF.webp","contentUrl":"https:\/\/www.gaveanews.com\/wp-content\/uploads\/Apresentacao-de-Jose-Boto-no-Flamengo-Foto_-Marcelo-Cortes_CRF.webp","width":2048,"height":1362,"caption":"Entrevista coletiva de Jos\u00e9 Boto (Foto: Reprodu\u00e7\u00e3o\/FlaTV)"},{"@type":"BreadcrumbList","@id":"https:\/\/www.gaveanews.com\/index.php\/2025\/01\/10\/flamengo-saiba-como-estao-sendo-as-atividades-de-jose-boto-e-filipe-luis\/#breadcrumb","itemListElement":[{"@type":"ListItem","position":1,"name":"Home","item":"https:\/\/www.gaveanews.com\/"},{"@type":"ListItem","position":2,"name":"Flamengo: saiba como est\u00e3o sendo as atividades de Jos\u00e9 Boto e Filipe Lu\u00eds"}]},{"@type":"WebSite","@id":"https:\/\/www.gaveanews.com\/#website","url":"https:\/\/www.gaveanews.com\/","name":"G\u00e1vea News","description":"Veja todas as not\u00edcias sobre o Flamengo: Contrata\u00e7\u00f5es, categorias de base, resultados das partidas, tabela de classifica\u00e7\u00e3o, pr\u00f3ximos jogos!","potentialAction":[{"@type":"SearchAction","target":{"@type":"EntryPoint","urlTemplate":"https:\/\/www.gaveanews.com\/?s={search_term_string}"},"query-input":{"@type":"PropertyValueSpecification","valueRequired":true,"valueName":"search_term_string"}}],"inLanguage":"pt-BR"},{"@type":"Person","@id":"https:\/\/www.gaveanews.com\/#\/schema\/person\/bd08f00534b403119b92741a6d469ef0","name":"Hudson Pereira","image":{"@type":"ImageObject","inLanguage":"pt-BR","@id":"https:\/\/www.gaveanews.com\/#\/schema\/person\/image\/","url":"https:\/\/secure.gravatar.com\/avatar\/ecc491b489e454e510efffc9b23c1052ce5fb4f2e05555768ba65819cd55f03e?s=96&d=mm&r=g","contentUrl":"https:\/\/secure.gravatar.com\/avatar\/ecc491b489e454e510efffc9b23c1052ce5fb4f2e05555768ba65819cd55f03e?s=96&d=mm&r=g","caption":"Hudson Pereira"}}]}},"_links":{"self":[{"href":"https:\/\/www.gaveanews.com\/index.php\/wp-json\/wp\/v2\/posts\/210631","targetHints":{"allow":["GET"]}}],"collection":[{"href":"https:\/\/www.gaveanews.com\/index.php\/wp-json\/wp\/v2\/posts"}],"about":[{"href":"https:\/\/www.gaveanews.com\/index.php\/wp-json\/wp\/v2\/types\/post"}],"author":[{"embeddable":true,"href":"https:\/\/www.gaveanews.com\/index.php\/wp-json\/wp\/v2\/users\/28"}],"replies":[{"embeddable":true,"href":"https:\/\/www.gaveanews.com\/index.php\/wp-json\/wp\/v2\/comments?post=210631"}],"version-history":[{"count":2,"href":"https:\/\/www.gaveanews.com\/index.php\/wp-json\/wp\/v2\/posts\/210631\/revisions"}],"predecessor-version":[{"id":210651,"href":"https:\/\/www.gaveanews.com\/index.php\/wp-json\/wp\/v2\/posts\/210631\/revisions\/210651"}],"wp:featuredmedia":[{"embeddable":true,"href":"https:\/\/www.gaveanews.com\/index.php\/wp-json\/wp\/v2\/media\/205638"}],"wp:attachment":[{"href":"https:\/\/www.gaveanews.com\/index.php\/wp-json\/wp\/v2\/media?parent=210631"}],"wp:term":[{"taxonomy":"category","embeddable":true,"href":"https:\/\/www.gaveanews.com\/index.php\/wp-json\/wp\/v2\/categories?post=210631"},{"taxonomy":"post_tag","embeddable":true,"href":"https:\/\/www.gaveanews.com\/index.php\/wp-json\/wp\/v2\/tags?post=210631"}],"curies":[{"name":"wp","href":"https:\/\/api.w.org\/{rel}","templated":true}]}}