{"id":210636,"date":"2025-01-10T05:40:00","date_gmt":"2025-01-10T08:40:00","guid":{"rendered":"https:\/\/www.gaveanews.com\/?p=210636"},"modified":"2025-01-09T23:47:09","modified_gmt":"2025-01-10T02:47:09","slug":"reuniao-importante-situacao-de-olmo-e-desespero-por-jogador-as-ultimas-noticias-do-barcelona","status":"publish","type":"post","link":"https:\/\/www.gaveanews.com\/index.php\/2025\/01\/10\/reuniao-importante-situacao-de-olmo-e-desespero-por-jogador-as-ultimas-noticias-do-barcelona\/","title":{"rendered":"Reuni\u00e3o importante, situa\u00e7\u00e3o de Olmo e desespero por jogador: as \u00faltimas not\u00edcias do Barcelona"},"content":{"rendered":"\n<p>Nas \u00faltimas horas, o foco das not\u00edcias sobre o Barcelona se concentram nos bastidores do<br>clube, com destaques do dia a dia do time.<\/p>\n\n\n\n<p>Por conta deste contexto, leia abaixo um resumo preparado pela equipe do portal G\u00e1vea News para lhe manter muito bem informado!<\/p>\n\n\n\n<h2 class=\"wp-block-heading\" id=\"h-desespero-por-jogador\">Desespero por jogador<\/h2>\n\n\n\n<p>O Barcelona enfrenta dificuldades para registrar Dani Olmo na La Liga devido a quest\u00f5es relacionadas ao Fair Play financeiro. Embora o meio-campista tenha sido um dos destaques da Eurocopa 2024, a La Liga e a Federa\u00e7\u00e3o Espanhola cancelaram sua inscri\u00e7\u00e3o, alegando que o clube excedeu o limite salarial. Para tentar resolver a situa\u00e7\u00e3o, o Barcelona entrou com um recurso no Conselho Superior do Desporto, buscando liberar o jogador para atuar na Supercopa da Espanha <strong><a href=\"https:\/\/www.gaveanews.com\/index.php\/2025\/01\/07\/desesperado-barcelona-toma-atitude-de-ultima-hora-envolvendo-dani-olmo\/\">(leia a mat\u00e9ria completa).<\/a><\/strong><\/p>\n\n\n\n<figure class=\"wp-block-image size-large\"><img loading=\"lazy\" decoding=\"async\" width=\"1024\" height=\"683\" src=\"https:\/\/www.gaveanews.com\/wp-content\/uploads\/Xavi-1024x683.webp\" alt=\"\" class=\"wp-image-117727\" srcset=\"https:\/\/www.gaveanews.com\/wp-content\/uploads\/Xavi-1024x683.webp 1024w, https:\/\/www.gaveanews.com\/wp-content\/uploads\/Xavi-300x200.webp 300w, https:\/\/www.gaveanews.com\/wp-content\/uploads\/Xavi-768x512.webp 768w, https:\/\/www.gaveanews.com\/wp-content\/uploads\/Xavi-630x420.webp 630w, https:\/\/www.gaveanews.com\/wp-content\/uploads\/Xavi-1260x840.webp 1260w, https:\/\/www.gaveanews.com\/wp-content\/uploads\/Xavi-640x427.webp 640w, https:\/\/www.gaveanews.com\/wp-content\/uploads\/Xavi-1280x853.webp 1280w, https:\/\/www.gaveanews.com\/wp-content\/uploads\/Xavi-681x454.webp 681w, https:\/\/www.gaveanews.com\/wp-content\/uploads\/Xavi-100x67.webp 100w, https:\/\/www.gaveanews.com\/wp-content\/uploads\/Xavi.webp 1320w\" sizes=\"auto, (max-width: 1024px) 100vw, 1024px\" \/><figcaption class=\"wp-element-caption\">Xavi durante coletiva de imprensa (Foto: Ag\u00eancia EFE)<\/figcaption><\/figure>\n\n\n\n<p>A brecha utilizada para inscrever Dani Olmo surgiu ap\u00f3s a les\u00e3o de Christensen, permitindo temporariamente a regulariza\u00e7\u00e3o do atleta at\u00e9 31 de dezembro. <\/p>\n\n\n\n<p>No entanto, com o fim desse prazo, Olmo e Pau V\u00edctor, outro jogador em situa\u00e7\u00e3o semelhante, permanecem impedidos de jogar.<\/p>\n\n\n\n<p>O pr\u00f3ximo desafio do Barcelona \u00e9 contra o Athletic Bilbao na semifinal da Supercopa da Espanha. Enquanto isso, a equipe busca uma solu\u00e7\u00e3o urgente para garantir que ambos os jogadores possam ser escalados, destacando os esfor\u00e7os do clube para contornar as restri\u00e7\u00f5es financeiras impostas pela liga.<\/p>\n\n\n\n<h2 class=\"wp-block-heading\" id=\"h-situacao-de-olmo\">Situa\u00e7\u00e3o de Olmo<\/h2>\n\n\n\n<p>O Barcelona enfrenta problemas administrativos devido a viola\u00e7\u00f5es das regras de fair play financeiro, que resultaram na exclus\u00e3o de Dani Olmo e Pau Victor da lista do Campeonato Espanhol. Apesar disso, ambos os jogadores est\u00e3o confirmados na Supercopa da Espanha, onde o clube busca mitigar a press\u00e3o com um bom desempenho <strong><a href=\"https:\/\/www.gaveanews.com\/index.php\/2025\/01\/07\/reviravolta-barcelona-toma-decisao-envolvendo-dani-olmo\/\">(leia a mat\u00e9ria completa).<\/a><\/strong><\/p>\n\n\n\n<figure class=\"wp-block-image size-large\"><img loading=\"lazy\" decoding=\"async\" width=\"1024\" height=\"683\" src=\"https:\/\/www.gaveanews.com\/wp-content\/uploads\/Dani-Olmo-com-a-camisa-da-Espanha-em-2024-durante-a-Eurocopa-1024x683.webp\" alt=\"\" class=\"wp-image-156171\" srcset=\"https:\/\/www.gaveanews.com\/wp-content\/uploads\/Dani-Olmo-com-a-camisa-da-Espanha-em-2024-durante-a-Eurocopa-1024x683.webp 1024w, https:\/\/www.gaveanews.com\/wp-content\/uploads\/Dani-Olmo-com-a-camisa-da-Espanha-em-2024-durante-a-Eurocopa-300x200.webp 300w, https:\/\/www.gaveanews.com\/wp-content\/uploads\/Dani-Olmo-com-a-camisa-da-Espanha-em-2024-durante-a-Eurocopa-768x512.webp 768w, https:\/\/www.gaveanews.com\/wp-content\/uploads\/Dani-Olmo-com-a-camisa-da-Espanha-em-2024-durante-a-Eurocopa-630x420.webp 630w, https:\/\/www.gaveanews.com\/wp-content\/uploads\/Dani-Olmo-com-a-camisa-da-Espanha-em-2024-durante-a-Eurocopa-1260x840.webp 1260w, https:\/\/www.gaveanews.com\/wp-content\/uploads\/Dani-Olmo-com-a-camisa-da-Espanha-em-2024-durante-a-Eurocopa-640x427.webp 640w, https:\/\/www.gaveanews.com\/wp-content\/uploads\/Dani-Olmo-com-a-camisa-da-Espanha-em-2024-durante-a-Eurocopa-1280x853.webp 1280w, https:\/\/www.gaveanews.com\/wp-content\/uploads\/Dani-Olmo-com-a-camisa-da-Espanha-em-2024-durante-a-Eurocopa-681x454.webp 681w, https:\/\/www.gaveanews.com\/wp-content\/uploads\/Dani-Olmo-com-a-camisa-da-Espanha-em-2024-durante-a-Eurocopa-1362x908.webp 1362w, https:\/\/www.gaveanews.com\/wp-content\/uploads\/Dani-Olmo-com-a-camisa-da-Espanha-em-2024-durante-a-Eurocopa-100x67.webp 100w, https:\/\/www.gaveanews.com\/wp-content\/uploads\/Dani-Olmo-com-a-camisa-da-Espanha-em-2024-durante-a-Eurocopa.webp 1440w\" sizes=\"auto, (max-width: 1024px) 100vw, 1024px\" \/><figcaption class=\"wp-element-caption\">Dani Olmo com a camisa da Espanha em 2024 durante a Eurocopa (Foto: Reprodu\u00e7\u00e3o\/Instagram)<\/figcaption><\/figure>\n\n\n\n<p>O t\u00e9cnico Xavi relacionou uma equipe completa para o torneio, incluindo os retornos de Lamine Yamal e H\u00e9ctor Fort. O confronto contra o Athletic Bilbao, marcado para o dia 8 em Jeddah, ser\u00e1 crucial para o time catal\u00e3o reafirmar sua for\u00e7a. A outra semifinal ser\u00e1 entre Real Madrid e Mallorca.<\/p>\n\n\n\n<p>A lista dos convocados mostra o empenho do Barcelona em equilibrar talento e estrat\u00e9gia. Com jogadores experientes como Lewandowski e jovens promessas como Pedri e Gavi, o clube espera conquistar a Supercopa, aliviando as tens\u00f5es causadas pelas recentes controv\u00e9rsias financeiras.<\/p>\n\n\n\n<h2 class=\"wp-block-heading\" id=\"h-reuniao-importante\">Reuni\u00e3o importante<\/h2>\n\n\n\n<p>O Barcelona est\u00e1 de olho em Jhon Dur\u00e1n, atacante colombiano do Aston Villa, mas as negocia\u00e7\u00f5es enfrentam dificuldades devido \u00e0 situa\u00e7\u00e3o financeira do clube catal\u00e3o. Avaliado em \u20ac40 milh\u00f5es, Dur\u00e1n tem contrato at\u00e9 2030 e se destacou na Premier League, marcando 12 gols em 26 jogos nesta temporada. Apesar do interesse, o Barcelona opta por cautela, priorizando equil\u00edbrio financeiro antes de formalizar propostas <strong><a href=\"https:\/\/www.gaveanews.com\/index.php\/2025\/01\/07\/barcelona-tem-reuniao-para-acertar-contratacao-de-atacante\/\">(leia a mat\u00e9ria completa).<\/a><\/strong><\/p>\n\n\n\n<figure class=\"wp-block-image size-large\"><img loading=\"lazy\" decoding=\"async\" width=\"1024\" height=\"682\" src=\"https:\/\/www.gaveanews.com\/wp-content\/uploads\/elenco-do-barcelona-1024x682.webp\" alt=\"\" class=\"wp-image-117749\" srcset=\"https:\/\/www.gaveanews.com\/wp-content\/uploads\/elenco-do-barcelona-1024x682.webp 1024w, https:\/\/www.gaveanews.com\/wp-content\/uploads\/elenco-do-barcelona-300x200.webp 300w, https:\/\/www.gaveanews.com\/wp-content\/uploads\/elenco-do-barcelona-768x512.webp 768w, https:\/\/www.gaveanews.com\/wp-content\/uploads\/elenco-do-barcelona-630x420.webp 630w, https:\/\/www.gaveanews.com\/wp-content\/uploads\/elenco-do-barcelona-1261x840.webp 1261w, https:\/\/www.gaveanews.com\/wp-content\/uploads\/elenco-do-barcelona-640x426.webp 640w, https:\/\/www.gaveanews.com\/wp-content\/uploads\/elenco-do-barcelona-1280x853.webp 1280w, https:\/\/www.gaveanews.com\/wp-content\/uploads\/elenco-do-barcelona-681x454.webp 681w, https:\/\/www.gaveanews.com\/wp-content\/uploads\/elenco-do-barcelona-1362x907.webp 1362w, https:\/\/www.gaveanews.com\/wp-content\/uploads\/elenco-do-barcelona-100x67.webp 100w, https:\/\/www.gaveanews.com\/wp-content\/uploads\/elenco-do-barcelona.webp 1399w\" sizes=\"auto, (max-width: 1024px) 100vw, 1024px\" \/><figcaption class=\"wp-element-caption\">Jogadores do Barcelona comemorando (Foto: Enric Fontcuberta\/EPA)<\/figcaption><\/figure>\n\n\n\n<p>Recentemente, representantes do jogador se reuniram com dirigentes do Barcelona para discutir a possibilidade de uma futura transfer\u00eancia, mas sem iniciar tratativas formais. A regra do 1:1, que limita os gastos do clube, \u00e9 um dos principais obst\u00e1culos para a concretiza\u00e7\u00e3o de contrata\u00e7\u00f5es no curto prazo.<\/p>\n\n\n\n<p>A busca por um centroavante como Dur\u00e1n reflete a necessidade do Barcelona em refor\u00e7ar o setor ofensivo, enquanto quest\u00f5es salariais e movimenta\u00e7\u00f5es no elenco seguem sendo desafios. O clube continuar\u00e1 monitorando o mercado, aguardando oportunidades mais vi\u00e1veis financeiramente.<\/p>\n","protected":false},"excerpt":{"rendered":"<p>Nas \u00faltimas horas, o foco das not\u00edcias sobre o Barcelona se concentram nos bastidores doclube, com destaques do dia a dia do time. Por conta deste contexto, leia abaixo um resumo preparado pela equipe do portal G\u00e1vea News para lhe manter muito bem informado! Desespero por jogador O Barcelona enfrenta dificuldades para registrar Dani Olmo [&hellip;]<\/p>\n","protected":false},"author":27,"featured_media":122108,"comment_status":"open","ping_status":"closed","sticky":false,"template":"","format":"standard","meta":{"footnotes":""},"categories":[87],"tags":[],"class_list":["post-210636","post","type-post","status-publish","format-standard","has-post-thumbnail","hentry","category-barcelona"],"yoast_head":"<!-- This site is optimized with the Yoast SEO Premium plugin v24.2 (Yoast SEO v26.9) - https:\/\/yoast.com\/product\/yoast-seo-premium-wordpress\/ -->\n<title>Reuni\u00e3o importante, situa\u00e7\u00e3o de Olmo e desespero por jogador: as \u00faltimas not\u00edcias do Barcelona<\/title>\n<meta name=\"robots\" content=\"index, follow, max-snippet:-1, max-image-preview:large, max-video-preview:-1\" \/>\n<link rel=\"canonical\" href=\"https:\/\/www.gaveanews.com\/index.php\/2025\/01\/10\/reuniao-importante-situacao-de-olmo-e-desespero-por-jogador-as-ultimas-noticias-do-barcelona\/\" \/>\n<meta property=\"og:locale\" content=\"pt_BR\" \/>\n<meta property=\"og:type\" content=\"article\" \/>\n<meta property=\"og:title\" content=\"Reuni\u00e3o importante, situa\u00e7\u00e3o de Olmo e desespero por jogador: as \u00faltimas not\u00edcias do Barcelona\" \/>\n<meta property=\"og:description\" content=\"Nas \u00faltimas horas, o foco das not\u00edcias sobre o Barcelona se concentram nos bastidores doclube, com destaques do dia a dia do time. Por conta deste contexto, leia abaixo um resumo preparado pela equipe do portal G\u00e1vea News para lhe manter muito bem informado! Desespero por jogador O Barcelona enfrenta dificuldades para registrar Dani Olmo [&hellip;]\" \/>\n<meta property=\"og:url\" content=\"https:\/\/www.gaveanews.com\/index.php\/2025\/01\/10\/reuniao-importante-situacao-de-olmo-e-desespero-por-jogador-as-ultimas-noticias-do-barcelona\/\" \/>\n<meta property=\"og:site_name\" content=\"G\u00e1vea News\" \/>\n<meta property=\"article:publisher\" content=\"https:\/\/facebook.com\/gaveaNews\/\" \/>\n<meta property=\"article:published_time\" content=\"2025-01-10T08:40:00+00:00\" \/>\n<meta property=\"og:image\" content=\"https:\/\/www.gaveanews.com\/wp-content\/uploads\/barca.webp\" \/>\n\t<meta property=\"og:image:width\" content=\"1000\" \/>\n\t<meta property=\"og:image:height\" content=\"658\" \/>\n\t<meta property=\"og:image:type\" content=\"image\/webp\" \/>\n<meta name=\"author\" content=\"Matheus Felipe\" \/>\n<meta name=\"twitter:card\" content=\"summary_large_image\" \/>\n<meta name=\"twitter:label1\" content=\"Escrito por\" \/>\n\t<meta name=\"twitter:data1\" content=\"Matheus Felipe\" \/>\n\t<meta name=\"twitter:label2\" content=\"Est. tempo de leitura\" \/>\n\t<meta name=\"twitter:data2\" content=\"4 minutos\" \/>\n<script type=\"application\/ld+json\" class=\"yoast-schema-graph\">{\"@context\":\"https:\/\/schema.org\",\"@graph\":[{\"@type\":\"NewsArticle\",\"@id\":\"https:\/\/www.gaveanews.com\/index.php\/2025\/01\/10\/reuniao-importante-situacao-de-olmo-e-desespero-por-jogador-as-ultimas-noticias-do-barcelona\/#article\",\"isPartOf\":{\"@id\":\"https:\/\/www.gaveanews.com\/index.php\/2025\/01\/10\/reuniao-importante-situacao-de-olmo-e-desespero-por-jogador-as-ultimas-noticias-do-barcelona\/\"},\"author\":{\"name\":\"Matheus Felipe\",\"@id\":\"https:\/\/www.gaveanews.com\/#\/schema\/person\/8207cd4627f56151707418bfc835b2fb\"},\"headline\":\"Reuni\u00e3o importante, situa\u00e7\u00e3o de Olmo e desespero por jogador: as \u00faltimas not\u00edcias do Barcelona\",\"datePublished\":\"2025-01-10T08:40:00+00:00\",\"mainEntityOfPage\":{\"@id\":\"https:\/\/www.gaveanews.com\/index.php\/2025\/01\/10\/reuniao-importante-situacao-de-olmo-e-desespero-por-jogador-as-ultimas-noticias-do-barcelona\/\"},\"wordCount\":600,\"commentCount\":0,\"image\":{\"@id\":\"https:\/\/www.gaveanews.com\/index.php\/2025\/01\/10\/reuniao-importante-situacao-de-olmo-e-desespero-por-jogador-as-ultimas-noticias-do-barcelona\/#primaryimage\"},\"thumbnailUrl\":\"https:\/\/www.gaveanews.com\/wp-content\/uploads\/barca.webp\",\"articleSection\":[\"Barcelona\"],\"inLanguage\":\"pt-BR\",\"potentialAction\":[{\"@type\":\"CommentAction\",\"name\":\"Comment\",\"target\":[\"https:\/\/www.gaveanews.com\/index.php\/2025\/01\/10\/reuniao-importante-situacao-de-olmo-e-desespero-por-jogador-as-ultimas-noticias-do-barcelona\/#respond\"]}],\"copyrightYear\":\"2025\",\"copyrightHolder\":{\"@id\":\"https:\/\/www.gaveanews.com\/#organization\"}},{\"@type\":\"WebPage\",\"@id\":\"https:\/\/www.gaveanews.com\/index.php\/2025\/01\/10\/reuniao-importante-situacao-de-olmo-e-desespero-por-jogador-as-ultimas-noticias-do-barcelona\/\",\"url\":\"https:\/\/www.gaveanews.com\/index.php\/2025\/01\/10\/reuniao-importante-situacao-de-olmo-e-desespero-por-jogador-as-ultimas-noticias-do-barcelona\/\",\"name\":\"Reuni\u00e3o importante, situa\u00e7\u00e3o de Olmo e desespero por jogador: as \u00faltimas not\u00edcias do Barcelona\",\"isPartOf\":{\"@id\":\"https:\/\/www.gaveanews.com\/#website\"},\"primaryImageOfPage\":{\"@id\":\"https:\/\/www.gaveanews.com\/index.php\/2025\/01\/10\/reuniao-importante-situacao-de-olmo-e-desespero-por-jogador-as-ultimas-noticias-do-barcelona\/#primaryimage\"},\"image\":{\"@id\":\"https:\/\/www.gaveanews.com\/index.php\/2025\/01\/10\/reuniao-importante-situacao-de-olmo-e-desespero-por-jogador-as-ultimas-noticias-do-barcelona\/#primaryimage\"},\"thumbnailUrl\":\"https:\/\/www.gaveanews.com\/wp-content\/uploads\/barca.webp\",\"datePublished\":\"2025-01-10T08:40:00+00:00\",\"author\":{\"@id\":\"https:\/\/www.gaveanews.com\/#\/schema\/person\/8207cd4627f56151707418bfc835b2fb\"},\"breadcrumb\":{\"@id\":\"https:\/\/www.gaveanews.com\/index.php\/2025\/01\/10\/reuniao-importante-situacao-de-olmo-e-desespero-por-jogador-as-ultimas-noticias-do-barcelona\/#breadcrumb\"},\"inLanguage\":\"pt-BR\",\"potentialAction\":[{\"@type\":\"ReadAction\",\"target\":[\"https:\/\/www.gaveanews.com\/index.php\/2025\/01\/10\/reuniao-importante-situacao-de-olmo-e-desespero-por-jogador-as-ultimas-noticias-do-barcelona\/\"]}]},{\"@type\":\"ImageObject\",\"inLanguage\":\"pt-BR\",\"@id\":\"https:\/\/www.gaveanews.com\/index.php\/2025\/01\/10\/reuniao-importante-situacao-de-olmo-e-desespero-por-jogador-as-ultimas-noticias-do-barcelona\/#primaryimage\",\"url\":\"https:\/\/www.gaveanews.com\/wp-content\/uploads\/barca.webp\",\"contentUrl\":\"https:\/\/www.gaveanews.com\/wp-content\/uploads\/barca.webp\",\"width\":1000,\"height\":658,\"caption\":\"Escudo do Barcelona (Foto: Reprodu\u00e7\u00e3o)\"},{\"@type\":\"BreadcrumbList\",\"@id\":\"https:\/\/www.gaveanews.com\/index.php\/2025\/01\/10\/reuniao-importante-situacao-de-olmo-e-desespero-por-jogador-as-ultimas-noticias-do-barcelona\/#breadcrumb\",\"itemListElement\":[{\"@type\":\"ListItem\",\"position\":1,\"name\":\"Home\",\"item\":\"https:\/\/www.gaveanews.com\/\"},{\"@type\":\"ListItem\",\"position\":2,\"name\":\"Reuni\u00e3o importante, situa\u00e7\u00e3o de Olmo e desespero por jogador: as \u00faltimas not\u00edcias do Barcelona\"}]},{\"@type\":\"WebSite\",\"@id\":\"https:\/\/www.gaveanews.com\/#website\",\"url\":\"https:\/\/www.gaveanews.com\/\",\"name\":\"G\u00e1vea News\",\"description\":\"Veja todas as not\u00edcias sobre o Flamengo: Contrata\u00e7\u00f5es, categorias de base, resultados das partidas, tabela de classifica\u00e7\u00e3o, pr\u00f3ximos jogos!\",\"potentialAction\":[{\"@type\":\"SearchAction\",\"target\":{\"@type\":\"EntryPoint\",\"urlTemplate\":\"https:\/\/www.gaveanews.com\/?s={search_term_string}\"},\"query-input\":{\"@type\":\"PropertyValueSpecification\",\"valueRequired\":true,\"valueName\":\"search_term_string\"}}],\"inLanguage\":\"pt-BR\"},{\"@type\":\"Person\",\"@id\":\"https:\/\/www.gaveanews.com\/#\/schema\/person\/8207cd4627f56151707418bfc835b2fb\",\"name\":\"Matheus Felipe\",\"image\":{\"@type\":\"ImageObject\",\"inLanguage\":\"pt-BR\",\"@id\":\"https:\/\/www.gaveanews.com\/#\/schema\/person\/image\/\",\"url\":\"https:\/\/secure.gravatar.com\/avatar\/a452ffbed9130f726358b298bb3a99ce4bd3c5338411f8440e87e14d74c7c087?s=96&d=mm&r=g\",\"contentUrl\":\"https:\/\/secure.gravatar.com\/avatar\/a452ffbed9130f726358b298bb3a99ce4bd3c5338411f8440e87e14d74c7c087?s=96&d=mm&r=g\",\"caption\":\"Matheus Felipe\"}}]}<\/script>\n<!-- \/ Yoast SEO Premium plugin. -->","yoast_head_json":{"title":"Reuni\u00e3o importante, situa\u00e7\u00e3o de Olmo e desespero por jogador: as \u00faltimas not\u00edcias do Barcelona","robots":{"index":"index","follow":"follow","max-snippet":"max-snippet:-1","max-image-preview":"max-image-preview:large","max-video-preview":"max-video-preview:-1"},"canonical":"https:\/\/www.gaveanews.com\/index.php\/2025\/01\/10\/reuniao-importante-situacao-de-olmo-e-desespero-por-jogador-as-ultimas-noticias-do-barcelona\/","og_locale":"pt_BR","og_type":"article","og_title":"Reuni\u00e3o importante, situa\u00e7\u00e3o de Olmo e desespero por jogador: as \u00faltimas not\u00edcias do Barcelona","og_description":"Nas \u00faltimas horas, o foco das not\u00edcias sobre o Barcelona se concentram nos bastidores doclube, com destaques do dia a dia do time. Por conta deste contexto, leia abaixo um resumo preparado pela equipe do portal G\u00e1vea News para lhe manter muito bem informado! Desespero por jogador O Barcelona enfrenta dificuldades para registrar Dani Olmo [&hellip;]","og_url":"https:\/\/www.gaveanews.com\/index.php\/2025\/01\/10\/reuniao-importante-situacao-de-olmo-e-desespero-por-jogador-as-ultimas-noticias-do-barcelona\/","og_site_name":"G\u00e1vea News","article_publisher":"https:\/\/facebook.com\/gaveaNews\/","article_published_time":"2025-01-10T08:40:00+00:00","og_image":[{"width":1000,"height":658,"url":"https:\/\/www.gaveanews.com\/wp-content\/uploads\/barca.webp","type":"image\/webp"}],"author":"Matheus Felipe","twitter_card":"summary_large_image","twitter_misc":{"Escrito por":"Matheus Felipe","Est. tempo de leitura":"4 minutos"},"schema":{"@context":"https:\/\/schema.org","@graph":[{"@type":"NewsArticle","@id":"https:\/\/www.gaveanews.com\/index.php\/2025\/01\/10\/reuniao-importante-situacao-de-olmo-e-desespero-por-jogador-as-ultimas-noticias-do-barcelona\/#article","isPartOf":{"@id":"https:\/\/www.gaveanews.com\/index.php\/2025\/01\/10\/reuniao-importante-situacao-de-olmo-e-desespero-por-jogador-as-ultimas-noticias-do-barcelona\/"},"author":{"name":"Matheus Felipe","@id":"https:\/\/www.gaveanews.com\/#\/schema\/person\/8207cd4627f56151707418bfc835b2fb"},"headline":"Reuni\u00e3o importante, situa\u00e7\u00e3o de Olmo e desespero por jogador: as \u00faltimas not\u00edcias do Barcelona","datePublished":"2025-01-10T08:40:00+00:00","mainEntityOfPage":{"@id":"https:\/\/www.gaveanews.com\/index.php\/2025\/01\/10\/reuniao-importante-situacao-de-olmo-e-desespero-por-jogador-as-ultimas-noticias-do-barcelona\/"},"wordCount":600,"commentCount":0,"image":{"@id":"https:\/\/www.gaveanews.com\/index.php\/2025\/01\/10\/reuniao-importante-situacao-de-olmo-e-desespero-por-jogador-as-ultimas-noticias-do-barcelona\/#primaryimage"},"thumbnailUrl":"https:\/\/www.gaveanews.com\/wp-content\/uploads\/barca.webp","articleSection":["Barcelona"],"inLanguage":"pt-BR","potentialAction":[{"@type":"CommentAction","name":"Comment","target":["https:\/\/www.gaveanews.com\/index.php\/2025\/01\/10\/reuniao-importante-situacao-de-olmo-e-desespero-por-jogador-as-ultimas-noticias-do-barcelona\/#respond"]}],"copyrightYear":"2025","copyrightHolder":{"@id":"https:\/\/www.gaveanews.com\/#organization"}},{"@type":"WebPage","@id":"https:\/\/www.gaveanews.com\/index.php\/2025\/01\/10\/reuniao-importante-situacao-de-olmo-e-desespero-por-jogador-as-ultimas-noticias-do-barcelona\/","url":"https:\/\/www.gaveanews.com\/index.php\/2025\/01\/10\/reuniao-importante-situacao-de-olmo-e-desespero-por-jogador-as-ultimas-noticias-do-barcelona\/","name":"Reuni\u00e3o importante, situa\u00e7\u00e3o de Olmo e desespero por jogador: as \u00faltimas not\u00edcias do Barcelona","isPartOf":{"@id":"https:\/\/www.gaveanews.com\/#website"},"primaryImageOfPage":{"@id":"https:\/\/www.gaveanews.com\/index.php\/2025\/01\/10\/reuniao-importante-situacao-de-olmo-e-desespero-por-jogador-as-ultimas-noticias-do-barcelona\/#primaryimage"},"image":{"@id":"https:\/\/www.gaveanews.com\/index.php\/2025\/01\/10\/reuniao-importante-situacao-de-olmo-e-desespero-por-jogador-as-ultimas-noticias-do-barcelona\/#primaryimage"},"thumbnailUrl":"https:\/\/www.gaveanews.com\/wp-content\/uploads\/barca.webp","datePublished":"2025-01-10T08:40:00+00:00","author":{"@id":"https:\/\/www.gaveanews.com\/#\/schema\/person\/8207cd4627f56151707418bfc835b2fb"},"breadcrumb":{"@id":"https:\/\/www.gaveanews.com\/index.php\/2025\/01\/10\/reuniao-importante-situacao-de-olmo-e-desespero-por-jogador-as-ultimas-noticias-do-barcelona\/#breadcrumb"},"inLanguage":"pt-BR","potentialAction":[{"@type":"ReadAction","target":["https:\/\/www.gaveanews.com\/index.php\/2025\/01\/10\/reuniao-importante-situacao-de-olmo-e-desespero-por-jogador-as-ultimas-noticias-do-barcelona\/"]}]},{"@type":"ImageObject","inLanguage":"pt-BR","@id":"https:\/\/www.gaveanews.com\/index.php\/2025\/01\/10\/reuniao-importante-situacao-de-olmo-e-desespero-por-jogador-as-ultimas-noticias-do-barcelona\/#primaryimage","url":"https:\/\/www.gaveanews.com\/wp-content\/uploads\/barca.webp","contentUrl":"https:\/\/www.gaveanews.com\/wp-content\/uploads\/barca.webp","width":1000,"height":658,"caption":"Escudo do Barcelona (Foto: Reprodu\u00e7\u00e3o)"},{"@type":"BreadcrumbList","@id":"https:\/\/www.gaveanews.com\/index.php\/2025\/01\/10\/reuniao-importante-situacao-de-olmo-e-desespero-por-jogador-as-ultimas-noticias-do-barcelona\/#breadcrumb","itemListElement":[{"@type":"ListItem","position":1,"name":"Home","item":"https:\/\/www.gaveanews.com\/"},{"@type":"ListItem","position":2,"name":"Reuni\u00e3o importante, situa\u00e7\u00e3o de Olmo e desespero por jogador: as \u00faltimas not\u00edcias do Barcelona"}]},{"@type":"WebSite","@id":"https:\/\/www.gaveanews.com\/#website","url":"https:\/\/www.gaveanews.com\/","name":"G\u00e1vea News","description":"Veja todas as not\u00edcias sobre o Flamengo: Contrata\u00e7\u00f5es, categorias de base, resultados das partidas, tabela de classifica\u00e7\u00e3o, pr\u00f3ximos jogos!","potentialAction":[{"@type":"SearchAction","target":{"@type":"EntryPoint","urlTemplate":"https:\/\/www.gaveanews.com\/?s={search_term_string}"},"query-input":{"@type":"PropertyValueSpecification","valueRequired":true,"valueName":"search_term_string"}}],"inLanguage":"pt-BR"},{"@type":"Person","@id":"https:\/\/www.gaveanews.com\/#\/schema\/person\/8207cd4627f56151707418bfc835b2fb","name":"Matheus Felipe","image":{"@type":"ImageObject","inLanguage":"pt-BR","@id":"https:\/\/www.gaveanews.com\/#\/schema\/person\/image\/","url":"https:\/\/secure.gravatar.com\/avatar\/a452ffbed9130f726358b298bb3a99ce4bd3c5338411f8440e87e14d74c7c087?s=96&d=mm&r=g","contentUrl":"https:\/\/secure.gravatar.com\/avatar\/a452ffbed9130f726358b298bb3a99ce4bd3c5338411f8440e87e14d74c7c087?s=96&d=mm&r=g","caption":"Matheus Felipe"}}]}},"_links":{"self":[{"href":"https:\/\/www.gaveanews.com\/index.php\/wp-json\/wp\/v2\/posts\/210636","targetHints":{"allow":["GET"]}}],"collection":[{"href":"https:\/\/www.gaveanews.com\/index.php\/wp-json\/wp\/v2\/posts"}],"about":[{"href":"https:\/\/www.gaveanews.com\/index.php\/wp-json\/wp\/v2\/types\/post"}],"author":[{"embeddable":true,"href":"https:\/\/www.gaveanews.com\/index.php\/wp-json\/wp\/v2\/users\/27"}],"replies":[{"embeddable":true,"href":"https:\/\/www.gaveanews.com\/index.php\/wp-json\/wp\/v2\/comments?post=210636"}],"version-history":[{"count":1,"href":"https:\/\/www.gaveanews.com\/index.php\/wp-json\/wp\/v2\/posts\/210636\/revisions"}],"predecessor-version":[{"id":210645,"href":"https:\/\/www.gaveanews.com\/index.php\/wp-json\/wp\/v2\/posts\/210636\/revisions\/210645"}],"wp:featuredmedia":[{"embeddable":true,"href":"https:\/\/www.gaveanews.com\/index.php\/wp-json\/wp\/v2\/media\/122108"}],"wp:attachment":[{"href":"https:\/\/www.gaveanews.com\/index.php\/wp-json\/wp\/v2\/media?parent=210636"}],"wp:term":[{"taxonomy":"category","embeddable":true,"href":"https:\/\/www.gaveanews.com\/index.php\/wp-json\/wp\/v2\/categories?post=210636"},{"taxonomy":"post_tag","embeddable":true,"href":"https:\/\/www.gaveanews.com\/index.php\/wp-json\/wp\/v2\/tags?post=210636"}],"curies":[{"name":"wp","href":"https:\/\/api.w.org\/{rel}","templated":true}]}}