{"id":210778,"date":"2025-01-10T15:05:00","date_gmt":"2025-01-10T18:05:00","guid":{"rendered":"https:\/\/www.gaveanews.com\/?p=210778"},"modified":"2025-01-10T14:55:06","modified_gmt":"2025-01-10T17:55:06","slug":"barcelona-diretoria-prepara-pacotao-de-saidas","status":"publish","type":"post","link":"https:\/\/www.gaveanews.com\/index.php\/2025\/01\/10\/barcelona-diretoria-prepara-pacotao-de-saidas\/","title":{"rendered":"Barcelona: diretoria prepara pacot\u00e3o de sa\u00eddas"},"content":{"rendered":"\n<p>O Barcelona come\u00e7ou voando na temporada com o t\u00e9cnico Hansi Flick, entretanto, perdeu o g\u00e1s no final do ano e acabou sofrendo com alguns resultados ruins.<\/p>\n\n\n\n<p>Esses resultados culminaram na perda do primeiro lugar na La Liga para o Atl\u00e9tico de Madrid e ainda o segundo lugar, que ficou com o Real Madrid.<\/p>\n\n\n\n<ul class=\"wp-block-list\">\n<li><a href=\"https:\/\/www.gaveanews.com\/index.php\/2025\/01\/09\/com-aval-de-hansi-flick-meia-de-r-282-milhoes-pode-deixar-o-barcelona\/\">Com aval de Hansi Flick, meia de R$ 282 milh\u00f5es pode deixar o Barcelona<\/a><\/li>\n\n\n\n<li><a href=\"https:\/\/www.gaveanews.com\/index.php\/2024\/07\/18\/barcelona-esta-de-olho-em-cinco-jogadores-que-destacaram-se-na-euro\/\">Barcelona est\u00e1 de olho em cinco jogadores que destacaram-se na Euro<\/a><\/li>\n<\/ul>\n\n\n\n<p>Sem perder as esperan\u00e7as em busca de retomar a lideran\u00e7a e buscar um t\u00edtulo nessa temporada, o Barcelona prepara um pacot\u00e3o de sa\u00eddas para conseguir entregar novos refor\u00e7os para a torcida.<\/p>\n\n\n\n<p>De acordo com informa\u00e7\u00f5es do GE, em crise financeira e com dificuldades para inscrever refor\u00e7os, o Barcelona prepara a sa\u00edda de ao menos 3 jogadores at\u00e9 o final de janeiro, s\u00e3o eles:<\/p>\n\n\n\n<ul class=\"wp-block-list\">\n<li>Ronald Ara\u00fajo ou Eric Garc\u00eda<\/li>\n\n\n\n<li>Frenkie de Jong<\/li>\n\n\n\n<li>Ansu Fanti<\/li>\n<\/ul>\n\n\n\n<p><strong>Ronald Ara\u00fajo e Eric Garc\u00eda<\/strong> s\u00e3o os dois principais nomes que devem deixar o clube at\u00e9 o final de janeiro.<\/p>\n\n\n\n<p>Ara\u00fajo interessa a Juventus, da It\u00e1lia, e a movimenta\u00e7\u00e3o no mercado depende do interesse dele em deixar o clube catal\u00e3o.<\/p>\n\n\n\n<p>Segundo o Sport, da Espanha, o Barcelona espera receber uma oferta que beira os 50 milh\u00f5es de Euros.<\/p>\n\n\n\n<p>Eric Garcia interessa o Girona e a Real Sociedad, entretanto, s\u00f3 deixa o clube se Ara\u00fajo n\u00e3o for vendido e vice versa.<\/p>\n\n\n\n<p><strong>Frenkie de Jong<\/strong> tamb\u00e9m est\u00e1 na lista das prov\u00e1veis sa\u00eddas, isso porque o Barcelona v\u00ea ele como um lucro rent\u00e1vel e al\u00edvio financeiro na folha salarial. Ele tem contrato at\u00e9 o final de 2026 mas quer vend\u00ea-lo at\u00e9 no m\u00e1ximo a pr\u00f3xima janela de transfer\u00eancias.<\/p>\n\n\n\n<p>O \u00faltimo nome, <strong>Ansu Fati, <\/strong>est\u00e1 fora dos planos do Barcelona. Ele tem um dos maiores sal\u00e1rios do elenco, n\u00e3o tem destaque no clube e Hansi Flick n\u00e3o o quer como jogador. Betis, Girona, Valencia e Sevilla s\u00e3o times que tem interesse na contrata\u00e7\u00e3o do jogador.<\/p>\n\n\n\n<h2 class=\"wp-block-heading\" id=\"h-qual-o-proximo-jogo-do-barcelona\">Qual o pr\u00f3ximo jogo do Barcelona?<\/h2>\n\n\n\n<p>Real Madrid e Barcelona se enfrentam na final da Supercopa da Espanha. O El Cl\u00e1sico ir\u00e1 definir o primeiro t\u00edtulo do futebol espanhol na temporada 2024-25.<\/p>\n\n\n\n<p>A partida acontece neste domingo (12), \u00e0s 16h (de Bras\u00edlia), no Est\u00e1dio King Abdullah em Jeddah, na Ar\u00e1bia Saudita. O duelo ter\u00e1 transmiss\u00e3o da Disney+.<\/p>\n","protected":false},"excerpt":{"rendered":"<p>O Barcelona come\u00e7ou voando na temporada com o t\u00e9cnico Hansi Flick, entretanto, perdeu o g\u00e1s no final do ano e acabou sofrendo com alguns resultados ruins. Esses resultados culminaram na perda do primeiro lugar na La Liga para o Atl\u00e9tico de Madrid e ainda o segundo lugar, que ficou com o Real Madrid. Sem perder [&hellip;]<\/p>\n","protected":false},"author":19,"featured_media":126375,"comment_status":"open","ping_status":"closed","sticky":false,"template":"","format":"standard","meta":{"footnotes":""},"categories":[87],"tags":[],"class_list":["post-210778","post","type-post","status-publish","format-standard","has-post-thumbnail","hentry","category-barcelona"],"yoast_head":"<!-- This site is optimized with the Yoast SEO Premium plugin v24.2 (Yoast SEO v26.9) - https:\/\/yoast.com\/product\/yoast-seo-premium-wordpress\/ -->\n<title>Barcelona: diretoria prepara pacot\u00e3o de sa\u00eddas<\/title>\n<meta name=\"robots\" content=\"index, follow, max-snippet:-1, max-image-preview:large, max-video-preview:-1\" \/>\n<link rel=\"canonical\" href=\"https:\/\/www.gaveanews.com\/index.php\/2025\/01\/10\/barcelona-diretoria-prepara-pacotao-de-saidas\/\" \/>\n<meta property=\"og:locale\" content=\"pt_BR\" \/>\n<meta property=\"og:type\" content=\"article\" \/>\n<meta property=\"og:title\" content=\"Barcelona: diretoria prepara pacot\u00e3o de sa\u00eddas\" \/>\n<meta property=\"og:description\" content=\"O Barcelona come\u00e7ou voando na temporada com o t\u00e9cnico Hansi Flick, entretanto, perdeu o g\u00e1s no final do ano e acabou sofrendo com alguns resultados ruins. Esses resultados culminaram na perda do primeiro lugar na La Liga para o Atl\u00e9tico de Madrid e ainda o segundo lugar, que ficou com o Real Madrid. Sem perder [&hellip;]\" \/>\n<meta property=\"og:url\" content=\"https:\/\/www.gaveanews.com\/index.php\/2025\/01\/10\/barcelona-diretoria-prepara-pacotao-de-saidas\/\" \/>\n<meta property=\"og:site_name\" content=\"G\u00e1vea News\" \/>\n<meta property=\"article:publisher\" content=\"https:\/\/facebook.com\/gaveaNews\/\" \/>\n<meta property=\"article:published_time\" content=\"2025-01-10T18:05:00+00:00\" \/>\n<meta property=\"og:image\" content=\"https:\/\/www.gaveanews.com\/wp-content\/uploads\/64f1c8f91532e.webp\" \/>\n\t<meta property=\"og:image:width\" content=\"1200\" \/>\n\t<meta property=\"og:image:height\" content=\"675\" \/>\n\t<meta property=\"og:image:type\" content=\"image\/jpeg\" \/>\n<meta name=\"author\" content=\"Bruno Zanchetta\" \/>\n<meta name=\"twitter:card\" content=\"summary_large_image\" \/>\n<meta name=\"twitter:label1\" content=\"Escrito por\" \/>\n\t<meta name=\"twitter:data1\" content=\"Bruno Zanchetta\" \/>\n\t<meta name=\"twitter:label2\" content=\"Est. tempo de leitura\" \/>\n\t<meta name=\"twitter:data2\" content=\"3 minutos\" \/>\n<script type=\"application\/ld+json\" class=\"yoast-schema-graph\">{\"@context\":\"https:\/\/schema.org\",\"@graph\":[{\"@type\":\"NewsArticle\",\"@id\":\"https:\/\/www.gaveanews.com\/index.php\/2025\/01\/10\/barcelona-diretoria-prepara-pacotao-de-saidas\/#article\",\"isPartOf\":{\"@id\":\"https:\/\/www.gaveanews.com\/index.php\/2025\/01\/10\/barcelona-diretoria-prepara-pacotao-de-saidas\/\"},\"author\":{\"name\":\"Bruno Zanchetta\",\"@id\":\"https:\/\/www.gaveanews.com\/#\/schema\/person\/32fddefab25b466689f181be346cd98c\"},\"headline\":\"Barcelona: diretoria prepara pacot\u00e3o de sa\u00eddas\",\"datePublished\":\"2025-01-10T18:05:00+00:00\",\"mainEntityOfPage\":{\"@id\":\"https:\/\/www.gaveanews.com\/index.php\/2025\/01\/10\/barcelona-diretoria-prepara-pacotao-de-saidas\/\"},\"wordCount\":430,\"commentCount\":0,\"image\":{\"@id\":\"https:\/\/www.gaveanews.com\/index.php\/2025\/01\/10\/barcelona-diretoria-prepara-pacotao-de-saidas\/#primaryimage\"},\"thumbnailUrl\":\"https:\/\/www.gaveanews.com\/wp-content\/uploads\/64f1c8f91532e.webp\",\"articleSection\":[\"Barcelona\"],\"inLanguage\":\"pt-BR\",\"potentialAction\":[{\"@type\":\"CommentAction\",\"name\":\"Comment\",\"target\":[\"https:\/\/www.gaveanews.com\/index.php\/2025\/01\/10\/barcelona-diretoria-prepara-pacotao-de-saidas\/#respond\"]}],\"copyrightYear\":\"2025\",\"copyrightHolder\":{\"@id\":\"https:\/\/www.gaveanews.com\/#organization\"}},{\"@type\":\"WebPage\",\"@id\":\"https:\/\/www.gaveanews.com\/index.php\/2025\/01\/10\/barcelona-diretoria-prepara-pacotao-de-saidas\/\",\"url\":\"https:\/\/www.gaveanews.com\/index.php\/2025\/01\/10\/barcelona-diretoria-prepara-pacotao-de-saidas\/\",\"name\":\"Barcelona: diretoria prepara pacot\u00e3o de sa\u00eddas\",\"isPartOf\":{\"@id\":\"https:\/\/www.gaveanews.com\/#website\"},\"primaryImageOfPage\":{\"@id\":\"https:\/\/www.gaveanews.com\/index.php\/2025\/01\/10\/barcelona-diretoria-prepara-pacotao-de-saidas\/#primaryimage\"},\"image\":{\"@id\":\"https:\/\/www.gaveanews.com\/index.php\/2025\/01\/10\/barcelona-diretoria-prepara-pacotao-de-saidas\/#primaryimage\"},\"thumbnailUrl\":\"https:\/\/www.gaveanews.com\/wp-content\/uploads\/64f1c8f91532e.webp\",\"datePublished\":\"2025-01-10T18:05:00+00:00\",\"author\":{\"@id\":\"https:\/\/www.gaveanews.com\/#\/schema\/person\/32fddefab25b466689f181be346cd98c\"},\"breadcrumb\":{\"@id\":\"https:\/\/www.gaveanews.com\/index.php\/2025\/01\/10\/barcelona-diretoria-prepara-pacotao-de-saidas\/#breadcrumb\"},\"inLanguage\":\"pt-BR\",\"potentialAction\":[{\"@type\":\"ReadAction\",\"target\":[\"https:\/\/www.gaveanews.com\/index.php\/2025\/01\/10\/barcelona-diretoria-prepara-pacotao-de-saidas\/\"]}]},{\"@type\":\"ImageObject\",\"inLanguage\":\"pt-BR\",\"@id\":\"https:\/\/www.gaveanews.com\/index.php\/2025\/01\/10\/barcelona-diretoria-prepara-pacotao-de-saidas\/#primaryimage\",\"url\":\"https:\/\/www.gaveanews.com\/wp-content\/uploads\/64f1c8f91532e.webp\",\"contentUrl\":\"https:\/\/www.gaveanews.com\/wp-content\/uploads\/64f1c8f91532e.webp\",\"width\":1200,\"height\":675,\"caption\":\"Escudo do Barcelona (Foto: Reprodu\u00e7\u00e3o)\"},{\"@type\":\"BreadcrumbList\",\"@id\":\"https:\/\/www.gaveanews.com\/index.php\/2025\/01\/10\/barcelona-diretoria-prepara-pacotao-de-saidas\/#breadcrumb\",\"itemListElement\":[{\"@type\":\"ListItem\",\"position\":1,\"name\":\"Home\",\"item\":\"https:\/\/www.gaveanews.com\/\"},{\"@type\":\"ListItem\",\"position\":2,\"name\":\"Barcelona: diretoria prepara pacot\u00e3o de sa\u00eddas\"}]},{\"@type\":\"WebSite\",\"@id\":\"https:\/\/www.gaveanews.com\/#website\",\"url\":\"https:\/\/www.gaveanews.com\/\",\"name\":\"G\u00e1vea News\",\"description\":\"Veja todas as not\u00edcias sobre o Flamengo: Contrata\u00e7\u00f5es, categorias de base, resultados das partidas, tabela de classifica\u00e7\u00e3o, pr\u00f3ximos jogos!\",\"potentialAction\":[{\"@type\":\"SearchAction\",\"target\":{\"@type\":\"EntryPoint\",\"urlTemplate\":\"https:\/\/www.gaveanews.com\/?s={search_term_string}\"},\"query-input\":{\"@type\":\"PropertyValueSpecification\",\"valueRequired\":true,\"valueName\":\"search_term_string\"}}],\"inLanguage\":\"pt-BR\"},{\"@type\":\"Person\",\"@id\":\"https:\/\/www.gaveanews.com\/#\/schema\/person\/32fddefab25b466689f181be346cd98c\",\"name\":\"Bruno Zanchetta\",\"image\":{\"@type\":\"ImageObject\",\"inLanguage\":\"pt-BR\",\"@id\":\"https:\/\/www.gaveanews.com\/#\/schema\/person\/image\/\",\"url\":\"https:\/\/secure.gravatar.com\/avatar\/3ba2d39f8a912ad65276975a996d6ad8d9e3dd13448684be8dc4d7c17099d2ee?s=96&d=mm&r=g\",\"contentUrl\":\"https:\/\/secure.gravatar.com\/avatar\/3ba2d39f8a912ad65276975a996d6ad8d9e3dd13448684be8dc4d7c17099d2ee?s=96&d=mm&r=g\",\"caption\":\"Bruno Zanchetta\"}}]}<\/script>\n<!-- \/ Yoast SEO Premium plugin. -->","yoast_head_json":{"title":"Barcelona: diretoria prepara pacot\u00e3o de sa\u00eddas","robots":{"index":"index","follow":"follow","max-snippet":"max-snippet:-1","max-image-preview":"max-image-preview:large","max-video-preview":"max-video-preview:-1"},"canonical":"https:\/\/www.gaveanews.com\/index.php\/2025\/01\/10\/barcelona-diretoria-prepara-pacotao-de-saidas\/","og_locale":"pt_BR","og_type":"article","og_title":"Barcelona: diretoria prepara pacot\u00e3o de sa\u00eddas","og_description":"O Barcelona come\u00e7ou voando na temporada com o t\u00e9cnico Hansi Flick, entretanto, perdeu o g\u00e1s no final do ano e acabou sofrendo com alguns resultados ruins. Esses resultados culminaram na perda do primeiro lugar na La Liga para o Atl\u00e9tico de Madrid e ainda o segundo lugar, que ficou com o Real Madrid. Sem perder [&hellip;]","og_url":"https:\/\/www.gaveanews.com\/index.php\/2025\/01\/10\/barcelona-diretoria-prepara-pacotao-de-saidas\/","og_site_name":"G\u00e1vea News","article_publisher":"https:\/\/facebook.com\/gaveaNews\/","article_published_time":"2025-01-10T18:05:00+00:00","og_image":[{"width":1200,"height":675,"url":"https:\/\/www.gaveanews.com\/wp-content\/uploads\/64f1c8f91532e.webp","type":"image\/jpeg"}],"author":"Bruno Zanchetta","twitter_card":"summary_large_image","twitter_misc":{"Escrito por":"Bruno Zanchetta","Est. tempo de leitura":"3 minutos"},"schema":{"@context":"https:\/\/schema.org","@graph":[{"@type":"NewsArticle","@id":"https:\/\/www.gaveanews.com\/index.php\/2025\/01\/10\/barcelona-diretoria-prepara-pacotao-de-saidas\/#article","isPartOf":{"@id":"https:\/\/www.gaveanews.com\/index.php\/2025\/01\/10\/barcelona-diretoria-prepara-pacotao-de-saidas\/"},"author":{"name":"Bruno Zanchetta","@id":"https:\/\/www.gaveanews.com\/#\/schema\/person\/32fddefab25b466689f181be346cd98c"},"headline":"Barcelona: diretoria prepara pacot\u00e3o de sa\u00eddas","datePublished":"2025-01-10T18:05:00+00:00","mainEntityOfPage":{"@id":"https:\/\/www.gaveanews.com\/index.php\/2025\/01\/10\/barcelona-diretoria-prepara-pacotao-de-saidas\/"},"wordCount":430,"commentCount":0,"image":{"@id":"https:\/\/www.gaveanews.com\/index.php\/2025\/01\/10\/barcelona-diretoria-prepara-pacotao-de-saidas\/#primaryimage"},"thumbnailUrl":"https:\/\/www.gaveanews.com\/wp-content\/uploads\/64f1c8f91532e.webp","articleSection":["Barcelona"],"inLanguage":"pt-BR","potentialAction":[{"@type":"CommentAction","name":"Comment","target":["https:\/\/www.gaveanews.com\/index.php\/2025\/01\/10\/barcelona-diretoria-prepara-pacotao-de-saidas\/#respond"]}],"copyrightYear":"2025","copyrightHolder":{"@id":"https:\/\/www.gaveanews.com\/#organization"}},{"@type":"WebPage","@id":"https:\/\/www.gaveanews.com\/index.php\/2025\/01\/10\/barcelona-diretoria-prepara-pacotao-de-saidas\/","url":"https:\/\/www.gaveanews.com\/index.php\/2025\/01\/10\/barcelona-diretoria-prepara-pacotao-de-saidas\/","name":"Barcelona: diretoria prepara pacot\u00e3o de sa\u00eddas","isPartOf":{"@id":"https:\/\/www.gaveanews.com\/#website"},"primaryImageOfPage":{"@id":"https:\/\/www.gaveanews.com\/index.php\/2025\/01\/10\/barcelona-diretoria-prepara-pacotao-de-saidas\/#primaryimage"},"image":{"@id":"https:\/\/www.gaveanews.com\/index.php\/2025\/01\/10\/barcelona-diretoria-prepara-pacotao-de-saidas\/#primaryimage"},"thumbnailUrl":"https:\/\/www.gaveanews.com\/wp-content\/uploads\/64f1c8f91532e.webp","datePublished":"2025-01-10T18:05:00+00:00","author":{"@id":"https:\/\/www.gaveanews.com\/#\/schema\/person\/32fddefab25b466689f181be346cd98c"},"breadcrumb":{"@id":"https:\/\/www.gaveanews.com\/index.php\/2025\/01\/10\/barcelona-diretoria-prepara-pacotao-de-saidas\/#breadcrumb"},"inLanguage":"pt-BR","potentialAction":[{"@type":"ReadAction","target":["https:\/\/www.gaveanews.com\/index.php\/2025\/01\/10\/barcelona-diretoria-prepara-pacotao-de-saidas\/"]}]},{"@type":"ImageObject","inLanguage":"pt-BR","@id":"https:\/\/www.gaveanews.com\/index.php\/2025\/01\/10\/barcelona-diretoria-prepara-pacotao-de-saidas\/#primaryimage","url":"https:\/\/www.gaveanews.com\/wp-content\/uploads\/64f1c8f91532e.webp","contentUrl":"https:\/\/www.gaveanews.com\/wp-content\/uploads\/64f1c8f91532e.webp","width":1200,"height":675,"caption":"Escudo do Barcelona (Foto: Reprodu\u00e7\u00e3o)"},{"@type":"BreadcrumbList","@id":"https:\/\/www.gaveanews.com\/index.php\/2025\/01\/10\/barcelona-diretoria-prepara-pacotao-de-saidas\/#breadcrumb","itemListElement":[{"@type":"ListItem","position":1,"name":"Home","item":"https:\/\/www.gaveanews.com\/"},{"@type":"ListItem","position":2,"name":"Barcelona: diretoria prepara pacot\u00e3o de sa\u00eddas"}]},{"@type":"WebSite","@id":"https:\/\/www.gaveanews.com\/#website","url":"https:\/\/www.gaveanews.com\/","name":"G\u00e1vea News","description":"Veja todas as not\u00edcias sobre o Flamengo: Contrata\u00e7\u00f5es, categorias de base, resultados das partidas, tabela de classifica\u00e7\u00e3o, pr\u00f3ximos jogos!","potentialAction":[{"@type":"SearchAction","target":{"@type":"EntryPoint","urlTemplate":"https:\/\/www.gaveanews.com\/?s={search_term_string}"},"query-input":{"@type":"PropertyValueSpecification","valueRequired":true,"valueName":"search_term_string"}}],"inLanguage":"pt-BR"},{"@type":"Person","@id":"https:\/\/www.gaveanews.com\/#\/schema\/person\/32fddefab25b466689f181be346cd98c","name":"Bruno Zanchetta","image":{"@type":"ImageObject","inLanguage":"pt-BR","@id":"https:\/\/www.gaveanews.com\/#\/schema\/person\/image\/","url":"https:\/\/secure.gravatar.com\/avatar\/3ba2d39f8a912ad65276975a996d6ad8d9e3dd13448684be8dc4d7c17099d2ee?s=96&d=mm&r=g","contentUrl":"https:\/\/secure.gravatar.com\/avatar\/3ba2d39f8a912ad65276975a996d6ad8d9e3dd13448684be8dc4d7c17099d2ee?s=96&d=mm&r=g","caption":"Bruno Zanchetta"}}]}},"_links":{"self":[{"href":"https:\/\/www.gaveanews.com\/index.php\/wp-json\/wp\/v2\/posts\/210778","targetHints":{"allow":["GET"]}}],"collection":[{"href":"https:\/\/www.gaveanews.com\/index.php\/wp-json\/wp\/v2\/posts"}],"about":[{"href":"https:\/\/www.gaveanews.com\/index.php\/wp-json\/wp\/v2\/types\/post"}],"author":[{"embeddable":true,"href":"https:\/\/www.gaveanews.com\/index.php\/wp-json\/wp\/v2\/users\/19"}],"replies":[{"embeddable":true,"href":"https:\/\/www.gaveanews.com\/index.php\/wp-json\/wp\/v2\/comments?post=210778"}],"version-history":[{"count":2,"href":"https:\/\/www.gaveanews.com\/index.php\/wp-json\/wp\/v2\/posts\/210778\/revisions"}],"predecessor-version":[{"id":210882,"href":"https:\/\/www.gaveanews.com\/index.php\/wp-json\/wp\/v2\/posts\/210778\/revisions\/210882"}],"wp:featuredmedia":[{"embeddable":true,"href":"https:\/\/www.gaveanews.com\/index.php\/wp-json\/wp\/v2\/media\/126375"}],"wp:attachment":[{"href":"https:\/\/www.gaveanews.com\/index.php\/wp-json\/wp\/v2\/media?parent=210778"}],"wp:term":[{"taxonomy":"category","embeddable":true,"href":"https:\/\/www.gaveanews.com\/index.php\/wp-json\/wp\/v2\/categories?post=210778"},{"taxonomy":"post_tag","embeddable":true,"href":"https:\/\/www.gaveanews.com\/index.php\/wp-json\/wp\/v2\/tags?post=210778"}],"curies":[{"name":"wp","href":"https:\/\/api.w.org\/{rel}","templated":true}]}}