{"id":210781,"date":"2025-01-10T13:40:22","date_gmt":"2025-01-10T16:40:22","guid":{"rendered":"https:\/\/www.gaveanews.com\/?p=210781"},"modified":"2025-01-10T13:39:01","modified_gmt":"2025-01-10T16:39:01","slug":"jogador-deseja-deixar-o-flamengo-em-definitivo","status":"publish","type":"post","link":"https:\/\/www.gaveanews.com\/index.php\/2025\/01\/10\/jogador-deseja-deixar-o-flamengo-em-definitivo\/","title":{"rendered":"Jogador deseja deixar o Flamengo em definitivo"},"content":{"rendered":"\n<p>A rela\u00e7\u00e3o entre Erick Pulgar e o Flamengo parece estar caminhando para um desfecho definitivo. Considerado por Filipe Lu\u00eds como jogador de &#8220;n\u00edvel Barcelona&#8221; e pe\u00e7a essencial no meio-campo rubro-negro, o volante chileno enfrenta um cen\u00e1rio de incerteza quanto \u00e0 renova\u00e7\u00e3o de contrato. Para os torcedores que se perguntam por que o clube n\u00e3o se movimenta com mais rapidez, a resposta est\u00e1 no desejo do jogador de retornar \u00e0 Europa e na falta de otimismo em uma negocia\u00e7\u00e3o favor\u00e1vel.<\/p>\n\n\n\n<ul class=\"wp-block-list\">\n<li><a href=\"https:\/\/www.gaveanews.com\/index.php\/2025\/01\/10\/flamengo-aceita-vender-wesley-veja-valores\/\">Flamengo aceita vender Wesley; veja valores<\/a><\/li>\n\n\n\n<li><a href=\"https:\/\/www.gaveanews.com\/index.php\/2025\/01\/10\/ele-trocou-o-flamengo-pelo-corinthians\/\">Ele trocou o Flamengo pelo Corinthians<\/a><\/li>\n<\/ul>\n\n\n\n<h2 class=\"wp-block-heading\" id=\"h-calendario-e-desgaste-as-razoes-por-tras-da-possivel-saida\">Calend\u00e1rio e desgaste: as raz\u00f5es por tr\u00e1s da poss\u00edvel sa\u00edda<\/h2>\n\n\n\n<p>Pulgar, de 30 anos, n\u00e3o esconde seu inc\u00f4modo com o calend\u00e1rio do futebol brasileiro. &#8220;O intenso calend\u00e1rio aliado \u00e0s Datas Fifa&#8221;, quando o volante frequentemente \u00e9 convocado pela sele\u00e7\u00e3o chilena, t\u00eam sido motivos de desgaste f\u00edsico. Al\u00e9m disso, cabe ressaltar que o jogador j\u00e1 buscou anteriormente uma valoriza\u00e7\u00e3o salarial, sem sucesso, mesmo sendo um dos volantes mais importantes do elenco.<\/p>\n\n\n\n<p>Esse contexto abre espa\u00e7o para o sonho de Pulgar de voltar a atuar no futebol europeu. Sendo assim, a diretoria do Flamengo j\u00e1 come\u00e7a a olhar para o mercado, avaliando op\u00e7\u00f5es para suprir a aus\u00eancia de um camisa 5 com a mesma qualidade do chileno.<\/p>\n\n\n\n<blockquote class=\"twitter-tweet\"><p lang=\"pt\" dir=\"ltr\">Pulgar, do Flamengo, sonha em voltar para a Europa.<br><br>A principal queixa do volante chileno \u00e9 o intenso calend\u00e1rio do futebol brasileiro. Aliado \u00e0s Datas FIFA, o jogador sente muito desgaste f\u00edsico com a maratona de jogos.<br><br>O jogador tem contrato com o Rubro-Negro at\u00e9 o fim deste\u2026 <a href=\"https:\/\/t.co\/Zdxnh3Pjxu\">pic.twitter.com\/Zdxnh3Pjxu<\/a><\/p>&mdash; Planeta do Futebol \ud83c\udf0e (@futebol_info) <a href=\"https:\/\/twitter.com\/futebol_info\/status\/1877690787837690085?ref_src=twsrc%5Etfw\">January 10, 2025<\/a><\/blockquote> <script async src=\"https:\/\/platform.twitter.com\/widgets.js\" charset=\"utf-8\"><\/script>\n\n\n\n<h2 class=\"wp-block-heading\" id=\"h-flamengo-busca-reposicao-no-mercado\">Flamengo busca reposi\u00e7\u00e3o no mercado<\/h2>\n\n\n\n<p>A diretoria do Flamengo encara a busca por um substituto como prioridade. Por\u00e9m, vale destacar que essa movimenta\u00e7\u00e3o ocorre com cautela. Entre os reservas, Allan ainda n\u00e3o se firmou, enquanto Everton Ara\u00fajo, jovem promessa de 21 anos, \u00e9 tratado com cuidado para n\u00e3o queimar etapas.<\/p>\n\n\n\n<p>Dessa maneira, o clube analisa a possibilidade de trazer um nome experiente e consagrado no mercado, mesmo que a contrata\u00e7\u00e3o n\u00e3o ocorra imediatamente. Portanto, com Pulgar no elenco at\u00e9 dezembro, o t\u00e9cnico Filipe Lu\u00eds continuar\u00e1 contando com o chileno como titular.<\/p>\n\n\n\n<p>Com isso, a diretoria ter\u00e1 at\u00e9 junho, antes do Super Mundial de Clubes, para ajustar o elenco e garantir que a sa\u00edda de Pulgar n\u00e3o comprometa o desempenho do Flamengo em 2025.<\/p>\n","protected":false},"excerpt":{"rendered":"<p>A rela\u00e7\u00e3o entre Erick Pulgar e o Flamengo parece estar caminhando para um desfecho definitivo. Considerado por Filipe Lu\u00eds como jogador de &#8220;n\u00edvel Barcelona&#8221; e pe\u00e7a essencial no meio-campo rubro-negro, o volante chileno enfrenta um cen\u00e1rio de incerteza quanto \u00e0 renova\u00e7\u00e3o de contrato. Para os torcedores que se perguntam por que o clube n\u00e3o se [&hellip;]<\/p>\n","protected":false},"author":24,"featured_media":124684,"comment_status":"open","ping_status":"closed","sticky":false,"template":"","format":"standard","meta":{"footnotes":""},"categories":[1],"tags":[],"class_list":["post-210781","post","type-post","status-publish","format-standard","has-post-thumbnail","hentry","category-flamengo"],"yoast_head":"<!-- This site is optimized with the Yoast SEO Premium plugin v24.2 (Yoast SEO v26.9) - https:\/\/yoast.com\/product\/yoast-seo-premium-wordpress\/ -->\n<title>Jogador deseja deixar o Flamengo em definitivo<\/title>\n<meta name=\"robots\" content=\"index, follow, max-snippet:-1, max-image-preview:large, max-video-preview:-1\" \/>\n<link rel=\"canonical\" href=\"https:\/\/www.gaveanews.com\/index.php\/2025\/01\/10\/jogador-deseja-deixar-o-flamengo-em-definitivo\/\" \/>\n<meta property=\"og:locale\" content=\"pt_BR\" \/>\n<meta property=\"og:type\" content=\"article\" \/>\n<meta property=\"og:title\" content=\"Jogador deseja deixar o Flamengo em definitivo\" \/>\n<meta property=\"og:description\" content=\"A rela\u00e7\u00e3o entre Erick Pulgar e o Flamengo parece estar caminhando para um desfecho definitivo. Considerado por Filipe Lu\u00eds como jogador de &#8220;n\u00edvel Barcelona&#8221; e pe\u00e7a essencial no meio-campo rubro-negro, o volante chileno enfrenta um cen\u00e1rio de incerteza quanto \u00e0 renova\u00e7\u00e3o de contrato. Para os torcedores que se perguntam por que o clube n\u00e3o se [&hellip;]\" \/>\n<meta property=\"og:url\" content=\"https:\/\/www.gaveanews.com\/index.php\/2025\/01\/10\/jogador-deseja-deixar-o-flamengo-em-definitivo\/\" \/>\n<meta property=\"og:site_name\" content=\"G\u00e1vea News\" \/>\n<meta property=\"article:publisher\" content=\"https:\/\/facebook.com\/gaveaNews\/\" \/>\n<meta property=\"article:published_time\" content=\"2025-01-10T16:40:22+00:00\" \/>\n<meta property=\"og:image\" content=\"https:\/\/www.gaveanews.com\/wp-content\/uploads\/escudoDoFlamengo.webp\" \/>\n\t<meta property=\"og:image:width\" content=\"1095\" \/>\n\t<meta property=\"og:image:height\" content=\"730\" \/>\n\t<meta property=\"og:image:type\" content=\"image\/webp\" \/>\n<meta name=\"author\" content=\"Leandro Cardoso\" \/>\n<meta name=\"twitter:card\" content=\"summary_large_image\" \/>\n<meta name=\"twitter:label1\" content=\"Escrito por\" \/>\n\t<meta name=\"twitter:data1\" content=\"Leandro Cardoso\" \/>\n\t<meta name=\"twitter:label2\" content=\"Est. tempo de leitura\" \/>\n\t<meta name=\"twitter:data2\" content=\"3 minutos\" \/>\n<script type=\"application\/ld+json\" class=\"yoast-schema-graph\">{\"@context\":\"https:\/\/schema.org\",\"@graph\":[{\"@type\":\"NewsArticle\",\"@id\":\"https:\/\/www.gaveanews.com\/index.php\/2025\/01\/10\/jogador-deseja-deixar-o-flamengo-em-definitivo\/#article\",\"isPartOf\":{\"@id\":\"https:\/\/www.gaveanews.com\/index.php\/2025\/01\/10\/jogador-deseja-deixar-o-flamengo-em-definitivo\/\"},\"author\":{\"name\":\"Leandro Cardoso\",\"@id\":\"https:\/\/www.gaveanews.com\/#\/schema\/person\/2424ec6409bc3f068411fc5e4e9b6168\"},\"headline\":\"Jogador deseja deixar o Flamengo em definitivo\",\"datePublished\":\"2025-01-10T16:40:22+00:00\",\"mainEntityOfPage\":{\"@id\":\"https:\/\/www.gaveanews.com\/index.php\/2025\/01\/10\/jogador-deseja-deixar-o-flamengo-em-definitivo\/\"},\"wordCount\":428,\"commentCount\":0,\"image\":{\"@id\":\"https:\/\/www.gaveanews.com\/index.php\/2025\/01\/10\/jogador-deseja-deixar-o-flamengo-em-definitivo\/#primaryimage\"},\"thumbnailUrl\":\"https:\/\/www.gaveanews.com\/wp-content\/uploads\/escudoDoFlamengo.webp\",\"articleSection\":[\"Flamengo\"],\"inLanguage\":\"pt-BR\",\"potentialAction\":[{\"@type\":\"CommentAction\",\"name\":\"Comment\",\"target\":[\"https:\/\/www.gaveanews.com\/index.php\/2025\/01\/10\/jogador-deseja-deixar-o-flamengo-em-definitivo\/#respond\"]}],\"copyrightYear\":\"2025\",\"copyrightHolder\":{\"@id\":\"https:\/\/www.gaveanews.com\/#organization\"}},{\"@type\":\"WebPage\",\"@id\":\"https:\/\/www.gaveanews.com\/index.php\/2025\/01\/10\/jogador-deseja-deixar-o-flamengo-em-definitivo\/\",\"url\":\"https:\/\/www.gaveanews.com\/index.php\/2025\/01\/10\/jogador-deseja-deixar-o-flamengo-em-definitivo\/\",\"name\":\"Jogador deseja deixar o Flamengo em definitivo\",\"isPartOf\":{\"@id\":\"https:\/\/www.gaveanews.com\/#website\"},\"primaryImageOfPage\":{\"@id\":\"https:\/\/www.gaveanews.com\/index.php\/2025\/01\/10\/jogador-deseja-deixar-o-flamengo-em-definitivo\/#primaryimage\"},\"image\":{\"@id\":\"https:\/\/www.gaveanews.com\/index.php\/2025\/01\/10\/jogador-deseja-deixar-o-flamengo-em-definitivo\/#primaryimage\"},\"thumbnailUrl\":\"https:\/\/www.gaveanews.com\/wp-content\/uploads\/escudoDoFlamengo.webp\",\"datePublished\":\"2025-01-10T16:40:22+00:00\",\"author\":{\"@id\":\"https:\/\/www.gaveanews.com\/#\/schema\/person\/2424ec6409bc3f068411fc5e4e9b6168\"},\"breadcrumb\":{\"@id\":\"https:\/\/www.gaveanews.com\/index.php\/2025\/01\/10\/jogador-deseja-deixar-o-flamengo-em-definitivo\/#breadcrumb\"},\"inLanguage\":\"pt-BR\",\"potentialAction\":[{\"@type\":\"ReadAction\",\"target\":[\"https:\/\/www.gaveanews.com\/index.php\/2025\/01\/10\/jogador-deseja-deixar-o-flamengo-em-definitivo\/\"]}]},{\"@type\":\"ImageObject\",\"inLanguage\":\"pt-BR\",\"@id\":\"https:\/\/www.gaveanews.com\/index.php\/2025\/01\/10\/jogador-deseja-deixar-o-flamengo-em-definitivo\/#primaryimage\",\"url\":\"https:\/\/www.gaveanews.com\/wp-content\/uploads\/escudoDoFlamengo.webp\",\"contentUrl\":\"https:\/\/www.gaveanews.com\/wp-content\/uploads\/escudoDoFlamengo.webp\",\"width\":1095,\"height\":730,\"caption\":\"Centro de treinamento do Flamengo (Foto: Reprodu\u00e7\u00e3o)\"},{\"@type\":\"BreadcrumbList\",\"@id\":\"https:\/\/www.gaveanews.com\/index.php\/2025\/01\/10\/jogador-deseja-deixar-o-flamengo-em-definitivo\/#breadcrumb\",\"itemListElement\":[{\"@type\":\"ListItem\",\"position\":1,\"name\":\"Home\",\"item\":\"https:\/\/www.gaveanews.com\/\"},{\"@type\":\"ListItem\",\"position\":2,\"name\":\"Jogador deseja deixar o Flamengo em definitivo\"}]},{\"@type\":\"WebSite\",\"@id\":\"https:\/\/www.gaveanews.com\/#website\",\"url\":\"https:\/\/www.gaveanews.com\/\",\"name\":\"G\u00e1vea News\",\"description\":\"Veja todas as not\u00edcias sobre o Flamengo: Contrata\u00e7\u00f5es, categorias de base, resultados das partidas, tabela de classifica\u00e7\u00e3o, pr\u00f3ximos jogos!\",\"potentialAction\":[{\"@type\":\"SearchAction\",\"target\":{\"@type\":\"EntryPoint\",\"urlTemplate\":\"https:\/\/www.gaveanews.com\/?s={search_term_string}\"},\"query-input\":{\"@type\":\"PropertyValueSpecification\",\"valueRequired\":true,\"valueName\":\"search_term_string\"}}],\"inLanguage\":\"pt-BR\"},{\"@type\":\"Person\",\"@id\":\"https:\/\/www.gaveanews.com\/#\/schema\/person\/2424ec6409bc3f068411fc5e4e9b6168\",\"name\":\"Leandro Cardoso\",\"image\":{\"@type\":\"ImageObject\",\"inLanguage\":\"pt-BR\",\"@id\":\"https:\/\/www.gaveanews.com\/#\/schema\/person\/image\/\",\"url\":\"https:\/\/secure.gravatar.com\/avatar\/8ca179f9b55eefe9f376f5493ef25475bfa59fbc28ce937f6076ce20e523098f?s=96&d=mm&r=g\",\"contentUrl\":\"https:\/\/secure.gravatar.com\/avatar\/8ca179f9b55eefe9f376f5493ef25475bfa59fbc28ce937f6076ce20e523098f?s=96&d=mm&r=g\",\"caption\":\"Leandro Cardoso\"}}]}<\/script>\n<!-- \/ Yoast SEO Premium plugin. -->","yoast_head_json":{"title":"Jogador deseja deixar o Flamengo em definitivo","robots":{"index":"index","follow":"follow","max-snippet":"max-snippet:-1","max-image-preview":"max-image-preview:large","max-video-preview":"max-video-preview:-1"},"canonical":"https:\/\/www.gaveanews.com\/index.php\/2025\/01\/10\/jogador-deseja-deixar-o-flamengo-em-definitivo\/","og_locale":"pt_BR","og_type":"article","og_title":"Jogador deseja deixar o Flamengo em definitivo","og_description":"A rela\u00e7\u00e3o entre Erick Pulgar e o Flamengo parece estar caminhando para um desfecho definitivo. Considerado por Filipe Lu\u00eds como jogador de &#8220;n\u00edvel Barcelona&#8221; e pe\u00e7a essencial no meio-campo rubro-negro, o volante chileno enfrenta um cen\u00e1rio de incerteza quanto \u00e0 renova\u00e7\u00e3o de contrato. Para os torcedores que se perguntam por que o clube n\u00e3o se [&hellip;]","og_url":"https:\/\/www.gaveanews.com\/index.php\/2025\/01\/10\/jogador-deseja-deixar-o-flamengo-em-definitivo\/","og_site_name":"G\u00e1vea News","article_publisher":"https:\/\/facebook.com\/gaveaNews\/","article_published_time":"2025-01-10T16:40:22+00:00","og_image":[{"width":1095,"height":730,"url":"https:\/\/www.gaveanews.com\/wp-content\/uploads\/escudoDoFlamengo.webp","type":"image\/webp"}],"author":"Leandro Cardoso","twitter_card":"summary_large_image","twitter_misc":{"Escrito por":"Leandro Cardoso","Est. tempo de leitura":"3 minutos"},"schema":{"@context":"https:\/\/schema.org","@graph":[{"@type":"NewsArticle","@id":"https:\/\/www.gaveanews.com\/index.php\/2025\/01\/10\/jogador-deseja-deixar-o-flamengo-em-definitivo\/#article","isPartOf":{"@id":"https:\/\/www.gaveanews.com\/index.php\/2025\/01\/10\/jogador-deseja-deixar-o-flamengo-em-definitivo\/"},"author":{"name":"Leandro Cardoso","@id":"https:\/\/www.gaveanews.com\/#\/schema\/person\/2424ec6409bc3f068411fc5e4e9b6168"},"headline":"Jogador deseja deixar o Flamengo em definitivo","datePublished":"2025-01-10T16:40:22+00:00","mainEntityOfPage":{"@id":"https:\/\/www.gaveanews.com\/index.php\/2025\/01\/10\/jogador-deseja-deixar-o-flamengo-em-definitivo\/"},"wordCount":428,"commentCount":0,"image":{"@id":"https:\/\/www.gaveanews.com\/index.php\/2025\/01\/10\/jogador-deseja-deixar-o-flamengo-em-definitivo\/#primaryimage"},"thumbnailUrl":"https:\/\/www.gaveanews.com\/wp-content\/uploads\/escudoDoFlamengo.webp","articleSection":["Flamengo"],"inLanguage":"pt-BR","potentialAction":[{"@type":"CommentAction","name":"Comment","target":["https:\/\/www.gaveanews.com\/index.php\/2025\/01\/10\/jogador-deseja-deixar-o-flamengo-em-definitivo\/#respond"]}],"copyrightYear":"2025","copyrightHolder":{"@id":"https:\/\/www.gaveanews.com\/#organization"}},{"@type":"WebPage","@id":"https:\/\/www.gaveanews.com\/index.php\/2025\/01\/10\/jogador-deseja-deixar-o-flamengo-em-definitivo\/","url":"https:\/\/www.gaveanews.com\/index.php\/2025\/01\/10\/jogador-deseja-deixar-o-flamengo-em-definitivo\/","name":"Jogador deseja deixar o Flamengo em definitivo","isPartOf":{"@id":"https:\/\/www.gaveanews.com\/#website"},"primaryImageOfPage":{"@id":"https:\/\/www.gaveanews.com\/index.php\/2025\/01\/10\/jogador-deseja-deixar-o-flamengo-em-definitivo\/#primaryimage"},"image":{"@id":"https:\/\/www.gaveanews.com\/index.php\/2025\/01\/10\/jogador-deseja-deixar-o-flamengo-em-definitivo\/#primaryimage"},"thumbnailUrl":"https:\/\/www.gaveanews.com\/wp-content\/uploads\/escudoDoFlamengo.webp","datePublished":"2025-01-10T16:40:22+00:00","author":{"@id":"https:\/\/www.gaveanews.com\/#\/schema\/person\/2424ec6409bc3f068411fc5e4e9b6168"},"breadcrumb":{"@id":"https:\/\/www.gaveanews.com\/index.php\/2025\/01\/10\/jogador-deseja-deixar-o-flamengo-em-definitivo\/#breadcrumb"},"inLanguage":"pt-BR","potentialAction":[{"@type":"ReadAction","target":["https:\/\/www.gaveanews.com\/index.php\/2025\/01\/10\/jogador-deseja-deixar-o-flamengo-em-definitivo\/"]}]},{"@type":"ImageObject","inLanguage":"pt-BR","@id":"https:\/\/www.gaveanews.com\/index.php\/2025\/01\/10\/jogador-deseja-deixar-o-flamengo-em-definitivo\/#primaryimage","url":"https:\/\/www.gaveanews.com\/wp-content\/uploads\/escudoDoFlamengo.webp","contentUrl":"https:\/\/www.gaveanews.com\/wp-content\/uploads\/escudoDoFlamengo.webp","width":1095,"height":730,"caption":"Centro de treinamento do Flamengo (Foto: Reprodu\u00e7\u00e3o)"},{"@type":"BreadcrumbList","@id":"https:\/\/www.gaveanews.com\/index.php\/2025\/01\/10\/jogador-deseja-deixar-o-flamengo-em-definitivo\/#breadcrumb","itemListElement":[{"@type":"ListItem","position":1,"name":"Home","item":"https:\/\/www.gaveanews.com\/"},{"@type":"ListItem","position":2,"name":"Jogador deseja deixar o Flamengo em definitivo"}]},{"@type":"WebSite","@id":"https:\/\/www.gaveanews.com\/#website","url":"https:\/\/www.gaveanews.com\/","name":"G\u00e1vea News","description":"Veja todas as not\u00edcias sobre o Flamengo: Contrata\u00e7\u00f5es, categorias de base, resultados das partidas, tabela de classifica\u00e7\u00e3o, pr\u00f3ximos jogos!","potentialAction":[{"@type":"SearchAction","target":{"@type":"EntryPoint","urlTemplate":"https:\/\/www.gaveanews.com\/?s={search_term_string}"},"query-input":{"@type":"PropertyValueSpecification","valueRequired":true,"valueName":"search_term_string"}}],"inLanguage":"pt-BR"},{"@type":"Person","@id":"https:\/\/www.gaveanews.com\/#\/schema\/person\/2424ec6409bc3f068411fc5e4e9b6168","name":"Leandro Cardoso","image":{"@type":"ImageObject","inLanguage":"pt-BR","@id":"https:\/\/www.gaveanews.com\/#\/schema\/person\/image\/","url":"https:\/\/secure.gravatar.com\/avatar\/8ca179f9b55eefe9f376f5493ef25475bfa59fbc28ce937f6076ce20e523098f?s=96&d=mm&r=g","contentUrl":"https:\/\/secure.gravatar.com\/avatar\/8ca179f9b55eefe9f376f5493ef25475bfa59fbc28ce937f6076ce20e523098f?s=96&d=mm&r=g","caption":"Leandro Cardoso"}}]}},"_links":{"self":[{"href":"https:\/\/www.gaveanews.com\/index.php\/wp-json\/wp\/v2\/posts\/210781","targetHints":{"allow":["GET"]}}],"collection":[{"href":"https:\/\/www.gaveanews.com\/index.php\/wp-json\/wp\/v2\/posts"}],"about":[{"href":"https:\/\/www.gaveanews.com\/index.php\/wp-json\/wp\/v2\/types\/post"}],"author":[{"embeddable":true,"href":"https:\/\/www.gaveanews.com\/index.php\/wp-json\/wp\/v2\/users\/24"}],"replies":[{"embeddable":true,"href":"https:\/\/www.gaveanews.com\/index.php\/wp-json\/wp\/v2\/comments?post=210781"}],"version-history":[{"count":1,"href":"https:\/\/www.gaveanews.com\/index.php\/wp-json\/wp\/v2\/posts\/210781\/revisions"}],"predecessor-version":[{"id":210784,"href":"https:\/\/www.gaveanews.com\/index.php\/wp-json\/wp\/v2\/posts\/210781\/revisions\/210784"}],"wp:featuredmedia":[{"embeddable":true,"href":"https:\/\/www.gaveanews.com\/index.php\/wp-json\/wp\/v2\/media\/124684"}],"wp:attachment":[{"href":"https:\/\/www.gaveanews.com\/index.php\/wp-json\/wp\/v2\/media?parent=210781"}],"wp:term":[{"taxonomy":"category","embeddable":true,"href":"https:\/\/www.gaveanews.com\/index.php\/wp-json\/wp\/v2\/categories?post=210781"},{"taxonomy":"post_tag","embeddable":true,"href":"https:\/\/www.gaveanews.com\/index.php\/wp-json\/wp\/v2\/tags?post=210781"}],"curies":[{"name":"wp","href":"https:\/\/api.w.org\/{rel}","templated":true}]}}