{"id":210791,"date":"2025-01-10T12:55:26","date_gmt":"2025-01-10T15:55:26","guid":{"rendered":"https:\/\/www.gaveanews.com\/?p=210791"},"modified":"2025-01-10T12:05:35","modified_gmt":"2025-01-10T15:05:35","slug":"edmundo-avalia-contratacoes-do-vasco","status":"publish","type":"post","link":"https:\/\/www.gaveanews.com\/index.php\/2025\/01\/10\/edmundo-avalia-contratacoes-do-vasco\/","title":{"rendered":"Edmundo avalia contrata\u00e7\u00f5es do Vasco"},"content":{"rendered":"\n<p>A expectativa da torcida do Vasco para 2025 \u00e9 alta, mas o cen\u00e1rio atual traz algumas incertezas. A SAF do clube, ainda sob o comando de Pedrinho, enfrenta dificuldades para realizar grandes investimentos, o que preocupa at\u00e9 mesmo \u00eddolos como Edmundo.&nbsp;<\/p>\n\n\n\n<ul class=\"wp-block-list\">\n<li><a href=\"https:\/\/www.gaveanews.com\/index.php\/2025\/01\/09\/vasco-lucas-pedrosa-aponta-prioridade-do-vasco-na-janela-de-transferencias\/\">Vasco: Lucas Pedrosa aponta prioridade do Vasco na janela de transfer\u00eancias<\/a><\/li>\n\n\n\n<li><a href=\"https:\/\/www.gaveanews.com\/index.php\/2025\/01\/09\/vasco-faz-publicacao-direcionada-a-paulinho-2\/\">Vasco faz publica\u00e7\u00e3o direcionada a Paulinho<\/a><\/li>\n<\/ul>\n\n\n\n<h2 class=\"wp-block-heading\" id=\"h-a-saf-e-os-desafios-financeiros\">A SAF e os desafios financeiros<\/h2>\n\n\n\n<p>A SAF do Vasco ainda caminha sob a lideran\u00e7a de Pedrinho, sem contar com um apoio financeiro robusto. Por isso, o clube tem buscado contrata\u00e7\u00f5es mais acess\u00edveis, como Tch\u00ea Tch\u00ea, Daniel Fuzato e Lucas Oliveira.&nbsp;<\/p>\n\n\n\n<p>Vale destacar que essas movimenta\u00e7\u00f5es mostram uma diretoria atenta ao mercado, mas ainda longe de oferecer grandes refor\u00e7os. Isso porque o fluxo de caixa limitado e as d\u00edvidas acumuladas restringem as op\u00e7\u00f5es.&nbsp;<\/p>\n\n\n\n<p>Sendo assim, a meta de elevar o patamar do time para 2025 enfrenta barreiras significativas. Essa situa\u00e7\u00e3o levanta d\u00favidas at\u00e9 entre os maiores entusiastas do clube.<\/p>\n\n\n\n<h2 class=\"wp-block-heading\" id=\"h-eu-esperava-mais-desabafa-edmundo\">&#8220;Eu esperava mais&#8221;, desabafa Edmundo<\/h2>\n\n\n\n<p>Em recente declara\u00e7\u00e3o, Edmundo avaliou as expectativas e as limita\u00e7\u00f5es do Vasco para a pr\u00f3xima temporada:<\/p>\n\n\n\n<p>\u201cEu gostei, mas esperava mais. Eu esperava que o Vasco pudesse ter um t\u00e9cnico mais renomado e que exigisse mais contrata\u00e7\u00f5es de peso. Os notici\u00e1rios d\u00e3o conta de que o Vasco tenta, mas n\u00e3o consegue por culpa de estar devendo, fluxo de caixa e n\u00e3o fazer grandes investimentos. Eu acreditava que a temporada de 2025 fosse melhor, mas, hoje, eu tenho d\u00favidas que possa acontecer.\u201d<\/p>\n\n\n\n<p>Dessa maneira, fica claro que as dificuldades financeiras do clube impactam diretamente os planos mais ambiciosos.&nbsp;<\/p>\n\n\n\n<p>Cabe ressaltar que Edmundo n\u00e3o est\u00e1 sozinho nessa preocupa\u00e7\u00e3o. Muitos torcedores compartilham do mesmo sentimento, o que gera discuss\u00f5es intensas sobre o futuro do cruzmaltino.<\/p>\n\n\n\n<h2 class=\"wp-block-heading\" id=\"h-o-que-esperar-do-vasco-em-2025\">O que esperar do Vasco em 2025?<\/h2>\n\n\n\n<p>Apesar das limita\u00e7\u00f5es, o Vasco segue tentando refor\u00e7ar o elenco e se manter competitivo. A gest\u00e3o da SAF busca alternativas vi\u00e1veis para melhorar o fluxo financeiro.&nbsp;<\/p>\n\n\n\n<p>Por isso, o grande desafio da diretoria ser\u00e1 mostrar que \u00e9 poss\u00edvel superar os obst\u00e1culos e entregar resultados que reconquistem a confian\u00e7a da torcida.<\/p>\n","protected":false},"excerpt":{"rendered":"<p>A expectativa da torcida do Vasco para 2025 \u00e9 alta, mas o cen\u00e1rio atual traz algumas incertezas. A SAF do clube, ainda sob o comando de Pedrinho, enfrenta dificuldades para realizar grandes investimentos, o que preocupa at\u00e9 mesmo \u00eddolos como Edmundo.&nbsp; A SAF e os desafios financeiros A SAF do Vasco ainda caminha sob a [&hellip;]<\/p>\n","protected":false},"author":25,"featured_media":145853,"comment_status":"open","ping_status":"closed","sticky":false,"template":"","format":"standard","meta":{"footnotes":""},"categories":[152],"tags":[],"class_list":["post-210791","post","type-post","status-publish","format-standard","has-post-thumbnail","hentry","category-vasco"],"yoast_head":"<!-- This site is optimized with the Yoast SEO Premium plugin v24.2 (Yoast SEO v26.9) - https:\/\/yoast.com\/product\/yoast-seo-premium-wordpress\/ -->\n<title>Edmundo avalia contrata\u00e7\u00f5es do Vasco<\/title>\n<meta name=\"robots\" content=\"index, follow, max-snippet:-1, max-image-preview:large, max-video-preview:-1\" \/>\n<link rel=\"canonical\" href=\"https:\/\/www.gaveanews.com\/index.php\/2025\/01\/10\/edmundo-avalia-contratacoes-do-vasco\/\" \/>\n<meta property=\"og:locale\" content=\"pt_BR\" \/>\n<meta property=\"og:type\" content=\"article\" \/>\n<meta property=\"og:title\" content=\"Edmundo avalia contrata\u00e7\u00f5es do Vasco\" \/>\n<meta property=\"og:description\" content=\"A expectativa da torcida do Vasco para 2025 \u00e9 alta, mas o cen\u00e1rio atual traz algumas incertezas. A SAF do clube, ainda sob o comando de Pedrinho, enfrenta dificuldades para realizar grandes investimentos, o que preocupa at\u00e9 mesmo \u00eddolos como Edmundo.&nbsp; A SAF e os desafios financeiros A SAF do Vasco ainda caminha sob a [&hellip;]\" \/>\n<meta property=\"og:url\" content=\"https:\/\/www.gaveanews.com\/index.php\/2025\/01\/10\/edmundo-avalia-contratacoes-do-vasco\/\" \/>\n<meta property=\"og:site_name\" content=\"G\u00e1vea News\" \/>\n<meta property=\"article:publisher\" content=\"https:\/\/facebook.com\/gaveaNews\/\" \/>\n<meta property=\"article:published_time\" content=\"2025-01-10T15:55:26+00:00\" \/>\n<meta property=\"og:image\" content=\"https:\/\/www.gaveanews.com\/wp-content\/uploads\/edmundo-band-729x400-1.webp\" \/>\n\t<meta property=\"og:image:width\" content=\"729\" \/>\n\t<meta property=\"og:image:height\" content=\"400\" \/>\n\t<meta property=\"og:image:type\" content=\"image\/jpeg\" \/>\n<meta name=\"author\" content=\"Rafaela Ladeira\" \/>\n<meta name=\"twitter:card\" content=\"summary_large_image\" \/>\n<meta name=\"twitter:label1\" content=\"Escrito por\" \/>\n\t<meta name=\"twitter:data1\" content=\"Rafaela Ladeira\" \/>\n\t<meta name=\"twitter:label2\" content=\"Est. tempo de leitura\" \/>\n\t<meta name=\"twitter:data2\" content=\"3 minutos\" \/>\n<script type=\"application\/ld+json\" class=\"yoast-schema-graph\">{\"@context\":\"https:\/\/schema.org\",\"@graph\":[{\"@type\":\"NewsArticle\",\"@id\":\"https:\/\/www.gaveanews.com\/index.php\/2025\/01\/10\/edmundo-avalia-contratacoes-do-vasco\/#article\",\"isPartOf\":{\"@id\":\"https:\/\/www.gaveanews.com\/index.php\/2025\/01\/10\/edmundo-avalia-contratacoes-do-vasco\/\"},\"author\":{\"name\":\"Rafaela Ladeira\",\"@id\":\"https:\/\/www.gaveanews.com\/#\/schema\/person\/0eb3e3fe1754f0205218538adbe8f5ed\"},\"headline\":\"Edmundo avalia contrata\u00e7\u00f5es do Vasco\",\"datePublished\":\"2025-01-10T15:55:26+00:00\",\"mainEntityOfPage\":{\"@id\":\"https:\/\/www.gaveanews.com\/index.php\/2025\/01\/10\/edmundo-avalia-contratacoes-do-vasco\/\"},\"wordCount\":378,\"commentCount\":0,\"image\":{\"@id\":\"https:\/\/www.gaveanews.com\/index.php\/2025\/01\/10\/edmundo-avalia-contratacoes-do-vasco\/#primaryimage\"},\"thumbnailUrl\":\"https:\/\/www.gaveanews.com\/wp-content\/uploads\/edmundo-band-729x400-1.webp\",\"articleSection\":[\"Vasco\"],\"inLanguage\":\"pt-BR\",\"potentialAction\":[{\"@type\":\"CommentAction\",\"name\":\"Comment\",\"target\":[\"https:\/\/www.gaveanews.com\/index.php\/2025\/01\/10\/edmundo-avalia-contratacoes-do-vasco\/#respond\"]}],\"copyrightYear\":\"2025\",\"copyrightHolder\":{\"@id\":\"https:\/\/www.gaveanews.com\/#organization\"}},{\"@type\":\"WebPage\",\"@id\":\"https:\/\/www.gaveanews.com\/index.php\/2025\/01\/10\/edmundo-avalia-contratacoes-do-vasco\/\",\"url\":\"https:\/\/www.gaveanews.com\/index.php\/2025\/01\/10\/edmundo-avalia-contratacoes-do-vasco\/\",\"name\":\"Edmundo avalia contrata\u00e7\u00f5es do Vasco\",\"isPartOf\":{\"@id\":\"https:\/\/www.gaveanews.com\/#website\"},\"primaryImageOfPage\":{\"@id\":\"https:\/\/www.gaveanews.com\/index.php\/2025\/01\/10\/edmundo-avalia-contratacoes-do-vasco\/#primaryimage\"},\"image\":{\"@id\":\"https:\/\/www.gaveanews.com\/index.php\/2025\/01\/10\/edmundo-avalia-contratacoes-do-vasco\/#primaryimage\"},\"thumbnailUrl\":\"https:\/\/www.gaveanews.com\/wp-content\/uploads\/edmundo-band-729x400-1.webp\",\"datePublished\":\"2025-01-10T15:55:26+00:00\",\"author\":{\"@id\":\"https:\/\/www.gaveanews.com\/#\/schema\/person\/0eb3e3fe1754f0205218538adbe8f5ed\"},\"breadcrumb\":{\"@id\":\"https:\/\/www.gaveanews.com\/index.php\/2025\/01\/10\/edmundo-avalia-contratacoes-do-vasco\/#breadcrumb\"},\"inLanguage\":\"pt-BR\",\"potentialAction\":[{\"@type\":\"ReadAction\",\"target\":[\"https:\/\/www.gaveanews.com\/index.php\/2025\/01\/10\/edmundo-avalia-contratacoes-do-vasco\/\"]}]},{\"@type\":\"ImageObject\",\"inLanguage\":\"pt-BR\",\"@id\":\"https:\/\/www.gaveanews.com\/index.php\/2025\/01\/10\/edmundo-avalia-contratacoes-do-vasco\/#primaryimage\",\"url\":\"https:\/\/www.gaveanews.com\/wp-content\/uploads\/edmundo-band-729x400-1.webp\",\"contentUrl\":\"https:\/\/www.gaveanews.com\/wp-content\/uploads\/edmundo-band-729x400-1.webp\",\"width\":729,\"height\":400,\"caption\":\"Edmundo (Foto: Reprodu\u00e7\u00e3o)\"},{\"@type\":\"BreadcrumbList\",\"@id\":\"https:\/\/www.gaveanews.com\/index.php\/2025\/01\/10\/edmundo-avalia-contratacoes-do-vasco\/#breadcrumb\",\"itemListElement\":[{\"@type\":\"ListItem\",\"position\":1,\"name\":\"Home\",\"item\":\"https:\/\/www.gaveanews.com\/\"},{\"@type\":\"ListItem\",\"position\":2,\"name\":\"Edmundo avalia contrata\u00e7\u00f5es do Vasco\"}]},{\"@type\":\"WebSite\",\"@id\":\"https:\/\/www.gaveanews.com\/#website\",\"url\":\"https:\/\/www.gaveanews.com\/\",\"name\":\"G\u00e1vea News\",\"description\":\"Veja todas as not\u00edcias sobre o Flamengo: Contrata\u00e7\u00f5es, categorias de base, resultados das partidas, tabela de classifica\u00e7\u00e3o, pr\u00f3ximos jogos!\",\"potentialAction\":[{\"@type\":\"SearchAction\",\"target\":{\"@type\":\"EntryPoint\",\"urlTemplate\":\"https:\/\/www.gaveanews.com\/?s={search_term_string}\"},\"query-input\":{\"@type\":\"PropertyValueSpecification\",\"valueRequired\":true,\"valueName\":\"search_term_string\"}}],\"inLanguage\":\"pt-BR\"},{\"@type\":\"Person\",\"@id\":\"https:\/\/www.gaveanews.com\/#\/schema\/person\/0eb3e3fe1754f0205218538adbe8f5ed\",\"name\":\"Rafaela Ladeira\",\"image\":{\"@type\":\"ImageObject\",\"inLanguage\":\"pt-BR\",\"@id\":\"https:\/\/www.gaveanews.com\/#\/schema\/person\/image\/\",\"url\":\"https:\/\/secure.gravatar.com\/avatar\/c31f513acffd85eacab5730cbdfdbbf59f21ba5aeada8cd890acea879fbb2455?s=96&d=mm&r=g\",\"contentUrl\":\"https:\/\/secure.gravatar.com\/avatar\/c31f513acffd85eacab5730cbdfdbbf59f21ba5aeada8cd890acea879fbb2455?s=96&d=mm&r=g\",\"caption\":\"Rafaela Ladeira\"}}]}<\/script>\n<!-- \/ Yoast SEO Premium plugin. -->","yoast_head_json":{"title":"Edmundo avalia contrata\u00e7\u00f5es do Vasco","robots":{"index":"index","follow":"follow","max-snippet":"max-snippet:-1","max-image-preview":"max-image-preview:large","max-video-preview":"max-video-preview:-1"},"canonical":"https:\/\/www.gaveanews.com\/index.php\/2025\/01\/10\/edmundo-avalia-contratacoes-do-vasco\/","og_locale":"pt_BR","og_type":"article","og_title":"Edmundo avalia contrata\u00e7\u00f5es do Vasco","og_description":"A expectativa da torcida do Vasco para 2025 \u00e9 alta, mas o cen\u00e1rio atual traz algumas incertezas. A SAF do clube, ainda sob o comando de Pedrinho, enfrenta dificuldades para realizar grandes investimentos, o que preocupa at\u00e9 mesmo \u00eddolos como Edmundo.&nbsp; A SAF e os desafios financeiros A SAF do Vasco ainda caminha sob a [&hellip;]","og_url":"https:\/\/www.gaveanews.com\/index.php\/2025\/01\/10\/edmundo-avalia-contratacoes-do-vasco\/","og_site_name":"G\u00e1vea News","article_publisher":"https:\/\/facebook.com\/gaveaNews\/","article_published_time":"2025-01-10T15:55:26+00:00","og_image":[{"width":729,"height":400,"url":"https:\/\/www.gaveanews.com\/wp-content\/uploads\/edmundo-band-729x400-1.webp","type":"image\/jpeg"}],"author":"Rafaela Ladeira","twitter_card":"summary_large_image","twitter_misc":{"Escrito por":"Rafaela Ladeira","Est. tempo de leitura":"3 minutos"},"schema":{"@context":"https:\/\/schema.org","@graph":[{"@type":"NewsArticle","@id":"https:\/\/www.gaveanews.com\/index.php\/2025\/01\/10\/edmundo-avalia-contratacoes-do-vasco\/#article","isPartOf":{"@id":"https:\/\/www.gaveanews.com\/index.php\/2025\/01\/10\/edmundo-avalia-contratacoes-do-vasco\/"},"author":{"name":"Rafaela Ladeira","@id":"https:\/\/www.gaveanews.com\/#\/schema\/person\/0eb3e3fe1754f0205218538adbe8f5ed"},"headline":"Edmundo avalia contrata\u00e7\u00f5es do Vasco","datePublished":"2025-01-10T15:55:26+00:00","mainEntityOfPage":{"@id":"https:\/\/www.gaveanews.com\/index.php\/2025\/01\/10\/edmundo-avalia-contratacoes-do-vasco\/"},"wordCount":378,"commentCount":0,"image":{"@id":"https:\/\/www.gaveanews.com\/index.php\/2025\/01\/10\/edmundo-avalia-contratacoes-do-vasco\/#primaryimage"},"thumbnailUrl":"https:\/\/www.gaveanews.com\/wp-content\/uploads\/edmundo-band-729x400-1.webp","articleSection":["Vasco"],"inLanguage":"pt-BR","potentialAction":[{"@type":"CommentAction","name":"Comment","target":["https:\/\/www.gaveanews.com\/index.php\/2025\/01\/10\/edmundo-avalia-contratacoes-do-vasco\/#respond"]}],"copyrightYear":"2025","copyrightHolder":{"@id":"https:\/\/www.gaveanews.com\/#organization"}},{"@type":"WebPage","@id":"https:\/\/www.gaveanews.com\/index.php\/2025\/01\/10\/edmundo-avalia-contratacoes-do-vasco\/","url":"https:\/\/www.gaveanews.com\/index.php\/2025\/01\/10\/edmundo-avalia-contratacoes-do-vasco\/","name":"Edmundo avalia contrata\u00e7\u00f5es do Vasco","isPartOf":{"@id":"https:\/\/www.gaveanews.com\/#website"},"primaryImageOfPage":{"@id":"https:\/\/www.gaveanews.com\/index.php\/2025\/01\/10\/edmundo-avalia-contratacoes-do-vasco\/#primaryimage"},"image":{"@id":"https:\/\/www.gaveanews.com\/index.php\/2025\/01\/10\/edmundo-avalia-contratacoes-do-vasco\/#primaryimage"},"thumbnailUrl":"https:\/\/www.gaveanews.com\/wp-content\/uploads\/edmundo-band-729x400-1.webp","datePublished":"2025-01-10T15:55:26+00:00","author":{"@id":"https:\/\/www.gaveanews.com\/#\/schema\/person\/0eb3e3fe1754f0205218538adbe8f5ed"},"breadcrumb":{"@id":"https:\/\/www.gaveanews.com\/index.php\/2025\/01\/10\/edmundo-avalia-contratacoes-do-vasco\/#breadcrumb"},"inLanguage":"pt-BR","potentialAction":[{"@type":"ReadAction","target":["https:\/\/www.gaveanews.com\/index.php\/2025\/01\/10\/edmundo-avalia-contratacoes-do-vasco\/"]}]},{"@type":"ImageObject","inLanguage":"pt-BR","@id":"https:\/\/www.gaveanews.com\/index.php\/2025\/01\/10\/edmundo-avalia-contratacoes-do-vasco\/#primaryimage","url":"https:\/\/www.gaveanews.com\/wp-content\/uploads\/edmundo-band-729x400-1.webp","contentUrl":"https:\/\/www.gaveanews.com\/wp-content\/uploads\/edmundo-band-729x400-1.webp","width":729,"height":400,"caption":"Edmundo (Foto: Reprodu\u00e7\u00e3o)"},{"@type":"BreadcrumbList","@id":"https:\/\/www.gaveanews.com\/index.php\/2025\/01\/10\/edmundo-avalia-contratacoes-do-vasco\/#breadcrumb","itemListElement":[{"@type":"ListItem","position":1,"name":"Home","item":"https:\/\/www.gaveanews.com\/"},{"@type":"ListItem","position":2,"name":"Edmundo avalia contrata\u00e7\u00f5es do Vasco"}]},{"@type":"WebSite","@id":"https:\/\/www.gaveanews.com\/#website","url":"https:\/\/www.gaveanews.com\/","name":"G\u00e1vea News","description":"Veja todas as not\u00edcias sobre o Flamengo: Contrata\u00e7\u00f5es, categorias de base, resultados das partidas, tabela de classifica\u00e7\u00e3o, pr\u00f3ximos jogos!","potentialAction":[{"@type":"SearchAction","target":{"@type":"EntryPoint","urlTemplate":"https:\/\/www.gaveanews.com\/?s={search_term_string}"},"query-input":{"@type":"PropertyValueSpecification","valueRequired":true,"valueName":"search_term_string"}}],"inLanguage":"pt-BR"},{"@type":"Person","@id":"https:\/\/www.gaveanews.com\/#\/schema\/person\/0eb3e3fe1754f0205218538adbe8f5ed","name":"Rafaela Ladeira","image":{"@type":"ImageObject","inLanguage":"pt-BR","@id":"https:\/\/www.gaveanews.com\/#\/schema\/person\/image\/","url":"https:\/\/secure.gravatar.com\/avatar\/c31f513acffd85eacab5730cbdfdbbf59f21ba5aeada8cd890acea879fbb2455?s=96&d=mm&r=g","contentUrl":"https:\/\/secure.gravatar.com\/avatar\/c31f513acffd85eacab5730cbdfdbbf59f21ba5aeada8cd890acea879fbb2455?s=96&d=mm&r=g","caption":"Rafaela Ladeira"}}]}},"_links":{"self":[{"href":"https:\/\/www.gaveanews.com\/index.php\/wp-json\/wp\/v2\/posts\/210791","targetHints":{"allow":["GET"]}}],"collection":[{"href":"https:\/\/www.gaveanews.com\/index.php\/wp-json\/wp\/v2\/posts"}],"about":[{"href":"https:\/\/www.gaveanews.com\/index.php\/wp-json\/wp\/v2\/types\/post"}],"author":[{"embeddable":true,"href":"https:\/\/www.gaveanews.com\/index.php\/wp-json\/wp\/v2\/users\/25"}],"replies":[{"embeddable":true,"href":"https:\/\/www.gaveanews.com\/index.php\/wp-json\/wp\/v2\/comments?post=210791"}],"version-history":[{"count":1,"href":"https:\/\/www.gaveanews.com\/index.php\/wp-json\/wp\/v2\/posts\/210791\/revisions"}],"predecessor-version":[{"id":210792,"href":"https:\/\/www.gaveanews.com\/index.php\/wp-json\/wp\/v2\/posts\/210791\/revisions\/210792"}],"wp:featuredmedia":[{"embeddable":true,"href":"https:\/\/www.gaveanews.com\/index.php\/wp-json\/wp\/v2\/media\/145853"}],"wp:attachment":[{"href":"https:\/\/www.gaveanews.com\/index.php\/wp-json\/wp\/v2\/media?parent=210791"}],"wp:term":[{"taxonomy":"category","embeddable":true,"href":"https:\/\/www.gaveanews.com\/index.php\/wp-json\/wp\/v2\/categories?post=210791"},{"taxonomy":"post_tag","embeddable":true,"href":"https:\/\/www.gaveanews.com\/index.php\/wp-json\/wp\/v2\/tags?post=210791"}],"curies":[{"name":"wp","href":"https:\/\/api.w.org\/{rel}","templated":true}]}}