{"id":210834,"date":"2025-01-10T17:25:00","date_gmt":"2025-01-10T20:25:00","guid":{"rendered":"https:\/\/www.gaveanews.com\/?p=210834"},"modified":"2025-01-10T17:05:44","modified_gmt":"2025-01-10T20:05:44","slug":"internacional-define-primeira-meta-para-2025","status":"publish","type":"post","link":"https:\/\/www.gaveanews.com\/index.php\/2025\/01\/10\/internacional-define-primeira-meta-para-2025\/","title":{"rendered":"Internacional define primeira meta para 2025"},"content":{"rendered":"\n<p>O Internacional entra em 2025 com a miss\u00e3o de retomar a conquista de t\u00edtulos, e a primeira grande meta est\u00e1 bem definida: o Campeonato Ga\u00facho.&nbsp;<\/p>\n\n\n\n<ul class=\"wp-block-list\">\n<li><a href=\"https:\/\/www.gaveanews.com\/index.php\/2025\/01\/09\/agora-atacante-rescinde-com-o-internacional\/\">Agora: atacante rescinde com o Internacional<\/a><\/li>\n\n\n\n<li><a href=\"https:\/\/www.gaveanews.com\/index.php\/2025\/01\/09\/internacional-atualizacao-sobre-a-contratacao-de-bernabei\/\">Internacional: atualiza\u00e7\u00e3o sobre a contrata\u00e7\u00e3o de Bernabei<\/a><\/li>\n<\/ul>\n\n\n\n<p>Com isso, o clube busca n\u00e3o s\u00f3 recuperar a hegemonia no estado, mas tamb\u00e9m aliviar a press\u00e3o que vem se acumulando desde 2016, quando o Colorado n\u00e3o venceu o estadual.&nbsp;<\/p>\n\n\n\n<p>A competi\u00e7\u00e3o, embora menos prestigiada que outros torneios, tem uma relev\u00e2ncia simb\u00f3lica significativa para o time, porque al\u00e9m de interromper a sequ\u00eancia vitoriosa do Gr\u00eamio, seria uma demonstra\u00e7\u00e3o de recupera\u00e7\u00e3o do Inter em um ano que promete desafios em n\u00edvel nacional e internacional.<\/p>\n\n\n\n<h2 class=\"wp-block-heading\" id=\"h-o-gauchao-como-trampolim-para-2025\">O Gauch\u00e3o como trampolim para 2025<\/h2>\n\n\n\n<p>Jos\u00e9 Olavo Bisol, vice-presidente de futebol, ressaltou a responsabilidade do clube:&nbsp;<\/p>\n\n\n\n<p>\u201cNossa primeira ambi\u00e7\u00e3o \u00e9 o Gauch\u00e3o. Uma responsabilidade n\u00e3o s\u00f3 pelo campeonato em si, mas do Inter com o Inter. Voltar ao caminho dos t\u00edtulos, das vit\u00f3rias e fazer o torcedor ter alegrias.\u201d&nbsp;<\/p>\n\n\n\n<p>Dessa maneira, conquistar o estadual tem um peso simb\u00f3lico e pr\u00e1tico, j\u00e1 que esse t\u00edtulo traria tranquilidade ao clube para encarar uma temporada cheia de desafios, especialmente considerando o peso da Libertadores.<\/p>\n\n\n\n<h2 class=\"wp-block-heading\" id=\"h-a-preparacao-e-os-planos-do-inter-para-o-estadual\">A prepara\u00e7\u00e3o e os planos do Inter para o Estadual<\/h2>\n\n\n\n<p>Al\u00e9m disso, o fato de o Gauch\u00e3o ser disputado antes das principais competi\u00e7\u00f5es internacionais e nacionais traz uma vantagem. A fase de grupos da Libertadores e o in\u00edcio do Campeonato Brasileiro ocorrem depois do t\u00e9rmino do estadual, o que permite ao Inter focar exclusivamente na competi\u00e7\u00e3o local sem a sobrecarga de outras disputas paralelas.<\/p>\n\n\n\n<p>Com isso, a equipe ter\u00e1 a chance de iniciar o ano com um objetivo claro e sem distra\u00e7\u00f5es, facilitando o planejamento para o restante da temporada.<\/p>\n\n\n\n<p>D&#8217;Alessandro, diretor esportivo do clube, enfatizou a import\u00e2ncia do Gauch\u00e3o como primeiro passo da temporada:&nbsp;<\/p>\n\n\n\n<p>\u201cExistir\u00e1 o maior dos esfor\u00e7os dos atletas j\u00e1 na primeira competi\u00e7\u00e3o, que ser\u00e1 muito importante para n\u00f3s, com um trabalho muito bom para continuar a sequ\u00eancia que a gente vem desde o ano passado.\u201d<\/p>\n\n\n\n<p>Sendo assim, o clube n\u00e3o apenas busca o t\u00edtulo, mas tamb\u00e9m quer manter o bom desempenho mostrado na reta final de 2024.<\/p>\n\n\n\n<h2 class=\"wp-block-heading\" id=\"h-novidades-no-elenco-e-reforcos-para-2025\">Novidades no elenco e refor\u00e7os para 2025<\/h2>\n\n\n\n<p>A dire\u00e7\u00e3o segue monitorando o mercado e fechando acordos com novos jogadores, como o volante Ronaldo e o atacante Vitinho, para fortalecer o elenco. Cabe ressaltar que o clube ainda busca refor\u00e7os em diversas posi\u00e7\u00f5es, incluindo zagueiros, lateral-esquerdo e mais um atacante.<\/p>\n\n\n\n<p>A press\u00e3o \u00e9 grande sobre o Inter, que precisa dar resultados para a sua torcida. Com isso, o foco no Gauch\u00e3o \u00e9 uma estrat\u00e9gia para fortalecer o grupo e colocar o Internacional de volta no caminho das vit\u00f3rias.<\/p>\n","protected":false},"excerpt":{"rendered":"<p>O Internacional entra em 2025 com a miss\u00e3o de retomar a conquista de t\u00edtulos, e a primeira grande meta est\u00e1 bem definida: o Campeonato Ga\u00facho.&nbsp; Com isso, o clube busca n\u00e3o s\u00f3 recuperar a hegemonia no estado, mas tamb\u00e9m aliviar a press\u00e3o que vem se acumulando desde 2016, quando o Colorado n\u00e3o venceu o estadual.&nbsp; [&hellip;]<\/p>\n","protected":false},"author":25,"featured_media":173600,"comment_status":"open","ping_status":"closed","sticky":false,"template":"","format":"standard","meta":{"footnotes":""},"categories":[148],"tags":[],"class_list":["post-210834","post","type-post","status-publish","format-standard","has-post-thumbnail","hentry","category-internacional"],"yoast_head":"<!-- This site is optimized with the Yoast SEO Premium plugin v24.2 (Yoast SEO v26.9) - https:\/\/yoast.com\/product\/yoast-seo-premium-wordpress\/ -->\n<title>Internacional define primeira meta para 2025<\/title>\n<meta name=\"robots\" content=\"index, follow, max-snippet:-1, max-image-preview:large, max-video-preview:-1\" \/>\n<link rel=\"canonical\" href=\"https:\/\/www.gaveanews.com\/index.php\/2025\/01\/10\/internacional-define-primeira-meta-para-2025\/\" \/>\n<meta property=\"og:locale\" content=\"pt_BR\" \/>\n<meta property=\"og:type\" content=\"article\" \/>\n<meta property=\"og:title\" content=\"Internacional define primeira meta para 2025\" \/>\n<meta property=\"og:description\" content=\"O Internacional entra em 2025 com a miss\u00e3o de retomar a conquista de t\u00edtulos, e a primeira grande meta est\u00e1 bem definida: o Campeonato Ga\u00facho.&nbsp; Com isso, o clube busca n\u00e3o s\u00f3 recuperar a hegemonia no estado, mas tamb\u00e9m aliviar a press\u00e3o que vem se acumulando desde 2016, quando o Colorado n\u00e3o venceu o estadual.&nbsp; [&hellip;]\" \/>\n<meta property=\"og:url\" content=\"https:\/\/www.gaveanews.com\/index.php\/2025\/01\/10\/internacional-define-primeira-meta-para-2025\/\" \/>\n<meta property=\"og:site_name\" content=\"G\u00e1vea News\" \/>\n<meta property=\"article:publisher\" content=\"https:\/\/facebook.com\/gaveaNews\/\" \/>\n<meta property=\"article:published_time\" content=\"2025-01-10T20:25:00+00:00\" \/>\n<meta property=\"og:image\" content=\"https:\/\/www.gaveanews.com\/wp-content\/uploads\/Escudo-do-Internacional.webp\" \/>\n\t<meta property=\"og:image:width\" content=\"1728\" \/>\n\t<meta property=\"og:image:height\" content=\"1080\" \/>\n\t<meta property=\"og:image:type\" content=\"image\/webp\" \/>\n<meta name=\"author\" content=\"Rafaela Ladeira\" \/>\n<meta name=\"twitter:card\" content=\"summary_large_image\" \/>\n<meta name=\"twitter:label1\" content=\"Escrito por\" \/>\n\t<meta name=\"twitter:data1\" content=\"Rafaela Ladeira\" \/>\n\t<meta name=\"twitter:label2\" content=\"Est. tempo de leitura\" \/>\n\t<meta name=\"twitter:data2\" content=\"3 minutos\" \/>\n<script type=\"application\/ld+json\" class=\"yoast-schema-graph\">{\"@context\":\"https:\/\/schema.org\",\"@graph\":[{\"@type\":\"NewsArticle\",\"@id\":\"https:\/\/www.gaveanews.com\/index.php\/2025\/01\/10\/internacional-define-primeira-meta-para-2025\/#article\",\"isPartOf\":{\"@id\":\"https:\/\/www.gaveanews.com\/index.php\/2025\/01\/10\/internacional-define-primeira-meta-para-2025\/\"},\"author\":{\"name\":\"Rafaela Ladeira\",\"@id\":\"https:\/\/www.gaveanews.com\/#\/schema\/person\/0eb3e3fe1754f0205218538adbe8f5ed\"},\"headline\":\"Internacional define primeira meta para 2025\",\"datePublished\":\"2025-01-10T20:25:00+00:00\",\"mainEntityOfPage\":{\"@id\":\"https:\/\/www.gaveanews.com\/index.php\/2025\/01\/10\/internacional-define-primeira-meta-para-2025\/\"},\"wordCount\":496,\"commentCount\":0,\"image\":{\"@id\":\"https:\/\/www.gaveanews.com\/index.php\/2025\/01\/10\/internacional-define-primeira-meta-para-2025\/#primaryimage\"},\"thumbnailUrl\":\"https:\/\/www.gaveanews.com\/wp-content\/uploads\/Escudo-do-Internacional.webp\",\"articleSection\":[\"Internacional\"],\"inLanguage\":\"pt-BR\",\"potentialAction\":[{\"@type\":\"CommentAction\",\"name\":\"Comment\",\"target\":[\"https:\/\/www.gaveanews.com\/index.php\/2025\/01\/10\/internacional-define-primeira-meta-para-2025\/#respond\"]}],\"copyrightYear\":\"2025\",\"copyrightHolder\":{\"@id\":\"https:\/\/www.gaveanews.com\/#organization\"}},{\"@type\":\"WebPage\",\"@id\":\"https:\/\/www.gaveanews.com\/index.php\/2025\/01\/10\/internacional-define-primeira-meta-para-2025\/\",\"url\":\"https:\/\/www.gaveanews.com\/index.php\/2025\/01\/10\/internacional-define-primeira-meta-para-2025\/\",\"name\":\"Internacional define primeira meta para 2025\",\"isPartOf\":{\"@id\":\"https:\/\/www.gaveanews.com\/#website\"},\"primaryImageOfPage\":{\"@id\":\"https:\/\/www.gaveanews.com\/index.php\/2025\/01\/10\/internacional-define-primeira-meta-para-2025\/#primaryimage\"},\"image\":{\"@id\":\"https:\/\/www.gaveanews.com\/index.php\/2025\/01\/10\/internacional-define-primeira-meta-para-2025\/#primaryimage\"},\"thumbnailUrl\":\"https:\/\/www.gaveanews.com\/wp-content\/uploads\/Escudo-do-Internacional.webp\",\"datePublished\":\"2025-01-10T20:25:00+00:00\",\"author\":{\"@id\":\"https:\/\/www.gaveanews.com\/#\/schema\/person\/0eb3e3fe1754f0205218538adbe8f5ed\"},\"breadcrumb\":{\"@id\":\"https:\/\/www.gaveanews.com\/index.php\/2025\/01\/10\/internacional-define-primeira-meta-para-2025\/#breadcrumb\"},\"inLanguage\":\"pt-BR\",\"potentialAction\":[{\"@type\":\"ReadAction\",\"target\":[\"https:\/\/www.gaveanews.com\/index.php\/2025\/01\/10\/internacional-define-primeira-meta-para-2025\/\"]}]},{\"@type\":\"ImageObject\",\"inLanguage\":\"pt-BR\",\"@id\":\"https:\/\/www.gaveanews.com\/index.php\/2025\/01\/10\/internacional-define-primeira-meta-para-2025\/#primaryimage\",\"url\":\"https:\/\/www.gaveanews.com\/wp-content\/uploads\/Escudo-do-Internacional.webp\",\"contentUrl\":\"https:\/\/www.gaveanews.com\/wp-content\/uploads\/Escudo-do-Internacional.webp\",\"width\":1728,\"height\":1080,\"caption\":\"Escudo do Internacional (Foto: Reprodu\u00e7\u00e3o)\"},{\"@type\":\"BreadcrumbList\",\"@id\":\"https:\/\/www.gaveanews.com\/index.php\/2025\/01\/10\/internacional-define-primeira-meta-para-2025\/#breadcrumb\",\"itemListElement\":[{\"@type\":\"ListItem\",\"position\":1,\"name\":\"Home\",\"item\":\"https:\/\/www.gaveanews.com\/\"},{\"@type\":\"ListItem\",\"position\":2,\"name\":\"Internacional define primeira meta para 2025\"}]},{\"@type\":\"WebSite\",\"@id\":\"https:\/\/www.gaveanews.com\/#website\",\"url\":\"https:\/\/www.gaveanews.com\/\",\"name\":\"G\u00e1vea News\",\"description\":\"Veja todas as not\u00edcias sobre o Flamengo: Contrata\u00e7\u00f5es, categorias de base, resultados das partidas, tabela de classifica\u00e7\u00e3o, pr\u00f3ximos jogos!\",\"potentialAction\":[{\"@type\":\"SearchAction\",\"target\":{\"@type\":\"EntryPoint\",\"urlTemplate\":\"https:\/\/www.gaveanews.com\/?s={search_term_string}\"},\"query-input\":{\"@type\":\"PropertyValueSpecification\",\"valueRequired\":true,\"valueName\":\"search_term_string\"}}],\"inLanguage\":\"pt-BR\"},{\"@type\":\"Person\",\"@id\":\"https:\/\/www.gaveanews.com\/#\/schema\/person\/0eb3e3fe1754f0205218538adbe8f5ed\",\"name\":\"Rafaela Ladeira\",\"image\":{\"@type\":\"ImageObject\",\"inLanguage\":\"pt-BR\",\"@id\":\"https:\/\/www.gaveanews.com\/#\/schema\/person\/image\/\",\"url\":\"https:\/\/secure.gravatar.com\/avatar\/c31f513acffd85eacab5730cbdfdbbf59f21ba5aeada8cd890acea879fbb2455?s=96&d=mm&r=g\",\"contentUrl\":\"https:\/\/secure.gravatar.com\/avatar\/c31f513acffd85eacab5730cbdfdbbf59f21ba5aeada8cd890acea879fbb2455?s=96&d=mm&r=g\",\"caption\":\"Rafaela Ladeira\"}}]}<\/script>\n<!-- \/ Yoast SEO Premium plugin. -->","yoast_head_json":{"title":"Internacional define primeira meta para 2025","robots":{"index":"index","follow":"follow","max-snippet":"max-snippet:-1","max-image-preview":"max-image-preview:large","max-video-preview":"max-video-preview:-1"},"canonical":"https:\/\/www.gaveanews.com\/index.php\/2025\/01\/10\/internacional-define-primeira-meta-para-2025\/","og_locale":"pt_BR","og_type":"article","og_title":"Internacional define primeira meta para 2025","og_description":"O Internacional entra em 2025 com a miss\u00e3o de retomar a conquista de t\u00edtulos, e a primeira grande meta est\u00e1 bem definida: o Campeonato Ga\u00facho.&nbsp; Com isso, o clube busca n\u00e3o s\u00f3 recuperar a hegemonia no estado, mas tamb\u00e9m aliviar a press\u00e3o que vem se acumulando desde 2016, quando o Colorado n\u00e3o venceu o estadual.&nbsp; [&hellip;]","og_url":"https:\/\/www.gaveanews.com\/index.php\/2025\/01\/10\/internacional-define-primeira-meta-para-2025\/","og_site_name":"G\u00e1vea News","article_publisher":"https:\/\/facebook.com\/gaveaNews\/","article_published_time":"2025-01-10T20:25:00+00:00","og_image":[{"width":1728,"height":1080,"url":"https:\/\/www.gaveanews.com\/wp-content\/uploads\/Escudo-do-Internacional.webp","type":"image\/webp"}],"author":"Rafaela Ladeira","twitter_card":"summary_large_image","twitter_misc":{"Escrito por":"Rafaela Ladeira","Est. tempo de leitura":"3 minutos"},"schema":{"@context":"https:\/\/schema.org","@graph":[{"@type":"NewsArticle","@id":"https:\/\/www.gaveanews.com\/index.php\/2025\/01\/10\/internacional-define-primeira-meta-para-2025\/#article","isPartOf":{"@id":"https:\/\/www.gaveanews.com\/index.php\/2025\/01\/10\/internacional-define-primeira-meta-para-2025\/"},"author":{"name":"Rafaela Ladeira","@id":"https:\/\/www.gaveanews.com\/#\/schema\/person\/0eb3e3fe1754f0205218538adbe8f5ed"},"headline":"Internacional define primeira meta para 2025","datePublished":"2025-01-10T20:25:00+00:00","mainEntityOfPage":{"@id":"https:\/\/www.gaveanews.com\/index.php\/2025\/01\/10\/internacional-define-primeira-meta-para-2025\/"},"wordCount":496,"commentCount":0,"image":{"@id":"https:\/\/www.gaveanews.com\/index.php\/2025\/01\/10\/internacional-define-primeira-meta-para-2025\/#primaryimage"},"thumbnailUrl":"https:\/\/www.gaveanews.com\/wp-content\/uploads\/Escudo-do-Internacional.webp","articleSection":["Internacional"],"inLanguage":"pt-BR","potentialAction":[{"@type":"CommentAction","name":"Comment","target":["https:\/\/www.gaveanews.com\/index.php\/2025\/01\/10\/internacional-define-primeira-meta-para-2025\/#respond"]}],"copyrightYear":"2025","copyrightHolder":{"@id":"https:\/\/www.gaveanews.com\/#organization"}},{"@type":"WebPage","@id":"https:\/\/www.gaveanews.com\/index.php\/2025\/01\/10\/internacional-define-primeira-meta-para-2025\/","url":"https:\/\/www.gaveanews.com\/index.php\/2025\/01\/10\/internacional-define-primeira-meta-para-2025\/","name":"Internacional define primeira meta para 2025","isPartOf":{"@id":"https:\/\/www.gaveanews.com\/#website"},"primaryImageOfPage":{"@id":"https:\/\/www.gaveanews.com\/index.php\/2025\/01\/10\/internacional-define-primeira-meta-para-2025\/#primaryimage"},"image":{"@id":"https:\/\/www.gaveanews.com\/index.php\/2025\/01\/10\/internacional-define-primeira-meta-para-2025\/#primaryimage"},"thumbnailUrl":"https:\/\/www.gaveanews.com\/wp-content\/uploads\/Escudo-do-Internacional.webp","datePublished":"2025-01-10T20:25:00+00:00","author":{"@id":"https:\/\/www.gaveanews.com\/#\/schema\/person\/0eb3e3fe1754f0205218538adbe8f5ed"},"breadcrumb":{"@id":"https:\/\/www.gaveanews.com\/index.php\/2025\/01\/10\/internacional-define-primeira-meta-para-2025\/#breadcrumb"},"inLanguage":"pt-BR","potentialAction":[{"@type":"ReadAction","target":["https:\/\/www.gaveanews.com\/index.php\/2025\/01\/10\/internacional-define-primeira-meta-para-2025\/"]}]},{"@type":"ImageObject","inLanguage":"pt-BR","@id":"https:\/\/www.gaveanews.com\/index.php\/2025\/01\/10\/internacional-define-primeira-meta-para-2025\/#primaryimage","url":"https:\/\/www.gaveanews.com\/wp-content\/uploads\/Escudo-do-Internacional.webp","contentUrl":"https:\/\/www.gaveanews.com\/wp-content\/uploads\/Escudo-do-Internacional.webp","width":1728,"height":1080,"caption":"Escudo do Internacional (Foto: Reprodu\u00e7\u00e3o)"},{"@type":"BreadcrumbList","@id":"https:\/\/www.gaveanews.com\/index.php\/2025\/01\/10\/internacional-define-primeira-meta-para-2025\/#breadcrumb","itemListElement":[{"@type":"ListItem","position":1,"name":"Home","item":"https:\/\/www.gaveanews.com\/"},{"@type":"ListItem","position":2,"name":"Internacional define primeira meta para 2025"}]},{"@type":"WebSite","@id":"https:\/\/www.gaveanews.com\/#website","url":"https:\/\/www.gaveanews.com\/","name":"G\u00e1vea News","description":"Veja todas as not\u00edcias sobre o Flamengo: Contrata\u00e7\u00f5es, categorias de base, resultados das partidas, tabela de classifica\u00e7\u00e3o, pr\u00f3ximos jogos!","potentialAction":[{"@type":"SearchAction","target":{"@type":"EntryPoint","urlTemplate":"https:\/\/www.gaveanews.com\/?s={search_term_string}"},"query-input":{"@type":"PropertyValueSpecification","valueRequired":true,"valueName":"search_term_string"}}],"inLanguage":"pt-BR"},{"@type":"Person","@id":"https:\/\/www.gaveanews.com\/#\/schema\/person\/0eb3e3fe1754f0205218538adbe8f5ed","name":"Rafaela Ladeira","image":{"@type":"ImageObject","inLanguage":"pt-BR","@id":"https:\/\/www.gaveanews.com\/#\/schema\/person\/image\/","url":"https:\/\/secure.gravatar.com\/avatar\/c31f513acffd85eacab5730cbdfdbbf59f21ba5aeada8cd890acea879fbb2455?s=96&d=mm&r=g","contentUrl":"https:\/\/secure.gravatar.com\/avatar\/c31f513acffd85eacab5730cbdfdbbf59f21ba5aeada8cd890acea879fbb2455?s=96&d=mm&r=g","caption":"Rafaela Ladeira"}}]}},"_links":{"self":[{"href":"https:\/\/www.gaveanews.com\/index.php\/wp-json\/wp\/v2\/posts\/210834","targetHints":{"allow":["GET"]}}],"collection":[{"href":"https:\/\/www.gaveanews.com\/index.php\/wp-json\/wp\/v2\/posts"}],"about":[{"href":"https:\/\/www.gaveanews.com\/index.php\/wp-json\/wp\/v2\/types\/post"}],"author":[{"embeddable":true,"href":"https:\/\/www.gaveanews.com\/index.php\/wp-json\/wp\/v2\/users\/25"}],"replies":[{"embeddable":true,"href":"https:\/\/www.gaveanews.com\/index.php\/wp-json\/wp\/v2\/comments?post=210834"}],"version-history":[{"count":1,"href":"https:\/\/www.gaveanews.com\/index.php\/wp-json\/wp\/v2\/posts\/210834\/revisions"}],"predecessor-version":[{"id":210835,"href":"https:\/\/www.gaveanews.com\/index.php\/wp-json\/wp\/v2\/posts\/210834\/revisions\/210835"}],"wp:featuredmedia":[{"embeddable":true,"href":"https:\/\/www.gaveanews.com\/index.php\/wp-json\/wp\/v2\/media\/173600"}],"wp:attachment":[{"href":"https:\/\/www.gaveanews.com\/index.php\/wp-json\/wp\/v2\/media?parent=210834"}],"wp:term":[{"taxonomy":"category","embeddable":true,"href":"https:\/\/www.gaveanews.com\/index.php\/wp-json\/wp\/v2\/categories?post=210834"},{"taxonomy":"post_tag","embeddable":true,"href":"https:\/\/www.gaveanews.com\/index.php\/wp-json\/wp\/v2\/tags?post=210834"}],"curies":[{"name":"wp","href":"https:\/\/api.w.org\/{rel}","templated":true}]}}