{"id":210838,"date":"2025-01-10T18:35:00","date_gmt":"2025-01-10T21:35:00","guid":{"rendered":"https:\/\/www.gaveanews.com\/?p=210838"},"modified":"2025-01-10T18:29:32","modified_gmt":"2025-01-10T21:29:32","slug":"palmeiras-reage-a-oferta-para-contratar-jorginho-do-arsenal","status":"publish","type":"post","link":"https:\/\/www.gaveanews.com\/index.php\/2025\/01\/10\/palmeiras-reage-a-oferta-para-contratar-jorginho-do-arsenal\/","title":{"rendered":"Palmeiras reage a oferta para contratar Jorginho, do Arsenal"},"content":{"rendered":"\n<p>A busca por refor\u00e7os no mercado da bola nunca para, e o Palmeiras, que tem focado em fortalecer seu elenco, recebeu uma proposta de empres\u00e1rios envolvendo o meio-campista Jorginho, do Arsenal. No entanto, apesar da oferta, a diretoria do clube paulista n\u00e3o demonstrou grande empolga\u00e7\u00e3o. O que ser\u00e1 que est\u00e1 por tr\u00e1s dessa decis\u00e3o?<\/p>\n\n\n\n<ul class=\"wp-block-list\">\n<li><a href=\"https:\/\/www.gaveanews.com\/index.php\/2025\/01\/09\/rony-treina-separado-no-palmeiras\/\">Rony treina separado no Palmeiras<\/a><\/li>\n\n\n\n<li><a href=\"https:\/\/www.gaveanews.com\/index.php\/2025\/01\/09\/casagrande-faz-comparacao-entre-corinthians-e-palmeiras\/\">Casagrande faz compara\u00e7\u00e3o entre Corinthians e Palmeiras<\/a><\/li>\n<\/ul>\n\n\n\n<h2 class=\"wp-block-heading\" id=\"h-jorginho-e-oferecido-ao-palmeiras\">Jorginho \u00e9 oferecido ao Palmeiras<\/h2>\n\n\n\n<p>Jorginho, com contrato com o Arsenal at\u00e9 junho de 2025, j\u00e1 tem a possibilidade de assinar um pr\u00e9-contrato, sem custos de transa\u00e7\u00e3o. A proposta para o Palmeiras partiu dos empres\u00e1rios do jogador, conforme publicado pela ESPN e confirmado pela coluna. No entanto, apesar da especula\u00e7\u00e3o, o clube n\u00e3o se deixou levar pela ideia. &#8220;O que mais tem \u00e9 jogador sendo oferecido&#8221;, afirmou uma pessoa pr\u00f3xima \u00e0 diretoria palmeirense.<\/p>\n\n\n\n<p>O staff de Jorginho, por sua vez, n\u00e3o descarta a possibilidade de buscar uma libera\u00e7\u00e3o antecipada junto ao Arsenal e v\u00ea com bons olhos a chance de o jogador atuar no futebol brasileiro. Isso porque, se o neg\u00f3cio com o Palmeiras n\u00e3o avan\u00e7ar, o jogador pode ser oferecido a outros clubes do pa\u00eds.<\/p>\n\n\n\n<blockquote class=\"twitter-tweet\"><p lang=\"pt\" dir=\"ltr\">Palmeiras n\u00e3o se anima com possibilidade de contratar Jorginho, oferecido ao clube.<br><br>O Verd\u00e3o trata a situa\u00e7\u00e3o como corriqueira. &quot;O que mais tem \u00e9 jogador sendo oferecido&quot;, disse uma fonte pr\u00f3xima da diretoria.<br><br>O estafe de Jorginho v\u00ea com bons olhos uma ida ao futebol brasileiro\u2026 <a href=\"https:\/\/t.co\/4W89EWjOYY\">pic.twitter.com\/4W89EWjOYY<\/a><\/p>&mdash; Planeta do Futebol \ud83c\udf0e (@futebol_info) <a href=\"https:\/\/twitter.com\/futebol_info\/status\/1877741210640531738?ref_src=twsrc%5Etfw\">January 10, 2025<\/a><\/blockquote> <script async src=\"https:\/\/platform.twitter.com\/widgets.js\" charset=\"utf-8\"><\/script>\n\n\n\n<h2 class=\"wp-block-heading\" id=\"h-palmeiras-prioriza-andreas-pereira\">Palmeiras prioriza Andreas Pereira<\/h2>\n\n\n\n<p>Vale destacar que, no momento, o Palmeiras tem outros planos para o meio-campo. O nome de Andreas Pereira, ex-Flamengo e atualmente no Fulham, segue como prioridade para a diretoria. O clube alviverde ainda tenta convencer o Fulham a liberar o jogador, que pode ser o refor\u00e7o t\u00e3o desejado para a posi\u00e7\u00e3o.<\/p>\n\n\n\n<p>Sendo assim, a prioridade do Palmeiras no mercado \u00e9 clara: eles t\u00eam buscado refor\u00e7os estrat\u00e9gicos e, por enquanto, n\u00e3o est\u00e3o dispostos a investir em Jorginho, embora a possibilidade de negocia\u00e7\u00e3o com outros clubes ainda esteja em aberto.<\/p>\n\n\n\n<p>Portanto, a movimenta\u00e7\u00e3o envolvendo Jorginho deve ser acompanhada de perto. Se o Palmeiras mantiver seu foco em outras negocia\u00e7\u00f5es, como a de Andreas Pereira, o jogador pode ser oferecido a outros times no Brasil. Com isso, o futuro de Jorginho no futebol brasileiro pode ser desenhado por outras equipes, caso o Arsenal decida liberar o atleta mais cedo do que o previsto.<\/p>\n","protected":false},"excerpt":{"rendered":"<p>A busca por refor\u00e7os no mercado da bola nunca para, e o Palmeiras, que tem focado em fortalecer seu elenco, recebeu uma proposta de empres\u00e1rios envolvendo o meio-campista Jorginho, do Arsenal. No entanto, apesar da oferta, a diretoria do clube paulista n\u00e3o demonstrou grande empolga\u00e7\u00e3o. O que ser\u00e1 que est\u00e1 por tr\u00e1s dessa decis\u00e3o? Jorginho [&hellip;]<\/p>\n","protected":false},"author":24,"featured_media":152159,"comment_status":"open","ping_status":"closed","sticky":false,"template":"","format":"standard","meta":{"footnotes":""},"categories":[91,150],"tags":[],"class_list":["post-210838","post","type-post","status-publish","format-standard","has-post-thumbnail","hentry","category-arsenal","category-palmeiras"],"yoast_head":"<!-- This site is optimized with the Yoast SEO Premium plugin v24.2 (Yoast SEO v26.9) - https:\/\/yoast.com\/product\/yoast-seo-premium-wordpress\/ -->\n<title>Palmeiras reage a oferta para contratar Jorginho, do Arsenal<\/title>\n<meta name=\"robots\" content=\"index, follow, max-snippet:-1, max-image-preview:large, max-video-preview:-1\" \/>\n<link rel=\"canonical\" href=\"https:\/\/www.gaveanews.com\/index.php\/2025\/01\/10\/palmeiras-reage-a-oferta-para-contratar-jorginho-do-arsenal\/\" \/>\n<meta property=\"og:locale\" content=\"pt_BR\" \/>\n<meta property=\"og:type\" content=\"article\" \/>\n<meta property=\"og:title\" content=\"Palmeiras reage a oferta para contratar Jorginho, do Arsenal\" \/>\n<meta property=\"og:description\" content=\"A busca por refor\u00e7os no mercado da bola nunca para, e o Palmeiras, que tem focado em fortalecer seu elenco, recebeu uma proposta de empres\u00e1rios envolvendo o meio-campista Jorginho, do Arsenal. No entanto, apesar da oferta, a diretoria do clube paulista n\u00e3o demonstrou grande empolga\u00e7\u00e3o. O que ser\u00e1 que est\u00e1 por tr\u00e1s dessa decis\u00e3o? Jorginho [&hellip;]\" \/>\n<meta property=\"og:url\" content=\"https:\/\/www.gaveanews.com\/index.php\/2025\/01\/10\/palmeiras-reage-a-oferta-para-contratar-jorginho-do-arsenal\/\" \/>\n<meta property=\"og:site_name\" content=\"G\u00e1vea News\" \/>\n<meta property=\"article:publisher\" content=\"https:\/\/facebook.com\/gaveaNews\/\" \/>\n<meta property=\"article:published_time\" content=\"2025-01-10T21:35:00+00:00\" \/>\n<meta property=\"og:image\" content=\"https:\/\/www.gaveanews.com\/wp-content\/uploads\/Escudo-do-Palmeiras.webp\" \/>\n\t<meta property=\"og:image:width\" content=\"1000\" \/>\n\t<meta property=\"og:image:height\" content=\"667\" \/>\n\t<meta property=\"og:image:type\" content=\"image\/webp\" \/>\n<meta name=\"author\" content=\"Leandro Cardoso\" \/>\n<meta name=\"twitter:card\" content=\"summary_large_image\" \/>\n<meta name=\"twitter:label1\" content=\"Escrito por\" \/>\n\t<meta name=\"twitter:data1\" content=\"Leandro Cardoso\" \/>\n\t<meta name=\"twitter:label2\" content=\"Est. tempo de leitura\" \/>\n\t<meta name=\"twitter:data2\" content=\"3 minutos\" \/>\n<script type=\"application\/ld+json\" class=\"yoast-schema-graph\">{\"@context\":\"https:\/\/schema.org\",\"@graph\":[{\"@type\":\"NewsArticle\",\"@id\":\"https:\/\/www.gaveanews.com\/index.php\/2025\/01\/10\/palmeiras-reage-a-oferta-para-contratar-jorginho-do-arsenal\/#article\",\"isPartOf\":{\"@id\":\"https:\/\/www.gaveanews.com\/index.php\/2025\/01\/10\/palmeiras-reage-a-oferta-para-contratar-jorginho-do-arsenal\/\"},\"author\":{\"name\":\"Leandro Cardoso\",\"@id\":\"https:\/\/www.gaveanews.com\/#\/schema\/person\/2424ec6409bc3f068411fc5e4e9b6168\"},\"headline\":\"Palmeiras reage a oferta para contratar Jorginho, do Arsenal\",\"datePublished\":\"2025-01-10T21:35:00+00:00\",\"mainEntityOfPage\":{\"@id\":\"https:\/\/www.gaveanews.com\/index.php\/2025\/01\/10\/palmeiras-reage-a-oferta-para-contratar-jorginho-do-arsenal\/\"},\"wordCount\":443,\"commentCount\":0,\"image\":{\"@id\":\"https:\/\/www.gaveanews.com\/index.php\/2025\/01\/10\/palmeiras-reage-a-oferta-para-contratar-jorginho-do-arsenal\/#primaryimage\"},\"thumbnailUrl\":\"https:\/\/www.gaveanews.com\/wp-content\/uploads\/Escudo-do-Palmeiras.webp\",\"articleSection\":[\"Arsenal\",\"Palmeiras\"],\"inLanguage\":\"pt-BR\",\"potentialAction\":[{\"@type\":\"CommentAction\",\"name\":\"Comment\",\"target\":[\"https:\/\/www.gaveanews.com\/index.php\/2025\/01\/10\/palmeiras-reage-a-oferta-para-contratar-jorginho-do-arsenal\/#respond\"]}],\"copyrightYear\":\"2025\",\"copyrightHolder\":{\"@id\":\"https:\/\/www.gaveanews.com\/#organization\"}},{\"@type\":\"WebPage\",\"@id\":\"https:\/\/www.gaveanews.com\/index.php\/2025\/01\/10\/palmeiras-reage-a-oferta-para-contratar-jorginho-do-arsenal\/\",\"url\":\"https:\/\/www.gaveanews.com\/index.php\/2025\/01\/10\/palmeiras-reage-a-oferta-para-contratar-jorginho-do-arsenal\/\",\"name\":\"Palmeiras reage a oferta para contratar Jorginho, do Arsenal\",\"isPartOf\":{\"@id\":\"https:\/\/www.gaveanews.com\/#website\"},\"primaryImageOfPage\":{\"@id\":\"https:\/\/www.gaveanews.com\/index.php\/2025\/01\/10\/palmeiras-reage-a-oferta-para-contratar-jorginho-do-arsenal\/#primaryimage\"},\"image\":{\"@id\":\"https:\/\/www.gaveanews.com\/index.php\/2025\/01\/10\/palmeiras-reage-a-oferta-para-contratar-jorginho-do-arsenal\/#primaryimage\"},\"thumbnailUrl\":\"https:\/\/www.gaveanews.com\/wp-content\/uploads\/Escudo-do-Palmeiras.webp\",\"datePublished\":\"2025-01-10T21:35:00+00:00\",\"author\":{\"@id\":\"https:\/\/www.gaveanews.com\/#\/schema\/person\/2424ec6409bc3f068411fc5e4e9b6168\"},\"breadcrumb\":{\"@id\":\"https:\/\/www.gaveanews.com\/index.php\/2025\/01\/10\/palmeiras-reage-a-oferta-para-contratar-jorginho-do-arsenal\/#breadcrumb\"},\"inLanguage\":\"pt-BR\",\"potentialAction\":[{\"@type\":\"ReadAction\",\"target\":[\"https:\/\/www.gaveanews.com\/index.php\/2025\/01\/10\/palmeiras-reage-a-oferta-para-contratar-jorginho-do-arsenal\/\"]}]},{\"@type\":\"ImageObject\",\"inLanguage\":\"pt-BR\",\"@id\":\"https:\/\/www.gaveanews.com\/index.php\/2025\/01\/10\/palmeiras-reage-a-oferta-para-contratar-jorginho-do-arsenal\/#primaryimage\",\"url\":\"https:\/\/www.gaveanews.com\/wp-content\/uploads\/Escudo-do-Palmeiras.webp\",\"contentUrl\":\"https:\/\/www.gaveanews.com\/wp-content\/uploads\/Escudo-do-Palmeiras.webp\",\"width\":1000,\"height\":667,\"caption\":\"Escudo do Palmeiras (Foto Reprodu\u00e7\u00e3o\/Instagram)\"},{\"@type\":\"BreadcrumbList\",\"@id\":\"https:\/\/www.gaveanews.com\/index.php\/2025\/01\/10\/palmeiras-reage-a-oferta-para-contratar-jorginho-do-arsenal\/#breadcrumb\",\"itemListElement\":[{\"@type\":\"ListItem\",\"position\":1,\"name\":\"Home\",\"item\":\"https:\/\/www.gaveanews.com\/\"},{\"@type\":\"ListItem\",\"position\":2,\"name\":\"Palmeiras reage a oferta para contratar Jorginho, do Arsenal\"}]},{\"@type\":\"WebSite\",\"@id\":\"https:\/\/www.gaveanews.com\/#website\",\"url\":\"https:\/\/www.gaveanews.com\/\",\"name\":\"G\u00e1vea News\",\"description\":\"Veja todas as not\u00edcias sobre o Flamengo: Contrata\u00e7\u00f5es, categorias de base, resultados das partidas, tabela de classifica\u00e7\u00e3o, pr\u00f3ximos jogos!\",\"potentialAction\":[{\"@type\":\"SearchAction\",\"target\":{\"@type\":\"EntryPoint\",\"urlTemplate\":\"https:\/\/www.gaveanews.com\/?s={search_term_string}\"},\"query-input\":{\"@type\":\"PropertyValueSpecification\",\"valueRequired\":true,\"valueName\":\"search_term_string\"}}],\"inLanguage\":\"pt-BR\"},{\"@type\":\"Person\",\"@id\":\"https:\/\/www.gaveanews.com\/#\/schema\/person\/2424ec6409bc3f068411fc5e4e9b6168\",\"name\":\"Leandro Cardoso\",\"image\":{\"@type\":\"ImageObject\",\"inLanguage\":\"pt-BR\",\"@id\":\"https:\/\/www.gaveanews.com\/#\/schema\/person\/image\/\",\"url\":\"https:\/\/secure.gravatar.com\/avatar\/8ca179f9b55eefe9f376f5493ef25475bfa59fbc28ce937f6076ce20e523098f?s=96&d=mm&r=g\",\"contentUrl\":\"https:\/\/secure.gravatar.com\/avatar\/8ca179f9b55eefe9f376f5493ef25475bfa59fbc28ce937f6076ce20e523098f?s=96&d=mm&r=g\",\"caption\":\"Leandro Cardoso\"}}]}<\/script>\n<!-- \/ Yoast SEO Premium plugin. -->","yoast_head_json":{"title":"Palmeiras reage a oferta para contratar Jorginho, do Arsenal","robots":{"index":"index","follow":"follow","max-snippet":"max-snippet:-1","max-image-preview":"max-image-preview:large","max-video-preview":"max-video-preview:-1"},"canonical":"https:\/\/www.gaveanews.com\/index.php\/2025\/01\/10\/palmeiras-reage-a-oferta-para-contratar-jorginho-do-arsenal\/","og_locale":"pt_BR","og_type":"article","og_title":"Palmeiras reage a oferta para contratar Jorginho, do Arsenal","og_description":"A busca por refor\u00e7os no mercado da bola nunca para, e o Palmeiras, que tem focado em fortalecer seu elenco, recebeu uma proposta de empres\u00e1rios envolvendo o meio-campista Jorginho, do Arsenal. No entanto, apesar da oferta, a diretoria do clube paulista n\u00e3o demonstrou grande empolga\u00e7\u00e3o. O que ser\u00e1 que est\u00e1 por tr\u00e1s dessa decis\u00e3o? Jorginho [&hellip;]","og_url":"https:\/\/www.gaveanews.com\/index.php\/2025\/01\/10\/palmeiras-reage-a-oferta-para-contratar-jorginho-do-arsenal\/","og_site_name":"G\u00e1vea News","article_publisher":"https:\/\/facebook.com\/gaveaNews\/","article_published_time":"2025-01-10T21:35:00+00:00","og_image":[{"width":1000,"height":667,"url":"https:\/\/www.gaveanews.com\/wp-content\/uploads\/Escudo-do-Palmeiras.webp","type":"image\/webp"}],"author":"Leandro Cardoso","twitter_card":"summary_large_image","twitter_misc":{"Escrito por":"Leandro Cardoso","Est. tempo de leitura":"3 minutos"},"schema":{"@context":"https:\/\/schema.org","@graph":[{"@type":"NewsArticle","@id":"https:\/\/www.gaveanews.com\/index.php\/2025\/01\/10\/palmeiras-reage-a-oferta-para-contratar-jorginho-do-arsenal\/#article","isPartOf":{"@id":"https:\/\/www.gaveanews.com\/index.php\/2025\/01\/10\/palmeiras-reage-a-oferta-para-contratar-jorginho-do-arsenal\/"},"author":{"name":"Leandro Cardoso","@id":"https:\/\/www.gaveanews.com\/#\/schema\/person\/2424ec6409bc3f068411fc5e4e9b6168"},"headline":"Palmeiras reage a oferta para contratar Jorginho, do Arsenal","datePublished":"2025-01-10T21:35:00+00:00","mainEntityOfPage":{"@id":"https:\/\/www.gaveanews.com\/index.php\/2025\/01\/10\/palmeiras-reage-a-oferta-para-contratar-jorginho-do-arsenal\/"},"wordCount":443,"commentCount":0,"image":{"@id":"https:\/\/www.gaveanews.com\/index.php\/2025\/01\/10\/palmeiras-reage-a-oferta-para-contratar-jorginho-do-arsenal\/#primaryimage"},"thumbnailUrl":"https:\/\/www.gaveanews.com\/wp-content\/uploads\/Escudo-do-Palmeiras.webp","articleSection":["Arsenal","Palmeiras"],"inLanguage":"pt-BR","potentialAction":[{"@type":"CommentAction","name":"Comment","target":["https:\/\/www.gaveanews.com\/index.php\/2025\/01\/10\/palmeiras-reage-a-oferta-para-contratar-jorginho-do-arsenal\/#respond"]}],"copyrightYear":"2025","copyrightHolder":{"@id":"https:\/\/www.gaveanews.com\/#organization"}},{"@type":"WebPage","@id":"https:\/\/www.gaveanews.com\/index.php\/2025\/01\/10\/palmeiras-reage-a-oferta-para-contratar-jorginho-do-arsenal\/","url":"https:\/\/www.gaveanews.com\/index.php\/2025\/01\/10\/palmeiras-reage-a-oferta-para-contratar-jorginho-do-arsenal\/","name":"Palmeiras reage a oferta para contratar Jorginho, do Arsenal","isPartOf":{"@id":"https:\/\/www.gaveanews.com\/#website"},"primaryImageOfPage":{"@id":"https:\/\/www.gaveanews.com\/index.php\/2025\/01\/10\/palmeiras-reage-a-oferta-para-contratar-jorginho-do-arsenal\/#primaryimage"},"image":{"@id":"https:\/\/www.gaveanews.com\/index.php\/2025\/01\/10\/palmeiras-reage-a-oferta-para-contratar-jorginho-do-arsenal\/#primaryimage"},"thumbnailUrl":"https:\/\/www.gaveanews.com\/wp-content\/uploads\/Escudo-do-Palmeiras.webp","datePublished":"2025-01-10T21:35:00+00:00","author":{"@id":"https:\/\/www.gaveanews.com\/#\/schema\/person\/2424ec6409bc3f068411fc5e4e9b6168"},"breadcrumb":{"@id":"https:\/\/www.gaveanews.com\/index.php\/2025\/01\/10\/palmeiras-reage-a-oferta-para-contratar-jorginho-do-arsenal\/#breadcrumb"},"inLanguage":"pt-BR","potentialAction":[{"@type":"ReadAction","target":["https:\/\/www.gaveanews.com\/index.php\/2025\/01\/10\/palmeiras-reage-a-oferta-para-contratar-jorginho-do-arsenal\/"]}]},{"@type":"ImageObject","inLanguage":"pt-BR","@id":"https:\/\/www.gaveanews.com\/index.php\/2025\/01\/10\/palmeiras-reage-a-oferta-para-contratar-jorginho-do-arsenal\/#primaryimage","url":"https:\/\/www.gaveanews.com\/wp-content\/uploads\/Escudo-do-Palmeiras.webp","contentUrl":"https:\/\/www.gaveanews.com\/wp-content\/uploads\/Escudo-do-Palmeiras.webp","width":1000,"height":667,"caption":"Escudo do Palmeiras (Foto Reprodu\u00e7\u00e3o\/Instagram)"},{"@type":"BreadcrumbList","@id":"https:\/\/www.gaveanews.com\/index.php\/2025\/01\/10\/palmeiras-reage-a-oferta-para-contratar-jorginho-do-arsenal\/#breadcrumb","itemListElement":[{"@type":"ListItem","position":1,"name":"Home","item":"https:\/\/www.gaveanews.com\/"},{"@type":"ListItem","position":2,"name":"Palmeiras reage a oferta para contratar Jorginho, do Arsenal"}]},{"@type":"WebSite","@id":"https:\/\/www.gaveanews.com\/#website","url":"https:\/\/www.gaveanews.com\/","name":"G\u00e1vea News","description":"Veja todas as not\u00edcias sobre o Flamengo: Contrata\u00e7\u00f5es, categorias de base, resultados das partidas, tabela de classifica\u00e7\u00e3o, pr\u00f3ximos jogos!","potentialAction":[{"@type":"SearchAction","target":{"@type":"EntryPoint","urlTemplate":"https:\/\/www.gaveanews.com\/?s={search_term_string}"},"query-input":{"@type":"PropertyValueSpecification","valueRequired":true,"valueName":"search_term_string"}}],"inLanguage":"pt-BR"},{"@type":"Person","@id":"https:\/\/www.gaveanews.com\/#\/schema\/person\/2424ec6409bc3f068411fc5e4e9b6168","name":"Leandro Cardoso","image":{"@type":"ImageObject","inLanguage":"pt-BR","@id":"https:\/\/www.gaveanews.com\/#\/schema\/person\/image\/","url":"https:\/\/secure.gravatar.com\/avatar\/8ca179f9b55eefe9f376f5493ef25475bfa59fbc28ce937f6076ce20e523098f?s=96&d=mm&r=g","contentUrl":"https:\/\/secure.gravatar.com\/avatar\/8ca179f9b55eefe9f376f5493ef25475bfa59fbc28ce937f6076ce20e523098f?s=96&d=mm&r=g","caption":"Leandro Cardoso"}}]}},"_links":{"self":[{"href":"https:\/\/www.gaveanews.com\/index.php\/wp-json\/wp\/v2\/posts\/210838","targetHints":{"allow":["GET"]}}],"collection":[{"href":"https:\/\/www.gaveanews.com\/index.php\/wp-json\/wp\/v2\/posts"}],"about":[{"href":"https:\/\/www.gaveanews.com\/index.php\/wp-json\/wp\/v2\/types\/post"}],"author":[{"embeddable":true,"href":"https:\/\/www.gaveanews.com\/index.php\/wp-json\/wp\/v2\/users\/24"}],"replies":[{"embeddable":true,"href":"https:\/\/www.gaveanews.com\/index.php\/wp-json\/wp\/v2\/comments?post=210838"}],"version-history":[{"count":1,"href":"https:\/\/www.gaveanews.com\/index.php\/wp-json\/wp\/v2\/posts\/210838\/revisions"}],"predecessor-version":[{"id":210840,"href":"https:\/\/www.gaveanews.com\/index.php\/wp-json\/wp\/v2\/posts\/210838\/revisions\/210840"}],"wp:featuredmedia":[{"embeddable":true,"href":"https:\/\/www.gaveanews.com\/index.php\/wp-json\/wp\/v2\/media\/152159"}],"wp:attachment":[{"href":"https:\/\/www.gaveanews.com\/index.php\/wp-json\/wp\/v2\/media?parent=210838"}],"wp:term":[{"taxonomy":"category","embeddable":true,"href":"https:\/\/www.gaveanews.com\/index.php\/wp-json\/wp\/v2\/categories?post=210838"},{"taxonomy":"post_tag","embeddable":true,"href":"https:\/\/www.gaveanews.com\/index.php\/wp-json\/wp\/v2\/tags?post=210838"}],"curies":[{"name":"wp","href":"https:\/\/api.w.org\/{rel}","templated":true}]}}