{"id":210841,"date":"2025-01-10T17:45:00","date_gmt":"2025-01-10T20:45:00","guid":{"rendered":"https:\/\/www.gaveanews.com\/?p=210841"},"modified":"2025-01-10T17:39:19","modified_gmt":"2025-01-10T20:39:19","slug":"inter-miami-a-declaracao-de-mascherano-sobre-contratacao-de-neymar","status":"publish","type":"post","link":"https:\/\/www.gaveanews.com\/index.php\/2025\/01\/10\/inter-miami-a-declaracao-de-mascherano-sobre-contratacao-de-neymar\/","title":{"rendered":"Inter Miami: a declara\u00e7\u00e3o de Mascherano sobre contrata\u00e7\u00e3o de Neymar"},"content":{"rendered":"\n<p>A poss\u00edvel chegada de Neymar ao Inter Miami foi descartada por Javier Mascherano, t\u00e9cnico do clube norte-americano, devido \u00e0s r\u00edgidas regras salariais da Major League Soccer (MLS).&nbsp;<\/p>\n\n\n\n<ul class=\"wp-block-list\">\n<li><a href=\"https:\/\/www.gaveanews.com\/index.php\/2025\/01\/09\/romario-divulga-novidade-envolvendo-neymar\/\">Rom\u00e1rio divulga novidade envolvendo Neymar<\/a><\/li>\n\n\n\n<li><a href=\"https:\/\/www.gaveanews.com\/index.php\/2025\/01\/09\/vidente-faz-previsao-surpreendente-sobre-neymar\/\">Vidente faz previs\u00e3o surpreendente sobre Neymar<\/a><\/li>\n<\/ul>\n\n\n\n<p>Em entrevista recente, o ex-jogador argentino esclareceu que, por enquanto, o craque brasileiro n\u00e3o faz parte dos planos do time. Com isso, a expectativa em torno dessa transfer\u00eancia foi colocada de lado, pelo menos por enquanto.<\/p>\n\n\n\n<h2 class=\"wp-block-heading\" id=\"h-limites-salariais-nbsp\">Limites salariais&nbsp;<\/h2>\n\n\n\n<p>Mascherano foi direto ao ponto ao explicar o motivo pelo qual a contrata\u00e7\u00e3o de Neymar est\u00e1 fora de cogita\u00e7\u00e3o neste momento. O treinador destacou que as regras da MLS sobre limite salarial impedem qualquer possibilidade de negocia\u00e7\u00e3o com o atacante do Al-Hilal, da Ar\u00e1bia Saudita.&nbsp;<\/p>\n\n\n\n<p>Sendo assim, o Inter Miami n\u00e3o pode avan\u00e7ar com a ideia, embora Mascherano tenha reconhecido o valor de Neymar:&nbsp;<\/p>\n\n\n\n<p>&#8220;Neymar \u00e9 um grande jogador. Todo t\u00e9cnico no mundo o quer, mas voc\u00eas conhecem as regras da MLS sobre limite salarial. Para n\u00f3s, neste momento, \u00e9 imposs\u00edvel pensar nele&#8221;, afirmou.<\/p>\n\n\n\n<h2 class=\"wp-block-heading\" id=\"h-o-desejo-de-neymar-de-reviver-a-parceria-com-messi-e-suarez\">O desejo de Neymar de reviver a parceria com Messi e Su\u00e1rez<\/h2>\n\n\n\n<p>A possibilidade de Neymar refor\u00e7ar o Inter Miami surgiu quando o pr\u00f3prio jogador demonstrou interesse em jogar novamente ao lado de Messi e Su\u00e1rez, seus ex-companheiros de Barcelona, agora no time dos Estados Unidos.&nbsp;<\/p>\n\n\n\n<p>Vale destacar que Neymar se mostrou entusiasmado com a ideia, embora tenha enfatizado que est\u00e1 feliz no Al-Hilal.&nbsp;<\/p>\n\n\n\n<p>&#8220;Obviamente, jogar novamente com Messi e Su\u00e1rez seria incr\u00edvel. Eles s\u00e3o meus amigos. Ainda falamos um com o outro. Seria interessante reviver esse trio&#8221;, declarou Neymar em entrevista \u00e0 CNN.<\/p>\n\n\n\n<h2 class=\"wp-block-heading\" id=\"h-a-janela-para-uma-possivel-transferencia\">A janela para uma poss\u00edvel transfer\u00eancia<\/h2>\n\n\n\n<p>Neymar tem contrato com o Al-Hilal at\u00e9 junho de 2025, mas pode assinar um pr\u00e9-contrato com outro clube desde o dia 1\u00ba de janeiro.&nbsp;<\/p>\n\n\n\n<p>Por isso, o cen\u00e1rio de uma poss\u00edvel transfer\u00eancia para o Inter Miami ainda segue em aberto, dependendo de como as condi\u00e7\u00f5es financeiras e contratuais evolu\u00edrem. Dessa maneira, os pr\u00f3ximos meses ser\u00e3o decisivos para definir o futuro do craque brasileiro.<\/p>\n","protected":false},"excerpt":{"rendered":"<p>A poss\u00edvel chegada de Neymar ao Inter Miami foi descartada por Javier Mascherano, t\u00e9cnico do clube norte-americano, devido \u00e0s r\u00edgidas regras salariais da Major League Soccer (MLS).&nbsp; Em entrevista recente, o ex-jogador argentino esclareceu que, por enquanto, o craque brasileiro n\u00e3o faz parte dos planos do time. Com isso, a expectativa em torno dessa transfer\u00eancia [&hellip;]<\/p>\n","protected":false},"author":25,"featured_media":147894,"comment_status":"open","ping_status":"closed","sticky":false,"template":"","format":"standard","meta":{"footnotes":""},"categories":[473,472],"tags":[],"class_list":["post-210841","post","type-post","status-publish","format-standard","has-post-thumbnail","hentry","category-inter-miami","category-mls"],"yoast_head":"<!-- This site is optimized with the Yoast SEO Premium plugin v24.2 (Yoast SEO v26.9) - https:\/\/yoast.com\/product\/yoast-seo-premium-wordpress\/ -->\n<title>Inter Miami: a declara\u00e7\u00e3o de Mascherano sobre contrata\u00e7\u00e3o de Neymar<\/title>\n<meta name=\"robots\" content=\"index, follow, max-snippet:-1, max-image-preview:large, max-video-preview:-1\" \/>\n<link rel=\"canonical\" href=\"https:\/\/www.gaveanews.com\/index.php\/2025\/01\/10\/inter-miami-a-declaracao-de-mascherano-sobre-contratacao-de-neymar\/\" \/>\n<meta property=\"og:locale\" content=\"pt_BR\" \/>\n<meta property=\"og:type\" content=\"article\" \/>\n<meta property=\"og:title\" content=\"Inter Miami: a declara\u00e7\u00e3o de Mascherano sobre contrata\u00e7\u00e3o de Neymar\" \/>\n<meta property=\"og:description\" content=\"A poss\u00edvel chegada de Neymar ao Inter Miami foi descartada por Javier Mascherano, t\u00e9cnico do clube norte-americano, devido \u00e0s r\u00edgidas regras salariais da Major League Soccer (MLS).&nbsp; Em entrevista recente, o ex-jogador argentino esclareceu que, por enquanto, o craque brasileiro n\u00e3o faz parte dos planos do time. Com isso, a expectativa em torno dessa transfer\u00eancia [&hellip;]\" \/>\n<meta property=\"og:url\" content=\"https:\/\/www.gaveanews.com\/index.php\/2025\/01\/10\/inter-miami-a-declaracao-de-mascherano-sobre-contratacao-de-neymar\/\" \/>\n<meta property=\"og:site_name\" content=\"G\u00e1vea News\" \/>\n<meta property=\"article:publisher\" content=\"https:\/\/facebook.com\/gaveaNews\/\" \/>\n<meta property=\"article:published_time\" content=\"2025-01-10T20:45:00+00:00\" \/>\n<meta property=\"og:image\" content=\"https:\/\/www.gaveanews.com\/wp-content\/uploads\/Neymar-em-acao-pelo-Selecao-Brasileira.webp\" \/>\n\t<meta property=\"og:image:width\" content=\"1295\" \/>\n\t<meta property=\"og:image:height\" content=\"863\" \/>\n\t<meta property=\"og:image:type\" content=\"image\/webp\" \/>\n<meta name=\"author\" content=\"Rafaela Ladeira\" \/>\n<meta name=\"twitter:card\" content=\"summary_large_image\" \/>\n<meta name=\"twitter:label1\" content=\"Escrito por\" \/>\n\t<meta name=\"twitter:data1\" content=\"Rafaela Ladeira\" \/>\n\t<meta name=\"twitter:label2\" content=\"Est. tempo de leitura\" \/>\n\t<meta name=\"twitter:data2\" content=\"3 minutos\" \/>\n<script type=\"application\/ld+json\" class=\"yoast-schema-graph\">{\"@context\":\"https:\/\/schema.org\",\"@graph\":[{\"@type\":\"NewsArticle\",\"@id\":\"https:\/\/www.gaveanews.com\/index.php\/2025\/01\/10\/inter-miami-a-declaracao-de-mascherano-sobre-contratacao-de-neymar\/#article\",\"isPartOf\":{\"@id\":\"https:\/\/www.gaveanews.com\/index.php\/2025\/01\/10\/inter-miami-a-declaracao-de-mascherano-sobre-contratacao-de-neymar\/\"},\"author\":{\"name\":\"Rafaela Ladeira\",\"@id\":\"https:\/\/www.gaveanews.com\/#\/schema\/person\/0eb3e3fe1754f0205218538adbe8f5ed\"},\"headline\":\"Inter Miami: a declara\u00e7\u00e3o de Mascherano sobre contrata\u00e7\u00e3o de Neymar\",\"datePublished\":\"2025-01-10T20:45:00+00:00\",\"mainEntityOfPage\":{\"@id\":\"https:\/\/www.gaveanews.com\/index.php\/2025\/01\/10\/inter-miami-a-declaracao-de-mascherano-sobre-contratacao-de-neymar\/\"},\"wordCount\":381,\"commentCount\":0,\"image\":{\"@id\":\"https:\/\/www.gaveanews.com\/index.php\/2025\/01\/10\/inter-miami-a-declaracao-de-mascherano-sobre-contratacao-de-neymar\/#primaryimage\"},\"thumbnailUrl\":\"https:\/\/www.gaveanews.com\/wp-content\/uploads\/Neymar-em-acao-pelo-Selecao-Brasileira.webp\",\"articleSection\":[\"Inter Miami\",\"MLS\"],\"inLanguage\":\"pt-BR\",\"potentialAction\":[{\"@type\":\"CommentAction\",\"name\":\"Comment\",\"target\":[\"https:\/\/www.gaveanews.com\/index.php\/2025\/01\/10\/inter-miami-a-declaracao-de-mascherano-sobre-contratacao-de-neymar\/#respond\"]}],\"copyrightYear\":\"2025\",\"copyrightHolder\":{\"@id\":\"https:\/\/www.gaveanews.com\/#organization\"}},{\"@type\":\"WebPage\",\"@id\":\"https:\/\/www.gaveanews.com\/index.php\/2025\/01\/10\/inter-miami-a-declaracao-de-mascherano-sobre-contratacao-de-neymar\/\",\"url\":\"https:\/\/www.gaveanews.com\/index.php\/2025\/01\/10\/inter-miami-a-declaracao-de-mascherano-sobre-contratacao-de-neymar\/\",\"name\":\"Inter Miami: a declara\u00e7\u00e3o de Mascherano sobre contrata\u00e7\u00e3o de Neymar\",\"isPartOf\":{\"@id\":\"https:\/\/www.gaveanews.com\/#website\"},\"primaryImageOfPage\":{\"@id\":\"https:\/\/www.gaveanews.com\/index.php\/2025\/01\/10\/inter-miami-a-declaracao-de-mascherano-sobre-contratacao-de-neymar\/#primaryimage\"},\"image\":{\"@id\":\"https:\/\/www.gaveanews.com\/index.php\/2025\/01\/10\/inter-miami-a-declaracao-de-mascherano-sobre-contratacao-de-neymar\/#primaryimage\"},\"thumbnailUrl\":\"https:\/\/www.gaveanews.com\/wp-content\/uploads\/Neymar-em-acao-pelo-Selecao-Brasileira.webp\",\"datePublished\":\"2025-01-10T20:45:00+00:00\",\"author\":{\"@id\":\"https:\/\/www.gaveanews.com\/#\/schema\/person\/0eb3e3fe1754f0205218538adbe8f5ed\"},\"breadcrumb\":{\"@id\":\"https:\/\/www.gaveanews.com\/index.php\/2025\/01\/10\/inter-miami-a-declaracao-de-mascherano-sobre-contratacao-de-neymar\/#breadcrumb\"},\"inLanguage\":\"pt-BR\",\"potentialAction\":[{\"@type\":\"ReadAction\",\"target\":[\"https:\/\/www.gaveanews.com\/index.php\/2025\/01\/10\/inter-miami-a-declaracao-de-mascherano-sobre-contratacao-de-neymar\/\"]}]},{\"@type\":\"ImageObject\",\"inLanguage\":\"pt-BR\",\"@id\":\"https:\/\/www.gaveanews.com\/index.php\/2025\/01\/10\/inter-miami-a-declaracao-de-mascherano-sobre-contratacao-de-neymar\/#primaryimage\",\"url\":\"https:\/\/www.gaveanews.com\/wp-content\/uploads\/Neymar-em-acao-pelo-Selecao-Brasileira.webp\",\"contentUrl\":\"https:\/\/www.gaveanews.com\/wp-content\/uploads\/Neymar-em-acao-pelo-Selecao-Brasileira.webp\",\"width\":1295,\"height\":863,\"caption\":\"Neymar em a\u00e7\u00e3o pelo Sele\u00e7\u00e3o Brasileira (Foto: Reprodu\u00e7\u00e3o\/Instagram)\"},{\"@type\":\"BreadcrumbList\",\"@id\":\"https:\/\/www.gaveanews.com\/index.php\/2025\/01\/10\/inter-miami-a-declaracao-de-mascherano-sobre-contratacao-de-neymar\/#breadcrumb\",\"itemListElement\":[{\"@type\":\"ListItem\",\"position\":1,\"name\":\"Home\",\"item\":\"https:\/\/www.gaveanews.com\/\"},{\"@type\":\"ListItem\",\"position\":2,\"name\":\"Inter Miami: a declara\u00e7\u00e3o de Mascherano sobre contrata\u00e7\u00e3o de Neymar\"}]},{\"@type\":\"WebSite\",\"@id\":\"https:\/\/www.gaveanews.com\/#website\",\"url\":\"https:\/\/www.gaveanews.com\/\",\"name\":\"G\u00e1vea News\",\"description\":\"Veja todas as not\u00edcias sobre o Flamengo: Contrata\u00e7\u00f5es, categorias de base, resultados das partidas, tabela de classifica\u00e7\u00e3o, pr\u00f3ximos jogos!\",\"potentialAction\":[{\"@type\":\"SearchAction\",\"target\":{\"@type\":\"EntryPoint\",\"urlTemplate\":\"https:\/\/www.gaveanews.com\/?s={search_term_string}\"},\"query-input\":{\"@type\":\"PropertyValueSpecification\",\"valueRequired\":true,\"valueName\":\"search_term_string\"}}],\"inLanguage\":\"pt-BR\"},{\"@type\":\"Person\",\"@id\":\"https:\/\/www.gaveanews.com\/#\/schema\/person\/0eb3e3fe1754f0205218538adbe8f5ed\",\"name\":\"Rafaela Ladeira\",\"image\":{\"@type\":\"ImageObject\",\"inLanguage\":\"pt-BR\",\"@id\":\"https:\/\/www.gaveanews.com\/#\/schema\/person\/image\/\",\"url\":\"https:\/\/secure.gravatar.com\/avatar\/c31f513acffd85eacab5730cbdfdbbf59f21ba5aeada8cd890acea879fbb2455?s=96&d=mm&r=g\",\"contentUrl\":\"https:\/\/secure.gravatar.com\/avatar\/c31f513acffd85eacab5730cbdfdbbf59f21ba5aeada8cd890acea879fbb2455?s=96&d=mm&r=g\",\"caption\":\"Rafaela Ladeira\"}}]}<\/script>\n<!-- \/ Yoast SEO Premium plugin. -->","yoast_head_json":{"title":"Inter Miami: a declara\u00e7\u00e3o de Mascherano sobre contrata\u00e7\u00e3o de Neymar","robots":{"index":"index","follow":"follow","max-snippet":"max-snippet:-1","max-image-preview":"max-image-preview:large","max-video-preview":"max-video-preview:-1"},"canonical":"https:\/\/www.gaveanews.com\/index.php\/2025\/01\/10\/inter-miami-a-declaracao-de-mascherano-sobre-contratacao-de-neymar\/","og_locale":"pt_BR","og_type":"article","og_title":"Inter Miami: a declara\u00e7\u00e3o de Mascherano sobre contrata\u00e7\u00e3o de Neymar","og_description":"A poss\u00edvel chegada de Neymar ao Inter Miami foi descartada por Javier Mascherano, t\u00e9cnico do clube norte-americano, devido \u00e0s r\u00edgidas regras salariais da Major League Soccer (MLS).&nbsp; Em entrevista recente, o ex-jogador argentino esclareceu que, por enquanto, o craque brasileiro n\u00e3o faz parte dos planos do time. Com isso, a expectativa em torno dessa transfer\u00eancia [&hellip;]","og_url":"https:\/\/www.gaveanews.com\/index.php\/2025\/01\/10\/inter-miami-a-declaracao-de-mascherano-sobre-contratacao-de-neymar\/","og_site_name":"G\u00e1vea News","article_publisher":"https:\/\/facebook.com\/gaveaNews\/","article_published_time":"2025-01-10T20:45:00+00:00","og_image":[{"width":1295,"height":863,"url":"https:\/\/www.gaveanews.com\/wp-content\/uploads\/Neymar-em-acao-pelo-Selecao-Brasileira.webp","type":"image\/webp"}],"author":"Rafaela Ladeira","twitter_card":"summary_large_image","twitter_misc":{"Escrito por":"Rafaela Ladeira","Est. tempo de leitura":"3 minutos"},"schema":{"@context":"https:\/\/schema.org","@graph":[{"@type":"NewsArticle","@id":"https:\/\/www.gaveanews.com\/index.php\/2025\/01\/10\/inter-miami-a-declaracao-de-mascherano-sobre-contratacao-de-neymar\/#article","isPartOf":{"@id":"https:\/\/www.gaveanews.com\/index.php\/2025\/01\/10\/inter-miami-a-declaracao-de-mascherano-sobre-contratacao-de-neymar\/"},"author":{"name":"Rafaela Ladeira","@id":"https:\/\/www.gaveanews.com\/#\/schema\/person\/0eb3e3fe1754f0205218538adbe8f5ed"},"headline":"Inter Miami: a declara\u00e7\u00e3o de Mascherano sobre contrata\u00e7\u00e3o de Neymar","datePublished":"2025-01-10T20:45:00+00:00","mainEntityOfPage":{"@id":"https:\/\/www.gaveanews.com\/index.php\/2025\/01\/10\/inter-miami-a-declaracao-de-mascherano-sobre-contratacao-de-neymar\/"},"wordCount":381,"commentCount":0,"image":{"@id":"https:\/\/www.gaveanews.com\/index.php\/2025\/01\/10\/inter-miami-a-declaracao-de-mascherano-sobre-contratacao-de-neymar\/#primaryimage"},"thumbnailUrl":"https:\/\/www.gaveanews.com\/wp-content\/uploads\/Neymar-em-acao-pelo-Selecao-Brasileira.webp","articleSection":["Inter Miami","MLS"],"inLanguage":"pt-BR","potentialAction":[{"@type":"CommentAction","name":"Comment","target":["https:\/\/www.gaveanews.com\/index.php\/2025\/01\/10\/inter-miami-a-declaracao-de-mascherano-sobre-contratacao-de-neymar\/#respond"]}],"copyrightYear":"2025","copyrightHolder":{"@id":"https:\/\/www.gaveanews.com\/#organization"}},{"@type":"WebPage","@id":"https:\/\/www.gaveanews.com\/index.php\/2025\/01\/10\/inter-miami-a-declaracao-de-mascherano-sobre-contratacao-de-neymar\/","url":"https:\/\/www.gaveanews.com\/index.php\/2025\/01\/10\/inter-miami-a-declaracao-de-mascherano-sobre-contratacao-de-neymar\/","name":"Inter Miami: a declara\u00e7\u00e3o de Mascherano sobre contrata\u00e7\u00e3o de Neymar","isPartOf":{"@id":"https:\/\/www.gaveanews.com\/#website"},"primaryImageOfPage":{"@id":"https:\/\/www.gaveanews.com\/index.php\/2025\/01\/10\/inter-miami-a-declaracao-de-mascherano-sobre-contratacao-de-neymar\/#primaryimage"},"image":{"@id":"https:\/\/www.gaveanews.com\/index.php\/2025\/01\/10\/inter-miami-a-declaracao-de-mascherano-sobre-contratacao-de-neymar\/#primaryimage"},"thumbnailUrl":"https:\/\/www.gaveanews.com\/wp-content\/uploads\/Neymar-em-acao-pelo-Selecao-Brasileira.webp","datePublished":"2025-01-10T20:45:00+00:00","author":{"@id":"https:\/\/www.gaveanews.com\/#\/schema\/person\/0eb3e3fe1754f0205218538adbe8f5ed"},"breadcrumb":{"@id":"https:\/\/www.gaveanews.com\/index.php\/2025\/01\/10\/inter-miami-a-declaracao-de-mascherano-sobre-contratacao-de-neymar\/#breadcrumb"},"inLanguage":"pt-BR","potentialAction":[{"@type":"ReadAction","target":["https:\/\/www.gaveanews.com\/index.php\/2025\/01\/10\/inter-miami-a-declaracao-de-mascherano-sobre-contratacao-de-neymar\/"]}]},{"@type":"ImageObject","inLanguage":"pt-BR","@id":"https:\/\/www.gaveanews.com\/index.php\/2025\/01\/10\/inter-miami-a-declaracao-de-mascherano-sobre-contratacao-de-neymar\/#primaryimage","url":"https:\/\/www.gaveanews.com\/wp-content\/uploads\/Neymar-em-acao-pelo-Selecao-Brasileira.webp","contentUrl":"https:\/\/www.gaveanews.com\/wp-content\/uploads\/Neymar-em-acao-pelo-Selecao-Brasileira.webp","width":1295,"height":863,"caption":"Neymar em a\u00e7\u00e3o pelo Sele\u00e7\u00e3o Brasileira (Foto: Reprodu\u00e7\u00e3o\/Instagram)"},{"@type":"BreadcrumbList","@id":"https:\/\/www.gaveanews.com\/index.php\/2025\/01\/10\/inter-miami-a-declaracao-de-mascherano-sobre-contratacao-de-neymar\/#breadcrumb","itemListElement":[{"@type":"ListItem","position":1,"name":"Home","item":"https:\/\/www.gaveanews.com\/"},{"@type":"ListItem","position":2,"name":"Inter Miami: a declara\u00e7\u00e3o de Mascherano sobre contrata\u00e7\u00e3o de Neymar"}]},{"@type":"WebSite","@id":"https:\/\/www.gaveanews.com\/#website","url":"https:\/\/www.gaveanews.com\/","name":"G\u00e1vea News","description":"Veja todas as not\u00edcias sobre o Flamengo: Contrata\u00e7\u00f5es, categorias de base, resultados das partidas, tabela de classifica\u00e7\u00e3o, pr\u00f3ximos jogos!","potentialAction":[{"@type":"SearchAction","target":{"@type":"EntryPoint","urlTemplate":"https:\/\/www.gaveanews.com\/?s={search_term_string}"},"query-input":{"@type":"PropertyValueSpecification","valueRequired":true,"valueName":"search_term_string"}}],"inLanguage":"pt-BR"},{"@type":"Person","@id":"https:\/\/www.gaveanews.com\/#\/schema\/person\/0eb3e3fe1754f0205218538adbe8f5ed","name":"Rafaela Ladeira","image":{"@type":"ImageObject","inLanguage":"pt-BR","@id":"https:\/\/www.gaveanews.com\/#\/schema\/person\/image\/","url":"https:\/\/secure.gravatar.com\/avatar\/c31f513acffd85eacab5730cbdfdbbf59f21ba5aeada8cd890acea879fbb2455?s=96&d=mm&r=g","contentUrl":"https:\/\/secure.gravatar.com\/avatar\/c31f513acffd85eacab5730cbdfdbbf59f21ba5aeada8cd890acea879fbb2455?s=96&d=mm&r=g","caption":"Rafaela Ladeira"}}]}},"_links":{"self":[{"href":"https:\/\/www.gaveanews.com\/index.php\/wp-json\/wp\/v2\/posts\/210841","targetHints":{"allow":["GET"]}}],"collection":[{"href":"https:\/\/www.gaveanews.com\/index.php\/wp-json\/wp\/v2\/posts"}],"about":[{"href":"https:\/\/www.gaveanews.com\/index.php\/wp-json\/wp\/v2\/types\/post"}],"author":[{"embeddable":true,"href":"https:\/\/www.gaveanews.com\/index.php\/wp-json\/wp\/v2\/users\/25"}],"replies":[{"embeddable":true,"href":"https:\/\/www.gaveanews.com\/index.php\/wp-json\/wp\/v2\/comments?post=210841"}],"version-history":[{"count":1,"href":"https:\/\/www.gaveanews.com\/index.php\/wp-json\/wp\/v2\/posts\/210841\/revisions"}],"predecessor-version":[{"id":210842,"href":"https:\/\/www.gaveanews.com\/index.php\/wp-json\/wp\/v2\/posts\/210841\/revisions\/210842"}],"wp:featuredmedia":[{"embeddable":true,"href":"https:\/\/www.gaveanews.com\/index.php\/wp-json\/wp\/v2\/media\/147894"}],"wp:attachment":[{"href":"https:\/\/www.gaveanews.com\/index.php\/wp-json\/wp\/v2\/media?parent=210841"}],"wp:term":[{"taxonomy":"category","embeddable":true,"href":"https:\/\/www.gaveanews.com\/index.php\/wp-json\/wp\/v2\/categories?post=210841"},{"taxonomy":"post_tag","embeddable":true,"href":"https:\/\/www.gaveanews.com\/index.php\/wp-json\/wp\/v2\/tags?post=210841"}],"curies":[{"name":"wp","href":"https:\/\/api.w.org\/{rel}","templated":true}]}}