{"id":210851,"date":"2025-01-10T15:00:57","date_gmt":"2025-01-10T18:00:57","guid":{"rendered":"https:\/\/www.gaveanews.com\/?p=210851"},"modified":"2025-01-10T14:50:51","modified_gmt":"2025-01-10T17:50:51","slug":"a-declaracao-de-bruno-cantarelli-direcionada-a-filipe-luis-do-flamengo","status":"publish","type":"post","link":"https:\/\/www.gaveanews.com\/index.php\/2025\/01\/10\/a-declaracao-de-bruno-cantarelli-direcionada-a-filipe-luis-do-flamengo\/","title":{"rendered":"A declara\u00e7\u00e3o de Bruno Cantarelli direcionada a Filipe Lu\u00eds, do Flamengo"},"content":{"rendered":"\n<p>Filipe Lu\u00eds, \u00eddolo do Flamengo como jogador, agora enfrenta um novo e desafiador papel: t\u00e9cnico da equipe. Ap\u00f3s assumir o comando da equipe em outubro de 2024 e conquistar a Copa do Brasil, o ex-lateral-esquerdo inicia sua jornada como t\u00e9cnico profissional, um marco in\u00e9dito em sua carreira. Mas como ele est\u00e1 lidando com esse novo desafio? Bruno Cantarelli, narrador do Premiere e da R\u00e1dio Transam\u00e9rica, fez importantes avalia\u00e7\u00f5es sobre o desempenho de Filipe Lu\u00eds e o que ele ainda enfrentar\u00e1 \u00e0 frente do Flamengo.<\/p>\n\n\n\n<ul class=\"wp-block-list\">\n<li><a href=\"https:\/\/www.gaveanews.com\/index.php\/2025\/01\/10\/flamengo-aceita-vender-wesley-veja-valores\/\">Flamengo aceita vender Wesley; veja valores<\/a><\/li>\n\n\n\n<li><a href=\"https:\/\/www.gaveanews.com\/index.php\/2025\/01\/10\/ele-trocou-o-flamengo-pelo-corinthians\/\">Ele trocou o Flamengo pelo Corinthians<\/a><\/li>\n<\/ul>\n\n\n\n<h2 class=\"wp-block-heading\" id=\"h-cantarelli-rasga-elogios-a-filipe-luis\">Cantarelli rasga elogios a Filipe Lu\u00eds<\/h2>\n\n\n\n<p>Al\u00e9m disso, Cantarelli n\u00e3o poupou elogios ao novo comandante do Flamengo. \u201cO Filipe Lu\u00eds \u00e9 o t\u00e9cnico que mais me encanta no Brasil. \u00c9 a possibilidade de ter um t\u00e9cnico gigante brasileiro novamente, at\u00e9 em termos internacionais\u201d, afirmou o narrador.<\/p>\n\n\n\n<blockquote class=\"twitter-tweet\"><p lang=\"pt\" dir=\"ltr\">Filipe Luis e Boto apareceram na reapresenta\u00e7\u00e3o do elenco para o Carioca 2025 <a href=\"https:\/\/twitter.com\/aGazetadourubu?ref_src=twsrc%5Etfw\">@aGazetadourubu<\/a> <a href=\"https:\/\/t.co\/laUJx1k734\">pic.twitter.com\/laUJx1k734<\/a><\/p>&mdash; Matheus Guaxxi (@matheusguaxxii) <a href=\"https:\/\/twitter.com\/matheusguaxxii\/status\/1877041840832049589?ref_src=twsrc%5Etfw\">January 8, 2025<\/a><\/blockquote> <script async src=\"https:\/\/platform.twitter.com\/widgets.js\" charset=\"utf-8\"><\/script>\n\n\n\n<p> Para Cantarelli, Filipe Lu\u00eds possui uma qualidade rara no futebol brasileiro, sendo um treinador com potencial de crescer ainda mais e alcan\u00e7ar reconhecimento no cen\u00e1rio internacional. Ele destacou a evolu\u00e7\u00e3o de Filipe, especialmente nas primeiras partidas \u00e0 frente do time, quando o t\u00e9cnico foi muito bem estrategicamente, com destaque para a vit\u00f3ria contra o Corinthians.<\/p>\n\n\n\n<h2 class=\"wp-block-heading\" id=\"h-o-desafio-de-montar-a-temporada\">O desafio de montar a temporada<\/h2>\n\n\n\n<p>No entanto, o narrador destacou que Filipe Lu\u00eds ainda enfrenta desafios in\u00e9ditos. \u201cOutra situa\u00e7\u00e3o que ter\u00e1 pela primeira vez que \u00e9 montar uma temporada. Nunca teve esse desafio, de montar o Flamengo para a temporada, indicar refor\u00e7os. Agora \u00e9 para se estabelecer como treinador do Flamengo. \u00c9 um desafio muito importante\u201d, completou Cantarelli. <\/p>\n\n\n\n<p>Portanto, iniciar uma temporada como t\u00e9cnico ser\u00e1 um grande teste para Filipe Lu\u00eds, que precisa mostrar suas habilidades para planejar, estruturar e fortalecer a equipe para a sequ\u00eancia da temporada. Cabe ressaltar que, apesar da press\u00e3o de um novo papel, Filipe Lu\u00eds tem demonstrado compet\u00eancia em suas primeiras experi\u00eancias como treinador. <\/p>\n\n\n\n<p>Sendo assim, com a confian\u00e7a da diretoria e o apoio da torcida, o ex-lateral-esquerdo tem tudo para solidificar sua posi\u00e7\u00e3o e fazer hist\u00f3ria no comando t\u00e9cnico do Flamengo. Com isso, a expectativa em torno de seu trabalho \u00e9 grande, e os pr\u00f3ximos passos ser\u00e3o decisivos para consolidar sua carreira como t\u00e9cnico.<\/p>\n","protected":false},"excerpt":{"rendered":"<p>Filipe Lu\u00eds, \u00eddolo do Flamengo como jogador, agora enfrenta um novo e desafiador papel: t\u00e9cnico da equipe. Ap\u00f3s assumir o comando da equipe em outubro de 2024 e conquistar a Copa do Brasil, o ex-lateral-esquerdo inicia sua jornada como t\u00e9cnico profissional, um marco in\u00e9dito em sua carreira. Mas como ele est\u00e1 lidando com esse novo [&hellip;]<\/p>\n","protected":false},"author":24,"featured_media":171957,"comment_status":"open","ping_status":"closed","sticky":false,"template":"","format":"standard","meta":{"footnotes":""},"categories":[1],"tags":[],"class_list":["post-210851","post","type-post","status-publish","format-standard","has-post-thumbnail","hentry","category-flamengo"],"yoast_head":"<!-- This site is optimized with the Yoast SEO Premium plugin v24.2 (Yoast SEO v26.9) - https:\/\/yoast.com\/product\/yoast-seo-premium-wordpress\/ -->\n<title>A declara\u00e7\u00e3o de Bruno Cantarelli direcionada a Filipe Lu\u00eds, do Flamengo<\/title>\n<meta name=\"robots\" content=\"index, follow, max-snippet:-1, max-image-preview:large, max-video-preview:-1\" \/>\n<link rel=\"canonical\" href=\"https:\/\/www.gaveanews.com\/index.php\/2025\/01\/10\/a-declaracao-de-bruno-cantarelli-direcionada-a-filipe-luis-do-flamengo\/\" \/>\n<meta property=\"og:locale\" content=\"pt_BR\" \/>\n<meta property=\"og:type\" content=\"article\" \/>\n<meta property=\"og:title\" content=\"A declara\u00e7\u00e3o de Bruno Cantarelli direcionada a Filipe Lu\u00eds, do Flamengo\" \/>\n<meta property=\"og:description\" content=\"Filipe Lu\u00eds, \u00eddolo do Flamengo como jogador, agora enfrenta um novo e desafiador papel: t\u00e9cnico da equipe. Ap\u00f3s assumir o comando da equipe em outubro de 2024 e conquistar a Copa do Brasil, o ex-lateral-esquerdo inicia sua jornada como t\u00e9cnico profissional, um marco in\u00e9dito em sua carreira. Mas como ele est\u00e1 lidando com esse novo [&hellip;]\" \/>\n<meta property=\"og:url\" content=\"https:\/\/www.gaveanews.com\/index.php\/2025\/01\/10\/a-declaracao-de-bruno-cantarelli-direcionada-a-filipe-luis-do-flamengo\/\" \/>\n<meta property=\"og:site_name\" content=\"G\u00e1vea News\" \/>\n<meta property=\"article:publisher\" content=\"https:\/\/facebook.com\/gaveaNews\/\" \/>\n<meta property=\"article:published_time\" content=\"2025-01-10T18:00:57+00:00\" \/>\n<meta property=\"og:image\" content=\"https:\/\/www.gaveanews.com\/wp-content\/uploads\/Filipe-Luis-durante-jogo-entre-o-Flamengo-x-Bahia.webp\" \/>\n\t<meta property=\"og:image:width\" content=\"342\" \/>\n\t<meta property=\"og:image:height\" content=\"338\" \/>\n\t<meta property=\"og:image:type\" content=\"image\/jpeg\" \/>\n<meta name=\"author\" content=\"Leandro Cardoso\" \/>\n<meta name=\"twitter:card\" content=\"summary_large_image\" \/>\n<meta name=\"twitter:label1\" content=\"Escrito por\" \/>\n\t<meta name=\"twitter:data1\" content=\"Leandro Cardoso\" \/>\n\t<meta name=\"twitter:label2\" content=\"Est. tempo de leitura\" \/>\n\t<meta name=\"twitter:data2\" content=\"3 minutos\" \/>\n<script type=\"application\/ld+json\" class=\"yoast-schema-graph\">{\"@context\":\"https:\/\/schema.org\",\"@graph\":[{\"@type\":\"NewsArticle\",\"@id\":\"https:\/\/www.gaveanews.com\/index.php\/2025\/01\/10\/a-declaracao-de-bruno-cantarelli-direcionada-a-filipe-luis-do-flamengo\/#article\",\"isPartOf\":{\"@id\":\"https:\/\/www.gaveanews.com\/index.php\/2025\/01\/10\/a-declaracao-de-bruno-cantarelli-direcionada-a-filipe-luis-do-flamengo\/\"},\"author\":{\"name\":\"Leandro Cardoso\",\"@id\":\"https:\/\/www.gaveanews.com\/#\/schema\/person\/2424ec6409bc3f068411fc5e4e9b6168\"},\"headline\":\"A declara\u00e7\u00e3o de Bruno Cantarelli direcionada a Filipe Lu\u00eds, do Flamengo\",\"datePublished\":\"2025-01-10T18:00:57+00:00\",\"mainEntityOfPage\":{\"@id\":\"https:\/\/www.gaveanews.com\/index.php\/2025\/01\/10\/a-declaracao-de-bruno-cantarelli-direcionada-a-filipe-luis-do-flamengo\/\"},\"wordCount\":425,\"commentCount\":0,\"image\":{\"@id\":\"https:\/\/www.gaveanews.com\/index.php\/2025\/01\/10\/a-declaracao-de-bruno-cantarelli-direcionada-a-filipe-luis-do-flamengo\/#primaryimage\"},\"thumbnailUrl\":\"https:\/\/www.gaveanews.com\/wp-content\/uploads\/Filipe-Luis-durante-jogo-entre-o-Flamengo-x-Bahia.webp\",\"articleSection\":[\"Flamengo\"],\"inLanguage\":\"pt-BR\",\"potentialAction\":[{\"@type\":\"CommentAction\",\"name\":\"Comment\",\"target\":[\"https:\/\/www.gaveanews.com\/index.php\/2025\/01\/10\/a-declaracao-de-bruno-cantarelli-direcionada-a-filipe-luis-do-flamengo\/#respond\"]}],\"copyrightYear\":\"2025\",\"copyrightHolder\":{\"@id\":\"https:\/\/www.gaveanews.com\/#organization\"}},{\"@type\":\"WebPage\",\"@id\":\"https:\/\/www.gaveanews.com\/index.php\/2025\/01\/10\/a-declaracao-de-bruno-cantarelli-direcionada-a-filipe-luis-do-flamengo\/\",\"url\":\"https:\/\/www.gaveanews.com\/index.php\/2025\/01\/10\/a-declaracao-de-bruno-cantarelli-direcionada-a-filipe-luis-do-flamengo\/\",\"name\":\"A declara\u00e7\u00e3o de Bruno Cantarelli direcionada a Filipe Lu\u00eds, do Flamengo\",\"isPartOf\":{\"@id\":\"https:\/\/www.gaveanews.com\/#website\"},\"primaryImageOfPage\":{\"@id\":\"https:\/\/www.gaveanews.com\/index.php\/2025\/01\/10\/a-declaracao-de-bruno-cantarelli-direcionada-a-filipe-luis-do-flamengo\/#primaryimage\"},\"image\":{\"@id\":\"https:\/\/www.gaveanews.com\/index.php\/2025\/01\/10\/a-declaracao-de-bruno-cantarelli-direcionada-a-filipe-luis-do-flamengo\/#primaryimage\"},\"thumbnailUrl\":\"https:\/\/www.gaveanews.com\/wp-content\/uploads\/Filipe-Luis-durante-jogo-entre-o-Flamengo-x-Bahia.webp\",\"datePublished\":\"2025-01-10T18:00:57+00:00\",\"author\":{\"@id\":\"https:\/\/www.gaveanews.com\/#\/schema\/person\/2424ec6409bc3f068411fc5e4e9b6168\"},\"breadcrumb\":{\"@id\":\"https:\/\/www.gaveanews.com\/index.php\/2025\/01\/10\/a-declaracao-de-bruno-cantarelli-direcionada-a-filipe-luis-do-flamengo\/#breadcrumb\"},\"inLanguage\":\"pt-BR\",\"potentialAction\":[{\"@type\":\"ReadAction\",\"target\":[\"https:\/\/www.gaveanews.com\/index.php\/2025\/01\/10\/a-declaracao-de-bruno-cantarelli-direcionada-a-filipe-luis-do-flamengo\/\"]}]},{\"@type\":\"ImageObject\",\"inLanguage\":\"pt-BR\",\"@id\":\"https:\/\/www.gaveanews.com\/index.php\/2025\/01\/10\/a-declaracao-de-bruno-cantarelli-direcionada-a-filipe-luis-do-flamengo\/#primaryimage\",\"url\":\"https:\/\/www.gaveanews.com\/wp-content\/uploads\/Filipe-Luis-durante-jogo-entre-o-Flamengo-x-Bahia.webp\",\"contentUrl\":\"https:\/\/www.gaveanews.com\/wp-content\/uploads\/Filipe-Luis-durante-jogo-entre-o-Flamengo-x-Bahia.webp\",\"width\":342,\"height\":338,\"caption\":\"Filipe Lu\u00eds durante jogo entre o Flamengo x Bahia (Foto: Gilvan de Souza\/CRF)\"},{\"@type\":\"BreadcrumbList\",\"@id\":\"https:\/\/www.gaveanews.com\/index.php\/2025\/01\/10\/a-declaracao-de-bruno-cantarelli-direcionada-a-filipe-luis-do-flamengo\/#breadcrumb\",\"itemListElement\":[{\"@type\":\"ListItem\",\"position\":1,\"name\":\"Home\",\"item\":\"https:\/\/www.gaveanews.com\/\"},{\"@type\":\"ListItem\",\"position\":2,\"name\":\"A declara\u00e7\u00e3o de Bruno Cantarelli direcionada a Filipe Lu\u00eds, do Flamengo\"}]},{\"@type\":\"WebSite\",\"@id\":\"https:\/\/www.gaveanews.com\/#website\",\"url\":\"https:\/\/www.gaveanews.com\/\",\"name\":\"G\u00e1vea News\",\"description\":\"Veja todas as not\u00edcias sobre o Flamengo: Contrata\u00e7\u00f5es, categorias de base, resultados das partidas, tabela de classifica\u00e7\u00e3o, pr\u00f3ximos jogos!\",\"potentialAction\":[{\"@type\":\"SearchAction\",\"target\":{\"@type\":\"EntryPoint\",\"urlTemplate\":\"https:\/\/www.gaveanews.com\/?s={search_term_string}\"},\"query-input\":{\"@type\":\"PropertyValueSpecification\",\"valueRequired\":true,\"valueName\":\"search_term_string\"}}],\"inLanguage\":\"pt-BR\"},{\"@type\":\"Person\",\"@id\":\"https:\/\/www.gaveanews.com\/#\/schema\/person\/2424ec6409bc3f068411fc5e4e9b6168\",\"name\":\"Leandro Cardoso\",\"image\":{\"@type\":\"ImageObject\",\"inLanguage\":\"pt-BR\",\"@id\":\"https:\/\/www.gaveanews.com\/#\/schema\/person\/image\/\",\"url\":\"https:\/\/secure.gravatar.com\/avatar\/8ca179f9b55eefe9f376f5493ef25475bfa59fbc28ce937f6076ce20e523098f?s=96&d=mm&r=g\",\"contentUrl\":\"https:\/\/secure.gravatar.com\/avatar\/8ca179f9b55eefe9f376f5493ef25475bfa59fbc28ce937f6076ce20e523098f?s=96&d=mm&r=g\",\"caption\":\"Leandro Cardoso\"}}]}<\/script>\n<!-- \/ Yoast SEO Premium plugin. -->","yoast_head_json":{"title":"A declara\u00e7\u00e3o de Bruno Cantarelli direcionada a Filipe Lu\u00eds, do Flamengo","robots":{"index":"index","follow":"follow","max-snippet":"max-snippet:-1","max-image-preview":"max-image-preview:large","max-video-preview":"max-video-preview:-1"},"canonical":"https:\/\/www.gaveanews.com\/index.php\/2025\/01\/10\/a-declaracao-de-bruno-cantarelli-direcionada-a-filipe-luis-do-flamengo\/","og_locale":"pt_BR","og_type":"article","og_title":"A declara\u00e7\u00e3o de Bruno Cantarelli direcionada a Filipe Lu\u00eds, do Flamengo","og_description":"Filipe Lu\u00eds, \u00eddolo do Flamengo como jogador, agora enfrenta um novo e desafiador papel: t\u00e9cnico da equipe. Ap\u00f3s assumir o comando da equipe em outubro de 2024 e conquistar a Copa do Brasil, o ex-lateral-esquerdo inicia sua jornada como t\u00e9cnico profissional, um marco in\u00e9dito em sua carreira. Mas como ele est\u00e1 lidando com esse novo [&hellip;]","og_url":"https:\/\/www.gaveanews.com\/index.php\/2025\/01\/10\/a-declaracao-de-bruno-cantarelli-direcionada-a-filipe-luis-do-flamengo\/","og_site_name":"G\u00e1vea News","article_publisher":"https:\/\/facebook.com\/gaveaNews\/","article_published_time":"2025-01-10T18:00:57+00:00","og_image":[{"width":342,"height":338,"url":"https:\/\/www.gaveanews.com\/wp-content\/uploads\/Filipe-Luis-durante-jogo-entre-o-Flamengo-x-Bahia.webp","type":"image\/jpeg"}],"author":"Leandro Cardoso","twitter_card":"summary_large_image","twitter_misc":{"Escrito por":"Leandro Cardoso","Est. tempo de leitura":"3 minutos"},"schema":{"@context":"https:\/\/schema.org","@graph":[{"@type":"NewsArticle","@id":"https:\/\/www.gaveanews.com\/index.php\/2025\/01\/10\/a-declaracao-de-bruno-cantarelli-direcionada-a-filipe-luis-do-flamengo\/#article","isPartOf":{"@id":"https:\/\/www.gaveanews.com\/index.php\/2025\/01\/10\/a-declaracao-de-bruno-cantarelli-direcionada-a-filipe-luis-do-flamengo\/"},"author":{"name":"Leandro Cardoso","@id":"https:\/\/www.gaveanews.com\/#\/schema\/person\/2424ec6409bc3f068411fc5e4e9b6168"},"headline":"A declara\u00e7\u00e3o de Bruno Cantarelli direcionada a Filipe Lu\u00eds, do Flamengo","datePublished":"2025-01-10T18:00:57+00:00","mainEntityOfPage":{"@id":"https:\/\/www.gaveanews.com\/index.php\/2025\/01\/10\/a-declaracao-de-bruno-cantarelli-direcionada-a-filipe-luis-do-flamengo\/"},"wordCount":425,"commentCount":0,"image":{"@id":"https:\/\/www.gaveanews.com\/index.php\/2025\/01\/10\/a-declaracao-de-bruno-cantarelli-direcionada-a-filipe-luis-do-flamengo\/#primaryimage"},"thumbnailUrl":"https:\/\/www.gaveanews.com\/wp-content\/uploads\/Filipe-Luis-durante-jogo-entre-o-Flamengo-x-Bahia.webp","articleSection":["Flamengo"],"inLanguage":"pt-BR","potentialAction":[{"@type":"CommentAction","name":"Comment","target":["https:\/\/www.gaveanews.com\/index.php\/2025\/01\/10\/a-declaracao-de-bruno-cantarelli-direcionada-a-filipe-luis-do-flamengo\/#respond"]}],"copyrightYear":"2025","copyrightHolder":{"@id":"https:\/\/www.gaveanews.com\/#organization"}},{"@type":"WebPage","@id":"https:\/\/www.gaveanews.com\/index.php\/2025\/01\/10\/a-declaracao-de-bruno-cantarelli-direcionada-a-filipe-luis-do-flamengo\/","url":"https:\/\/www.gaveanews.com\/index.php\/2025\/01\/10\/a-declaracao-de-bruno-cantarelli-direcionada-a-filipe-luis-do-flamengo\/","name":"A declara\u00e7\u00e3o de Bruno Cantarelli direcionada a Filipe Lu\u00eds, do Flamengo","isPartOf":{"@id":"https:\/\/www.gaveanews.com\/#website"},"primaryImageOfPage":{"@id":"https:\/\/www.gaveanews.com\/index.php\/2025\/01\/10\/a-declaracao-de-bruno-cantarelli-direcionada-a-filipe-luis-do-flamengo\/#primaryimage"},"image":{"@id":"https:\/\/www.gaveanews.com\/index.php\/2025\/01\/10\/a-declaracao-de-bruno-cantarelli-direcionada-a-filipe-luis-do-flamengo\/#primaryimage"},"thumbnailUrl":"https:\/\/www.gaveanews.com\/wp-content\/uploads\/Filipe-Luis-durante-jogo-entre-o-Flamengo-x-Bahia.webp","datePublished":"2025-01-10T18:00:57+00:00","author":{"@id":"https:\/\/www.gaveanews.com\/#\/schema\/person\/2424ec6409bc3f068411fc5e4e9b6168"},"breadcrumb":{"@id":"https:\/\/www.gaveanews.com\/index.php\/2025\/01\/10\/a-declaracao-de-bruno-cantarelli-direcionada-a-filipe-luis-do-flamengo\/#breadcrumb"},"inLanguage":"pt-BR","potentialAction":[{"@type":"ReadAction","target":["https:\/\/www.gaveanews.com\/index.php\/2025\/01\/10\/a-declaracao-de-bruno-cantarelli-direcionada-a-filipe-luis-do-flamengo\/"]}]},{"@type":"ImageObject","inLanguage":"pt-BR","@id":"https:\/\/www.gaveanews.com\/index.php\/2025\/01\/10\/a-declaracao-de-bruno-cantarelli-direcionada-a-filipe-luis-do-flamengo\/#primaryimage","url":"https:\/\/www.gaveanews.com\/wp-content\/uploads\/Filipe-Luis-durante-jogo-entre-o-Flamengo-x-Bahia.webp","contentUrl":"https:\/\/www.gaveanews.com\/wp-content\/uploads\/Filipe-Luis-durante-jogo-entre-o-Flamengo-x-Bahia.webp","width":342,"height":338,"caption":"Filipe Lu\u00eds durante jogo entre o Flamengo x Bahia (Foto: Gilvan de Souza\/CRF)"},{"@type":"BreadcrumbList","@id":"https:\/\/www.gaveanews.com\/index.php\/2025\/01\/10\/a-declaracao-de-bruno-cantarelli-direcionada-a-filipe-luis-do-flamengo\/#breadcrumb","itemListElement":[{"@type":"ListItem","position":1,"name":"Home","item":"https:\/\/www.gaveanews.com\/"},{"@type":"ListItem","position":2,"name":"A declara\u00e7\u00e3o de Bruno Cantarelli direcionada a Filipe Lu\u00eds, do Flamengo"}]},{"@type":"WebSite","@id":"https:\/\/www.gaveanews.com\/#website","url":"https:\/\/www.gaveanews.com\/","name":"G\u00e1vea News","description":"Veja todas as not\u00edcias sobre o Flamengo: Contrata\u00e7\u00f5es, categorias de base, resultados das partidas, tabela de classifica\u00e7\u00e3o, pr\u00f3ximos jogos!","potentialAction":[{"@type":"SearchAction","target":{"@type":"EntryPoint","urlTemplate":"https:\/\/www.gaveanews.com\/?s={search_term_string}"},"query-input":{"@type":"PropertyValueSpecification","valueRequired":true,"valueName":"search_term_string"}}],"inLanguage":"pt-BR"},{"@type":"Person","@id":"https:\/\/www.gaveanews.com\/#\/schema\/person\/2424ec6409bc3f068411fc5e4e9b6168","name":"Leandro Cardoso","image":{"@type":"ImageObject","inLanguage":"pt-BR","@id":"https:\/\/www.gaveanews.com\/#\/schema\/person\/image\/","url":"https:\/\/secure.gravatar.com\/avatar\/8ca179f9b55eefe9f376f5493ef25475bfa59fbc28ce937f6076ce20e523098f?s=96&d=mm&r=g","contentUrl":"https:\/\/secure.gravatar.com\/avatar\/8ca179f9b55eefe9f376f5493ef25475bfa59fbc28ce937f6076ce20e523098f?s=96&d=mm&r=g","caption":"Leandro Cardoso"}}]}},"_links":{"self":[{"href":"https:\/\/www.gaveanews.com\/index.php\/wp-json\/wp\/v2\/posts\/210851","targetHints":{"allow":["GET"]}}],"collection":[{"href":"https:\/\/www.gaveanews.com\/index.php\/wp-json\/wp\/v2\/posts"}],"about":[{"href":"https:\/\/www.gaveanews.com\/index.php\/wp-json\/wp\/v2\/types\/post"}],"author":[{"embeddable":true,"href":"https:\/\/www.gaveanews.com\/index.php\/wp-json\/wp\/v2\/users\/24"}],"replies":[{"embeddable":true,"href":"https:\/\/www.gaveanews.com\/index.php\/wp-json\/wp\/v2\/comments?post=210851"}],"version-history":[{"count":1,"href":"https:\/\/www.gaveanews.com\/index.php\/wp-json\/wp\/v2\/posts\/210851\/revisions"}],"predecessor-version":[{"id":210857,"href":"https:\/\/www.gaveanews.com\/index.php\/wp-json\/wp\/v2\/posts\/210851\/revisions\/210857"}],"wp:featuredmedia":[{"embeddable":true,"href":"https:\/\/www.gaveanews.com\/index.php\/wp-json\/wp\/v2\/media\/171957"}],"wp:attachment":[{"href":"https:\/\/www.gaveanews.com\/index.php\/wp-json\/wp\/v2\/media?parent=210851"}],"wp:term":[{"taxonomy":"category","embeddable":true,"href":"https:\/\/www.gaveanews.com\/index.php\/wp-json\/wp\/v2\/categories?post=210851"},{"taxonomy":"post_tag","embeddable":true,"href":"https:\/\/www.gaveanews.com\/index.php\/wp-json\/wp\/v2\/tags?post=210851"}],"curies":[{"name":"wp","href":"https:\/\/api.w.org\/{rel}","templated":true}]}}