{"id":210865,"date":"2025-01-10T19:15:00","date_gmt":"2025-01-10T22:15:00","guid":{"rendered":"https:\/\/www.gaveanews.com\/?p=210865"},"modified":"2025-01-10T19:02:11","modified_gmt":"2025-01-10T22:02:11","slug":"palmeiras-a-declaracao-de-leila-pereira-direcionada-a-vitor-reis","status":"publish","type":"post","link":"https:\/\/www.gaveanews.com\/index.php\/2025\/01\/10\/palmeiras-a-declaracao-de-leila-pereira-direcionada-a-vitor-reis\/","title":{"rendered":"Palmeiras: a declara\u00e7\u00e3o de Leila Pereira direcionada a Vitor Reis"},"content":{"rendered":"\n<h2 class=\"wp-block-heading\" id=\"h-jogador-pode-estar-de-saida-para-o-manchester-city\">Jogador pode estar de sa\u00edda para o Manchester City <\/h2>\n\n\n\n<p>O Manchester City deseja a contrata\u00e7\u00e3o do zagueiro Vitor Reis, que pertence ao Palmeiras. No entanto, a presidente Leila Pereira disse que at\u00e9 o momento n\u00e3o houve nenhuma proposta oficial pelo jovem atleta que vem se destacando na equipe principal. <\/p>\n\n\n\n<ul class=\"wp-block-list\">\n<li><a href=\"https:\/\/www.gaveanews.com\/index.php\/2025\/01\/10\/atitude-do-pai-de-rony-revolta-diretoria-do-palmeiras\/\">Atitude do pai de Rony revolta diretoria do Palmeiras<\/a><\/li>\n\n\n\n<li><a href=\"https:\/\/www.gaveanews.com\/index.php\/2025\/01\/10\/palmeiras-a-declaracao-de-caio-ribeiro-sobre-paulinho-e-facundo-torres\/\">Palmeiras: a declara\u00e7\u00e3o de Caio Ribeiro sobre Paulinho e Facundo Torres<\/a><\/li>\n<\/ul>\n\n\n\n<p>O desejo da diretoria alviverde \u00e9 de manter Vitor Reis ao menos at\u00e9 a disputa do Super Mundial, que ir\u00e1 acontecer nos meses de junho e julho desse ano. No entanto, o clube da Premier League planeja desembolsar uma baita grana. O Citizens est\u00e1 disposto a pagar cerca 40 milh\u00f5es de euros (R$ 250 milh\u00f5es).<\/p>\n\n\n\n<p>&#8220;(Vitor Reis) \u00e9 mais um das nossas crias da base do Palmeiras. Ele \u00e9 extremamente talentoso e muito importante para o nosso time. Queremos contar com ele para nos ajudar no Mundial de Clubes\u201d, disse Leila Pereira em entrevista ao jornal ingl\u00eas \u201cThe Athletic\u201d.<\/p>\n\n\n\n<p>Como Leila disse, o desejo \u00e9 de segurar o zagueiro at\u00e9 o Mundial. Por\u00e9m, a presidente tamb\u00e9m falou que Vitor vem recebendo algumas sondagens do futebol europeu e que caso chegue algo muito vantajoso para o clube, as partes ir\u00e3o sentar e conversar. <\/p>\n\n\n\n<p>\u201cMuitos clubes europeus est\u00e3o interessados. No momento s\u00e3o muitas sondagens, mas nenhuma proposta oficial. Ele tem contrato, mas se tiver algo interessante para o clube e o jogador, vamos sentar e conversar\u201d, finalizou a presidente.<\/p>\n\n\n\n<p>A avalia\u00e7\u00e3o interna \u00e9 que o zagueiro ainda precisa cumprir etapas no clube antes de ser negociado. Apesar disso, caso o Manchester City realize a proposta de 40 milh\u00f5es de euros (R$ 250 milh\u00f5es), o Palmeiras dever\u00e1 aceitar negociar o atleta. <\/p>\n\n\n\n<p>Vitor Reis fez sua estreia no time principal em 26 de junho de 2024, ao entrar no segundo tempo da partida contra o Fortaleza, na Arena Castel\u00e3o e j\u00e1 soma 22 partidas, com dois gols marcados. <\/p>\n","protected":false},"excerpt":{"rendered":"<p>Jogador pode estar de sa\u00edda para o Manchester City O Manchester City deseja a contrata\u00e7\u00e3o do zagueiro Vitor Reis, que pertence ao Palmeiras. No entanto, a presidente Leila Pereira disse que at\u00e9 o momento n\u00e3o houve nenhuma proposta oficial pelo jovem atleta que vem se destacando na equipe principal. O desejo da diretoria alviverde \u00e9 [&hellip;]<\/p>\n","protected":false},"author":21,"featured_media":150227,"comment_status":"open","ping_status":"closed","sticky":false,"template":"","format":"standard","meta":{"footnotes":""},"categories":[150],"tags":[],"class_list":["post-210865","post","type-post","status-publish","format-standard","has-post-thumbnail","hentry","category-palmeiras"],"yoast_head":"<!-- This site is optimized with the Yoast SEO Premium plugin v24.2 (Yoast SEO v26.9) - https:\/\/yoast.com\/product\/yoast-seo-premium-wordpress\/ -->\n<title>Palmeiras: a declara\u00e7\u00e3o de Leila Pereira direcionada a Vitor Reis<\/title>\n<meta name=\"robots\" content=\"index, follow, max-snippet:-1, max-image-preview:large, max-video-preview:-1\" \/>\n<link rel=\"canonical\" href=\"https:\/\/www.gaveanews.com\/index.php\/2025\/01\/10\/palmeiras-a-declaracao-de-leila-pereira-direcionada-a-vitor-reis\/\" \/>\n<meta property=\"og:locale\" content=\"pt_BR\" \/>\n<meta property=\"og:type\" content=\"article\" \/>\n<meta property=\"og:title\" content=\"Palmeiras: a declara\u00e7\u00e3o de Leila Pereira direcionada a Vitor Reis\" \/>\n<meta property=\"og:description\" content=\"Jogador pode estar de sa\u00edda para o Manchester City O Manchester City deseja a contrata\u00e7\u00e3o do zagueiro Vitor Reis, que pertence ao Palmeiras. No entanto, a presidente Leila Pereira disse que at\u00e9 o momento n\u00e3o houve nenhuma proposta oficial pelo jovem atleta que vem se destacando na equipe principal. O desejo da diretoria alviverde \u00e9 [&hellip;]\" \/>\n<meta property=\"og:url\" content=\"https:\/\/www.gaveanews.com\/index.php\/2025\/01\/10\/palmeiras-a-declaracao-de-leila-pereira-direcionada-a-vitor-reis\/\" \/>\n<meta property=\"og:site_name\" content=\"G\u00e1vea News\" \/>\n<meta property=\"article:publisher\" content=\"https:\/\/facebook.com\/gaveaNews\/\" \/>\n<meta property=\"article:published_time\" content=\"2025-01-10T22:15:00+00:00\" \/>\n<meta property=\"og:image\" content=\"https:\/\/www.gaveanews.com\/wp-content\/uploads\/Vitor-Reis-em-acao-pelo-Palmeiras.webp\" \/>\n\t<meta property=\"og:image:width\" content=\"1080\" \/>\n\t<meta property=\"og:image:height\" content=\"1300\" \/>\n\t<meta property=\"og:image:type\" content=\"image\/jpeg\" \/>\n<meta name=\"author\" content=\"Andr\u00e9 Serra\" \/>\n<meta name=\"twitter:card\" content=\"summary_large_image\" \/>\n<meta name=\"twitter:label1\" content=\"Escrito por\" \/>\n\t<meta name=\"twitter:data1\" content=\"Andr\u00e9 Serra\" \/>\n\t<meta name=\"twitter:label2\" content=\"Est. tempo de leitura\" \/>\n\t<meta name=\"twitter:data2\" content=\"2 minutos\" \/>\n<script type=\"application\/ld+json\" class=\"yoast-schema-graph\">{\"@context\":\"https:\/\/schema.org\",\"@graph\":[{\"@type\":\"NewsArticle\",\"@id\":\"https:\/\/www.gaveanews.com\/index.php\/2025\/01\/10\/palmeiras-a-declaracao-de-leila-pereira-direcionada-a-vitor-reis\/#article\",\"isPartOf\":{\"@id\":\"https:\/\/www.gaveanews.com\/index.php\/2025\/01\/10\/palmeiras-a-declaracao-de-leila-pereira-direcionada-a-vitor-reis\/\"},\"author\":{\"name\":\"Andr\u00e9 Serra\",\"@id\":\"https:\/\/www.gaveanews.com\/#\/schema\/person\/0277a79a1289c451c281ec0411d84f0c\"},\"headline\":\"Palmeiras: a declara\u00e7\u00e3o de Leila Pereira direcionada a Vitor Reis\",\"datePublished\":\"2025-01-10T22:15:00+00:00\",\"mainEntityOfPage\":{\"@id\":\"https:\/\/www.gaveanews.com\/index.php\/2025\/01\/10\/palmeiras-a-declaracao-de-leila-pereira-direcionada-a-vitor-reis\/\"},\"wordCount\":338,\"commentCount\":0,\"image\":{\"@id\":\"https:\/\/www.gaveanews.com\/index.php\/2025\/01\/10\/palmeiras-a-declaracao-de-leila-pereira-direcionada-a-vitor-reis\/#primaryimage\"},\"thumbnailUrl\":\"https:\/\/www.gaveanews.com\/wp-content\/uploads\/Vitor-Reis-em-acao-pelo-Palmeiras.webp\",\"articleSection\":[\"Palmeiras\"],\"inLanguage\":\"pt-BR\",\"potentialAction\":[{\"@type\":\"CommentAction\",\"name\":\"Comment\",\"target\":[\"https:\/\/www.gaveanews.com\/index.php\/2025\/01\/10\/palmeiras-a-declaracao-de-leila-pereira-direcionada-a-vitor-reis\/#respond\"]}],\"copyrightYear\":\"2025\",\"copyrightHolder\":{\"@id\":\"https:\/\/www.gaveanews.com\/#organization\"}},{\"@type\":\"WebPage\",\"@id\":\"https:\/\/www.gaveanews.com\/index.php\/2025\/01\/10\/palmeiras-a-declaracao-de-leila-pereira-direcionada-a-vitor-reis\/\",\"url\":\"https:\/\/www.gaveanews.com\/index.php\/2025\/01\/10\/palmeiras-a-declaracao-de-leila-pereira-direcionada-a-vitor-reis\/\",\"name\":\"Palmeiras: a declara\u00e7\u00e3o de Leila Pereira direcionada a Vitor Reis\",\"isPartOf\":{\"@id\":\"https:\/\/www.gaveanews.com\/#website\"},\"primaryImageOfPage\":{\"@id\":\"https:\/\/www.gaveanews.com\/index.php\/2025\/01\/10\/palmeiras-a-declaracao-de-leila-pereira-direcionada-a-vitor-reis\/#primaryimage\"},\"image\":{\"@id\":\"https:\/\/www.gaveanews.com\/index.php\/2025\/01\/10\/palmeiras-a-declaracao-de-leila-pereira-direcionada-a-vitor-reis\/#primaryimage\"},\"thumbnailUrl\":\"https:\/\/www.gaveanews.com\/wp-content\/uploads\/Vitor-Reis-em-acao-pelo-Palmeiras.webp\",\"datePublished\":\"2025-01-10T22:15:00+00:00\",\"author\":{\"@id\":\"https:\/\/www.gaveanews.com\/#\/schema\/person\/0277a79a1289c451c281ec0411d84f0c\"},\"breadcrumb\":{\"@id\":\"https:\/\/www.gaveanews.com\/index.php\/2025\/01\/10\/palmeiras-a-declaracao-de-leila-pereira-direcionada-a-vitor-reis\/#breadcrumb\"},\"inLanguage\":\"pt-BR\",\"potentialAction\":[{\"@type\":\"ReadAction\",\"target\":[\"https:\/\/www.gaveanews.com\/index.php\/2025\/01\/10\/palmeiras-a-declaracao-de-leila-pereira-direcionada-a-vitor-reis\/\"]}]},{\"@type\":\"ImageObject\",\"inLanguage\":\"pt-BR\",\"@id\":\"https:\/\/www.gaveanews.com\/index.php\/2025\/01\/10\/palmeiras-a-declaracao-de-leila-pereira-direcionada-a-vitor-reis\/#primaryimage\",\"url\":\"https:\/\/www.gaveanews.com\/wp-content\/uploads\/Vitor-Reis-em-acao-pelo-Palmeiras.webp\",\"contentUrl\":\"https:\/\/www.gaveanews.com\/wp-content\/uploads\/Vitor-Reis-em-acao-pelo-Palmeiras.webp\",\"width\":1080,\"height\":1300,\"caption\":\"Vitor Reis em a\u00e7\u00e3o pelo Palmeiras (Foto: Reprodu\u00e7\u00e3o\/Instagram)\"},{\"@type\":\"BreadcrumbList\",\"@id\":\"https:\/\/www.gaveanews.com\/index.php\/2025\/01\/10\/palmeiras-a-declaracao-de-leila-pereira-direcionada-a-vitor-reis\/#breadcrumb\",\"itemListElement\":[{\"@type\":\"ListItem\",\"position\":1,\"name\":\"Home\",\"item\":\"https:\/\/www.gaveanews.com\/\"},{\"@type\":\"ListItem\",\"position\":2,\"name\":\"Palmeiras: a declara\u00e7\u00e3o de Leila Pereira direcionada a Vitor Reis\"}]},{\"@type\":\"WebSite\",\"@id\":\"https:\/\/www.gaveanews.com\/#website\",\"url\":\"https:\/\/www.gaveanews.com\/\",\"name\":\"G\u00e1vea News\",\"description\":\"Veja todas as not\u00edcias sobre o Flamengo: Contrata\u00e7\u00f5es, categorias de base, resultados das partidas, tabela de classifica\u00e7\u00e3o, pr\u00f3ximos jogos!\",\"potentialAction\":[{\"@type\":\"SearchAction\",\"target\":{\"@type\":\"EntryPoint\",\"urlTemplate\":\"https:\/\/www.gaveanews.com\/?s={search_term_string}\"},\"query-input\":{\"@type\":\"PropertyValueSpecification\",\"valueRequired\":true,\"valueName\":\"search_term_string\"}}],\"inLanguage\":\"pt-BR\"},{\"@type\":\"Person\",\"@id\":\"https:\/\/www.gaveanews.com\/#\/schema\/person\/0277a79a1289c451c281ec0411d84f0c\",\"name\":\"Andr\u00e9 Serra\",\"image\":{\"@type\":\"ImageObject\",\"inLanguage\":\"pt-BR\",\"@id\":\"https:\/\/www.gaveanews.com\/#\/schema\/person\/image\/\",\"url\":\"https:\/\/secure.gravatar.com\/avatar\/d7231369fe48db93292b3e88eb2162dbd9a34a47a8437d9ef3bcaca2a86a83d7?s=96&d=mm&r=g\",\"contentUrl\":\"https:\/\/secure.gravatar.com\/avatar\/d7231369fe48db93292b3e88eb2162dbd9a34a47a8437d9ef3bcaca2a86a83d7?s=96&d=mm&r=g\",\"caption\":\"Andr\u00e9 Serra\"}}]}<\/script>\n<!-- \/ Yoast SEO Premium plugin. -->","yoast_head_json":{"title":"Palmeiras: a declara\u00e7\u00e3o de Leila Pereira direcionada a Vitor Reis","robots":{"index":"index","follow":"follow","max-snippet":"max-snippet:-1","max-image-preview":"max-image-preview:large","max-video-preview":"max-video-preview:-1"},"canonical":"https:\/\/www.gaveanews.com\/index.php\/2025\/01\/10\/palmeiras-a-declaracao-de-leila-pereira-direcionada-a-vitor-reis\/","og_locale":"pt_BR","og_type":"article","og_title":"Palmeiras: a declara\u00e7\u00e3o de Leila Pereira direcionada a Vitor Reis","og_description":"Jogador pode estar de sa\u00edda para o Manchester City O Manchester City deseja a contrata\u00e7\u00e3o do zagueiro Vitor Reis, que pertence ao Palmeiras. No entanto, a presidente Leila Pereira disse que at\u00e9 o momento n\u00e3o houve nenhuma proposta oficial pelo jovem atleta que vem se destacando na equipe principal. O desejo da diretoria alviverde \u00e9 [&hellip;]","og_url":"https:\/\/www.gaveanews.com\/index.php\/2025\/01\/10\/palmeiras-a-declaracao-de-leila-pereira-direcionada-a-vitor-reis\/","og_site_name":"G\u00e1vea News","article_publisher":"https:\/\/facebook.com\/gaveaNews\/","article_published_time":"2025-01-10T22:15:00+00:00","og_image":[{"width":1080,"height":1300,"url":"https:\/\/www.gaveanews.com\/wp-content\/uploads\/Vitor-Reis-em-acao-pelo-Palmeiras.webp","type":"image\/jpeg"}],"author":"Andr\u00e9 Serra","twitter_card":"summary_large_image","twitter_misc":{"Escrito por":"Andr\u00e9 Serra","Est. tempo de leitura":"2 minutos"},"schema":{"@context":"https:\/\/schema.org","@graph":[{"@type":"NewsArticle","@id":"https:\/\/www.gaveanews.com\/index.php\/2025\/01\/10\/palmeiras-a-declaracao-de-leila-pereira-direcionada-a-vitor-reis\/#article","isPartOf":{"@id":"https:\/\/www.gaveanews.com\/index.php\/2025\/01\/10\/palmeiras-a-declaracao-de-leila-pereira-direcionada-a-vitor-reis\/"},"author":{"name":"Andr\u00e9 Serra","@id":"https:\/\/www.gaveanews.com\/#\/schema\/person\/0277a79a1289c451c281ec0411d84f0c"},"headline":"Palmeiras: a declara\u00e7\u00e3o de Leila Pereira direcionada a Vitor Reis","datePublished":"2025-01-10T22:15:00+00:00","mainEntityOfPage":{"@id":"https:\/\/www.gaveanews.com\/index.php\/2025\/01\/10\/palmeiras-a-declaracao-de-leila-pereira-direcionada-a-vitor-reis\/"},"wordCount":338,"commentCount":0,"image":{"@id":"https:\/\/www.gaveanews.com\/index.php\/2025\/01\/10\/palmeiras-a-declaracao-de-leila-pereira-direcionada-a-vitor-reis\/#primaryimage"},"thumbnailUrl":"https:\/\/www.gaveanews.com\/wp-content\/uploads\/Vitor-Reis-em-acao-pelo-Palmeiras.webp","articleSection":["Palmeiras"],"inLanguage":"pt-BR","potentialAction":[{"@type":"CommentAction","name":"Comment","target":["https:\/\/www.gaveanews.com\/index.php\/2025\/01\/10\/palmeiras-a-declaracao-de-leila-pereira-direcionada-a-vitor-reis\/#respond"]}],"copyrightYear":"2025","copyrightHolder":{"@id":"https:\/\/www.gaveanews.com\/#organization"}},{"@type":"WebPage","@id":"https:\/\/www.gaveanews.com\/index.php\/2025\/01\/10\/palmeiras-a-declaracao-de-leila-pereira-direcionada-a-vitor-reis\/","url":"https:\/\/www.gaveanews.com\/index.php\/2025\/01\/10\/palmeiras-a-declaracao-de-leila-pereira-direcionada-a-vitor-reis\/","name":"Palmeiras: a declara\u00e7\u00e3o de Leila Pereira direcionada a Vitor Reis","isPartOf":{"@id":"https:\/\/www.gaveanews.com\/#website"},"primaryImageOfPage":{"@id":"https:\/\/www.gaveanews.com\/index.php\/2025\/01\/10\/palmeiras-a-declaracao-de-leila-pereira-direcionada-a-vitor-reis\/#primaryimage"},"image":{"@id":"https:\/\/www.gaveanews.com\/index.php\/2025\/01\/10\/palmeiras-a-declaracao-de-leila-pereira-direcionada-a-vitor-reis\/#primaryimage"},"thumbnailUrl":"https:\/\/www.gaveanews.com\/wp-content\/uploads\/Vitor-Reis-em-acao-pelo-Palmeiras.webp","datePublished":"2025-01-10T22:15:00+00:00","author":{"@id":"https:\/\/www.gaveanews.com\/#\/schema\/person\/0277a79a1289c451c281ec0411d84f0c"},"breadcrumb":{"@id":"https:\/\/www.gaveanews.com\/index.php\/2025\/01\/10\/palmeiras-a-declaracao-de-leila-pereira-direcionada-a-vitor-reis\/#breadcrumb"},"inLanguage":"pt-BR","potentialAction":[{"@type":"ReadAction","target":["https:\/\/www.gaveanews.com\/index.php\/2025\/01\/10\/palmeiras-a-declaracao-de-leila-pereira-direcionada-a-vitor-reis\/"]}]},{"@type":"ImageObject","inLanguage":"pt-BR","@id":"https:\/\/www.gaveanews.com\/index.php\/2025\/01\/10\/palmeiras-a-declaracao-de-leila-pereira-direcionada-a-vitor-reis\/#primaryimage","url":"https:\/\/www.gaveanews.com\/wp-content\/uploads\/Vitor-Reis-em-acao-pelo-Palmeiras.webp","contentUrl":"https:\/\/www.gaveanews.com\/wp-content\/uploads\/Vitor-Reis-em-acao-pelo-Palmeiras.webp","width":1080,"height":1300,"caption":"Vitor Reis em a\u00e7\u00e3o pelo Palmeiras (Foto: Reprodu\u00e7\u00e3o\/Instagram)"},{"@type":"BreadcrumbList","@id":"https:\/\/www.gaveanews.com\/index.php\/2025\/01\/10\/palmeiras-a-declaracao-de-leila-pereira-direcionada-a-vitor-reis\/#breadcrumb","itemListElement":[{"@type":"ListItem","position":1,"name":"Home","item":"https:\/\/www.gaveanews.com\/"},{"@type":"ListItem","position":2,"name":"Palmeiras: a declara\u00e7\u00e3o de Leila Pereira direcionada a Vitor Reis"}]},{"@type":"WebSite","@id":"https:\/\/www.gaveanews.com\/#website","url":"https:\/\/www.gaveanews.com\/","name":"G\u00e1vea News","description":"Veja todas as not\u00edcias sobre o Flamengo: Contrata\u00e7\u00f5es, categorias de base, resultados das partidas, tabela de classifica\u00e7\u00e3o, pr\u00f3ximos jogos!","potentialAction":[{"@type":"SearchAction","target":{"@type":"EntryPoint","urlTemplate":"https:\/\/www.gaveanews.com\/?s={search_term_string}"},"query-input":{"@type":"PropertyValueSpecification","valueRequired":true,"valueName":"search_term_string"}}],"inLanguage":"pt-BR"},{"@type":"Person","@id":"https:\/\/www.gaveanews.com\/#\/schema\/person\/0277a79a1289c451c281ec0411d84f0c","name":"Andr\u00e9 Serra","image":{"@type":"ImageObject","inLanguage":"pt-BR","@id":"https:\/\/www.gaveanews.com\/#\/schema\/person\/image\/","url":"https:\/\/secure.gravatar.com\/avatar\/d7231369fe48db93292b3e88eb2162dbd9a34a47a8437d9ef3bcaca2a86a83d7?s=96&d=mm&r=g","contentUrl":"https:\/\/secure.gravatar.com\/avatar\/d7231369fe48db93292b3e88eb2162dbd9a34a47a8437d9ef3bcaca2a86a83d7?s=96&d=mm&r=g","caption":"Andr\u00e9 Serra"}}]}},"_links":{"self":[{"href":"https:\/\/www.gaveanews.com\/index.php\/wp-json\/wp\/v2\/posts\/210865","targetHints":{"allow":["GET"]}}],"collection":[{"href":"https:\/\/www.gaveanews.com\/index.php\/wp-json\/wp\/v2\/posts"}],"about":[{"href":"https:\/\/www.gaveanews.com\/index.php\/wp-json\/wp\/v2\/types\/post"}],"author":[{"embeddable":true,"href":"https:\/\/www.gaveanews.com\/index.php\/wp-json\/wp\/v2\/users\/21"}],"replies":[{"embeddable":true,"href":"https:\/\/www.gaveanews.com\/index.php\/wp-json\/wp\/v2\/comments?post=210865"}],"version-history":[{"count":1,"href":"https:\/\/www.gaveanews.com\/index.php\/wp-json\/wp\/v2\/posts\/210865\/revisions"}],"predecessor-version":[{"id":210903,"href":"https:\/\/www.gaveanews.com\/index.php\/wp-json\/wp\/v2\/posts\/210865\/revisions\/210903"}],"wp:featuredmedia":[{"embeddable":true,"href":"https:\/\/www.gaveanews.com\/index.php\/wp-json\/wp\/v2\/media\/150227"}],"wp:attachment":[{"href":"https:\/\/www.gaveanews.com\/index.php\/wp-json\/wp\/v2\/media?parent=210865"}],"wp:term":[{"taxonomy":"category","embeddable":true,"href":"https:\/\/www.gaveanews.com\/index.php\/wp-json\/wp\/v2\/categories?post=210865"},{"taxonomy":"post_tag","embeddable":true,"href":"https:\/\/www.gaveanews.com\/index.php\/wp-json\/wp\/v2\/tags?post=210865"}],"curies":[{"name":"wp","href":"https:\/\/api.w.org\/{rel}","templated":true}]}}