{"id":210875,"date":"2025-01-10T18:20:00","date_gmt":"2025-01-10T21:20:00","guid":{"rendered":"https:\/\/www.gaveanews.com\/?p=210875"},"modified":"2025-01-10T18:12:54","modified_gmt":"2025-01-10T21:12:54","slug":"veja-quanto-o-internacional-vai-pagar-por-bernabei","status":"publish","type":"post","link":"https:\/\/www.gaveanews.com\/index.php\/2025\/01\/10\/veja-quanto-o-internacional-vai-pagar-por-bernabei\/","title":{"rendered":"Veja quanto o Internacional vai pagar por Bernabei"},"content":{"rendered":"\n<p>A trama terminou. O Inter garantiu a aquisi\u00e7\u00e3o do lateral-esquerdo Bernabei ao Celtic por 5,5 milh\u00f5es de euros (cerca de R$ 34,3 milh\u00f5es na cota\u00e7\u00e3o atual), acrescidos de 500 mil euros (cerca de R$ 3,1 milh\u00f5es) em b\u00f4nus por objetivos alcan\u00e7ados. O v\u00ednculo definitivo com o argentino ser\u00e1 de tr\u00eas anos.<\/p>\n\n\n\n<ul class=\"wp-block-list\">\n<li><a href=\"https:\/\/www.gaveanews.com\/index.php\/2025\/01\/10\/situacao-de-thiago-maia-interesse-em-victor-sa-e-chegada-de-campeao-as-ultimas-noticias-do-internacional\/\">Situa\u00e7\u00e3o de Thiago Maia, interesse em Victor S\u00e1 e chegada de campe\u00e3o: as \u00faltimas not\u00edcias do Internacional<\/a><\/li>\n\n\n\n<li><a href=\"https:\/\/www.gaveanews.com\/index.php\/2025\/01\/10\/martelo-batido-internacional-acerta-com-reforco-ate-2028\/\">Martelo batido! Internacional acerta com refor\u00e7o at\u00e9 2028<\/a><\/li>\n<\/ul>\n\n\n\n<p>A conclus\u00e3o do acordo finaliza meses de negocia\u00e7\u00f5es entre Inter e Celtic. Desde o ano passado, os clubes estavam discutindo os termos da transfer\u00eancia, que se intensificaram ap\u00f3s o t\u00e9rmino do Brasileir\u00e3o, quando Bernabei foi escolhido como o melhor jogador do torneio.<\/p>\n\n\n\n<p>O Inter tinha o direito de aquisi\u00e7\u00e3o do atleta at\u00e9 31 de dezembro, quando terminava o empr\u00e9stimo. Embora a negocia\u00e7\u00e3o n\u00e3o tenha sido conclu\u00edda, as discuss\u00f5es continuaram. O Celtic chegou a rejeitar uma oferta do Inter, mas o clube do Rio Grande do Sul insistiu at\u00e9 concluir a aquisi\u00e7\u00e3o do jogador.<\/p>\n\n\n\n<p>Bernabei, de f\u00e9rias na Argentina, n\u00e3o se juntou ao grupo do Inter no come\u00e7o desta semana, aguardando o desfecho da transfer\u00eancia. Espera-se que o lateral-esquerdo chegue a Porto Alegre para integrar o grupo que est\u00e1 em pr\u00e9-temporada no Centro de Treinamento Parque Gigante.<\/p>\n\n\n\n<p>O lateral-esquerdo, de 24 anos, ganhou destaque no futebol brasileiro na \u00faltima temporada. De fato, foi o jogador de maior destaque na &#8220;Sele\u00e7\u00e3o do Brasileir\u00e3o&#8221; e ganhou a Bola de Prata. Atuou em 25 partidas pelo Inter, anotando tr\u00eas gols e fornecendo cinco assist\u00eancias.<\/p>\n\n\n\n<h2 class=\"wp-block-heading\" id=\"h-outros-planos-da-diretoria\">Outros planos da diretoria:<\/h2>\n\n\n\n<p>Al\u00e9m da aquisi\u00e7\u00e3o de Bernabei, o Inter possui outros acordos em andamento e at\u00e9 perto de serem anunciados. O clube deve confirmar a qualquer instante a presen\u00e7a do volante Ronaldo e do atacante Vitinho. Tamb\u00e9m h\u00e1 especula\u00e7\u00f5es sobre o lateral-esquerdo Ramon e o atacante Carbonero.<\/p>\n\n\n\n<p>Finalmente, \u00e9 importante destacar que a inten\u00e7\u00e3o da diretoria \u00e9 gastar menos com contrata\u00e7\u00f5es, portanto, a manuten\u00e7\u00e3o de Bernabei deve ser a maior aquisi\u00e7\u00e3o financeira do clube nesta janela de transfer\u00eancias.<\/p>\n","protected":false},"excerpt":{"rendered":"<p>A trama terminou. O Inter garantiu a aquisi\u00e7\u00e3o do lateral-esquerdo Bernabei ao Celtic por 5,5 milh\u00f5es de euros (cerca de R$ 34,3 milh\u00f5es na cota\u00e7\u00e3o atual), acrescidos de 500 mil euros (cerca de R$ 3,1 milh\u00f5es) em b\u00f4nus por objetivos alcan\u00e7ados. O v\u00ednculo definitivo com o argentino ser\u00e1 de tr\u00eas anos. A conclus\u00e3o do acordo [&hellip;]<\/p>\n","protected":false},"author":16,"featured_media":173123,"comment_status":"open","ping_status":"closed","sticky":false,"template":"","format":"standard","meta":{"footnotes":""},"categories":[148],"tags":[],"class_list":["post-210875","post","type-post","status-publish","format-standard","has-post-thumbnail","hentry","category-internacional"],"yoast_head":"<!-- This site is optimized with the Yoast SEO Premium plugin v24.2 (Yoast SEO v26.9) - https:\/\/yoast.com\/product\/yoast-seo-premium-wordpress\/ -->\n<title>Veja quanto o Internacional vai pagar por Bernabei<\/title>\n<meta name=\"robots\" content=\"index, follow, max-snippet:-1, max-image-preview:large, max-video-preview:-1\" \/>\n<link rel=\"canonical\" href=\"https:\/\/www.gaveanews.com\/index.php\/2025\/01\/10\/veja-quanto-o-internacional-vai-pagar-por-bernabei\/\" \/>\n<meta property=\"og:locale\" content=\"pt_BR\" \/>\n<meta property=\"og:type\" content=\"article\" \/>\n<meta property=\"og:title\" content=\"Veja quanto o Internacional vai pagar por Bernabei\" \/>\n<meta property=\"og:description\" content=\"A trama terminou. O Inter garantiu a aquisi\u00e7\u00e3o do lateral-esquerdo Bernabei ao Celtic por 5,5 milh\u00f5es de euros (cerca de R$ 34,3 milh\u00f5es na cota\u00e7\u00e3o atual), acrescidos de 500 mil euros (cerca de R$ 3,1 milh\u00f5es) em b\u00f4nus por objetivos alcan\u00e7ados. O v\u00ednculo definitivo com o argentino ser\u00e1 de tr\u00eas anos. A conclus\u00e3o do acordo [&hellip;]\" \/>\n<meta property=\"og:url\" content=\"https:\/\/www.gaveanews.com\/index.php\/2025\/01\/10\/veja-quanto-o-internacional-vai-pagar-por-bernabei\/\" \/>\n<meta property=\"og:site_name\" content=\"G\u00e1vea News\" \/>\n<meta property=\"article:publisher\" content=\"https:\/\/facebook.com\/gaveaNews\/\" \/>\n<meta property=\"article:published_time\" content=\"2025-01-10T21:20:00+00:00\" \/>\n<meta property=\"og:image\" content=\"https:\/\/www.gaveanews.com\/wp-content\/uploads\/Alexandro-Bernabei-pelo-Internacional.webp\" \/>\n\t<meta property=\"og:image:width\" content=\"838\" \/>\n\t<meta property=\"og:image:height\" content=\"549\" \/>\n\t<meta property=\"og:image:type\" content=\"image\/jpeg\" \/>\n<meta name=\"author\" content=\"D\u00e9bora Figueiredo\" \/>\n<meta name=\"twitter:card\" content=\"summary_large_image\" \/>\n<meta name=\"twitter:label1\" content=\"Escrito por\" \/>\n\t<meta name=\"twitter:data1\" content=\"D\u00e9bora Figueiredo\" \/>\n\t<meta name=\"twitter:label2\" content=\"Est. tempo de leitura\" \/>\n\t<meta name=\"twitter:data2\" content=\"3 minutos\" \/>\n<script type=\"application\/ld+json\" class=\"yoast-schema-graph\">{\"@context\":\"https:\/\/schema.org\",\"@graph\":[{\"@type\":\"NewsArticle\",\"@id\":\"https:\/\/www.gaveanews.com\/index.php\/2025\/01\/10\/veja-quanto-o-internacional-vai-pagar-por-bernabei\/#article\",\"isPartOf\":{\"@id\":\"https:\/\/www.gaveanews.com\/index.php\/2025\/01\/10\/veja-quanto-o-internacional-vai-pagar-por-bernabei\/\"},\"author\":{\"name\":\"D\u00e9bora Figueiredo\",\"@id\":\"https:\/\/www.gaveanews.com\/#\/schema\/person\/37122681a8575a5c8db05a56f099a5e4\"},\"headline\":\"Veja quanto o Internacional vai pagar por Bernabei\",\"datePublished\":\"2025-01-10T21:20:00+00:00\",\"mainEntityOfPage\":{\"@id\":\"https:\/\/www.gaveanews.com\/index.php\/2025\/01\/10\/veja-quanto-o-internacional-vai-pagar-por-bernabei\/\"},\"wordCount\":379,\"commentCount\":0,\"image\":{\"@id\":\"https:\/\/www.gaveanews.com\/index.php\/2025\/01\/10\/veja-quanto-o-internacional-vai-pagar-por-bernabei\/#primaryimage\"},\"thumbnailUrl\":\"https:\/\/www.gaveanews.com\/wp-content\/uploads\/Alexandro-Bernabei-pelo-Internacional.webp\",\"articleSection\":[\"Internacional\"],\"inLanguage\":\"pt-BR\",\"potentialAction\":[{\"@type\":\"CommentAction\",\"name\":\"Comment\",\"target\":[\"https:\/\/www.gaveanews.com\/index.php\/2025\/01\/10\/veja-quanto-o-internacional-vai-pagar-por-bernabei\/#respond\"]}],\"copyrightYear\":\"2025\",\"copyrightHolder\":{\"@id\":\"https:\/\/www.gaveanews.com\/#organization\"}},{\"@type\":\"WebPage\",\"@id\":\"https:\/\/www.gaveanews.com\/index.php\/2025\/01\/10\/veja-quanto-o-internacional-vai-pagar-por-bernabei\/\",\"url\":\"https:\/\/www.gaveanews.com\/index.php\/2025\/01\/10\/veja-quanto-o-internacional-vai-pagar-por-bernabei\/\",\"name\":\"Veja quanto o Internacional vai pagar por Bernabei\",\"isPartOf\":{\"@id\":\"https:\/\/www.gaveanews.com\/#website\"},\"primaryImageOfPage\":{\"@id\":\"https:\/\/www.gaveanews.com\/index.php\/2025\/01\/10\/veja-quanto-o-internacional-vai-pagar-por-bernabei\/#primaryimage\"},\"image\":{\"@id\":\"https:\/\/www.gaveanews.com\/index.php\/2025\/01\/10\/veja-quanto-o-internacional-vai-pagar-por-bernabei\/#primaryimage\"},\"thumbnailUrl\":\"https:\/\/www.gaveanews.com\/wp-content\/uploads\/Alexandro-Bernabei-pelo-Internacional.webp\",\"datePublished\":\"2025-01-10T21:20:00+00:00\",\"author\":{\"@id\":\"https:\/\/www.gaveanews.com\/#\/schema\/person\/37122681a8575a5c8db05a56f099a5e4\"},\"breadcrumb\":{\"@id\":\"https:\/\/www.gaveanews.com\/index.php\/2025\/01\/10\/veja-quanto-o-internacional-vai-pagar-por-bernabei\/#breadcrumb\"},\"inLanguage\":\"pt-BR\",\"potentialAction\":[{\"@type\":\"ReadAction\",\"target\":[\"https:\/\/www.gaveanews.com\/index.php\/2025\/01\/10\/veja-quanto-o-internacional-vai-pagar-por-bernabei\/\"]}]},{\"@type\":\"ImageObject\",\"inLanguage\":\"pt-BR\",\"@id\":\"https:\/\/www.gaveanews.com\/index.php\/2025\/01\/10\/veja-quanto-o-internacional-vai-pagar-por-bernabei\/#primaryimage\",\"url\":\"https:\/\/www.gaveanews.com\/wp-content\/uploads\/Alexandro-Bernabei-pelo-Internacional.webp\",\"contentUrl\":\"https:\/\/www.gaveanews.com\/wp-content\/uploads\/Alexandro-Bernabei-pelo-Internacional.webp\",\"width\":838,\"height\":549,\"caption\":\"Alexandro Bernabei pelo Internacional (Foto: Divulga\u00e7\u00e3o\/Internacional)\"},{\"@type\":\"BreadcrumbList\",\"@id\":\"https:\/\/www.gaveanews.com\/index.php\/2025\/01\/10\/veja-quanto-o-internacional-vai-pagar-por-bernabei\/#breadcrumb\",\"itemListElement\":[{\"@type\":\"ListItem\",\"position\":1,\"name\":\"Home\",\"item\":\"https:\/\/www.gaveanews.com\/\"},{\"@type\":\"ListItem\",\"position\":2,\"name\":\"Veja quanto o Internacional vai pagar por Bernabei\"}]},{\"@type\":\"WebSite\",\"@id\":\"https:\/\/www.gaveanews.com\/#website\",\"url\":\"https:\/\/www.gaveanews.com\/\",\"name\":\"G\u00e1vea News\",\"description\":\"Veja todas as not\u00edcias sobre o Flamengo: Contrata\u00e7\u00f5es, categorias de base, resultados das partidas, tabela de classifica\u00e7\u00e3o, pr\u00f3ximos jogos!\",\"potentialAction\":[{\"@type\":\"SearchAction\",\"target\":{\"@type\":\"EntryPoint\",\"urlTemplate\":\"https:\/\/www.gaveanews.com\/?s={search_term_string}\"},\"query-input\":{\"@type\":\"PropertyValueSpecification\",\"valueRequired\":true,\"valueName\":\"search_term_string\"}}],\"inLanguage\":\"pt-BR\"},{\"@type\":\"Person\",\"@id\":\"https:\/\/www.gaveanews.com\/#\/schema\/person\/37122681a8575a5c8db05a56f099a5e4\",\"name\":\"D\u00e9bora Figueiredo\",\"image\":{\"@type\":\"ImageObject\",\"inLanguage\":\"pt-BR\",\"@id\":\"https:\/\/www.gaveanews.com\/#\/schema\/person\/image\/\",\"url\":\"https:\/\/secure.gravatar.com\/avatar\/1f44802859351588499d26f52aed1d15796ce17e67602895b72837c08018868d?s=96&d=mm&r=g\",\"contentUrl\":\"https:\/\/secure.gravatar.com\/avatar\/1f44802859351588499d26f52aed1d15796ce17e67602895b72837c08018868d?s=96&d=mm&r=g\",\"caption\":\"D\u00e9bora Figueiredo\"}}]}<\/script>\n<!-- \/ Yoast SEO Premium plugin. -->","yoast_head_json":{"title":"Veja quanto o Internacional vai pagar por Bernabei","robots":{"index":"index","follow":"follow","max-snippet":"max-snippet:-1","max-image-preview":"max-image-preview:large","max-video-preview":"max-video-preview:-1"},"canonical":"https:\/\/www.gaveanews.com\/index.php\/2025\/01\/10\/veja-quanto-o-internacional-vai-pagar-por-bernabei\/","og_locale":"pt_BR","og_type":"article","og_title":"Veja quanto o Internacional vai pagar por Bernabei","og_description":"A trama terminou. O Inter garantiu a aquisi\u00e7\u00e3o do lateral-esquerdo Bernabei ao Celtic por 5,5 milh\u00f5es de euros (cerca de R$ 34,3 milh\u00f5es na cota\u00e7\u00e3o atual), acrescidos de 500 mil euros (cerca de R$ 3,1 milh\u00f5es) em b\u00f4nus por objetivos alcan\u00e7ados. O v\u00ednculo definitivo com o argentino ser\u00e1 de tr\u00eas anos. A conclus\u00e3o do acordo [&hellip;]","og_url":"https:\/\/www.gaveanews.com\/index.php\/2025\/01\/10\/veja-quanto-o-internacional-vai-pagar-por-bernabei\/","og_site_name":"G\u00e1vea News","article_publisher":"https:\/\/facebook.com\/gaveaNews\/","article_published_time":"2025-01-10T21:20:00+00:00","og_image":[{"width":838,"height":549,"url":"https:\/\/www.gaveanews.com\/wp-content\/uploads\/Alexandro-Bernabei-pelo-Internacional.webp","type":"image\/jpeg"}],"author":"D\u00e9bora Figueiredo","twitter_card":"summary_large_image","twitter_misc":{"Escrito por":"D\u00e9bora Figueiredo","Est. tempo de leitura":"3 minutos"},"schema":{"@context":"https:\/\/schema.org","@graph":[{"@type":"NewsArticle","@id":"https:\/\/www.gaveanews.com\/index.php\/2025\/01\/10\/veja-quanto-o-internacional-vai-pagar-por-bernabei\/#article","isPartOf":{"@id":"https:\/\/www.gaveanews.com\/index.php\/2025\/01\/10\/veja-quanto-o-internacional-vai-pagar-por-bernabei\/"},"author":{"name":"D\u00e9bora Figueiredo","@id":"https:\/\/www.gaveanews.com\/#\/schema\/person\/37122681a8575a5c8db05a56f099a5e4"},"headline":"Veja quanto o Internacional vai pagar por Bernabei","datePublished":"2025-01-10T21:20:00+00:00","mainEntityOfPage":{"@id":"https:\/\/www.gaveanews.com\/index.php\/2025\/01\/10\/veja-quanto-o-internacional-vai-pagar-por-bernabei\/"},"wordCount":379,"commentCount":0,"image":{"@id":"https:\/\/www.gaveanews.com\/index.php\/2025\/01\/10\/veja-quanto-o-internacional-vai-pagar-por-bernabei\/#primaryimage"},"thumbnailUrl":"https:\/\/www.gaveanews.com\/wp-content\/uploads\/Alexandro-Bernabei-pelo-Internacional.webp","articleSection":["Internacional"],"inLanguage":"pt-BR","potentialAction":[{"@type":"CommentAction","name":"Comment","target":["https:\/\/www.gaveanews.com\/index.php\/2025\/01\/10\/veja-quanto-o-internacional-vai-pagar-por-bernabei\/#respond"]}],"copyrightYear":"2025","copyrightHolder":{"@id":"https:\/\/www.gaveanews.com\/#organization"}},{"@type":"WebPage","@id":"https:\/\/www.gaveanews.com\/index.php\/2025\/01\/10\/veja-quanto-o-internacional-vai-pagar-por-bernabei\/","url":"https:\/\/www.gaveanews.com\/index.php\/2025\/01\/10\/veja-quanto-o-internacional-vai-pagar-por-bernabei\/","name":"Veja quanto o Internacional vai pagar por Bernabei","isPartOf":{"@id":"https:\/\/www.gaveanews.com\/#website"},"primaryImageOfPage":{"@id":"https:\/\/www.gaveanews.com\/index.php\/2025\/01\/10\/veja-quanto-o-internacional-vai-pagar-por-bernabei\/#primaryimage"},"image":{"@id":"https:\/\/www.gaveanews.com\/index.php\/2025\/01\/10\/veja-quanto-o-internacional-vai-pagar-por-bernabei\/#primaryimage"},"thumbnailUrl":"https:\/\/www.gaveanews.com\/wp-content\/uploads\/Alexandro-Bernabei-pelo-Internacional.webp","datePublished":"2025-01-10T21:20:00+00:00","author":{"@id":"https:\/\/www.gaveanews.com\/#\/schema\/person\/37122681a8575a5c8db05a56f099a5e4"},"breadcrumb":{"@id":"https:\/\/www.gaveanews.com\/index.php\/2025\/01\/10\/veja-quanto-o-internacional-vai-pagar-por-bernabei\/#breadcrumb"},"inLanguage":"pt-BR","potentialAction":[{"@type":"ReadAction","target":["https:\/\/www.gaveanews.com\/index.php\/2025\/01\/10\/veja-quanto-o-internacional-vai-pagar-por-bernabei\/"]}]},{"@type":"ImageObject","inLanguage":"pt-BR","@id":"https:\/\/www.gaveanews.com\/index.php\/2025\/01\/10\/veja-quanto-o-internacional-vai-pagar-por-bernabei\/#primaryimage","url":"https:\/\/www.gaveanews.com\/wp-content\/uploads\/Alexandro-Bernabei-pelo-Internacional.webp","contentUrl":"https:\/\/www.gaveanews.com\/wp-content\/uploads\/Alexandro-Bernabei-pelo-Internacional.webp","width":838,"height":549,"caption":"Alexandro Bernabei pelo Internacional (Foto: Divulga\u00e7\u00e3o\/Internacional)"},{"@type":"BreadcrumbList","@id":"https:\/\/www.gaveanews.com\/index.php\/2025\/01\/10\/veja-quanto-o-internacional-vai-pagar-por-bernabei\/#breadcrumb","itemListElement":[{"@type":"ListItem","position":1,"name":"Home","item":"https:\/\/www.gaveanews.com\/"},{"@type":"ListItem","position":2,"name":"Veja quanto o Internacional vai pagar por Bernabei"}]},{"@type":"WebSite","@id":"https:\/\/www.gaveanews.com\/#website","url":"https:\/\/www.gaveanews.com\/","name":"G\u00e1vea News","description":"Veja todas as not\u00edcias sobre o Flamengo: Contrata\u00e7\u00f5es, categorias de base, resultados das partidas, tabela de classifica\u00e7\u00e3o, pr\u00f3ximos jogos!","potentialAction":[{"@type":"SearchAction","target":{"@type":"EntryPoint","urlTemplate":"https:\/\/www.gaveanews.com\/?s={search_term_string}"},"query-input":{"@type":"PropertyValueSpecification","valueRequired":true,"valueName":"search_term_string"}}],"inLanguage":"pt-BR"},{"@type":"Person","@id":"https:\/\/www.gaveanews.com\/#\/schema\/person\/37122681a8575a5c8db05a56f099a5e4","name":"D\u00e9bora Figueiredo","image":{"@type":"ImageObject","inLanguage":"pt-BR","@id":"https:\/\/www.gaveanews.com\/#\/schema\/person\/image\/","url":"https:\/\/secure.gravatar.com\/avatar\/1f44802859351588499d26f52aed1d15796ce17e67602895b72837c08018868d?s=96&d=mm&r=g","contentUrl":"https:\/\/secure.gravatar.com\/avatar\/1f44802859351588499d26f52aed1d15796ce17e67602895b72837c08018868d?s=96&d=mm&r=g","caption":"D\u00e9bora Figueiredo"}}]}},"_links":{"self":[{"href":"https:\/\/www.gaveanews.com\/index.php\/wp-json\/wp\/v2\/posts\/210875","targetHints":{"allow":["GET"]}}],"collection":[{"href":"https:\/\/www.gaveanews.com\/index.php\/wp-json\/wp\/v2\/posts"}],"about":[{"href":"https:\/\/www.gaveanews.com\/index.php\/wp-json\/wp\/v2\/types\/post"}],"author":[{"embeddable":true,"href":"https:\/\/www.gaveanews.com\/index.php\/wp-json\/wp\/v2\/users\/16"}],"replies":[{"embeddable":true,"href":"https:\/\/www.gaveanews.com\/index.php\/wp-json\/wp\/v2\/comments?post=210875"}],"version-history":[{"count":2,"href":"https:\/\/www.gaveanews.com\/index.php\/wp-json\/wp\/v2\/posts\/210875\/revisions"}],"predecessor-version":[{"id":210994,"href":"https:\/\/www.gaveanews.com\/index.php\/wp-json\/wp\/v2\/posts\/210875\/revisions\/210994"}],"wp:featuredmedia":[{"embeddable":true,"href":"https:\/\/www.gaveanews.com\/index.php\/wp-json\/wp\/v2\/media\/173123"}],"wp:attachment":[{"href":"https:\/\/www.gaveanews.com\/index.php\/wp-json\/wp\/v2\/media?parent=210875"}],"wp:term":[{"taxonomy":"category","embeddable":true,"href":"https:\/\/www.gaveanews.com\/index.php\/wp-json\/wp\/v2\/categories?post=210875"},{"taxonomy":"post_tag","embeddable":true,"href":"https:\/\/www.gaveanews.com\/index.php\/wp-json\/wp\/v2\/tags?post=210875"}],"curies":[{"name":"wp","href":"https:\/\/api.w.org\/{rel}","templated":true}]}}