{"id":210925,"date":"2025-01-10T16:53:09","date_gmt":"2025-01-10T19:53:09","guid":{"rendered":"https:\/\/www.gaveanews.com\/?p=210925"},"modified":"2025-01-10T16:53:13","modified_gmt":"2025-01-10T19:53:13","slug":"marchesin-manda-recado-para-torcida-do-gremio","status":"publish","type":"post","link":"https:\/\/www.gaveanews.com\/index.php\/2025\/01\/10\/marchesin-manda-recado-para-torcida-do-gremio\/","title":{"rendered":"Marches\u00edn manda recado para torcida do Gr\u00eamio"},"content":{"rendered":"\n<p>O Gr\u00eamio fez sua apresenta\u00e7\u00e3o oficial para imprensa ontem, na quinta-feira (9), no Hotel Deville que fica em Porto Alegre O presidente de futebol, o vice e o t\u00e9cnico Gustavo Quinteros realizaram suas falas protocolares e alguns jogadores da equipe e a dire\u00e7\u00e3o conversaram com os rep\u00f3rteres da Gr\u00eamio TV. <\/p>\n\n\n\n<ul class=\"wp-block-list\">\n<li><a href=\"https:\/\/www.gaveanews.com\/index.php\/2024\/12\/29\/ex-cruzeiro-e-gremio-define-futuro-para-2025\/\">Ex-Cruzeiro e Gr\u00eamio define futuro para 2025<\/a><\/li>\n\n\n\n<li><a href=\"https:\/\/www.gaveanews.com\/index.php\/2024\/12\/24\/de-olho-palmeiras-esta-interessado-em-atacante-do-gremio\/\">De olho! Palmeiras est\u00e1 interessado em atacante do Gr\u00eamio<\/a><\/li>\n<\/ul>\n\n\n\n<p>Um deles, foi o goleiro Agust\u00edn Marches\u00edn. O jogador teve um in\u00edcio dif\u00edcil no time, mas logo depois acabou caindo nas gra\u00e7as da torcida, principalmente durante a reta final, quando o atleta foi fundamental para a recupera\u00e7\u00e3o do Gr\u00eamio no Campeonato Brasileiro. Ele falou sobre a d\u00edvida do elenco com a torcida.  <\/p>\n\n\n\n<p>\u201cN\u00f3s sabemos o clube que representamos. Como eu falo sempre, estamos em d\u00edvida com a torcida. Mas estamos preparados para fazer uma boa temporada. \u00c9 come\u00e7ar do zero. Sabemos que a enchente complicou muito o time, mas agora n\u00e3o temos desculpas. Temos que trabalhar, dar o melhor de cada um e preparar bem para uma grande temporada\u201d, declarou o goleiro.<\/p>\n\n\n\n<h2 class=\"wp-block-heading\" id=\"h-clube-interessado-em-marchesin\">Clube interessado em Marches\u00edn<\/h2>\n\n\n\n<p>Durante os \u00faltimos dias, surgiram muitos rumores sobre o interesse do Boca Juniors, da argentina, em contratar Agust\u00edn Marches\u00edn para a temporada de 2025. O argentino, seria o goleiro ideal para preencher a vaga do experiente Sergio Romero, que vem enfrentando e convivendo com muitos problemas f\u00edsicos.<\/p>\n\n\n\n<p>O Gr\u00eamio n\u00e3o pretende fazer neg\u00f3cios com o jogador, que tem contrato com at\u00e9 dezembro de 2025. O goleiro \u00e9 analisado como a pe\u00e7a fundamental para a temporada do Tricolor, que vai disputar em cinco campeonatos diferentes. Al\u00e9m disso, segundo Germ\u00e1n Garc\u00eda Grova, Quinteros pediu para a dire\u00e7\u00e3o n\u00e3o vender o goleiro.<\/p>\n\n\n\n<h2 class=\"wp-block-heading\" id=\"h-gustavo-quinteros-fala-sobre-comandar-o-novo-time\">Gustavo Quinteros fala sobre comandar o novo time<\/h2>\n\n\n\n<p>&#8220;Quero saudar todos presentes, em especial os dirigentes que confiaram na nossa chegada aqui no Gr\u00eamio. Estamos muito\u00a0felizes em trabalhar neste grande clube, campe\u00e3o do mundo. Estamos com muita gana e dispostos para trabalhar em busca das conquistas. Acredito que com o trabalho do dia a dia e o talento de todos voc\u00eas, vamos formar uma equipe competitiva, de muita garra e entrega que \u00e9 o esperado sempre. Vamos em busca dos t\u00edtulos e brigar pelos primeiros lugares. Quero saudar a nossa enorme torcida e contamos com o apoio de todos. Prometo muito trabalho e profissionalismo, al\u00e9m da total entrega da nossa parte para buscar nosso objetivos. Vamos formar uma equipe que no campo demonstre aquilo que a torcida espera do nosso time&#8221;- disse Quinteros.<\/p>\n","protected":false},"excerpt":{"rendered":"<p>O Gr\u00eamio fez sua apresenta\u00e7\u00e3o oficial para imprensa ontem, na quinta-feira (9), no Hotel Deville que fica em Porto Alegre O presidente de futebol, o vice e o t\u00e9cnico Gustavo Quinteros realizaram suas falas protocolares e alguns jogadores da equipe e a dire\u00e7\u00e3o conversaram com os rep\u00f3rteres da Gr\u00eamio TV. Um deles, foi o goleiro [&hellip;]<\/p>\n","protected":false},"author":31,"featured_media":167369,"comment_status":"open","ping_status":"closed","sticky":false,"template":"","format":"standard","meta":{"footnotes":""},"categories":[147],"tags":[],"class_list":["post-210925","post","type-post","status-publish","format-standard","has-post-thumbnail","hentry","category-gremio"],"yoast_head":"<!-- This site is optimized with the Yoast SEO Premium plugin v24.2 (Yoast SEO v26.9) - https:\/\/yoast.com\/product\/yoast-seo-premium-wordpress\/ -->\n<title>Marches\u00edn manda recado para torcida do Gr\u00eamio<\/title>\n<meta name=\"robots\" content=\"index, follow, max-snippet:-1, max-image-preview:large, max-video-preview:-1\" \/>\n<link rel=\"canonical\" href=\"https:\/\/www.gaveanews.com\/index.php\/2025\/01\/10\/marchesin-manda-recado-para-torcida-do-gremio\/\" \/>\n<meta property=\"og:locale\" content=\"pt_BR\" \/>\n<meta property=\"og:type\" content=\"article\" \/>\n<meta property=\"og:title\" content=\"Marches\u00edn manda recado para torcida do Gr\u00eamio\" \/>\n<meta property=\"og:description\" content=\"O Gr\u00eamio fez sua apresenta\u00e7\u00e3o oficial para imprensa ontem, na quinta-feira (9), no Hotel Deville que fica em Porto Alegre O presidente de futebol, o vice e o t\u00e9cnico Gustavo Quinteros realizaram suas falas protocolares e alguns jogadores da equipe e a dire\u00e7\u00e3o conversaram com os rep\u00f3rteres da Gr\u00eamio TV. Um deles, foi o goleiro [&hellip;]\" \/>\n<meta property=\"og:url\" content=\"https:\/\/www.gaveanews.com\/index.php\/2025\/01\/10\/marchesin-manda-recado-para-torcida-do-gremio\/\" \/>\n<meta property=\"og:site_name\" content=\"G\u00e1vea News\" \/>\n<meta property=\"article:publisher\" content=\"https:\/\/facebook.com\/gaveaNews\/\" \/>\n<meta property=\"article:published_time\" content=\"2025-01-10T19:53:09+00:00\" \/>\n<meta property=\"article:modified_time\" content=\"2025-01-10T19:53:13+00:00\" \/>\n<meta property=\"og:image\" content=\"https:\/\/www.gaveanews.com\/wp-content\/uploads\/Agustin-Marchesin-pelo-Gremio.webp\" \/>\n\t<meta property=\"og:image:width\" content=\"984\" \/>\n\t<meta property=\"og:image:height\" content=\"656\" \/>\n\t<meta property=\"og:image:type\" content=\"image\/jpeg\" \/>\n<meta name=\"author\" content=\"Michel Camargo\" \/>\n<meta name=\"twitter:card\" content=\"summary_large_image\" \/>\n<meta name=\"twitter:label1\" content=\"Escrito por\" \/>\n\t<meta name=\"twitter:data1\" content=\"Michel Camargo\" \/>\n\t<meta name=\"twitter:label2\" content=\"Est. tempo de leitura\" \/>\n\t<meta name=\"twitter:data2\" content=\"3 minutos\" \/>\n<script type=\"application\/ld+json\" class=\"yoast-schema-graph\">{\"@context\":\"https:\/\/schema.org\",\"@graph\":[{\"@type\":\"NewsArticle\",\"@id\":\"https:\/\/www.gaveanews.com\/index.php\/2025\/01\/10\/marchesin-manda-recado-para-torcida-do-gremio\/#article\",\"isPartOf\":{\"@id\":\"https:\/\/www.gaveanews.com\/index.php\/2025\/01\/10\/marchesin-manda-recado-para-torcida-do-gremio\/\"},\"author\":{\"name\":\"Michel Camargo\",\"@id\":\"https:\/\/www.gaveanews.com\/#\/schema\/person\/6f5583f09aa4bcc9866a7360b5604486\"},\"headline\":\"Marches\u00edn manda recado para torcida do Gr\u00eamio\",\"datePublished\":\"2025-01-10T19:53:09+00:00\",\"dateModified\":\"2025-01-10T19:53:13+00:00\",\"mainEntityOfPage\":{\"@id\":\"https:\/\/www.gaveanews.com\/index.php\/2025\/01\/10\/marchesin-manda-recado-para-torcida-do-gremio\/\"},\"wordCount\":456,\"commentCount\":0,\"image\":{\"@id\":\"https:\/\/www.gaveanews.com\/index.php\/2025\/01\/10\/marchesin-manda-recado-para-torcida-do-gremio\/#primaryimage\"},\"thumbnailUrl\":\"https:\/\/www.gaveanews.com\/wp-content\/uploads\/Agustin-Marchesin-pelo-Gremio.webp\",\"articleSection\":[\"Gr\u00eamio\"],\"inLanguage\":\"pt-BR\",\"potentialAction\":[{\"@type\":\"CommentAction\",\"name\":\"Comment\",\"target\":[\"https:\/\/www.gaveanews.com\/index.php\/2025\/01\/10\/marchesin-manda-recado-para-torcida-do-gremio\/#respond\"]}],\"copyrightYear\":\"2025\",\"copyrightHolder\":{\"@id\":\"https:\/\/www.gaveanews.com\/#organization\"}},{\"@type\":\"WebPage\",\"@id\":\"https:\/\/www.gaveanews.com\/index.php\/2025\/01\/10\/marchesin-manda-recado-para-torcida-do-gremio\/\",\"url\":\"https:\/\/www.gaveanews.com\/index.php\/2025\/01\/10\/marchesin-manda-recado-para-torcida-do-gremio\/\",\"name\":\"Marches\u00edn manda recado para torcida do Gr\u00eamio\",\"isPartOf\":{\"@id\":\"https:\/\/www.gaveanews.com\/#website\"},\"primaryImageOfPage\":{\"@id\":\"https:\/\/www.gaveanews.com\/index.php\/2025\/01\/10\/marchesin-manda-recado-para-torcida-do-gremio\/#primaryimage\"},\"image\":{\"@id\":\"https:\/\/www.gaveanews.com\/index.php\/2025\/01\/10\/marchesin-manda-recado-para-torcida-do-gremio\/#primaryimage\"},\"thumbnailUrl\":\"https:\/\/www.gaveanews.com\/wp-content\/uploads\/Agustin-Marchesin-pelo-Gremio.webp\",\"datePublished\":\"2025-01-10T19:53:09+00:00\",\"dateModified\":\"2025-01-10T19:53:13+00:00\",\"author\":{\"@id\":\"https:\/\/www.gaveanews.com\/#\/schema\/person\/6f5583f09aa4bcc9866a7360b5604486\"},\"breadcrumb\":{\"@id\":\"https:\/\/www.gaveanews.com\/index.php\/2025\/01\/10\/marchesin-manda-recado-para-torcida-do-gremio\/#breadcrumb\"},\"inLanguage\":\"pt-BR\",\"potentialAction\":[{\"@type\":\"ReadAction\",\"target\":[\"https:\/\/www.gaveanews.com\/index.php\/2025\/01\/10\/marchesin-manda-recado-para-torcida-do-gremio\/\"]}]},{\"@type\":\"ImageObject\",\"inLanguage\":\"pt-BR\",\"@id\":\"https:\/\/www.gaveanews.com\/index.php\/2025\/01\/10\/marchesin-manda-recado-para-torcida-do-gremio\/#primaryimage\",\"url\":\"https:\/\/www.gaveanews.com\/wp-content\/uploads\/Agustin-Marchesin-pelo-Gremio.webp\",\"contentUrl\":\"https:\/\/www.gaveanews.com\/wp-content\/uploads\/Agustin-Marchesin-pelo-Gremio.webp\",\"width\":984,\"height\":656,\"caption\":\"Agust\u00edn Marches\u00edn pelo Gr\u00eamio (Foto: Lucas Uebel\/Gr\u00eamio)\"},{\"@type\":\"BreadcrumbList\",\"@id\":\"https:\/\/www.gaveanews.com\/index.php\/2025\/01\/10\/marchesin-manda-recado-para-torcida-do-gremio\/#breadcrumb\",\"itemListElement\":[{\"@type\":\"ListItem\",\"position\":1,\"name\":\"Home\",\"item\":\"https:\/\/www.gaveanews.com\/\"},{\"@type\":\"ListItem\",\"position\":2,\"name\":\"Marches\u00edn manda recado para torcida do Gr\u00eamio\"}]},{\"@type\":\"WebSite\",\"@id\":\"https:\/\/www.gaveanews.com\/#website\",\"url\":\"https:\/\/www.gaveanews.com\/\",\"name\":\"G\u00e1vea News\",\"description\":\"Veja todas as not\u00edcias sobre o Flamengo: Contrata\u00e7\u00f5es, categorias de base, resultados das partidas, tabela de classifica\u00e7\u00e3o, pr\u00f3ximos jogos!\",\"potentialAction\":[{\"@type\":\"SearchAction\",\"target\":{\"@type\":\"EntryPoint\",\"urlTemplate\":\"https:\/\/www.gaveanews.com\/?s={search_term_string}\"},\"query-input\":{\"@type\":\"PropertyValueSpecification\",\"valueRequired\":true,\"valueName\":\"search_term_string\"}}],\"inLanguage\":\"pt-BR\"},{\"@type\":\"Person\",\"@id\":\"https:\/\/www.gaveanews.com\/#\/schema\/person\/6f5583f09aa4bcc9866a7360b5604486\",\"name\":\"Michel Camargo\",\"image\":{\"@type\":\"ImageObject\",\"inLanguage\":\"pt-BR\",\"@id\":\"https:\/\/www.gaveanews.com\/#\/schema\/person\/image\/\",\"url\":\"https:\/\/secure.gravatar.com\/avatar\/59285e68c26a1d55b30461b1bb1cc6534e5c51ef836b39890a73916a1db2d486?s=96&d=mm&r=g\",\"contentUrl\":\"https:\/\/secure.gravatar.com\/avatar\/59285e68c26a1d55b30461b1bb1cc6534e5c51ef836b39890a73916a1db2d486?s=96&d=mm&r=g\",\"caption\":\"Michel Camargo\"}}]}<\/script>\n<!-- \/ Yoast SEO Premium plugin. -->","yoast_head_json":{"title":"Marches\u00edn manda recado para torcida do Gr\u00eamio","robots":{"index":"index","follow":"follow","max-snippet":"max-snippet:-1","max-image-preview":"max-image-preview:large","max-video-preview":"max-video-preview:-1"},"canonical":"https:\/\/www.gaveanews.com\/index.php\/2025\/01\/10\/marchesin-manda-recado-para-torcida-do-gremio\/","og_locale":"pt_BR","og_type":"article","og_title":"Marches\u00edn manda recado para torcida do Gr\u00eamio","og_description":"O Gr\u00eamio fez sua apresenta\u00e7\u00e3o oficial para imprensa ontem, na quinta-feira (9), no Hotel Deville que fica em Porto Alegre O presidente de futebol, o vice e o t\u00e9cnico Gustavo Quinteros realizaram suas falas protocolares e alguns jogadores da equipe e a dire\u00e7\u00e3o conversaram com os rep\u00f3rteres da Gr\u00eamio TV. Um deles, foi o goleiro [&hellip;]","og_url":"https:\/\/www.gaveanews.com\/index.php\/2025\/01\/10\/marchesin-manda-recado-para-torcida-do-gremio\/","og_site_name":"G\u00e1vea News","article_publisher":"https:\/\/facebook.com\/gaveaNews\/","article_published_time":"2025-01-10T19:53:09+00:00","article_modified_time":"2025-01-10T19:53:13+00:00","og_image":[{"width":984,"height":656,"url":"https:\/\/www.gaveanews.com\/wp-content\/uploads\/Agustin-Marchesin-pelo-Gremio.webp","type":"image\/jpeg"}],"author":"Michel Camargo","twitter_card":"summary_large_image","twitter_misc":{"Escrito por":"Michel Camargo","Est. tempo de leitura":"3 minutos"},"schema":{"@context":"https:\/\/schema.org","@graph":[{"@type":"NewsArticle","@id":"https:\/\/www.gaveanews.com\/index.php\/2025\/01\/10\/marchesin-manda-recado-para-torcida-do-gremio\/#article","isPartOf":{"@id":"https:\/\/www.gaveanews.com\/index.php\/2025\/01\/10\/marchesin-manda-recado-para-torcida-do-gremio\/"},"author":{"name":"Michel Camargo","@id":"https:\/\/www.gaveanews.com\/#\/schema\/person\/6f5583f09aa4bcc9866a7360b5604486"},"headline":"Marches\u00edn manda recado para torcida do Gr\u00eamio","datePublished":"2025-01-10T19:53:09+00:00","dateModified":"2025-01-10T19:53:13+00:00","mainEntityOfPage":{"@id":"https:\/\/www.gaveanews.com\/index.php\/2025\/01\/10\/marchesin-manda-recado-para-torcida-do-gremio\/"},"wordCount":456,"commentCount":0,"image":{"@id":"https:\/\/www.gaveanews.com\/index.php\/2025\/01\/10\/marchesin-manda-recado-para-torcida-do-gremio\/#primaryimage"},"thumbnailUrl":"https:\/\/www.gaveanews.com\/wp-content\/uploads\/Agustin-Marchesin-pelo-Gremio.webp","articleSection":["Gr\u00eamio"],"inLanguage":"pt-BR","potentialAction":[{"@type":"CommentAction","name":"Comment","target":["https:\/\/www.gaveanews.com\/index.php\/2025\/01\/10\/marchesin-manda-recado-para-torcida-do-gremio\/#respond"]}],"copyrightYear":"2025","copyrightHolder":{"@id":"https:\/\/www.gaveanews.com\/#organization"}},{"@type":"WebPage","@id":"https:\/\/www.gaveanews.com\/index.php\/2025\/01\/10\/marchesin-manda-recado-para-torcida-do-gremio\/","url":"https:\/\/www.gaveanews.com\/index.php\/2025\/01\/10\/marchesin-manda-recado-para-torcida-do-gremio\/","name":"Marches\u00edn manda recado para torcida do Gr\u00eamio","isPartOf":{"@id":"https:\/\/www.gaveanews.com\/#website"},"primaryImageOfPage":{"@id":"https:\/\/www.gaveanews.com\/index.php\/2025\/01\/10\/marchesin-manda-recado-para-torcida-do-gremio\/#primaryimage"},"image":{"@id":"https:\/\/www.gaveanews.com\/index.php\/2025\/01\/10\/marchesin-manda-recado-para-torcida-do-gremio\/#primaryimage"},"thumbnailUrl":"https:\/\/www.gaveanews.com\/wp-content\/uploads\/Agustin-Marchesin-pelo-Gremio.webp","datePublished":"2025-01-10T19:53:09+00:00","dateModified":"2025-01-10T19:53:13+00:00","author":{"@id":"https:\/\/www.gaveanews.com\/#\/schema\/person\/6f5583f09aa4bcc9866a7360b5604486"},"breadcrumb":{"@id":"https:\/\/www.gaveanews.com\/index.php\/2025\/01\/10\/marchesin-manda-recado-para-torcida-do-gremio\/#breadcrumb"},"inLanguage":"pt-BR","potentialAction":[{"@type":"ReadAction","target":["https:\/\/www.gaveanews.com\/index.php\/2025\/01\/10\/marchesin-manda-recado-para-torcida-do-gremio\/"]}]},{"@type":"ImageObject","inLanguage":"pt-BR","@id":"https:\/\/www.gaveanews.com\/index.php\/2025\/01\/10\/marchesin-manda-recado-para-torcida-do-gremio\/#primaryimage","url":"https:\/\/www.gaveanews.com\/wp-content\/uploads\/Agustin-Marchesin-pelo-Gremio.webp","contentUrl":"https:\/\/www.gaveanews.com\/wp-content\/uploads\/Agustin-Marchesin-pelo-Gremio.webp","width":984,"height":656,"caption":"Agust\u00edn Marches\u00edn pelo Gr\u00eamio (Foto: Lucas Uebel\/Gr\u00eamio)"},{"@type":"BreadcrumbList","@id":"https:\/\/www.gaveanews.com\/index.php\/2025\/01\/10\/marchesin-manda-recado-para-torcida-do-gremio\/#breadcrumb","itemListElement":[{"@type":"ListItem","position":1,"name":"Home","item":"https:\/\/www.gaveanews.com\/"},{"@type":"ListItem","position":2,"name":"Marches\u00edn manda recado para torcida do Gr\u00eamio"}]},{"@type":"WebSite","@id":"https:\/\/www.gaveanews.com\/#website","url":"https:\/\/www.gaveanews.com\/","name":"G\u00e1vea News","description":"Veja todas as not\u00edcias sobre o Flamengo: Contrata\u00e7\u00f5es, categorias de base, resultados das partidas, tabela de classifica\u00e7\u00e3o, pr\u00f3ximos jogos!","potentialAction":[{"@type":"SearchAction","target":{"@type":"EntryPoint","urlTemplate":"https:\/\/www.gaveanews.com\/?s={search_term_string}"},"query-input":{"@type":"PropertyValueSpecification","valueRequired":true,"valueName":"search_term_string"}}],"inLanguage":"pt-BR"},{"@type":"Person","@id":"https:\/\/www.gaveanews.com\/#\/schema\/person\/6f5583f09aa4bcc9866a7360b5604486","name":"Michel Camargo","image":{"@type":"ImageObject","inLanguage":"pt-BR","@id":"https:\/\/www.gaveanews.com\/#\/schema\/person\/image\/","url":"https:\/\/secure.gravatar.com\/avatar\/59285e68c26a1d55b30461b1bb1cc6534e5c51ef836b39890a73916a1db2d486?s=96&d=mm&r=g","contentUrl":"https:\/\/secure.gravatar.com\/avatar\/59285e68c26a1d55b30461b1bb1cc6534e5c51ef836b39890a73916a1db2d486?s=96&d=mm&r=g","caption":"Michel Camargo"}}]}},"_links":{"self":[{"href":"https:\/\/www.gaveanews.com\/index.php\/wp-json\/wp\/v2\/posts\/210925","targetHints":{"allow":["GET"]}}],"collection":[{"href":"https:\/\/www.gaveanews.com\/index.php\/wp-json\/wp\/v2\/posts"}],"about":[{"href":"https:\/\/www.gaveanews.com\/index.php\/wp-json\/wp\/v2\/types\/post"}],"author":[{"embeddable":true,"href":"https:\/\/www.gaveanews.com\/index.php\/wp-json\/wp\/v2\/users\/31"}],"replies":[{"embeddable":true,"href":"https:\/\/www.gaveanews.com\/index.php\/wp-json\/wp\/v2\/comments?post=210925"}],"version-history":[{"count":1,"href":"https:\/\/www.gaveanews.com\/index.php\/wp-json\/wp\/v2\/posts\/210925\/revisions"}],"predecessor-version":[{"id":210945,"href":"https:\/\/www.gaveanews.com\/index.php\/wp-json\/wp\/v2\/posts\/210925\/revisions\/210945"}],"wp:featuredmedia":[{"embeddable":true,"href":"https:\/\/www.gaveanews.com\/index.php\/wp-json\/wp\/v2\/media\/167369"}],"wp:attachment":[{"href":"https:\/\/www.gaveanews.com\/index.php\/wp-json\/wp\/v2\/media?parent=210925"}],"wp:term":[{"taxonomy":"category","embeddable":true,"href":"https:\/\/www.gaveanews.com\/index.php\/wp-json\/wp\/v2\/categories?post=210925"},{"taxonomy":"post_tag","embeddable":true,"href":"https:\/\/www.gaveanews.com\/index.php\/wp-json\/wp\/v2\/tags?post=210925"}],"curies":[{"name":"wp","href":"https:\/\/api.w.org\/{rel}","templated":true}]}}