{"id":210950,"date":"2025-01-10T21:25:00","date_gmt":"2025-01-11T00:25:00","guid":{"rendered":"https:\/\/www.gaveanews.com\/?p=210950"},"modified":"2025-01-10T20:54:45","modified_gmt":"2025-01-10T23:54:45","slug":"a-declaracao-de-german-cano-apos-retornar-ao-fluminense","status":"publish","type":"post","link":"https:\/\/www.gaveanews.com\/index.php\/2025\/01\/10\/a-declaracao-de-german-cano-apos-retornar-ao-fluminense\/","title":{"rendered":"A declara\u00e7\u00e3o de Germ\u00e1n Cano ap\u00f3s retornar ao Fluminense"},"content":{"rendered":"\n<p>A equipe principal do Fluminense retomou as atividades nesta semana com o objetivo de alcan\u00e7ar \u00eaxitos em 2025, ap\u00f3s o aperto do \u00faltimo ano no Campeonato Brasileiro. Agora, o objetivo \u00e9 manter a concentra\u00e7\u00e3o total na prepara\u00e7\u00e3o para que a equipe apresente um rendimento superior.<\/p>\n\n\n\n<ul class=\"wp-block-list\">\n<li><a href=\"https:\/\/www.gaveanews.com\/index.php\/2025\/01\/10\/reforco-do-fluminense-ja-esta-a-caminho-do-rio-de-janeiro\/\">Refor\u00e7o do Fluminense j\u00e1 est\u00e1 a caminho do Rio de Janeiro<\/a><\/li>\n\n\n\n<li><a href=\"https:\/\/www.gaveanews.com\/index.php\/2025\/01\/10\/heroi-do-fluminense-da-libertadores-pode-reencontrar-clube-no-mundial\/\">Her\u00f3i do Fluminense da Libertadores pode reencontrar clube no Mundial<\/a><\/li>\n<\/ul>\n\n\n\n<p>Germ\u00e1n Cano, um dos artilheiros do Fluminense, expressou satisfa\u00e7\u00e3o em retornar ao clube ap\u00f3s as f\u00e9rias para o come\u00e7o da pr\u00e9-temporada. A equipe principal realiza treinamentos em dois turnos com o objetivo de competir no Campeonato Carioca.<\/p>\n\n\n\n<p>O objetivo do artilheiro argentino \u00e9 repetir a not\u00e1vel performance de 2023, quando se destacou como uma das principais figuras ofensivas na conquista da Libertadores. No ano anterior, Cano enfrentou diversos desafios, chegando a ser colocado na equipe reserva.<\/p>\n\n\n\n<figure class=\"wp-block-embed is-type-photo is-provider-flickr wp-block-embed-flickr\"><div class=\"wp-block-embed__wrapper\">\n<a href=\"https:\/\/www.flickr.com\/photos\/201636948@N07\/54258734914\/in\/dateposted-public\/\"><img loading=\"lazy\" decoding=\"async\" src=\"https:\/\/live.staticflickr.com\/65535\/54258734914_065c07f7e0_z.webp\" alt=\"fluminense-cano\" width=\"640\" height=\"360\" \/><\/a>\n<\/div><\/figure>\n\n\n\n<p>&#8220;A gente est\u00e1 muito feliz de voltar para poder treinar, fazer nossa pr\u00e9-temporada. Estou com saudades de estar em casa, estar com nossos companheiros. Temos que nos preparar muito bem, ainda mais na parte f\u00edsica e com combina\u00e7\u00e3o de bola para soltar um pouquinho&#8221;, disse o argentino em entrevista \u00e0 FluTV.<\/p>\n\n\n\n<p>&#8220;Sabemos que temos que nos preparar bem, sobretudo na parte f\u00edsica e na combina\u00e7\u00e3o com bola para poder soltar um pouco. Est\u00e1 sendo de manh\u00e3 mais f\u00edsico e na parte da tarde com bola. Agora \u00e9 continuar&#8221;, disse o atacante Germ\u00e1n Cano, sobre o dia a dia na pr\u00e9-temporada.<\/p>\n\n\n\n<h2 class=\"wp-block-heading\" id=\"h-quando-o-fluminense-joga\">Quando o Fluminense joga?<\/h2>\n\n\n\n<p>O Fluminense far\u00e1 sua primeira apari\u00e7\u00e3o na temporada no domingo, quando enfrenta o Sampaio Corr\u00eaa pelo Campeonato Carioca. Neste confronto, o Tricolor utilizar\u00e1 uma equipe reserva por enquanto.<\/p>\n\n\n\n<p>O time sob o comando de Mano Menezes s\u00f3 deve entrar em campo contra o Madureira, em partida v\u00e1lida pela quinta rodada do Campeonato Carioca. Nos quatro primeiros compromissos, Marc\u00e3o assumir\u00e1 o comando do Fluminense, que jogar\u00e1 com uma equipe reserva.<\/p>\n","protected":false},"excerpt":{"rendered":"<p>A equipe principal do Fluminense retomou as atividades nesta semana com o objetivo de alcan\u00e7ar \u00eaxitos em 2025, ap\u00f3s o aperto do \u00faltimo ano no Campeonato Brasileiro. Agora, o objetivo \u00e9 manter a concentra\u00e7\u00e3o total na prepara\u00e7\u00e3o para que a equipe apresente um rendimento superior. Germ\u00e1n Cano, um dos artilheiros do Fluminense, expressou satisfa\u00e7\u00e3o em [&hellip;]<\/p>\n","protected":false},"author":16,"featured_media":170376,"comment_status":"open","ping_status":"closed","sticky":false,"template":"","format":"standard","meta":{"footnotes":""},"categories":[145],"tags":[],"class_list":["post-210950","post","type-post","status-publish","format-standard","has-post-thumbnail","hentry","category-fluminense"],"yoast_head":"<!-- This site is optimized with the Yoast SEO Premium plugin v24.2 (Yoast SEO v26.9) - https:\/\/yoast.com\/product\/yoast-seo-premium-wordpress\/ -->\n<title>A declara\u00e7\u00e3o de Germ\u00e1n Cano ap\u00f3s retornar ao Fluminense<\/title>\n<meta name=\"robots\" content=\"index, follow, max-snippet:-1, max-image-preview:large, max-video-preview:-1\" \/>\n<link rel=\"canonical\" href=\"https:\/\/www.gaveanews.com\/index.php\/2025\/01\/10\/a-declaracao-de-german-cano-apos-retornar-ao-fluminense\/\" \/>\n<meta property=\"og:locale\" content=\"pt_BR\" \/>\n<meta property=\"og:type\" content=\"article\" \/>\n<meta property=\"og:title\" content=\"A declara\u00e7\u00e3o de Germ\u00e1n Cano ap\u00f3s retornar ao Fluminense\" \/>\n<meta property=\"og:description\" content=\"A equipe principal do Fluminense retomou as atividades nesta semana com o objetivo de alcan\u00e7ar \u00eaxitos em 2025, ap\u00f3s o aperto do \u00faltimo ano no Campeonato Brasileiro. Agora, o objetivo \u00e9 manter a concentra\u00e7\u00e3o total na prepara\u00e7\u00e3o para que a equipe apresente um rendimento superior. Germ\u00e1n Cano, um dos artilheiros do Fluminense, expressou satisfa\u00e7\u00e3o em [&hellip;]\" \/>\n<meta property=\"og:url\" content=\"https:\/\/www.gaveanews.com\/index.php\/2025\/01\/10\/a-declaracao-de-german-cano-apos-retornar-ao-fluminense\/\" \/>\n<meta property=\"og:site_name\" content=\"G\u00e1vea News\" \/>\n<meta property=\"article:publisher\" content=\"https:\/\/facebook.com\/gaveaNews\/\" \/>\n<meta property=\"article:published_time\" content=\"2025-01-11T00:25:00+00:00\" \/>\n<meta property=\"og:image\" content=\"https:\/\/www.gaveanews.com\/wp-content\/uploads\/German-Cano-em-acao-pelo-Fluminense.webp\" \/>\n\t<meta property=\"og:image:width\" content=\"908\" \/>\n\t<meta property=\"og:image:height\" content=\"637\" \/>\n\t<meta property=\"og:image:type\" content=\"image\/jpeg\" \/>\n<meta name=\"author\" content=\"D\u00e9bora Figueiredo\" \/>\n<meta name=\"twitter:card\" content=\"summary_large_image\" \/>\n<meta name=\"twitter:label1\" content=\"Escrito por\" \/>\n\t<meta name=\"twitter:data1\" content=\"D\u00e9bora Figueiredo\" \/>\n\t<meta name=\"twitter:label2\" content=\"Est. tempo de leitura\" \/>\n\t<meta name=\"twitter:data2\" content=\"2 minutos\" \/>\n<script type=\"application\/ld+json\" class=\"yoast-schema-graph\">{\"@context\":\"https:\/\/schema.org\",\"@graph\":[{\"@type\":\"NewsArticle\",\"@id\":\"https:\/\/www.gaveanews.com\/index.php\/2025\/01\/10\/a-declaracao-de-german-cano-apos-retornar-ao-fluminense\/#article\",\"isPartOf\":{\"@id\":\"https:\/\/www.gaveanews.com\/index.php\/2025\/01\/10\/a-declaracao-de-german-cano-apos-retornar-ao-fluminense\/\"},\"author\":{\"name\":\"D\u00e9bora Figueiredo\",\"@id\":\"https:\/\/www.gaveanews.com\/#\/schema\/person\/37122681a8575a5c8db05a56f099a5e4\"},\"headline\":\"A declara\u00e7\u00e3o de Germ\u00e1n Cano ap\u00f3s retornar ao Fluminense\",\"datePublished\":\"2025-01-11T00:25:00+00:00\",\"mainEntityOfPage\":{\"@id\":\"https:\/\/www.gaveanews.com\/index.php\/2025\/01\/10\/a-declaracao-de-german-cano-apos-retornar-ao-fluminense\/\"},\"wordCount\":354,\"commentCount\":0,\"image\":{\"@id\":\"https:\/\/www.gaveanews.com\/index.php\/2025\/01\/10\/a-declaracao-de-german-cano-apos-retornar-ao-fluminense\/#primaryimage\"},\"thumbnailUrl\":\"https:\/\/www.gaveanews.com\/wp-content\/uploads\/German-Cano-em-acao-pelo-Fluminense.webp\",\"articleSection\":[\"Fluminense\"],\"inLanguage\":\"pt-BR\",\"potentialAction\":[{\"@type\":\"CommentAction\",\"name\":\"Comment\",\"target\":[\"https:\/\/www.gaveanews.com\/index.php\/2025\/01\/10\/a-declaracao-de-german-cano-apos-retornar-ao-fluminense\/#respond\"]}],\"copyrightYear\":\"2025\",\"copyrightHolder\":{\"@id\":\"https:\/\/www.gaveanews.com\/#organization\"}},{\"@type\":\"WebPage\",\"@id\":\"https:\/\/www.gaveanews.com\/index.php\/2025\/01\/10\/a-declaracao-de-german-cano-apos-retornar-ao-fluminense\/\",\"url\":\"https:\/\/www.gaveanews.com\/index.php\/2025\/01\/10\/a-declaracao-de-german-cano-apos-retornar-ao-fluminense\/\",\"name\":\"A declara\u00e7\u00e3o de Germ\u00e1n Cano ap\u00f3s retornar ao Fluminense\",\"isPartOf\":{\"@id\":\"https:\/\/www.gaveanews.com\/#website\"},\"primaryImageOfPage\":{\"@id\":\"https:\/\/www.gaveanews.com\/index.php\/2025\/01\/10\/a-declaracao-de-german-cano-apos-retornar-ao-fluminense\/#primaryimage\"},\"image\":{\"@id\":\"https:\/\/www.gaveanews.com\/index.php\/2025\/01\/10\/a-declaracao-de-german-cano-apos-retornar-ao-fluminense\/#primaryimage\"},\"thumbnailUrl\":\"https:\/\/www.gaveanews.com\/wp-content\/uploads\/German-Cano-em-acao-pelo-Fluminense.webp\",\"datePublished\":\"2025-01-11T00:25:00+00:00\",\"author\":{\"@id\":\"https:\/\/www.gaveanews.com\/#\/schema\/person\/37122681a8575a5c8db05a56f099a5e4\"},\"breadcrumb\":{\"@id\":\"https:\/\/www.gaveanews.com\/index.php\/2025\/01\/10\/a-declaracao-de-german-cano-apos-retornar-ao-fluminense\/#breadcrumb\"},\"inLanguage\":\"pt-BR\",\"potentialAction\":[{\"@type\":\"ReadAction\",\"target\":[\"https:\/\/www.gaveanews.com\/index.php\/2025\/01\/10\/a-declaracao-de-german-cano-apos-retornar-ao-fluminense\/\"]}]},{\"@type\":\"ImageObject\",\"inLanguage\":\"pt-BR\",\"@id\":\"https:\/\/www.gaveanews.com\/index.php\/2025\/01\/10\/a-declaracao-de-german-cano-apos-retornar-ao-fluminense\/#primaryimage\",\"url\":\"https:\/\/www.gaveanews.com\/wp-content\/uploads\/German-Cano-em-acao-pelo-Fluminense.webp\",\"contentUrl\":\"https:\/\/www.gaveanews.com\/wp-content\/uploads\/German-Cano-em-acao-pelo-Fluminense.webp\",\"width\":908,\"height\":637,\"caption\":\"Germ\u00e1n Cano em a\u00e7\u00e3o pelo Fluminense (Foto: Lucas Mer\u00e7on\/Fluminense)\"},{\"@type\":\"BreadcrumbList\",\"@id\":\"https:\/\/www.gaveanews.com\/index.php\/2025\/01\/10\/a-declaracao-de-german-cano-apos-retornar-ao-fluminense\/#breadcrumb\",\"itemListElement\":[{\"@type\":\"ListItem\",\"position\":1,\"name\":\"Home\",\"item\":\"https:\/\/www.gaveanews.com\/\"},{\"@type\":\"ListItem\",\"position\":2,\"name\":\"A declara\u00e7\u00e3o de Germ\u00e1n Cano ap\u00f3s retornar ao Fluminense\"}]},{\"@type\":\"WebSite\",\"@id\":\"https:\/\/www.gaveanews.com\/#website\",\"url\":\"https:\/\/www.gaveanews.com\/\",\"name\":\"G\u00e1vea News\",\"description\":\"Veja todas as not\u00edcias sobre o Flamengo: Contrata\u00e7\u00f5es, categorias de base, resultados das partidas, tabela de classifica\u00e7\u00e3o, pr\u00f3ximos jogos!\",\"potentialAction\":[{\"@type\":\"SearchAction\",\"target\":{\"@type\":\"EntryPoint\",\"urlTemplate\":\"https:\/\/www.gaveanews.com\/?s={search_term_string}\"},\"query-input\":{\"@type\":\"PropertyValueSpecification\",\"valueRequired\":true,\"valueName\":\"search_term_string\"}}],\"inLanguage\":\"pt-BR\"},{\"@type\":\"Person\",\"@id\":\"https:\/\/www.gaveanews.com\/#\/schema\/person\/37122681a8575a5c8db05a56f099a5e4\",\"name\":\"D\u00e9bora Figueiredo\",\"image\":{\"@type\":\"ImageObject\",\"inLanguage\":\"pt-BR\",\"@id\":\"https:\/\/www.gaveanews.com\/#\/schema\/person\/image\/\",\"url\":\"https:\/\/secure.gravatar.com\/avatar\/1f44802859351588499d26f52aed1d15796ce17e67602895b72837c08018868d?s=96&d=mm&r=g\",\"contentUrl\":\"https:\/\/secure.gravatar.com\/avatar\/1f44802859351588499d26f52aed1d15796ce17e67602895b72837c08018868d?s=96&d=mm&r=g\",\"caption\":\"D\u00e9bora Figueiredo\"}}]}<\/script>\n<!-- \/ Yoast SEO Premium plugin. -->","yoast_head_json":{"title":"A declara\u00e7\u00e3o de Germ\u00e1n Cano ap\u00f3s retornar ao Fluminense","robots":{"index":"index","follow":"follow","max-snippet":"max-snippet:-1","max-image-preview":"max-image-preview:large","max-video-preview":"max-video-preview:-1"},"canonical":"https:\/\/www.gaveanews.com\/index.php\/2025\/01\/10\/a-declaracao-de-german-cano-apos-retornar-ao-fluminense\/","og_locale":"pt_BR","og_type":"article","og_title":"A declara\u00e7\u00e3o de Germ\u00e1n Cano ap\u00f3s retornar ao Fluminense","og_description":"A equipe principal do Fluminense retomou as atividades nesta semana com o objetivo de alcan\u00e7ar \u00eaxitos em 2025, ap\u00f3s o aperto do \u00faltimo ano no Campeonato Brasileiro. Agora, o objetivo \u00e9 manter a concentra\u00e7\u00e3o total na prepara\u00e7\u00e3o para que a equipe apresente um rendimento superior. Germ\u00e1n Cano, um dos artilheiros do Fluminense, expressou satisfa\u00e7\u00e3o em [&hellip;]","og_url":"https:\/\/www.gaveanews.com\/index.php\/2025\/01\/10\/a-declaracao-de-german-cano-apos-retornar-ao-fluminense\/","og_site_name":"G\u00e1vea News","article_publisher":"https:\/\/facebook.com\/gaveaNews\/","article_published_time":"2025-01-11T00:25:00+00:00","og_image":[{"width":908,"height":637,"url":"https:\/\/www.gaveanews.com\/wp-content\/uploads\/German-Cano-em-acao-pelo-Fluminense.webp","type":"image\/jpeg"}],"author":"D\u00e9bora Figueiredo","twitter_card":"summary_large_image","twitter_misc":{"Escrito por":"D\u00e9bora Figueiredo","Est. tempo de leitura":"2 minutos"},"schema":{"@context":"https:\/\/schema.org","@graph":[{"@type":"NewsArticle","@id":"https:\/\/www.gaveanews.com\/index.php\/2025\/01\/10\/a-declaracao-de-german-cano-apos-retornar-ao-fluminense\/#article","isPartOf":{"@id":"https:\/\/www.gaveanews.com\/index.php\/2025\/01\/10\/a-declaracao-de-german-cano-apos-retornar-ao-fluminense\/"},"author":{"name":"D\u00e9bora Figueiredo","@id":"https:\/\/www.gaveanews.com\/#\/schema\/person\/37122681a8575a5c8db05a56f099a5e4"},"headline":"A declara\u00e7\u00e3o de Germ\u00e1n Cano ap\u00f3s retornar ao Fluminense","datePublished":"2025-01-11T00:25:00+00:00","mainEntityOfPage":{"@id":"https:\/\/www.gaveanews.com\/index.php\/2025\/01\/10\/a-declaracao-de-german-cano-apos-retornar-ao-fluminense\/"},"wordCount":354,"commentCount":0,"image":{"@id":"https:\/\/www.gaveanews.com\/index.php\/2025\/01\/10\/a-declaracao-de-german-cano-apos-retornar-ao-fluminense\/#primaryimage"},"thumbnailUrl":"https:\/\/www.gaveanews.com\/wp-content\/uploads\/German-Cano-em-acao-pelo-Fluminense.webp","articleSection":["Fluminense"],"inLanguage":"pt-BR","potentialAction":[{"@type":"CommentAction","name":"Comment","target":["https:\/\/www.gaveanews.com\/index.php\/2025\/01\/10\/a-declaracao-de-german-cano-apos-retornar-ao-fluminense\/#respond"]}],"copyrightYear":"2025","copyrightHolder":{"@id":"https:\/\/www.gaveanews.com\/#organization"}},{"@type":"WebPage","@id":"https:\/\/www.gaveanews.com\/index.php\/2025\/01\/10\/a-declaracao-de-german-cano-apos-retornar-ao-fluminense\/","url":"https:\/\/www.gaveanews.com\/index.php\/2025\/01\/10\/a-declaracao-de-german-cano-apos-retornar-ao-fluminense\/","name":"A declara\u00e7\u00e3o de Germ\u00e1n Cano ap\u00f3s retornar ao Fluminense","isPartOf":{"@id":"https:\/\/www.gaveanews.com\/#website"},"primaryImageOfPage":{"@id":"https:\/\/www.gaveanews.com\/index.php\/2025\/01\/10\/a-declaracao-de-german-cano-apos-retornar-ao-fluminense\/#primaryimage"},"image":{"@id":"https:\/\/www.gaveanews.com\/index.php\/2025\/01\/10\/a-declaracao-de-german-cano-apos-retornar-ao-fluminense\/#primaryimage"},"thumbnailUrl":"https:\/\/www.gaveanews.com\/wp-content\/uploads\/German-Cano-em-acao-pelo-Fluminense.webp","datePublished":"2025-01-11T00:25:00+00:00","author":{"@id":"https:\/\/www.gaveanews.com\/#\/schema\/person\/37122681a8575a5c8db05a56f099a5e4"},"breadcrumb":{"@id":"https:\/\/www.gaveanews.com\/index.php\/2025\/01\/10\/a-declaracao-de-german-cano-apos-retornar-ao-fluminense\/#breadcrumb"},"inLanguage":"pt-BR","potentialAction":[{"@type":"ReadAction","target":["https:\/\/www.gaveanews.com\/index.php\/2025\/01\/10\/a-declaracao-de-german-cano-apos-retornar-ao-fluminense\/"]}]},{"@type":"ImageObject","inLanguage":"pt-BR","@id":"https:\/\/www.gaveanews.com\/index.php\/2025\/01\/10\/a-declaracao-de-german-cano-apos-retornar-ao-fluminense\/#primaryimage","url":"https:\/\/www.gaveanews.com\/wp-content\/uploads\/German-Cano-em-acao-pelo-Fluminense.webp","contentUrl":"https:\/\/www.gaveanews.com\/wp-content\/uploads\/German-Cano-em-acao-pelo-Fluminense.webp","width":908,"height":637,"caption":"Germ\u00e1n Cano em a\u00e7\u00e3o pelo Fluminense (Foto: Lucas Mer\u00e7on\/Fluminense)"},{"@type":"BreadcrumbList","@id":"https:\/\/www.gaveanews.com\/index.php\/2025\/01\/10\/a-declaracao-de-german-cano-apos-retornar-ao-fluminense\/#breadcrumb","itemListElement":[{"@type":"ListItem","position":1,"name":"Home","item":"https:\/\/www.gaveanews.com\/"},{"@type":"ListItem","position":2,"name":"A declara\u00e7\u00e3o de Germ\u00e1n Cano ap\u00f3s retornar ao Fluminense"}]},{"@type":"WebSite","@id":"https:\/\/www.gaveanews.com\/#website","url":"https:\/\/www.gaveanews.com\/","name":"G\u00e1vea News","description":"Veja todas as not\u00edcias sobre o Flamengo: Contrata\u00e7\u00f5es, categorias de base, resultados das partidas, tabela de classifica\u00e7\u00e3o, pr\u00f3ximos jogos!","potentialAction":[{"@type":"SearchAction","target":{"@type":"EntryPoint","urlTemplate":"https:\/\/www.gaveanews.com\/?s={search_term_string}"},"query-input":{"@type":"PropertyValueSpecification","valueRequired":true,"valueName":"search_term_string"}}],"inLanguage":"pt-BR"},{"@type":"Person","@id":"https:\/\/www.gaveanews.com\/#\/schema\/person\/37122681a8575a5c8db05a56f099a5e4","name":"D\u00e9bora Figueiredo","image":{"@type":"ImageObject","inLanguage":"pt-BR","@id":"https:\/\/www.gaveanews.com\/#\/schema\/person\/image\/","url":"https:\/\/secure.gravatar.com\/avatar\/1f44802859351588499d26f52aed1d15796ce17e67602895b72837c08018868d?s=96&d=mm&r=g","contentUrl":"https:\/\/secure.gravatar.com\/avatar\/1f44802859351588499d26f52aed1d15796ce17e67602895b72837c08018868d?s=96&d=mm&r=g","caption":"D\u00e9bora Figueiredo"}}]}},"_links":{"self":[{"href":"https:\/\/www.gaveanews.com\/index.php\/wp-json\/wp\/v2\/posts\/210950","targetHints":{"allow":["GET"]}}],"collection":[{"href":"https:\/\/www.gaveanews.com\/index.php\/wp-json\/wp\/v2\/posts"}],"about":[{"href":"https:\/\/www.gaveanews.com\/index.php\/wp-json\/wp\/v2\/types\/post"}],"author":[{"embeddable":true,"href":"https:\/\/www.gaveanews.com\/index.php\/wp-json\/wp\/v2\/users\/16"}],"replies":[{"embeddable":true,"href":"https:\/\/www.gaveanews.com\/index.php\/wp-json\/wp\/v2\/comments?post=210950"}],"version-history":[{"count":2,"href":"https:\/\/www.gaveanews.com\/index.php\/wp-json\/wp\/v2\/posts\/210950\/revisions"}],"predecessor-version":[{"id":211115,"href":"https:\/\/www.gaveanews.com\/index.php\/wp-json\/wp\/v2\/posts\/210950\/revisions\/211115"}],"wp:featuredmedia":[{"embeddable":true,"href":"https:\/\/www.gaveanews.com\/index.php\/wp-json\/wp\/v2\/media\/170376"}],"wp:attachment":[{"href":"https:\/\/www.gaveanews.com\/index.php\/wp-json\/wp\/v2\/media?parent=210950"}],"wp:term":[{"taxonomy":"category","embeddable":true,"href":"https:\/\/www.gaveanews.com\/index.php\/wp-json\/wp\/v2\/categories?post=210950"},{"taxonomy":"post_tag","embeddable":true,"href":"https:\/\/www.gaveanews.com\/index.php\/wp-json\/wp\/v2\/tags?post=210950"}],"curies":[{"name":"wp","href":"https:\/\/api.w.org\/{rel}","templated":true}]}}