{"id":210964,"date":"2025-01-10T18:03:16","date_gmt":"2025-01-10T21:03:16","guid":{"rendered":"https:\/\/www.gaveanews.com\/?p=210964"},"modified":"2025-01-10T18:03:20","modified_gmt":"2025-01-10T21:03:20","slug":"osvaldo-pascoal-e-sincero-ao-falar-sobre-o-time-do-cruzeiro-em-2025","status":"publish","type":"post","link":"https:\/\/www.gaveanews.com\/index.php\/2025\/01\/10\/osvaldo-pascoal-e-sincero-ao-falar-sobre-o-time-do-cruzeiro-em-2025\/","title":{"rendered":"Osvaldo Pascoal \u00e9 sincero ao falar sobre o time do Cruzeiro em 2025"},"content":{"rendered":"\n<p>O jornalista Osvaldo Pascoal acredita que o Cruzeiro est\u00e1 no caminho de retomar a posi\u00e7\u00e3o de destaque no futebol brasileiro. Depois de um per\u00edodo dif\u00edcil, com a queda para a S\u00e9rie B, o clube mineiro se recuperou com a implementa\u00e7\u00e3o da SAF, o que permitiu a Ronaldo conquistar o reconhecimento merecido. Sob a lideran\u00e7a de Pedro Louren\u00e7o, a equipe celeste fez investimentos significativos em contrata\u00e7\u00f5es e tem como objetivo conquistar t\u00edtulos em 2025.<\/p>\n\n\n\n<ul class=\"wp-block-list\">\n<li><a href=\"https:\/\/www.gaveanews.com\/index.php\/2025\/01\/09\/reforco-do-cruzeiro-chega-nos-eua\/\">Refor\u00e7o do Cruzeiro chega nos EUA<\/a><\/li>\n\n\n\n<li><a href=\"https:\/\/www.gaveanews.com\/index.php\/2025\/01\/09\/cruzeiro-toma-decisao-importante-sobre-proximas-contratacoes\/\">Cruzeiro toma decis\u00e3o importante sobre pr\u00f3ximas contrata\u00e7\u00f5es<\/a><\/li>\n<\/ul>\n\n\n\n<p>\u201cO Cruzeiro est\u00e1 voltando a sentar \u00e0 mesa com os gigantes. Estava afastado h\u00e1 uns cinco anos\u2026 a gente s\u00f3 tinha not\u00edcia arrasadora. O Ronaldo fez um grande trabalho de recupera\u00e7\u00e3o no Cruzeiro. Chega no Pedrinho, ele acerta tudo isso e bota o Cruzeiro de novo na mesa dos gigantes.\u201d, disse Pascoal, no ESPN FC. \u201cAquele time de azul linda e com estrelas do Cruzeiro do Sul. T\u00e1 l\u00e1! O Cruzeiro est\u00e1 entre os gigantes do futebol brasileiro.\u201d, acrescentou.<\/p>\n\n\n\n<h2 class=\"wp-block-heading\" id=\"h-pascoal-elogia-decisao-de-cruzeiro\">Pascoal elogia decis\u00e3o de Cruzeiro<\/h2>\n\n\n\n<p>Ao investir 7 milh\u00f5es de euros (R$ 43 milh\u00f5es), o Cruzeiro acertou a contrata\u00e7\u00e3o de Fabr\u00edcio Bruno. Destacando a qualidade do zagueiro, Pascoal acredita que o Flamengo tamb\u00e9m ficou satisfeito com o desfecho da negocia\u00e7\u00e3o nos bastidores. \u201cEu acho um jogador raro. Dif\u00edcil de ter. Parab\u00e9ns ao Cruzeiro que contrata. O Flamengo consegue aquilo que almejava, 7 milh\u00f5es de euros no mercado brasileiro. \u00c9 dinheiro, gente!\u201d, afirmou.<\/p>\n\n\n\n<h2 class=\"wp-block-heading\" id=\"h-zinho-tambem-comentou-sobre-o-alviceleste\">Zinho tamb\u00e9m comentou sobre o Alviceleste <\/h2>\n\n\n\n<p>Seguindo a mesma linha de racioc\u00ednio de Pascoal, o comentarista Zinho compartilha a vis\u00e3o de que o Cruzeiro deu um grande salto de qualidade ap\u00f3s a chegada de novos refor\u00e7os. E com um elenco mais forte, a responsabilidade cai sobre o t\u00e9cnico Fernando Diniz, que tem a miss\u00e3o de encontrar o time titular ideal e melhorar rendimento de jogadores como Gabigol, Dudu e outros atletas de destaque do elenco. <\/p>\n\n\n\n<p>&#8220;O Pedrinho faz contrata\u00e7\u00e3o de peso, mexe com o mercado. O Eduardo \u00e9 meia de qualidade, vai ter op\u00e7\u00f5es. Eu considero o Fernando Diniz um \u00f3timo treinador, e com pe\u00e7as que est\u00e3o sendo colocadas para ele fazer seu sistema de jogo, vai depender da pr\u00e9-temporada.\u201d &#8211; disse o comentarista da ESPN.<\/p>\n\n\n\n<p>Zinho tamb\u00e9m falou que ter um time composto por bons jogadores, de nomes renomados, n\u00e3o significa ser uma boa equipe, pois o elenco s\u00f3 vai funcionar se tiver uma boa estrat\u00e9gia e for bem preparado para as futuras competi\u00e7\u00f5es.  \u201c\u00c9 um elenco que, em compara\u00e7\u00f5es no papel, entra neste grupo de melhores plant\u00e9is. Agora, transformar isso em time pronto para ganhar t\u00edtulos, \u00e9 diferente.\u201d, opinou.<\/p>\n\n\n\n<p><\/p>\n","protected":false},"excerpt":{"rendered":"<p>O jornalista Osvaldo Pascoal acredita que o Cruzeiro est\u00e1 no caminho de retomar a posi\u00e7\u00e3o de destaque no futebol brasileiro. Depois de um per\u00edodo dif\u00edcil, com a queda para a S\u00e9rie B, o clube mineiro se recuperou com a implementa\u00e7\u00e3o da SAF, o que permitiu a Ronaldo conquistar o reconhecimento merecido. Sob a lideran\u00e7a de [&hellip;]<\/p>\n","protected":false},"author":31,"featured_media":163709,"comment_status":"open","ping_status":"closed","sticky":false,"template":"","format":"standard","meta":{"footnotes":""},"categories":[143],"tags":[],"class_list":["post-210964","post","type-post","status-publish","format-standard","has-post-thumbnail","hentry","category-cruzeiro"],"yoast_head":"<!-- This site is optimized with the Yoast SEO Premium plugin v24.2 (Yoast SEO v26.9) - https:\/\/yoast.com\/product\/yoast-seo-premium-wordpress\/ -->\n<title>Osvaldo Pascoal \u00e9 sincero ao falar sobre o time do Cruzeiro em 2025<\/title>\n<meta name=\"robots\" content=\"index, follow, max-snippet:-1, max-image-preview:large, max-video-preview:-1\" \/>\n<link rel=\"canonical\" href=\"https:\/\/www.gaveanews.com\/index.php\/2025\/01\/10\/osvaldo-pascoal-e-sincero-ao-falar-sobre-o-time-do-cruzeiro-em-2025\/\" \/>\n<meta property=\"og:locale\" content=\"pt_BR\" \/>\n<meta property=\"og:type\" content=\"article\" \/>\n<meta property=\"og:title\" content=\"Osvaldo Pascoal \u00e9 sincero ao falar sobre o time do Cruzeiro em 2025\" \/>\n<meta property=\"og:description\" content=\"O jornalista Osvaldo Pascoal acredita que o Cruzeiro est\u00e1 no caminho de retomar a posi\u00e7\u00e3o de destaque no futebol brasileiro. Depois de um per\u00edodo dif\u00edcil, com a queda para a S\u00e9rie B, o clube mineiro se recuperou com a implementa\u00e7\u00e3o da SAF, o que permitiu a Ronaldo conquistar o reconhecimento merecido. Sob a lideran\u00e7a de [&hellip;]\" \/>\n<meta property=\"og:url\" content=\"https:\/\/www.gaveanews.com\/index.php\/2025\/01\/10\/osvaldo-pascoal-e-sincero-ao-falar-sobre-o-time-do-cruzeiro-em-2025\/\" \/>\n<meta property=\"og:site_name\" content=\"G\u00e1vea News\" \/>\n<meta property=\"article:publisher\" content=\"https:\/\/facebook.com\/gaveaNews\/\" \/>\n<meta property=\"article:published_time\" content=\"2025-01-10T21:03:16+00:00\" \/>\n<meta property=\"article:modified_time\" content=\"2025-01-10T21:03:20+00:00\" \/>\n<meta property=\"og:image\" content=\"https:\/\/www.gaveanews.com\/wp-content\/uploads\/Camisa-do-Cruzeiro-2024.webp\" \/>\n\t<meta property=\"og:image:width\" content=\"1292\" \/>\n\t<meta property=\"og:image:height\" content=\"861\" \/>\n\t<meta property=\"og:image:type\" content=\"image\/webp\" \/>\n<meta name=\"author\" content=\"Michel Camargo\" \/>\n<meta name=\"twitter:card\" content=\"summary_large_image\" \/>\n<meta name=\"twitter:label1\" content=\"Escrito por\" \/>\n\t<meta name=\"twitter:data1\" content=\"Michel Camargo\" \/>\n\t<meta name=\"twitter:label2\" content=\"Est. tempo de leitura\" \/>\n\t<meta name=\"twitter:data2\" content=\"3 minutos\" \/>\n<script type=\"application\/ld+json\" class=\"yoast-schema-graph\">{\"@context\":\"https:\/\/schema.org\",\"@graph\":[{\"@type\":\"NewsArticle\",\"@id\":\"https:\/\/www.gaveanews.com\/index.php\/2025\/01\/10\/osvaldo-pascoal-e-sincero-ao-falar-sobre-o-time-do-cruzeiro-em-2025\/#article\",\"isPartOf\":{\"@id\":\"https:\/\/www.gaveanews.com\/index.php\/2025\/01\/10\/osvaldo-pascoal-e-sincero-ao-falar-sobre-o-time-do-cruzeiro-em-2025\/\"},\"author\":{\"name\":\"Michel Camargo\",\"@id\":\"https:\/\/www.gaveanews.com\/#\/schema\/person\/6f5583f09aa4bcc9866a7360b5604486\"},\"headline\":\"Osvaldo Pascoal \u00e9 sincero ao falar sobre o time do Cruzeiro em 2025\",\"datePublished\":\"2025-01-10T21:03:16+00:00\",\"dateModified\":\"2025-01-10T21:03:20+00:00\",\"mainEntityOfPage\":{\"@id\":\"https:\/\/www.gaveanews.com\/index.php\/2025\/01\/10\/osvaldo-pascoal-e-sincero-ao-falar-sobre-o-time-do-cruzeiro-em-2025\/\"},\"wordCount\":474,\"commentCount\":0,\"image\":{\"@id\":\"https:\/\/www.gaveanews.com\/index.php\/2025\/01\/10\/osvaldo-pascoal-e-sincero-ao-falar-sobre-o-time-do-cruzeiro-em-2025\/#primaryimage\"},\"thumbnailUrl\":\"https:\/\/www.gaveanews.com\/wp-content\/uploads\/Camisa-do-Cruzeiro-2024.webp\",\"articleSection\":[\"Cruzeiro\"],\"inLanguage\":\"pt-BR\",\"potentialAction\":[{\"@type\":\"CommentAction\",\"name\":\"Comment\",\"target\":[\"https:\/\/www.gaveanews.com\/index.php\/2025\/01\/10\/osvaldo-pascoal-e-sincero-ao-falar-sobre-o-time-do-cruzeiro-em-2025\/#respond\"]}],\"copyrightYear\":\"2025\",\"copyrightHolder\":{\"@id\":\"https:\/\/www.gaveanews.com\/#organization\"}},{\"@type\":\"WebPage\",\"@id\":\"https:\/\/www.gaveanews.com\/index.php\/2025\/01\/10\/osvaldo-pascoal-e-sincero-ao-falar-sobre-o-time-do-cruzeiro-em-2025\/\",\"url\":\"https:\/\/www.gaveanews.com\/index.php\/2025\/01\/10\/osvaldo-pascoal-e-sincero-ao-falar-sobre-o-time-do-cruzeiro-em-2025\/\",\"name\":\"Osvaldo Pascoal \u00e9 sincero ao falar sobre o time do Cruzeiro em 2025\",\"isPartOf\":{\"@id\":\"https:\/\/www.gaveanews.com\/#website\"},\"primaryImageOfPage\":{\"@id\":\"https:\/\/www.gaveanews.com\/index.php\/2025\/01\/10\/osvaldo-pascoal-e-sincero-ao-falar-sobre-o-time-do-cruzeiro-em-2025\/#primaryimage\"},\"image\":{\"@id\":\"https:\/\/www.gaveanews.com\/index.php\/2025\/01\/10\/osvaldo-pascoal-e-sincero-ao-falar-sobre-o-time-do-cruzeiro-em-2025\/#primaryimage\"},\"thumbnailUrl\":\"https:\/\/www.gaveanews.com\/wp-content\/uploads\/Camisa-do-Cruzeiro-2024.webp\",\"datePublished\":\"2025-01-10T21:03:16+00:00\",\"dateModified\":\"2025-01-10T21:03:20+00:00\",\"author\":{\"@id\":\"https:\/\/www.gaveanews.com\/#\/schema\/person\/6f5583f09aa4bcc9866a7360b5604486\"},\"breadcrumb\":{\"@id\":\"https:\/\/www.gaveanews.com\/index.php\/2025\/01\/10\/osvaldo-pascoal-e-sincero-ao-falar-sobre-o-time-do-cruzeiro-em-2025\/#breadcrumb\"},\"inLanguage\":\"pt-BR\",\"potentialAction\":[{\"@type\":\"ReadAction\",\"target\":[\"https:\/\/www.gaveanews.com\/index.php\/2025\/01\/10\/osvaldo-pascoal-e-sincero-ao-falar-sobre-o-time-do-cruzeiro-em-2025\/\"]}]},{\"@type\":\"ImageObject\",\"inLanguage\":\"pt-BR\",\"@id\":\"https:\/\/www.gaveanews.com\/index.php\/2025\/01\/10\/osvaldo-pascoal-e-sincero-ao-falar-sobre-o-time-do-cruzeiro-em-2025\/#primaryimage\",\"url\":\"https:\/\/www.gaveanews.com\/wp-content\/uploads\/Camisa-do-Cruzeiro-2024.webp\",\"contentUrl\":\"https:\/\/www.gaveanews.com\/wp-content\/uploads\/Camisa-do-Cruzeiro-2024.webp\",\"width\":1292,\"height\":861,\"caption\":\"Camisa do Cruzeiro 2024 (Foto: Reprodu\u00e7\u00e3o\/Instagram)\"},{\"@type\":\"BreadcrumbList\",\"@id\":\"https:\/\/www.gaveanews.com\/index.php\/2025\/01\/10\/osvaldo-pascoal-e-sincero-ao-falar-sobre-o-time-do-cruzeiro-em-2025\/#breadcrumb\",\"itemListElement\":[{\"@type\":\"ListItem\",\"position\":1,\"name\":\"Home\",\"item\":\"https:\/\/www.gaveanews.com\/\"},{\"@type\":\"ListItem\",\"position\":2,\"name\":\"Osvaldo Pascoal \u00e9 sincero ao falar sobre o time do Cruzeiro em 2025\"}]},{\"@type\":\"WebSite\",\"@id\":\"https:\/\/www.gaveanews.com\/#website\",\"url\":\"https:\/\/www.gaveanews.com\/\",\"name\":\"G\u00e1vea News\",\"description\":\"Veja todas as not\u00edcias sobre o Flamengo: Contrata\u00e7\u00f5es, categorias de base, resultados das partidas, tabela de classifica\u00e7\u00e3o, pr\u00f3ximos jogos!\",\"potentialAction\":[{\"@type\":\"SearchAction\",\"target\":{\"@type\":\"EntryPoint\",\"urlTemplate\":\"https:\/\/www.gaveanews.com\/?s={search_term_string}\"},\"query-input\":{\"@type\":\"PropertyValueSpecification\",\"valueRequired\":true,\"valueName\":\"search_term_string\"}}],\"inLanguage\":\"pt-BR\"},{\"@type\":\"Person\",\"@id\":\"https:\/\/www.gaveanews.com\/#\/schema\/person\/6f5583f09aa4bcc9866a7360b5604486\",\"name\":\"Michel Camargo\",\"image\":{\"@type\":\"ImageObject\",\"inLanguage\":\"pt-BR\",\"@id\":\"https:\/\/www.gaveanews.com\/#\/schema\/person\/image\/\",\"url\":\"https:\/\/secure.gravatar.com\/avatar\/59285e68c26a1d55b30461b1bb1cc6534e5c51ef836b39890a73916a1db2d486?s=96&d=mm&r=g\",\"contentUrl\":\"https:\/\/secure.gravatar.com\/avatar\/59285e68c26a1d55b30461b1bb1cc6534e5c51ef836b39890a73916a1db2d486?s=96&d=mm&r=g\",\"caption\":\"Michel Camargo\"}}]}<\/script>\n<!-- \/ Yoast SEO Premium plugin. -->","yoast_head_json":{"title":"Osvaldo Pascoal \u00e9 sincero ao falar sobre o time do Cruzeiro em 2025","robots":{"index":"index","follow":"follow","max-snippet":"max-snippet:-1","max-image-preview":"max-image-preview:large","max-video-preview":"max-video-preview:-1"},"canonical":"https:\/\/www.gaveanews.com\/index.php\/2025\/01\/10\/osvaldo-pascoal-e-sincero-ao-falar-sobre-o-time-do-cruzeiro-em-2025\/","og_locale":"pt_BR","og_type":"article","og_title":"Osvaldo Pascoal \u00e9 sincero ao falar sobre o time do Cruzeiro em 2025","og_description":"O jornalista Osvaldo Pascoal acredita que o Cruzeiro est\u00e1 no caminho de retomar a posi\u00e7\u00e3o de destaque no futebol brasileiro. Depois de um per\u00edodo dif\u00edcil, com a queda para a S\u00e9rie B, o clube mineiro se recuperou com a implementa\u00e7\u00e3o da SAF, o que permitiu a Ronaldo conquistar o reconhecimento merecido. Sob a lideran\u00e7a de [&hellip;]","og_url":"https:\/\/www.gaveanews.com\/index.php\/2025\/01\/10\/osvaldo-pascoal-e-sincero-ao-falar-sobre-o-time-do-cruzeiro-em-2025\/","og_site_name":"G\u00e1vea News","article_publisher":"https:\/\/facebook.com\/gaveaNews\/","article_published_time":"2025-01-10T21:03:16+00:00","article_modified_time":"2025-01-10T21:03:20+00:00","og_image":[{"width":1292,"height":861,"url":"https:\/\/www.gaveanews.com\/wp-content\/uploads\/Camisa-do-Cruzeiro-2024.webp","type":"image\/webp"}],"author":"Michel Camargo","twitter_card":"summary_large_image","twitter_misc":{"Escrito por":"Michel Camargo","Est. tempo de leitura":"3 minutos"},"schema":{"@context":"https:\/\/schema.org","@graph":[{"@type":"NewsArticle","@id":"https:\/\/www.gaveanews.com\/index.php\/2025\/01\/10\/osvaldo-pascoal-e-sincero-ao-falar-sobre-o-time-do-cruzeiro-em-2025\/#article","isPartOf":{"@id":"https:\/\/www.gaveanews.com\/index.php\/2025\/01\/10\/osvaldo-pascoal-e-sincero-ao-falar-sobre-o-time-do-cruzeiro-em-2025\/"},"author":{"name":"Michel Camargo","@id":"https:\/\/www.gaveanews.com\/#\/schema\/person\/6f5583f09aa4bcc9866a7360b5604486"},"headline":"Osvaldo Pascoal \u00e9 sincero ao falar sobre o time do Cruzeiro em 2025","datePublished":"2025-01-10T21:03:16+00:00","dateModified":"2025-01-10T21:03:20+00:00","mainEntityOfPage":{"@id":"https:\/\/www.gaveanews.com\/index.php\/2025\/01\/10\/osvaldo-pascoal-e-sincero-ao-falar-sobre-o-time-do-cruzeiro-em-2025\/"},"wordCount":474,"commentCount":0,"image":{"@id":"https:\/\/www.gaveanews.com\/index.php\/2025\/01\/10\/osvaldo-pascoal-e-sincero-ao-falar-sobre-o-time-do-cruzeiro-em-2025\/#primaryimage"},"thumbnailUrl":"https:\/\/www.gaveanews.com\/wp-content\/uploads\/Camisa-do-Cruzeiro-2024.webp","articleSection":["Cruzeiro"],"inLanguage":"pt-BR","potentialAction":[{"@type":"CommentAction","name":"Comment","target":["https:\/\/www.gaveanews.com\/index.php\/2025\/01\/10\/osvaldo-pascoal-e-sincero-ao-falar-sobre-o-time-do-cruzeiro-em-2025\/#respond"]}],"copyrightYear":"2025","copyrightHolder":{"@id":"https:\/\/www.gaveanews.com\/#organization"}},{"@type":"WebPage","@id":"https:\/\/www.gaveanews.com\/index.php\/2025\/01\/10\/osvaldo-pascoal-e-sincero-ao-falar-sobre-o-time-do-cruzeiro-em-2025\/","url":"https:\/\/www.gaveanews.com\/index.php\/2025\/01\/10\/osvaldo-pascoal-e-sincero-ao-falar-sobre-o-time-do-cruzeiro-em-2025\/","name":"Osvaldo Pascoal \u00e9 sincero ao falar sobre o time do Cruzeiro em 2025","isPartOf":{"@id":"https:\/\/www.gaveanews.com\/#website"},"primaryImageOfPage":{"@id":"https:\/\/www.gaveanews.com\/index.php\/2025\/01\/10\/osvaldo-pascoal-e-sincero-ao-falar-sobre-o-time-do-cruzeiro-em-2025\/#primaryimage"},"image":{"@id":"https:\/\/www.gaveanews.com\/index.php\/2025\/01\/10\/osvaldo-pascoal-e-sincero-ao-falar-sobre-o-time-do-cruzeiro-em-2025\/#primaryimage"},"thumbnailUrl":"https:\/\/www.gaveanews.com\/wp-content\/uploads\/Camisa-do-Cruzeiro-2024.webp","datePublished":"2025-01-10T21:03:16+00:00","dateModified":"2025-01-10T21:03:20+00:00","author":{"@id":"https:\/\/www.gaveanews.com\/#\/schema\/person\/6f5583f09aa4bcc9866a7360b5604486"},"breadcrumb":{"@id":"https:\/\/www.gaveanews.com\/index.php\/2025\/01\/10\/osvaldo-pascoal-e-sincero-ao-falar-sobre-o-time-do-cruzeiro-em-2025\/#breadcrumb"},"inLanguage":"pt-BR","potentialAction":[{"@type":"ReadAction","target":["https:\/\/www.gaveanews.com\/index.php\/2025\/01\/10\/osvaldo-pascoal-e-sincero-ao-falar-sobre-o-time-do-cruzeiro-em-2025\/"]}]},{"@type":"ImageObject","inLanguage":"pt-BR","@id":"https:\/\/www.gaveanews.com\/index.php\/2025\/01\/10\/osvaldo-pascoal-e-sincero-ao-falar-sobre-o-time-do-cruzeiro-em-2025\/#primaryimage","url":"https:\/\/www.gaveanews.com\/wp-content\/uploads\/Camisa-do-Cruzeiro-2024.webp","contentUrl":"https:\/\/www.gaveanews.com\/wp-content\/uploads\/Camisa-do-Cruzeiro-2024.webp","width":1292,"height":861,"caption":"Camisa do Cruzeiro 2024 (Foto: Reprodu\u00e7\u00e3o\/Instagram)"},{"@type":"BreadcrumbList","@id":"https:\/\/www.gaveanews.com\/index.php\/2025\/01\/10\/osvaldo-pascoal-e-sincero-ao-falar-sobre-o-time-do-cruzeiro-em-2025\/#breadcrumb","itemListElement":[{"@type":"ListItem","position":1,"name":"Home","item":"https:\/\/www.gaveanews.com\/"},{"@type":"ListItem","position":2,"name":"Osvaldo Pascoal \u00e9 sincero ao falar sobre o time do Cruzeiro em 2025"}]},{"@type":"WebSite","@id":"https:\/\/www.gaveanews.com\/#website","url":"https:\/\/www.gaveanews.com\/","name":"G\u00e1vea News","description":"Veja todas as not\u00edcias sobre o Flamengo: Contrata\u00e7\u00f5es, categorias de base, resultados das partidas, tabela de classifica\u00e7\u00e3o, pr\u00f3ximos jogos!","potentialAction":[{"@type":"SearchAction","target":{"@type":"EntryPoint","urlTemplate":"https:\/\/www.gaveanews.com\/?s={search_term_string}"},"query-input":{"@type":"PropertyValueSpecification","valueRequired":true,"valueName":"search_term_string"}}],"inLanguage":"pt-BR"},{"@type":"Person","@id":"https:\/\/www.gaveanews.com\/#\/schema\/person\/6f5583f09aa4bcc9866a7360b5604486","name":"Michel Camargo","image":{"@type":"ImageObject","inLanguage":"pt-BR","@id":"https:\/\/www.gaveanews.com\/#\/schema\/person\/image\/","url":"https:\/\/secure.gravatar.com\/avatar\/59285e68c26a1d55b30461b1bb1cc6534e5c51ef836b39890a73916a1db2d486?s=96&d=mm&r=g","contentUrl":"https:\/\/secure.gravatar.com\/avatar\/59285e68c26a1d55b30461b1bb1cc6534e5c51ef836b39890a73916a1db2d486?s=96&d=mm&r=g","caption":"Michel Camargo"}}]}},"_links":{"self":[{"href":"https:\/\/www.gaveanews.com\/index.php\/wp-json\/wp\/v2\/posts\/210964","targetHints":{"allow":["GET"]}}],"collection":[{"href":"https:\/\/www.gaveanews.com\/index.php\/wp-json\/wp\/v2\/posts"}],"about":[{"href":"https:\/\/www.gaveanews.com\/index.php\/wp-json\/wp\/v2\/types\/post"}],"author":[{"embeddable":true,"href":"https:\/\/www.gaveanews.com\/index.php\/wp-json\/wp\/v2\/users\/31"}],"replies":[{"embeddable":true,"href":"https:\/\/www.gaveanews.com\/index.php\/wp-json\/wp\/v2\/comments?post=210964"}],"version-history":[{"count":1,"href":"https:\/\/www.gaveanews.com\/index.php\/wp-json\/wp\/v2\/posts\/210964\/revisions"}],"predecessor-version":[{"id":210986,"href":"https:\/\/www.gaveanews.com\/index.php\/wp-json\/wp\/v2\/posts\/210964\/revisions\/210986"}],"wp:featuredmedia":[{"embeddable":true,"href":"https:\/\/www.gaveanews.com\/index.php\/wp-json\/wp\/v2\/media\/163709"}],"wp:attachment":[{"href":"https:\/\/www.gaveanews.com\/index.php\/wp-json\/wp\/v2\/media?parent=210964"}],"wp:term":[{"taxonomy":"category","embeddable":true,"href":"https:\/\/www.gaveanews.com\/index.php\/wp-json\/wp\/v2\/categories?post=210964"},{"taxonomy":"post_tag","embeddable":true,"href":"https:\/\/www.gaveanews.com\/index.php\/wp-json\/wp\/v2\/tags?post=210964"}],"curies":[{"name":"wp","href":"https:\/\/api.w.org\/{rel}","templated":true}]}}