{"id":211033,"date":"2025-01-11T00:05:00","date_gmt":"2025-01-11T03:05:00","guid":{"rendered":"https:\/\/www.gaveanews.com\/?p=211033"},"modified":"2025-01-10T21:37:19","modified_gmt":"2025-01-11T00:37:19","slug":"sao-paulo-tem-dois-desfalques-na-pre-temporada","status":"publish","type":"post","link":"https:\/\/www.gaveanews.com\/index.php\/2025\/01\/11\/sao-paulo-tem-dois-desfalques-na-pre-temporada\/","title":{"rendered":"S\u00e3o Paulo tem dois desfalques na pr\u00e9-temporada"},"content":{"rendered":"\n<h2 class=\"wp-block-heading\" id=\"h-tricolor-nao-conta-com-dois-atletas-nos-estados-unidos\">Tricolor n\u00e3o conta com dois atletas nos Estados Unidos <\/h2>\n\n\n\n<p>O S\u00e3o Paulo realiza sua pr\u00e9-temporada nos Estados Unidos, mas nesse momento n\u00e3o conta com dois atletas: Dami\u00e1n Bobadilla e Enzo D\u00edaz. A tend\u00eancia \u00e9 de que a dupla se re\u00fana com o grupo muito em breve para fazer parte de toda prepara\u00e7\u00e3o. <\/p>\n\n\n\n<ul class=\"wp-block-list\">\n<li><a href=\"https:\/\/www.gaveanews.com\/index.php\/2025\/01\/09\/dodo-aponta-condicao-para-o-sao-paulo-disputar-titulos-em-2025\/\">Dod\u00f4 aponta condi\u00e7\u00e3o para o S\u00e3o Paulo disputar t\u00edtulos em 2025<\/a><\/li>\n\n\n\n<li><a href=\"https:\/\/www.gaveanews.com\/index.php\/2025\/01\/09\/reforco-para-a-zaga-sao-paulo-fecha-com-contratacao-vinda-do-santos\/\">Refor\u00e7o para a zaga: S\u00e3o Paulo fecha com contrata\u00e7\u00e3o vinda do Santos<\/a><\/li>\n<\/ul>\n\n\n\n<p>O S\u00e3o Paulo optou por realizar a pr\u00e9-temporada nos Estados Unidos e assim ir\u00e1 disputar a\u00a0Inter&amp;Co Soccer Week, na FC Series. Neste momento, o t\u00e9cnico Luis Zubeld\u00eda n\u00e3o conta com o volante Dami\u00e1n Bobadilla, que est\u00e1 em isolamento por conta de influenza, e tamb\u00e9m com o lateral-esquerdo Enzo D\u00edaz, que chegou ao Brasil essa semana para exames m\u00e9dicos e assinar o contrato. <\/p>\n\n\n\n<p>A tend\u00eancia \u00e9 de que Bobadilla chegue aos Estados Unidos neste domingo (12), enquanto Enzo n\u00e3o possui uma data certeira. O argentino chega ao S\u00e3o Paulo por empr\u00e9stimo de um ano, junto ao River Plate, e ir\u00e1 disputar posi\u00e7\u00e3o com Patryck, que at\u00e9 esse momento \u00e9 o \u00fanico jogador do setor. <\/p>\n\n\n\n<p>O elenco do S\u00e3o Paulo chegou \u00e0 Orlando, nos Estados Unidos, na noite da \u00faltima quarta-feira (8) para a realiza\u00e7\u00e3o de sua pr\u00e9-temporada e tamb\u00e9m de alguns jogos da FC S\u00e9ries. No dia 15 de janeiro, o Tricolor enfrenta o Cruzeiro em Orlando, e no dia 19 joga em Fort Lauderdale, contra a equipe do Flamengo. <\/p>\n\n\n\n<p>O primeiro treino da equipe aconteceu na manh\u00e3 da \u00faltima quinta-feira (9) na academia do hotel em que o clube est\u00e1 hospedado. Luis Zubeld\u00eda inicialmente dividiu os jogadores em dois grupos e depois o elenco realizou algumas atividades no gramado do complexo da ESPN World Wid na parte da tarde. <\/p>\n\n\n\n<p>Na temporada de 2025, o S\u00e3o Paulo entrar\u00e1 em campo pelo Campeonato Paulista, pelo Campeonato Brasileiro, pela Copa do Brasil e tamb\u00e9m pela Copa Libertadores. <\/p>\n","protected":false},"excerpt":{"rendered":"<p>Tricolor n\u00e3o conta com dois atletas nos Estados Unidos O S\u00e3o Paulo realiza sua pr\u00e9-temporada nos Estados Unidos, mas nesse momento n\u00e3o conta com dois atletas: Dami\u00e1n Bobadilla e Enzo D\u00edaz. A tend\u00eancia \u00e9 de que a dupla se re\u00fana com o grupo muito em breve para fazer parte de toda prepara\u00e7\u00e3o. O S\u00e3o Paulo [&hellip;]<\/p>\n","protected":false},"author":21,"featured_media":154451,"comment_status":"open","ping_status":"closed","sticky":false,"template":"","format":"standard","meta":{"footnotes":""},"categories":[151],"tags":[],"class_list":["post-211033","post","type-post","status-publish","format-standard","has-post-thumbnail","hentry","category-sao-paulo"],"yoast_head":"<!-- This site is optimized with the Yoast SEO Premium plugin v24.2 (Yoast SEO v26.9) - https:\/\/yoast.com\/product\/yoast-seo-premium-wordpress\/ -->\n<title>S\u00e3o Paulo tem dois desfalques na pr\u00e9-temporada<\/title>\n<meta name=\"robots\" content=\"index, follow, max-snippet:-1, max-image-preview:large, max-video-preview:-1\" \/>\n<link rel=\"canonical\" href=\"https:\/\/www.gaveanews.com\/index.php\/2025\/01\/11\/sao-paulo-tem-dois-desfalques-na-pre-temporada\/\" \/>\n<meta property=\"og:locale\" content=\"pt_BR\" \/>\n<meta property=\"og:type\" content=\"article\" \/>\n<meta property=\"og:title\" content=\"S\u00e3o Paulo tem dois desfalques na pr\u00e9-temporada\" \/>\n<meta property=\"og:description\" content=\"Tricolor n\u00e3o conta com dois atletas nos Estados Unidos O S\u00e3o Paulo realiza sua pr\u00e9-temporada nos Estados Unidos, mas nesse momento n\u00e3o conta com dois atletas: Dami\u00e1n Bobadilla e Enzo D\u00edaz. A tend\u00eancia \u00e9 de que a dupla se re\u00fana com o grupo muito em breve para fazer parte de toda prepara\u00e7\u00e3o. O S\u00e3o Paulo [&hellip;]\" \/>\n<meta property=\"og:url\" content=\"https:\/\/www.gaveanews.com\/index.php\/2025\/01\/11\/sao-paulo-tem-dois-desfalques-na-pre-temporada\/\" \/>\n<meta property=\"og:site_name\" content=\"G\u00e1vea News\" \/>\n<meta property=\"article:publisher\" content=\"https:\/\/facebook.com\/gaveaNews\/\" \/>\n<meta property=\"article:published_time\" content=\"2025-01-11T03:05:00+00:00\" \/>\n<meta property=\"og:image\" content=\"https:\/\/www.gaveanews.com\/wp-content\/uploads\/Escudo-do-Sao-Paulo.webp\" \/>\n\t<meta property=\"og:image:width\" content=\"977\" \/>\n\t<meta property=\"og:image:height\" content=\"651\" \/>\n\t<meta property=\"og:image:type\" content=\"image\/webp\" \/>\n<meta name=\"author\" content=\"Andr\u00e9 Serra\" \/>\n<meta name=\"twitter:card\" content=\"summary_large_image\" \/>\n<meta name=\"twitter:label1\" content=\"Escrito por\" \/>\n\t<meta name=\"twitter:data1\" content=\"Andr\u00e9 Serra\" \/>\n\t<meta name=\"twitter:label2\" content=\"Est. tempo de leitura\" \/>\n\t<meta name=\"twitter:data2\" content=\"2 minutos\" \/>\n<script type=\"application\/ld+json\" class=\"yoast-schema-graph\">{\"@context\":\"https:\/\/schema.org\",\"@graph\":[{\"@type\":\"NewsArticle\",\"@id\":\"https:\/\/www.gaveanews.com\/index.php\/2025\/01\/11\/sao-paulo-tem-dois-desfalques-na-pre-temporada\/#article\",\"isPartOf\":{\"@id\":\"https:\/\/www.gaveanews.com\/index.php\/2025\/01\/11\/sao-paulo-tem-dois-desfalques-na-pre-temporada\/\"},\"author\":{\"name\":\"Andr\u00e9 Serra\",\"@id\":\"https:\/\/www.gaveanews.com\/#\/schema\/person\/0277a79a1289c451c281ec0411d84f0c\"},\"headline\":\"S\u00e3o Paulo tem dois desfalques na pr\u00e9-temporada\",\"datePublished\":\"2025-01-11T03:05:00+00:00\",\"mainEntityOfPage\":{\"@id\":\"https:\/\/www.gaveanews.com\/index.php\/2025\/01\/11\/sao-paulo-tem-dois-desfalques-na-pre-temporada\/\"},\"wordCount\":357,\"commentCount\":0,\"image\":{\"@id\":\"https:\/\/www.gaveanews.com\/index.php\/2025\/01\/11\/sao-paulo-tem-dois-desfalques-na-pre-temporada\/#primaryimage\"},\"thumbnailUrl\":\"https:\/\/www.gaveanews.com\/wp-content\/uploads\/Escudo-do-Sao-Paulo.webp\",\"articleSection\":[\"S\u00e3o Paulo\"],\"inLanguage\":\"pt-BR\",\"potentialAction\":[{\"@type\":\"CommentAction\",\"name\":\"Comment\",\"target\":[\"https:\/\/www.gaveanews.com\/index.php\/2025\/01\/11\/sao-paulo-tem-dois-desfalques-na-pre-temporada\/#respond\"]}],\"copyrightYear\":\"2025\",\"copyrightHolder\":{\"@id\":\"https:\/\/www.gaveanews.com\/#organization\"}},{\"@type\":\"WebPage\",\"@id\":\"https:\/\/www.gaveanews.com\/index.php\/2025\/01\/11\/sao-paulo-tem-dois-desfalques-na-pre-temporada\/\",\"url\":\"https:\/\/www.gaveanews.com\/index.php\/2025\/01\/11\/sao-paulo-tem-dois-desfalques-na-pre-temporada\/\",\"name\":\"S\u00e3o Paulo tem dois desfalques na pr\u00e9-temporada\",\"isPartOf\":{\"@id\":\"https:\/\/www.gaveanews.com\/#website\"},\"primaryImageOfPage\":{\"@id\":\"https:\/\/www.gaveanews.com\/index.php\/2025\/01\/11\/sao-paulo-tem-dois-desfalques-na-pre-temporada\/#primaryimage\"},\"image\":{\"@id\":\"https:\/\/www.gaveanews.com\/index.php\/2025\/01\/11\/sao-paulo-tem-dois-desfalques-na-pre-temporada\/#primaryimage\"},\"thumbnailUrl\":\"https:\/\/www.gaveanews.com\/wp-content\/uploads\/Escudo-do-Sao-Paulo.webp\",\"datePublished\":\"2025-01-11T03:05:00+00:00\",\"author\":{\"@id\":\"https:\/\/www.gaveanews.com\/#\/schema\/person\/0277a79a1289c451c281ec0411d84f0c\"},\"breadcrumb\":{\"@id\":\"https:\/\/www.gaveanews.com\/index.php\/2025\/01\/11\/sao-paulo-tem-dois-desfalques-na-pre-temporada\/#breadcrumb\"},\"inLanguage\":\"pt-BR\",\"potentialAction\":[{\"@type\":\"ReadAction\",\"target\":[\"https:\/\/www.gaveanews.com\/index.php\/2025\/01\/11\/sao-paulo-tem-dois-desfalques-na-pre-temporada\/\"]}]},{\"@type\":\"ImageObject\",\"inLanguage\":\"pt-BR\",\"@id\":\"https:\/\/www.gaveanews.com\/index.php\/2025\/01\/11\/sao-paulo-tem-dois-desfalques-na-pre-temporada\/#primaryimage\",\"url\":\"https:\/\/www.gaveanews.com\/wp-content\/uploads\/Escudo-do-Sao-Paulo.webp\",\"contentUrl\":\"https:\/\/www.gaveanews.com\/wp-content\/uploads\/Escudo-do-Sao-Paulo.webp\",\"width\":977,\"height\":651,\"caption\":\"Escudo do S\u00e3o Paulo (Foto: Reprodu\u00e7\u00e3o\/S\u00e3o Paulo)\"},{\"@type\":\"BreadcrumbList\",\"@id\":\"https:\/\/www.gaveanews.com\/index.php\/2025\/01\/11\/sao-paulo-tem-dois-desfalques-na-pre-temporada\/#breadcrumb\",\"itemListElement\":[{\"@type\":\"ListItem\",\"position\":1,\"name\":\"Home\",\"item\":\"https:\/\/www.gaveanews.com\/\"},{\"@type\":\"ListItem\",\"position\":2,\"name\":\"S\u00e3o Paulo tem dois desfalques na pr\u00e9-temporada\"}]},{\"@type\":\"WebSite\",\"@id\":\"https:\/\/www.gaveanews.com\/#website\",\"url\":\"https:\/\/www.gaveanews.com\/\",\"name\":\"G\u00e1vea News\",\"description\":\"Veja todas as not\u00edcias sobre o Flamengo: Contrata\u00e7\u00f5es, categorias de base, resultados das partidas, tabela de classifica\u00e7\u00e3o, pr\u00f3ximos jogos!\",\"potentialAction\":[{\"@type\":\"SearchAction\",\"target\":{\"@type\":\"EntryPoint\",\"urlTemplate\":\"https:\/\/www.gaveanews.com\/?s={search_term_string}\"},\"query-input\":{\"@type\":\"PropertyValueSpecification\",\"valueRequired\":true,\"valueName\":\"search_term_string\"}}],\"inLanguage\":\"pt-BR\"},{\"@type\":\"Person\",\"@id\":\"https:\/\/www.gaveanews.com\/#\/schema\/person\/0277a79a1289c451c281ec0411d84f0c\",\"name\":\"Andr\u00e9 Serra\",\"image\":{\"@type\":\"ImageObject\",\"inLanguage\":\"pt-BR\",\"@id\":\"https:\/\/www.gaveanews.com\/#\/schema\/person\/image\/\",\"url\":\"https:\/\/secure.gravatar.com\/avatar\/d7231369fe48db93292b3e88eb2162dbd9a34a47a8437d9ef3bcaca2a86a83d7?s=96&d=mm&r=g\",\"contentUrl\":\"https:\/\/secure.gravatar.com\/avatar\/d7231369fe48db93292b3e88eb2162dbd9a34a47a8437d9ef3bcaca2a86a83d7?s=96&d=mm&r=g\",\"caption\":\"Andr\u00e9 Serra\"}}]}<\/script>\n<!-- \/ Yoast SEO Premium plugin. -->","yoast_head_json":{"title":"S\u00e3o Paulo tem dois desfalques na pr\u00e9-temporada","robots":{"index":"index","follow":"follow","max-snippet":"max-snippet:-1","max-image-preview":"max-image-preview:large","max-video-preview":"max-video-preview:-1"},"canonical":"https:\/\/www.gaveanews.com\/index.php\/2025\/01\/11\/sao-paulo-tem-dois-desfalques-na-pre-temporada\/","og_locale":"pt_BR","og_type":"article","og_title":"S\u00e3o Paulo tem dois desfalques na pr\u00e9-temporada","og_description":"Tricolor n\u00e3o conta com dois atletas nos Estados Unidos O S\u00e3o Paulo realiza sua pr\u00e9-temporada nos Estados Unidos, mas nesse momento n\u00e3o conta com dois atletas: Dami\u00e1n Bobadilla e Enzo D\u00edaz. A tend\u00eancia \u00e9 de que a dupla se re\u00fana com o grupo muito em breve para fazer parte de toda prepara\u00e7\u00e3o. O S\u00e3o Paulo [&hellip;]","og_url":"https:\/\/www.gaveanews.com\/index.php\/2025\/01\/11\/sao-paulo-tem-dois-desfalques-na-pre-temporada\/","og_site_name":"G\u00e1vea News","article_publisher":"https:\/\/facebook.com\/gaveaNews\/","article_published_time":"2025-01-11T03:05:00+00:00","og_image":[{"width":977,"height":651,"url":"https:\/\/www.gaveanews.com\/wp-content\/uploads\/Escudo-do-Sao-Paulo.webp","type":"image\/webp"}],"author":"Andr\u00e9 Serra","twitter_card":"summary_large_image","twitter_misc":{"Escrito por":"Andr\u00e9 Serra","Est. tempo de leitura":"2 minutos"},"schema":{"@context":"https:\/\/schema.org","@graph":[{"@type":"NewsArticle","@id":"https:\/\/www.gaveanews.com\/index.php\/2025\/01\/11\/sao-paulo-tem-dois-desfalques-na-pre-temporada\/#article","isPartOf":{"@id":"https:\/\/www.gaveanews.com\/index.php\/2025\/01\/11\/sao-paulo-tem-dois-desfalques-na-pre-temporada\/"},"author":{"name":"Andr\u00e9 Serra","@id":"https:\/\/www.gaveanews.com\/#\/schema\/person\/0277a79a1289c451c281ec0411d84f0c"},"headline":"S\u00e3o Paulo tem dois desfalques na pr\u00e9-temporada","datePublished":"2025-01-11T03:05:00+00:00","mainEntityOfPage":{"@id":"https:\/\/www.gaveanews.com\/index.php\/2025\/01\/11\/sao-paulo-tem-dois-desfalques-na-pre-temporada\/"},"wordCount":357,"commentCount":0,"image":{"@id":"https:\/\/www.gaveanews.com\/index.php\/2025\/01\/11\/sao-paulo-tem-dois-desfalques-na-pre-temporada\/#primaryimage"},"thumbnailUrl":"https:\/\/www.gaveanews.com\/wp-content\/uploads\/Escudo-do-Sao-Paulo.webp","articleSection":["S\u00e3o Paulo"],"inLanguage":"pt-BR","potentialAction":[{"@type":"CommentAction","name":"Comment","target":["https:\/\/www.gaveanews.com\/index.php\/2025\/01\/11\/sao-paulo-tem-dois-desfalques-na-pre-temporada\/#respond"]}],"copyrightYear":"2025","copyrightHolder":{"@id":"https:\/\/www.gaveanews.com\/#organization"}},{"@type":"WebPage","@id":"https:\/\/www.gaveanews.com\/index.php\/2025\/01\/11\/sao-paulo-tem-dois-desfalques-na-pre-temporada\/","url":"https:\/\/www.gaveanews.com\/index.php\/2025\/01\/11\/sao-paulo-tem-dois-desfalques-na-pre-temporada\/","name":"S\u00e3o Paulo tem dois desfalques na pr\u00e9-temporada","isPartOf":{"@id":"https:\/\/www.gaveanews.com\/#website"},"primaryImageOfPage":{"@id":"https:\/\/www.gaveanews.com\/index.php\/2025\/01\/11\/sao-paulo-tem-dois-desfalques-na-pre-temporada\/#primaryimage"},"image":{"@id":"https:\/\/www.gaveanews.com\/index.php\/2025\/01\/11\/sao-paulo-tem-dois-desfalques-na-pre-temporada\/#primaryimage"},"thumbnailUrl":"https:\/\/www.gaveanews.com\/wp-content\/uploads\/Escudo-do-Sao-Paulo.webp","datePublished":"2025-01-11T03:05:00+00:00","author":{"@id":"https:\/\/www.gaveanews.com\/#\/schema\/person\/0277a79a1289c451c281ec0411d84f0c"},"breadcrumb":{"@id":"https:\/\/www.gaveanews.com\/index.php\/2025\/01\/11\/sao-paulo-tem-dois-desfalques-na-pre-temporada\/#breadcrumb"},"inLanguage":"pt-BR","potentialAction":[{"@type":"ReadAction","target":["https:\/\/www.gaveanews.com\/index.php\/2025\/01\/11\/sao-paulo-tem-dois-desfalques-na-pre-temporada\/"]}]},{"@type":"ImageObject","inLanguage":"pt-BR","@id":"https:\/\/www.gaveanews.com\/index.php\/2025\/01\/11\/sao-paulo-tem-dois-desfalques-na-pre-temporada\/#primaryimage","url":"https:\/\/www.gaveanews.com\/wp-content\/uploads\/Escudo-do-Sao-Paulo.webp","contentUrl":"https:\/\/www.gaveanews.com\/wp-content\/uploads\/Escudo-do-Sao-Paulo.webp","width":977,"height":651,"caption":"Escudo do S\u00e3o Paulo (Foto: Reprodu\u00e7\u00e3o\/S\u00e3o Paulo)"},{"@type":"BreadcrumbList","@id":"https:\/\/www.gaveanews.com\/index.php\/2025\/01\/11\/sao-paulo-tem-dois-desfalques-na-pre-temporada\/#breadcrumb","itemListElement":[{"@type":"ListItem","position":1,"name":"Home","item":"https:\/\/www.gaveanews.com\/"},{"@type":"ListItem","position":2,"name":"S\u00e3o Paulo tem dois desfalques na pr\u00e9-temporada"}]},{"@type":"WebSite","@id":"https:\/\/www.gaveanews.com\/#website","url":"https:\/\/www.gaveanews.com\/","name":"G\u00e1vea News","description":"Veja todas as not\u00edcias sobre o Flamengo: Contrata\u00e7\u00f5es, categorias de base, resultados das partidas, tabela de classifica\u00e7\u00e3o, pr\u00f3ximos jogos!","potentialAction":[{"@type":"SearchAction","target":{"@type":"EntryPoint","urlTemplate":"https:\/\/www.gaveanews.com\/?s={search_term_string}"},"query-input":{"@type":"PropertyValueSpecification","valueRequired":true,"valueName":"search_term_string"}}],"inLanguage":"pt-BR"},{"@type":"Person","@id":"https:\/\/www.gaveanews.com\/#\/schema\/person\/0277a79a1289c451c281ec0411d84f0c","name":"Andr\u00e9 Serra","image":{"@type":"ImageObject","inLanguage":"pt-BR","@id":"https:\/\/www.gaveanews.com\/#\/schema\/person\/image\/","url":"https:\/\/secure.gravatar.com\/avatar\/d7231369fe48db93292b3e88eb2162dbd9a34a47a8437d9ef3bcaca2a86a83d7?s=96&d=mm&r=g","contentUrl":"https:\/\/secure.gravatar.com\/avatar\/d7231369fe48db93292b3e88eb2162dbd9a34a47a8437d9ef3bcaca2a86a83d7?s=96&d=mm&r=g","caption":"Andr\u00e9 Serra"}}]}},"_links":{"self":[{"href":"https:\/\/www.gaveanews.com\/index.php\/wp-json\/wp\/v2\/posts\/211033","targetHints":{"allow":["GET"]}}],"collection":[{"href":"https:\/\/www.gaveanews.com\/index.php\/wp-json\/wp\/v2\/posts"}],"about":[{"href":"https:\/\/www.gaveanews.com\/index.php\/wp-json\/wp\/v2\/types\/post"}],"author":[{"embeddable":true,"href":"https:\/\/www.gaveanews.com\/index.php\/wp-json\/wp\/v2\/users\/21"}],"replies":[{"embeddable":true,"href":"https:\/\/www.gaveanews.com\/index.php\/wp-json\/wp\/v2\/comments?post=211033"}],"version-history":[{"count":1,"href":"https:\/\/www.gaveanews.com\/index.php\/wp-json\/wp\/v2\/posts\/211033\/revisions"}],"predecessor-version":[{"id":211052,"href":"https:\/\/www.gaveanews.com\/index.php\/wp-json\/wp\/v2\/posts\/211033\/revisions\/211052"}],"wp:featuredmedia":[{"embeddable":true,"href":"https:\/\/www.gaveanews.com\/index.php\/wp-json\/wp\/v2\/media\/154451"}],"wp:attachment":[{"href":"https:\/\/www.gaveanews.com\/index.php\/wp-json\/wp\/v2\/media?parent=211033"}],"wp:term":[{"taxonomy":"category","embeddable":true,"href":"https:\/\/www.gaveanews.com\/index.php\/wp-json\/wp\/v2\/categories?post=211033"},{"taxonomy":"post_tag","embeddable":true,"href":"https:\/\/www.gaveanews.com\/index.php\/wp-json\/wp\/v2\/tags?post=211033"}],"curies":[{"name":"wp","href":"https:\/\/api.w.org\/{rel}","templated":true}]}}