{"id":211100,"date":"2025-01-10T20:42:05","date_gmt":"2025-01-10T23:42:05","guid":{"rendered":"https:\/\/www.gaveanews.com\/?p=211100"},"modified":"2025-01-10T20:50:23","modified_gmt":"2025-01-10T23:50:23","slug":"flamengo-emite-nota-oficial-sobre-fabricio-bruno-2","status":"publish","type":"post","link":"https:\/\/www.gaveanews.com\/index.php\/2025\/01\/10\/flamengo-emite-nota-oficial-sobre-fabricio-bruno-2\/","title":{"rendered":"Flamengo emite nota oficial sobre Fabr\u00edcio Bruno"},"content":{"rendered":"\n<p>Nesta sexta-feira (10), o Flamengo emitiu um comunicado e confirmou a negocia\u00e7\u00e3o do zagueiro Fabr\u00edcio Bruno com o Cruzeiro. O defensor j\u00e1 havia sido liberado para realizar exames m\u00e9dicos com a Raposa, e as tratativas foram conclu\u00eddas.<\/p>\n\n\n\n<ul class=\"wp-block-list\">\n<li><a href=\"https:\/\/www.gaveanews.com\/index.php\/2025\/01\/10\/ele-trocou-o-flamengo-pelo-corinthians\/\">Ele trocou o Flamengo pelo Corinthians<\/a><\/li>\n\n\n\n<li><a href=\"https:\/\/www.gaveanews.com\/index.php\/2025\/01\/10\/negociacao-de-fabricio-bruno-mercado-de-transferencias-e-declaracao-de-osvaldo-pascal-as-ultimas-noticias-do-flamengo\/\">Negocia\u00e7\u00e3o de Fabr\u00edcio Bruno, mercado de transfer\u00eancias e declara\u00e7\u00e3o de Osvaldo Pascal: as \u00faltimas not\u00edcias do Flamengo<\/a><\/li>\n<\/ul>\n\n\n\n<h2 class=\"wp-block-heading\" id=\"h-veja-a-nota-do-clube\">Veja a nota do clube<\/h2>\n\n\n\n<p>&#8220;O Clube de Regatas do Flamengo informa que concluiu o processo de transfer\u00eancia do zagueiro Fabr\u00edcio Bruno para o Cruzeiro. A negocia\u00e7\u00e3o foi finalizada mediante o pagamento \u00e0 vista por parte da equipe mineira.<\/p>\n\n\n\n<p>Fabr\u00edcio Bruno, que chegou ao Flamengo em 2022, defendeu o clube em 150 jogos e contribuiu para a conquista da Libertadores daquele ano, al\u00e9m de dois t\u00edtulos da Copa do Brasil (2022 e 2024). O Clube de Regatas do Flamengo deseja sucesso ao atleta Fabr\u00edcio Bruno na sequ\u00eancia de sua carreira&#8221;.<\/p>\n\n\n\n<h2 class=\"wp-block-heading\" id=\"h-a-negociacao-entre-as-partes\">A negocia\u00e7\u00e3o entre as partes<\/h2>\n\n\n\n<p>Flamengo e Cruzeiro entraram em acordo e acertaram a negocia\u00e7\u00e3o em 7 milh\u00f5es de euros, R$ 45 milh\u00f5es na cota\u00e7\u00e3o atual. As tratativas entre os clubes duraram cerca de um m\u00eas at\u00e9 serem conclu\u00eddas.<\/p>\n\n\n\n<p>A Raposa far\u00e1 o pagamento \u00e0 vista para o Rubro-Negro, e assinar\u00e1 com o defensor por quatro temporadas. Fabr\u00edcio Bruno faz as malas e se prepara para se apresentar ao Cruzeiro. O zagueiro vai integrar o elenco que far\u00e1 a pr\u00e9-temporada nos Estados Unidos, para a disputa do torneio FC Series. <\/p>\n\n\n\n<p>Antes de se acertar com o Flamengo, o Cruzeiro j\u00e1 tinha o &#8216;ok&#8217; de Fabr\u00edcio Bruno para prosseguir com a negocia\u00e7\u00e3o. O zagueiro estaria insatisfeito com a perda de espa\u00e7o no Rubro-Negro, e gostou do desafio de viver novos ares no clube mineiro. Vale ressaltar que o defensor fez as categorias de base justamente na Raposa.<\/p>\n\n\n\n<p>Agora, com o acerto de Fabr\u00edcio Bruno, o Cruzeiro contrata dois ex-jogadores do Flamengo, visto que Gabigol tamb\u00e9m trocou o Rubro-Negro pela Raposa. O atacante, inclusive, foi extremamente bem recebido pela torcida e j\u00e1 iniciou a pr\u00e9-temporada com o t\u00e9cnico Fernando Diniz. <\/p>\n","protected":false},"excerpt":{"rendered":"<p>Nesta sexta-feira (10), o Flamengo emitiu um comunicado e confirmou a negocia\u00e7\u00e3o do zagueiro Fabr\u00edcio Bruno com o Cruzeiro. O defensor j\u00e1 havia sido liberado para realizar exames m\u00e9dicos com a Raposa, e as tratativas foram conclu\u00eddas. Veja a nota do clube &#8220;O Clube de Regatas do Flamengo informa que concluiu o processo de transfer\u00eancia [&hellip;]<\/p>\n","protected":false},"author":18,"featured_media":168968,"comment_status":"open","ping_status":"closed","sticky":false,"template":"","format":"standard","meta":{"footnotes":""},"categories":[143,1],"tags":[],"class_list":["post-211100","post","type-post","status-publish","format-standard","has-post-thumbnail","hentry","category-cruzeiro","category-flamengo"],"yoast_head":"<!-- This site is optimized with the Yoast SEO Premium plugin v24.2 (Yoast SEO v26.9) - https:\/\/yoast.com\/product\/yoast-seo-premium-wordpress\/ -->\n<title>Flamengo emite nota oficial sobre Fabr\u00edcio Bruno<\/title>\n<meta name=\"robots\" content=\"index, follow, max-snippet:-1, max-image-preview:large, max-video-preview:-1\" \/>\n<link rel=\"canonical\" href=\"https:\/\/www.gaveanews.com\/index.php\/2025\/01\/10\/flamengo-emite-nota-oficial-sobre-fabricio-bruno-2\/\" \/>\n<meta property=\"og:locale\" content=\"pt_BR\" \/>\n<meta property=\"og:type\" content=\"article\" \/>\n<meta property=\"og:title\" content=\"Flamengo emite nota oficial sobre Fabr\u00edcio Bruno\" \/>\n<meta property=\"og:description\" content=\"Nesta sexta-feira (10), o Flamengo emitiu um comunicado e confirmou a negocia\u00e7\u00e3o do zagueiro Fabr\u00edcio Bruno com o Cruzeiro. O defensor j\u00e1 havia sido liberado para realizar exames m\u00e9dicos com a Raposa, e as tratativas foram conclu\u00eddas. Veja a nota do clube &#8220;O Clube de Regatas do Flamengo informa que concluiu o processo de transfer\u00eancia [&hellip;]\" \/>\n<meta property=\"og:url\" content=\"https:\/\/www.gaveanews.com\/index.php\/2025\/01\/10\/flamengo-emite-nota-oficial-sobre-fabricio-bruno-2\/\" \/>\n<meta property=\"og:site_name\" content=\"G\u00e1vea News\" \/>\n<meta property=\"article:publisher\" content=\"https:\/\/facebook.com\/gaveaNews\/\" \/>\n<meta property=\"article:published_time\" content=\"2025-01-10T23:42:05+00:00\" \/>\n<meta property=\"article:modified_time\" content=\"2025-01-10T23:50:23+00:00\" \/>\n<meta property=\"og:image\" content=\"https:\/\/www.gaveanews.com\/wp-content\/uploads\/Fabricio-Bruno-em-acao-pelo-Flamengo.webp\" \/>\n\t<meta property=\"og:image:width\" content=\"1170\" \/>\n\t<meta property=\"og:image:height\" content=\"646\" \/>\n\t<meta property=\"og:image:type\" content=\"image\/jpeg\" \/>\n<meta name=\"author\" content=\"Paula Silva\" \/>\n<meta name=\"twitter:card\" content=\"summary_large_image\" \/>\n<meta name=\"twitter:label1\" content=\"Escrito por\" \/>\n\t<meta name=\"twitter:data1\" content=\"Paula Silva\" \/>\n\t<meta name=\"twitter:label2\" content=\"Est. tempo de leitura\" \/>\n\t<meta name=\"twitter:data2\" content=\"3 minutos\" \/>\n<script type=\"application\/ld+json\" class=\"yoast-schema-graph\">{\"@context\":\"https:\/\/schema.org\",\"@graph\":[{\"@type\":\"NewsArticle\",\"@id\":\"https:\/\/www.gaveanews.com\/index.php\/2025\/01\/10\/flamengo-emite-nota-oficial-sobre-fabricio-bruno-2\/#article\",\"isPartOf\":{\"@id\":\"https:\/\/www.gaveanews.com\/index.php\/2025\/01\/10\/flamengo-emite-nota-oficial-sobre-fabricio-bruno-2\/\"},\"author\":{\"name\":\"Paula Silva\",\"@id\":\"https:\/\/www.gaveanews.com\/#\/schema\/person\/daf63eec72e1164eb13dc35096c2b8da\"},\"headline\":\"Flamengo emite nota oficial sobre Fabr\u00edcio Bruno\",\"datePublished\":\"2025-01-10T23:42:05+00:00\",\"dateModified\":\"2025-01-10T23:50:23+00:00\",\"mainEntityOfPage\":{\"@id\":\"https:\/\/www.gaveanews.com\/index.php\/2025\/01\/10\/flamengo-emite-nota-oficial-sobre-fabricio-bruno-2\/\"},\"wordCount\":370,\"commentCount\":0,\"image\":{\"@id\":\"https:\/\/www.gaveanews.com\/index.php\/2025\/01\/10\/flamengo-emite-nota-oficial-sobre-fabricio-bruno-2\/#primaryimage\"},\"thumbnailUrl\":\"https:\/\/www.gaveanews.com\/wp-content\/uploads\/Fabricio-Bruno-em-acao-pelo-Flamengo.webp\",\"articleSection\":[\"Cruzeiro\",\"Flamengo\"],\"inLanguage\":\"pt-BR\",\"potentialAction\":[{\"@type\":\"CommentAction\",\"name\":\"Comment\",\"target\":[\"https:\/\/www.gaveanews.com\/index.php\/2025\/01\/10\/flamengo-emite-nota-oficial-sobre-fabricio-bruno-2\/#respond\"]}],\"copyrightYear\":\"2025\",\"copyrightHolder\":{\"@id\":\"https:\/\/www.gaveanews.com\/#organization\"}},{\"@type\":\"WebPage\",\"@id\":\"https:\/\/www.gaveanews.com\/index.php\/2025\/01\/10\/flamengo-emite-nota-oficial-sobre-fabricio-bruno-2\/\",\"url\":\"https:\/\/www.gaveanews.com\/index.php\/2025\/01\/10\/flamengo-emite-nota-oficial-sobre-fabricio-bruno-2\/\",\"name\":\"Flamengo emite nota oficial sobre Fabr\u00edcio Bruno\",\"isPartOf\":{\"@id\":\"https:\/\/www.gaveanews.com\/#website\"},\"primaryImageOfPage\":{\"@id\":\"https:\/\/www.gaveanews.com\/index.php\/2025\/01\/10\/flamengo-emite-nota-oficial-sobre-fabricio-bruno-2\/#primaryimage\"},\"image\":{\"@id\":\"https:\/\/www.gaveanews.com\/index.php\/2025\/01\/10\/flamengo-emite-nota-oficial-sobre-fabricio-bruno-2\/#primaryimage\"},\"thumbnailUrl\":\"https:\/\/www.gaveanews.com\/wp-content\/uploads\/Fabricio-Bruno-em-acao-pelo-Flamengo.webp\",\"datePublished\":\"2025-01-10T23:42:05+00:00\",\"dateModified\":\"2025-01-10T23:50:23+00:00\",\"author\":{\"@id\":\"https:\/\/www.gaveanews.com\/#\/schema\/person\/daf63eec72e1164eb13dc35096c2b8da\"},\"breadcrumb\":{\"@id\":\"https:\/\/www.gaveanews.com\/index.php\/2025\/01\/10\/flamengo-emite-nota-oficial-sobre-fabricio-bruno-2\/#breadcrumb\"},\"inLanguage\":\"pt-BR\",\"potentialAction\":[{\"@type\":\"ReadAction\",\"target\":[\"https:\/\/www.gaveanews.com\/index.php\/2025\/01\/10\/flamengo-emite-nota-oficial-sobre-fabricio-bruno-2\/\"]}]},{\"@type\":\"ImageObject\",\"inLanguage\":\"pt-BR\",\"@id\":\"https:\/\/www.gaveanews.com\/index.php\/2025\/01\/10\/flamengo-emite-nota-oficial-sobre-fabricio-bruno-2\/#primaryimage\",\"url\":\"https:\/\/www.gaveanews.com\/wp-content\/uploads\/Fabricio-Bruno-em-acao-pelo-Flamengo.webp\",\"contentUrl\":\"https:\/\/www.gaveanews.com\/wp-content\/uploads\/Fabricio-Bruno-em-acao-pelo-Flamengo.webp\",\"width\":1170,\"height\":646,\"caption\":\"Fabr\u00edcio Bruno em a\u00e7\u00e3o pelo Flamengo (Foto: Reprodu\u00e7\u00e3o\/Instagram)\"},{\"@type\":\"BreadcrumbList\",\"@id\":\"https:\/\/www.gaveanews.com\/index.php\/2025\/01\/10\/flamengo-emite-nota-oficial-sobre-fabricio-bruno-2\/#breadcrumb\",\"itemListElement\":[{\"@type\":\"ListItem\",\"position\":1,\"name\":\"Home\",\"item\":\"https:\/\/www.gaveanews.com\/\"},{\"@type\":\"ListItem\",\"position\":2,\"name\":\"Flamengo emite nota oficial sobre Fabr\u00edcio Bruno\"}]},{\"@type\":\"WebSite\",\"@id\":\"https:\/\/www.gaveanews.com\/#website\",\"url\":\"https:\/\/www.gaveanews.com\/\",\"name\":\"G\u00e1vea News\",\"description\":\"Veja todas as not\u00edcias sobre o Flamengo: Contrata\u00e7\u00f5es, categorias de base, resultados das partidas, tabela de classifica\u00e7\u00e3o, pr\u00f3ximos jogos!\",\"potentialAction\":[{\"@type\":\"SearchAction\",\"target\":{\"@type\":\"EntryPoint\",\"urlTemplate\":\"https:\/\/www.gaveanews.com\/?s={search_term_string}\"},\"query-input\":{\"@type\":\"PropertyValueSpecification\",\"valueRequired\":true,\"valueName\":\"search_term_string\"}}],\"inLanguage\":\"pt-BR\"},{\"@type\":\"Person\",\"@id\":\"https:\/\/www.gaveanews.com\/#\/schema\/person\/daf63eec72e1164eb13dc35096c2b8da\",\"name\":\"Paula Silva\",\"image\":{\"@type\":\"ImageObject\",\"inLanguage\":\"pt-BR\",\"@id\":\"https:\/\/www.gaveanews.com\/#\/schema\/person\/image\/\",\"url\":\"https:\/\/secure.gravatar.com\/avatar\/eda381c845527cc5d64c13b901833cda29d97500ba040d3e6461f76f51d163bb?s=96&d=mm&r=g\",\"contentUrl\":\"https:\/\/secure.gravatar.com\/avatar\/eda381c845527cc5d64c13b901833cda29d97500ba040d3e6461f76f51d163bb?s=96&d=mm&r=g\",\"caption\":\"Paula Silva\"}}]}<\/script>\n<!-- \/ Yoast SEO Premium plugin. -->","yoast_head_json":{"title":"Flamengo emite nota oficial sobre Fabr\u00edcio Bruno","robots":{"index":"index","follow":"follow","max-snippet":"max-snippet:-1","max-image-preview":"max-image-preview:large","max-video-preview":"max-video-preview:-1"},"canonical":"https:\/\/www.gaveanews.com\/index.php\/2025\/01\/10\/flamengo-emite-nota-oficial-sobre-fabricio-bruno-2\/","og_locale":"pt_BR","og_type":"article","og_title":"Flamengo emite nota oficial sobre Fabr\u00edcio Bruno","og_description":"Nesta sexta-feira (10), o Flamengo emitiu um comunicado e confirmou a negocia\u00e7\u00e3o do zagueiro Fabr\u00edcio Bruno com o Cruzeiro. O defensor j\u00e1 havia sido liberado para realizar exames m\u00e9dicos com a Raposa, e as tratativas foram conclu\u00eddas. Veja a nota do clube &#8220;O Clube de Regatas do Flamengo informa que concluiu o processo de transfer\u00eancia [&hellip;]","og_url":"https:\/\/www.gaveanews.com\/index.php\/2025\/01\/10\/flamengo-emite-nota-oficial-sobre-fabricio-bruno-2\/","og_site_name":"G\u00e1vea News","article_publisher":"https:\/\/facebook.com\/gaveaNews\/","article_published_time":"2025-01-10T23:42:05+00:00","article_modified_time":"2025-01-10T23:50:23+00:00","og_image":[{"width":1170,"height":646,"url":"https:\/\/www.gaveanews.com\/wp-content\/uploads\/Fabricio-Bruno-em-acao-pelo-Flamengo.webp","type":"image\/jpeg"}],"author":"Paula Silva","twitter_card":"summary_large_image","twitter_misc":{"Escrito por":"Paula Silva","Est. tempo de leitura":"3 minutos"},"schema":{"@context":"https:\/\/schema.org","@graph":[{"@type":"NewsArticle","@id":"https:\/\/www.gaveanews.com\/index.php\/2025\/01\/10\/flamengo-emite-nota-oficial-sobre-fabricio-bruno-2\/#article","isPartOf":{"@id":"https:\/\/www.gaveanews.com\/index.php\/2025\/01\/10\/flamengo-emite-nota-oficial-sobre-fabricio-bruno-2\/"},"author":{"name":"Paula Silva","@id":"https:\/\/www.gaveanews.com\/#\/schema\/person\/daf63eec72e1164eb13dc35096c2b8da"},"headline":"Flamengo emite nota oficial sobre Fabr\u00edcio Bruno","datePublished":"2025-01-10T23:42:05+00:00","dateModified":"2025-01-10T23:50:23+00:00","mainEntityOfPage":{"@id":"https:\/\/www.gaveanews.com\/index.php\/2025\/01\/10\/flamengo-emite-nota-oficial-sobre-fabricio-bruno-2\/"},"wordCount":370,"commentCount":0,"image":{"@id":"https:\/\/www.gaveanews.com\/index.php\/2025\/01\/10\/flamengo-emite-nota-oficial-sobre-fabricio-bruno-2\/#primaryimage"},"thumbnailUrl":"https:\/\/www.gaveanews.com\/wp-content\/uploads\/Fabricio-Bruno-em-acao-pelo-Flamengo.webp","articleSection":["Cruzeiro","Flamengo"],"inLanguage":"pt-BR","potentialAction":[{"@type":"CommentAction","name":"Comment","target":["https:\/\/www.gaveanews.com\/index.php\/2025\/01\/10\/flamengo-emite-nota-oficial-sobre-fabricio-bruno-2\/#respond"]}],"copyrightYear":"2025","copyrightHolder":{"@id":"https:\/\/www.gaveanews.com\/#organization"}},{"@type":"WebPage","@id":"https:\/\/www.gaveanews.com\/index.php\/2025\/01\/10\/flamengo-emite-nota-oficial-sobre-fabricio-bruno-2\/","url":"https:\/\/www.gaveanews.com\/index.php\/2025\/01\/10\/flamengo-emite-nota-oficial-sobre-fabricio-bruno-2\/","name":"Flamengo emite nota oficial sobre Fabr\u00edcio Bruno","isPartOf":{"@id":"https:\/\/www.gaveanews.com\/#website"},"primaryImageOfPage":{"@id":"https:\/\/www.gaveanews.com\/index.php\/2025\/01\/10\/flamengo-emite-nota-oficial-sobre-fabricio-bruno-2\/#primaryimage"},"image":{"@id":"https:\/\/www.gaveanews.com\/index.php\/2025\/01\/10\/flamengo-emite-nota-oficial-sobre-fabricio-bruno-2\/#primaryimage"},"thumbnailUrl":"https:\/\/www.gaveanews.com\/wp-content\/uploads\/Fabricio-Bruno-em-acao-pelo-Flamengo.webp","datePublished":"2025-01-10T23:42:05+00:00","dateModified":"2025-01-10T23:50:23+00:00","author":{"@id":"https:\/\/www.gaveanews.com\/#\/schema\/person\/daf63eec72e1164eb13dc35096c2b8da"},"breadcrumb":{"@id":"https:\/\/www.gaveanews.com\/index.php\/2025\/01\/10\/flamengo-emite-nota-oficial-sobre-fabricio-bruno-2\/#breadcrumb"},"inLanguage":"pt-BR","potentialAction":[{"@type":"ReadAction","target":["https:\/\/www.gaveanews.com\/index.php\/2025\/01\/10\/flamengo-emite-nota-oficial-sobre-fabricio-bruno-2\/"]}]},{"@type":"ImageObject","inLanguage":"pt-BR","@id":"https:\/\/www.gaveanews.com\/index.php\/2025\/01\/10\/flamengo-emite-nota-oficial-sobre-fabricio-bruno-2\/#primaryimage","url":"https:\/\/www.gaveanews.com\/wp-content\/uploads\/Fabricio-Bruno-em-acao-pelo-Flamengo.webp","contentUrl":"https:\/\/www.gaveanews.com\/wp-content\/uploads\/Fabricio-Bruno-em-acao-pelo-Flamengo.webp","width":1170,"height":646,"caption":"Fabr\u00edcio Bruno em a\u00e7\u00e3o pelo Flamengo (Foto: Reprodu\u00e7\u00e3o\/Instagram)"},{"@type":"BreadcrumbList","@id":"https:\/\/www.gaveanews.com\/index.php\/2025\/01\/10\/flamengo-emite-nota-oficial-sobre-fabricio-bruno-2\/#breadcrumb","itemListElement":[{"@type":"ListItem","position":1,"name":"Home","item":"https:\/\/www.gaveanews.com\/"},{"@type":"ListItem","position":2,"name":"Flamengo emite nota oficial sobre Fabr\u00edcio Bruno"}]},{"@type":"WebSite","@id":"https:\/\/www.gaveanews.com\/#website","url":"https:\/\/www.gaveanews.com\/","name":"G\u00e1vea News","description":"Veja todas as not\u00edcias sobre o Flamengo: Contrata\u00e7\u00f5es, categorias de base, resultados das partidas, tabela de classifica\u00e7\u00e3o, pr\u00f3ximos jogos!","potentialAction":[{"@type":"SearchAction","target":{"@type":"EntryPoint","urlTemplate":"https:\/\/www.gaveanews.com\/?s={search_term_string}"},"query-input":{"@type":"PropertyValueSpecification","valueRequired":true,"valueName":"search_term_string"}}],"inLanguage":"pt-BR"},{"@type":"Person","@id":"https:\/\/www.gaveanews.com\/#\/schema\/person\/daf63eec72e1164eb13dc35096c2b8da","name":"Paula Silva","image":{"@type":"ImageObject","inLanguage":"pt-BR","@id":"https:\/\/www.gaveanews.com\/#\/schema\/person\/image\/","url":"https:\/\/secure.gravatar.com\/avatar\/eda381c845527cc5d64c13b901833cda29d97500ba040d3e6461f76f51d163bb?s=96&d=mm&r=g","contentUrl":"https:\/\/secure.gravatar.com\/avatar\/eda381c845527cc5d64c13b901833cda29d97500ba040d3e6461f76f51d163bb?s=96&d=mm&r=g","caption":"Paula Silva"}}]}},"_links":{"self":[{"href":"https:\/\/www.gaveanews.com\/index.php\/wp-json\/wp\/v2\/posts\/211100","targetHints":{"allow":["GET"]}}],"collection":[{"href":"https:\/\/www.gaveanews.com\/index.php\/wp-json\/wp\/v2\/posts"}],"about":[{"href":"https:\/\/www.gaveanews.com\/index.php\/wp-json\/wp\/v2\/types\/post"}],"author":[{"embeddable":true,"href":"https:\/\/www.gaveanews.com\/index.php\/wp-json\/wp\/v2\/users\/18"}],"replies":[{"embeddable":true,"href":"https:\/\/www.gaveanews.com\/index.php\/wp-json\/wp\/v2\/comments?post=211100"}],"version-history":[{"count":3,"href":"https:\/\/www.gaveanews.com\/index.php\/wp-json\/wp\/v2\/posts\/211100\/revisions"}],"predecessor-version":[{"id":215533,"href":"https:\/\/www.gaveanews.com\/index.php\/wp-json\/wp\/v2\/posts\/211100\/revisions\/215533"}],"wp:featuredmedia":[{"embeddable":true,"href":"https:\/\/www.gaveanews.com\/index.php\/wp-json\/wp\/v2\/media\/168968"}],"wp:attachment":[{"href":"https:\/\/www.gaveanews.com\/index.php\/wp-json\/wp\/v2\/media?parent=211100"}],"wp:term":[{"taxonomy":"category","embeddable":true,"href":"https:\/\/www.gaveanews.com\/index.php\/wp-json\/wp\/v2\/categories?post=211100"},{"taxonomy":"post_tag","embeddable":true,"href":"https:\/\/www.gaveanews.com\/index.php\/wp-json\/wp\/v2\/tags?post=211100"}],"curies":[{"name":"wp","href":"https:\/\/api.w.org\/{rel}","templated":true}]}}