{"id":211201,"date":"2025-01-11T17:40:00","date_gmt":"2025-01-11T20:40:00","guid":{"rendered":"https:\/\/www.gaveanews.com\/?p=211201"},"modified":"2025-01-11T16:47:41","modified_gmt":"2025-01-11T19:47:41","slug":"com-aval-de-carille-zagueiro-vai-deixar-o-vasco","status":"publish","type":"post","link":"https:\/\/www.gaveanews.com\/index.php\/2025\/01\/11\/com-aval-de-carille-zagueiro-vai-deixar-o-vasco\/","title":{"rendered":"Com aval de Carille, zagueiro vai deixar o Vasco"},"content":{"rendered":"\n<p>A reformula\u00e7\u00e3o do sistema defensivo vasca\u00edno continua sendo uma das prioridades da diretoria nesta intertemporada. Depois de encaminhar a sa\u00edda de pelo menos tr\u00eas zagueiros, o departamento de futebol tem a inten\u00e7\u00e3o de se livrar de um quarto. Manuel Capasso n\u00e3o est\u00e1 nos planos do t\u00e9cnico F\u00e1bio Carille e deve ser negociado nesta janela de transfer\u00eancias.<\/p>\n\n\n\n<ul class=\"wp-block-list\">\n<li><a href=\"https:\/\/www.gaveanews.com\/index.php\/2025\/01\/10\/lucas-pedrosa-atualiza-situacao-de-adson-do-vasco\/\">Lucas Pedrosa atualiza situa\u00e7\u00e3o de Adson, do Vasco<\/a><\/li>\n\n\n\n<li><a href=\"https:\/\/www.gaveanews.com\/index.php\/2025\/01\/10\/nova-iguacu-x-vasco-a-escalacao-escolhida-por-ramon-lima\/\">Nova Igua\u00e7u x Vasco: a escala\u00e7\u00e3o escolhida por Ramon Lima<\/a><\/li>\n<\/ul>\n\n\n\n<p>Um dos principais alvos de cr\u00edticas da torcida cruz-maltina em 2024 foi a zaga. Os principais defensores do elenco, em algum momento, sofreram cr\u00edticas. Por isso, todos eles j\u00e1 deixaram S\u00e3o Janu\u00e1rio ainda em janeiro.<\/p>\n\n\n\n<p>O paraguaio Robert Rojas estava emprestado pelo River Plate, da Argentina, e foi devolvido. L\u00e9o, talvez o mais criticado, foi negociado com o Athletico Paranaense. O Furac\u00e3o pagou cerca de 9 milh\u00f5es de reais para adquirir os direitos econ\u00f4micos dele. Maicon \u00e9 outro que rumou ao sul do pa\u00eds. Ele foi emprestado ao Coritiba e j\u00e1 foi anunciado como novo refor\u00e7o do Coxa na \u00faltima quinta-feira (9\/1).<\/p>\n\n\n\n<p>Com tantas movimenta\u00e7\u00f5es, outro atleta que est\u00e1 prestes a sair do Cruz-Maltino \u00e9 o argentino Manuel Capasso. Ele foi contratado no come\u00e7o de 2023, mas n\u00e3o correspondeu e foi emprestado para o Ol\u00edmpia, do Paraguai. Mesmo tendo ajudado a equipe a ser campe\u00e3 nacional, acumulando boas atua\u00e7\u00f5es, ele n\u00e3o est\u00e1 nos planos do treinador F\u00e1bio Carille.<\/p>\n\n\n\n<p>Assim, o clube se apressa para vend\u00ea-lo ainda nesta janela de transfer\u00eancias. Ele tem v\u00ednculo apenas at\u00e9 o fim de 2025 e poderia assinar um pr\u00e9-contrato com qualquer time em junho. Portanto, para n\u00e3o ter preju\u00edzo financeiro a expectativa \u00e9 negoci\u00e1-lo. O Ol\u00edmpia tinha interesse em mant\u00ea-lo, mas n\u00e3o acertou as bases com o Gigante da Colina.<\/p>\n\n\n\n<p>Com a libera\u00e7\u00e3o de tantos jogadores, o plantel vasca\u00edno ficou desabastecido. Jo\u00e3o Victor \u00e9 o \u00fanico remanescente da \u00faltima temporada, junto dos garotos das categorias de base Lucas Eduardo e Lyncon. Como pe\u00e7as de reposi\u00e7\u00e3o, o Vasco da Gama j\u00e1 anunciou Lucas Oliveira, ex-Cruzeiro, e est\u00e1 perto de anunciar Lucas Freitas, que pertencia ao Palmeiras. Ambos chegam em definitivo.<\/p>\n\n\n\n<p>Enquanto isso, a diretoria tem bem encaminhada a chegada do uruguaio Mauricio Lemos, que estava no Atl\u00e9tico-MG. Ainda, procurou informa\u00e7\u00f5es sobre o palmeirense Murilo, mas segundo o jornalista Lucas Pedrosa a contrata\u00e7\u00e3o dele \u00e9 considerada dif\u00edcil.<\/p>\n","protected":false},"excerpt":{"rendered":"<p>A reformula\u00e7\u00e3o do sistema defensivo vasca\u00edno continua sendo uma das prioridades da diretoria nesta intertemporada. Depois de encaminhar a sa\u00edda de pelo menos tr\u00eas zagueiros, o departamento de futebol tem a inten\u00e7\u00e3o de se livrar de um quarto. Manuel Capasso n\u00e3o est\u00e1 nos planos do t\u00e9cnico F\u00e1bio Carille e deve ser negociado nesta janela de [&hellip;]<\/p>\n","protected":false},"author":29,"featured_media":147443,"comment_status":"open","ping_status":"closed","sticky":false,"template":"","format":"standard","meta":{"footnotes":""},"categories":[152],"tags":[],"class_list":["post-211201","post","type-post","status-publish","format-standard","has-post-thumbnail","hentry","category-vasco"],"yoast_head":"<!-- This site is optimized with the Yoast SEO Premium plugin v24.2 (Yoast SEO v26.9) - https:\/\/yoast.com\/product\/yoast-seo-premium-wordpress\/ -->\n<title>Com aval de Carille, zagueiro vai deixar o Vasco<\/title>\n<meta name=\"robots\" content=\"index, follow, max-snippet:-1, max-image-preview:large, max-video-preview:-1\" \/>\n<link rel=\"canonical\" href=\"https:\/\/www.gaveanews.com\/index.php\/2025\/01\/11\/com-aval-de-carille-zagueiro-vai-deixar-o-vasco\/\" \/>\n<meta property=\"og:locale\" content=\"pt_BR\" \/>\n<meta property=\"og:type\" content=\"article\" \/>\n<meta property=\"og:title\" content=\"Com aval de Carille, zagueiro vai deixar o Vasco\" \/>\n<meta property=\"og:description\" content=\"A reformula\u00e7\u00e3o do sistema defensivo vasca\u00edno continua sendo uma das prioridades da diretoria nesta intertemporada. Depois de encaminhar a sa\u00edda de pelo menos tr\u00eas zagueiros, o departamento de futebol tem a inten\u00e7\u00e3o de se livrar de um quarto. Manuel Capasso n\u00e3o est\u00e1 nos planos do t\u00e9cnico F\u00e1bio Carille e deve ser negociado nesta janela de [&hellip;]\" \/>\n<meta property=\"og:url\" content=\"https:\/\/www.gaveanews.com\/index.php\/2025\/01\/11\/com-aval-de-carille-zagueiro-vai-deixar-o-vasco\/\" \/>\n<meta property=\"og:site_name\" content=\"G\u00e1vea News\" \/>\n<meta property=\"article:publisher\" content=\"https:\/\/facebook.com\/gaveaNews\/\" \/>\n<meta property=\"article:published_time\" content=\"2025-01-11T20:40:00+00:00\" \/>\n<meta property=\"og:image\" content=\"https:\/\/www.gaveanews.com\/wp-content\/uploads\/Camisa-do-Vasco-da-Gama.webp\" \/>\n\t<meta property=\"og:image:width\" content=\"1440\" \/>\n\t<meta property=\"og:image:height\" content=\"960\" \/>\n\t<meta property=\"og:image:type\" content=\"image\/jpeg\" \/>\n<meta name=\"author\" content=\"Marco Menezes\" \/>\n<meta name=\"twitter:card\" content=\"summary_large_image\" \/>\n<meta name=\"twitter:label1\" content=\"Escrito por\" \/>\n\t<meta name=\"twitter:data1\" content=\"Marco Menezes\" \/>\n\t<meta name=\"twitter:label2\" content=\"Est. tempo de leitura\" \/>\n\t<meta name=\"twitter:data2\" content=\"3 minutos\" \/>\n<script type=\"application\/ld+json\" class=\"yoast-schema-graph\">{\"@context\":\"https:\/\/schema.org\",\"@graph\":[{\"@type\":\"NewsArticle\",\"@id\":\"https:\/\/www.gaveanews.com\/index.php\/2025\/01\/11\/com-aval-de-carille-zagueiro-vai-deixar-o-vasco\/#article\",\"isPartOf\":{\"@id\":\"https:\/\/www.gaveanews.com\/index.php\/2025\/01\/11\/com-aval-de-carille-zagueiro-vai-deixar-o-vasco\/\"},\"author\":{\"name\":\"Marco Menezes\",\"@id\":\"https:\/\/www.gaveanews.com\/#\/schema\/person\/a9f62fe75380c6bada1b2fc49bc23d69\"},\"headline\":\"Com aval de Carille, zagueiro vai deixar o Vasco\",\"datePublished\":\"2025-01-11T20:40:00+00:00\",\"mainEntityOfPage\":{\"@id\":\"https:\/\/www.gaveanews.com\/index.php\/2025\/01\/11\/com-aval-de-carille-zagueiro-vai-deixar-o-vasco\/\"},\"wordCount\":431,\"commentCount\":0,\"image\":{\"@id\":\"https:\/\/www.gaveanews.com\/index.php\/2025\/01\/11\/com-aval-de-carille-zagueiro-vai-deixar-o-vasco\/#primaryimage\"},\"thumbnailUrl\":\"https:\/\/www.gaveanews.com\/wp-content\/uploads\/Camisa-do-Vasco-da-Gama.webp\",\"articleSection\":[\"Vasco\"],\"inLanguage\":\"pt-BR\",\"potentialAction\":[{\"@type\":\"CommentAction\",\"name\":\"Comment\",\"target\":[\"https:\/\/www.gaveanews.com\/index.php\/2025\/01\/11\/com-aval-de-carille-zagueiro-vai-deixar-o-vasco\/#respond\"]}],\"copyrightYear\":\"2025\",\"copyrightHolder\":{\"@id\":\"https:\/\/www.gaveanews.com\/#organization\"}},{\"@type\":\"WebPage\",\"@id\":\"https:\/\/www.gaveanews.com\/index.php\/2025\/01\/11\/com-aval-de-carille-zagueiro-vai-deixar-o-vasco\/\",\"url\":\"https:\/\/www.gaveanews.com\/index.php\/2025\/01\/11\/com-aval-de-carille-zagueiro-vai-deixar-o-vasco\/\",\"name\":\"Com aval de Carille, zagueiro vai deixar o Vasco\",\"isPartOf\":{\"@id\":\"https:\/\/www.gaveanews.com\/#website\"},\"primaryImageOfPage\":{\"@id\":\"https:\/\/www.gaveanews.com\/index.php\/2025\/01\/11\/com-aval-de-carille-zagueiro-vai-deixar-o-vasco\/#primaryimage\"},\"image\":{\"@id\":\"https:\/\/www.gaveanews.com\/index.php\/2025\/01\/11\/com-aval-de-carille-zagueiro-vai-deixar-o-vasco\/#primaryimage\"},\"thumbnailUrl\":\"https:\/\/www.gaveanews.com\/wp-content\/uploads\/Camisa-do-Vasco-da-Gama.webp\",\"datePublished\":\"2025-01-11T20:40:00+00:00\",\"author\":{\"@id\":\"https:\/\/www.gaveanews.com\/#\/schema\/person\/a9f62fe75380c6bada1b2fc49bc23d69\"},\"breadcrumb\":{\"@id\":\"https:\/\/www.gaveanews.com\/index.php\/2025\/01\/11\/com-aval-de-carille-zagueiro-vai-deixar-o-vasco\/#breadcrumb\"},\"inLanguage\":\"pt-BR\",\"potentialAction\":[{\"@type\":\"ReadAction\",\"target\":[\"https:\/\/www.gaveanews.com\/index.php\/2025\/01\/11\/com-aval-de-carille-zagueiro-vai-deixar-o-vasco\/\"]}]},{\"@type\":\"ImageObject\",\"inLanguage\":\"pt-BR\",\"@id\":\"https:\/\/www.gaveanews.com\/index.php\/2025\/01\/11\/com-aval-de-carille-zagueiro-vai-deixar-o-vasco\/#primaryimage\",\"url\":\"https:\/\/www.gaveanews.com\/wp-content\/uploads\/Camisa-do-Vasco-da-Gama.webp\",\"contentUrl\":\"https:\/\/www.gaveanews.com\/wp-content\/uploads\/Camisa-do-Vasco-da-Gama.webp\",\"width\":1440,\"height\":960,\"caption\":\"Camisa do Vasco da Gama (Foto: Reprodu\u00e7\u00e3o\/Instagram)\"},{\"@type\":\"BreadcrumbList\",\"@id\":\"https:\/\/www.gaveanews.com\/index.php\/2025\/01\/11\/com-aval-de-carille-zagueiro-vai-deixar-o-vasco\/#breadcrumb\",\"itemListElement\":[{\"@type\":\"ListItem\",\"position\":1,\"name\":\"Home\",\"item\":\"https:\/\/www.gaveanews.com\/\"},{\"@type\":\"ListItem\",\"position\":2,\"name\":\"Com aval de Carille, zagueiro vai deixar o Vasco\"}]},{\"@type\":\"WebSite\",\"@id\":\"https:\/\/www.gaveanews.com\/#website\",\"url\":\"https:\/\/www.gaveanews.com\/\",\"name\":\"G\u00e1vea News\",\"description\":\"Veja todas as not\u00edcias sobre o Flamengo: Contrata\u00e7\u00f5es, categorias de base, resultados das partidas, tabela de classifica\u00e7\u00e3o, pr\u00f3ximos jogos!\",\"potentialAction\":[{\"@type\":\"SearchAction\",\"target\":{\"@type\":\"EntryPoint\",\"urlTemplate\":\"https:\/\/www.gaveanews.com\/?s={search_term_string}\"},\"query-input\":{\"@type\":\"PropertyValueSpecification\",\"valueRequired\":true,\"valueName\":\"search_term_string\"}}],\"inLanguage\":\"pt-BR\"},{\"@type\":\"Person\",\"@id\":\"https:\/\/www.gaveanews.com\/#\/schema\/person\/a9f62fe75380c6bada1b2fc49bc23d69\",\"name\":\"Marco Menezes\",\"image\":{\"@type\":\"ImageObject\",\"inLanguage\":\"pt-BR\",\"@id\":\"https:\/\/www.gaveanews.com\/#\/schema\/person\/image\/\",\"url\":\"https:\/\/secure.gravatar.com\/avatar\/a1d148ae17fc8bfc5dbccffd07979e8bd2c9ba494221779de86ec2c7907b71ec?s=96&d=mm&r=g\",\"contentUrl\":\"https:\/\/secure.gravatar.com\/avatar\/a1d148ae17fc8bfc5dbccffd07979e8bd2c9ba494221779de86ec2c7907b71ec?s=96&d=mm&r=g\",\"caption\":\"Marco Menezes\"}}]}<\/script>\n<!-- \/ Yoast SEO Premium plugin. -->","yoast_head_json":{"title":"Com aval de Carille, zagueiro vai deixar o Vasco","robots":{"index":"index","follow":"follow","max-snippet":"max-snippet:-1","max-image-preview":"max-image-preview:large","max-video-preview":"max-video-preview:-1"},"canonical":"https:\/\/www.gaveanews.com\/index.php\/2025\/01\/11\/com-aval-de-carille-zagueiro-vai-deixar-o-vasco\/","og_locale":"pt_BR","og_type":"article","og_title":"Com aval de Carille, zagueiro vai deixar o Vasco","og_description":"A reformula\u00e7\u00e3o do sistema defensivo vasca\u00edno continua sendo uma das prioridades da diretoria nesta intertemporada. Depois de encaminhar a sa\u00edda de pelo menos tr\u00eas zagueiros, o departamento de futebol tem a inten\u00e7\u00e3o de se livrar de um quarto. Manuel Capasso n\u00e3o est\u00e1 nos planos do t\u00e9cnico F\u00e1bio Carille e deve ser negociado nesta janela de [&hellip;]","og_url":"https:\/\/www.gaveanews.com\/index.php\/2025\/01\/11\/com-aval-de-carille-zagueiro-vai-deixar-o-vasco\/","og_site_name":"G\u00e1vea News","article_publisher":"https:\/\/facebook.com\/gaveaNews\/","article_published_time":"2025-01-11T20:40:00+00:00","og_image":[{"width":1440,"height":960,"url":"https:\/\/www.gaveanews.com\/wp-content\/uploads\/Camisa-do-Vasco-da-Gama.webp","type":"image\/jpeg"}],"author":"Marco Menezes","twitter_card":"summary_large_image","twitter_misc":{"Escrito por":"Marco Menezes","Est. tempo de leitura":"3 minutos"},"schema":{"@context":"https:\/\/schema.org","@graph":[{"@type":"NewsArticle","@id":"https:\/\/www.gaveanews.com\/index.php\/2025\/01\/11\/com-aval-de-carille-zagueiro-vai-deixar-o-vasco\/#article","isPartOf":{"@id":"https:\/\/www.gaveanews.com\/index.php\/2025\/01\/11\/com-aval-de-carille-zagueiro-vai-deixar-o-vasco\/"},"author":{"name":"Marco Menezes","@id":"https:\/\/www.gaveanews.com\/#\/schema\/person\/a9f62fe75380c6bada1b2fc49bc23d69"},"headline":"Com aval de Carille, zagueiro vai deixar o Vasco","datePublished":"2025-01-11T20:40:00+00:00","mainEntityOfPage":{"@id":"https:\/\/www.gaveanews.com\/index.php\/2025\/01\/11\/com-aval-de-carille-zagueiro-vai-deixar-o-vasco\/"},"wordCount":431,"commentCount":0,"image":{"@id":"https:\/\/www.gaveanews.com\/index.php\/2025\/01\/11\/com-aval-de-carille-zagueiro-vai-deixar-o-vasco\/#primaryimage"},"thumbnailUrl":"https:\/\/www.gaveanews.com\/wp-content\/uploads\/Camisa-do-Vasco-da-Gama.webp","articleSection":["Vasco"],"inLanguage":"pt-BR","potentialAction":[{"@type":"CommentAction","name":"Comment","target":["https:\/\/www.gaveanews.com\/index.php\/2025\/01\/11\/com-aval-de-carille-zagueiro-vai-deixar-o-vasco\/#respond"]}],"copyrightYear":"2025","copyrightHolder":{"@id":"https:\/\/www.gaveanews.com\/#organization"}},{"@type":"WebPage","@id":"https:\/\/www.gaveanews.com\/index.php\/2025\/01\/11\/com-aval-de-carille-zagueiro-vai-deixar-o-vasco\/","url":"https:\/\/www.gaveanews.com\/index.php\/2025\/01\/11\/com-aval-de-carille-zagueiro-vai-deixar-o-vasco\/","name":"Com aval de Carille, zagueiro vai deixar o Vasco","isPartOf":{"@id":"https:\/\/www.gaveanews.com\/#website"},"primaryImageOfPage":{"@id":"https:\/\/www.gaveanews.com\/index.php\/2025\/01\/11\/com-aval-de-carille-zagueiro-vai-deixar-o-vasco\/#primaryimage"},"image":{"@id":"https:\/\/www.gaveanews.com\/index.php\/2025\/01\/11\/com-aval-de-carille-zagueiro-vai-deixar-o-vasco\/#primaryimage"},"thumbnailUrl":"https:\/\/www.gaveanews.com\/wp-content\/uploads\/Camisa-do-Vasco-da-Gama.webp","datePublished":"2025-01-11T20:40:00+00:00","author":{"@id":"https:\/\/www.gaveanews.com\/#\/schema\/person\/a9f62fe75380c6bada1b2fc49bc23d69"},"breadcrumb":{"@id":"https:\/\/www.gaveanews.com\/index.php\/2025\/01\/11\/com-aval-de-carille-zagueiro-vai-deixar-o-vasco\/#breadcrumb"},"inLanguage":"pt-BR","potentialAction":[{"@type":"ReadAction","target":["https:\/\/www.gaveanews.com\/index.php\/2025\/01\/11\/com-aval-de-carille-zagueiro-vai-deixar-o-vasco\/"]}]},{"@type":"ImageObject","inLanguage":"pt-BR","@id":"https:\/\/www.gaveanews.com\/index.php\/2025\/01\/11\/com-aval-de-carille-zagueiro-vai-deixar-o-vasco\/#primaryimage","url":"https:\/\/www.gaveanews.com\/wp-content\/uploads\/Camisa-do-Vasco-da-Gama.webp","contentUrl":"https:\/\/www.gaveanews.com\/wp-content\/uploads\/Camisa-do-Vasco-da-Gama.webp","width":1440,"height":960,"caption":"Camisa do Vasco da Gama (Foto: Reprodu\u00e7\u00e3o\/Instagram)"},{"@type":"BreadcrumbList","@id":"https:\/\/www.gaveanews.com\/index.php\/2025\/01\/11\/com-aval-de-carille-zagueiro-vai-deixar-o-vasco\/#breadcrumb","itemListElement":[{"@type":"ListItem","position":1,"name":"Home","item":"https:\/\/www.gaveanews.com\/"},{"@type":"ListItem","position":2,"name":"Com aval de Carille, zagueiro vai deixar o Vasco"}]},{"@type":"WebSite","@id":"https:\/\/www.gaveanews.com\/#website","url":"https:\/\/www.gaveanews.com\/","name":"G\u00e1vea News","description":"Veja todas as not\u00edcias sobre o Flamengo: Contrata\u00e7\u00f5es, categorias de base, resultados das partidas, tabela de classifica\u00e7\u00e3o, pr\u00f3ximos jogos!","potentialAction":[{"@type":"SearchAction","target":{"@type":"EntryPoint","urlTemplate":"https:\/\/www.gaveanews.com\/?s={search_term_string}"},"query-input":{"@type":"PropertyValueSpecification","valueRequired":true,"valueName":"search_term_string"}}],"inLanguage":"pt-BR"},{"@type":"Person","@id":"https:\/\/www.gaveanews.com\/#\/schema\/person\/a9f62fe75380c6bada1b2fc49bc23d69","name":"Marco Menezes","image":{"@type":"ImageObject","inLanguage":"pt-BR","@id":"https:\/\/www.gaveanews.com\/#\/schema\/person\/image\/","url":"https:\/\/secure.gravatar.com\/avatar\/a1d148ae17fc8bfc5dbccffd07979e8bd2c9ba494221779de86ec2c7907b71ec?s=96&d=mm&r=g","contentUrl":"https:\/\/secure.gravatar.com\/avatar\/a1d148ae17fc8bfc5dbccffd07979e8bd2c9ba494221779de86ec2c7907b71ec?s=96&d=mm&r=g","caption":"Marco Menezes"}}]}},"_links":{"self":[{"href":"https:\/\/www.gaveanews.com\/index.php\/wp-json\/wp\/v2\/posts\/211201","targetHints":{"allow":["GET"]}}],"collection":[{"href":"https:\/\/www.gaveanews.com\/index.php\/wp-json\/wp\/v2\/posts"}],"about":[{"href":"https:\/\/www.gaveanews.com\/index.php\/wp-json\/wp\/v2\/types\/post"}],"author":[{"embeddable":true,"href":"https:\/\/www.gaveanews.com\/index.php\/wp-json\/wp\/v2\/users\/29"}],"replies":[{"embeddable":true,"href":"https:\/\/www.gaveanews.com\/index.php\/wp-json\/wp\/v2\/comments?post=211201"}],"version-history":[{"count":1,"href":"https:\/\/www.gaveanews.com\/index.php\/wp-json\/wp\/v2\/posts\/211201\/revisions"}],"predecessor-version":[{"id":211202,"href":"https:\/\/www.gaveanews.com\/index.php\/wp-json\/wp\/v2\/posts\/211201\/revisions\/211202"}],"wp:featuredmedia":[{"embeddable":true,"href":"https:\/\/www.gaveanews.com\/index.php\/wp-json\/wp\/v2\/media\/147443"}],"wp:attachment":[{"href":"https:\/\/www.gaveanews.com\/index.php\/wp-json\/wp\/v2\/media?parent=211201"}],"wp:term":[{"taxonomy":"category","embeddable":true,"href":"https:\/\/www.gaveanews.com\/index.php\/wp-json\/wp\/v2\/categories?post=211201"},{"taxonomy":"post_tag","embeddable":true,"href":"https:\/\/www.gaveanews.com\/index.php\/wp-json\/wp\/v2\/tags?post=211201"}],"curies":[{"name":"wp","href":"https:\/\/api.w.org\/{rel}","templated":true}]}}