{"id":211321,"date":"2025-01-11T20:40:00","date_gmt":"2025-01-11T23:40:00","guid":{"rendered":"https:\/\/www.gaveanews.com\/?p=211321"},"modified":"2025-01-11T17:57:59","modified_gmt":"2025-01-11T20:57:59","slug":"video-marcal-ex-botafogo-explica-confusao-sobre-atraso-nas-premiacoes","status":"publish","type":"post","link":"https:\/\/www.gaveanews.com\/index.php\/2025\/01\/11\/video-marcal-ex-botafogo-explica-confusao-sobre-atraso-nas-premiacoes\/","title":{"rendered":"V\u00eddeo: Mar\u00e7al, ex-Botafogo, explica confus\u00e3o sobre atraso nas premia\u00e7\u00f5es"},"content":{"rendered":"\n<p>A rela\u00e7\u00e3o entre o Botafogo e seus jogadores tem sido marcada por um tumultuado epis\u00f3dio envolvendo o atraso no pagamento das premia\u00e7\u00f5es pelos t\u00edtulos conquistados em 2024.&nbsp;<\/p>\n\n\n\n<ul class=\"wp-block-list\">\n<li><a href=\"https:\/\/www.gaveanews.com\/index.php\/2025\/01\/10\/atacante-rescinde-com-o-botafogo\/\">Atacante rescinde com o Botafogo<\/a><\/li>\n\n\n\n<li><a href=\"https:\/\/www.gaveanews.com\/index.php\/2025\/01\/10\/botafogo-textor-vai-realizar-seis-contratacoes\/\">Botafogo: Textor vai realizar seis contrata\u00e7\u00f5es<\/a><\/li>\n<\/ul>\n\n\n\n<p>Em entrevista ao &#8220;Charla Podcast&#8221;, Mar\u00e7al, ex-lateral do clube, se manifestou sobre a situa\u00e7\u00e3o, que gerou grandes discuss\u00f5es dentro do elenco alvinegro. O jogador de 35 anos n\u00e3o poupou cr\u00edticas \u00e0 gest\u00e3o do clube e questionou a vers\u00e3o apresentada pela dire\u00e7\u00e3o, revelando um cen\u00e1rio conturbado nos bastidores.<\/p>\n\n\n\n<h2 class=\"wp-block-heading\" id=\"h-marcal-desaprova-nota-do-botafogo-e-fala-sobre-o-envolvimento-da-diretoria\">Mar\u00e7al desaprova nota do Botafogo e fala sobre o envolvimento da diretoria<\/h2>\n\n\n\n<p>Mar\u00e7al se disse \u201cchateado\u201d com a nota divulgada pelo Botafogo na \u00faltima quinta-feira, que mencionava jogadores que, segundo a dire\u00e7\u00e3o, estariam articulando falsas informa\u00e7\u00f5es sobre os pagamentos.&nbsp;<\/p>\n\n\n\n<p>O lateral explicou que, ao deixar o clube ao final da temporada passada, estava satisfeito com sua passagem, mas a postura da diretoria gerou desconforto.&nbsp;<\/p>\n\n\n\n<p>\u201cEu fiquei chateado com essa nota. Eu sa\u00ed do Botafogo super contente com tudo que aconteceu. Ando nas ruas do Rio de Janeiro, sou parado. A galera \u00e9 muito grata e eu mais ainda&#8221;, afirmou.&nbsp;<\/p>\n\n\n\n<p>Vale destacar que Mar\u00e7al tamb\u00e9m comentou o impacto da situa\u00e7\u00e3o sobre sua fam\u00edlia, que se viu preocupada com o desdobramento do caso.O lateral deixou claro que a narrativa da nota n\u00e3o condizia com os fatos e que os jogadores n\u00e3o estavam buscando um ganho pessoal.&nbsp;<\/p>\n\n\n\n<p>&#8220;Minha mulher ficou preocupada e eu s\u00f3 quero descansar&#8221;, disse, destacando que a quest\u00e3o do pagamento das premia\u00e7\u00f5es estava longe de ser uma disputa individual, mas sim uma tentativa de resolver uma pend\u00eancia de valores.<\/p>\n\n\n\n<blockquote class=\"twitter-tweet\"><p lang=\"pt\" dir=\"ltr\">Mar\u00e7al fala sobre a situa\u00e7\u00e3o dos sal\u00e1rios e das premia\u00e7\u00f5es dos t\u00edtulos no Botafogo <br><br>\u201cMe deixou chateado\u201d <a href=\"https:\/\/t.co\/6oMUPArcWI\">pic.twitter.com\/6oMUPArcWI<\/a><\/p>&mdash; Charla Podcast (@CharlaPodcast) <a href=\"https:\/\/twitter.com\/CharlaPodcast\/status\/1877906083173249212?ref_src=twsrc%5Etfw\">January 11, 2025<\/a><\/blockquote> <script async src=\"https:\/\/platform.twitter.com\/widgets.js\" charset=\"utf-8\"><\/script>\n\n\n\n<h2 class=\"wp-block-heading\" id=\"h-a-demora-nas-premiacoes-e-a-discussao-do-valor-do-dolar\">A demora nas premia\u00e7\u00f5es e a discuss\u00e3o do valor do d\u00f3lar<\/h2>\n\n\n\n<p>Al\u00e9m disso, o atraso no pagamento das premia\u00e7\u00f5es gerou um desconforto adicional devido \u00e0 alta do d\u00f3lar. Mar\u00e7al explicou que a negocia\u00e7\u00e3o com o clube envolvia uma premia\u00e7\u00e3o baseada em uma cota\u00e7\u00e3o do d\u00f3lar de R$ 5,10, mas que com a alta da moeda, houve uma diferen\u00e7a consider\u00e1vel no valor final.&nbsp;<\/p>\n\n\n\n<p>&#8220;A Conmebol paga 23 milh\u00f5es (de d\u00f3lares) ao campe\u00e3o e voc\u00eas v\u00e3o receber uma porcentagem. A gente foi para a base do d\u00f3lar. O d\u00f3lar estava R$ 5,10 naquela altura&#8221;, contou.&nbsp;<\/p>\n\n\n\n<p>Sendo assim, o lateral pediu que a premia\u00e7\u00e3o fosse ajustada de acordo com a nova cota\u00e7\u00e3o, mas n\u00e3o obteve uma resposta satisfat\u00f3ria da diretoria. Isso gerou um impasse no grupo, j\u00e1 que alguns jogadores, como ele, buscavam uma compensa\u00e7\u00e3o justa, levando em considera\u00e7\u00e3o a altera\u00e7\u00e3o no c\u00e2mbio.\u00a0<\/p>\n\n\n\n<p>Dessa maneira, Mar\u00e7al revelou que houve um pedido de igualar os valores das premia\u00e7\u00f5es entre todos os jogadores, mas a resposta do clube ainda n\u00e3o chegou.<\/p>\n\n\n\n<h2 class=\"wp-block-heading\" id=\"h-criticas-a-postura-da-diretoria-e-o-clima-no-botafogo\">Cr\u00edticas \u00e0 postura da diretoria e o clima no Botafogo<\/h2>\n\n\n\n<p>A situa\u00e7\u00e3o n\u00e3o se limitou \u00e0 quest\u00e3o financeira. Mar\u00e7al ainda afirmou que n\u00e3o estava envolvido em qualquer &#8220;motim&#8221; e que o grupo n\u00e3o pretendia faltar aos treinos. O lateral refor\u00e7ou que o elenco estava tranquilo quanto \u00e0 situa\u00e7\u00e3o salarial, destacando que o clube ainda n\u00e3o havia quitado todos os valores devidos.&nbsp;<\/p>\n\n\n\n<p>&#8220;Estamos tranquilos. Est\u00e1 de boa. O Botafogo passou uma data e ficou postergando&#8221;, disse.<\/p>\n\n\n\n<p>Isso porque, a gest\u00e3o do Botafogo, embora tenha prometido solucionar os problemas financeiros, t\u00eam falhado em cumprir com os prazos, gerando um desgaste no relacionamento com os jogadores.<\/p>\n","protected":false},"excerpt":{"rendered":"<p>A rela\u00e7\u00e3o entre o Botafogo e seus jogadores tem sido marcada por um tumultuado epis\u00f3dio envolvendo o atraso no pagamento das premia\u00e7\u00f5es pelos t\u00edtulos conquistados em 2024.&nbsp; Em entrevista ao &#8220;Charla Podcast&#8221;, Mar\u00e7al, ex-lateral do clube, se manifestou sobre a situa\u00e7\u00e3o, que gerou grandes discuss\u00f5es dentro do elenco alvinegro. O jogador de 35 anos n\u00e3o [&hellip;]<\/p>\n","protected":false},"author":25,"featured_media":166401,"comment_status":"open","ping_status":"closed","sticky":false,"template":"","format":"standard","meta":{"footnotes":""},"categories":[138],"tags":[],"class_list":["post-211321","post","type-post","status-publish","format-standard","has-post-thumbnail","hentry","category-botafogo"],"yoast_head":"<!-- This site is optimized with the Yoast SEO Premium plugin v24.2 (Yoast SEO v26.9) - https:\/\/yoast.com\/product\/yoast-seo-premium-wordpress\/ -->\n<title>V\u00eddeo: Mar\u00e7al, ex-Botafogo, explica confus\u00e3o sobre atraso nas premia\u00e7\u00f5es<\/title>\n<meta name=\"robots\" content=\"index, follow, max-snippet:-1, max-image-preview:large, max-video-preview:-1\" \/>\n<link rel=\"canonical\" href=\"https:\/\/www.gaveanews.com\/index.php\/2025\/01\/11\/video-marcal-ex-botafogo-explica-confusao-sobre-atraso-nas-premiacoes\/\" \/>\n<meta property=\"og:locale\" content=\"pt_BR\" \/>\n<meta property=\"og:type\" content=\"article\" \/>\n<meta property=\"og:title\" content=\"V\u00eddeo: Mar\u00e7al, ex-Botafogo, explica confus\u00e3o sobre atraso nas premia\u00e7\u00f5es\" \/>\n<meta property=\"og:description\" content=\"A rela\u00e7\u00e3o entre o Botafogo e seus jogadores tem sido marcada por um tumultuado epis\u00f3dio envolvendo o atraso no pagamento das premia\u00e7\u00f5es pelos t\u00edtulos conquistados em 2024.&nbsp; Em entrevista ao &#8220;Charla Podcast&#8221;, Mar\u00e7al, ex-lateral do clube, se manifestou sobre a situa\u00e7\u00e3o, que gerou grandes discuss\u00f5es dentro do elenco alvinegro. O jogador de 35 anos n\u00e3o [&hellip;]\" \/>\n<meta property=\"og:url\" content=\"https:\/\/www.gaveanews.com\/index.php\/2025\/01\/11\/video-marcal-ex-botafogo-explica-confusao-sobre-atraso-nas-premiacoes\/\" \/>\n<meta property=\"og:site_name\" content=\"G\u00e1vea News\" \/>\n<meta property=\"article:publisher\" content=\"https:\/\/facebook.com\/gaveaNews\/\" \/>\n<meta property=\"article:published_time\" content=\"2025-01-11T23:40:00+00:00\" \/>\n<meta property=\"og:image\" content=\"https:\/\/www.gaveanews.com\/wp-content\/uploads\/Marcal-apresentado-no-Botafogo.webp\" \/>\n\t<meta property=\"og:image:width\" content=\"984\" \/>\n\t<meta property=\"og:image:height\" content=\"656\" \/>\n\t<meta property=\"og:image:type\" content=\"image\/webp\" \/>\n<meta name=\"author\" content=\"Rafaela Ladeira\" \/>\n<meta name=\"twitter:card\" content=\"summary_large_image\" \/>\n<meta name=\"twitter:label1\" content=\"Escrito por\" \/>\n\t<meta name=\"twitter:data1\" content=\"Rafaela Ladeira\" \/>\n\t<meta name=\"twitter:label2\" content=\"Est. tempo de leitura\" \/>\n\t<meta name=\"twitter:data2\" content=\"4 minutos\" \/>\n<script type=\"application\/ld+json\" class=\"yoast-schema-graph\">{\"@context\":\"https:\/\/schema.org\",\"@graph\":[{\"@type\":\"NewsArticle\",\"@id\":\"https:\/\/www.gaveanews.com\/index.php\/2025\/01\/11\/video-marcal-ex-botafogo-explica-confusao-sobre-atraso-nas-premiacoes\/#article\",\"isPartOf\":{\"@id\":\"https:\/\/www.gaveanews.com\/index.php\/2025\/01\/11\/video-marcal-ex-botafogo-explica-confusao-sobre-atraso-nas-premiacoes\/\"},\"author\":{\"name\":\"Rafaela Ladeira\",\"@id\":\"https:\/\/www.gaveanews.com\/#\/schema\/person\/0eb3e3fe1754f0205218538adbe8f5ed\"},\"headline\":\"V\u00eddeo: Mar\u00e7al, ex-Botafogo, explica confus\u00e3o sobre atraso nas premia\u00e7\u00f5es\",\"datePublished\":\"2025-01-11T23:40:00+00:00\",\"mainEntityOfPage\":{\"@id\":\"https:\/\/www.gaveanews.com\/index.php\/2025\/01\/11\/video-marcal-ex-botafogo-explica-confusao-sobre-atraso-nas-premiacoes\/\"},\"wordCount\":645,\"commentCount\":0,\"image\":{\"@id\":\"https:\/\/www.gaveanews.com\/index.php\/2025\/01\/11\/video-marcal-ex-botafogo-explica-confusao-sobre-atraso-nas-premiacoes\/#primaryimage\"},\"thumbnailUrl\":\"https:\/\/www.gaveanews.com\/wp-content\/uploads\/Marcal-apresentado-no-Botafogo.webp\",\"articleSection\":[\"Botafogo\"],\"inLanguage\":\"pt-BR\",\"potentialAction\":[{\"@type\":\"CommentAction\",\"name\":\"Comment\",\"target\":[\"https:\/\/www.gaveanews.com\/index.php\/2025\/01\/11\/video-marcal-ex-botafogo-explica-confusao-sobre-atraso-nas-premiacoes\/#respond\"]}],\"copyrightYear\":\"2025\",\"copyrightHolder\":{\"@id\":\"https:\/\/www.gaveanews.com\/#organization\"}},{\"@type\":\"WebPage\",\"@id\":\"https:\/\/www.gaveanews.com\/index.php\/2025\/01\/11\/video-marcal-ex-botafogo-explica-confusao-sobre-atraso-nas-premiacoes\/\",\"url\":\"https:\/\/www.gaveanews.com\/index.php\/2025\/01\/11\/video-marcal-ex-botafogo-explica-confusao-sobre-atraso-nas-premiacoes\/\",\"name\":\"V\u00eddeo: Mar\u00e7al, ex-Botafogo, explica confus\u00e3o sobre atraso nas premia\u00e7\u00f5es\",\"isPartOf\":{\"@id\":\"https:\/\/www.gaveanews.com\/#website\"},\"primaryImageOfPage\":{\"@id\":\"https:\/\/www.gaveanews.com\/index.php\/2025\/01\/11\/video-marcal-ex-botafogo-explica-confusao-sobre-atraso-nas-premiacoes\/#primaryimage\"},\"image\":{\"@id\":\"https:\/\/www.gaveanews.com\/index.php\/2025\/01\/11\/video-marcal-ex-botafogo-explica-confusao-sobre-atraso-nas-premiacoes\/#primaryimage\"},\"thumbnailUrl\":\"https:\/\/www.gaveanews.com\/wp-content\/uploads\/Marcal-apresentado-no-Botafogo.webp\",\"datePublished\":\"2025-01-11T23:40:00+00:00\",\"author\":{\"@id\":\"https:\/\/www.gaveanews.com\/#\/schema\/person\/0eb3e3fe1754f0205218538adbe8f5ed\"},\"breadcrumb\":{\"@id\":\"https:\/\/www.gaveanews.com\/index.php\/2025\/01\/11\/video-marcal-ex-botafogo-explica-confusao-sobre-atraso-nas-premiacoes\/#breadcrumb\"},\"inLanguage\":\"pt-BR\",\"potentialAction\":[{\"@type\":\"ReadAction\",\"target\":[\"https:\/\/www.gaveanews.com\/index.php\/2025\/01\/11\/video-marcal-ex-botafogo-explica-confusao-sobre-atraso-nas-premiacoes\/\"]}]},{\"@type\":\"ImageObject\",\"inLanguage\":\"pt-BR\",\"@id\":\"https:\/\/www.gaveanews.com\/index.php\/2025\/01\/11\/video-marcal-ex-botafogo-explica-confusao-sobre-atraso-nas-premiacoes\/#primaryimage\",\"url\":\"https:\/\/www.gaveanews.com\/wp-content\/uploads\/Marcal-apresentado-no-Botafogo.webp\",\"contentUrl\":\"https:\/\/www.gaveanews.com\/wp-content\/uploads\/Marcal-apresentado-no-Botafogo.webp\",\"width\":984,\"height\":656,\"caption\":\"Mar\u00e7al apresentado no Botafogo (Foto: Divulga\u00e7\u00e3o\/Botafogo)\"},{\"@type\":\"BreadcrumbList\",\"@id\":\"https:\/\/www.gaveanews.com\/index.php\/2025\/01\/11\/video-marcal-ex-botafogo-explica-confusao-sobre-atraso-nas-premiacoes\/#breadcrumb\",\"itemListElement\":[{\"@type\":\"ListItem\",\"position\":1,\"name\":\"Home\",\"item\":\"https:\/\/www.gaveanews.com\/\"},{\"@type\":\"ListItem\",\"position\":2,\"name\":\"V\u00eddeo: Mar\u00e7al, ex-Botafogo, explica confus\u00e3o sobre atraso nas premia\u00e7\u00f5es\"}]},{\"@type\":\"WebSite\",\"@id\":\"https:\/\/www.gaveanews.com\/#website\",\"url\":\"https:\/\/www.gaveanews.com\/\",\"name\":\"G\u00e1vea News\",\"description\":\"Veja todas as not\u00edcias sobre o Flamengo: Contrata\u00e7\u00f5es, categorias de base, resultados das partidas, tabela de classifica\u00e7\u00e3o, pr\u00f3ximos jogos!\",\"potentialAction\":[{\"@type\":\"SearchAction\",\"target\":{\"@type\":\"EntryPoint\",\"urlTemplate\":\"https:\/\/www.gaveanews.com\/?s={search_term_string}\"},\"query-input\":{\"@type\":\"PropertyValueSpecification\",\"valueRequired\":true,\"valueName\":\"search_term_string\"}}],\"inLanguage\":\"pt-BR\"},{\"@type\":\"Person\",\"@id\":\"https:\/\/www.gaveanews.com\/#\/schema\/person\/0eb3e3fe1754f0205218538adbe8f5ed\",\"name\":\"Rafaela Ladeira\",\"image\":{\"@type\":\"ImageObject\",\"inLanguage\":\"pt-BR\",\"@id\":\"https:\/\/www.gaveanews.com\/#\/schema\/person\/image\/\",\"url\":\"https:\/\/secure.gravatar.com\/avatar\/c31f513acffd85eacab5730cbdfdbbf59f21ba5aeada8cd890acea879fbb2455?s=96&d=mm&r=g\",\"contentUrl\":\"https:\/\/secure.gravatar.com\/avatar\/c31f513acffd85eacab5730cbdfdbbf59f21ba5aeada8cd890acea879fbb2455?s=96&d=mm&r=g\",\"caption\":\"Rafaela Ladeira\"}}]}<\/script>\n<!-- \/ Yoast SEO Premium plugin. -->","yoast_head_json":{"title":"V\u00eddeo: Mar\u00e7al, ex-Botafogo, explica confus\u00e3o sobre atraso nas premia\u00e7\u00f5es","robots":{"index":"index","follow":"follow","max-snippet":"max-snippet:-1","max-image-preview":"max-image-preview:large","max-video-preview":"max-video-preview:-1"},"canonical":"https:\/\/www.gaveanews.com\/index.php\/2025\/01\/11\/video-marcal-ex-botafogo-explica-confusao-sobre-atraso-nas-premiacoes\/","og_locale":"pt_BR","og_type":"article","og_title":"V\u00eddeo: Mar\u00e7al, ex-Botafogo, explica confus\u00e3o sobre atraso nas premia\u00e7\u00f5es","og_description":"A rela\u00e7\u00e3o entre o Botafogo e seus jogadores tem sido marcada por um tumultuado epis\u00f3dio envolvendo o atraso no pagamento das premia\u00e7\u00f5es pelos t\u00edtulos conquistados em 2024.&nbsp; Em entrevista ao &#8220;Charla Podcast&#8221;, Mar\u00e7al, ex-lateral do clube, se manifestou sobre a situa\u00e7\u00e3o, que gerou grandes discuss\u00f5es dentro do elenco alvinegro. O jogador de 35 anos n\u00e3o [&hellip;]","og_url":"https:\/\/www.gaveanews.com\/index.php\/2025\/01\/11\/video-marcal-ex-botafogo-explica-confusao-sobre-atraso-nas-premiacoes\/","og_site_name":"G\u00e1vea News","article_publisher":"https:\/\/facebook.com\/gaveaNews\/","article_published_time":"2025-01-11T23:40:00+00:00","og_image":[{"width":984,"height":656,"url":"https:\/\/www.gaveanews.com\/wp-content\/uploads\/Marcal-apresentado-no-Botafogo.webp","type":"image\/webp"}],"author":"Rafaela Ladeira","twitter_card":"summary_large_image","twitter_misc":{"Escrito por":"Rafaela Ladeira","Est. tempo de leitura":"4 minutos"},"schema":{"@context":"https:\/\/schema.org","@graph":[{"@type":"NewsArticle","@id":"https:\/\/www.gaveanews.com\/index.php\/2025\/01\/11\/video-marcal-ex-botafogo-explica-confusao-sobre-atraso-nas-premiacoes\/#article","isPartOf":{"@id":"https:\/\/www.gaveanews.com\/index.php\/2025\/01\/11\/video-marcal-ex-botafogo-explica-confusao-sobre-atraso-nas-premiacoes\/"},"author":{"name":"Rafaela Ladeira","@id":"https:\/\/www.gaveanews.com\/#\/schema\/person\/0eb3e3fe1754f0205218538adbe8f5ed"},"headline":"V\u00eddeo: Mar\u00e7al, ex-Botafogo, explica confus\u00e3o sobre atraso nas premia\u00e7\u00f5es","datePublished":"2025-01-11T23:40:00+00:00","mainEntityOfPage":{"@id":"https:\/\/www.gaveanews.com\/index.php\/2025\/01\/11\/video-marcal-ex-botafogo-explica-confusao-sobre-atraso-nas-premiacoes\/"},"wordCount":645,"commentCount":0,"image":{"@id":"https:\/\/www.gaveanews.com\/index.php\/2025\/01\/11\/video-marcal-ex-botafogo-explica-confusao-sobre-atraso-nas-premiacoes\/#primaryimage"},"thumbnailUrl":"https:\/\/www.gaveanews.com\/wp-content\/uploads\/Marcal-apresentado-no-Botafogo.webp","articleSection":["Botafogo"],"inLanguage":"pt-BR","potentialAction":[{"@type":"CommentAction","name":"Comment","target":["https:\/\/www.gaveanews.com\/index.php\/2025\/01\/11\/video-marcal-ex-botafogo-explica-confusao-sobre-atraso-nas-premiacoes\/#respond"]}],"copyrightYear":"2025","copyrightHolder":{"@id":"https:\/\/www.gaveanews.com\/#organization"}},{"@type":"WebPage","@id":"https:\/\/www.gaveanews.com\/index.php\/2025\/01\/11\/video-marcal-ex-botafogo-explica-confusao-sobre-atraso-nas-premiacoes\/","url":"https:\/\/www.gaveanews.com\/index.php\/2025\/01\/11\/video-marcal-ex-botafogo-explica-confusao-sobre-atraso-nas-premiacoes\/","name":"V\u00eddeo: Mar\u00e7al, ex-Botafogo, explica confus\u00e3o sobre atraso nas premia\u00e7\u00f5es","isPartOf":{"@id":"https:\/\/www.gaveanews.com\/#website"},"primaryImageOfPage":{"@id":"https:\/\/www.gaveanews.com\/index.php\/2025\/01\/11\/video-marcal-ex-botafogo-explica-confusao-sobre-atraso-nas-premiacoes\/#primaryimage"},"image":{"@id":"https:\/\/www.gaveanews.com\/index.php\/2025\/01\/11\/video-marcal-ex-botafogo-explica-confusao-sobre-atraso-nas-premiacoes\/#primaryimage"},"thumbnailUrl":"https:\/\/www.gaveanews.com\/wp-content\/uploads\/Marcal-apresentado-no-Botafogo.webp","datePublished":"2025-01-11T23:40:00+00:00","author":{"@id":"https:\/\/www.gaveanews.com\/#\/schema\/person\/0eb3e3fe1754f0205218538adbe8f5ed"},"breadcrumb":{"@id":"https:\/\/www.gaveanews.com\/index.php\/2025\/01\/11\/video-marcal-ex-botafogo-explica-confusao-sobre-atraso-nas-premiacoes\/#breadcrumb"},"inLanguage":"pt-BR","potentialAction":[{"@type":"ReadAction","target":["https:\/\/www.gaveanews.com\/index.php\/2025\/01\/11\/video-marcal-ex-botafogo-explica-confusao-sobre-atraso-nas-premiacoes\/"]}]},{"@type":"ImageObject","inLanguage":"pt-BR","@id":"https:\/\/www.gaveanews.com\/index.php\/2025\/01\/11\/video-marcal-ex-botafogo-explica-confusao-sobre-atraso-nas-premiacoes\/#primaryimage","url":"https:\/\/www.gaveanews.com\/wp-content\/uploads\/Marcal-apresentado-no-Botafogo.webp","contentUrl":"https:\/\/www.gaveanews.com\/wp-content\/uploads\/Marcal-apresentado-no-Botafogo.webp","width":984,"height":656,"caption":"Mar\u00e7al apresentado no Botafogo (Foto: Divulga\u00e7\u00e3o\/Botafogo)"},{"@type":"BreadcrumbList","@id":"https:\/\/www.gaveanews.com\/index.php\/2025\/01\/11\/video-marcal-ex-botafogo-explica-confusao-sobre-atraso-nas-premiacoes\/#breadcrumb","itemListElement":[{"@type":"ListItem","position":1,"name":"Home","item":"https:\/\/www.gaveanews.com\/"},{"@type":"ListItem","position":2,"name":"V\u00eddeo: Mar\u00e7al, ex-Botafogo, explica confus\u00e3o sobre atraso nas premia\u00e7\u00f5es"}]},{"@type":"WebSite","@id":"https:\/\/www.gaveanews.com\/#website","url":"https:\/\/www.gaveanews.com\/","name":"G\u00e1vea News","description":"Veja todas as not\u00edcias sobre o Flamengo: Contrata\u00e7\u00f5es, categorias de base, resultados das partidas, tabela de classifica\u00e7\u00e3o, pr\u00f3ximos jogos!","potentialAction":[{"@type":"SearchAction","target":{"@type":"EntryPoint","urlTemplate":"https:\/\/www.gaveanews.com\/?s={search_term_string}"},"query-input":{"@type":"PropertyValueSpecification","valueRequired":true,"valueName":"search_term_string"}}],"inLanguage":"pt-BR"},{"@type":"Person","@id":"https:\/\/www.gaveanews.com\/#\/schema\/person\/0eb3e3fe1754f0205218538adbe8f5ed","name":"Rafaela Ladeira","image":{"@type":"ImageObject","inLanguage":"pt-BR","@id":"https:\/\/www.gaveanews.com\/#\/schema\/person\/image\/","url":"https:\/\/secure.gravatar.com\/avatar\/c31f513acffd85eacab5730cbdfdbbf59f21ba5aeada8cd890acea879fbb2455?s=96&d=mm&r=g","contentUrl":"https:\/\/secure.gravatar.com\/avatar\/c31f513acffd85eacab5730cbdfdbbf59f21ba5aeada8cd890acea879fbb2455?s=96&d=mm&r=g","caption":"Rafaela Ladeira"}}]}},"_links":{"self":[{"href":"https:\/\/www.gaveanews.com\/index.php\/wp-json\/wp\/v2\/posts\/211321","targetHints":{"allow":["GET"]}}],"collection":[{"href":"https:\/\/www.gaveanews.com\/index.php\/wp-json\/wp\/v2\/posts"}],"about":[{"href":"https:\/\/www.gaveanews.com\/index.php\/wp-json\/wp\/v2\/types\/post"}],"author":[{"embeddable":true,"href":"https:\/\/www.gaveanews.com\/index.php\/wp-json\/wp\/v2\/users\/25"}],"replies":[{"embeddable":true,"href":"https:\/\/www.gaveanews.com\/index.php\/wp-json\/wp\/v2\/comments?post=211321"}],"version-history":[{"count":2,"href":"https:\/\/www.gaveanews.com\/index.php\/wp-json\/wp\/v2\/posts\/211321\/revisions"}],"predecessor-version":[{"id":211430,"href":"https:\/\/www.gaveanews.com\/index.php\/wp-json\/wp\/v2\/posts\/211321\/revisions\/211430"}],"wp:featuredmedia":[{"embeddable":true,"href":"https:\/\/www.gaveanews.com\/index.php\/wp-json\/wp\/v2\/media\/166401"}],"wp:attachment":[{"href":"https:\/\/www.gaveanews.com\/index.php\/wp-json\/wp\/v2\/media?parent=211321"}],"wp:term":[{"taxonomy":"category","embeddable":true,"href":"https:\/\/www.gaveanews.com\/index.php\/wp-json\/wp\/v2\/categories?post=211321"},{"taxonomy":"post_tag","embeddable":true,"href":"https:\/\/www.gaveanews.com\/index.php\/wp-json\/wp\/v2\/tags?post=211321"}],"curies":[{"name":"wp","href":"https:\/\/api.w.org\/{rel}","templated":true}]}}