{"id":211329,"date":"2025-01-11T20:55:00","date_gmt":"2025-01-11T23:55:00","guid":{"rendered":"https:\/\/www.gaveanews.com\/?p=211329"},"modified":"2025-01-11T17:59:14","modified_gmt":"2025-01-11T20:59:14","slug":"santos-tem-grande-ambicao-para-janela-de-transferencias","status":"publish","type":"post","link":"https:\/\/www.gaveanews.com\/index.php\/2025\/01\/11\/santos-tem-grande-ambicao-para-janela-de-transferencias\/","title":{"rendered":"Santos tem grande ambi\u00e7\u00e3o para janela de transfer\u00eancias"},"content":{"rendered":"\n<p>A janela de transfer\u00eancias do Santos promete movimentar bastante o mercado nas pr\u00f3ximas semanas. Ap\u00f3s concluir a contrata\u00e7\u00e3o de cinco refor\u00e7os, o clube alvinegro est\u00e1 determinado a ir ainda mais longe, com o objetivo de trazer at\u00e9 dez atletas para o elenco, o que indica uma reformula\u00e7\u00e3o consider\u00e1vel visando a pr\u00f3xima temporada. Al\u00e9m disso, o t\u00e9cnico Pedro Caixinha tem sido pe\u00e7a-chave nessa busca, ajudando a direcionar as escolhas da diretoria e determinando as prioridades para o time.<\/p>\n\n\n\n<ul class=\"wp-block-list\">\n<li><a href=\"https:\/\/www.gaveanews.com\/index.php\/2025\/01\/10\/pedro-caixinha-dispensa-atacante-do-santos\/\">Pedro Caixinha dispensa atacante do Santos<\/a><\/li>\n\n\n\n<li><a href=\"https:\/\/www.gaveanews.com\/index.php\/2025\/01\/10\/ex-palmeiras-e-cruzeiro-atrai-interesse-do-santos\/\">Ex-Palmeiras e Cruzeiro atrai interesse do Santos<\/a><\/li>\n<\/ul>\n\n\n\n<h2 class=\"wp-block-heading\" id=\"h-novos-nomes-e-grandes-expectativas\">Novos nomes e grandes expectativas<\/h2>\n\n\n\n<p>O Santos j\u00e1 fechou neg\u00f3cios importantes, como a chegada do centroavante Tiquinho Soares e do meia Thaciano. Tiquinho, que ser\u00e1 integrado ao time j\u00e1 no Campeonato Paulista, chega com um valor de mercado de 3 milh\u00f5es de euros e ser\u00e1 uma das pe\u00e7as centrais no ataque. <\/p>\n\n\n\n<p>A transa\u00e7\u00e3o que envolveu a venda de Jair Cunha ao Botafogo foi essencial para concretizar a negocia\u00e7\u00e3o. Vale destacar que Thaciano tamb\u00e9m foi uma adi\u00e7\u00e3o relevante, vindo do Bahia, e seu v\u00ednculo envolveu um acerto financeiro com o clube baiano.<\/p>\n\n\n\n<p>Al\u00e9m deles, o Peixe trouxe os zagueiros Luis\u00e3o e Z\u00e9 Ivaldo, e o lateral-direito L\u00e9o Godoy, refor\u00e7ando a defesa para os desafios da temporada. Sendo assim, o clube n\u00e3o planeja parar por a\u00ed, com negocia\u00e7\u00f5es em andamento para trazer ainda mais jogadores. O atacante Barreal, do Cincinnati, \u00e9 um dos nomes pr\u00f3ximos de ser confirmado, mas o foco continua em buscar mais op\u00e7\u00f5es para o elenco.<\/p>\n\n\n\n<h2 class=\"wp-block-heading\" id=\"h-um-elenco-mais-competitivo-para-2025\">Um elenco mais competitivo para 2025<\/h2>\n\n\n\n<p>Por isso, a diretoria santista segue atenta ao mercado, com a inten\u00e7\u00e3o de refor\u00e7ar setores espec\u00edficos. O clube j\u00e1 tentou fechar com Thiago Maia e Z\u00e9 Rafael, mas as negocia\u00e7\u00f5es n\u00e3o avan\u00e7aram. Al\u00e9m disso, um volante continua sendo um objetivo, assim como mais um homem de meio-campo, com o ingl\u00eas Josh Windass em pauta. A busca por um atacante de velocidade tamb\u00e9m est\u00e1 no radar, e Gabriel Veron, do Porto, \u00e9 uma op\u00e7\u00e3o considerada.<\/p>\n\n\n\n<p>O desejo do Santos \u00e9 criar um elenco robusto, com boa competitividade interna, para que o time n\u00e3o dependa de uma \u00fanica pe\u00e7a-chave. Dessa maneira, o clube pretende retornar \u00e0 S\u00e9rie A com um plantel forte e capaz de disputar as principais competi\u00e7\u00f5es. Com isso, a janela de transfer\u00eancias continua sendo um momento crucial para a constru\u00e7\u00e3o do futuro do Peixe.<\/p>\n","protected":false},"excerpt":{"rendered":"<p>A janela de transfer\u00eancias do Santos promete movimentar bastante o mercado nas pr\u00f3ximas semanas. Ap\u00f3s concluir a contrata\u00e7\u00e3o de cinco refor\u00e7os, o clube alvinegro est\u00e1 determinado a ir ainda mais longe, com o objetivo de trazer at\u00e9 dez atletas para o elenco, o que indica uma reformula\u00e7\u00e3o consider\u00e1vel visando a pr\u00f3xima temporada. Al\u00e9m disso, o [&hellip;]<\/p>\n","protected":false},"author":24,"featured_media":152156,"comment_status":"open","ping_status":"closed","sticky":false,"template":"","format":"standard","meta":{"footnotes":""},"categories":[139],"tags":[],"class_list":["post-211329","post","type-post","status-publish","format-standard","has-post-thumbnail","hentry","category-santos"],"yoast_head":"<!-- This site is optimized with the Yoast SEO Premium plugin v24.2 (Yoast SEO v26.9) - https:\/\/yoast.com\/product\/yoast-seo-premium-wordpress\/ -->\n<title>Santos tem grande ambi\u00e7\u00e3o para janela de transfer\u00eancias<\/title>\n<meta name=\"robots\" content=\"index, follow, max-snippet:-1, max-image-preview:large, max-video-preview:-1\" \/>\n<link rel=\"canonical\" href=\"https:\/\/www.gaveanews.com\/index.php\/2025\/01\/11\/santos-tem-grande-ambicao-para-janela-de-transferencias\/\" \/>\n<meta property=\"og:locale\" content=\"pt_BR\" \/>\n<meta property=\"og:type\" content=\"article\" \/>\n<meta property=\"og:title\" content=\"Santos tem grande ambi\u00e7\u00e3o para janela de transfer\u00eancias\" \/>\n<meta property=\"og:description\" content=\"A janela de transfer\u00eancias do Santos promete movimentar bastante o mercado nas pr\u00f3ximas semanas. Ap\u00f3s concluir a contrata\u00e7\u00e3o de cinco refor\u00e7os, o clube alvinegro est\u00e1 determinado a ir ainda mais longe, com o objetivo de trazer at\u00e9 dez atletas para o elenco, o que indica uma reformula\u00e7\u00e3o consider\u00e1vel visando a pr\u00f3xima temporada. Al\u00e9m disso, o [&hellip;]\" \/>\n<meta property=\"og:url\" content=\"https:\/\/www.gaveanews.com\/index.php\/2025\/01\/11\/santos-tem-grande-ambicao-para-janela-de-transferencias\/\" \/>\n<meta property=\"og:site_name\" content=\"G\u00e1vea News\" \/>\n<meta property=\"article:publisher\" content=\"https:\/\/facebook.com\/gaveaNews\/\" \/>\n<meta property=\"article:published_time\" content=\"2025-01-11T23:55:00+00:00\" \/>\n<meta property=\"og:image\" content=\"https:\/\/www.gaveanews.com\/wp-content\/uploads\/Escudo-do-Santos-1.webp\" \/>\n\t<meta property=\"og:image:width\" content=\"1300\" \/>\n\t<meta property=\"og:image:height\" content=\"1056\" \/>\n\t<meta property=\"og:image:type\" content=\"image\/webp\" \/>\n<meta name=\"author\" content=\"Leandro Cardoso\" \/>\n<meta name=\"twitter:card\" content=\"summary_large_image\" \/>\n<meta name=\"twitter:label1\" content=\"Escrito por\" \/>\n\t<meta name=\"twitter:data1\" content=\"Leandro Cardoso\" \/>\n\t<meta name=\"twitter:label2\" content=\"Est. tempo de leitura\" \/>\n\t<meta name=\"twitter:data2\" content=\"3 minutos\" \/>\n<script type=\"application\/ld+json\" class=\"yoast-schema-graph\">{\"@context\":\"https:\/\/schema.org\",\"@graph\":[{\"@type\":\"NewsArticle\",\"@id\":\"https:\/\/www.gaveanews.com\/index.php\/2025\/01\/11\/santos-tem-grande-ambicao-para-janela-de-transferencias\/#article\",\"isPartOf\":{\"@id\":\"https:\/\/www.gaveanews.com\/index.php\/2025\/01\/11\/santos-tem-grande-ambicao-para-janela-de-transferencias\/\"},\"author\":{\"name\":\"Leandro Cardoso\",\"@id\":\"https:\/\/www.gaveanews.com\/#\/schema\/person\/2424ec6409bc3f068411fc5e4e9b6168\"},\"headline\":\"Santos tem grande ambi\u00e7\u00e3o para janela de transfer\u00eancias\",\"datePublished\":\"2025-01-11T23:55:00+00:00\",\"mainEntityOfPage\":{\"@id\":\"https:\/\/www.gaveanews.com\/index.php\/2025\/01\/11\/santos-tem-grande-ambicao-para-janela-de-transferencias\/\"},\"wordCount\":435,\"commentCount\":0,\"image\":{\"@id\":\"https:\/\/www.gaveanews.com\/index.php\/2025\/01\/11\/santos-tem-grande-ambicao-para-janela-de-transferencias\/#primaryimage\"},\"thumbnailUrl\":\"https:\/\/www.gaveanews.com\/wp-content\/uploads\/Escudo-do-Santos-1.webp\",\"articleSection\":[\"Santos\"],\"inLanguage\":\"pt-BR\",\"potentialAction\":[{\"@type\":\"CommentAction\",\"name\":\"Comment\",\"target\":[\"https:\/\/www.gaveanews.com\/index.php\/2025\/01\/11\/santos-tem-grande-ambicao-para-janela-de-transferencias\/#respond\"]}],\"copyrightYear\":\"2025\",\"copyrightHolder\":{\"@id\":\"https:\/\/www.gaveanews.com\/#organization\"}},{\"@type\":\"WebPage\",\"@id\":\"https:\/\/www.gaveanews.com\/index.php\/2025\/01\/11\/santos-tem-grande-ambicao-para-janela-de-transferencias\/\",\"url\":\"https:\/\/www.gaveanews.com\/index.php\/2025\/01\/11\/santos-tem-grande-ambicao-para-janela-de-transferencias\/\",\"name\":\"Santos tem grande ambi\u00e7\u00e3o para janela de transfer\u00eancias\",\"isPartOf\":{\"@id\":\"https:\/\/www.gaveanews.com\/#website\"},\"primaryImageOfPage\":{\"@id\":\"https:\/\/www.gaveanews.com\/index.php\/2025\/01\/11\/santos-tem-grande-ambicao-para-janela-de-transferencias\/#primaryimage\"},\"image\":{\"@id\":\"https:\/\/www.gaveanews.com\/index.php\/2025\/01\/11\/santos-tem-grande-ambicao-para-janela-de-transferencias\/#primaryimage\"},\"thumbnailUrl\":\"https:\/\/www.gaveanews.com\/wp-content\/uploads\/Escudo-do-Santos-1.webp\",\"datePublished\":\"2025-01-11T23:55:00+00:00\",\"author\":{\"@id\":\"https:\/\/www.gaveanews.com\/#\/schema\/person\/2424ec6409bc3f068411fc5e4e9b6168\"},\"breadcrumb\":{\"@id\":\"https:\/\/www.gaveanews.com\/index.php\/2025\/01\/11\/santos-tem-grande-ambicao-para-janela-de-transferencias\/#breadcrumb\"},\"inLanguage\":\"pt-BR\",\"potentialAction\":[{\"@type\":\"ReadAction\",\"target\":[\"https:\/\/www.gaveanews.com\/index.php\/2025\/01\/11\/santos-tem-grande-ambicao-para-janela-de-transferencias\/\"]}]},{\"@type\":\"ImageObject\",\"inLanguage\":\"pt-BR\",\"@id\":\"https:\/\/www.gaveanews.com\/index.php\/2025\/01\/11\/santos-tem-grande-ambicao-para-janela-de-transferencias\/#primaryimage\",\"url\":\"https:\/\/www.gaveanews.com\/wp-content\/uploads\/Escudo-do-Santos-1.webp\",\"contentUrl\":\"https:\/\/www.gaveanews.com\/wp-content\/uploads\/Escudo-do-Santos-1.webp\",\"width\":1300,\"height\":1056,\"caption\":\"Escudo do Santos (Foto: Reprodu\u00e7\u00e3o\/Instagram)\"},{\"@type\":\"BreadcrumbList\",\"@id\":\"https:\/\/www.gaveanews.com\/index.php\/2025\/01\/11\/santos-tem-grande-ambicao-para-janela-de-transferencias\/#breadcrumb\",\"itemListElement\":[{\"@type\":\"ListItem\",\"position\":1,\"name\":\"Home\",\"item\":\"https:\/\/www.gaveanews.com\/\"},{\"@type\":\"ListItem\",\"position\":2,\"name\":\"Santos tem grande ambi\u00e7\u00e3o para janela de transfer\u00eancias\"}]},{\"@type\":\"WebSite\",\"@id\":\"https:\/\/www.gaveanews.com\/#website\",\"url\":\"https:\/\/www.gaveanews.com\/\",\"name\":\"G\u00e1vea News\",\"description\":\"Veja todas as not\u00edcias sobre o Flamengo: Contrata\u00e7\u00f5es, categorias de base, resultados das partidas, tabela de classifica\u00e7\u00e3o, pr\u00f3ximos jogos!\",\"potentialAction\":[{\"@type\":\"SearchAction\",\"target\":{\"@type\":\"EntryPoint\",\"urlTemplate\":\"https:\/\/www.gaveanews.com\/?s={search_term_string}\"},\"query-input\":{\"@type\":\"PropertyValueSpecification\",\"valueRequired\":true,\"valueName\":\"search_term_string\"}}],\"inLanguage\":\"pt-BR\"},{\"@type\":\"Person\",\"@id\":\"https:\/\/www.gaveanews.com\/#\/schema\/person\/2424ec6409bc3f068411fc5e4e9b6168\",\"name\":\"Leandro Cardoso\",\"image\":{\"@type\":\"ImageObject\",\"inLanguage\":\"pt-BR\",\"@id\":\"https:\/\/www.gaveanews.com\/#\/schema\/person\/image\/\",\"url\":\"https:\/\/secure.gravatar.com\/avatar\/8ca179f9b55eefe9f376f5493ef25475bfa59fbc28ce937f6076ce20e523098f?s=96&d=mm&r=g\",\"contentUrl\":\"https:\/\/secure.gravatar.com\/avatar\/8ca179f9b55eefe9f376f5493ef25475bfa59fbc28ce937f6076ce20e523098f?s=96&d=mm&r=g\",\"caption\":\"Leandro Cardoso\"}}]}<\/script>\n<!-- \/ Yoast SEO Premium plugin. -->","yoast_head_json":{"title":"Santos tem grande ambi\u00e7\u00e3o para janela de transfer\u00eancias","robots":{"index":"index","follow":"follow","max-snippet":"max-snippet:-1","max-image-preview":"max-image-preview:large","max-video-preview":"max-video-preview:-1"},"canonical":"https:\/\/www.gaveanews.com\/index.php\/2025\/01\/11\/santos-tem-grande-ambicao-para-janela-de-transferencias\/","og_locale":"pt_BR","og_type":"article","og_title":"Santos tem grande ambi\u00e7\u00e3o para janela de transfer\u00eancias","og_description":"A janela de transfer\u00eancias do Santos promete movimentar bastante o mercado nas pr\u00f3ximas semanas. Ap\u00f3s concluir a contrata\u00e7\u00e3o de cinco refor\u00e7os, o clube alvinegro est\u00e1 determinado a ir ainda mais longe, com o objetivo de trazer at\u00e9 dez atletas para o elenco, o que indica uma reformula\u00e7\u00e3o consider\u00e1vel visando a pr\u00f3xima temporada. Al\u00e9m disso, o [&hellip;]","og_url":"https:\/\/www.gaveanews.com\/index.php\/2025\/01\/11\/santos-tem-grande-ambicao-para-janela-de-transferencias\/","og_site_name":"G\u00e1vea News","article_publisher":"https:\/\/facebook.com\/gaveaNews\/","article_published_time":"2025-01-11T23:55:00+00:00","og_image":[{"width":1300,"height":1056,"url":"https:\/\/www.gaveanews.com\/wp-content\/uploads\/Escudo-do-Santos-1.webp","type":"image\/webp"}],"author":"Leandro Cardoso","twitter_card":"summary_large_image","twitter_misc":{"Escrito por":"Leandro Cardoso","Est. tempo de leitura":"3 minutos"},"schema":{"@context":"https:\/\/schema.org","@graph":[{"@type":"NewsArticle","@id":"https:\/\/www.gaveanews.com\/index.php\/2025\/01\/11\/santos-tem-grande-ambicao-para-janela-de-transferencias\/#article","isPartOf":{"@id":"https:\/\/www.gaveanews.com\/index.php\/2025\/01\/11\/santos-tem-grande-ambicao-para-janela-de-transferencias\/"},"author":{"name":"Leandro Cardoso","@id":"https:\/\/www.gaveanews.com\/#\/schema\/person\/2424ec6409bc3f068411fc5e4e9b6168"},"headline":"Santos tem grande ambi\u00e7\u00e3o para janela de transfer\u00eancias","datePublished":"2025-01-11T23:55:00+00:00","mainEntityOfPage":{"@id":"https:\/\/www.gaveanews.com\/index.php\/2025\/01\/11\/santos-tem-grande-ambicao-para-janela-de-transferencias\/"},"wordCount":435,"commentCount":0,"image":{"@id":"https:\/\/www.gaveanews.com\/index.php\/2025\/01\/11\/santos-tem-grande-ambicao-para-janela-de-transferencias\/#primaryimage"},"thumbnailUrl":"https:\/\/www.gaveanews.com\/wp-content\/uploads\/Escudo-do-Santos-1.webp","articleSection":["Santos"],"inLanguage":"pt-BR","potentialAction":[{"@type":"CommentAction","name":"Comment","target":["https:\/\/www.gaveanews.com\/index.php\/2025\/01\/11\/santos-tem-grande-ambicao-para-janela-de-transferencias\/#respond"]}],"copyrightYear":"2025","copyrightHolder":{"@id":"https:\/\/www.gaveanews.com\/#organization"}},{"@type":"WebPage","@id":"https:\/\/www.gaveanews.com\/index.php\/2025\/01\/11\/santos-tem-grande-ambicao-para-janela-de-transferencias\/","url":"https:\/\/www.gaveanews.com\/index.php\/2025\/01\/11\/santos-tem-grande-ambicao-para-janela-de-transferencias\/","name":"Santos tem grande ambi\u00e7\u00e3o para janela de transfer\u00eancias","isPartOf":{"@id":"https:\/\/www.gaveanews.com\/#website"},"primaryImageOfPage":{"@id":"https:\/\/www.gaveanews.com\/index.php\/2025\/01\/11\/santos-tem-grande-ambicao-para-janela-de-transferencias\/#primaryimage"},"image":{"@id":"https:\/\/www.gaveanews.com\/index.php\/2025\/01\/11\/santos-tem-grande-ambicao-para-janela-de-transferencias\/#primaryimage"},"thumbnailUrl":"https:\/\/www.gaveanews.com\/wp-content\/uploads\/Escudo-do-Santos-1.webp","datePublished":"2025-01-11T23:55:00+00:00","author":{"@id":"https:\/\/www.gaveanews.com\/#\/schema\/person\/2424ec6409bc3f068411fc5e4e9b6168"},"breadcrumb":{"@id":"https:\/\/www.gaveanews.com\/index.php\/2025\/01\/11\/santos-tem-grande-ambicao-para-janela-de-transferencias\/#breadcrumb"},"inLanguage":"pt-BR","potentialAction":[{"@type":"ReadAction","target":["https:\/\/www.gaveanews.com\/index.php\/2025\/01\/11\/santos-tem-grande-ambicao-para-janela-de-transferencias\/"]}]},{"@type":"ImageObject","inLanguage":"pt-BR","@id":"https:\/\/www.gaveanews.com\/index.php\/2025\/01\/11\/santos-tem-grande-ambicao-para-janela-de-transferencias\/#primaryimage","url":"https:\/\/www.gaveanews.com\/wp-content\/uploads\/Escudo-do-Santos-1.webp","contentUrl":"https:\/\/www.gaveanews.com\/wp-content\/uploads\/Escudo-do-Santos-1.webp","width":1300,"height":1056,"caption":"Escudo do Santos (Foto: Reprodu\u00e7\u00e3o\/Instagram)"},{"@type":"BreadcrumbList","@id":"https:\/\/www.gaveanews.com\/index.php\/2025\/01\/11\/santos-tem-grande-ambicao-para-janela-de-transferencias\/#breadcrumb","itemListElement":[{"@type":"ListItem","position":1,"name":"Home","item":"https:\/\/www.gaveanews.com\/"},{"@type":"ListItem","position":2,"name":"Santos tem grande ambi\u00e7\u00e3o para janela de transfer\u00eancias"}]},{"@type":"WebSite","@id":"https:\/\/www.gaveanews.com\/#website","url":"https:\/\/www.gaveanews.com\/","name":"G\u00e1vea News","description":"Veja todas as not\u00edcias sobre o Flamengo: Contrata\u00e7\u00f5es, categorias de base, resultados das partidas, tabela de classifica\u00e7\u00e3o, pr\u00f3ximos jogos!","potentialAction":[{"@type":"SearchAction","target":{"@type":"EntryPoint","urlTemplate":"https:\/\/www.gaveanews.com\/?s={search_term_string}"},"query-input":{"@type":"PropertyValueSpecification","valueRequired":true,"valueName":"search_term_string"}}],"inLanguage":"pt-BR"},{"@type":"Person","@id":"https:\/\/www.gaveanews.com\/#\/schema\/person\/2424ec6409bc3f068411fc5e4e9b6168","name":"Leandro Cardoso","image":{"@type":"ImageObject","inLanguage":"pt-BR","@id":"https:\/\/www.gaveanews.com\/#\/schema\/person\/image\/","url":"https:\/\/secure.gravatar.com\/avatar\/8ca179f9b55eefe9f376f5493ef25475bfa59fbc28ce937f6076ce20e523098f?s=96&d=mm&r=g","contentUrl":"https:\/\/secure.gravatar.com\/avatar\/8ca179f9b55eefe9f376f5493ef25475bfa59fbc28ce937f6076ce20e523098f?s=96&d=mm&r=g","caption":"Leandro Cardoso"}}]}},"_links":{"self":[{"href":"https:\/\/www.gaveanews.com\/index.php\/wp-json\/wp\/v2\/posts\/211329","targetHints":{"allow":["GET"]}}],"collection":[{"href":"https:\/\/www.gaveanews.com\/index.php\/wp-json\/wp\/v2\/posts"}],"about":[{"href":"https:\/\/www.gaveanews.com\/index.php\/wp-json\/wp\/v2\/types\/post"}],"author":[{"embeddable":true,"href":"https:\/\/www.gaveanews.com\/index.php\/wp-json\/wp\/v2\/users\/24"}],"replies":[{"embeddable":true,"href":"https:\/\/www.gaveanews.com\/index.php\/wp-json\/wp\/v2\/comments?post=211329"}],"version-history":[{"count":1,"href":"https:\/\/www.gaveanews.com\/index.php\/wp-json\/wp\/v2\/posts\/211329\/revisions"}],"predecessor-version":[{"id":211337,"href":"https:\/\/www.gaveanews.com\/index.php\/wp-json\/wp\/v2\/posts\/211329\/revisions\/211337"}],"wp:featuredmedia":[{"embeddable":true,"href":"https:\/\/www.gaveanews.com\/index.php\/wp-json\/wp\/v2\/media\/152156"}],"wp:attachment":[{"href":"https:\/\/www.gaveanews.com\/index.php\/wp-json\/wp\/v2\/media?parent=211329"}],"wp:term":[{"taxonomy":"category","embeddable":true,"href":"https:\/\/www.gaveanews.com\/index.php\/wp-json\/wp\/v2\/categories?post=211329"},{"taxonomy":"post_tag","embeddable":true,"href":"https:\/\/www.gaveanews.com\/index.php\/wp-json\/wp\/v2\/tags?post=211329"}],"curies":[{"name":"wp","href":"https:\/\/api.w.org\/{rel}","templated":true}]}}