{"id":211377,"date":"2025-01-11T22:25:00","date_gmt":"2025-01-12T01:25:00","guid":{"rendered":"https:\/\/www.gaveanews.com\/?p=211377"},"modified":"2025-01-11T18:10:29","modified_gmt":"2025-01-11T21:10:29","slug":"botafogo-veja-todas-as-reclamacoes-dos-jogadores-sobre-atrasos-salariais","status":"publish","type":"post","link":"https:\/\/www.gaveanews.com\/index.php\/2025\/01\/11\/botafogo-veja-todas-as-reclamacoes-dos-jogadores-sobre-atrasos-salariais\/","title":{"rendered":"Botafogo: veja todas as reclama\u00e7\u00f5es dos jogadores sobre atrasos salariais"},"content":{"rendered":"\n<p>A divulga\u00e7\u00e3o de informa\u00e7\u00f5es sobre atrasos em pagamentos e a possibilidade de jogadores n\u00e3o comparecerem \u00e0 reapresenta\u00e7\u00e3o do Botafogo, agendada para o dia 14, causou mal-estar no elenco. A situa\u00e7\u00e3o envolve tanto atletas que permanecem no clube quanto aqueles que j\u00e1 o deixaram, sendo estes \u00faltimos apontados pela diretoria como respons\u00e1veis pelo vazamento das informa\u00e7\u00f5es. <\/p>\n\n\n\n<ul class=\"wp-block-list\">\n<li><a href=\"https:\/\/www.gaveanews.com\/index.php\/2025\/01\/05\/botafogo-pode-ajudar-o-fluminense-a-faturar-montante-milionario\/\">Botafogo pode ajudar o Fluminense a faturar montante milion\u00e1rio<\/a><\/li>\n\n\n\n<li><a href=\"https:\/\/www.gaveanews.com\/index.php\/2025\/01\/10\/a-declaracao-de-caio-ribeiro-envolvendo-flamengo-cruzeiro-botafogo-palmeiras-e-atletico-mg\/\">A declara\u00e7\u00e3o de Caio Ribeiro envolvendo Flamengo, Cruzeiro, Botafogo, Palmeiras e Atl\u00e9tico-MG<\/a><\/li>\n<\/ul>\n\n\n\n<p>Conforme apura\u00e7\u00e3o do portal &#8216;UOL&#8217;, os jogadores demonstraram descontentamento com a exposi\u00e7\u00e3o p\u00fablica da situa\u00e7\u00e3o, argumentando que a quest\u00e3o deveria ter sido resolvida internamente. Dessa maneira, v\u00e1rias  reclama\u00e7\u00f5es foram feitas por parte do elenco.<\/p>\n\n\n\n<p>Nesse sentido, eles reivindicam o pagamento de premia\u00e7\u00f5es referentes ao Campeonato Brasileiro e \u00e0 Libertadores, bem como valores pendentes relativos ao 13\u00ba sal\u00e1rio, Fundo de Garantia do Tempo de Servi\u00e7o (FGTS) e f\u00e9rias. Diante desse cen\u00e1rio, o clube divulgou uma nota oficial com o intuito de esclarecer sua posi\u00e7\u00e3o.<\/p>\n\n\n\n<h2 class=\"wp-block-heading\" id=\"h-posicionamento-oficial-do-clube-e-reacao-dos-atletas\">Posicionamento oficial do clube e rea\u00e7\u00e3o dos atletas<\/h2>\n\n\n\n<p>Na referida nota, o Botafogo declarou que ex-jogadores demandam um aumento de 25% nos pr\u00eamios previamente acordados, o que o clube alega n\u00e3o ter aceitado. Ademais, a diretoria atribuiu aos atletas que sa\u00edram da equipe a responsabilidade pelo vazamento das informa\u00e7\u00f5es. Em contrapartida, informa\u00e7\u00f5es extraoficiais sugerem que o vazamento pode ter ocorrido por meio das assessorias de alguns jogadores.<\/p>\n\n\n\n<p>O tom empregado na nota oficial gerou ainda mais descontentamento entre os atletas. Muitos consideraram que a generaliza\u00e7\u00e3o englobou todos os ex-jogadores, sem especificar os envolvidos na controv\u00e9rsia. <\/p>\n\n\n\n<p>Em virtude disso, o lateral-esquerdo Mar\u00e7al manifestou publicamente sua vers\u00e3o dos fatos em uma entrevista ao &#8220;Charla Podcast&#8221;. Segundo ele, houve uma reuni\u00e3o com a diretoria para tratar da premia\u00e7\u00e3o em d\u00f3lar, mas a diretoria n\u00e3o pagou os valores acordados.<\/p>\n\n\n\n<figure class=\"wp-block-image size-full\"><img loading=\"lazy\" decoding=\"async\" width=\"984\" height=\"656\" src=\"https:\/\/www.gaveanews.com\/wp-content\/uploads\/Marcal-apresentado-no-Botafogo.webp\" alt=\"\" class=\"wp-image-166401\" srcset=\"https:\/\/www.gaveanews.com\/wp-content\/uploads\/Marcal-apresentado-no-Botafogo.webp 984w, https:\/\/www.gaveanews.com\/wp-content\/uploads\/Marcal-apresentado-no-Botafogo-300x200.webp 300w, https:\/\/www.gaveanews.com\/wp-content\/uploads\/Marcal-apresentado-no-Botafogo-768x512.webp 768w, https:\/\/www.gaveanews.com\/wp-content\/uploads\/Marcal-apresentado-no-Botafogo-630x420.webp 630w, https:\/\/www.gaveanews.com\/wp-content\/uploads\/Marcal-apresentado-no-Botafogo-640x427.webp 640w, https:\/\/www.gaveanews.com\/wp-content\/uploads\/Marcal-apresentado-no-Botafogo-681x454.webp 681w, https:\/\/www.gaveanews.com\/wp-content\/uploads\/Marcal-apresentado-no-Botafogo-100x67.webp 100w\" sizes=\"auto, (max-width: 984px) 100vw, 984px\" \/><figcaption class=\"wp-element-caption\">Mar\u00e7al apresentado no Botafogo (Foto: Divulga\u00e7\u00e3o\/Botafogo)<\/figcaption><\/figure>\n\n\n\n<p>Por causa do impasse, um grupo de jogadores amea\u00e7a n\u00e3o comparecer \u00e0 reapresenta\u00e7\u00e3o se os pagamentos pendentes n\u00e3o forem regularizados. Por outro lado, o Botafogo justifica o atraso com o argumento de que a Confedera\u00e7\u00e3o Brasileira de Futebol (CBF) repassou os valores somente em 27 de dezembro. O clube calcula que esse prazo possibilita o dep\u00f3sito dentro de at\u00e9 20 dias \u00fateis.<\/p>\n\n\n\n<p>Na cerim\u00f4nia de abertura do Campeonato Carioca, realizada na \u00faltima quinta-feira (9), nenhum representante da Sociedade An\u00f4nima do Futebol (SAF) do Botafogo esteve presente. Jo\u00e3o Paulo Magalh\u00e3es, presidente do clube associativo, representou o clube e classificou as alega\u00e7\u00f5es como &#8220;fake news&#8221;. Ele lamentou o impacto negativo das especula\u00e7\u00f5es.<\/p>\n\n\n\n<p>Apesar da pol\u00eamica, o dirigente refor\u00e7ou a confian\u00e7a no trabalho realizado e assegurou que a pol\u00eamica n\u00e3o afetar\u00e1 o ambiente vitorioso do clube, apostando em novas conquistas para 2025. Assim sendo, o clube busca superar a crise.<\/p>\n","protected":false},"excerpt":{"rendered":"<p>A divulga\u00e7\u00e3o de informa\u00e7\u00f5es sobre atrasos em pagamentos e a possibilidade de jogadores n\u00e3o comparecerem \u00e0 reapresenta\u00e7\u00e3o do Botafogo, agendada para o dia 14, causou mal-estar no elenco. A situa\u00e7\u00e3o envolve tanto atletas que permanecem no clube quanto aqueles que j\u00e1 o deixaram, sendo estes \u00faltimos apontados pela diretoria como respons\u00e1veis pelo vazamento das informa\u00e7\u00f5es. [&hellip;]<\/p>\n","protected":false},"author":28,"featured_media":156132,"comment_status":"open","ping_status":"closed","sticky":false,"template":"","format":"standard","meta":{"footnotes":""},"categories":[138],"tags":[],"class_list":["post-211377","post","type-post","status-publish","format-standard","has-post-thumbnail","hentry","category-botafogo"],"yoast_head":"<!-- This site is optimized with the Yoast SEO Premium plugin v24.2 (Yoast SEO v26.9) - https:\/\/yoast.com\/product\/yoast-seo-premium-wordpress\/ -->\n<title>Botafogo: veja todas as reclama\u00e7\u00f5es dos jogadores sobre atrasos salariais<\/title>\n<meta name=\"robots\" content=\"index, follow, max-snippet:-1, max-image-preview:large, max-video-preview:-1\" \/>\n<link rel=\"canonical\" href=\"https:\/\/www.gaveanews.com\/index.php\/2025\/01\/11\/botafogo-veja-todas-as-reclamacoes-dos-jogadores-sobre-atrasos-salariais\/\" \/>\n<meta property=\"og:locale\" content=\"pt_BR\" \/>\n<meta property=\"og:type\" content=\"article\" \/>\n<meta property=\"og:title\" content=\"Botafogo: veja todas as reclama\u00e7\u00f5es dos jogadores sobre atrasos salariais\" \/>\n<meta property=\"og:description\" content=\"A divulga\u00e7\u00e3o de informa\u00e7\u00f5es sobre atrasos em pagamentos e a possibilidade de jogadores n\u00e3o comparecerem \u00e0 reapresenta\u00e7\u00e3o do Botafogo, agendada para o dia 14, causou mal-estar no elenco. A situa\u00e7\u00e3o envolve tanto atletas que permanecem no clube quanto aqueles que j\u00e1 o deixaram, sendo estes \u00faltimos apontados pela diretoria como respons\u00e1veis pelo vazamento das informa\u00e7\u00f5es. [&hellip;]\" \/>\n<meta property=\"og:url\" content=\"https:\/\/www.gaveanews.com\/index.php\/2025\/01\/11\/botafogo-veja-todas-as-reclamacoes-dos-jogadores-sobre-atrasos-salariais\/\" \/>\n<meta property=\"og:site_name\" content=\"G\u00e1vea News\" \/>\n<meta property=\"article:publisher\" content=\"https:\/\/facebook.com\/gaveaNews\/\" \/>\n<meta property=\"article:published_time\" content=\"2025-01-12T01:25:00+00:00\" \/>\n<meta property=\"og:image\" content=\"https:\/\/www.gaveanews.com\/wp-content\/uploads\/Escudo-do-Botafogo.webp\" \/>\n\t<meta property=\"og:image:width\" content=\"1053\" \/>\n\t<meta property=\"og:image:height\" content=\"702\" \/>\n\t<meta property=\"og:image:type\" content=\"image\/webp\" \/>\n<meta name=\"author\" content=\"Hudson Pereira\" \/>\n<meta name=\"twitter:card\" content=\"summary_large_image\" \/>\n<meta name=\"twitter:label1\" content=\"Escrito por\" \/>\n\t<meta name=\"twitter:data1\" content=\"Hudson Pereira\" \/>\n\t<meta name=\"twitter:label2\" content=\"Est. tempo de leitura\" \/>\n\t<meta name=\"twitter:data2\" content=\"3 minutos\" \/>\n<script type=\"application\/ld+json\" class=\"yoast-schema-graph\">{\"@context\":\"https:\/\/schema.org\",\"@graph\":[{\"@type\":\"NewsArticle\",\"@id\":\"https:\/\/www.gaveanews.com\/index.php\/2025\/01\/11\/botafogo-veja-todas-as-reclamacoes-dos-jogadores-sobre-atrasos-salariais\/#article\",\"isPartOf\":{\"@id\":\"https:\/\/www.gaveanews.com\/index.php\/2025\/01\/11\/botafogo-veja-todas-as-reclamacoes-dos-jogadores-sobre-atrasos-salariais\/\"},\"author\":{\"name\":\"Hudson Pereira\",\"@id\":\"https:\/\/www.gaveanews.com\/#\/schema\/person\/bd08f00534b403119b92741a6d469ef0\"},\"headline\":\"Botafogo: veja todas as reclama\u00e7\u00f5es dos jogadores sobre atrasos salariais\",\"datePublished\":\"2025-01-12T01:25:00+00:00\",\"mainEntityOfPage\":{\"@id\":\"https:\/\/www.gaveanews.com\/index.php\/2025\/01\/11\/botafogo-veja-todas-as-reclamacoes-dos-jogadores-sobre-atrasos-salariais\/\"},\"wordCount\":505,\"commentCount\":0,\"image\":{\"@id\":\"https:\/\/www.gaveanews.com\/index.php\/2025\/01\/11\/botafogo-veja-todas-as-reclamacoes-dos-jogadores-sobre-atrasos-salariais\/#primaryimage\"},\"thumbnailUrl\":\"https:\/\/www.gaveanews.com\/wp-content\/uploads\/Escudo-do-Botafogo.webp\",\"articleSection\":[\"Botafogo\"],\"inLanguage\":\"pt-BR\",\"potentialAction\":[{\"@type\":\"CommentAction\",\"name\":\"Comment\",\"target\":[\"https:\/\/www.gaveanews.com\/index.php\/2025\/01\/11\/botafogo-veja-todas-as-reclamacoes-dos-jogadores-sobre-atrasos-salariais\/#respond\"]}],\"copyrightYear\":\"2025\",\"copyrightHolder\":{\"@id\":\"https:\/\/www.gaveanews.com\/#organization\"}},{\"@type\":\"WebPage\",\"@id\":\"https:\/\/www.gaveanews.com\/index.php\/2025\/01\/11\/botafogo-veja-todas-as-reclamacoes-dos-jogadores-sobre-atrasos-salariais\/\",\"url\":\"https:\/\/www.gaveanews.com\/index.php\/2025\/01\/11\/botafogo-veja-todas-as-reclamacoes-dos-jogadores-sobre-atrasos-salariais\/\",\"name\":\"Botafogo: veja todas as reclama\u00e7\u00f5es dos jogadores sobre atrasos salariais\",\"isPartOf\":{\"@id\":\"https:\/\/www.gaveanews.com\/#website\"},\"primaryImageOfPage\":{\"@id\":\"https:\/\/www.gaveanews.com\/index.php\/2025\/01\/11\/botafogo-veja-todas-as-reclamacoes-dos-jogadores-sobre-atrasos-salariais\/#primaryimage\"},\"image\":{\"@id\":\"https:\/\/www.gaveanews.com\/index.php\/2025\/01\/11\/botafogo-veja-todas-as-reclamacoes-dos-jogadores-sobre-atrasos-salariais\/#primaryimage\"},\"thumbnailUrl\":\"https:\/\/www.gaveanews.com\/wp-content\/uploads\/Escudo-do-Botafogo.webp\",\"datePublished\":\"2025-01-12T01:25:00+00:00\",\"author\":{\"@id\":\"https:\/\/www.gaveanews.com\/#\/schema\/person\/bd08f00534b403119b92741a6d469ef0\"},\"breadcrumb\":{\"@id\":\"https:\/\/www.gaveanews.com\/index.php\/2025\/01\/11\/botafogo-veja-todas-as-reclamacoes-dos-jogadores-sobre-atrasos-salariais\/#breadcrumb\"},\"inLanguage\":\"pt-BR\",\"potentialAction\":[{\"@type\":\"ReadAction\",\"target\":[\"https:\/\/www.gaveanews.com\/index.php\/2025\/01\/11\/botafogo-veja-todas-as-reclamacoes-dos-jogadores-sobre-atrasos-salariais\/\"]}]},{\"@type\":\"ImageObject\",\"inLanguage\":\"pt-BR\",\"@id\":\"https:\/\/www.gaveanews.com\/index.php\/2025\/01\/11\/botafogo-veja-todas-as-reclamacoes-dos-jogadores-sobre-atrasos-salariais\/#primaryimage\",\"url\":\"https:\/\/www.gaveanews.com\/wp-content\/uploads\/Escudo-do-Botafogo.webp\",\"contentUrl\":\"https:\/\/www.gaveanews.com\/wp-content\/uploads\/Escudo-do-Botafogo.webp\",\"width\":1053,\"height\":702,\"caption\":\"Escudo do Botafogo (Foto: Reprodu\u00e7\u00e3o\/Botafogo)\"},{\"@type\":\"BreadcrumbList\",\"@id\":\"https:\/\/www.gaveanews.com\/index.php\/2025\/01\/11\/botafogo-veja-todas-as-reclamacoes-dos-jogadores-sobre-atrasos-salariais\/#breadcrumb\",\"itemListElement\":[{\"@type\":\"ListItem\",\"position\":1,\"name\":\"Home\",\"item\":\"https:\/\/www.gaveanews.com\/\"},{\"@type\":\"ListItem\",\"position\":2,\"name\":\"Botafogo: veja todas as reclama\u00e7\u00f5es dos jogadores sobre atrasos salariais\"}]},{\"@type\":\"WebSite\",\"@id\":\"https:\/\/www.gaveanews.com\/#website\",\"url\":\"https:\/\/www.gaveanews.com\/\",\"name\":\"G\u00e1vea News\",\"description\":\"Veja todas as not\u00edcias sobre o Flamengo: Contrata\u00e7\u00f5es, categorias de base, resultados das partidas, tabela de classifica\u00e7\u00e3o, pr\u00f3ximos jogos!\",\"potentialAction\":[{\"@type\":\"SearchAction\",\"target\":{\"@type\":\"EntryPoint\",\"urlTemplate\":\"https:\/\/www.gaveanews.com\/?s={search_term_string}\"},\"query-input\":{\"@type\":\"PropertyValueSpecification\",\"valueRequired\":true,\"valueName\":\"search_term_string\"}}],\"inLanguage\":\"pt-BR\"},{\"@type\":\"Person\",\"@id\":\"https:\/\/www.gaveanews.com\/#\/schema\/person\/bd08f00534b403119b92741a6d469ef0\",\"name\":\"Hudson Pereira\",\"image\":{\"@type\":\"ImageObject\",\"inLanguage\":\"pt-BR\",\"@id\":\"https:\/\/www.gaveanews.com\/#\/schema\/person\/image\/\",\"url\":\"https:\/\/secure.gravatar.com\/avatar\/ecc491b489e454e510efffc9b23c1052ce5fb4f2e05555768ba65819cd55f03e?s=96&d=mm&r=g\",\"contentUrl\":\"https:\/\/secure.gravatar.com\/avatar\/ecc491b489e454e510efffc9b23c1052ce5fb4f2e05555768ba65819cd55f03e?s=96&d=mm&r=g\",\"caption\":\"Hudson Pereira\"}}]}<\/script>\n<!-- \/ Yoast SEO Premium plugin. -->","yoast_head_json":{"title":"Botafogo: veja todas as reclama\u00e7\u00f5es dos jogadores sobre atrasos salariais","robots":{"index":"index","follow":"follow","max-snippet":"max-snippet:-1","max-image-preview":"max-image-preview:large","max-video-preview":"max-video-preview:-1"},"canonical":"https:\/\/www.gaveanews.com\/index.php\/2025\/01\/11\/botafogo-veja-todas-as-reclamacoes-dos-jogadores-sobre-atrasos-salariais\/","og_locale":"pt_BR","og_type":"article","og_title":"Botafogo: veja todas as reclama\u00e7\u00f5es dos jogadores sobre atrasos salariais","og_description":"A divulga\u00e7\u00e3o de informa\u00e7\u00f5es sobre atrasos em pagamentos e a possibilidade de jogadores n\u00e3o comparecerem \u00e0 reapresenta\u00e7\u00e3o do Botafogo, agendada para o dia 14, causou mal-estar no elenco. A situa\u00e7\u00e3o envolve tanto atletas que permanecem no clube quanto aqueles que j\u00e1 o deixaram, sendo estes \u00faltimos apontados pela diretoria como respons\u00e1veis pelo vazamento das informa\u00e7\u00f5es. [&hellip;]","og_url":"https:\/\/www.gaveanews.com\/index.php\/2025\/01\/11\/botafogo-veja-todas-as-reclamacoes-dos-jogadores-sobre-atrasos-salariais\/","og_site_name":"G\u00e1vea News","article_publisher":"https:\/\/facebook.com\/gaveaNews\/","article_published_time":"2025-01-12T01:25:00+00:00","og_image":[{"width":1053,"height":702,"url":"https:\/\/www.gaveanews.com\/wp-content\/uploads\/Escudo-do-Botafogo.webp","type":"image\/webp"}],"author":"Hudson Pereira","twitter_card":"summary_large_image","twitter_misc":{"Escrito por":"Hudson Pereira","Est. tempo de leitura":"3 minutos"},"schema":{"@context":"https:\/\/schema.org","@graph":[{"@type":"NewsArticle","@id":"https:\/\/www.gaveanews.com\/index.php\/2025\/01\/11\/botafogo-veja-todas-as-reclamacoes-dos-jogadores-sobre-atrasos-salariais\/#article","isPartOf":{"@id":"https:\/\/www.gaveanews.com\/index.php\/2025\/01\/11\/botafogo-veja-todas-as-reclamacoes-dos-jogadores-sobre-atrasos-salariais\/"},"author":{"name":"Hudson Pereira","@id":"https:\/\/www.gaveanews.com\/#\/schema\/person\/bd08f00534b403119b92741a6d469ef0"},"headline":"Botafogo: veja todas as reclama\u00e7\u00f5es dos jogadores sobre atrasos salariais","datePublished":"2025-01-12T01:25:00+00:00","mainEntityOfPage":{"@id":"https:\/\/www.gaveanews.com\/index.php\/2025\/01\/11\/botafogo-veja-todas-as-reclamacoes-dos-jogadores-sobre-atrasos-salariais\/"},"wordCount":505,"commentCount":0,"image":{"@id":"https:\/\/www.gaveanews.com\/index.php\/2025\/01\/11\/botafogo-veja-todas-as-reclamacoes-dos-jogadores-sobre-atrasos-salariais\/#primaryimage"},"thumbnailUrl":"https:\/\/www.gaveanews.com\/wp-content\/uploads\/Escudo-do-Botafogo.webp","articleSection":["Botafogo"],"inLanguage":"pt-BR","potentialAction":[{"@type":"CommentAction","name":"Comment","target":["https:\/\/www.gaveanews.com\/index.php\/2025\/01\/11\/botafogo-veja-todas-as-reclamacoes-dos-jogadores-sobre-atrasos-salariais\/#respond"]}],"copyrightYear":"2025","copyrightHolder":{"@id":"https:\/\/www.gaveanews.com\/#organization"}},{"@type":"WebPage","@id":"https:\/\/www.gaveanews.com\/index.php\/2025\/01\/11\/botafogo-veja-todas-as-reclamacoes-dos-jogadores-sobre-atrasos-salariais\/","url":"https:\/\/www.gaveanews.com\/index.php\/2025\/01\/11\/botafogo-veja-todas-as-reclamacoes-dos-jogadores-sobre-atrasos-salariais\/","name":"Botafogo: veja todas as reclama\u00e7\u00f5es dos jogadores sobre atrasos salariais","isPartOf":{"@id":"https:\/\/www.gaveanews.com\/#website"},"primaryImageOfPage":{"@id":"https:\/\/www.gaveanews.com\/index.php\/2025\/01\/11\/botafogo-veja-todas-as-reclamacoes-dos-jogadores-sobre-atrasos-salariais\/#primaryimage"},"image":{"@id":"https:\/\/www.gaveanews.com\/index.php\/2025\/01\/11\/botafogo-veja-todas-as-reclamacoes-dos-jogadores-sobre-atrasos-salariais\/#primaryimage"},"thumbnailUrl":"https:\/\/www.gaveanews.com\/wp-content\/uploads\/Escudo-do-Botafogo.webp","datePublished":"2025-01-12T01:25:00+00:00","author":{"@id":"https:\/\/www.gaveanews.com\/#\/schema\/person\/bd08f00534b403119b92741a6d469ef0"},"breadcrumb":{"@id":"https:\/\/www.gaveanews.com\/index.php\/2025\/01\/11\/botafogo-veja-todas-as-reclamacoes-dos-jogadores-sobre-atrasos-salariais\/#breadcrumb"},"inLanguage":"pt-BR","potentialAction":[{"@type":"ReadAction","target":["https:\/\/www.gaveanews.com\/index.php\/2025\/01\/11\/botafogo-veja-todas-as-reclamacoes-dos-jogadores-sobre-atrasos-salariais\/"]}]},{"@type":"ImageObject","inLanguage":"pt-BR","@id":"https:\/\/www.gaveanews.com\/index.php\/2025\/01\/11\/botafogo-veja-todas-as-reclamacoes-dos-jogadores-sobre-atrasos-salariais\/#primaryimage","url":"https:\/\/www.gaveanews.com\/wp-content\/uploads\/Escudo-do-Botafogo.webp","contentUrl":"https:\/\/www.gaveanews.com\/wp-content\/uploads\/Escudo-do-Botafogo.webp","width":1053,"height":702,"caption":"Escudo do Botafogo (Foto: Reprodu\u00e7\u00e3o\/Botafogo)"},{"@type":"BreadcrumbList","@id":"https:\/\/www.gaveanews.com\/index.php\/2025\/01\/11\/botafogo-veja-todas-as-reclamacoes-dos-jogadores-sobre-atrasos-salariais\/#breadcrumb","itemListElement":[{"@type":"ListItem","position":1,"name":"Home","item":"https:\/\/www.gaveanews.com\/"},{"@type":"ListItem","position":2,"name":"Botafogo: veja todas as reclama\u00e7\u00f5es dos jogadores sobre atrasos salariais"}]},{"@type":"WebSite","@id":"https:\/\/www.gaveanews.com\/#website","url":"https:\/\/www.gaveanews.com\/","name":"G\u00e1vea News","description":"Veja todas as not\u00edcias sobre o Flamengo: Contrata\u00e7\u00f5es, categorias de base, resultados das partidas, tabela de classifica\u00e7\u00e3o, pr\u00f3ximos jogos!","potentialAction":[{"@type":"SearchAction","target":{"@type":"EntryPoint","urlTemplate":"https:\/\/www.gaveanews.com\/?s={search_term_string}"},"query-input":{"@type":"PropertyValueSpecification","valueRequired":true,"valueName":"search_term_string"}}],"inLanguage":"pt-BR"},{"@type":"Person","@id":"https:\/\/www.gaveanews.com\/#\/schema\/person\/bd08f00534b403119b92741a6d469ef0","name":"Hudson Pereira","image":{"@type":"ImageObject","inLanguage":"pt-BR","@id":"https:\/\/www.gaveanews.com\/#\/schema\/person\/image\/","url":"https:\/\/secure.gravatar.com\/avatar\/ecc491b489e454e510efffc9b23c1052ce5fb4f2e05555768ba65819cd55f03e?s=96&d=mm&r=g","contentUrl":"https:\/\/secure.gravatar.com\/avatar\/ecc491b489e454e510efffc9b23c1052ce5fb4f2e05555768ba65819cd55f03e?s=96&d=mm&r=g","caption":"Hudson Pereira"}}]}},"_links":{"self":[{"href":"https:\/\/www.gaveanews.com\/index.php\/wp-json\/wp\/v2\/posts\/211377","targetHints":{"allow":["GET"]}}],"collection":[{"href":"https:\/\/www.gaveanews.com\/index.php\/wp-json\/wp\/v2\/posts"}],"about":[{"href":"https:\/\/www.gaveanews.com\/index.php\/wp-json\/wp\/v2\/types\/post"}],"author":[{"embeddable":true,"href":"https:\/\/www.gaveanews.com\/index.php\/wp-json\/wp\/v2\/users\/28"}],"replies":[{"embeddable":true,"href":"https:\/\/www.gaveanews.com\/index.php\/wp-json\/wp\/v2\/comments?post=211377"}],"version-history":[{"count":1,"href":"https:\/\/www.gaveanews.com\/index.php\/wp-json\/wp\/v2\/posts\/211377\/revisions"}],"predecessor-version":[{"id":211388,"href":"https:\/\/www.gaveanews.com\/index.php\/wp-json\/wp\/v2\/posts\/211377\/revisions\/211388"}],"wp:featuredmedia":[{"embeddable":true,"href":"https:\/\/www.gaveanews.com\/index.php\/wp-json\/wp\/v2\/media\/156132"}],"wp:attachment":[{"href":"https:\/\/www.gaveanews.com\/index.php\/wp-json\/wp\/v2\/media?parent=211377"}],"wp:term":[{"taxonomy":"category","embeddable":true,"href":"https:\/\/www.gaveanews.com\/index.php\/wp-json\/wp\/v2\/categories?post=211377"},{"taxonomy":"post_tag","embeddable":true,"href":"https:\/\/www.gaveanews.com\/index.php\/wp-json\/wp\/v2\/tags?post=211377"}],"curies":[{"name":"wp","href":"https:\/\/api.w.org\/{rel}","templated":true}]}}