{"id":211405,"date":"2025-01-11T20:25:00","date_gmt":"2025-01-11T23:25:00","guid":{"rendered":"https:\/\/www.gaveanews.com\/?p=211405"},"modified":"2025-01-11T17:56:28","modified_gmt":"2025-01-11T20:56:28","slug":"jogadores-do-fluminense-revelam-expectativa-para-campeonato-carioca","status":"publish","type":"post","link":"https:\/\/www.gaveanews.com\/index.php\/2025\/01\/11\/jogadores-do-fluminense-revelam-expectativa-para-campeonato-carioca\/","title":{"rendered":"Jogadores do Fluminense revelam expectativa para Campeonato Carioca"},"content":{"rendered":"\n<p>A expectativa \u00e9 grande nos bastidores do Fluminense para a estreia de Isaque e Riquelme no Campeonato Carioca. Ambos, joias da base tricolor, est\u00e3o prontos para dar o pr\u00f3ximo passo em suas carreiras e mostrar ao torcedor o que aprenderam ao longo dos anos nas categorias de base.<\/p>\n\n\n\n<ul class=\"wp-block-list\">\n<li><a href=\"https:\/\/www.gaveanews.com\/index.php\/2025\/01\/11\/ferj-atende-pedido-realizado-pelo-fluminense\/\">FERJ atende pedido realizado pelo Fluminense<\/a><\/li>\n\n\n\n<li><a href=\"https:\/\/www.gaveanews.com\/index.php\/2025\/01\/10\/a-declaracao-de-german-cano-apos-retornar-ao-fluminense\/\">A declara\u00e7\u00e3o de Germ\u00e1n Cano ap\u00f3s retornar ao Fluminense<\/a><\/li>\n<\/ul>\n\n\n\n<h2 class=\"wp-block-heading\" id=\"h-o-inicio-de-um-novo-ciclo-isaque-e-riquelme-ansiosos-para-o-carioca\">O in\u00edcio de um novo ciclo: Isaque e Riquelme ansiosos para o Carioca<\/h2>\n\n\n\n<p>Isaque e Riquelme sabem que o Campeonato Carioca ser\u00e1 a grande vitrine para sua adapta\u00e7\u00e3o ao time profissional. Ambos compartilham o desejo de conquistar ainda mais espa\u00e7o na equipe principal e t\u00eam uma expectativa que vai al\u00e9m do simples desejo de jogar.&nbsp;<\/p>\n\n\n\n<p>Para Isaque, a realiza\u00e7\u00e3o de mais um sonho est\u00e1 ao alcance, mas ele refor\u00e7a que &#8220;\u00e9 uma nova etapa&#8221;.&nbsp;<\/p>\n\n\n\n<p>\u201cQuando chega aqui (profissional), come\u00e7a tudo do zero, \u00e9 uma nova etapa. Claro que n\u00e3o apaga o que fizemos l\u00e1 atr\u00e1s, vai ficar marcado. Mas aqui \u00e9 um novo in\u00edcio\u201d, afirmou o jovem meia-atacante.<\/p>\n\n\n\n<p>Riquelme tamb\u00e9m enxerga a competi\u00e7\u00e3o estadual como um marco importante em sua trajet\u00f3ria. Para ele, n\u00e3o existe press\u00e3o, apenas o desejo de jogar de maneira leve e com alegria.&nbsp;<\/p>\n\n\n\n<p>&#8220;Temos que entrar em campo e fazer aquilo que a gente sabe fazer de melhor, leve e solto, e dar muitas alegrias \u00e0 torcida tricolor&#8221;, disse o atacante.<\/p>\n\n\n\n<blockquote class=\"twitter-tweet\"><p lang=\"pt\" dir=\"ltr\">Isaque e Riquelme, uma amizade de longa data em Xer\u00e9m que agora chega ao elenco profissional do Fluminense cercada de expectativa.<br><br>Parceria com <a href=\"https:\/\/twitter.com\/nevesmarcello?ref_src=twsrc%5Etfw\">@nevesmarcello<\/a>, <a href=\"https:\/\/twitter.com\/SofiaMiranda7?ref_src=twsrc%5Etfw\">@SofiaMiranda7<\/a> e <a href=\"https:\/\/twitter.com\/genito?ref_src=twsrc%5Etfw\">@genito<\/a> para o Globo Esporte deste s\u00e1bado <a href=\"https:\/\/twitter.com\/hashtag\/geflu?src=hash&amp;ref_src=twsrc%5Etfw\">#geflu<\/a> \ud83d\udc47 <a href=\"https:\/\/t.co\/KFAFwbUjyq\">pic.twitter.com\/KFAFwbUjyq<\/a><\/p>&mdash; Edgard Maciel de S\u00e1 (@edmacieldesa) <a href=\"https:\/\/twitter.com\/edmacieldesa\/status\/1878122730064679283?ref_src=twsrc%5Etfw\">January 11, 2025<\/a><\/blockquote> <script async src=\"https:\/\/platform.twitter.com\/widgets.js\" charset=\"utf-8\"><\/script>\n\n\n\n<h2 class=\"wp-block-heading\" id=\"h-o-fluminense-e-a-confianca-no-talento-jovem\">O Fluminense e a confian\u00e7a no talento jovem<\/h2>\n\n\n\n<p>A confian\u00e7a da comiss\u00e3o t\u00e9cnica e da torcida no talento de Isaque e Riquelme \u00e9 evidente, e o Campeonato Carioca representa a oportunidade de mostrar todo o potencial desses jovens.&nbsp;<\/p>\n\n\n\n<p>\u201cA expectativa \u00e9 a melhor, a gente vai realizar mais um sonho, que \u00e9 estrear pelo profissional, estamos na luta desde novinhos\u2026 Vai ser a realiza\u00e7\u00e3o de um sonho e \u00e9 um prazer vestir a camisa do Fluminense pela equipe profissional agora\u201d, disse Riquelme.<\/p>\n\n\n\n<p>Isaque compartilha a mesma empolga\u00e7\u00e3o: &#8220;\u00c9 a realiza\u00e7\u00e3o de um sonho tanto nosso quanto das nossas fam\u00edlias, que largaram tudo l\u00e1 atr\u00e1s para viverem o nosso sonho. Estar \u00e0 beira de realizar este sonho \u00e9 uma felicidade imensa.&#8221;<\/p>\n\n\n\n<h2 class=\"wp-block-heading\" id=\"h-a-estreia-no-carioca-e-o-sonho-de-ver-o-maracana-lotado\">A estreia no Carioca e o sonho de ver o Maracan\u00e3 lotado<\/h2>\n\n\n\n<p>Com o Campeonato Carioca se aproximando, a ansiedade s\u00f3 aumenta. A estreia no torneio representa a oportunidade de Isaque e Riquelme realizarem mais um sonho e, quem sabe, se firmarem como \u00eddolos da torcida tricolor.&nbsp;<\/p>\n\n\n\n<p>A energia de estar em campo e disputar o torneio estadual com o Fluminense \u00e9 algo que os dois aguardam com muita empolga\u00e7\u00e3o.<\/p>\n\n\n\n<p>Para Isaque, a experi\u00eancia de jogar no Maracan\u00e3 \u00e9 algo que ficar\u00e1 para sempre em sua mem\u00f3ria. \u201cEra um jogo que tinha uma responsabilidade muito grande para o Fluminense\u2026 e v\u00ea-los na arquibancada, mesmo que poucos minutos, entrar no Maracan\u00e3 lotado, a gente para e pensa que conseguimos, realizamos um sonho\u201d, disse ele.<\/p>\n\n\n\n<p>Riquelme ainda espera a sua chance de estrear no m\u00edtico est\u00e1dio, mas a motiva\u00e7\u00e3o \u00e9 clara. \u201cUm momento incr\u00edvel. A gente para e pensa em tudo o que passamos l\u00e1 atr\u00e1s. A gente olha e pensa que nunca imaginamos viver isso t\u00e3o novos, t\u00e3o cedo. Como eu sempre falo, \u00e9 a realiza\u00e7\u00e3o de um sonho\u201d, completou ele.<\/p>\n","protected":false},"excerpt":{"rendered":"<p>A expectativa \u00e9 grande nos bastidores do Fluminense para a estreia de Isaque e Riquelme no Campeonato Carioca. Ambos, joias da base tricolor, est\u00e3o prontos para dar o pr\u00f3ximo passo em suas carreiras e mostrar ao torcedor o que aprenderam ao longo dos anos nas categorias de base. O in\u00edcio de um novo ciclo: Isaque [&hellip;]<\/p>\n","protected":false},"author":25,"featured_media":144992,"comment_status":"open","ping_status":"closed","sticky":false,"template":"","format":"standard","meta":{"footnotes":""},"categories":[145],"tags":[],"class_list":["post-211405","post","type-post","status-publish","format-standard","has-post-thumbnail","hentry","category-fluminense"],"yoast_head":"<!-- This site is optimized with the Yoast SEO Premium plugin v24.2 (Yoast SEO v26.9) - https:\/\/yoast.com\/product\/yoast-seo-premium-wordpress\/ -->\n<title>Jogadores do Fluminense revelam expectativa para Campeonato Carioca<\/title>\n<meta name=\"robots\" content=\"index, follow, max-snippet:-1, max-image-preview:large, max-video-preview:-1\" \/>\n<link rel=\"canonical\" href=\"https:\/\/www.gaveanews.com\/index.php\/2025\/01\/11\/jogadores-do-fluminense-revelam-expectativa-para-campeonato-carioca\/\" \/>\n<meta property=\"og:locale\" content=\"pt_BR\" \/>\n<meta property=\"og:type\" content=\"article\" \/>\n<meta property=\"og:title\" content=\"Jogadores do Fluminense revelam expectativa para Campeonato Carioca\" \/>\n<meta property=\"og:description\" content=\"A expectativa \u00e9 grande nos bastidores do Fluminense para a estreia de Isaque e Riquelme no Campeonato Carioca. Ambos, joias da base tricolor, est\u00e3o prontos para dar o pr\u00f3ximo passo em suas carreiras e mostrar ao torcedor o que aprenderam ao longo dos anos nas categorias de base. O in\u00edcio de um novo ciclo: Isaque [&hellip;]\" \/>\n<meta property=\"og:url\" content=\"https:\/\/www.gaveanews.com\/index.php\/2025\/01\/11\/jogadores-do-fluminense-revelam-expectativa-para-campeonato-carioca\/\" \/>\n<meta property=\"og:site_name\" content=\"G\u00e1vea News\" \/>\n<meta property=\"article:publisher\" content=\"https:\/\/facebook.com\/gaveaNews\/\" \/>\n<meta property=\"article:published_time\" content=\"2025-01-11T23:25:00+00:00\" \/>\n<meta property=\"og:image\" content=\"https:\/\/www.gaveanews.com\/wp-content\/uploads\/Escudo-do-Fluminense.webp\" \/>\n\t<meta property=\"og:image:width\" content=\"1000\" \/>\n\t<meta property=\"og:image:height\" content=\"667\" \/>\n\t<meta property=\"og:image:type\" content=\"image\/webp\" \/>\n<meta name=\"author\" content=\"Rafaela Ladeira\" \/>\n<meta name=\"twitter:card\" content=\"summary_large_image\" \/>\n<meta name=\"twitter:label1\" content=\"Escrito por\" \/>\n\t<meta name=\"twitter:data1\" content=\"Rafaela Ladeira\" \/>\n\t<meta name=\"twitter:label2\" content=\"Est. tempo de leitura\" \/>\n\t<meta name=\"twitter:data2\" content=\"4 minutos\" \/>\n<script type=\"application\/ld+json\" class=\"yoast-schema-graph\">{\"@context\":\"https:\/\/schema.org\",\"@graph\":[{\"@type\":\"NewsArticle\",\"@id\":\"https:\/\/www.gaveanews.com\/index.php\/2025\/01\/11\/jogadores-do-fluminense-revelam-expectativa-para-campeonato-carioca\/#article\",\"isPartOf\":{\"@id\":\"https:\/\/www.gaveanews.com\/index.php\/2025\/01\/11\/jogadores-do-fluminense-revelam-expectativa-para-campeonato-carioca\/\"},\"author\":{\"name\":\"Rafaela Ladeira\",\"@id\":\"https:\/\/www.gaveanews.com\/#\/schema\/person\/0eb3e3fe1754f0205218538adbe8f5ed\"},\"headline\":\"Jogadores do Fluminense revelam expectativa para Campeonato Carioca\",\"datePublished\":\"2025-01-11T23:25:00+00:00\",\"mainEntityOfPage\":{\"@id\":\"https:\/\/www.gaveanews.com\/index.php\/2025\/01\/11\/jogadores-do-fluminense-revelam-expectativa-para-campeonato-carioca\/\"},\"wordCount\":614,\"commentCount\":0,\"image\":{\"@id\":\"https:\/\/www.gaveanews.com\/index.php\/2025\/01\/11\/jogadores-do-fluminense-revelam-expectativa-para-campeonato-carioca\/#primaryimage\"},\"thumbnailUrl\":\"https:\/\/www.gaveanews.com\/wp-content\/uploads\/Escudo-do-Fluminense.webp\",\"articleSection\":[\"Fluminense\"],\"inLanguage\":\"pt-BR\",\"potentialAction\":[{\"@type\":\"CommentAction\",\"name\":\"Comment\",\"target\":[\"https:\/\/www.gaveanews.com\/index.php\/2025\/01\/11\/jogadores-do-fluminense-revelam-expectativa-para-campeonato-carioca\/#respond\"]}],\"copyrightYear\":\"2025\",\"copyrightHolder\":{\"@id\":\"https:\/\/www.gaveanews.com\/#organization\"}},{\"@type\":\"WebPage\",\"@id\":\"https:\/\/www.gaveanews.com\/index.php\/2025\/01\/11\/jogadores-do-fluminense-revelam-expectativa-para-campeonato-carioca\/\",\"url\":\"https:\/\/www.gaveanews.com\/index.php\/2025\/01\/11\/jogadores-do-fluminense-revelam-expectativa-para-campeonato-carioca\/\",\"name\":\"Jogadores do Fluminense revelam expectativa para Campeonato Carioca\",\"isPartOf\":{\"@id\":\"https:\/\/www.gaveanews.com\/#website\"},\"primaryImageOfPage\":{\"@id\":\"https:\/\/www.gaveanews.com\/index.php\/2025\/01\/11\/jogadores-do-fluminense-revelam-expectativa-para-campeonato-carioca\/#primaryimage\"},\"image\":{\"@id\":\"https:\/\/www.gaveanews.com\/index.php\/2025\/01\/11\/jogadores-do-fluminense-revelam-expectativa-para-campeonato-carioca\/#primaryimage\"},\"thumbnailUrl\":\"https:\/\/www.gaveanews.com\/wp-content\/uploads\/Escudo-do-Fluminense.webp\",\"datePublished\":\"2025-01-11T23:25:00+00:00\",\"author\":{\"@id\":\"https:\/\/www.gaveanews.com\/#\/schema\/person\/0eb3e3fe1754f0205218538adbe8f5ed\"},\"breadcrumb\":{\"@id\":\"https:\/\/www.gaveanews.com\/index.php\/2025\/01\/11\/jogadores-do-fluminense-revelam-expectativa-para-campeonato-carioca\/#breadcrumb\"},\"inLanguage\":\"pt-BR\",\"potentialAction\":[{\"@type\":\"ReadAction\",\"target\":[\"https:\/\/www.gaveanews.com\/index.php\/2025\/01\/11\/jogadores-do-fluminense-revelam-expectativa-para-campeonato-carioca\/\"]}]},{\"@type\":\"ImageObject\",\"inLanguage\":\"pt-BR\",\"@id\":\"https:\/\/www.gaveanews.com\/index.php\/2025\/01\/11\/jogadores-do-fluminense-revelam-expectativa-para-campeonato-carioca\/#primaryimage\",\"url\":\"https:\/\/www.gaveanews.com\/wp-content\/uploads\/Escudo-do-Fluminense.webp\",\"contentUrl\":\"https:\/\/www.gaveanews.com\/wp-content\/uploads\/Escudo-do-Fluminense.webp\",\"width\":1000,\"height\":667,\"caption\":\"Escudo do Fluminense (Foto Reprodu\u00e7\u00e3o\/Instagram)\"},{\"@type\":\"BreadcrumbList\",\"@id\":\"https:\/\/www.gaveanews.com\/index.php\/2025\/01\/11\/jogadores-do-fluminense-revelam-expectativa-para-campeonato-carioca\/#breadcrumb\",\"itemListElement\":[{\"@type\":\"ListItem\",\"position\":1,\"name\":\"Home\",\"item\":\"https:\/\/www.gaveanews.com\/\"},{\"@type\":\"ListItem\",\"position\":2,\"name\":\"Jogadores do Fluminense revelam expectativa para Campeonato Carioca\"}]},{\"@type\":\"WebSite\",\"@id\":\"https:\/\/www.gaveanews.com\/#website\",\"url\":\"https:\/\/www.gaveanews.com\/\",\"name\":\"G\u00e1vea News\",\"description\":\"Veja todas as not\u00edcias sobre o Flamengo: Contrata\u00e7\u00f5es, categorias de base, resultados das partidas, tabela de classifica\u00e7\u00e3o, pr\u00f3ximos jogos!\",\"potentialAction\":[{\"@type\":\"SearchAction\",\"target\":{\"@type\":\"EntryPoint\",\"urlTemplate\":\"https:\/\/www.gaveanews.com\/?s={search_term_string}\"},\"query-input\":{\"@type\":\"PropertyValueSpecification\",\"valueRequired\":true,\"valueName\":\"search_term_string\"}}],\"inLanguage\":\"pt-BR\"},{\"@type\":\"Person\",\"@id\":\"https:\/\/www.gaveanews.com\/#\/schema\/person\/0eb3e3fe1754f0205218538adbe8f5ed\",\"name\":\"Rafaela Ladeira\",\"image\":{\"@type\":\"ImageObject\",\"inLanguage\":\"pt-BR\",\"@id\":\"https:\/\/www.gaveanews.com\/#\/schema\/person\/image\/\",\"url\":\"https:\/\/secure.gravatar.com\/avatar\/c31f513acffd85eacab5730cbdfdbbf59f21ba5aeada8cd890acea879fbb2455?s=96&d=mm&r=g\",\"contentUrl\":\"https:\/\/secure.gravatar.com\/avatar\/c31f513acffd85eacab5730cbdfdbbf59f21ba5aeada8cd890acea879fbb2455?s=96&d=mm&r=g\",\"caption\":\"Rafaela Ladeira\"}}]}<\/script>\n<!-- \/ Yoast SEO Premium plugin. -->","yoast_head_json":{"title":"Jogadores do Fluminense revelam expectativa para Campeonato Carioca","robots":{"index":"index","follow":"follow","max-snippet":"max-snippet:-1","max-image-preview":"max-image-preview:large","max-video-preview":"max-video-preview:-1"},"canonical":"https:\/\/www.gaveanews.com\/index.php\/2025\/01\/11\/jogadores-do-fluminense-revelam-expectativa-para-campeonato-carioca\/","og_locale":"pt_BR","og_type":"article","og_title":"Jogadores do Fluminense revelam expectativa para Campeonato Carioca","og_description":"A expectativa \u00e9 grande nos bastidores do Fluminense para a estreia de Isaque e Riquelme no Campeonato Carioca. Ambos, joias da base tricolor, est\u00e3o prontos para dar o pr\u00f3ximo passo em suas carreiras e mostrar ao torcedor o que aprenderam ao longo dos anos nas categorias de base. O in\u00edcio de um novo ciclo: Isaque [&hellip;]","og_url":"https:\/\/www.gaveanews.com\/index.php\/2025\/01\/11\/jogadores-do-fluminense-revelam-expectativa-para-campeonato-carioca\/","og_site_name":"G\u00e1vea News","article_publisher":"https:\/\/facebook.com\/gaveaNews\/","article_published_time":"2025-01-11T23:25:00+00:00","og_image":[{"width":1000,"height":667,"url":"https:\/\/www.gaveanews.com\/wp-content\/uploads\/Escudo-do-Fluminense.webp","type":"image\/webp"}],"author":"Rafaela Ladeira","twitter_card":"summary_large_image","twitter_misc":{"Escrito por":"Rafaela Ladeira","Est. tempo de leitura":"4 minutos"},"schema":{"@context":"https:\/\/schema.org","@graph":[{"@type":"NewsArticle","@id":"https:\/\/www.gaveanews.com\/index.php\/2025\/01\/11\/jogadores-do-fluminense-revelam-expectativa-para-campeonato-carioca\/#article","isPartOf":{"@id":"https:\/\/www.gaveanews.com\/index.php\/2025\/01\/11\/jogadores-do-fluminense-revelam-expectativa-para-campeonato-carioca\/"},"author":{"name":"Rafaela Ladeira","@id":"https:\/\/www.gaveanews.com\/#\/schema\/person\/0eb3e3fe1754f0205218538adbe8f5ed"},"headline":"Jogadores do Fluminense revelam expectativa para Campeonato Carioca","datePublished":"2025-01-11T23:25:00+00:00","mainEntityOfPage":{"@id":"https:\/\/www.gaveanews.com\/index.php\/2025\/01\/11\/jogadores-do-fluminense-revelam-expectativa-para-campeonato-carioca\/"},"wordCount":614,"commentCount":0,"image":{"@id":"https:\/\/www.gaveanews.com\/index.php\/2025\/01\/11\/jogadores-do-fluminense-revelam-expectativa-para-campeonato-carioca\/#primaryimage"},"thumbnailUrl":"https:\/\/www.gaveanews.com\/wp-content\/uploads\/Escudo-do-Fluminense.webp","articleSection":["Fluminense"],"inLanguage":"pt-BR","potentialAction":[{"@type":"CommentAction","name":"Comment","target":["https:\/\/www.gaveanews.com\/index.php\/2025\/01\/11\/jogadores-do-fluminense-revelam-expectativa-para-campeonato-carioca\/#respond"]}],"copyrightYear":"2025","copyrightHolder":{"@id":"https:\/\/www.gaveanews.com\/#organization"}},{"@type":"WebPage","@id":"https:\/\/www.gaveanews.com\/index.php\/2025\/01\/11\/jogadores-do-fluminense-revelam-expectativa-para-campeonato-carioca\/","url":"https:\/\/www.gaveanews.com\/index.php\/2025\/01\/11\/jogadores-do-fluminense-revelam-expectativa-para-campeonato-carioca\/","name":"Jogadores do Fluminense revelam expectativa para Campeonato Carioca","isPartOf":{"@id":"https:\/\/www.gaveanews.com\/#website"},"primaryImageOfPage":{"@id":"https:\/\/www.gaveanews.com\/index.php\/2025\/01\/11\/jogadores-do-fluminense-revelam-expectativa-para-campeonato-carioca\/#primaryimage"},"image":{"@id":"https:\/\/www.gaveanews.com\/index.php\/2025\/01\/11\/jogadores-do-fluminense-revelam-expectativa-para-campeonato-carioca\/#primaryimage"},"thumbnailUrl":"https:\/\/www.gaveanews.com\/wp-content\/uploads\/Escudo-do-Fluminense.webp","datePublished":"2025-01-11T23:25:00+00:00","author":{"@id":"https:\/\/www.gaveanews.com\/#\/schema\/person\/0eb3e3fe1754f0205218538adbe8f5ed"},"breadcrumb":{"@id":"https:\/\/www.gaveanews.com\/index.php\/2025\/01\/11\/jogadores-do-fluminense-revelam-expectativa-para-campeonato-carioca\/#breadcrumb"},"inLanguage":"pt-BR","potentialAction":[{"@type":"ReadAction","target":["https:\/\/www.gaveanews.com\/index.php\/2025\/01\/11\/jogadores-do-fluminense-revelam-expectativa-para-campeonato-carioca\/"]}]},{"@type":"ImageObject","inLanguage":"pt-BR","@id":"https:\/\/www.gaveanews.com\/index.php\/2025\/01\/11\/jogadores-do-fluminense-revelam-expectativa-para-campeonato-carioca\/#primaryimage","url":"https:\/\/www.gaveanews.com\/wp-content\/uploads\/Escudo-do-Fluminense.webp","contentUrl":"https:\/\/www.gaveanews.com\/wp-content\/uploads\/Escudo-do-Fluminense.webp","width":1000,"height":667,"caption":"Escudo do Fluminense (Foto Reprodu\u00e7\u00e3o\/Instagram)"},{"@type":"BreadcrumbList","@id":"https:\/\/www.gaveanews.com\/index.php\/2025\/01\/11\/jogadores-do-fluminense-revelam-expectativa-para-campeonato-carioca\/#breadcrumb","itemListElement":[{"@type":"ListItem","position":1,"name":"Home","item":"https:\/\/www.gaveanews.com\/"},{"@type":"ListItem","position":2,"name":"Jogadores do Fluminense revelam expectativa para Campeonato Carioca"}]},{"@type":"WebSite","@id":"https:\/\/www.gaveanews.com\/#website","url":"https:\/\/www.gaveanews.com\/","name":"G\u00e1vea News","description":"Veja todas as not\u00edcias sobre o Flamengo: Contrata\u00e7\u00f5es, categorias de base, resultados das partidas, tabela de classifica\u00e7\u00e3o, pr\u00f3ximos jogos!","potentialAction":[{"@type":"SearchAction","target":{"@type":"EntryPoint","urlTemplate":"https:\/\/www.gaveanews.com\/?s={search_term_string}"},"query-input":{"@type":"PropertyValueSpecification","valueRequired":true,"valueName":"search_term_string"}}],"inLanguage":"pt-BR"},{"@type":"Person","@id":"https:\/\/www.gaveanews.com\/#\/schema\/person\/0eb3e3fe1754f0205218538adbe8f5ed","name":"Rafaela Ladeira","image":{"@type":"ImageObject","inLanguage":"pt-BR","@id":"https:\/\/www.gaveanews.com\/#\/schema\/person\/image\/","url":"https:\/\/secure.gravatar.com\/avatar\/c31f513acffd85eacab5730cbdfdbbf59f21ba5aeada8cd890acea879fbb2455?s=96&d=mm&r=g","contentUrl":"https:\/\/secure.gravatar.com\/avatar\/c31f513acffd85eacab5730cbdfdbbf59f21ba5aeada8cd890acea879fbb2455?s=96&d=mm&r=g","caption":"Rafaela Ladeira"}}]}},"_links":{"self":[{"href":"https:\/\/www.gaveanews.com\/index.php\/wp-json\/wp\/v2\/posts\/211405","targetHints":{"allow":["GET"]}}],"collection":[{"href":"https:\/\/www.gaveanews.com\/index.php\/wp-json\/wp\/v2\/posts"}],"about":[{"href":"https:\/\/www.gaveanews.com\/index.php\/wp-json\/wp\/v2\/types\/post"}],"author":[{"embeddable":true,"href":"https:\/\/www.gaveanews.com\/index.php\/wp-json\/wp\/v2\/users\/25"}],"replies":[{"embeddable":true,"href":"https:\/\/www.gaveanews.com\/index.php\/wp-json\/wp\/v2\/comments?post=211405"}],"version-history":[{"count":1,"href":"https:\/\/www.gaveanews.com\/index.php\/wp-json\/wp\/v2\/posts\/211405\/revisions"}],"predecessor-version":[{"id":211408,"href":"https:\/\/www.gaveanews.com\/index.php\/wp-json\/wp\/v2\/posts\/211405\/revisions\/211408"}],"wp:featuredmedia":[{"embeddable":true,"href":"https:\/\/www.gaveanews.com\/index.php\/wp-json\/wp\/v2\/media\/144992"}],"wp:attachment":[{"href":"https:\/\/www.gaveanews.com\/index.php\/wp-json\/wp\/v2\/media?parent=211405"}],"wp:term":[{"taxonomy":"category","embeddable":true,"href":"https:\/\/www.gaveanews.com\/index.php\/wp-json\/wp\/v2\/categories?post=211405"},{"taxonomy":"post_tag","embeddable":true,"href":"https:\/\/www.gaveanews.com\/index.php\/wp-json\/wp\/v2\/tags?post=211405"}],"curies":[{"name":"wp","href":"https:\/\/api.w.org\/{rel}","templated":true}]}}