{"id":211502,"date":"2025-01-12T20:55:50","date_gmt":"2025-01-12T23:55:50","guid":{"rendered":"https:\/\/www.gaveanews.com\/?p=211502"},"modified":"2025-01-12T20:46:11","modified_gmt":"2025-01-12T23:46:11","slug":"leo-jardim-paulo-henrique-mauricio-lemos-joao-victor-lucas-piton-tche-tche-jair-paulinho-philippe-coutinho-david-e-vegetti-a-escalacao-ideal-do-vasco-para-2025","status":"publish","type":"post","link":"https:\/\/www.gaveanews.com\/index.php\/2025\/01\/12\/leo-jardim-paulo-henrique-mauricio-lemos-joao-victor-lucas-piton-tche-tche-jair-paulinho-philippe-coutinho-david-e-vegetti-a-escalacao-ideal-do-vasco-para-2025\/","title":{"rendered":"L\u00e9o Jardim, Paulo Henrique, Maur\u00edcio Lemos, Jo\u00e3o Victor, Lucas Piton, Tch\u00ea Tch\u00ea, Jair, Paulinho, Philippe Coutinho, David e Vegetti: a escala\u00e7\u00e3o ideal do Vasco para 2025"},"content":{"rendered":"\n<p>A temporada est\u00e1 para come\u00e7ar com as disputas dos campeonatos estaduais. Enquanto v\u00e1rios times j\u00e1 se reapresentaram e j\u00e1 iniciaram a pr\u00e9-temporada, se especula qual time ideal para 2025.<\/p>\n\n\n\n<ul class=\"wp-block-list\">\n<li><a href=\"https:\/\/www.gaveanews.com\/index.php\/2025\/01\/11\/paulo-massini-indica-qual-sera-o-futuro-de-rony-do-palmeiras\/\">Paulo Massini indica qual ser\u00e1 o futuro de Rony, do Palmeiras<\/a><\/li>\n\n\n\n<li><a href=\"https:\/\/www.gaveanews.com\/index.php\/2025\/01\/10\/cicinho-responde-quem-e-o-melhor-lateral-do-brasil\/\">Cicinho responde quem \u00e9 o melhor lateral do Brasil<\/a><\/li>\n<\/ul>\n\n\n\n<p>Assim, o G\u00e1vea News analisou as contrata\u00e7\u00f5es e os jogadores que se reapresentaram nesse in\u00edcio de temporada para levantar qual seria a escala\u00e7\u00e3o ideal do Vasco, para enfrentar os desafios do novo ano no futebol brasileiro.<\/p>\n\n\n\n<h2 class=\"wp-block-heading\" id=\"h-leo-jardim\">L\u00e9o Jardim<\/h2>\n\n\n\n<p>O pared\u00e3o vasca\u00edno fez 59 jogos dos 61 que foram disputados em 2024. O goleiro de 29 anos \u00e9 titular incontest\u00e1vel da equipe e j\u00e1 tem conversas para uma extens\u00e3o contratual com o Vasco da Gama.<\/p>\n\n\n\n<figure class=\"wp-block-image size-large\"><img loading=\"lazy\" decoding=\"async\" width=\"1024\" height=\"640\" src=\"https:\/\/www.gaveanews.com\/wp-content\/uploads\/Leo-Jardim-em-acao-pelo-Vasco-1024x640.webp\" alt=\"\" class=\"wp-image-169868\" srcset=\"https:\/\/www.gaveanews.com\/wp-content\/uploads\/Leo-Jardim-em-acao-pelo-Vasco-1024x640.webp 1024w, https:\/\/www.gaveanews.com\/wp-content\/uploads\/Leo-Jardim-em-acao-pelo-Vasco-300x188.webp 300w, https:\/\/www.gaveanews.com\/wp-content\/uploads\/Leo-Jardim-em-acao-pelo-Vasco-768x480.webp 768w, https:\/\/www.gaveanews.com\/wp-content\/uploads\/Leo-Jardim-em-acao-pelo-Vasco-1536x960.webp 1536w, https:\/\/www.gaveanews.com\/wp-content\/uploads\/Leo-Jardim-em-acao-pelo-Vasco-672x420.webp 672w, https:\/\/www.gaveanews.com\/wp-content\/uploads\/Leo-Jardim-em-acao-pelo-Vasco-1344x840.webp 1344w, https:\/\/www.gaveanews.com\/wp-content\/uploads\/Leo-Jardim-em-acao-pelo-Vasco-640x400.webp 640w, https:\/\/www.gaveanews.com\/wp-content\/uploads\/Leo-Jardim-em-acao-pelo-Vasco-1280x800.webp 1280w, https:\/\/www.gaveanews.com\/wp-content\/uploads\/Leo-Jardim-em-acao-pelo-Vasco-681x426.webp 681w, https:\/\/www.gaveanews.com\/wp-content\/uploads\/Leo-Jardim-em-acao-pelo-Vasco-1362x851.webp 1362w, https:\/\/www.gaveanews.com\/wp-content\/uploads\/Leo-Jardim-em-acao-pelo-Vasco-100x63.webp 100w, https:\/\/www.gaveanews.com\/wp-content\/uploads\/Leo-Jardim-em-acao-pelo-Vasco.webp 1600w\" sizes=\"auto, (max-width: 1024px) 100vw, 1024px\" \/><figcaption class=\"wp-element-caption\">L\u00e9o Jardim em a\u00e7\u00e3o pelo Vasco (Foto: Leandro Amorim\/Vasco)<\/figcaption><\/figure>\n\n\n\n<h2 class=\"wp-block-heading\" id=\"h-paulo-henrique\">Paulo Henrique<\/h2>\n\n\n\n<p>Contratado junto ao Atl\u00e9tico-MG no come\u00e7o de 2024, o lateral-direito chegou no Vasco para ser uma alternativa para Puma Rodr\u00edguez. Mas com as consecutivas boas atua\u00e7\u00f5es assumiu o posto de titular.<\/p>\n\n\n\n<figure class=\"wp-block-image size-full\"><img loading=\"lazy\" decoding=\"async\" width=\"600\" height=\"400\" src=\"https:\/\/www.gaveanews.com\/wp-content\/uploads\/Paulo-Henrique-apresentado-pelo-Vasco.webp\" alt=\"\" class=\"wp-image-170699\" srcset=\"https:\/\/www.gaveanews.com\/wp-content\/uploads\/Paulo-Henrique-apresentado-pelo-Vasco.webp 600w, https:\/\/www.gaveanews.com\/wp-content\/uploads\/Paulo-Henrique-apresentado-pelo-Vasco-300x200.webp 300w, https:\/\/www.gaveanews.com\/wp-content\/uploads\/Paulo-Henrique-apresentado-pelo-Vasco-100x67.webp 100w\" sizes=\"auto, (max-width: 600px) 100vw, 600px\" \/><figcaption class=\"wp-element-caption\">Paulo Henrique apresentado pelo Vasco (Foto: Daniel Ramalho\/Vasco)<\/figcaption><\/figure>\n\n\n\n<h2 class=\"wp-block-heading\" id=\"h-mauricio-lemos\">Maur\u00edcio Lemos<\/h2>\n\n\n\n<p>O zagueiro uruguaio \u00e9 mais um atleta que o Vasco buscou no Atl\u00e9tico-MG, mas com um ano de diferen\u00e7a. O clube at\u00e9 tentou a contrata\u00e7\u00e3o dele em 2024, mas n\u00e3o se acertou com o Alvinegro. Nesta janela de transfer\u00eancias, no entanto, o Galo o liberou e ele preenche a lacuna de um zagueiro experiente que existe no elenco vasca\u00edno.<\/p>\n\n\n\n<figure class=\"wp-block-image size-large\"><img loading=\"lazy\" decoding=\"async\" width=\"834\" height=\"1024\" src=\"https:\/\/www.gaveanews.com\/wp-content\/uploads\/Mauricio-Lemos-com-a-camisa-do-Atletico-MG-834x1024.webp\" alt=\"\" class=\"wp-image-153916\" srcset=\"https:\/\/www.gaveanews.com\/wp-content\/uploads\/Mauricio-Lemos-com-a-camisa-do-Atletico-MG-834x1024.webp 834w, https:\/\/www.gaveanews.com\/wp-content\/uploads\/Mauricio-Lemos-com-a-camisa-do-Atletico-MG-244x300.webp 244w, https:\/\/www.gaveanews.com\/wp-content\/uploads\/Mauricio-Lemos-com-a-camisa-do-Atletico-MG-768x943.webp 768w, https:\/\/www.gaveanews.com\/wp-content\/uploads\/Mauricio-Lemos-com-a-camisa-do-Atletico-MG-342x420.webp 342w, https:\/\/www.gaveanews.com\/wp-content\/uploads\/Mauricio-Lemos-com-a-camisa-do-Atletico-MG-684x840.webp 684w, https:\/\/www.gaveanews.com\/wp-content\/uploads\/Mauricio-Lemos-com-a-camisa-do-Atletico-MG-640x786.webp 640w, https:\/\/www.gaveanews.com\/wp-content\/uploads\/Mauricio-Lemos-com-a-camisa-do-Atletico-MG-681x836.webp 681w, https:\/\/www.gaveanews.com\/wp-content\/uploads\/Mauricio-Lemos-com-a-camisa-do-Atletico-MG-100x123.webp 100w, https:\/\/www.gaveanews.com\/wp-content\/uploads\/Mauricio-Lemos-com-a-camisa-do-Atletico-MG.webp 1075w\" sizes=\"auto, (max-width: 834px) 100vw, 834px\" \/><figcaption class=\"wp-element-caption\">Maur\u00edcio Lemos com a camisa do Atl\u00e9tico-MG (Foto: Reprodu\u00e7\u00e3o\/Atl\u00e9tico-MG)<\/figcaption><\/figure>\n\n\n\n<h2 class=\"wp-block-heading\" id=\"h-joao-victor\">Jo\u00e3o Victor<\/h2>\n\n\n\n<p>A contrata\u00e7\u00e3o mais cara da hist\u00f3ria do Vasco, Jo\u00e3o Victor \u00e9 o \u00fanico remanescentes dos zagueiros que rodaram o elenco em 2024. Existem uma expectativa muito alta sobre ele, principalmente com a chegada de Lemos.<\/p>\n\n\n\n<figure class=\"wp-block-image size-full\"><img loading=\"lazy\" decoding=\"async\" width=\"984\" height=\"656\" src=\"https:\/\/www.gaveanews.com\/wp-content\/uploads\/Joao-Victor-em-acao-pelo-Vasco.webp\" alt=\"\" class=\"wp-image-169870\" srcset=\"https:\/\/www.gaveanews.com\/wp-content\/uploads\/Joao-Victor-em-acao-pelo-Vasco.webp 984w, https:\/\/www.gaveanews.com\/wp-content\/uploads\/Joao-Victor-em-acao-pelo-Vasco-300x200.webp 300w, https:\/\/www.gaveanews.com\/wp-content\/uploads\/Joao-Victor-em-acao-pelo-Vasco-768x512.webp 768w, https:\/\/www.gaveanews.com\/wp-content\/uploads\/Joao-Victor-em-acao-pelo-Vasco-630x420.webp 630w, https:\/\/www.gaveanews.com\/wp-content\/uploads\/Joao-Victor-em-acao-pelo-Vasco-640x427.webp 640w, https:\/\/www.gaveanews.com\/wp-content\/uploads\/Joao-Victor-em-acao-pelo-Vasco-681x454.webp 681w, https:\/\/www.gaveanews.com\/wp-content\/uploads\/Joao-Victor-em-acao-pelo-Vasco-100x67.webp 100w\" sizes=\"auto, (max-width: 984px) 100vw, 984px\" \/><figcaption class=\"wp-element-caption\">Jo\u00e3o Victor em a\u00e7\u00e3o pelo Vasco (Foto: Leandro Amorim\/Vasco)<\/figcaption><\/figure>\n\n\n\n<h2 class=\"wp-block-heading\" id=\"h-lucas-piton\">Lucas Piton<\/h2>\n\n\n\n<p>Apesar das especula\u00e7\u00f5es que o lateral-esquerdo poderia sair do clube nesta janela de transfer\u00eancias, nenhuma proposta oficial o tirou do Vasco. Ele permanece na equipe e fecha a linha defensiva do t\u00e9cnico F\u00e1bio Carille.<\/p>\n\n\n\n<figure class=\"wp-block-image size-large\"><img loading=\"lazy\" decoding=\"async\" width=\"1024\" height=\"682\" src=\"https:\/\/www.gaveanews.com\/wp-content\/uploads\/Lucas-Piton-apresentado-pelo-Vasco-1024x682.webp\" alt=\"\" class=\"wp-image-169866\" srcset=\"https:\/\/www.gaveanews.com\/wp-content\/uploads\/Lucas-Piton-apresentado-pelo-Vasco-1024x682.webp 1024w, https:\/\/www.gaveanews.com\/wp-content\/uploads\/Lucas-Piton-apresentado-pelo-Vasco-300x200.webp 300w, https:\/\/www.gaveanews.com\/wp-content\/uploads\/Lucas-Piton-apresentado-pelo-Vasco-768x511.webp 768w, https:\/\/www.gaveanews.com\/wp-content\/uploads\/Lucas-Piton-apresentado-pelo-Vasco-1536x1022.webp 1536w, https:\/\/www.gaveanews.com\/wp-content\/uploads\/Lucas-Piton-apresentado-pelo-Vasco-631x420.webp 631w, https:\/\/www.gaveanews.com\/wp-content\/uploads\/Lucas-Piton-apresentado-pelo-Vasco-1262x840.webp 1262w, https:\/\/www.gaveanews.com\/wp-content\/uploads\/Lucas-Piton-apresentado-pelo-Vasco-640x426.webp 640w, https:\/\/www.gaveanews.com\/wp-content\/uploads\/Lucas-Piton-apresentado-pelo-Vasco-1280x852.webp 1280w, https:\/\/www.gaveanews.com\/wp-content\/uploads\/Lucas-Piton-apresentado-pelo-Vasco-681x453.webp 681w, https:\/\/www.gaveanews.com\/wp-content\/uploads\/Lucas-Piton-apresentado-pelo-Vasco-1362x907.webp 1362w, https:\/\/www.gaveanews.com\/wp-content\/uploads\/Lucas-Piton-apresentado-pelo-Vasco-100x67.webp 100w, https:\/\/www.gaveanews.com\/wp-content\/uploads\/Lucas-Piton-apresentado-pelo-Vasco.webp 1600w\" sizes=\"auto, (max-width: 1024px) 100vw, 1024px\" \/><figcaption class=\"wp-element-caption\">Lucas Piton apresentado pelo Vasco (Foto: Divulga\u00e7\u00e3o\/Vasco)<\/figcaption><\/figure>\n\n\n\n<h2 class=\"wp-block-heading\" id=\"h-tche-tche\">Tch\u00ea Tch\u00ea<\/h2>\n\n\n\n<p>O meio-campista campe\u00e3o da Libertadores e do Brasileir\u00e3o com o Botafogo ficou livre no mercado ao fim de 2024. A contrata\u00e7\u00e3o dele encorpa o meio de campo do Vasco e ainda atende o perfil vencedor que \u00e9 buscado pela diretoria.<\/p>\n\n\n\n<figure class=\"wp-block-image size-full\"><img loading=\"lazy\" decoding=\"async\" width=\"984\" height=\"656\" src=\"https:\/\/www.gaveanews.com\/wp-content\/uploads\/Tche-Tche-apresentado-pelo-Botafogo.webp\" alt=\"\" class=\"wp-image-167058\" srcset=\"https:\/\/www.gaveanews.com\/wp-content\/uploads\/Tche-Tche-apresentado-pelo-Botafogo.webp 984w, https:\/\/www.gaveanews.com\/wp-content\/uploads\/Tche-Tche-apresentado-pelo-Botafogo-300x200.webp 300w, https:\/\/www.gaveanews.com\/wp-content\/uploads\/Tche-Tche-apresentado-pelo-Botafogo-768x512.webp 768w, https:\/\/www.gaveanews.com\/wp-content\/uploads\/Tche-Tche-apresentado-pelo-Botafogo-630x420.webp 630w, https:\/\/www.gaveanews.com\/wp-content\/uploads\/Tche-Tche-apresentado-pelo-Botafogo-640x427.webp 640w, https:\/\/www.gaveanews.com\/wp-content\/uploads\/Tche-Tche-apresentado-pelo-Botafogo-681x454.webp 681w, https:\/\/www.gaveanews.com\/wp-content\/uploads\/Tche-Tche-apresentado-pelo-Botafogo-100x67.webp 100w\" sizes=\"auto, (max-width: 984px) 100vw, 984px\" \/><figcaption class=\"wp-element-caption\">Tch\u00ea Tch\u00ea apresentado pelo Botafogo (Foto: Vitor Silva\/Botafogo)<\/figcaption><\/figure>\n\n\n\n<h2 class=\"wp-block-heading\" id=\"h-jair\">Jair<\/h2>\n\n\n\n<p>O volante se lesionou no in\u00edcio da temporada passada e desfalcou a equipe por quase toda a temporada, voltando \u00e0 campo apenas na reta final do Brasileir\u00e3o. Em 2025, a expectativa \u00e9 que a experi\u00eancia e qualidade elevem o meio de campo vasca\u00edno.<\/p>\n\n\n\n<figure class=\"wp-block-image size-full\"><img loading=\"lazy\" decoding=\"async\" width=\"1024\" height=\"684\" src=\"https:\/\/www.gaveanews.com\/wp-content\/uploads\/Jair-em-acao-pelo-Vasco.webp\" alt=\"\" class=\"wp-image-167649\" srcset=\"https:\/\/www.gaveanews.com\/wp-content\/uploads\/Jair-em-acao-pelo-Vasco.webp 1024w, https:\/\/www.gaveanews.com\/wp-content\/uploads\/Jair-em-acao-pelo-Vasco-300x200.webp 300w, https:\/\/www.gaveanews.com\/wp-content\/uploads\/Jair-em-acao-pelo-Vasco-768x513.webp 768w, https:\/\/www.gaveanews.com\/wp-content\/uploads\/Jair-em-acao-pelo-Vasco-629x420.webp 629w, https:\/\/www.gaveanews.com\/wp-content\/uploads\/Jair-em-acao-pelo-Vasco-537x360.webp 537w, https:\/\/www.gaveanews.com\/wp-content\/uploads\/Jair-em-acao-pelo-Vasco-640x428.webp 640w, https:\/\/www.gaveanews.com\/wp-content\/uploads\/Jair-em-acao-pelo-Vasco-681x455.webp 681w, https:\/\/www.gaveanews.com\/wp-content\/uploads\/Jair-em-acao-pelo-Vasco-1022x684.webp 1022w, https:\/\/www.gaveanews.com\/wp-content\/uploads\/Jair-em-acao-pelo-Vasco-100x67.webp 100w\" sizes=\"auto, (max-width: 1024px) 100vw, 1024px\" \/><figcaption class=\"wp-element-caption\">Jair em a\u00e7\u00e3o pelo Vasco (Foto: Daniel Ramalho\/Vasco)<\/figcaption><\/figure>\n\n\n\n<h2 class=\"wp-block-heading\" id=\"h-paulinho\">Paulinho<\/h2>\n\n\n\n<p>Outro jogador de alto potencial que se lesionou no in\u00edcio do ano passado. Paulinho chegou na metade de 2023 e foi crucial para que o Vasco conseguisse se manter na S\u00e9rie A. Com a recupera\u00e7\u00e3o dele, formando uma trinca com Jair e Tch\u00ea Tch\u00ea se espera que o Vasco tenha poder de marca\u00e7\u00e3o e qualidade para fazer a transi\u00e7\u00e3o de jogo.<\/p>\n\n\n\n<figure class=\"wp-block-image size-full\"><img loading=\"lazy\" decoding=\"async\" width=\"582\" height=\"516\" src=\"https:\/\/www.gaveanews.com\/wp-content\/uploads\/Paulinho-Paula-e-apresentado-pelo-Vasco.webp\" alt=\"\" class=\"wp-image-171367\" srcset=\"https:\/\/www.gaveanews.com\/wp-content\/uploads\/Paulinho-Paula-e-apresentado-pelo-Vasco.webp 582w, https:\/\/www.gaveanews.com\/wp-content\/uploads\/Paulinho-Paula-e-apresentado-pelo-Vasco-300x266.webp 300w, https:\/\/www.gaveanews.com\/wp-content\/uploads\/Paulinho-Paula-e-apresentado-pelo-Vasco-474x420.webp 474w, https:\/\/www.gaveanews.com\/wp-content\/uploads\/Paulinho-Paula-e-apresentado-pelo-Vasco-100x89.webp 100w\" sizes=\"auto, (max-width: 582px) 100vw, 582px\" \/><figcaption class=\"wp-element-caption\">Paulinho Paula \u00e9 apresentado pelo Vasco (Foto: Daniel Ramalho\/Vasco)<\/figcaption><\/figure>\n\n\n\n<h2 class=\"wp-block-heading\" id=\"h-philippe-coutinho\">Philippe Coutinho<\/h2>\n\n\n\n<p>O cria da Colina retornou ao clube 14 anos depois que saiu rumo \u00e0 Europa e n\u00e3o conseguiu se readaptar em um primeiro momento. Ele se reapresentou junto do elenco e tem a confian\u00e7a da torcida para conduzir o Vasco \u00e0s conquistas em 2025.<\/p>\n\n\n\n<figure class=\"wp-block-image size-full\"><img loading=\"lazy\" decoding=\"async\" width=\"799\" height=\"533\" src=\"https:\/\/www.gaveanews.com\/wp-content\/uploads\/Philippe-Coutinho-durante-apresentacao-ao-Vasco-da-Gama-em-Sao-Januario.webp\" alt=\"\" class=\"wp-image-153282\" srcset=\"https:\/\/www.gaveanews.com\/wp-content\/uploads\/Philippe-Coutinho-durante-apresentacao-ao-Vasco-da-Gama-em-Sao-Januario.webp 799w, https:\/\/www.gaveanews.com\/wp-content\/uploads\/Philippe-Coutinho-durante-apresentacao-ao-Vasco-da-Gama-em-Sao-Januario-300x200.webp 300w, https:\/\/www.gaveanews.com\/wp-content\/uploads\/Philippe-Coutinho-durante-apresentacao-ao-Vasco-da-Gama-em-Sao-Januario-768x512.webp 768w, https:\/\/www.gaveanews.com\/wp-content\/uploads\/Philippe-Coutinho-durante-apresentacao-ao-Vasco-da-Gama-em-Sao-Januario-630x420.webp 630w, https:\/\/www.gaveanews.com\/wp-content\/uploads\/Philippe-Coutinho-durante-apresentacao-ao-Vasco-da-Gama-em-Sao-Januario-640x427.webp 640w, https:\/\/www.gaveanews.com\/wp-content\/uploads\/Philippe-Coutinho-durante-apresentacao-ao-Vasco-da-Gama-em-Sao-Januario-681x454.webp 681w, https:\/\/www.gaveanews.com\/wp-content\/uploads\/Philippe-Coutinho-durante-apresentacao-ao-Vasco-da-Gama-em-Sao-Januario-100x67.webp 100w\" sizes=\"auto, (max-width: 799px) 100vw, 799px\" \/><figcaption class=\"wp-element-caption\">Philippe Coutinho durante apresenta\u00e7\u00e3o ao Vasco da Gama em S\u00e3o Janu\u00e1rio (Foto: Reprodu\u00e7\u00e3o\/Vasco)<\/figcaption><\/figure>\n\n\n\n<h2 class=\"wp-block-heading\" id=\"h-david\">David<\/h2>\n\n\n\n<p>Mais um jogador que desfalcou o Vasco em 2024. O atacante foi adquirido junto ao Internacional e deve voltar a jogar nesta temporada. Com Carille, pode fazer uma dupla de atacantes com Vegetti.<\/p>\n\n\n\n<figure class=\"wp-block-image size-full\"><img loading=\"lazy\" decoding=\"async\" width=\"885\" height=\"627\" src=\"https:\/\/www.gaveanews.com\/wp-content\/uploads\/David-em-acao-pelo-Vasco.webp\" alt=\"\" class=\"wp-image-170701\" srcset=\"https:\/\/www.gaveanews.com\/wp-content\/uploads\/David-em-acao-pelo-Vasco.webp 885w, https:\/\/www.gaveanews.com\/wp-content\/uploads\/David-em-acao-pelo-Vasco-300x213.webp 300w, https:\/\/www.gaveanews.com\/wp-content\/uploads\/David-em-acao-pelo-Vasco-768x544.webp 768w, https:\/\/www.gaveanews.com\/wp-content\/uploads\/David-em-acao-pelo-Vasco-593x420.webp 593w, https:\/\/www.gaveanews.com\/wp-content\/uploads\/David-em-acao-pelo-Vasco-640x453.webp 640w, https:\/\/www.gaveanews.com\/wp-content\/uploads\/David-em-acao-pelo-Vasco-681x482.webp 681w, https:\/\/www.gaveanews.com\/wp-content\/uploads\/David-em-acao-pelo-Vasco-100x71.webp 100w\" sizes=\"auto, (max-width: 885px) 100vw, 885px\" \/><figcaption class=\"wp-element-caption\">David em a\u00e7\u00e3o pelo Vasco (Foto: Leandro Amorim\/Vasco)<\/figcaption><\/figure>\n\n\n\n<h2 class=\"wp-block-heading\" id=\"h-vegetti\">Vegetti<\/h2>\n\n\n\n<p>Capit\u00e3o e artilheiro da equipe, Pablo Vegetti caiu nas gra\u00e7as do torcedor pela postura em campo. Al\u00e9m, claro, da capacidade de fazer gols. Foram 23 gols e tr\u00eas assist\u00eancias em 54 jogos na temporada passada.<\/p>\n\n\n\n<figure class=\"wp-block-image size-full\"><img loading=\"lazy\" decoding=\"async\" width=\"900\" height=\"600\" src=\"https:\/\/www.gaveanews.com\/wp-content\/uploads\/Pablo-Vegetti-em-acao-pelo-Vasco.avif\" alt=\"\" class=\"wp-image-146070\"\/><figcaption class=\"wp-element-caption\">Pablo Vegetti em a\u00e7\u00e3o pelo Vasco (Foto: Leandro Amorim\/Vasco)<\/figcaption><\/figure>\n","protected":false},"excerpt":{"rendered":"<p>A temporada est\u00e1 para come\u00e7ar com as disputas dos campeonatos estaduais. Enquanto v\u00e1rios times j\u00e1 se reapresentaram e j\u00e1 iniciaram a pr\u00e9-temporada, se especula qual time ideal para 2025. Assim, o G\u00e1vea News analisou as contrata\u00e7\u00f5es e os jogadores que se reapresentaram nesse in\u00edcio de temporada para levantar qual seria a escala\u00e7\u00e3o ideal do Vasco, [&hellip;]<\/p>\n","protected":false},"author":29,"featured_media":161261,"comment_status":"open","ping_status":"closed","sticky":false,"template":"","format":"standard","meta":{"footnotes":""},"categories":[152],"tags":[],"class_list":["post-211502","post","type-post","status-publish","format-standard","has-post-thumbnail","hentry","category-vasco"],"yoast_head":"<!-- This site is optimized with the Yoast SEO Premium plugin v24.2 (Yoast SEO v26.9) - https:\/\/yoast.com\/product\/yoast-seo-premium-wordpress\/ -->\n<title>L\u00e9o Jardim, Paulo Henrique, Maur\u00edcio Lemos, Jo\u00e3o Victor, Lucas Piton, Tch\u00ea Tch\u00ea, Jair, Paulinho, Philippe Coutinho, David e Vegetti: a escala\u00e7\u00e3o ideal do Vasco para 2025<\/title>\n<meta name=\"robots\" content=\"index, follow, max-snippet:-1, max-image-preview:large, max-video-preview:-1\" \/>\n<link rel=\"canonical\" href=\"https:\/\/www.gaveanews.com\/index.php\/2025\/01\/12\/leo-jardim-paulo-henrique-mauricio-lemos-joao-victor-lucas-piton-tche-tche-jair-paulinho-philippe-coutinho-david-e-vegetti-a-escalacao-ideal-do-vasco-para-2025\/\" \/>\n<meta property=\"og:locale\" content=\"pt_BR\" \/>\n<meta property=\"og:type\" content=\"article\" \/>\n<meta property=\"og:title\" content=\"L\u00e9o Jardim, Paulo Henrique, Maur\u00edcio Lemos, Jo\u00e3o Victor, Lucas Piton, Tch\u00ea Tch\u00ea, Jair, Paulinho, Philippe Coutinho, David e Vegetti: a escala\u00e7\u00e3o ideal do Vasco para 2025\" \/>\n<meta property=\"og:description\" content=\"A temporada est\u00e1 para come\u00e7ar com as disputas dos campeonatos estaduais. Enquanto v\u00e1rios times j\u00e1 se reapresentaram e j\u00e1 iniciaram a pr\u00e9-temporada, se especula qual time ideal para 2025. Assim, o G\u00e1vea News analisou as contrata\u00e7\u00f5es e os jogadores que se reapresentaram nesse in\u00edcio de temporada para levantar qual seria a escala\u00e7\u00e3o ideal do Vasco, [&hellip;]\" \/>\n<meta property=\"og:url\" content=\"https:\/\/www.gaveanews.com\/index.php\/2025\/01\/12\/leo-jardim-paulo-henrique-mauricio-lemos-joao-victor-lucas-piton-tche-tche-jair-paulinho-philippe-coutinho-david-e-vegetti-a-escalacao-ideal-do-vasco-para-2025\/\" \/>\n<meta property=\"og:site_name\" content=\"G\u00e1vea News\" \/>\n<meta property=\"article:publisher\" content=\"https:\/\/facebook.com\/gaveaNews\/\" \/>\n<meta property=\"article:published_time\" content=\"2025-01-12T23:55:50+00:00\" \/>\n<meta property=\"og:image\" content=\"https:\/\/www.gaveanews.com\/wp-content\/uploads\/Camisa-do-Vasco-2024.webp\" \/>\n\t<meta property=\"og:image:width\" content=\"1059\" \/>\n\t<meta property=\"og:image:height\" content=\"794\" \/>\n\t<meta property=\"og:image:type\" content=\"image\/webp\" \/>\n<meta name=\"author\" content=\"Marco Menezes\" \/>\n<meta name=\"twitter:card\" content=\"summary_large_image\" \/>\n<meta name=\"twitter:label1\" content=\"Escrito por\" \/>\n\t<meta name=\"twitter:data1\" content=\"Marco Menezes\" \/>\n\t<meta name=\"twitter:label2\" content=\"Est. tempo de leitura\" \/>\n\t<meta name=\"twitter:data2\" content=\"6 minutos\" \/>\n<script type=\"application\/ld+json\" class=\"yoast-schema-graph\">{\"@context\":\"https:\/\/schema.org\",\"@graph\":[{\"@type\":\"NewsArticle\",\"@id\":\"https:\/\/www.gaveanews.com\/index.php\/2025\/01\/12\/leo-jardim-paulo-henrique-mauricio-lemos-joao-victor-lucas-piton-tche-tche-jair-paulinho-philippe-coutinho-david-e-vegetti-a-escalacao-ideal-do-vasco-para-2025\/#article\",\"isPartOf\":{\"@id\":\"https:\/\/www.gaveanews.com\/index.php\/2025\/01\/12\/leo-jardim-paulo-henrique-mauricio-lemos-joao-victor-lucas-piton-tche-tche-jair-paulinho-philippe-coutinho-david-e-vegetti-a-escalacao-ideal-do-vasco-para-2025\/\"},\"author\":{\"name\":\"Marco Menezes\",\"@id\":\"https:\/\/www.gaveanews.com\/#\/schema\/person\/a9f62fe75380c6bada1b2fc49bc23d69\"},\"headline\":\"L\u00e9o Jardim, Paulo Henrique, Maur\u00edcio Lemos, Jo\u00e3o Victor, Lucas Piton, Tch\u00ea Tch\u00ea, Jair, Paulinho, Philippe Coutinho, David e Vegetti: a escala\u00e7\u00e3o ideal do Vasco para 2025\",\"datePublished\":\"2025-01-12T23:55:50+00:00\",\"mainEntityOfPage\":{\"@id\":\"https:\/\/www.gaveanews.com\/index.php\/2025\/01\/12\/leo-jardim-paulo-henrique-mauricio-lemos-joao-victor-lucas-piton-tche-tche-jair-paulinho-philippe-coutinho-david-e-vegetti-a-escalacao-ideal-do-vasco-para-2025\/\"},\"wordCount\":732,\"commentCount\":0,\"image\":{\"@id\":\"https:\/\/www.gaveanews.com\/index.php\/2025\/01\/12\/leo-jardim-paulo-henrique-mauricio-lemos-joao-victor-lucas-piton-tche-tche-jair-paulinho-philippe-coutinho-david-e-vegetti-a-escalacao-ideal-do-vasco-para-2025\/#primaryimage\"},\"thumbnailUrl\":\"https:\/\/www.gaveanews.com\/wp-content\/uploads\/Camisa-do-Vasco-2024.webp\",\"articleSection\":[\"Vasco\"],\"inLanguage\":\"pt-BR\",\"potentialAction\":[{\"@type\":\"CommentAction\",\"name\":\"Comment\",\"target\":[\"https:\/\/www.gaveanews.com\/index.php\/2025\/01\/12\/leo-jardim-paulo-henrique-mauricio-lemos-joao-victor-lucas-piton-tche-tche-jair-paulinho-philippe-coutinho-david-e-vegetti-a-escalacao-ideal-do-vasco-para-2025\/#respond\"]}],\"copyrightYear\":\"2025\",\"copyrightHolder\":{\"@id\":\"https:\/\/www.gaveanews.com\/#organization\"}},{\"@type\":\"WebPage\",\"@id\":\"https:\/\/www.gaveanews.com\/index.php\/2025\/01\/12\/leo-jardim-paulo-henrique-mauricio-lemos-joao-victor-lucas-piton-tche-tche-jair-paulinho-philippe-coutinho-david-e-vegetti-a-escalacao-ideal-do-vasco-para-2025\/\",\"url\":\"https:\/\/www.gaveanews.com\/index.php\/2025\/01\/12\/leo-jardim-paulo-henrique-mauricio-lemos-joao-victor-lucas-piton-tche-tche-jair-paulinho-philippe-coutinho-david-e-vegetti-a-escalacao-ideal-do-vasco-para-2025\/\",\"name\":\"L\u00e9o Jardim, Paulo Henrique, Maur\u00edcio Lemos, Jo\u00e3o Victor, Lucas Piton, Tch\u00ea Tch\u00ea, Jair, Paulinho, Philippe Coutinho, David e Vegetti: a escala\u00e7\u00e3o ideal do Vasco para 2025\",\"isPartOf\":{\"@id\":\"https:\/\/www.gaveanews.com\/#website\"},\"primaryImageOfPage\":{\"@id\":\"https:\/\/www.gaveanews.com\/index.php\/2025\/01\/12\/leo-jardim-paulo-henrique-mauricio-lemos-joao-victor-lucas-piton-tche-tche-jair-paulinho-philippe-coutinho-david-e-vegetti-a-escalacao-ideal-do-vasco-para-2025\/#primaryimage\"},\"image\":{\"@id\":\"https:\/\/www.gaveanews.com\/index.php\/2025\/01\/12\/leo-jardim-paulo-henrique-mauricio-lemos-joao-victor-lucas-piton-tche-tche-jair-paulinho-philippe-coutinho-david-e-vegetti-a-escalacao-ideal-do-vasco-para-2025\/#primaryimage\"},\"thumbnailUrl\":\"https:\/\/www.gaveanews.com\/wp-content\/uploads\/Camisa-do-Vasco-2024.webp\",\"datePublished\":\"2025-01-12T23:55:50+00:00\",\"author\":{\"@id\":\"https:\/\/www.gaveanews.com\/#\/schema\/person\/a9f62fe75380c6bada1b2fc49bc23d69\"},\"breadcrumb\":{\"@id\":\"https:\/\/www.gaveanews.com\/index.php\/2025\/01\/12\/leo-jardim-paulo-henrique-mauricio-lemos-joao-victor-lucas-piton-tche-tche-jair-paulinho-philippe-coutinho-david-e-vegetti-a-escalacao-ideal-do-vasco-para-2025\/#breadcrumb\"},\"inLanguage\":\"pt-BR\",\"potentialAction\":[{\"@type\":\"ReadAction\",\"target\":[\"https:\/\/www.gaveanews.com\/index.php\/2025\/01\/12\/leo-jardim-paulo-henrique-mauricio-lemos-joao-victor-lucas-piton-tche-tche-jair-paulinho-philippe-coutinho-david-e-vegetti-a-escalacao-ideal-do-vasco-para-2025\/\"]}]},{\"@type\":\"ImageObject\",\"inLanguage\":\"pt-BR\",\"@id\":\"https:\/\/www.gaveanews.com\/index.php\/2025\/01\/12\/leo-jardim-paulo-henrique-mauricio-lemos-joao-victor-lucas-piton-tche-tche-jair-paulinho-philippe-coutinho-david-e-vegetti-a-escalacao-ideal-do-vasco-para-2025\/#primaryimage\",\"url\":\"https:\/\/www.gaveanews.com\/wp-content\/uploads\/Camisa-do-Vasco-2024.webp\",\"contentUrl\":\"https:\/\/www.gaveanews.com\/wp-content\/uploads\/Camisa-do-Vasco-2024.webp\",\"width\":1059,\"height\":794,\"caption\":\"Camisa do Vasco 2024 (Foto: Reprodu\u00e7\u00e3o\/Instagram)\"},{\"@type\":\"BreadcrumbList\",\"@id\":\"https:\/\/www.gaveanews.com\/index.php\/2025\/01\/12\/leo-jardim-paulo-henrique-mauricio-lemos-joao-victor-lucas-piton-tche-tche-jair-paulinho-philippe-coutinho-david-e-vegetti-a-escalacao-ideal-do-vasco-para-2025\/#breadcrumb\",\"itemListElement\":[{\"@type\":\"ListItem\",\"position\":1,\"name\":\"Home\",\"item\":\"https:\/\/www.gaveanews.com\/\"},{\"@type\":\"ListItem\",\"position\":2,\"name\":\"L\u00e9o Jardim, Paulo Henrique, Maur\u00edcio Lemos, Jo\u00e3o Victor, Lucas Piton, Tch\u00ea Tch\u00ea, Jair, Paulinho, Philippe Coutinho, David e Vegetti: a escala\u00e7\u00e3o ideal do Vasco para 2025\"}]},{\"@type\":\"WebSite\",\"@id\":\"https:\/\/www.gaveanews.com\/#website\",\"url\":\"https:\/\/www.gaveanews.com\/\",\"name\":\"G\u00e1vea News\",\"description\":\"Veja todas as not\u00edcias sobre o Flamengo: Contrata\u00e7\u00f5es, categorias de base, resultados das partidas, tabela de classifica\u00e7\u00e3o, pr\u00f3ximos jogos!\",\"potentialAction\":[{\"@type\":\"SearchAction\",\"target\":{\"@type\":\"EntryPoint\",\"urlTemplate\":\"https:\/\/www.gaveanews.com\/?s={search_term_string}\"},\"query-input\":{\"@type\":\"PropertyValueSpecification\",\"valueRequired\":true,\"valueName\":\"search_term_string\"}}],\"inLanguage\":\"pt-BR\"},{\"@type\":\"Person\",\"@id\":\"https:\/\/www.gaveanews.com\/#\/schema\/person\/a9f62fe75380c6bada1b2fc49bc23d69\",\"name\":\"Marco Menezes\",\"image\":{\"@type\":\"ImageObject\",\"inLanguage\":\"pt-BR\",\"@id\":\"https:\/\/www.gaveanews.com\/#\/schema\/person\/image\/\",\"url\":\"https:\/\/secure.gravatar.com\/avatar\/a1d148ae17fc8bfc5dbccffd07979e8bd2c9ba494221779de86ec2c7907b71ec?s=96&d=mm&r=g\",\"contentUrl\":\"https:\/\/secure.gravatar.com\/avatar\/a1d148ae17fc8bfc5dbccffd07979e8bd2c9ba494221779de86ec2c7907b71ec?s=96&d=mm&r=g\",\"caption\":\"Marco Menezes\"}}]}<\/script>\n<!-- \/ Yoast SEO Premium plugin. -->","yoast_head_json":{"title":"L\u00e9o Jardim, Paulo Henrique, Maur\u00edcio Lemos, Jo\u00e3o Victor, Lucas Piton, Tch\u00ea Tch\u00ea, Jair, Paulinho, Philippe Coutinho, David e Vegetti: a escala\u00e7\u00e3o ideal do Vasco para 2025","robots":{"index":"index","follow":"follow","max-snippet":"max-snippet:-1","max-image-preview":"max-image-preview:large","max-video-preview":"max-video-preview:-1"},"canonical":"https:\/\/www.gaveanews.com\/index.php\/2025\/01\/12\/leo-jardim-paulo-henrique-mauricio-lemos-joao-victor-lucas-piton-tche-tche-jair-paulinho-philippe-coutinho-david-e-vegetti-a-escalacao-ideal-do-vasco-para-2025\/","og_locale":"pt_BR","og_type":"article","og_title":"L\u00e9o Jardim, Paulo Henrique, Maur\u00edcio Lemos, Jo\u00e3o Victor, Lucas Piton, Tch\u00ea Tch\u00ea, Jair, Paulinho, Philippe Coutinho, David e Vegetti: a escala\u00e7\u00e3o ideal do Vasco para 2025","og_description":"A temporada est\u00e1 para come\u00e7ar com as disputas dos campeonatos estaduais. Enquanto v\u00e1rios times j\u00e1 se reapresentaram e j\u00e1 iniciaram a pr\u00e9-temporada, se especula qual time ideal para 2025. Assim, o G\u00e1vea News analisou as contrata\u00e7\u00f5es e os jogadores que se reapresentaram nesse in\u00edcio de temporada para levantar qual seria a escala\u00e7\u00e3o ideal do Vasco, [&hellip;]","og_url":"https:\/\/www.gaveanews.com\/index.php\/2025\/01\/12\/leo-jardim-paulo-henrique-mauricio-lemos-joao-victor-lucas-piton-tche-tche-jair-paulinho-philippe-coutinho-david-e-vegetti-a-escalacao-ideal-do-vasco-para-2025\/","og_site_name":"G\u00e1vea News","article_publisher":"https:\/\/facebook.com\/gaveaNews\/","article_published_time":"2025-01-12T23:55:50+00:00","og_image":[{"width":1059,"height":794,"url":"https:\/\/www.gaveanews.com\/wp-content\/uploads\/Camisa-do-Vasco-2024.webp","type":"image\/webp"}],"author":"Marco Menezes","twitter_card":"summary_large_image","twitter_misc":{"Escrito por":"Marco Menezes","Est. tempo de leitura":"6 minutos"},"schema":{"@context":"https:\/\/schema.org","@graph":[{"@type":"NewsArticle","@id":"https:\/\/www.gaveanews.com\/index.php\/2025\/01\/12\/leo-jardim-paulo-henrique-mauricio-lemos-joao-victor-lucas-piton-tche-tche-jair-paulinho-philippe-coutinho-david-e-vegetti-a-escalacao-ideal-do-vasco-para-2025\/#article","isPartOf":{"@id":"https:\/\/www.gaveanews.com\/index.php\/2025\/01\/12\/leo-jardim-paulo-henrique-mauricio-lemos-joao-victor-lucas-piton-tche-tche-jair-paulinho-philippe-coutinho-david-e-vegetti-a-escalacao-ideal-do-vasco-para-2025\/"},"author":{"name":"Marco Menezes","@id":"https:\/\/www.gaveanews.com\/#\/schema\/person\/a9f62fe75380c6bada1b2fc49bc23d69"},"headline":"L\u00e9o Jardim, Paulo Henrique, Maur\u00edcio Lemos, Jo\u00e3o Victor, Lucas Piton, Tch\u00ea Tch\u00ea, Jair, Paulinho, Philippe Coutinho, David e Vegetti: a escala\u00e7\u00e3o ideal do Vasco para 2025","datePublished":"2025-01-12T23:55:50+00:00","mainEntityOfPage":{"@id":"https:\/\/www.gaveanews.com\/index.php\/2025\/01\/12\/leo-jardim-paulo-henrique-mauricio-lemos-joao-victor-lucas-piton-tche-tche-jair-paulinho-philippe-coutinho-david-e-vegetti-a-escalacao-ideal-do-vasco-para-2025\/"},"wordCount":732,"commentCount":0,"image":{"@id":"https:\/\/www.gaveanews.com\/index.php\/2025\/01\/12\/leo-jardim-paulo-henrique-mauricio-lemos-joao-victor-lucas-piton-tche-tche-jair-paulinho-philippe-coutinho-david-e-vegetti-a-escalacao-ideal-do-vasco-para-2025\/#primaryimage"},"thumbnailUrl":"https:\/\/www.gaveanews.com\/wp-content\/uploads\/Camisa-do-Vasco-2024.webp","articleSection":["Vasco"],"inLanguage":"pt-BR","potentialAction":[{"@type":"CommentAction","name":"Comment","target":["https:\/\/www.gaveanews.com\/index.php\/2025\/01\/12\/leo-jardim-paulo-henrique-mauricio-lemos-joao-victor-lucas-piton-tche-tche-jair-paulinho-philippe-coutinho-david-e-vegetti-a-escalacao-ideal-do-vasco-para-2025\/#respond"]}],"copyrightYear":"2025","copyrightHolder":{"@id":"https:\/\/www.gaveanews.com\/#organization"}},{"@type":"WebPage","@id":"https:\/\/www.gaveanews.com\/index.php\/2025\/01\/12\/leo-jardim-paulo-henrique-mauricio-lemos-joao-victor-lucas-piton-tche-tche-jair-paulinho-philippe-coutinho-david-e-vegetti-a-escalacao-ideal-do-vasco-para-2025\/","url":"https:\/\/www.gaveanews.com\/index.php\/2025\/01\/12\/leo-jardim-paulo-henrique-mauricio-lemos-joao-victor-lucas-piton-tche-tche-jair-paulinho-philippe-coutinho-david-e-vegetti-a-escalacao-ideal-do-vasco-para-2025\/","name":"L\u00e9o Jardim, Paulo Henrique, Maur\u00edcio Lemos, Jo\u00e3o Victor, Lucas Piton, Tch\u00ea Tch\u00ea, Jair, Paulinho, Philippe Coutinho, David e Vegetti: a escala\u00e7\u00e3o ideal do Vasco para 2025","isPartOf":{"@id":"https:\/\/www.gaveanews.com\/#website"},"primaryImageOfPage":{"@id":"https:\/\/www.gaveanews.com\/index.php\/2025\/01\/12\/leo-jardim-paulo-henrique-mauricio-lemos-joao-victor-lucas-piton-tche-tche-jair-paulinho-philippe-coutinho-david-e-vegetti-a-escalacao-ideal-do-vasco-para-2025\/#primaryimage"},"image":{"@id":"https:\/\/www.gaveanews.com\/index.php\/2025\/01\/12\/leo-jardim-paulo-henrique-mauricio-lemos-joao-victor-lucas-piton-tche-tche-jair-paulinho-philippe-coutinho-david-e-vegetti-a-escalacao-ideal-do-vasco-para-2025\/#primaryimage"},"thumbnailUrl":"https:\/\/www.gaveanews.com\/wp-content\/uploads\/Camisa-do-Vasco-2024.webp","datePublished":"2025-01-12T23:55:50+00:00","author":{"@id":"https:\/\/www.gaveanews.com\/#\/schema\/person\/a9f62fe75380c6bada1b2fc49bc23d69"},"breadcrumb":{"@id":"https:\/\/www.gaveanews.com\/index.php\/2025\/01\/12\/leo-jardim-paulo-henrique-mauricio-lemos-joao-victor-lucas-piton-tche-tche-jair-paulinho-philippe-coutinho-david-e-vegetti-a-escalacao-ideal-do-vasco-para-2025\/#breadcrumb"},"inLanguage":"pt-BR","potentialAction":[{"@type":"ReadAction","target":["https:\/\/www.gaveanews.com\/index.php\/2025\/01\/12\/leo-jardim-paulo-henrique-mauricio-lemos-joao-victor-lucas-piton-tche-tche-jair-paulinho-philippe-coutinho-david-e-vegetti-a-escalacao-ideal-do-vasco-para-2025\/"]}]},{"@type":"ImageObject","inLanguage":"pt-BR","@id":"https:\/\/www.gaveanews.com\/index.php\/2025\/01\/12\/leo-jardim-paulo-henrique-mauricio-lemos-joao-victor-lucas-piton-tche-tche-jair-paulinho-philippe-coutinho-david-e-vegetti-a-escalacao-ideal-do-vasco-para-2025\/#primaryimage","url":"https:\/\/www.gaveanews.com\/wp-content\/uploads\/Camisa-do-Vasco-2024.webp","contentUrl":"https:\/\/www.gaveanews.com\/wp-content\/uploads\/Camisa-do-Vasco-2024.webp","width":1059,"height":794,"caption":"Camisa do Vasco 2024 (Foto: Reprodu\u00e7\u00e3o\/Instagram)"},{"@type":"BreadcrumbList","@id":"https:\/\/www.gaveanews.com\/index.php\/2025\/01\/12\/leo-jardim-paulo-henrique-mauricio-lemos-joao-victor-lucas-piton-tche-tche-jair-paulinho-philippe-coutinho-david-e-vegetti-a-escalacao-ideal-do-vasco-para-2025\/#breadcrumb","itemListElement":[{"@type":"ListItem","position":1,"name":"Home","item":"https:\/\/www.gaveanews.com\/"},{"@type":"ListItem","position":2,"name":"L\u00e9o Jardim, Paulo Henrique, Maur\u00edcio Lemos, Jo\u00e3o Victor, Lucas Piton, Tch\u00ea Tch\u00ea, Jair, Paulinho, Philippe Coutinho, David e Vegetti: a escala\u00e7\u00e3o ideal do Vasco para 2025"}]},{"@type":"WebSite","@id":"https:\/\/www.gaveanews.com\/#website","url":"https:\/\/www.gaveanews.com\/","name":"G\u00e1vea News","description":"Veja todas as not\u00edcias sobre o Flamengo: Contrata\u00e7\u00f5es, categorias de base, resultados das partidas, tabela de classifica\u00e7\u00e3o, pr\u00f3ximos jogos!","potentialAction":[{"@type":"SearchAction","target":{"@type":"EntryPoint","urlTemplate":"https:\/\/www.gaveanews.com\/?s={search_term_string}"},"query-input":{"@type":"PropertyValueSpecification","valueRequired":true,"valueName":"search_term_string"}}],"inLanguage":"pt-BR"},{"@type":"Person","@id":"https:\/\/www.gaveanews.com\/#\/schema\/person\/a9f62fe75380c6bada1b2fc49bc23d69","name":"Marco Menezes","image":{"@type":"ImageObject","inLanguage":"pt-BR","@id":"https:\/\/www.gaveanews.com\/#\/schema\/person\/image\/","url":"https:\/\/secure.gravatar.com\/avatar\/a1d148ae17fc8bfc5dbccffd07979e8bd2c9ba494221779de86ec2c7907b71ec?s=96&d=mm&r=g","contentUrl":"https:\/\/secure.gravatar.com\/avatar\/a1d148ae17fc8bfc5dbccffd07979e8bd2c9ba494221779de86ec2c7907b71ec?s=96&d=mm&r=g","caption":"Marco Menezes"}}]}},"_links":{"self":[{"href":"https:\/\/www.gaveanews.com\/index.php\/wp-json\/wp\/v2\/posts\/211502","targetHints":{"allow":["GET"]}}],"collection":[{"href":"https:\/\/www.gaveanews.com\/index.php\/wp-json\/wp\/v2\/posts"}],"about":[{"href":"https:\/\/www.gaveanews.com\/index.php\/wp-json\/wp\/v2\/types\/post"}],"author":[{"embeddable":true,"href":"https:\/\/www.gaveanews.com\/index.php\/wp-json\/wp\/v2\/users\/29"}],"replies":[{"embeddable":true,"href":"https:\/\/www.gaveanews.com\/index.php\/wp-json\/wp\/v2\/comments?post=211502"}],"version-history":[{"count":1,"href":"https:\/\/www.gaveanews.com\/index.php\/wp-json\/wp\/v2\/posts\/211502\/revisions"}],"predecessor-version":[{"id":211510,"href":"https:\/\/www.gaveanews.com\/index.php\/wp-json\/wp\/v2\/posts\/211502\/revisions\/211510"}],"wp:featuredmedia":[{"embeddable":true,"href":"https:\/\/www.gaveanews.com\/index.php\/wp-json\/wp\/v2\/media\/161261"}],"wp:attachment":[{"href":"https:\/\/www.gaveanews.com\/index.php\/wp-json\/wp\/v2\/media?parent=211502"}],"wp:term":[{"taxonomy":"category","embeddable":true,"href":"https:\/\/www.gaveanews.com\/index.php\/wp-json\/wp\/v2\/categories?post=211502"},{"taxonomy":"post_tag","embeddable":true,"href":"https:\/\/www.gaveanews.com\/index.php\/wp-json\/wp\/v2\/tags?post=211502"}],"curies":[{"name":"wp","href":"https:\/\/api.w.org\/{rel}","templated":true}]}}